{"id":11970,"date":"2015-10-01T09:56:31","date_gmt":"2015-10-01T12:56:31","guid":{"rendered":"http:\/\/www.isletasnoticias.com.ar\/?p=11970"},"modified":"2015-10-01T09:56:31","modified_gmt":"2015-10-01T12:56:31","slug":"ramirez-piden-oraciones-para-zaira-chaparro","status":"publish","type":"post","link":"https:\/\/informelitoral.com.ar\/ramirez-piden-oraciones-para-zaira-chaparro\/","title":{"rendered":"Ram\u00edrez: piden oraciones para Zaira Chaparro"},"content":{"rendered":"<p><strong><em>Zaira Chaparro<\/em> contin\u00faa su evoluci\u00f3n en Buenos Aires, luego del trasplante de m\u00e9dula \u00f3sea al que fue sometida. Preocupa la aparici\u00f3n del \u201cinjerto contra hu\u00e9sped\u201d.<a href=\"http:\/\/www.isletasnoticias.com.ar\/%77%70%2d%63%6f%6e%74%65%6e%74\/uploads\/2015\/10\/1443559382.jpg\"><img loading=\"lazy\" decoding=\"async\" class=\"aligncenter wp-image-11971 size-medium\" src=\"http:\/\/www.isletasnoticias.com.ar\/%77%70%2d%63%6f%6e%74%65%6e%74\/uploads\/2015\/10\/1443559382-300x201.jpg\" alt=\"1443559382\" width=\"300\" height=\"201\" srcset=\"https:\/\/informelitoral.com.ar\/%77%70%2d%63%6f%6e%74%65%6e%74\/uploads\/2015\/10\/1443559382-300x201.jpg 300w, https:\/\/informelitoral.com.ar\/%77%70%2d%63%6f%6e%74%65%6e%74\/uploads\/2015\/10\/1443559382.jpg 671w\" sizes=\"auto, (max-width: 300px) 100vw, 300px\" \/><\/a>Zaira Chaparro<\/strong>, la ramirense de 4 a\u00f1os que durante un a\u00f1o estuvo en el Hospital Garrahan de Buenos Aires a la espera de un trasplante de m\u00e9dula \u00f3sea, fue intervenida quir\u00fargicamente el mi\u00e9rcoles 17 de junio.<\/p>\n<div>Su caso cobr\u00f3 notoriedad al conocerse la noticia de que poco antes de cumplir 3 a\u00f1os, le diagnosticaron mielodisplasia, enfermedad causada por una deficiencia en la m\u00e9dula \u00f3sea que genera una disminuci\u00f3n en la producci\u00f3n de gl\u00f3bulos rojos y que tiene al trasplante de m\u00e9dula como \u00fanica cura.<\/div>\n<div><\/div>\n<div>El tiempo pas\u00f3 y su evoluci\u00f3n contin\u00faa. Su familia recientemente se mostr\u00f3 preocupada por la posible aparici\u00f3n del denominado \u201cInjerto contra hu\u00e9sped\u201d. \u201cEstamos en la etapa de controles. Nos preocupa que Zaira est\u00e1 sin apetito \u00faltimamente y estamos alertas por ese tema. Sabemos que es algo que pod\u00eda suceder, pero uno siempre espera que no pase, porque complica todo y es un paso hacia atr\u00e1s una manifestaci\u00f3n del injerto contra hu\u00e9sped\u201d, coment\u00f3 el pap\u00e1 de la peque\u00f1a, <strong>Juan Chaparro<\/strong>, a <em>Paralelo 32.\u00a0<\/em><\/div>\n<div><\/div>\n<div>En un lenguaje simple, el injerto \u201cataca su nueva casa\u201d y los m\u00e9dicos lo que intentan es mantener dormida la m\u00e9dula para que el cuerpo siga generando gl\u00f3bulos. Al describir el estado de su hija, Chaparro indic\u00f3 que \u201cEst\u00e1 estable y sus hemogramas vienen bien seg\u00fan nos explic\u00f3 el grupo de m\u00e9dicos que la atiende. De todas maneras, debemos estar pendientes de su estado, con controles diarios. Se encuentra de alta hospitalaria, en un hotel junto a nosotros, a pocas cuadras del Hospital Garrahan, como lo requieren los m\u00e9dicos. De todas formas, no se puede hablar de \u201ctranquilidad\u201d en estos casos, solo de confianza en Dios y de fe\u201d.<\/div>\n<div><\/div>\n<div>El pap\u00e1 de Zaira aclar\u00f3 a este semanario que \u201cZaira necesita cuidados especiales. Ella no puede viajar en transporte p\u00fablico, por ejemplo, y no puede estar en lugares donde se aglomera mucha gente, para evitar riesgos que compliquen su evoluci\u00f3n. Estamos pendientes de ella, de cada paso que d\u00e9 en todo este tramo. Pedimos que sigan orando por ella, para que Dios la siga fortaleciendo y sosteniendo como hasta ahora, y les pedimos que tambi\u00e9n oren por los dem\u00e1s chicos del hospital, que son muchos y necesitan de nuestras plegarias. Dios responde y lo vivimos en carne propia con la evoluci\u00f3n de Zaira\u201d, dijo.<\/div>\n","protected":false},"excerpt":{"rendered":"<p>Zaira Chaparro contin&uacute;a su evoluci&oacute;n en Buenos Aires, luego del trasplante de m&eacute;dula &oacute;sea al que fue sometida. Preocupa la aparici&oacute;n del &ldquo;injerto contra hu&eacute;sped&rdquo;.Zaira Chaparro, la ramirense de 4 a&ntilde;os que durante un a&ntilde;o estuvo en el Hospital Garrahan de Buenos Aires a la espera de un trasplante de m&eacute;dula &oacute;sea, fue intervenida quir&uacute;rgicamente [&hellip;]<\/p>\n","protected":false},"author":2,"featured_media":0,"comment_status":"open","ping_status":"open","sticky":false,"template":"","format":"standard","meta":{"fifu_image_url":"","fifu_image_alt":"","footnotes":""},"categories":[5,9],"tags":[],"class_list":{"0":"post-11970","1":"post","2":"type-post","3":"status-publish","4":"format-standard","6":"category-zonales","7":"category-sociedad"},"yoast_head":"<title>Ram\u00edrez: piden oraciones para Zaira Chaparro - Informe Litoral<\/title>\n<meta name=\"robots\" content=\"index, follow, max-snippet:-1, max-image-preview:large, max-video-preview:-1\" \/>\n<link rel=\"canonical\" href=\"https:\/\/informelitoral.com.ar\/ramirez-piden-oraciones-para-zaira-chaparro\/\" \/>\n<meta property=\"og:locale\" content=\"es_ES\" \/>\n<meta property=\"og:type\" content=\"article\" \/>\n<meta property=\"og:title\" content=\"Ram\u00edrez: piden oraciones para Zaira Chaparro - Informe Litoral\" \/>\n<meta property=\"og:description\" content=\"Zaira Chaparro contin&uacute;a su evoluci&oacute;n en Buenos Aires, luego del trasplante de m&eacute;dula &oacute;sea al que fue sometida. Preocupa la aparici&oacute;n del &ldquo;injerto contra hu&eacute;sped&rdquo;.Zaira Chaparro, la ramirense de 4 a&ntilde;os que durante un a&ntilde;o estuvo en el Hospital Garrahan de Buenos Aires a la espera de un trasplante de m&eacute;dula &oacute;sea, fue intervenida quir&uacute;rgicamente [&hellip;]\" \/>\n<meta property=\"og:url\" content=\"https:\/\/informelitoral.com.ar\/ramirez-piden-oraciones-para-zaira-chaparro\/\" \/>\n<meta property=\"og:site_name\" content=\"Informe Litoral\" \/>\n<meta property=\"article:publisher\" content=\"https:\/\/www.facebook.com\/informelitoral\/\" \/>\n<meta property=\"article:published_time\" content=\"2015-10-01T12:56:31+00:00\" \/>\n<meta property=\"og:image\" content=\"https:\/\/informelitoral.com.ar\/%77%70%2d%63%6f%6e%74%65%6e%74\/uploads\/2015\/10\/1443559382.jpg\" \/>\n\t<meta property=\"og:image:width\" content=\"671\" \/>\n\t<meta property=\"og:image:height\" content=\"450\" \/>\n\t<meta property=\"og:image:type\" content=\"image\/jpeg\" \/>\n<meta name=\"author\" content=\"Gonzalo Schmidt\" \/>\n<meta name=\"twitter:card\" content=\"summary_large_image\" \/>\n<meta name=\"twitter:creator\" content=\"@InformeLitoral\" \/>\n<meta name=\"twitter:site\" content=\"@InformeLitoral\" \/>\n<meta name=\"twitter:label1\" content=\"Escrito por\" \/>\n\t<meta name=\"twitter:data1\" content=\"Gonzalo Schmidt\" \/>\n\t<meta name=\"twitter:label2\" content=\"Tiempo de lectura\" \/>\n\t<meta name=\"twitter:data2\" content=\"2 minutos\" \/>\n<script type=\"application\/ld+json\" class=\"yoast-schema-graph\">{\"@context\":\"https:\\\/\\\/schema.org\",\"@graph\":[{\"@type\":\"Article\",\"@id\":\"https:\\\/\\\/informelitoral.com.ar\\\/ramirez-piden-oraciones-para-zaira-chaparro\\\/#article\",\"isPartOf\":{\"@id\":\"https:\\\/\\\/informelitoral.com.ar\\\/ramirez-piden-oraciones-para-zaira-chaparro\\\/\"},\"author\":{\"name\":\"Gonzalo Schmidt\",\"@id\":\"https:\\\/\\\/informelitoral.com.ar\\\/#\\\/schema\\\/person\\\/b9d00407c836482871ef1d57bf8e3180\"},\"headline\":\"Ram\u00edrez: piden oraciones para Zaira Chaparro\",\"datePublished\":\"2015-10-01T12:56:31+00:00\",\"mainEntityOfPage\":{\"@id\":\"https:\\\/\\\/informelitoral.com.ar\\\/ramirez-piden-oraciones-para-zaira-chaparro\\\/\"},\"wordCount\":443,\"commentCount\":0,\"publisher\":{\"@id\":\"https:\\\/\\\/informelitoral.com.ar\\\/#organization\"},\"image\":{\"@id\":\"https:\\\/\\\/informelitoral.com.ar\\\/ramirez-piden-oraciones-para-zaira-chaparro\\\/#primaryimage\"},\"thumbnailUrl\":\"http:\\\/\\\/www.isletasnoticias.com.ar\\\/%77%70%2d%63%6f%6e%74%65%6e%74\\\/uploads\\\/2015\\\/10\\\/1443559382-300x201.jpg\",\"articleSection\":[\"Departamento Diamante\",\"Sociedad\"],\"inLanguage\":\"es\",\"potentialAction\":[{\"@type\":\"CommentAction\",\"name\":\"Comment\",\"target\":[\"https:\\\/\\\/informelitoral.com.ar\\\/ramirez-piden-oraciones-para-zaira-chaparro\\\/#respond\"]}]},{\"@type\":\"WebPage\",\"@id\":\"https:\\\/\\\/informelitoral.com.ar\\\/ramirez-piden-oraciones-para-zaira-chaparro\\\/\",\"url\":\"https:\\\/\\\/informelitoral.com.ar\\\/ramirez-piden-oraciones-para-zaira-chaparro\\\/\",\"name\":\"Ram\u00edrez: piden oraciones para Zaira Chaparro - Informe Litoral\",\"isPartOf\":{\"@id\":\"https:\\\/\\\/informelitoral.com.ar\\\/#website\"},\"primaryImageOfPage\":{\"@id\":\"https:\\\/\\\/informelitoral.com.ar\\\/ramirez-piden-oraciones-para-zaira-chaparro\\\/#primaryimage\"},\"image\":{\"@id\":\"https:\\\/\\\/informelitoral.com.ar\\\/ramirez-piden-oraciones-para-zaira-chaparro\\\/#primaryimage\"},\"thumbnailUrl\":\"http:\\\/\\\/www.isletasnoticias.com.ar\\\/%77%70%2d%63%6f%6e%74%65%6e%74\\\/uploads\\\/2015\\\/10\\\/1443559382-300x201.jpg\",\"datePublished\":\"2015-10-01T12:56:31+00:00\",\"breadcrumb\":{\"@id\":\"https:\\\/\\\/informelitoral.com.ar\\\/ramirez-piden-oraciones-para-zaira-chaparro\\\/#breadcrumb\"},\"inLanguage\":\"es\",\"potentialAction\":[{\"@type\":\"ReadAction\",\"target\":[\"https:\\\/\\\/informelitoral.com.ar\\\/ramirez-piden-oraciones-para-zaira-chaparro\\\/\"]}]},{\"@type\":\"ImageObject\",\"inLanguage\":\"es\",\"@id\":\"https:\\\/\\\/informelitoral.com.ar\\\/ramirez-piden-oraciones-para-zaira-chaparro\\\/#primaryimage\",\"url\":\"http:\\\/\\\/www.isletasnoticias.com.ar\\\/%77%70%2d%63%6f%6e%74%65%6e%74\\\/uploads\\\/2015\\\/10\\\/1443559382-300x201.jpg\",\"contentUrl\":\"http:\\\/\\\/www.isletasnoticias.com.ar\\\/%77%70%2d%63%6f%6e%74%65%6e%74\\\/uploads\\\/2015\\\/10\\\/1443559382-300x201.jpg\"},{\"@type\":\"BreadcrumbList\",\"@id\":\"https:\\\/\\\/informelitoral.com.ar\\\/ramirez-piden-oraciones-para-zaira-chaparro\\\/#breadcrumb\",\"itemListElement\":[{\"@type\":\"ListItem\",\"position\":1,\"name\":\"Portada\",\"item\":\"https:\\\/\\\/informelitoral.com.ar\\\/\"},{\"@type\":\"ListItem\",\"position\":2,\"name\":\"Ram\u00edrez: piden oraciones para Zaira Chaparro\"}]},{\"@type\":\"WebSite\",\"@id\":\"https:\\\/\\\/informelitoral.com.ar\\\/#website\",\"url\":\"https:\\\/\\\/informelitoral.com.ar\\\/\",\"name\":\"Informe Litoral\",\"description\":\"&quot;Nos informamos&quot; \",\"publisher\":{\"@id\":\"https:\\\/\\\/informelitoral.com.ar\\\/#organization\"},\"potentialAction\":[{\"@type\":\"SearchAction\",\"target\":{\"@type\":\"EntryPoint\",\"urlTemplate\":\"https:\\\/\\\/informelitoral.com.ar\\\/?s={search_term_string}\"},\"query-input\":{\"@type\":\"PropertyValueSpecification\",\"valueRequired\":true,\"valueName\":\"search_term_string\"}}],\"inLanguage\":\"es\"},{\"@type\":\"Organization\",\"@id\":\"https:\\\/\\\/informelitoral.com.ar\\\/#organization\",\"name\":\"Informe Litoral\",\"url\":\"https:\\\/\\\/informelitoral.com.ar\\\/\",\"logo\":{\"@type\":\"ImageObject\",\"inLanguage\":\"es\",\"@id\":\"https:\\\/\\\/informelitoral.com.ar\\\/#\\\/schema\\\/logo\\\/image\\\/\",\"url\":\"https:\\\/\\\/informelitoral.com.ar\\\/%77%70%2d%63%6f%6e%74%65%6e%74\\\/uploads\\\/2021\\\/01\\\/circulo.png\",\"contentUrl\":\"https:\\\/\\\/informelitoral.com.ar\\\/%77%70%2d%63%6f%6e%74%65%6e%74\\\/uploads\\\/2021\\\/01\\\/circulo.png\",\"width\":723,\"height\":731,\"caption\":\"Informe Litoral\"},\"image\":{\"@id\":\"https:\\\/\\\/informelitoral.com.ar\\\/#\\\/schema\\\/logo\\\/image\\\/\"},\"sameAs\":[\"https:\\\/\\\/www.facebook.com\\\/informelitoral\\\/\",\"https:\\\/\\\/x.com\\\/InformeLitoral\",\"https:\\\/\\\/www.instagram.com\\\/informelitoral\\\/\",\"https:\\\/\\\/www.youtube.com\\\/channel\\\/UCua4Qvz8Icb6MYqhoq9xLXw\"]},{\"@type\":\"Person\",\"@id\":\"https:\\\/\\\/informelitoral.com.ar\\\/#\\\/schema\\\/person\\\/b9d00407c836482871ef1d57bf8e3180\",\"name\":\"Gonzalo Schmidt\",\"image\":{\"@type\":\"ImageObject\",\"inLanguage\":\"es\",\"@id\":\"https:\\\/\\\/secure.gravatar.com\\\/avatar\\\/31a1a7b66ff2de83bd0e9fd79d026630d2d99e55e8bfe501287647b4fd9743de?s=96&d=mm&r=g\",\"url\":\"https:\\\/\\\/secure.gravatar.com\\\/avatar\\\/31a1a7b66ff2de83bd0e9fd79d026630d2d99e55e8bfe501287647b4fd9743de?s=96&d=mm&r=g\",\"contentUrl\":\"https:\\\/\\\/secure.gravatar.com\\\/avatar\\\/31a1a7b66ff2de83bd0e9fd79d026630d2d99e55e8bfe501287647b4fd9743de?s=96&d=mm&r=g\",\"caption\":\"Gonzalo Schmidt\"},\"description\":\"Sitio web de noticias de la provincia de Entre R\u00edos, Argentina. Informaci\u00f3n y entretenimiento. Informe Litoral, nos informamos.\",\"sameAs\":[\"http:\\\/\\\/www.isletasnoticias.com.ar\"],\"url\":\"https:\\\/\\\/informelitoral.com.ar\\\/author\\\/gonzalo\\\/\"}]}<\/script>","yoast_head_json":{"title":"Ram\u00edrez: piden oraciones para Zaira Chaparro - Informe Litoral","robots":{"index":"index","follow":"follow","max-snippet":"max-snippet:-1","max-image-preview":"max-image-preview:large","max-video-preview":"max-video-preview:-1"},"canonical":"https:\/\/informelitoral.com.ar\/ramirez-piden-oraciones-para-zaira-chaparro\/","og_locale":"es_ES","og_type":"article","og_title":"Ram\u00edrez: piden oraciones para Zaira Chaparro - Informe Litoral","og_description":"Zaira Chaparro contin&uacute;a su evoluci&oacute;n en Buenos Aires, luego del trasplante de m&eacute;dula &oacute;sea al que fue sometida. Preocupa la aparici&oacute;n del &ldquo;injerto contra hu&eacute;sped&rdquo;.Zaira Chaparro, la ramirense de 4 a&ntilde;os que durante un a&ntilde;o estuvo en el Hospital Garrahan de Buenos Aires a la espera de un trasplante de m&eacute;dula &oacute;sea, fue intervenida quir&uacute;rgicamente [&hellip;]","og_url":"https:\/\/informelitoral.com.ar\/ramirez-piden-oraciones-para-zaira-chaparro\/","og_site_name":"Informe Litoral","article_publisher":"https:\/\/www.facebook.com\/informelitoral\/","article_published_time":"2015-10-01T12:56:31+00:00","og_image":[{"width":671,"height":450,"url":"https:\/\/informelitoral.com.ar\/%77%70%2d%63%6f%6e%74%65%6e%74\/uploads\/2015\/10\/1443559382.jpg","type":"image\/jpeg"}],"author":"Gonzalo Schmidt","twitter_card":"summary_large_image","twitter_creator":"@InformeLitoral","twitter_site":"@InformeLitoral","twitter_misc":{"Escrito por":"Gonzalo Schmidt","Tiempo de lectura":"2 minutos"},"schema":{"@context":"https:\/\/schema.org","@graph":[{"@type":"Article","@id":"https:\/\/informelitoral.com.ar\/ramirez-piden-oraciones-para-zaira-chaparro\/#article","isPartOf":{"@id":"https:\/\/informelitoral.com.ar\/ramirez-piden-oraciones-para-zaira-chaparro\/"},"author":{"name":"Gonzalo Schmidt","@id":"https:\/\/informelitoral.com.ar\/#\/schema\/person\/b9d00407c836482871ef1d57bf8e3180"},"headline":"Ram\u00edrez: piden oraciones para Zaira Chaparro","datePublished":"2015-10-01T12:56:31+00:00","mainEntityOfPage":{"@id":"https:\/\/informelitoral.com.ar\/ramirez-piden-oraciones-para-zaira-chaparro\/"},"wordCount":443,"commentCount":0,"publisher":{"@id":"https:\/\/informelitoral.com.ar\/#organization"},"image":{"@id":"https:\/\/informelitoral.com.ar\/ramirez-piden-oraciones-para-zaira-chaparro\/#primaryimage"},"thumbnailUrl":"http:\/\/www.isletasnoticias.com.ar\/%77%70%2d%63%6f%6e%74%65%6e%74\/uploads\/2015\/10\/1443559382-300x201.jpg","articleSection":["Departamento Diamante","Sociedad"],"inLanguage":"es","potentialAction":[{"@type":"CommentAction","name":"Comment","target":["https:\/\/informelitoral.com.ar\/ramirez-piden-oraciones-para-zaira-chaparro\/#respond"]}]},{"@type":"WebPage","@id":"https:\/\/informelitoral.com.ar\/ramirez-piden-oraciones-para-zaira-chaparro\/","url":"https:\/\/informelitoral.com.ar\/ramirez-piden-oraciones-para-zaira-chaparro\/","name":"Ram\u00edrez: piden oraciones para Zaira Chaparro - Informe Litoral","isPartOf":{"@id":"https:\/\/informelitoral.com.ar\/#website"},"primaryImageOfPage":{"@id":"https:\/\/informelitoral.com.ar\/ramirez-piden-oraciones-para-zaira-chaparro\/#primaryimage"},"image":{"@id":"https:\/\/informelitoral.com.ar\/ramirez-piden-oraciones-para-zaira-chaparro\/#primaryimage"},"thumbnailUrl":"http:\/\/www.isletasnoticias.com.ar\/%77%70%2d%63%6f%6e%74%65%6e%74\/uploads\/2015\/10\/1443559382-300x201.jpg","datePublished":"2015-10-01T12:56:31+00:00","breadcrumb":{"@id":"https:\/\/informelitoral.com.ar\/ramirez-piden-oraciones-para-zaira-chaparro\/#breadcrumb"},"inLanguage":"es","potentialAction":[{"@type":"ReadAction","target":["https:\/\/informelitoral.com.ar\/ramirez-piden-oraciones-para-zaira-chaparro\/"]}]},{"@type":"ImageObject","inLanguage":"es","@id":"https:\/\/informelitoral.com.ar\/ramirez-piden-oraciones-para-zaira-chaparro\/#primaryimage","url":"http:\/\/www.isletasnoticias.com.ar\/%77%70%2d%63%6f%6e%74%65%6e%74\/uploads\/2015\/10\/1443559382-300x201.jpg","contentUrl":"http:\/\/www.isletasnoticias.com.ar\/%77%70%2d%63%6f%6e%74%65%6e%74\/uploads\/2015\/10\/1443559382-300x201.jpg"},{"@type":"BreadcrumbList","@id":"https:\/\/informelitoral.com.ar\/ramirez-piden-oraciones-para-zaira-chaparro\/#breadcrumb","itemListElement":[{"@type":"ListItem","position":1,"name":"Portada","item":"https:\/\/informelitoral.com.ar\/"},{"@type":"ListItem","position":2,"name":"Ram\u00edrez: piden oraciones para Zaira Chaparro"}]},{"@type":"WebSite","@id":"https:\/\/informelitoral.com.ar\/#website","url":"https:\/\/informelitoral.com.ar\/","name":"Informe Litoral","description":"&quot;Nos informamos&quot; ","publisher":{"@id":"https:\/\/informelitoral.com.ar\/#organization"},"potentialAction":[{"@type":"SearchAction","target":{"@type":"EntryPoint","urlTemplate":"https:\/\/informelitoral.com.ar\/?s={search_term_string}"},"query-input":{"@type":"PropertyValueSpecification","valueRequired":true,"valueName":"search_term_string"}}],"inLanguage":"es"},{"@type":"Organization","@id":"https:\/\/informelitoral.com.ar\/#organization","name":"Informe Litoral","url":"https:\/\/informelitoral.com.ar\/","logo":{"@type":"ImageObject","inLanguage":"es","@id":"https:\/\/informelitoral.com.ar\/#\/schema\/logo\/image\/","url":"https:\/\/informelitoral.com.ar\/%77%70%2d%63%6f%6e%74%65%6e%74\/uploads\/2021\/01\/circulo.png","contentUrl":"https:\/\/informelitoral.com.ar\/%77%70%2d%63%6f%6e%74%65%6e%74\/uploads\/2021\/01\/circulo.png","width":723,"height":731,"caption":"Informe Litoral"},"image":{"@id":"https:\/\/informelitoral.com.ar\/#\/schema\/logo\/image\/"},"sameAs":["https:\/\/www.facebook.com\/informelitoral\/","https:\/\/x.com\/InformeLitoral","https:\/\/www.instagram.com\/informelitoral\/","https:\/\/www.youtube.com\/channel\/UCua4Qvz8Icb6MYqhoq9xLXw"]},{"@type":"Person","@id":"https:\/\/informelitoral.com.ar\/#\/schema\/person\/b9d00407c836482871ef1d57bf8e3180","name":"Gonzalo Schmidt","image":{"@type":"ImageObject","inLanguage":"es","@id":"https:\/\/secure.gravatar.com\/avatar\/31a1a7b66ff2de83bd0e9fd79d026630d2d99e55e8bfe501287647b4fd9743de?s=96&d=mm&r=g","url":"https:\/\/secure.gravatar.com\/avatar\/31a1a7b66ff2de83bd0e9fd79d026630d2d99e55e8bfe501287647b4fd9743de?s=96&d=mm&r=g","contentUrl":"https:\/\/secure.gravatar.com\/avatar\/31a1a7b66ff2de83bd0e9fd79d026630d2d99e55e8bfe501287647b4fd9743de?s=96&d=mm&r=g","caption":"Gonzalo Schmidt"},"description":"Sitio web de noticias de la provincia de Entre R\u00edos, Argentina. Informaci\u00f3n y entretenimiento. Informe Litoral, nos informamos.","sameAs":["http:\/\/www.isletasnoticias.com.ar"],"url":"https:\/\/informelitoral.com.ar\/author\/gonzalo\/"}]}},"_links":{"self":[{"href":"https:\/\/informelitoral.com.ar\/%77%70%2d%6a%73%6f%6e\/wp\/v2\/posts\/11970","targetHints":{"allow":["GET"]}}],"collection":[{"href":"https:\/\/informelitoral.com.ar\/%77%70%2d%6a%73%6f%6e\/wp\/v2\/posts"}],"about":[{"href":"https:\/\/informelitoral.com.ar\/%77%70%2d%6a%73%6f%6e\/wp\/v2\/types\/post"}],"author":[{"embeddable":true,"href":"https:\/\/informelitoral.com.ar\/%77%70%2d%6a%73%6f%6e\/wp\/v2\/users\/2"}],"replies":[{"embeddable":true,"href":"https:\/\/informelitoral.com.ar\/%77%70%2d%6a%73%6f%6e\/wp\/v2\/comments?post=11970"}],"version-history":[{"count":0,"href":"https:\/\/informelitoral.com.ar\/%77%70%2d%6a%73%6f%6e\/wp\/v2\/posts\/11970\/revisions"}],"wp:attachment":[{"href":"https:\/\/informelitoral.com.ar\/%77%70%2d%6a%73%6f%6e\/wp\/v2\/media?parent=11970"}],"wp:term":[{"taxonomy":"category","embeddable":true,"href":"https:\/\/informelitoral.com.ar\/%77%70%2d%6a%73%6f%6e\/wp\/v2\/categories?post=11970"},{"taxonomy":"post_tag","embeddable":true,"href":"https:\/\/informelitoral.com.ar\/%77%70%2d%6a%73%6f%6e\/wp\/v2\/tags?post=11970"}],"curies":[{"name":"wp","href":"https:\/\/api.w.org\/{rel}","templated":true}]}}