{"id":11962,"date":"2015-09-29T23:23:18","date_gmt":"2015-09-30T02:23:18","guid":{"rendered":"http:\/\/www.isletasnoticias.com.ar\/?p=11962"},"modified":"2015-09-29T23:23:18","modified_gmt":"2015-09-30T02:23:18","slug":"luis-segura-y-marcelo-tinelli-seran-los-candidatos-a-presidente-de-la-afa","status":"publish","type":"post","link":"https:\/\/informelitoral.com.ar\/luis-segura-y-marcelo-tinelli-seran-los-candidatos-a-presidente-de-la-afa\/","title":{"rendered":"Luis Segura y Marcelo Tinelli ser\u00e1n los candidatos a presidente de la AFA"},"content":{"rendered":"<p><strong>El actual titular de la entidad de calle Viamonte y el conductor televisivo presentaron los avales y competir\u00e1n por el cargo. Todav\u00eda no est\u00e1 confirmada la fecha de las elecciones.<a href=\"http:\/\/www.isletasnoticias.com.ar\/%77%70%2d%63%6f%6e%74%65%6e%74\/uploads\/2015\/09\/0013453027.jpg\"><img loading=\"lazy\" decoding=\"async\" class=\"aligncenter wp-image-11963 size-medium\" src=\"http:\/\/www.isletasnoticias.com.ar\/%77%70%2d%63%6f%6e%74%65%6e%74\/uploads\/2015\/09\/0013453027-300x169.jpg\" alt=\"0013453027\" width=\"300\" height=\"169\" srcset=\"https:\/\/informelitoral.com.ar\/%77%70%2d%63%6f%6e%74%65%6e%74\/uploads\/2015\/09\/0013453027-300x169.jpg 300w, https:\/\/informelitoral.com.ar\/%77%70%2d%63%6f%6e%74%65%6e%74\/uploads\/2015\/09\/0013453027.jpg 770w\" sizes=\"auto, (max-width: 300px) 100vw, 300px\" \/><\/a><\/strong><span style=\"font-style: inherit; font-weight: inherit;\">El actual presidente de la AFA, <\/span><b><strong style=\"font-style: inherit;\">Luis Segura<\/strong><\/b><span style=\"font-style: inherit; font-weight: inherit;\">, y el conductor televisivo <\/span><b><strong style=\"font-style: inherit;\">Marcelo Tinelli<\/strong><\/b><span style=\"font-style: inherit; font-weight: inherit;\"> son los \u00fanicos dirigentes que contaron con los <\/span><b><strong style=\"font-style: inherit;\">7 avales necesarios para ser candidatos a presidente<\/strong><\/b><span style=\"font-style: inherit; font-weight: inherit;\">. Ambos recibieron el respaldo de la mayor\u00eda de los dirigentes que integran el Comit\u00e9 Ejecutivo.<\/span><\/p>\n<p><b><strong style=\"font-style: inherit;\"><span style=\"font-style: inherit; font-weight: inherit;\">Segura y Tinelli se enfrentar\u00e1n en las pr\u00f3ximas elecciones que a\u00fan no tienen una fecha definida<\/span><\/strong><\/b><span style=\"font-style: inherit; font-weight: inherit;\">. En principio se realizar\u00edan en el mes de diciembre aunque se estima que ser\u00e1n en los primeros meses del 2016. Los dos candidatos encabezar\u00e1n las reuniones en las que se defina la fecha.<\/span><\/p>\n<p><span style=\"font-style: inherit; font-weight: inherit;\">Hasta \u00faltimo momento se especul\u00f3 con que las elecciones tuvieran entre cuatro y cinco candidatos pero ninguno logr\u00f3 juntar los avales necesarios. <b><strong style=\"font-style: inherit;\">Alejandro Mar\u00f3n, Armando P\u00e9rez, Claudio \u00abChiqui\u00bb Tapia y V\u00edctor Blanco quedaron en el camino.<\/strong><\/b><\/span><\/p>\n<p><span style=\"font-style: inherit; font-weight: inherit;\">El actual mandatario de la Asociaci\u00f3n recibir\u00e1 el apoyo de los dirigentes m\u00e1s cercanos a <b><strong style=\"font-style: inherit;\">Julio Grondona<\/strong><\/b>mientras que <b><strong style=\"font-style: inherit;\">Tinelli tendr\u00e1 el apoyo de la mayor\u00eda de los clubes de la Primera Divisi\u00f3n<\/strong><\/b>. Ambos apostar\u00e1n a buscar consenso de cara a las pr\u00f3ximas elecciones.<\/span><\/p>\n<p><b><strong style=\"font-style: inherit;\"><span style=\"font-style: inherit; font-weight: inherit;\">El conductor logr\u00f3 juntar 10 avales mientras que Segura recaud\u00f3 12.<\/span><\/strong><\/b><span style=\"font-style: inherit; font-weight: inherit;\"> Con ese respaldo, oficializaron sus candidaturas en la reuni\u00f3n de Comit\u00e9 Ejecutivo. Armando P\u00e9rez, presidente de Belgrano, intent\u00f3 juntar los dos avales que le faltaban para presentarse, pero no lo logr\u00f3. <b><strong style=\"font-style: inherit;\">El principal apoyo de P\u00e9rez era el de Boca.<\/strong><\/b><\/span><\/p>\n<p><b><strong style=\"font-style: inherit;\"><span style=\"font-style: inherit; font-weight: inherit;\">\u00abChiqui\u00bb Tapia,<\/span><\/strong><\/b><span style=\"font-style: inherit; font-weight: inherit;\"> yerno de Hugo Moyano, <b><strong style=\"font-style: inherit;\">hab\u00eda conseguido 8 avales<\/strong><\/b> y estaba autorizado a presentarse pero durante el d\u00eda de hoy cambio de opci\u00f3n, y se inclin\u00f3 por <b><strong style=\"font-style: inherit;\">apoyar la lista que encabeza Luis Segura.<\/strong><\/b><\/span><\/p>\n<p><span style=\"font-style: inherit; font-weight: inherit;\">Las pr\u00f3ximas elecciones se realizar\u00edan durante la primera quincena de diciembre. A\u00fan no est\u00e1 determinada la fecha puntual. <b><strong style=\"font-style: inherit;\">El duelo por el sill\u00f3n de calle Viamonte ser\u00e1 entre Segura y Tinelli<\/strong><\/b>. Un mano a mano por la conducci\u00f3n de la AFA que busca un nuevo mandatario despu\u00e9s de la muerte de Julio Humberto Grondona. <em>(Playf\u00fatbol)<\/em><\/span><\/p>\n","protected":false},"excerpt":{"rendered":"<p>El actual titular de la entidad de calle Viamonte y el conductor televisivo presentaron los avales y competir&aacute;n por el cargo. Todav&iacute;a no est&aacute; confirmada la fecha de las elecciones.El actual presidente de la AFA, Luis Segura, y el conductor televisivo Marcelo Tinelli son los &uacute;nicos dirigentes que contaron con los 7 avales necesarios para [&hellip;]<\/p>\n","protected":false},"author":2,"featured_media":0,"comment_status":"open","ping_status":"open","sticky":false,"template":"","format":"standard","meta":{"fifu_image_url":"","fifu_image_alt":"","footnotes":""},"categories":[13],"tags":[],"class_list":{"0":"post-11962","1":"post","2":"type-post","3":"status-publish","4":"format-standard","6":"category-deportes"},"yoast_head":"<title>Luis Segura y Marcelo Tinelli ser\u00e1n los candidatos a presidente de la AFA - Informe Litoral<\/title>\n<meta name=\"robots\" content=\"index, follow, max-snippet:-1, max-image-preview:large, max-video-preview:-1\" \/>\n<link rel=\"canonical\" href=\"https:\/\/informelitoral.com.ar\/luis-segura-y-marcelo-tinelli-seran-los-candidatos-a-presidente-de-la-afa\/\" \/>\n<meta property=\"og:locale\" content=\"es_ES\" \/>\n<meta property=\"og:type\" content=\"article\" \/>\n<meta property=\"og:title\" content=\"Luis Segura y Marcelo Tinelli ser\u00e1n los candidatos a presidente de la AFA - Informe Litoral\" \/>\n<meta property=\"og:description\" content=\"El actual titular de la entidad de calle Viamonte y el conductor televisivo presentaron los avales y competir&aacute;n por el cargo. Todav&iacute;a no est&aacute; confirmada la fecha de las elecciones.El actual presidente de la AFA, Luis Segura, y el conductor televisivo Marcelo Tinelli son los &uacute;nicos dirigentes que contaron con los 7 avales necesarios para [&hellip;]\" \/>\n<meta property=\"og:url\" content=\"https:\/\/informelitoral.com.ar\/luis-segura-y-marcelo-tinelli-seran-los-candidatos-a-presidente-de-la-afa\/\" \/>\n<meta property=\"og:site_name\" content=\"Informe Litoral\" \/>\n<meta property=\"article:publisher\" content=\"https:\/\/www.facebook.com\/informelitoral\/\" \/>\n<meta property=\"article:published_time\" content=\"2015-09-30T02:23:18+00:00\" \/>\n<meta property=\"og:image\" content=\"https:\/\/informelitoral.com.ar\/%77%70%2d%63%6f%6e%74%65%6e%74\/uploads\/2015\/09\/0013453027.jpg\" \/>\n\t<meta property=\"og:image:width\" content=\"770\" \/>\n\t<meta property=\"og:image:height\" content=\"433\" \/>\n\t<meta property=\"og:image:type\" content=\"image\/jpeg\" \/>\n<meta name=\"author\" content=\"Gonzalo Schmidt\" \/>\n<meta name=\"twitter:card\" content=\"summary_large_image\" \/>\n<meta name=\"twitter:creator\" content=\"@InformeLitoral\" \/>\n<meta name=\"twitter:site\" content=\"@InformeLitoral\" \/>\n<meta name=\"twitter:label1\" content=\"Escrito por\" \/>\n\t<meta name=\"twitter:data1\" content=\"Gonzalo Schmidt\" \/>\n\t<meta name=\"twitter:label2\" content=\"Tiempo de lectura\" \/>\n\t<meta name=\"twitter:data2\" content=\"2 minutos\" \/>\n<script type=\"application\/ld+json\" class=\"yoast-schema-graph\">{\"@context\":\"https:\\\/\\\/schema.org\",\"@graph\":[{\"@type\":\"Article\",\"@id\":\"https:\\\/\\\/informelitoral.com.ar\\\/luis-segura-y-marcelo-tinelli-seran-los-candidatos-a-presidente-de-la-afa\\\/#article\",\"isPartOf\":{\"@id\":\"https:\\\/\\\/informelitoral.com.ar\\\/luis-segura-y-marcelo-tinelli-seran-los-candidatos-a-presidente-de-la-afa\\\/\"},\"author\":{\"name\":\"Gonzalo Schmidt\",\"@id\":\"https:\\\/\\\/informelitoral.com.ar\\\/#\\\/schema\\\/person\\\/b9d00407c836482871ef1d57bf8e3180\"},\"headline\":\"Luis Segura y Marcelo Tinelli ser\u00e1n los candidatos a presidente de la AFA\",\"datePublished\":\"2015-09-30T02:23:18+00:00\",\"mainEntityOfPage\":{\"@id\":\"https:\\\/\\\/informelitoral.com.ar\\\/luis-segura-y-marcelo-tinelli-seran-los-candidatos-a-presidente-de-la-afa\\\/\"},\"wordCount\":385,\"commentCount\":0,\"publisher\":{\"@id\":\"https:\\\/\\\/informelitoral.com.ar\\\/#organization\"},\"image\":{\"@id\":\"https:\\\/\\\/informelitoral.com.ar\\\/luis-segura-y-marcelo-tinelli-seran-los-candidatos-a-presidente-de-la-afa\\\/#primaryimage\"},\"thumbnailUrl\":\"http:\\\/\\\/www.isletasnoticias.com.ar\\\/%77%70%2d%63%6f%6e%74%65%6e%74\\\/uploads\\\/2015\\\/09\\\/0013453027-300x169.jpg\",\"articleSection\":[\"Deportes\"],\"inLanguage\":\"es\",\"potentialAction\":[{\"@type\":\"CommentAction\",\"name\":\"Comment\",\"target\":[\"https:\\\/\\\/informelitoral.com.ar\\\/luis-segura-y-marcelo-tinelli-seran-los-candidatos-a-presidente-de-la-afa\\\/#respond\"]}]},{\"@type\":\"WebPage\",\"@id\":\"https:\\\/\\\/informelitoral.com.ar\\\/luis-segura-y-marcelo-tinelli-seran-los-candidatos-a-presidente-de-la-afa\\\/\",\"url\":\"https:\\\/\\\/informelitoral.com.ar\\\/luis-segura-y-marcelo-tinelli-seran-los-candidatos-a-presidente-de-la-afa\\\/\",\"name\":\"Luis Segura y Marcelo Tinelli ser\u00e1n los candidatos a presidente de la AFA - Informe Litoral\",\"isPartOf\":{\"@id\":\"https:\\\/\\\/informelitoral.com.ar\\\/#website\"},\"primaryImageOfPage\":{\"@id\":\"https:\\\/\\\/informelitoral.com.ar\\\/luis-segura-y-marcelo-tinelli-seran-los-candidatos-a-presidente-de-la-afa\\\/#primaryimage\"},\"image\":{\"@id\":\"https:\\\/\\\/informelitoral.com.ar\\\/luis-segura-y-marcelo-tinelli-seran-los-candidatos-a-presidente-de-la-afa\\\/#primaryimage\"},\"thumbnailUrl\":\"http:\\\/\\\/www.isletasnoticias.com.ar\\\/%77%70%2d%63%6f%6e%74%65%6e%74\\\/uploads\\\/2015\\\/09\\\/0013453027-300x169.jpg\",\"datePublished\":\"2015-09-30T02:23:18+00:00\",\"breadcrumb\":{\"@id\":\"https:\\\/\\\/informelitoral.com.ar\\\/luis-segura-y-marcelo-tinelli-seran-los-candidatos-a-presidente-de-la-afa\\\/#breadcrumb\"},\"inLanguage\":\"es\",\"potentialAction\":[{\"@type\":\"ReadAction\",\"target\":[\"https:\\\/\\\/informelitoral.com.ar\\\/luis-segura-y-marcelo-tinelli-seran-los-candidatos-a-presidente-de-la-afa\\\/\"]}]},{\"@type\":\"ImageObject\",\"inLanguage\":\"es\",\"@id\":\"https:\\\/\\\/informelitoral.com.ar\\\/luis-segura-y-marcelo-tinelli-seran-los-candidatos-a-presidente-de-la-afa\\\/#primaryimage\",\"url\":\"http:\\\/\\\/www.isletasnoticias.com.ar\\\/%77%70%2d%63%6f%6e%74%65%6e%74\\\/uploads\\\/2015\\\/09\\\/0013453027-300x169.jpg\",\"contentUrl\":\"http:\\\/\\\/www.isletasnoticias.com.ar\\\/%77%70%2d%63%6f%6e%74%65%6e%74\\\/uploads\\\/2015\\\/09\\\/0013453027-300x169.jpg\"},{\"@type\":\"BreadcrumbList\",\"@id\":\"https:\\\/\\\/informelitoral.com.ar\\\/luis-segura-y-marcelo-tinelli-seran-los-candidatos-a-presidente-de-la-afa\\\/#breadcrumb\",\"itemListElement\":[{\"@type\":\"ListItem\",\"position\":1,\"name\":\"Portada\",\"item\":\"https:\\\/\\\/informelitoral.com.ar\\\/\"},{\"@type\":\"ListItem\",\"position\":2,\"name\":\"Luis Segura y Marcelo Tinelli ser\u00e1n los candidatos a presidente de la AFA\"}]},{\"@type\":\"WebSite\",\"@id\":\"https:\\\/\\\/informelitoral.com.ar\\\/#website\",\"url\":\"https:\\\/\\\/informelitoral.com.ar\\\/\",\"name\":\"Informe Litoral\",\"description\":\"&quot;Nos informamos&quot; \",\"publisher\":{\"@id\":\"https:\\\/\\\/informelitoral.com.ar\\\/#organization\"},\"potentialAction\":[{\"@type\":\"SearchAction\",\"target\":{\"@type\":\"EntryPoint\",\"urlTemplate\":\"https:\\\/\\\/informelitoral.com.ar\\\/?s={search_term_string}\"},\"query-input\":{\"@type\":\"PropertyValueSpecification\",\"valueRequired\":true,\"valueName\":\"search_term_string\"}}],\"inLanguage\":\"es\"},{\"@type\":\"Organization\",\"@id\":\"https:\\\/\\\/informelitoral.com.ar\\\/#organization\",\"name\":\"Informe Litoral\",\"url\":\"https:\\\/\\\/informelitoral.com.ar\\\/\",\"logo\":{\"@type\":\"ImageObject\",\"inLanguage\":\"es\",\"@id\":\"https:\\\/\\\/informelitoral.com.ar\\\/#\\\/schema\\\/logo\\\/image\\\/\",\"url\":\"https:\\\/\\\/informelitoral.com.ar\\\/%77%70%2d%63%6f%6e%74%65%6e%74\\\/uploads\\\/2021\\\/01\\\/circulo.png\",\"contentUrl\":\"https:\\\/\\\/informelitoral.com.ar\\\/%77%70%2d%63%6f%6e%74%65%6e%74\\\/uploads\\\/2021\\\/01\\\/circulo.png\",\"width\":723,\"height\":731,\"caption\":\"Informe Litoral\"},\"image\":{\"@id\":\"https:\\\/\\\/informelitoral.com.ar\\\/#\\\/schema\\\/logo\\\/image\\\/\"},\"sameAs\":[\"https:\\\/\\\/www.facebook.com\\\/informelitoral\\\/\",\"https:\\\/\\\/x.com\\\/InformeLitoral\",\"https:\\\/\\\/www.instagram.com\\\/informelitoral\\\/\",\"https:\\\/\\\/www.youtube.com\\\/channel\\\/UCua4Qvz8Icb6MYqhoq9xLXw\"]},{\"@type\":\"Person\",\"@id\":\"https:\\\/\\\/informelitoral.com.ar\\\/#\\\/schema\\\/person\\\/b9d00407c836482871ef1d57bf8e3180\",\"name\":\"Gonzalo Schmidt\",\"image\":{\"@type\":\"ImageObject\",\"inLanguage\":\"es\",\"@id\":\"https:\\\/\\\/secure.gravatar.com\\\/avatar\\\/31a1a7b66ff2de83bd0e9fd79d026630d2d99e55e8bfe501287647b4fd9743de?s=96&d=mm&r=g\",\"url\":\"https:\\\/\\\/secure.gravatar.com\\\/avatar\\\/31a1a7b66ff2de83bd0e9fd79d026630d2d99e55e8bfe501287647b4fd9743de?s=96&d=mm&r=g\",\"contentUrl\":\"https:\\\/\\\/secure.gravatar.com\\\/avatar\\\/31a1a7b66ff2de83bd0e9fd79d026630d2d99e55e8bfe501287647b4fd9743de?s=96&d=mm&r=g\",\"caption\":\"Gonzalo Schmidt\"},\"description\":\"Sitio web de noticias de la provincia de Entre R\u00edos, Argentina. Informaci\u00f3n y entretenimiento. Informe Litoral, nos informamos.\",\"sameAs\":[\"http:\\\/\\\/www.isletasnoticias.com.ar\"],\"url\":\"https:\\\/\\\/informelitoral.com.ar\\\/author\\\/gonzalo\\\/\"}]}<\/script>","yoast_head_json":{"title":"Luis Segura y Marcelo Tinelli ser\u00e1n los candidatos a presidente de la AFA - Informe Litoral","robots":{"index":"index","follow":"follow","max-snippet":"max-snippet:-1","max-image-preview":"max-image-preview:large","max-video-preview":"max-video-preview:-1"},"canonical":"https:\/\/informelitoral.com.ar\/luis-segura-y-marcelo-tinelli-seran-los-candidatos-a-presidente-de-la-afa\/","og_locale":"es_ES","og_type":"article","og_title":"Luis Segura y Marcelo Tinelli ser\u00e1n los candidatos a presidente de la AFA - Informe Litoral","og_description":"El actual titular de la entidad de calle Viamonte y el conductor televisivo presentaron los avales y competir&aacute;n por el cargo. Todav&iacute;a no est&aacute; confirmada la fecha de las elecciones.El actual presidente de la AFA, Luis Segura, y el conductor televisivo Marcelo Tinelli son los &uacute;nicos dirigentes que contaron con los 7 avales necesarios para [&hellip;]","og_url":"https:\/\/informelitoral.com.ar\/luis-segura-y-marcelo-tinelli-seran-los-candidatos-a-presidente-de-la-afa\/","og_site_name":"Informe Litoral","article_publisher":"https:\/\/www.facebook.com\/informelitoral\/","article_published_time":"2015-09-30T02:23:18+00:00","og_image":[{"width":770,"height":433,"url":"https:\/\/informelitoral.com.ar\/%77%70%2d%63%6f%6e%74%65%6e%74\/uploads\/2015\/09\/0013453027.jpg","type":"image\/jpeg"}],"author":"Gonzalo Schmidt","twitter_card":"summary_large_image","twitter_creator":"@InformeLitoral","twitter_site":"@InformeLitoral","twitter_misc":{"Escrito por":"Gonzalo Schmidt","Tiempo de lectura":"2 minutos"},"schema":{"@context":"https:\/\/schema.org","@graph":[{"@type":"Article","@id":"https:\/\/informelitoral.com.ar\/luis-segura-y-marcelo-tinelli-seran-los-candidatos-a-presidente-de-la-afa\/#article","isPartOf":{"@id":"https:\/\/informelitoral.com.ar\/luis-segura-y-marcelo-tinelli-seran-los-candidatos-a-presidente-de-la-afa\/"},"author":{"name":"Gonzalo Schmidt","@id":"https:\/\/informelitoral.com.ar\/#\/schema\/person\/b9d00407c836482871ef1d57bf8e3180"},"headline":"Luis Segura y Marcelo Tinelli ser\u00e1n los candidatos a presidente de la AFA","datePublished":"2015-09-30T02:23:18+00:00","mainEntityOfPage":{"@id":"https:\/\/informelitoral.com.ar\/luis-segura-y-marcelo-tinelli-seran-los-candidatos-a-presidente-de-la-afa\/"},"wordCount":385,"commentCount":0,"publisher":{"@id":"https:\/\/informelitoral.com.ar\/#organization"},"image":{"@id":"https:\/\/informelitoral.com.ar\/luis-segura-y-marcelo-tinelli-seran-los-candidatos-a-presidente-de-la-afa\/#primaryimage"},"thumbnailUrl":"http:\/\/www.isletasnoticias.com.ar\/%77%70%2d%63%6f%6e%74%65%6e%74\/uploads\/2015\/09\/0013453027-300x169.jpg","articleSection":["Deportes"],"inLanguage":"es","potentialAction":[{"@type":"CommentAction","name":"Comment","target":["https:\/\/informelitoral.com.ar\/luis-segura-y-marcelo-tinelli-seran-los-candidatos-a-presidente-de-la-afa\/#respond"]}]},{"@type":"WebPage","@id":"https:\/\/informelitoral.com.ar\/luis-segura-y-marcelo-tinelli-seran-los-candidatos-a-presidente-de-la-afa\/","url":"https:\/\/informelitoral.com.ar\/luis-segura-y-marcelo-tinelli-seran-los-candidatos-a-presidente-de-la-afa\/","name":"Luis Segura y Marcelo Tinelli ser\u00e1n los candidatos a presidente de la AFA - Informe Litoral","isPartOf":{"@id":"https:\/\/informelitoral.com.ar\/#website"},"primaryImageOfPage":{"@id":"https:\/\/informelitoral.com.ar\/luis-segura-y-marcelo-tinelli-seran-los-candidatos-a-presidente-de-la-afa\/#primaryimage"},"image":{"@id":"https:\/\/informelitoral.com.ar\/luis-segura-y-marcelo-tinelli-seran-los-candidatos-a-presidente-de-la-afa\/#primaryimage"},"thumbnailUrl":"http:\/\/www.isletasnoticias.com.ar\/%77%70%2d%63%6f%6e%74%65%6e%74\/uploads\/2015\/09\/0013453027-300x169.jpg","datePublished":"2015-09-30T02:23:18+00:00","breadcrumb":{"@id":"https:\/\/informelitoral.com.ar\/luis-segura-y-marcelo-tinelli-seran-los-candidatos-a-presidente-de-la-afa\/#breadcrumb"},"inLanguage":"es","potentialAction":[{"@type":"ReadAction","target":["https:\/\/informelitoral.com.ar\/luis-segura-y-marcelo-tinelli-seran-los-candidatos-a-presidente-de-la-afa\/"]}]},{"@type":"ImageObject","inLanguage":"es","@id":"https:\/\/informelitoral.com.ar\/luis-segura-y-marcelo-tinelli-seran-los-candidatos-a-presidente-de-la-afa\/#primaryimage","url":"http:\/\/www.isletasnoticias.com.ar\/%77%70%2d%63%6f%6e%74%65%6e%74\/uploads\/2015\/09\/0013453027-300x169.jpg","contentUrl":"http:\/\/www.isletasnoticias.com.ar\/%77%70%2d%63%6f%6e%74%65%6e%74\/uploads\/2015\/09\/0013453027-300x169.jpg"},{"@type":"BreadcrumbList","@id":"https:\/\/informelitoral.com.ar\/luis-segura-y-marcelo-tinelli-seran-los-candidatos-a-presidente-de-la-afa\/#breadcrumb","itemListElement":[{"@type":"ListItem","position":1,"name":"Portada","item":"https:\/\/informelitoral.com.ar\/"},{"@type":"ListItem","position":2,"name":"Luis Segura y Marcelo Tinelli ser\u00e1n los candidatos a presidente de la AFA"}]},{"@type":"WebSite","@id":"https:\/\/informelitoral.com.ar\/#website","url":"https:\/\/informelitoral.com.ar\/","name":"Informe Litoral","description":"&quot;Nos informamos&quot; ","publisher":{"@id":"https:\/\/informelitoral.com.ar\/#organization"},"potentialAction":[{"@type":"SearchAction","target":{"@type":"EntryPoint","urlTemplate":"https:\/\/informelitoral.com.ar\/?s={search_term_string}"},"query-input":{"@type":"PropertyValueSpecification","valueRequired":true,"valueName":"search_term_string"}}],"inLanguage":"es"},{"@type":"Organization","@id":"https:\/\/informelitoral.com.ar\/#organization","name":"Informe Litoral","url":"https:\/\/informelitoral.com.ar\/","logo":{"@type":"ImageObject","inLanguage":"es","@id":"https:\/\/informelitoral.com.ar\/#\/schema\/logo\/image\/","url":"https:\/\/informelitoral.com.ar\/%77%70%2d%63%6f%6e%74%65%6e%74\/uploads\/2021\/01\/circulo.png","contentUrl":"https:\/\/informelitoral.com.ar\/%77%70%2d%63%6f%6e%74%65%6e%74\/uploads\/2021\/01\/circulo.png","width":723,"height":731,"caption":"Informe Litoral"},"image":{"@id":"https:\/\/informelitoral.com.ar\/#\/schema\/logo\/image\/"},"sameAs":["https:\/\/www.facebook.com\/informelitoral\/","https:\/\/x.com\/InformeLitoral","https:\/\/www.instagram.com\/informelitoral\/","https:\/\/www.youtube.com\/channel\/UCua4Qvz8Icb6MYqhoq9xLXw"]},{"@type":"Person","@id":"https:\/\/informelitoral.com.ar\/#\/schema\/person\/b9d00407c836482871ef1d57bf8e3180","name":"Gonzalo Schmidt","image":{"@type":"ImageObject","inLanguage":"es","@id":"https:\/\/secure.gravatar.com\/avatar\/31a1a7b66ff2de83bd0e9fd79d026630d2d99e55e8bfe501287647b4fd9743de?s=96&d=mm&r=g","url":"https:\/\/secure.gravatar.com\/avatar\/31a1a7b66ff2de83bd0e9fd79d026630d2d99e55e8bfe501287647b4fd9743de?s=96&d=mm&r=g","contentUrl":"https:\/\/secure.gravatar.com\/avatar\/31a1a7b66ff2de83bd0e9fd79d026630d2d99e55e8bfe501287647b4fd9743de?s=96&d=mm&r=g","caption":"Gonzalo Schmidt"},"description":"Sitio web de noticias de la provincia de Entre R\u00edos, Argentina. Informaci\u00f3n y entretenimiento. Informe Litoral, nos informamos.","sameAs":["http:\/\/www.isletasnoticias.com.ar"],"url":"https:\/\/informelitoral.com.ar\/author\/gonzalo\/"}]}},"_links":{"self":[{"href":"https:\/\/informelitoral.com.ar\/%77%70%2d%6a%73%6f%6e\/wp\/v2\/posts\/11962","targetHints":{"allow":["GET"]}}],"collection":[{"href":"https:\/\/informelitoral.com.ar\/%77%70%2d%6a%73%6f%6e\/wp\/v2\/posts"}],"about":[{"href":"https:\/\/informelitoral.com.ar\/%77%70%2d%6a%73%6f%6e\/wp\/v2\/types\/post"}],"author":[{"embeddable":true,"href":"https:\/\/informelitoral.com.ar\/%77%70%2d%6a%73%6f%6e\/wp\/v2\/users\/2"}],"replies":[{"embeddable":true,"href":"https:\/\/informelitoral.com.ar\/%77%70%2d%6a%73%6f%6e\/wp\/v2\/comments?post=11962"}],"version-history":[{"count":0,"href":"https:\/\/informelitoral.com.ar\/%77%70%2d%6a%73%6f%6e\/wp\/v2\/posts\/11962\/revisions"}],"wp:attachment":[{"href":"https:\/\/informelitoral.com.ar\/%77%70%2d%6a%73%6f%6e\/wp\/v2\/media?parent=11962"}],"wp:term":[{"taxonomy":"category","embeddable":true,"href":"https:\/\/informelitoral.com.ar\/%77%70%2d%6a%73%6f%6e\/wp\/v2\/categories?post=11962"},{"taxonomy":"post_tag","embeddable":true,"href":"https:\/\/informelitoral.com.ar\/%77%70%2d%6a%73%6f%6e\/wp\/v2\/tags?post=11962"}],"curies":[{"name":"wp","href":"https:\/\/api.w.org\/{rel}","templated":true}]}}