{"id":11912,"date":"2015-09-24T18:47:43","date_gmt":"2015-09-24T21:47:43","guid":{"rendered":"http:\/\/www.isletasnoticias.com.ar\/?p=11912"},"modified":"2015-09-24T18:47:43","modified_gmt":"2015-09-24T21:47:43","slug":"la-campana-por-radio-y-tv-arranca-la-semana-que-viene","status":"publish","type":"post","link":"https:\/\/informelitoral.com.ar\/la-campana-por-radio-y-tv-arranca-la-semana-que-viene\/","title":{"rendered":"La campa\u00f1a por radio y TV arranca la semana que viene"},"content":{"rendered":"<p><strong>El mi\u00e9rcoles pr\u00f3ximo comenzar\u00e1n a emitirse los spots de campa\u00f1a en radio y televisi\u00f3n. En la provincia son 11 las AM en la que los candidatos podr\u00e1n hacer campa\u00f1a, 58 las FM, dos canales de televisi\u00f3n abierta y 29 de televisi\u00f3n por cable.<a href=\"http:\/\/www.isletasnoticias.com.ar\/%77%70%2d%63%6f%6e%74%65%6e%74\/uploads\/2015\/09\/o_1308010550.jpg\"><img loading=\"lazy\" decoding=\"async\" class=\"aligncenter wp-image-11913 size-medium\" src=\"http:\/\/www.isletasnoticias.com.ar\/%77%70%2d%63%6f%6e%74%65%6e%74\/uploads\/2015\/09\/o_1308010550-300x169.jpg\" alt=\"o_1308010550\" width=\"300\" height=\"169\" srcset=\"https:\/\/informelitoral.com.ar\/%77%70%2d%63%6f%6e%74%65%6e%74\/uploads\/2015\/09\/o_1308010550-300x169.jpg 300w, https:\/\/informelitoral.com.ar\/%77%70%2d%63%6f%6e%74%65%6e%74\/uploads\/2015\/09\/o_1308010550.jpg 640w\" sizes=\"auto, (max-width: 300px) 100vw, 300px\" \/><\/a><\/strong>El calendario electoral establece que desde el mi\u00e9rcoles 30 se comenzar\u00e1n a emitir por radio y televisi\u00f3n los spots de los partidos pol\u00edticos y alianzas que competir\u00e1n en las elecciones del 25 de octubre. En la provincia son 11 las AM en la que los candidatos podr\u00e1n hacer campa\u00f1a, 58 las FM, dos canales de televisi\u00f3n abierta y 29 de televisi\u00f3n por cable.<\/p>\n<p>El mi\u00e9rcoles 30 se inicia la campa\u00f1a en medios audiovisuales, seg\u00fan lo dispuesto por la Ley de Democratizaci\u00f3n de la Representaci\u00f3n Pol\u00edtica, la Transparencia y la Equidad Electoral, que fue sancionada en 2009 y que ya fue utilizada por primera vez en las PASO y en las elecciones generales de 2011, consign\u00f3<em> Apf.<\/em><\/p>\n<p>As\u00ed es que desde ese d\u00eda (25 d\u00edas antes de las elecciones) las agrupaciones pol\u00edticas podr\u00e1n difundir los mensajes de publicidad electoral en los medios de comunicaci\u00f3n audiovisuales y volver\u00e1 el \u201cEspacio Cedido por la Direcci\u00f3n Nacional Electoral\u201d.<\/p>\n<p>En la provincia son 11 las AM en la que los candidatos podr\u00e1n hacer campa\u00f1a, 58 las FM, dos canales de televisi\u00f3n abierta y 29 de TV por cable.<\/p>\n<div class=\"nota-tw\"><\/div>\n","protected":false},"excerpt":{"rendered":"<p>El mi&eacute;rcoles pr&oacute;ximo comenzar&aacute;n a emitirse los spots de campa&ntilde;a en radio y televisi&oacute;n. En la provincia son 11 las AM en la que los candidatos podr&aacute;n hacer campa&ntilde;a, 58 las FM, dos canales de televisi&oacute;n abierta y 29 de televisi&oacute;n por cable.El calendario electoral establece que desde el mi&eacute;rcoles 30 se comenzar&aacute;n a emitir [&hellip;]<\/p>\n","protected":false},"author":2,"featured_media":0,"comment_status":"open","ping_status":"open","sticky":false,"template":"","format":"standard","meta":{"fifu_image_url":"","fifu_image_alt":"","footnotes":""},"categories":[16],"tags":[],"class_list":{"0":"post-11912","1":"post","2":"type-post","3":"status-publish","4":"format-standard","6":"category-politi"},"yoast_head":"<title>La campa\u00f1a por radio y TV arranca la semana que viene - Informe Litoral<\/title>\n<meta name=\"robots\" content=\"index, follow, max-snippet:-1, max-image-preview:large, max-video-preview:-1\" \/>\n<link rel=\"canonical\" href=\"https:\/\/informelitoral.com.ar\/la-campana-por-radio-y-tv-arranca-la-semana-que-viene\/\" \/>\n<meta property=\"og:locale\" content=\"es_ES\" \/>\n<meta property=\"og:type\" content=\"article\" \/>\n<meta property=\"og:title\" content=\"La campa\u00f1a por radio y TV arranca la semana que viene - Informe Litoral\" \/>\n<meta property=\"og:description\" content=\"El mi&eacute;rcoles pr&oacute;ximo comenzar&aacute;n a emitirse los spots de campa&ntilde;a en radio y televisi&oacute;n. En la provincia son 11 las AM en la que los candidatos podr&aacute;n hacer campa&ntilde;a, 58 las FM, dos canales de televisi&oacute;n abierta y 29 de televisi&oacute;n por cable.El calendario electoral establece que desde el mi&eacute;rcoles 30 se comenzar&aacute;n a emitir [&hellip;]\" \/>\n<meta property=\"og:url\" content=\"https:\/\/informelitoral.com.ar\/la-campana-por-radio-y-tv-arranca-la-semana-que-viene\/\" \/>\n<meta property=\"og:site_name\" content=\"Informe Litoral\" \/>\n<meta property=\"article:publisher\" content=\"https:\/\/www.facebook.com\/informelitoral\/\" \/>\n<meta property=\"article:published_time\" content=\"2015-09-24T21:47:43+00:00\" \/>\n<meta property=\"og:image\" content=\"https:\/\/informelitoral.com.ar\/%77%70%2d%63%6f%6e%74%65%6e%74\/uploads\/2015\/09\/o_1308010550.jpg\" \/>\n\t<meta property=\"og:image:width\" content=\"640\" \/>\n\t<meta property=\"og:image:height\" content=\"360\" \/>\n\t<meta property=\"og:image:type\" content=\"image\/jpeg\" \/>\n<meta name=\"author\" content=\"Gonzalo Schmidt\" \/>\n<meta name=\"twitter:card\" content=\"summary_large_image\" \/>\n<meta name=\"twitter:creator\" content=\"@InformeLitoral\" \/>\n<meta name=\"twitter:site\" content=\"@InformeLitoral\" \/>\n<meta name=\"twitter:label1\" content=\"Escrito por\" \/>\n\t<meta name=\"twitter:data1\" content=\"Gonzalo Schmidt\" \/>\n\t<meta name=\"twitter:label2\" content=\"Tiempo de lectura\" \/>\n\t<meta name=\"twitter:data2\" content=\"1 minuto\" \/>\n<script type=\"application\/ld+json\" class=\"yoast-schema-graph\">{\"@context\":\"https:\\\/\\\/schema.org\",\"@graph\":[{\"@type\":\"Article\",\"@id\":\"https:\\\/\\\/informelitoral.com.ar\\\/la-campana-por-radio-y-tv-arranca-la-semana-que-viene\\\/#article\",\"isPartOf\":{\"@id\":\"https:\\\/\\\/informelitoral.com.ar\\\/la-campana-por-radio-y-tv-arranca-la-semana-que-viene\\\/\"},\"author\":{\"name\":\"Gonzalo Schmidt\",\"@id\":\"https:\\\/\\\/informelitoral.com.ar\\\/#\\\/schema\\\/person\\\/b9d00407c836482871ef1d57bf8e3180\"},\"headline\":\"La campa\u00f1a por radio y TV arranca la semana que viene\",\"datePublished\":\"2015-09-24T21:47:43+00:00\",\"mainEntityOfPage\":{\"@id\":\"https:\\\/\\\/informelitoral.com.ar\\\/la-campana-por-radio-y-tv-arranca-la-semana-que-viene\\\/\"},\"wordCount\":256,\"commentCount\":0,\"publisher\":{\"@id\":\"https:\\\/\\\/informelitoral.com.ar\\\/#organization\"},\"image\":{\"@id\":\"https:\\\/\\\/informelitoral.com.ar\\\/la-campana-por-radio-y-tv-arranca-la-semana-que-viene\\\/#primaryimage\"},\"thumbnailUrl\":\"http:\\\/\\\/www.isletasnoticias.com.ar\\\/%77%70%2d%63%6f%6e%74%65%6e%74\\\/uploads\\\/2015\\\/09\\\/o_1308010550-300x169.jpg\",\"articleSection\":[\"Politica\"],\"inLanguage\":\"es\",\"potentialAction\":[{\"@type\":\"CommentAction\",\"name\":\"Comment\",\"target\":[\"https:\\\/\\\/informelitoral.com.ar\\\/la-campana-por-radio-y-tv-arranca-la-semana-que-viene\\\/#respond\"]}]},{\"@type\":\"WebPage\",\"@id\":\"https:\\\/\\\/informelitoral.com.ar\\\/la-campana-por-radio-y-tv-arranca-la-semana-que-viene\\\/\",\"url\":\"https:\\\/\\\/informelitoral.com.ar\\\/la-campana-por-radio-y-tv-arranca-la-semana-que-viene\\\/\",\"name\":\"La campa\u00f1a por radio y TV arranca la semana que viene - Informe Litoral\",\"isPartOf\":{\"@id\":\"https:\\\/\\\/informelitoral.com.ar\\\/#website\"},\"primaryImageOfPage\":{\"@id\":\"https:\\\/\\\/informelitoral.com.ar\\\/la-campana-por-radio-y-tv-arranca-la-semana-que-viene\\\/#primaryimage\"},\"image\":{\"@id\":\"https:\\\/\\\/informelitoral.com.ar\\\/la-campana-por-radio-y-tv-arranca-la-semana-que-viene\\\/#primaryimage\"},\"thumbnailUrl\":\"http:\\\/\\\/www.isletasnoticias.com.ar\\\/%77%70%2d%63%6f%6e%74%65%6e%74\\\/uploads\\\/2015\\\/09\\\/o_1308010550-300x169.jpg\",\"datePublished\":\"2015-09-24T21:47:43+00:00\",\"breadcrumb\":{\"@id\":\"https:\\\/\\\/informelitoral.com.ar\\\/la-campana-por-radio-y-tv-arranca-la-semana-que-viene\\\/#breadcrumb\"},\"inLanguage\":\"es\",\"potentialAction\":[{\"@type\":\"ReadAction\",\"target\":[\"https:\\\/\\\/informelitoral.com.ar\\\/la-campana-por-radio-y-tv-arranca-la-semana-que-viene\\\/\"]}]},{\"@type\":\"ImageObject\",\"inLanguage\":\"es\",\"@id\":\"https:\\\/\\\/informelitoral.com.ar\\\/la-campana-por-radio-y-tv-arranca-la-semana-que-viene\\\/#primaryimage\",\"url\":\"http:\\\/\\\/www.isletasnoticias.com.ar\\\/%77%70%2d%63%6f%6e%74%65%6e%74\\\/uploads\\\/2015\\\/09\\\/o_1308010550-300x169.jpg\",\"contentUrl\":\"http:\\\/\\\/www.isletasnoticias.com.ar\\\/%77%70%2d%63%6f%6e%74%65%6e%74\\\/uploads\\\/2015\\\/09\\\/o_1308010550-300x169.jpg\"},{\"@type\":\"BreadcrumbList\",\"@id\":\"https:\\\/\\\/informelitoral.com.ar\\\/la-campana-por-radio-y-tv-arranca-la-semana-que-viene\\\/#breadcrumb\",\"itemListElement\":[{\"@type\":\"ListItem\",\"position\":1,\"name\":\"Portada\",\"item\":\"https:\\\/\\\/informelitoral.com.ar\\\/\"},{\"@type\":\"ListItem\",\"position\":2,\"name\":\"La campa\u00f1a por radio y TV arranca la semana que viene\"}]},{\"@type\":\"WebSite\",\"@id\":\"https:\\\/\\\/informelitoral.com.ar\\\/#website\",\"url\":\"https:\\\/\\\/informelitoral.com.ar\\\/\",\"name\":\"Informe Litoral\",\"description\":\"&quot;Nos informamos&quot; \",\"publisher\":{\"@id\":\"https:\\\/\\\/informelitoral.com.ar\\\/#organization\"},\"potentialAction\":[{\"@type\":\"SearchAction\",\"target\":{\"@type\":\"EntryPoint\",\"urlTemplate\":\"https:\\\/\\\/informelitoral.com.ar\\\/?s={search_term_string}\"},\"query-input\":{\"@type\":\"PropertyValueSpecification\",\"valueRequired\":true,\"valueName\":\"search_term_string\"}}],\"inLanguage\":\"es\"},{\"@type\":\"Organization\",\"@id\":\"https:\\\/\\\/informelitoral.com.ar\\\/#organization\",\"name\":\"Informe Litoral\",\"url\":\"https:\\\/\\\/informelitoral.com.ar\\\/\",\"logo\":{\"@type\":\"ImageObject\",\"inLanguage\":\"es\",\"@id\":\"https:\\\/\\\/informelitoral.com.ar\\\/#\\\/schema\\\/logo\\\/image\\\/\",\"url\":\"https:\\\/\\\/informelitoral.com.ar\\\/%77%70%2d%63%6f%6e%74%65%6e%74\\\/uploads\\\/2021\\\/01\\\/circulo.png\",\"contentUrl\":\"https:\\\/\\\/informelitoral.com.ar\\\/%77%70%2d%63%6f%6e%74%65%6e%74\\\/uploads\\\/2021\\\/01\\\/circulo.png\",\"width\":723,\"height\":731,\"caption\":\"Informe Litoral\"},\"image\":{\"@id\":\"https:\\\/\\\/informelitoral.com.ar\\\/#\\\/schema\\\/logo\\\/image\\\/\"},\"sameAs\":[\"https:\\\/\\\/www.facebook.com\\\/informelitoral\\\/\",\"https:\\\/\\\/x.com\\\/InformeLitoral\",\"https:\\\/\\\/www.instagram.com\\\/informelitoral\\\/\",\"https:\\\/\\\/www.youtube.com\\\/channel\\\/UCua4Qvz8Icb6MYqhoq9xLXw\"]},{\"@type\":\"Person\",\"@id\":\"https:\\\/\\\/informelitoral.com.ar\\\/#\\\/schema\\\/person\\\/b9d00407c836482871ef1d57bf8e3180\",\"name\":\"Gonzalo Schmidt\",\"image\":{\"@type\":\"ImageObject\",\"inLanguage\":\"es\",\"@id\":\"https:\\\/\\\/secure.gravatar.com\\\/avatar\\\/31a1a7b66ff2de83bd0e9fd79d026630d2d99e55e8bfe501287647b4fd9743de?s=96&d=mm&r=g\",\"url\":\"https:\\\/\\\/secure.gravatar.com\\\/avatar\\\/31a1a7b66ff2de83bd0e9fd79d026630d2d99e55e8bfe501287647b4fd9743de?s=96&d=mm&r=g\",\"contentUrl\":\"https:\\\/\\\/secure.gravatar.com\\\/avatar\\\/31a1a7b66ff2de83bd0e9fd79d026630d2d99e55e8bfe501287647b4fd9743de?s=96&d=mm&r=g\",\"caption\":\"Gonzalo Schmidt\"},\"description\":\"Sitio web de noticias de la provincia de Entre R\u00edos, Argentina. Informaci\u00f3n y entretenimiento. Informe Litoral, nos informamos.\",\"sameAs\":[\"http:\\\/\\\/www.isletasnoticias.com.ar\"],\"url\":\"https:\\\/\\\/informelitoral.com.ar\\\/author\\\/gonzalo\\\/\"}]}<\/script>","yoast_head_json":{"title":"La campa\u00f1a por radio y TV arranca la semana que viene - Informe Litoral","robots":{"index":"index","follow":"follow","max-snippet":"max-snippet:-1","max-image-preview":"max-image-preview:large","max-video-preview":"max-video-preview:-1"},"canonical":"https:\/\/informelitoral.com.ar\/la-campana-por-radio-y-tv-arranca-la-semana-que-viene\/","og_locale":"es_ES","og_type":"article","og_title":"La campa\u00f1a por radio y TV arranca la semana que viene - Informe Litoral","og_description":"El mi&eacute;rcoles pr&oacute;ximo comenzar&aacute;n a emitirse los spots de campa&ntilde;a en radio y televisi&oacute;n. En la provincia son 11 las AM en la que los candidatos podr&aacute;n hacer campa&ntilde;a, 58 las FM, dos canales de televisi&oacute;n abierta y 29 de televisi&oacute;n por cable.El calendario electoral establece que desde el mi&eacute;rcoles 30 se comenzar&aacute;n a emitir [&hellip;]","og_url":"https:\/\/informelitoral.com.ar\/la-campana-por-radio-y-tv-arranca-la-semana-que-viene\/","og_site_name":"Informe Litoral","article_publisher":"https:\/\/www.facebook.com\/informelitoral\/","article_published_time":"2015-09-24T21:47:43+00:00","og_image":[{"width":640,"height":360,"url":"https:\/\/informelitoral.com.ar\/%77%70%2d%63%6f%6e%74%65%6e%74\/uploads\/2015\/09\/o_1308010550.jpg","type":"image\/jpeg"}],"author":"Gonzalo Schmidt","twitter_card":"summary_large_image","twitter_creator":"@InformeLitoral","twitter_site":"@InformeLitoral","twitter_misc":{"Escrito por":"Gonzalo Schmidt","Tiempo de lectura":"1 minuto"},"schema":{"@context":"https:\/\/schema.org","@graph":[{"@type":"Article","@id":"https:\/\/informelitoral.com.ar\/la-campana-por-radio-y-tv-arranca-la-semana-que-viene\/#article","isPartOf":{"@id":"https:\/\/informelitoral.com.ar\/la-campana-por-radio-y-tv-arranca-la-semana-que-viene\/"},"author":{"name":"Gonzalo Schmidt","@id":"https:\/\/informelitoral.com.ar\/#\/schema\/person\/b9d00407c836482871ef1d57bf8e3180"},"headline":"La campa\u00f1a por radio y TV arranca la semana que viene","datePublished":"2015-09-24T21:47:43+00:00","mainEntityOfPage":{"@id":"https:\/\/informelitoral.com.ar\/la-campana-por-radio-y-tv-arranca-la-semana-que-viene\/"},"wordCount":256,"commentCount":0,"publisher":{"@id":"https:\/\/informelitoral.com.ar\/#organization"},"image":{"@id":"https:\/\/informelitoral.com.ar\/la-campana-por-radio-y-tv-arranca-la-semana-que-viene\/#primaryimage"},"thumbnailUrl":"http:\/\/www.isletasnoticias.com.ar\/%77%70%2d%63%6f%6e%74%65%6e%74\/uploads\/2015\/09\/o_1308010550-300x169.jpg","articleSection":["Politica"],"inLanguage":"es","potentialAction":[{"@type":"CommentAction","name":"Comment","target":["https:\/\/informelitoral.com.ar\/la-campana-por-radio-y-tv-arranca-la-semana-que-viene\/#respond"]}]},{"@type":"WebPage","@id":"https:\/\/informelitoral.com.ar\/la-campana-por-radio-y-tv-arranca-la-semana-que-viene\/","url":"https:\/\/informelitoral.com.ar\/la-campana-por-radio-y-tv-arranca-la-semana-que-viene\/","name":"La campa\u00f1a por radio y TV arranca la semana que viene - Informe Litoral","isPartOf":{"@id":"https:\/\/informelitoral.com.ar\/#website"},"primaryImageOfPage":{"@id":"https:\/\/informelitoral.com.ar\/la-campana-por-radio-y-tv-arranca-la-semana-que-viene\/#primaryimage"},"image":{"@id":"https:\/\/informelitoral.com.ar\/la-campana-por-radio-y-tv-arranca-la-semana-que-viene\/#primaryimage"},"thumbnailUrl":"http:\/\/www.isletasnoticias.com.ar\/%77%70%2d%63%6f%6e%74%65%6e%74\/uploads\/2015\/09\/o_1308010550-300x169.jpg","datePublished":"2015-09-24T21:47:43+00:00","breadcrumb":{"@id":"https:\/\/informelitoral.com.ar\/la-campana-por-radio-y-tv-arranca-la-semana-que-viene\/#breadcrumb"},"inLanguage":"es","potentialAction":[{"@type":"ReadAction","target":["https:\/\/informelitoral.com.ar\/la-campana-por-radio-y-tv-arranca-la-semana-que-viene\/"]}]},{"@type":"ImageObject","inLanguage":"es","@id":"https:\/\/informelitoral.com.ar\/la-campana-por-radio-y-tv-arranca-la-semana-que-viene\/#primaryimage","url":"http:\/\/www.isletasnoticias.com.ar\/%77%70%2d%63%6f%6e%74%65%6e%74\/uploads\/2015\/09\/o_1308010550-300x169.jpg","contentUrl":"http:\/\/www.isletasnoticias.com.ar\/%77%70%2d%63%6f%6e%74%65%6e%74\/uploads\/2015\/09\/o_1308010550-300x169.jpg"},{"@type":"BreadcrumbList","@id":"https:\/\/informelitoral.com.ar\/la-campana-por-radio-y-tv-arranca-la-semana-que-viene\/#breadcrumb","itemListElement":[{"@type":"ListItem","position":1,"name":"Portada","item":"https:\/\/informelitoral.com.ar\/"},{"@type":"ListItem","position":2,"name":"La campa\u00f1a por radio y TV arranca la semana que viene"}]},{"@type":"WebSite","@id":"https:\/\/informelitoral.com.ar\/#website","url":"https:\/\/informelitoral.com.ar\/","name":"Informe Litoral","description":"&quot;Nos informamos&quot; ","publisher":{"@id":"https:\/\/informelitoral.com.ar\/#organization"},"potentialAction":[{"@type":"SearchAction","target":{"@type":"EntryPoint","urlTemplate":"https:\/\/informelitoral.com.ar\/?s={search_term_string}"},"query-input":{"@type":"PropertyValueSpecification","valueRequired":true,"valueName":"search_term_string"}}],"inLanguage":"es"},{"@type":"Organization","@id":"https:\/\/informelitoral.com.ar\/#organization","name":"Informe Litoral","url":"https:\/\/informelitoral.com.ar\/","logo":{"@type":"ImageObject","inLanguage":"es","@id":"https:\/\/informelitoral.com.ar\/#\/schema\/logo\/image\/","url":"https:\/\/informelitoral.com.ar\/%77%70%2d%63%6f%6e%74%65%6e%74\/uploads\/2021\/01\/circulo.png","contentUrl":"https:\/\/informelitoral.com.ar\/%77%70%2d%63%6f%6e%74%65%6e%74\/uploads\/2021\/01\/circulo.png","width":723,"height":731,"caption":"Informe Litoral"},"image":{"@id":"https:\/\/informelitoral.com.ar\/#\/schema\/logo\/image\/"},"sameAs":["https:\/\/www.facebook.com\/informelitoral\/","https:\/\/x.com\/InformeLitoral","https:\/\/www.instagram.com\/informelitoral\/","https:\/\/www.youtube.com\/channel\/UCua4Qvz8Icb6MYqhoq9xLXw"]},{"@type":"Person","@id":"https:\/\/informelitoral.com.ar\/#\/schema\/person\/b9d00407c836482871ef1d57bf8e3180","name":"Gonzalo Schmidt","image":{"@type":"ImageObject","inLanguage":"es","@id":"https:\/\/secure.gravatar.com\/avatar\/31a1a7b66ff2de83bd0e9fd79d026630d2d99e55e8bfe501287647b4fd9743de?s=96&d=mm&r=g","url":"https:\/\/secure.gravatar.com\/avatar\/31a1a7b66ff2de83bd0e9fd79d026630d2d99e55e8bfe501287647b4fd9743de?s=96&d=mm&r=g","contentUrl":"https:\/\/secure.gravatar.com\/avatar\/31a1a7b66ff2de83bd0e9fd79d026630d2d99e55e8bfe501287647b4fd9743de?s=96&d=mm&r=g","caption":"Gonzalo Schmidt"},"description":"Sitio web de noticias de la provincia de Entre R\u00edos, Argentina. Informaci\u00f3n y entretenimiento. Informe Litoral, nos informamos.","sameAs":["http:\/\/www.isletasnoticias.com.ar"],"url":"https:\/\/informelitoral.com.ar\/author\/gonzalo\/"}]}},"_links":{"self":[{"href":"https:\/\/informelitoral.com.ar\/%77%70%2d%6a%73%6f%6e\/wp\/v2\/posts\/11912","targetHints":{"allow":["GET"]}}],"collection":[{"href":"https:\/\/informelitoral.com.ar\/%77%70%2d%6a%73%6f%6e\/wp\/v2\/posts"}],"about":[{"href":"https:\/\/informelitoral.com.ar\/%77%70%2d%6a%73%6f%6e\/wp\/v2\/types\/post"}],"author":[{"embeddable":true,"href":"https:\/\/informelitoral.com.ar\/%77%70%2d%6a%73%6f%6e\/wp\/v2\/users\/2"}],"replies":[{"embeddable":true,"href":"https:\/\/informelitoral.com.ar\/%77%70%2d%6a%73%6f%6e\/wp\/v2\/comments?post=11912"}],"version-history":[{"count":0,"href":"https:\/\/informelitoral.com.ar\/%77%70%2d%6a%73%6f%6e\/wp\/v2\/posts\/11912\/revisions"}],"wp:attachment":[{"href":"https:\/\/informelitoral.com.ar\/%77%70%2d%6a%73%6f%6e\/wp\/v2\/media?parent=11912"}],"wp:term":[{"taxonomy":"category","embeddable":true,"href":"https:\/\/informelitoral.com.ar\/%77%70%2d%6a%73%6f%6e\/wp\/v2\/categories?post=11912"},{"taxonomy":"post_tag","embeddable":true,"href":"https:\/\/informelitoral.com.ar\/%77%70%2d%6a%73%6f%6e\/wp\/v2\/tags?post=11912"}],"curies":[{"name":"wp","href":"https:\/\/api.w.org\/{rel}","templated":true}]}}