{"id":11801,"date":"2015-09-16T00:42:44","date_gmt":"2015-09-16T03:42:44","guid":{"rendered":"http:\/\/www.isletasnoticias.com.ar\/?p=11801"},"modified":"2015-09-16T00:42:44","modified_gmt":"2015-09-16T03:42:44","slug":"gobierno-y-productores-avanzaron-en-medidas-para-el-sector","status":"publish","type":"post","link":"https:\/\/informelitoral.com.ar\/gobierno-y-productores-avanzaron-en-medidas-para-el-sector\/","title":{"rendered":"Gobierno y productores avanzaron en medidas para el sector"},"content":{"rendered":"<p><strong>En la Casa Gris, se anunci\u00f3 que este viernes quedar\u00e1 operativa la l\u00ednea de financiamiento a trav\u00e9s del Nuevo Banco de Entre R\u00edos destinada a productores agropecuarios de Ente R\u00edos.<a href=\"http:\/\/www.isletasnoticias.com.ar\/%77%70%2d%63%6f%6e%74%65%6e%74\/uploads\/2015\/09\/1441676072.jpg\"><img loading=\"lazy\" decoding=\"async\" class=\"aligncenter size-full wp-image-11802\" src=\"http:\/\/www.isletasnoticias.com.ar\/%77%70%2d%63%6f%6e%74%65%6e%74\/uploads\/2015\/09\/1441676072.jpg\" alt=\"1441676072\" width=\"272\" height=\"144\" \/><\/a><\/strong>El Gobierno de Entre R\u00edos se reuni\u00f3 este martes con los representantes de los productores agropecuarios. En ese marco, <strong>Ad\u00e1n Bahl<\/strong>, ministro de Gobierno, expres\u00f3: \u201cTerminamos de avanzar con el Banco de Entre R\u00edos. Entre hoy y ma\u00f1ana vamos a definir la tasa que subsidia la Provincia, el Ministerio de Agricultura de la Naci\u00f3n y el Banco de Entre R\u00edos para que el viernes est\u00e9 operativa la l\u00ednea de financiamiento. Trataremos de que ese d\u00eda tengamos algunos cr\u00e9ditos liquidados\u201d.<\/p>\n<p>Asimismo, el ministro destac\u00f3: \u201cEstos cr\u00e9ditos est\u00e1n dirigidos a los productores y concretamente se hacen a quienes les proveen los insumos de manera directa. Aproximadamente hay 1.732 productores que est\u00e1n en proceso de evaluaci\u00f3n del Banco de Entre R\u00edos. M\u00e1s de 1.200 son clientes, lo que ha facilitado su estudio\u201d. Estuvo acompa\u00f1ado por el ministro de Econom\u00eda, <strong>Diego Valiero<\/strong>\u00a0y el ministro de Producci\u00f3n, <strong>Roberto Schunk<\/strong>.<\/p>\n<p><strong>Elvio Gu\u00eda<\/strong>, representante en Entre R\u00edos de la Federaci\u00f3n Agraria Argentina, manifest\u00f3: \u201cEstamos muy ansiosos para que el viernes comencemos a liquidar algunos cr\u00e9ditos\u201d. Y destac\u00f3: \u201cEsperemos que esto siga as\u00ed, sin dejar de trabajar en las dem\u00e1s cuestiones que planteamos\u201d. Se\u00f1al\u00f3 que tambi\u00e9n se habl\u00f3 de los problemas por las inundaciones en el departamento Islas y que este martes se aprobar\u00e1 en Diputados el proyecto de ley para definir exenciones y reducciones a ciertos sectores agropecuarios respecto de Ingresos Brutos, indic\u00f3 <em>Campo en Acci\u00f3n.<\/em><\/p>\n<p><strong>En agenda<\/strong><br \/>\nRespecto al sector lechero, este mi\u00e9rcoles habr\u00e1 una reuni\u00f3n en el Ministerio de Agricultura de la Naci\u00f3n por un cr\u00e9dito disponible de 40 millones de pesos. El lunes 28 habr\u00e1 un encuentro con el Consejo Federal de Inversiones -CFI- para avanzar con soluciones para los citricultores. Los productores tambi\u00e9n recordaron las propuestas a trav\u00e9s de YPF para combustibles e insumos, adem\u00e1s de los planes de financiamiento por el Banco Naci\u00f3n.<\/p>\n","protected":false},"excerpt":{"rendered":"<p>En la Casa Gris, se anunci&oacute; que este viernes quedar&aacute; operativa la l&iacute;nea de financiamiento a trav&eacute;s del Nuevo Banco de Entre R&iacute;os destinada a productores agropecuarios de Ente R&iacute;os.El Gobierno de Entre R&iacute;os se reuni&oacute; este martes con los representantes de los productores agropecuarios. En ese marco, Ad&aacute;n Bahl, ministro de Gobierno, expres&oacute;: &ldquo;Terminamos [&hellip;]<\/p>\n","protected":false},"author":2,"featured_media":0,"comment_status":"open","ping_status":"open","sticky":false,"template":"","format":"standard","meta":{"fifu_image_url":"","fifu_image_alt":"","footnotes":""},"categories":[10,6,16],"tags":[],"class_list":{"0":"post-11801","1":"post","2":"type-post","3":"status-publish","4":"format-standard","6":"category-campo","7":"category-entre-rios","8":"category-politi"},"yoast_head":"<title>Gobierno y productores avanzaron en medidas para el sector - Informe Litoral<\/title>\n<meta name=\"robots\" content=\"index, follow, max-snippet:-1, max-image-preview:large, max-video-preview:-1\" \/>\n<link rel=\"canonical\" href=\"https:\/\/informelitoral.com.ar\/gobierno-y-productores-avanzaron-en-medidas-para-el-sector\/\" \/>\n<meta property=\"og:locale\" content=\"es_ES\" \/>\n<meta property=\"og:type\" content=\"article\" \/>\n<meta property=\"og:title\" content=\"Gobierno y productores avanzaron en medidas para el sector - Informe Litoral\" \/>\n<meta property=\"og:description\" content=\"En la Casa Gris, se anunci&oacute; que este viernes quedar&aacute; operativa la l&iacute;nea de financiamiento a trav&eacute;s del Nuevo Banco de Entre R&iacute;os destinada a productores agropecuarios de Ente R&iacute;os.El Gobierno de Entre R&iacute;os se reuni&oacute; este martes con los representantes de los productores agropecuarios. En ese marco, Ad&aacute;n Bahl, ministro de Gobierno, expres&oacute;: &ldquo;Terminamos [&hellip;]\" \/>\n<meta property=\"og:url\" content=\"https:\/\/informelitoral.com.ar\/gobierno-y-productores-avanzaron-en-medidas-para-el-sector\/\" \/>\n<meta property=\"og:site_name\" content=\"Informe Litoral\" \/>\n<meta property=\"article:publisher\" content=\"https:\/\/www.facebook.com\/informelitoral\/\" \/>\n<meta property=\"article:published_time\" content=\"2015-09-16T03:42:44+00:00\" \/>\n<meta property=\"og:image\" content=\"https:\/\/informelitoral.com.ar\/%77%70%2d%63%6f%6e%74%65%6e%74\/uploads\/2015\/09\/1441676072.jpg\" \/>\n\t<meta property=\"og:image:width\" content=\"272\" \/>\n\t<meta property=\"og:image:height\" content=\"144\" \/>\n\t<meta property=\"og:image:type\" content=\"image\/jpeg\" \/>\n<meta name=\"author\" content=\"Gonzalo Schmidt\" \/>\n<meta name=\"twitter:card\" content=\"summary_large_image\" \/>\n<meta name=\"twitter:creator\" content=\"@InformeLitoral\" \/>\n<meta name=\"twitter:site\" content=\"@InformeLitoral\" \/>\n<meta name=\"twitter:label1\" content=\"Escrito por\" \/>\n\t<meta name=\"twitter:data1\" content=\"Gonzalo Schmidt\" \/>\n\t<meta name=\"twitter:label2\" content=\"Tiempo de lectura\" \/>\n\t<meta name=\"twitter:data2\" content=\"2 minutos\" \/>\n<script type=\"application\/ld+json\" class=\"yoast-schema-graph\">{\"@context\":\"https:\\\/\\\/schema.org\",\"@graph\":[{\"@type\":\"Article\",\"@id\":\"https:\\\/\\\/informelitoral.com.ar\\\/gobierno-y-productores-avanzaron-en-medidas-para-el-sector\\\/#article\",\"isPartOf\":{\"@id\":\"https:\\\/\\\/informelitoral.com.ar\\\/gobierno-y-productores-avanzaron-en-medidas-para-el-sector\\\/\"},\"author\":{\"name\":\"Gonzalo Schmidt\",\"@id\":\"https:\\\/\\\/informelitoral.com.ar\\\/#\\\/schema\\\/person\\\/b9d00407c836482871ef1d57bf8e3180\"},\"headline\":\"Gobierno y productores avanzaron en medidas para el sector\",\"datePublished\":\"2015-09-16T03:42:44+00:00\",\"mainEntityOfPage\":{\"@id\":\"https:\\\/\\\/informelitoral.com.ar\\\/gobierno-y-productores-avanzaron-en-medidas-para-el-sector\\\/\"},\"wordCount\":375,\"commentCount\":0,\"publisher\":{\"@id\":\"https:\\\/\\\/informelitoral.com.ar\\\/#organization\"},\"image\":{\"@id\":\"https:\\\/\\\/informelitoral.com.ar\\\/gobierno-y-productores-avanzaron-en-medidas-para-el-sector\\\/#primaryimage\"},\"thumbnailUrl\":\"http:\\\/\\\/www.isletasnoticias.com.ar\\\/%77%70%2d%63%6f%6e%74%65%6e%74\\\/uploads\\\/2015\\\/09\\\/1441676072.jpg\",\"articleSection\":[\"Campo\",\"Entre R\u00edos\",\"Politica\"],\"inLanguage\":\"es\",\"potentialAction\":[{\"@type\":\"CommentAction\",\"name\":\"Comment\",\"target\":[\"https:\\\/\\\/informelitoral.com.ar\\\/gobierno-y-productores-avanzaron-en-medidas-para-el-sector\\\/#respond\"]}]},{\"@type\":\"WebPage\",\"@id\":\"https:\\\/\\\/informelitoral.com.ar\\\/gobierno-y-productores-avanzaron-en-medidas-para-el-sector\\\/\",\"url\":\"https:\\\/\\\/informelitoral.com.ar\\\/gobierno-y-productores-avanzaron-en-medidas-para-el-sector\\\/\",\"name\":\"Gobierno y productores avanzaron en medidas para el sector - Informe Litoral\",\"isPartOf\":{\"@id\":\"https:\\\/\\\/informelitoral.com.ar\\\/#website\"},\"primaryImageOfPage\":{\"@id\":\"https:\\\/\\\/informelitoral.com.ar\\\/gobierno-y-productores-avanzaron-en-medidas-para-el-sector\\\/#primaryimage\"},\"image\":{\"@id\":\"https:\\\/\\\/informelitoral.com.ar\\\/gobierno-y-productores-avanzaron-en-medidas-para-el-sector\\\/#primaryimage\"},\"thumbnailUrl\":\"http:\\\/\\\/www.isletasnoticias.com.ar\\\/%77%70%2d%63%6f%6e%74%65%6e%74\\\/uploads\\\/2015\\\/09\\\/1441676072.jpg\",\"datePublished\":\"2015-09-16T03:42:44+00:00\",\"breadcrumb\":{\"@id\":\"https:\\\/\\\/informelitoral.com.ar\\\/gobierno-y-productores-avanzaron-en-medidas-para-el-sector\\\/#breadcrumb\"},\"inLanguage\":\"es\",\"potentialAction\":[{\"@type\":\"ReadAction\",\"target\":[\"https:\\\/\\\/informelitoral.com.ar\\\/gobierno-y-productores-avanzaron-en-medidas-para-el-sector\\\/\"]}]},{\"@type\":\"ImageObject\",\"inLanguage\":\"es\",\"@id\":\"https:\\\/\\\/informelitoral.com.ar\\\/gobierno-y-productores-avanzaron-en-medidas-para-el-sector\\\/#primaryimage\",\"url\":\"http:\\\/\\\/www.isletasnoticias.com.ar\\\/%77%70%2d%63%6f%6e%74%65%6e%74\\\/uploads\\\/2015\\\/09\\\/1441676072.jpg\",\"contentUrl\":\"http:\\\/\\\/www.isletasnoticias.com.ar\\\/%77%70%2d%63%6f%6e%74%65%6e%74\\\/uploads\\\/2015\\\/09\\\/1441676072.jpg\"},{\"@type\":\"BreadcrumbList\",\"@id\":\"https:\\\/\\\/informelitoral.com.ar\\\/gobierno-y-productores-avanzaron-en-medidas-para-el-sector\\\/#breadcrumb\",\"itemListElement\":[{\"@type\":\"ListItem\",\"position\":1,\"name\":\"Portada\",\"item\":\"https:\\\/\\\/informelitoral.com.ar\\\/\"},{\"@type\":\"ListItem\",\"position\":2,\"name\":\"Gobierno y productores avanzaron en medidas para el sector\"}]},{\"@type\":\"WebSite\",\"@id\":\"https:\\\/\\\/informelitoral.com.ar\\\/#website\",\"url\":\"https:\\\/\\\/informelitoral.com.ar\\\/\",\"name\":\"Informe Litoral\",\"description\":\"&quot;Nos informamos&quot; \",\"publisher\":{\"@id\":\"https:\\\/\\\/informelitoral.com.ar\\\/#organization\"},\"potentialAction\":[{\"@type\":\"SearchAction\",\"target\":{\"@type\":\"EntryPoint\",\"urlTemplate\":\"https:\\\/\\\/informelitoral.com.ar\\\/?s={search_term_string}\"},\"query-input\":{\"@type\":\"PropertyValueSpecification\",\"valueRequired\":true,\"valueName\":\"search_term_string\"}}],\"inLanguage\":\"es\"},{\"@type\":\"Organization\",\"@id\":\"https:\\\/\\\/informelitoral.com.ar\\\/#organization\",\"name\":\"Informe Litoral\",\"url\":\"https:\\\/\\\/informelitoral.com.ar\\\/\",\"logo\":{\"@type\":\"ImageObject\",\"inLanguage\":\"es\",\"@id\":\"https:\\\/\\\/informelitoral.com.ar\\\/#\\\/schema\\\/logo\\\/image\\\/\",\"url\":\"https:\\\/\\\/informelitoral.com.ar\\\/%77%70%2d%63%6f%6e%74%65%6e%74\\\/uploads\\\/2021\\\/01\\\/circulo.png\",\"contentUrl\":\"https:\\\/\\\/informelitoral.com.ar\\\/%77%70%2d%63%6f%6e%74%65%6e%74\\\/uploads\\\/2021\\\/01\\\/circulo.png\",\"width\":723,\"height\":731,\"caption\":\"Informe Litoral\"},\"image\":{\"@id\":\"https:\\\/\\\/informelitoral.com.ar\\\/#\\\/schema\\\/logo\\\/image\\\/\"},\"sameAs\":[\"https:\\\/\\\/www.facebook.com\\\/informelitoral\\\/\",\"https:\\\/\\\/x.com\\\/InformeLitoral\",\"https:\\\/\\\/www.instagram.com\\\/informelitoral\\\/\",\"https:\\\/\\\/www.youtube.com\\\/channel\\\/UCua4Qvz8Icb6MYqhoq9xLXw\"]},{\"@type\":\"Person\",\"@id\":\"https:\\\/\\\/informelitoral.com.ar\\\/#\\\/schema\\\/person\\\/b9d00407c836482871ef1d57bf8e3180\",\"name\":\"Gonzalo Schmidt\",\"image\":{\"@type\":\"ImageObject\",\"inLanguage\":\"es\",\"@id\":\"https:\\\/\\\/secure.gravatar.com\\\/avatar\\\/31a1a7b66ff2de83bd0e9fd79d026630d2d99e55e8bfe501287647b4fd9743de?s=96&d=mm&r=g\",\"url\":\"https:\\\/\\\/secure.gravatar.com\\\/avatar\\\/31a1a7b66ff2de83bd0e9fd79d026630d2d99e55e8bfe501287647b4fd9743de?s=96&d=mm&r=g\",\"contentUrl\":\"https:\\\/\\\/secure.gravatar.com\\\/avatar\\\/31a1a7b66ff2de83bd0e9fd79d026630d2d99e55e8bfe501287647b4fd9743de?s=96&d=mm&r=g\",\"caption\":\"Gonzalo Schmidt\"},\"description\":\"Sitio web de noticias de la provincia de Entre R\u00edos, Argentina. Informaci\u00f3n y entretenimiento. Informe Litoral, nos informamos.\",\"sameAs\":[\"http:\\\/\\\/www.isletasnoticias.com.ar\"],\"url\":\"https:\\\/\\\/informelitoral.com.ar\\\/author\\\/gonzalo\\\/\"}]}<\/script>","yoast_head_json":{"title":"Gobierno y productores avanzaron en medidas para el sector - Informe Litoral","robots":{"index":"index","follow":"follow","max-snippet":"max-snippet:-1","max-image-preview":"max-image-preview:large","max-video-preview":"max-video-preview:-1"},"canonical":"https:\/\/informelitoral.com.ar\/gobierno-y-productores-avanzaron-en-medidas-para-el-sector\/","og_locale":"es_ES","og_type":"article","og_title":"Gobierno y productores avanzaron en medidas para el sector - Informe Litoral","og_description":"En la Casa Gris, se anunci&oacute; que este viernes quedar&aacute; operativa la l&iacute;nea de financiamiento a trav&eacute;s del Nuevo Banco de Entre R&iacute;os destinada a productores agropecuarios de Ente R&iacute;os.El Gobierno de Entre R&iacute;os se reuni&oacute; este martes con los representantes de los productores agropecuarios. En ese marco, Ad&aacute;n Bahl, ministro de Gobierno, expres&oacute;: &ldquo;Terminamos [&hellip;]","og_url":"https:\/\/informelitoral.com.ar\/gobierno-y-productores-avanzaron-en-medidas-para-el-sector\/","og_site_name":"Informe Litoral","article_publisher":"https:\/\/www.facebook.com\/informelitoral\/","article_published_time":"2015-09-16T03:42:44+00:00","og_image":[{"width":272,"height":144,"url":"https:\/\/informelitoral.com.ar\/%77%70%2d%63%6f%6e%74%65%6e%74\/uploads\/2015\/09\/1441676072.jpg","type":"image\/jpeg"}],"author":"Gonzalo Schmidt","twitter_card":"summary_large_image","twitter_creator":"@InformeLitoral","twitter_site":"@InformeLitoral","twitter_misc":{"Escrito por":"Gonzalo Schmidt","Tiempo de lectura":"2 minutos"},"schema":{"@context":"https:\/\/schema.org","@graph":[{"@type":"Article","@id":"https:\/\/informelitoral.com.ar\/gobierno-y-productores-avanzaron-en-medidas-para-el-sector\/#article","isPartOf":{"@id":"https:\/\/informelitoral.com.ar\/gobierno-y-productores-avanzaron-en-medidas-para-el-sector\/"},"author":{"name":"Gonzalo Schmidt","@id":"https:\/\/informelitoral.com.ar\/#\/schema\/person\/b9d00407c836482871ef1d57bf8e3180"},"headline":"Gobierno y productores avanzaron en medidas para el sector","datePublished":"2015-09-16T03:42:44+00:00","mainEntityOfPage":{"@id":"https:\/\/informelitoral.com.ar\/gobierno-y-productores-avanzaron-en-medidas-para-el-sector\/"},"wordCount":375,"commentCount":0,"publisher":{"@id":"https:\/\/informelitoral.com.ar\/#organization"},"image":{"@id":"https:\/\/informelitoral.com.ar\/gobierno-y-productores-avanzaron-en-medidas-para-el-sector\/#primaryimage"},"thumbnailUrl":"http:\/\/www.isletasnoticias.com.ar\/%77%70%2d%63%6f%6e%74%65%6e%74\/uploads\/2015\/09\/1441676072.jpg","articleSection":["Campo","Entre R\u00edos","Politica"],"inLanguage":"es","potentialAction":[{"@type":"CommentAction","name":"Comment","target":["https:\/\/informelitoral.com.ar\/gobierno-y-productores-avanzaron-en-medidas-para-el-sector\/#respond"]}]},{"@type":"WebPage","@id":"https:\/\/informelitoral.com.ar\/gobierno-y-productores-avanzaron-en-medidas-para-el-sector\/","url":"https:\/\/informelitoral.com.ar\/gobierno-y-productores-avanzaron-en-medidas-para-el-sector\/","name":"Gobierno y productores avanzaron en medidas para el sector - Informe Litoral","isPartOf":{"@id":"https:\/\/informelitoral.com.ar\/#website"},"primaryImageOfPage":{"@id":"https:\/\/informelitoral.com.ar\/gobierno-y-productores-avanzaron-en-medidas-para-el-sector\/#primaryimage"},"image":{"@id":"https:\/\/informelitoral.com.ar\/gobierno-y-productores-avanzaron-en-medidas-para-el-sector\/#primaryimage"},"thumbnailUrl":"http:\/\/www.isletasnoticias.com.ar\/%77%70%2d%63%6f%6e%74%65%6e%74\/uploads\/2015\/09\/1441676072.jpg","datePublished":"2015-09-16T03:42:44+00:00","breadcrumb":{"@id":"https:\/\/informelitoral.com.ar\/gobierno-y-productores-avanzaron-en-medidas-para-el-sector\/#breadcrumb"},"inLanguage":"es","potentialAction":[{"@type":"ReadAction","target":["https:\/\/informelitoral.com.ar\/gobierno-y-productores-avanzaron-en-medidas-para-el-sector\/"]}]},{"@type":"ImageObject","inLanguage":"es","@id":"https:\/\/informelitoral.com.ar\/gobierno-y-productores-avanzaron-en-medidas-para-el-sector\/#primaryimage","url":"http:\/\/www.isletasnoticias.com.ar\/%77%70%2d%63%6f%6e%74%65%6e%74\/uploads\/2015\/09\/1441676072.jpg","contentUrl":"http:\/\/www.isletasnoticias.com.ar\/%77%70%2d%63%6f%6e%74%65%6e%74\/uploads\/2015\/09\/1441676072.jpg"},{"@type":"BreadcrumbList","@id":"https:\/\/informelitoral.com.ar\/gobierno-y-productores-avanzaron-en-medidas-para-el-sector\/#breadcrumb","itemListElement":[{"@type":"ListItem","position":1,"name":"Portada","item":"https:\/\/informelitoral.com.ar\/"},{"@type":"ListItem","position":2,"name":"Gobierno y productores avanzaron en medidas para el sector"}]},{"@type":"WebSite","@id":"https:\/\/informelitoral.com.ar\/#website","url":"https:\/\/informelitoral.com.ar\/","name":"Informe Litoral","description":"&quot;Nos informamos&quot; ","publisher":{"@id":"https:\/\/informelitoral.com.ar\/#organization"},"potentialAction":[{"@type":"SearchAction","target":{"@type":"EntryPoint","urlTemplate":"https:\/\/informelitoral.com.ar\/?s={search_term_string}"},"query-input":{"@type":"PropertyValueSpecification","valueRequired":true,"valueName":"search_term_string"}}],"inLanguage":"es"},{"@type":"Organization","@id":"https:\/\/informelitoral.com.ar\/#organization","name":"Informe Litoral","url":"https:\/\/informelitoral.com.ar\/","logo":{"@type":"ImageObject","inLanguage":"es","@id":"https:\/\/informelitoral.com.ar\/#\/schema\/logo\/image\/","url":"https:\/\/informelitoral.com.ar\/%77%70%2d%63%6f%6e%74%65%6e%74\/uploads\/2021\/01\/circulo.png","contentUrl":"https:\/\/informelitoral.com.ar\/%77%70%2d%63%6f%6e%74%65%6e%74\/uploads\/2021\/01\/circulo.png","width":723,"height":731,"caption":"Informe Litoral"},"image":{"@id":"https:\/\/informelitoral.com.ar\/#\/schema\/logo\/image\/"},"sameAs":["https:\/\/www.facebook.com\/informelitoral\/","https:\/\/x.com\/InformeLitoral","https:\/\/www.instagram.com\/informelitoral\/","https:\/\/www.youtube.com\/channel\/UCua4Qvz8Icb6MYqhoq9xLXw"]},{"@type":"Person","@id":"https:\/\/informelitoral.com.ar\/#\/schema\/person\/b9d00407c836482871ef1d57bf8e3180","name":"Gonzalo Schmidt","image":{"@type":"ImageObject","inLanguage":"es","@id":"https:\/\/secure.gravatar.com\/avatar\/31a1a7b66ff2de83bd0e9fd79d026630d2d99e55e8bfe501287647b4fd9743de?s=96&d=mm&r=g","url":"https:\/\/secure.gravatar.com\/avatar\/31a1a7b66ff2de83bd0e9fd79d026630d2d99e55e8bfe501287647b4fd9743de?s=96&d=mm&r=g","contentUrl":"https:\/\/secure.gravatar.com\/avatar\/31a1a7b66ff2de83bd0e9fd79d026630d2d99e55e8bfe501287647b4fd9743de?s=96&d=mm&r=g","caption":"Gonzalo Schmidt"},"description":"Sitio web de noticias de la provincia de Entre R\u00edos, Argentina. Informaci\u00f3n y entretenimiento. Informe Litoral, nos informamos.","sameAs":["http:\/\/www.isletasnoticias.com.ar"],"url":"https:\/\/informelitoral.com.ar\/author\/gonzalo\/"}]}},"_links":{"self":[{"href":"https:\/\/informelitoral.com.ar\/%77%70%2d%6a%73%6f%6e\/wp\/v2\/posts\/11801","targetHints":{"allow":["GET"]}}],"collection":[{"href":"https:\/\/informelitoral.com.ar\/%77%70%2d%6a%73%6f%6e\/wp\/v2\/posts"}],"about":[{"href":"https:\/\/informelitoral.com.ar\/%77%70%2d%6a%73%6f%6e\/wp\/v2\/types\/post"}],"author":[{"embeddable":true,"href":"https:\/\/informelitoral.com.ar\/%77%70%2d%6a%73%6f%6e\/wp\/v2\/users\/2"}],"replies":[{"embeddable":true,"href":"https:\/\/informelitoral.com.ar\/%77%70%2d%6a%73%6f%6e\/wp\/v2\/comments?post=11801"}],"version-history":[{"count":0,"href":"https:\/\/informelitoral.com.ar\/%77%70%2d%6a%73%6f%6e\/wp\/v2\/posts\/11801\/revisions"}],"wp:attachment":[{"href":"https:\/\/informelitoral.com.ar\/%77%70%2d%6a%73%6f%6e\/wp\/v2\/media?parent=11801"}],"wp:term":[{"taxonomy":"category","embeddable":true,"href":"https:\/\/informelitoral.com.ar\/%77%70%2d%6a%73%6f%6e\/wp\/v2\/categories?post=11801"},{"taxonomy":"post_tag","embeddable":true,"href":"https:\/\/informelitoral.com.ar\/%77%70%2d%6a%73%6f%6e\/wp\/v2\/tags?post=11801"}],"curies":[{"name":"wp","href":"https:\/\/api.w.org\/{rel}","templated":true}]}}