{"id":117965,"date":"2023-02-06T19:48:25","date_gmt":"2023-02-06T22:48:25","guid":{"rendered":"https:\/\/www.informelitoral.com.ar\/?p=117965"},"modified":"2023-02-06T19:48:25","modified_gmt":"2023-02-06T22:48:25","slug":"fernandez-y-bordet-firmaron-acuerdos-para-la-construccion-de-otras-700-viviendas-en-entre-rios","status":"publish","type":"post","link":"https:\/\/informelitoral.com.ar\/fernandez-y-bordet-firmaron-acuerdos-para-la-construccion-de-otras-700-viviendas-en-entre-rios\/","title":{"rendered":"Fern\u00e1ndez y Bordet firmaron acuerdos para la construcci\u00f3n de otras 700 viviendas en Entre R\u00edos"},"content":{"rendered":"<p>La vicegobernadora Laura Stratta; el intendente local, Ad\u00e1n Bahl; junto a los ministros nacionales de Obras P\u00fablicas, Gabriel Katopodis, y de Desarrollo Territorial y H\u00e1bitat, Santiago Maggiotti, tambi\u00e9n participaron en el acto que se realiz\u00f3 este lunes en el predio del Procrear ubicado en calle Espejo y Calle P\u00fablica.<\/p>\n<p>Bordet sostuvo que \u00abestamos cumpliendo con un derecho y precepto constitucional como es la vivienda propia para que la familias que ya est\u00e1n habitando, m\u00e1s las que lo har\u00e1n en el futuro en este complejo, sean 700 las que accedan a ese derecho constitucional\u201d.<\/p>\n<p><a href=\"https:\/\/www.informelitoral.com.ar\/%77%70%2d%63%6f%6e%74%65%6e%74\/uploads\/2023\/02\/1675708467jpg.jpg\"><img loading=\"lazy\" decoding=\"async\" class=\"aligncenter wp-image-117968 size-full\" src=\"https:\/\/www.informelitoral.com.ar\/%77%70%2d%63%6f%6e%74%65%6e%74\/uploads\/2023\/02\/1675708467jpg.jpg\" alt=\"\" width=\"1920\" height=\"1280\" srcset=\"https:\/\/informelitoral.com.ar\/%77%70%2d%63%6f%6e%74%65%6e%74\/uploads\/2023\/02\/1675708467jpg.jpg 1920w, https:\/\/informelitoral.com.ar\/%77%70%2d%63%6f%6e%74%65%6e%74\/uploads\/2023\/02\/1675708467jpg-300x200.jpg 300w, https:\/\/informelitoral.com.ar\/%77%70%2d%63%6f%6e%74%65%6e%74\/uploads\/2023\/02\/1675708467jpg-1024x683.jpg 1024w, https:\/\/informelitoral.com.ar\/%77%70%2d%63%6f%6e%74%65%6e%74\/uploads\/2023\/02\/1675708467jpg-768x512.jpg 768w, https:\/\/informelitoral.com.ar\/%77%70%2d%63%6f%6e%74%65%6e%74\/uploads\/2023\/02\/1675708467jpg-1536x1024.jpg 1536w, https:\/\/informelitoral.com.ar\/%77%70%2d%63%6f%6e%74%65%6e%74\/uploads\/2023\/02\/1675708467jpg-696x464.jpg 696w, https:\/\/informelitoral.com.ar\/%77%70%2d%63%6f%6e%74%65%6e%74\/uploads\/2023\/02\/1675708467jpg-1068x712.jpg 1068w, https:\/\/informelitoral.com.ar\/%77%70%2d%63%6f%6e%74%65%6e%74\/uploads\/2023\/02\/1675708467jpg-630x420.jpg 630w\" sizes=\"auto, (max-width: 1920px) 100vw, 1920px\" \/><\/a>Habl\u00f3 tambi\u00e9n luego de la firma para la construcci\u00f3n de 401 viviendas en la provincia de Entre R\u00edos, m\u00e1s precisamente en Concepci\u00f3n del Uruguay, Villaguay, Santa Anita, Segu\u00ed, Herrera, Federal, Aranguren, Villa Elisa y Lucas Gonz\u00e1lez. \u00abLes agradezco muy especialmente a los adjudicatarios, dese\u00e1ndoles que puedan disfrutar su vivienda con sus familias, con mucha prosperidad, salud y bienestar\u00bb, manifest\u00f3.<\/p>\n<p>P\u00e1rrafo aparte dedic\u00f3 al presidente Alberto Fern\u00e1ndez. \u00abPresidente, comenzamos juntos este proceso pol\u00edtico en 2019, y no fueron tiempos f\u00e1ciles para nada. Hubo m\u00faltiples factores que convergieron, externos e internos, y de todo tipo y naturaleza. Fueron momentos realmente complejos, y siempre tuvimos el acompa\u00f1amiento de su gobierno en nuestra provincia para enfrentar cuestiones que muchas veces escapan a la l\u00f3gica que se tiene pensada para gobernar con la irrupci\u00f3n intempestiva de la pandemia y otros factores externos\u00bb.<\/p>\n<p>\u00abEn esos tiempos dif\u00edciles, uno va adquiriendo la templanza y las fortalezas para hacer frente, y esto nos ha caracterizado para llevar adelante nuestras gestiones, tanto en Naci\u00f3n como en la provincia\u00bb, sostuvo poco antes de recordar que cuando Alberto Fern\u00e1ndez asumi\u00f3, \u00abla mayor\u00eda de las provincias ten\u00edamos d\u00e9ficits estructurales fiscales. Hoy todas las provincias argentinas tienen ordenadas fiscalmente sus cuentas, y esto es un m\u00e9rito que tiene su gobierno porque gener\u00f3 la transferencia de recursos necesaria para que todas las provincias argentinas tengan viabilidad. Eso es federalismo en primera persona\u00bb, remarc\u00f3.<\/p>\n<p>Dicho esto, sostuvo que \u00abpor eso, este proceso pol\u00edtico que comenzamos juntos, lo continuaremos juntos porque as\u00ed nos votaron nuestros ciudadanos para ejercer nuestros cargos p\u00fablicos, y as\u00ed de este mismo modo, continuaremos trabajando\u00bb, asegur\u00f3.<\/p>\n<p>Mencion\u00f3 luego el complejo de 713 viviendas que habr\u00e1 en Paran\u00e1 \u00aben un lugar magn\u00edfico, amigable con la naturaleza y con calidad constructiva, pero tambi\u00e9n, muy cerca de ac\u00e1, se est\u00e1n construyendo 500 viviendas m\u00e1s. Es decir, habr\u00e1 1213 viviendas. Pr\u00e1cticamente una ciudad. Habr\u00e1 5000 personas que vivir\u00e1n ac\u00e1\u00bb, enfatiz\u00f3.<\/p>\n<p>\u00abEsto nos pone contentos porque genera el acceso a este derecho constitucional, pero tambi\u00e9n un gran desaf\u00edo para llegar con servicios. Por eso quiero destacar el trabajo que tuvo la municipalidad de Paran\u00e1 para poder diagramar de manera inteligente la conexi\u00f3n de la ciudad y el acceso de los servicios al vecino que se afincan ac\u00e1, adem\u00e1s de tener la conexi\u00f3n hacia las arterias m\u00e1s importantes de la ciudad.<\/p>\n<p>En ese marco, Bordet insisti\u00f3: \u00abTodo est\u00e1 contemplado porque la obra p\u00fablica en s\u00ed tambi\u00e9n debe ir acompa\u00f1ada de desarrollo social y humano. Las viviendas, las escuelas, los hospitales, los centros de salud, los centros de desarrollo de primera infancia ser\u00edan meros edificios si no est\u00e1n acompa\u00f1ados por ese continente que son nuestros vecinos y ciudadanos que merecen tener el acceso a la vivienda, a la salud y a la educaci\u00f3n. Esto es lo que estamos haciendo en nuestras gestiones: reparar todos derechos, y concentrar todas las acciones para poder darle a nuestros vecinos m\u00e1s y mejor calidad de vida todos los d\u00edas\u00bb.<\/p>\n<p>Record\u00f3 luego que cuando promediaba su gesti\u00f3n como gobernador, \u00abno se constru\u00edan m\u00e1s viviendas en el pa\u00eds y en Entre R\u00edos. \u00c9stas estaban paradas\u00bb, y mencion\u00f3 el lanzamiento del Programa Provincial de Viviendas. \u00abNo nos sobraba la plata, al contrario, nos faltaba la plata para hacer frente a nuestros compromisos corrientes, pero sab\u00edamos que ten\u00edamos que tener la posibilidad de que nuestros vecinos de distintos pueblos y ciudades tengan vivienda. Hoy entre este programa provincial y la Naci\u00f3n se est\u00e1n construyendo m\u00e1s de 6000 viviendas en Entre R\u00edos. Ha dado un vuelco significativo la construcci\u00f3n de vivienda de desarrollo social, y esto tambi\u00e9n es trabajo. Lo saben los amigos obreros de la Uocra que hoy est\u00e1 ac\u00e1. Esto significa calidad de vida, desarrollo econ\u00f3mico y empleo\u00bb, subray\u00f3.<br \/>\nViviendas dignas<\/p>\n<p>Tras la entrega de las llaves de nuevas viviendas a sus adjudicatarios, entre ella la n\u00famero 85.000 de la gesti\u00f3n nacional, el Presidente hizo uso de la palabra y expres\u00f3 sentirse feliz de estar nuevamente en Entre R\u00edos, m\u00e1s precisamente en \u00abParan\u00e1, una ciudad emblem\u00e1tica para la historia argentina tambi\u00e9n\u00bb.<\/p>\n<p>\u201cEl Estado debe estar presente para resolver los problemas que los mercados no resuelven porque ninguna de estas casas se podr\u00eda haber construido con la l\u00f3gica del mercado\u201d, asegur\u00f3 el mandatario. En esta l\u00ednea reafirm\u00f3 que \u201cno hay mejor momento para un Presidente que la entrega de llaves de una vivienda porque la pol\u00edtica se trata de eso, de cambiarle para mejor la vida a la gente\u201d.<\/p>\n<p>Parafrase\u00f3 a Per\u00f3n: \u201cQue no tomen el poder aquellos que destruyen la Patria\u201d, y convoc\u00f3 a \u201ctodos los argentinos y las argentinas a so\u00f1ar con la utop\u00eda de la Argentina igualitaria, donde estas casas proliferen en cada rinc\u00f3n del interior del pa\u00eds, donde la tecnolog\u00eda y la educaci\u00f3n lleguen a todos y la construcci\u00f3n no se concentre en los barrios privados de los alrededores de la Ciudad de Buenos Aires\u201d.<\/p>\n<p>\u201cLos invito a construir esa utop\u00eda y que nos demos cuenta que tenemos la oportunidad porque tenemos todo lo que el mundo est\u00e1 reclamando. Les pido que esta vez no nos dividamos m\u00e1s y trabajemos juntos\u201d, concluy\u00f3.<\/p>\n<p><b>Viviendas y transformaci\u00f3n<\/b><\/p>\n<p>El intendente Bahl, quien dio la bienvenida a las autoridades presentes, destac\u00f3 que \u201cla casa propia es m\u00e1s que un sue\u00f1o. Es antes que nada un derecho, quiz\u00e1s el m\u00e1s inclusivo que supimos conquistar los argentinos, porque con un techo sobre la cabeza uno no s\u00f3lo deja de ser reh\u00e9n de un alquiler, sino que puede comenzar a pensar en el futuro\u201d.<\/p>\n<p>\u201cLa construcci\u00f3n de estas viviendas estuvo paralizada durante los cuatro a\u00f1os del gobierno anterior. Durante esos cuatro a\u00f1os, no s\u00f3lo se priv\u00f3 a 426 familias paranaenses de acceder a un hogar, sino que las familias que quisieron construir su propia vivienda tuvieron que endeudarse con un cr\u00e9dito (UVA) que les desestabiliz\u00f3 totalmente su econom\u00eda y les dio m\u00e1s dolores de cabezas que alegr\u00edas\u201d, acot\u00f3.<\/p>\n<p>Luego afirm\u00f3 que \u201cadem\u00e1s de esta pol\u00edtica de vivienda, el acompa\u00f1amiento de Naci\u00f3n y provincia, es lo que nos est\u00e1 permitiendo transformar Paran\u00e1. A\u00f1os de desinversi\u00f3n comenzaron a revertirse desde 2019. Obras muy necesarias, que est\u00e1n por fuera de cualquier presupuesto municipal, pero que gracias a que hay un gobierno provincial y uno nacional a los que les importa el interior y nos abren las puertas a todos los intendentes, hoy las podemos concretar. Inversiones que no s\u00f3lo mejoran la infraestructura urbana, sino tambi\u00e9n productiva y nos permiten a los paranaenses crear empleo genuino y aportar a la riqueza nacional\u201d.<\/p>\n<p>\u201cNo todo es lo mismo. Hay diferencia entre un gobierno que deja a familias sin casa y otro que las construye. Hay diferencia entre un gobierno que concentra las obras en la Capital Federal y otro que las distribuye con criterio federal\u201d, concluy\u00f3 el intendente Bahl.<\/p>\n<p><a href=\"https:\/\/www.informelitoral.com.ar\/%77%70%2d%63%6f%6e%74%65%6e%74\/uploads\/2023\/02\/1675707863jpg.jpg\"><img loading=\"lazy\" decoding=\"async\" class=\"aligncenter wp-image-117967 size-full\" src=\"https:\/\/www.informelitoral.com.ar\/%77%70%2d%63%6f%6e%74%65%6e%74\/uploads\/2023\/02\/1675707863jpg.jpg\" alt=\"\" width=\"1920\" height=\"1280\" srcset=\"https:\/\/informelitoral.com.ar\/%77%70%2d%63%6f%6e%74%65%6e%74\/uploads\/2023\/02\/1675707863jpg.jpg 1920w, https:\/\/informelitoral.com.ar\/%77%70%2d%63%6f%6e%74%65%6e%74\/uploads\/2023\/02\/1675707863jpg-300x200.jpg 300w, https:\/\/informelitoral.com.ar\/%77%70%2d%63%6f%6e%74%65%6e%74\/uploads\/2023\/02\/1675707863jpg-1024x683.jpg 1024w, https:\/\/informelitoral.com.ar\/%77%70%2d%63%6f%6e%74%65%6e%74\/uploads\/2023\/02\/1675707863jpg-768x512.jpg 768w, https:\/\/informelitoral.com.ar\/%77%70%2d%63%6f%6e%74%65%6e%74\/uploads\/2023\/02\/1675707863jpg-1536x1024.jpg 1536w, https:\/\/informelitoral.com.ar\/%77%70%2d%63%6f%6e%74%65%6e%74\/uploads\/2023\/02\/1675707863jpg-696x464.jpg 696w, https:\/\/informelitoral.com.ar\/%77%70%2d%63%6f%6e%74%65%6e%74\/uploads\/2023\/02\/1675707863jpg-1068x712.jpg 1068w, https:\/\/informelitoral.com.ar\/%77%70%2d%63%6f%6e%74%65%6e%74\/uploads\/2023\/02\/1675707863jpg-630x420.jpg 630w\" sizes=\"auto, (max-width: 1920px) 100vw, 1920px\" \/><\/a><\/p>\n<p><b>M\u00e1s viviendas<\/b><\/p>\n<p>En la ocasi\u00f3n se realiz\u00f3 una videoconferencia con la provincia de C\u00f3rdoba mediante la cual se procedi\u00f3 a la entrega de 38 viviendas en el Barrio Liceo.<\/p>\n<p>Al hacer uso de la palabra, el ministro Maggiotti sostuvo que \u00abhoy es un d\u00eda muy importante para cada una de las familias que recibe las llaves de su casa\u00bb y destac\u00f3 que entre ellas se entrega la n\u00famero 85.000 de la gesti\u00f3n nacional.<\/p>\n<p>Luego destac\u00f3 que la gesti\u00f3n del presidente Fern\u00e1ndez \u00abentrega 73 llaves por d\u00eda. 73 casas terminadas. 73 familias que ven cumplido el sue\u00f1o de la casa propia y esto no es casualidad porque la Argentina siempre es la misma, lo que cambia son los gobiernos. Hay momentos en la Argentina que se construyen viviendas y otros en que no se construyen, y eso tiene que ver con las prioridades que cada gobierno le da a la pol\u00edtica p\u00fablica de acceso a la vivienda, entendiendo que el Estado tiene que ser el que garantice eso que dice la Constituci\u00f3n que es tener los programas y planes de viviendas para todos los sectores de la econom\u00eda\u00bb.<\/p>\n<p>Tras se\u00f1alar que tanto en Paran\u00e1 como en C\u00f3rdoba \u00abel gobierno anterior dej\u00f3 viviendas paralizadas\u00bb, afirm\u00f3 que desde la llegada de Alberto Fern\u00e1ndez a la Presidencia \u00abpor primera vez en la historia de la Argentina que hay un ministerio que se encarga de la vivienda\u00bb y trabaja para brindar soluciones habitacionales.<\/p>\n<p>\u00abAc\u00e1 en Paran\u00e1 acabamos de firmar el inicio prontamente de 713 viviendas nuevas en la provincia\u201d, destac\u00f3 y luego subray\u00f3 que la construcci\u00f3n de viviendas conlleva a la generaci\u00f3n de empleo y reactivaci\u00f3n de la econom\u00eda. \u201cM\u00e1s del 90 por ciento de los insumos que se utilizan en una casa son de producci\u00f3n nacional. Esto hace que se mueva la econom\u00eda no solamente de Paran\u00e1, sino de toda la Argentina\u201d, manifest\u00f3 y luego felicit\u00f3 a los nuevos beneficiarios. A ellos, les transmiti\u00f3: \u201cHoy incorporan un capital que es la casa. Deben sentir una alegr\u00eda enorme y muchos deben estar pensando que ahora se pueden morir tranquilos porque sus hijos van a tener una casa. Nosotros vamos a proponer que a nuestros hijos le tenemos que dejar un pa\u00eds donde el d\u00eda de ma\u00f1ana ellos puedan cumplir el mismo sue\u00f1o que est\u00e1n cumpliendo hoy ustedes, que haya un Estado presente que garantice el acceso a la vivienda, que genere empleo, que genere reactivaci\u00f3n econ\u00f3mica y que por sobra todas las cosas genere un piso de igualdad de oportunidades para todos los argentinos, entendiendo que todos somos argentinos de primera. En este proyecto pol\u00edtico no hay argentinos de primera y de segunda. Todos tenemos que ser argentinos de primera y siempre lo tiene que garantizar el Estado\u00bb, concluy\u00f3.<\/p>\n<p><b>Convenios<\/b><\/p>\n<p>En el acto, el gobernador Bordet y el ministro Maggiotti firmaron el convenio de financiamiento de 401 viviendas en Entre R\u00edos, pertenecientes al programa Casa Propia-Construir Futuro. Dicho convenio es necesario por la modificaci\u00f3n del porcentaje del anticipo financiero (del 20 al 10) y posibilita que puedan comenzar las siguientes obras: 137 viviendas en Concepci\u00f3n del Uruguay, 81 viviendas en Villaguay, 16 viviendas en Santa Anita, 39 viviendas en Segu\u00ed, 24 viviendas en Herrera, 36 viviendas en Federal, 26 viviendas en Aranguren, 22 viviendas en Villa Elisa y 20 viviendas en Lucas Gonz\u00e1lez.<\/p>\n<p>Luego se firm\u00f3 un acta acuerdo entre el Fondo Fiduciario Programa Cr\u00e9dito Argentino del Bicentenario para la Vivienda \u00danica Familiar y la ciudad de Paran\u00e1. Se trata de un convenio entre municipio, Naci\u00f3n y provincia para construir 312 unidades habitacionales m\u00e1s de Procrear en Paran\u00e1.<\/p>\n<p>Tambi\u00e9n se firm\u00f3 el acta para el proyecto de obra Vinculaci\u00f3n del nuevo hospital de La Baxada y el hospital Militar con rutas nacionales y provinciales Etapa II. Abarca Balb\u00edn desde Zanni a Caputo, Caputo desde el aeropuerto a Newbery, Newbery desde Caputo hasta la ruta 12 y se suma Soldado Bordon desde la autov\u00eda hasta Newbery.<\/p>\n<p>Posteriormente se procedi\u00f3 a la firma del acta para el proyecto de obra Conectividad Este-Oeste con calles principales y circuito tr\u00e1nsito pesado de la ciudad de Paran\u00e1. Comprende Juan B Justo, avenida Ram\u00edrez hasta Zanni y un tramo de Balb\u00edn desde avenida Ram\u00edrez a avenida de Las Am\u00e9ricas<\/p>\n<p><b>Trabajos en la Ruta 12<\/b><\/p>\n<p>Por otra parte, se anunci\u00f3 el inicio de la obra de repavimentaci\u00f3n de la ruta nacional N\u00ba 12, tramo acceso a Galarza \u2013 Intersecci\u00f3n de ruta nacional N\u00ba 131 y ruta provincial N\u00ba 32 (Rotonda de Crespo) que tiene una longitud: 156 kil\u00f3metros. La obra fue adjudicada a la UTE integrada por las empresas Jos\u00e9 Eleuterio Pit\u00f3n SA y Lemiro Pablo Pietroboni SA por un monto de 9.932.227.235 pesos.<\/p>\n<p>En el acto tambi\u00e9n participaron los ministros de Planeamiento, Marcelo Richard; de Econom\u00eda, Hugo Ballay, y de Gobierno, Rosario Romero; los legisladores nacionales Blanca Osuna, Carolina Galliard y Marcelo Casaretto, y la titular de la Direcci\u00f3n Provincial de Vialidad, Alicia Ben\u00edtez, legisladores provinciales y otras autoridades.<\/p>\n","protected":false},"excerpt":{"rendered":"<p>\u201cEn nuestras gestiones estamos reparando derechos y concentrando todas las acciones para dar a los vecinos m\u00e1s y mejor calidad de vida todos los d\u00edas\u00bb, dijo el gobernador Gustavo Bordet al encabezar, junto al presidente Alberto Fern\u00e1ndez, la entrega de viviendas en Paran\u00e1.<\/p>\n","protected":false},"author":2,"featured_media":117966,"comment_status":"open","ping_status":"open","sticky":false,"template":"","format":"standard","meta":{"fifu_image_url":"","fifu_image_alt":"","footnotes":""},"categories":[16],"tags":[1311,352],"class_list":{"0":"post-117965","1":"post","2":"type-post","3":"status-publish","4":"format-standard","5":"has-post-thumbnail","7":"category-politi","8":"tag-alberto-fernandez","9":"tag-viviendas"},"yoast_head":"<title>Fern\u00e1ndez y Bordet firmaron acuerdos para la construcci\u00f3n de otras 700 viviendas en Entre R\u00edos - Informe Litoral<\/title>\n<meta name=\"robots\" content=\"index, follow, max-snippet:-1, max-image-preview:large, max-video-preview:-1\" \/>\n<link rel=\"canonical\" href=\"https:\/\/informelitoral.com.ar\/fernandez-y-bordet-firmaron-acuerdos-para-la-construccion-de-otras-700-viviendas-en-entre-rios\/\" \/>\n<meta property=\"og:locale\" content=\"es_ES\" \/>\n<meta property=\"og:type\" content=\"article\" \/>\n<meta property=\"og:title\" content=\"Fern\u00e1ndez y Bordet firmaron acuerdos para la construcci\u00f3n de otras 700 viviendas en Entre R\u00edos - Informe Litoral\" \/>\n<meta property=\"og:description\" content=\"\u201cEn nuestras gestiones estamos reparando derechos y concentrando todas las acciones para dar a los vecinos m\u00e1s y mejor calidad de vida todos los d\u00edas&quot;, dijo el gobernador Gustavo Bordet al encabezar, junto al presidente Alberto Fern\u00e1ndez, la entrega de viviendas en Paran\u00e1.\" \/>\n<meta property=\"og:url\" content=\"https:\/\/informelitoral.com.ar\/fernandez-y-bordet-firmaron-acuerdos-para-la-construccion-de-otras-700-viviendas-en-entre-rios\/\" \/>\n<meta property=\"og:site_name\" content=\"Informe Litoral\" \/>\n<meta property=\"article:publisher\" content=\"https:\/\/www.facebook.com\/informelitoral\/\" \/>\n<meta property=\"article:published_time\" content=\"2023-02-06T22:48:25+00:00\" \/>\n<meta property=\"og:image\" content=\"https:\/\/informelitoral.com.ar\/%77%70%2d%63%6f%6e%74%65%6e%74\/uploads\/2023\/02\/1675707719jpg.jpg\" \/>\n\t<meta property=\"og:image:width\" content=\"1920\" \/>\n\t<meta property=\"og:image:height\" content=\"1280\" \/>\n\t<meta property=\"og:image:type\" content=\"image\/jpeg\" \/>\n<meta name=\"author\" content=\"Gonzalo Schmidt\" \/>\n<meta name=\"twitter:card\" content=\"summary_large_image\" \/>\n<meta name=\"twitter:creator\" content=\"@InformeLitoral\" \/>\n<meta name=\"twitter:site\" content=\"@InformeLitoral\" \/>\n<meta name=\"twitter:label1\" content=\"Escrito por\" \/>\n\t<meta name=\"twitter:data1\" content=\"Gonzalo Schmidt\" \/>\n\t<meta name=\"twitter:label2\" content=\"Tiempo de lectura\" \/>\n\t<meta name=\"twitter:data2\" content=\"11 minutos\" \/>\n<script type=\"application\/ld+json\" class=\"yoast-schema-graph\">{\"@context\":\"https:\\\/\\\/schema.org\",\"@graph\":[{\"@type\":\"Article\",\"@id\":\"https:\\\/\\\/informelitoral.com.ar\\\/fernandez-y-bordet-firmaron-acuerdos-para-la-construccion-de-otras-700-viviendas-en-entre-rios\\\/#article\",\"isPartOf\":{\"@id\":\"https:\\\/\\\/informelitoral.com.ar\\\/fernandez-y-bordet-firmaron-acuerdos-para-la-construccion-de-otras-700-viviendas-en-entre-rios\\\/\"},\"author\":{\"name\":\"Gonzalo Schmidt\",\"@id\":\"https:\\\/\\\/informelitoral.com.ar\\\/#\\\/schema\\\/person\\\/b9d00407c836482871ef1d57bf8e3180\"},\"headline\":\"Fern\u00e1ndez y Bordet firmaron acuerdos para la construcci\u00f3n de otras 700 viviendas en Entre R\u00edos\",\"datePublished\":\"2023-02-06T22:48:25+00:00\",\"mainEntityOfPage\":{\"@id\":\"https:\\\/\\\/informelitoral.com.ar\\\/fernandez-y-bordet-firmaron-acuerdos-para-la-construccion-de-otras-700-viviendas-en-entre-rios\\\/\"},\"wordCount\":2171,\"commentCount\":0,\"publisher\":{\"@id\":\"https:\\\/\\\/informelitoral.com.ar\\\/#organization\"},\"image\":{\"@id\":\"https:\\\/\\\/informelitoral.com.ar\\\/fernandez-y-bordet-firmaron-acuerdos-para-la-construccion-de-otras-700-viviendas-en-entre-rios\\\/#primaryimage\"},\"thumbnailUrl\":\"https:\\\/\\\/informelitoral.com.ar\\\/%77%70%2d%63%6f%6e%74%65%6e%74\\\/uploads\\\/2023\\\/02\\\/1675707719jpg.jpg\",\"keywords\":[\"Alberto Fern\u00e1ndez\",\"Viviendas\"],\"articleSection\":[\"Politica\"],\"inLanguage\":\"es\",\"potentialAction\":[{\"@type\":\"CommentAction\",\"name\":\"Comment\",\"target\":[\"https:\\\/\\\/informelitoral.com.ar\\\/fernandez-y-bordet-firmaron-acuerdos-para-la-construccion-de-otras-700-viviendas-en-entre-rios\\\/#respond\"]}]},{\"@type\":\"WebPage\",\"@id\":\"https:\\\/\\\/informelitoral.com.ar\\\/fernandez-y-bordet-firmaron-acuerdos-para-la-construccion-de-otras-700-viviendas-en-entre-rios\\\/\",\"url\":\"https:\\\/\\\/informelitoral.com.ar\\\/fernandez-y-bordet-firmaron-acuerdos-para-la-construccion-de-otras-700-viviendas-en-entre-rios\\\/\",\"name\":\"Fern\u00e1ndez y Bordet firmaron acuerdos para la construcci\u00f3n de otras 700 viviendas en Entre R\u00edos - Informe Litoral\",\"isPartOf\":{\"@id\":\"https:\\\/\\\/informelitoral.com.ar\\\/#website\"},\"primaryImageOfPage\":{\"@id\":\"https:\\\/\\\/informelitoral.com.ar\\\/fernandez-y-bordet-firmaron-acuerdos-para-la-construccion-de-otras-700-viviendas-en-entre-rios\\\/#primaryimage\"},\"image\":{\"@id\":\"https:\\\/\\\/informelitoral.com.ar\\\/fernandez-y-bordet-firmaron-acuerdos-para-la-construccion-de-otras-700-viviendas-en-entre-rios\\\/#primaryimage\"},\"thumbnailUrl\":\"https:\\\/\\\/informelitoral.com.ar\\\/%77%70%2d%63%6f%6e%74%65%6e%74\\\/uploads\\\/2023\\\/02\\\/1675707719jpg.jpg\",\"datePublished\":\"2023-02-06T22:48:25+00:00\",\"breadcrumb\":{\"@id\":\"https:\\\/\\\/informelitoral.com.ar\\\/fernandez-y-bordet-firmaron-acuerdos-para-la-construccion-de-otras-700-viviendas-en-entre-rios\\\/#breadcrumb\"},\"inLanguage\":\"es\",\"potentialAction\":[{\"@type\":\"ReadAction\",\"target\":[\"https:\\\/\\\/informelitoral.com.ar\\\/fernandez-y-bordet-firmaron-acuerdos-para-la-construccion-de-otras-700-viviendas-en-entre-rios\\\/\"]}]},{\"@type\":\"ImageObject\",\"inLanguage\":\"es\",\"@id\":\"https:\\\/\\\/informelitoral.com.ar\\\/fernandez-y-bordet-firmaron-acuerdos-para-la-construccion-de-otras-700-viviendas-en-entre-rios\\\/#primaryimage\",\"url\":\"https:\\\/\\\/informelitoral.com.ar\\\/%77%70%2d%63%6f%6e%74%65%6e%74\\\/uploads\\\/2023\\\/02\\\/1675707719jpg.jpg\",\"contentUrl\":\"https:\\\/\\\/informelitoral.com.ar\\\/%77%70%2d%63%6f%6e%74%65%6e%74\\\/uploads\\\/2023\\\/02\\\/1675707719jpg.jpg\",\"width\":1920,\"height\":1280},{\"@type\":\"BreadcrumbList\",\"@id\":\"https:\\\/\\\/informelitoral.com.ar\\\/fernandez-y-bordet-firmaron-acuerdos-para-la-construccion-de-otras-700-viviendas-en-entre-rios\\\/#breadcrumb\",\"itemListElement\":[{\"@type\":\"ListItem\",\"position\":1,\"name\":\"Portada\",\"item\":\"https:\\\/\\\/informelitoral.com.ar\\\/\"},{\"@type\":\"ListItem\",\"position\":2,\"name\":\"Fern\u00e1ndez y Bordet firmaron acuerdos para la construcci\u00f3n de otras 700 viviendas en Entre R\u00edos\"}]},{\"@type\":\"WebSite\",\"@id\":\"https:\\\/\\\/informelitoral.com.ar\\\/#website\",\"url\":\"https:\\\/\\\/informelitoral.com.ar\\\/\",\"name\":\"Informe Litoral\",\"description\":\"&quot;Nos informamos&quot; \",\"publisher\":{\"@id\":\"https:\\\/\\\/informelitoral.com.ar\\\/#organization\"},\"potentialAction\":[{\"@type\":\"SearchAction\",\"target\":{\"@type\":\"EntryPoint\",\"urlTemplate\":\"https:\\\/\\\/informelitoral.com.ar\\\/?s={search_term_string}\"},\"query-input\":{\"@type\":\"PropertyValueSpecification\",\"valueRequired\":true,\"valueName\":\"search_term_string\"}}],\"inLanguage\":\"es\"},{\"@type\":\"Organization\",\"@id\":\"https:\\\/\\\/informelitoral.com.ar\\\/#organization\",\"name\":\"Informe Litoral\",\"url\":\"https:\\\/\\\/informelitoral.com.ar\\\/\",\"logo\":{\"@type\":\"ImageObject\",\"inLanguage\":\"es\",\"@id\":\"https:\\\/\\\/informelitoral.com.ar\\\/#\\\/schema\\\/logo\\\/image\\\/\",\"url\":\"https:\\\/\\\/informelitoral.com.ar\\\/%77%70%2d%63%6f%6e%74%65%6e%74\\\/uploads\\\/2021\\\/01\\\/circulo.png\",\"contentUrl\":\"https:\\\/\\\/informelitoral.com.ar\\\/%77%70%2d%63%6f%6e%74%65%6e%74\\\/uploads\\\/2021\\\/01\\\/circulo.png\",\"width\":723,\"height\":731,\"caption\":\"Informe Litoral\"},\"image\":{\"@id\":\"https:\\\/\\\/informelitoral.com.ar\\\/#\\\/schema\\\/logo\\\/image\\\/\"},\"sameAs\":[\"https:\\\/\\\/www.facebook.com\\\/informelitoral\\\/\",\"https:\\\/\\\/x.com\\\/InformeLitoral\",\"https:\\\/\\\/www.instagram.com\\\/informelitoral\\\/\",\"https:\\\/\\\/www.youtube.com\\\/channel\\\/UCua4Qvz8Icb6MYqhoq9xLXw\"]},{\"@type\":\"Person\",\"@id\":\"https:\\\/\\\/informelitoral.com.ar\\\/#\\\/schema\\\/person\\\/b9d00407c836482871ef1d57bf8e3180\",\"name\":\"Gonzalo Schmidt\",\"image\":{\"@type\":\"ImageObject\",\"inLanguage\":\"es\",\"@id\":\"https:\\\/\\\/secure.gravatar.com\\\/avatar\\\/31a1a7b66ff2de83bd0e9fd79d026630d2d99e55e8bfe501287647b4fd9743de?s=96&d=mm&r=g\",\"url\":\"https:\\\/\\\/secure.gravatar.com\\\/avatar\\\/31a1a7b66ff2de83bd0e9fd79d026630d2d99e55e8bfe501287647b4fd9743de?s=96&d=mm&r=g\",\"contentUrl\":\"https:\\\/\\\/secure.gravatar.com\\\/avatar\\\/31a1a7b66ff2de83bd0e9fd79d026630d2d99e55e8bfe501287647b4fd9743de?s=96&d=mm&r=g\",\"caption\":\"Gonzalo Schmidt\"},\"description\":\"Sitio web de noticias de la provincia de Entre R\u00edos, Argentina. Informaci\u00f3n y entretenimiento. Informe Litoral, nos informamos.\",\"sameAs\":[\"http:\\\/\\\/www.isletasnoticias.com.ar\"],\"url\":\"https:\\\/\\\/informelitoral.com.ar\\\/author\\\/gonzalo\\\/\"}]}<\/script>","yoast_head_json":{"title":"Fern\u00e1ndez y Bordet firmaron acuerdos para la construcci\u00f3n de otras 700 viviendas en Entre R\u00edos - Informe Litoral","robots":{"index":"index","follow":"follow","max-snippet":"max-snippet:-1","max-image-preview":"max-image-preview:large","max-video-preview":"max-video-preview:-1"},"canonical":"https:\/\/informelitoral.com.ar\/fernandez-y-bordet-firmaron-acuerdos-para-la-construccion-de-otras-700-viviendas-en-entre-rios\/","og_locale":"es_ES","og_type":"article","og_title":"Fern\u00e1ndez y Bordet firmaron acuerdos para la construcci\u00f3n de otras 700 viviendas en Entre R\u00edos - Informe Litoral","og_description":"\u201cEn nuestras gestiones estamos reparando derechos y concentrando todas las acciones para dar a los vecinos m\u00e1s y mejor calidad de vida todos los d\u00edas\", dijo el gobernador Gustavo Bordet al encabezar, junto al presidente Alberto Fern\u00e1ndez, la entrega de viviendas en Paran\u00e1.","og_url":"https:\/\/informelitoral.com.ar\/fernandez-y-bordet-firmaron-acuerdos-para-la-construccion-de-otras-700-viviendas-en-entre-rios\/","og_site_name":"Informe Litoral","article_publisher":"https:\/\/www.facebook.com\/informelitoral\/","article_published_time":"2023-02-06T22:48:25+00:00","og_image":[{"width":1920,"height":1280,"url":"https:\/\/informelitoral.com.ar\/%77%70%2d%63%6f%6e%74%65%6e%74\/uploads\/2023\/02\/1675707719jpg.jpg","type":"image\/jpeg"}],"author":"Gonzalo Schmidt","twitter_card":"summary_large_image","twitter_creator":"@InformeLitoral","twitter_site":"@InformeLitoral","twitter_misc":{"Escrito por":"Gonzalo Schmidt","Tiempo de lectura":"11 minutos"},"schema":{"@context":"https:\/\/schema.org","@graph":[{"@type":"Article","@id":"https:\/\/informelitoral.com.ar\/fernandez-y-bordet-firmaron-acuerdos-para-la-construccion-de-otras-700-viviendas-en-entre-rios\/#article","isPartOf":{"@id":"https:\/\/informelitoral.com.ar\/fernandez-y-bordet-firmaron-acuerdos-para-la-construccion-de-otras-700-viviendas-en-entre-rios\/"},"author":{"name":"Gonzalo Schmidt","@id":"https:\/\/informelitoral.com.ar\/#\/schema\/person\/b9d00407c836482871ef1d57bf8e3180"},"headline":"Fern\u00e1ndez y Bordet firmaron acuerdos para la construcci\u00f3n de otras 700 viviendas en Entre R\u00edos","datePublished":"2023-02-06T22:48:25+00:00","mainEntityOfPage":{"@id":"https:\/\/informelitoral.com.ar\/fernandez-y-bordet-firmaron-acuerdos-para-la-construccion-de-otras-700-viviendas-en-entre-rios\/"},"wordCount":2171,"commentCount":0,"publisher":{"@id":"https:\/\/informelitoral.com.ar\/#organization"},"image":{"@id":"https:\/\/informelitoral.com.ar\/fernandez-y-bordet-firmaron-acuerdos-para-la-construccion-de-otras-700-viviendas-en-entre-rios\/#primaryimage"},"thumbnailUrl":"https:\/\/informelitoral.com.ar\/%77%70%2d%63%6f%6e%74%65%6e%74\/uploads\/2023\/02\/1675707719jpg.jpg","keywords":["Alberto Fern\u00e1ndez","Viviendas"],"articleSection":["Politica"],"inLanguage":"es","potentialAction":[{"@type":"CommentAction","name":"Comment","target":["https:\/\/informelitoral.com.ar\/fernandez-y-bordet-firmaron-acuerdos-para-la-construccion-de-otras-700-viviendas-en-entre-rios\/#respond"]}]},{"@type":"WebPage","@id":"https:\/\/informelitoral.com.ar\/fernandez-y-bordet-firmaron-acuerdos-para-la-construccion-de-otras-700-viviendas-en-entre-rios\/","url":"https:\/\/informelitoral.com.ar\/fernandez-y-bordet-firmaron-acuerdos-para-la-construccion-de-otras-700-viviendas-en-entre-rios\/","name":"Fern\u00e1ndez y Bordet firmaron acuerdos para la construcci\u00f3n de otras 700 viviendas en Entre R\u00edos - Informe Litoral","isPartOf":{"@id":"https:\/\/informelitoral.com.ar\/#website"},"primaryImageOfPage":{"@id":"https:\/\/informelitoral.com.ar\/fernandez-y-bordet-firmaron-acuerdos-para-la-construccion-de-otras-700-viviendas-en-entre-rios\/#primaryimage"},"image":{"@id":"https:\/\/informelitoral.com.ar\/fernandez-y-bordet-firmaron-acuerdos-para-la-construccion-de-otras-700-viviendas-en-entre-rios\/#primaryimage"},"thumbnailUrl":"https:\/\/informelitoral.com.ar\/%77%70%2d%63%6f%6e%74%65%6e%74\/uploads\/2023\/02\/1675707719jpg.jpg","datePublished":"2023-02-06T22:48:25+00:00","breadcrumb":{"@id":"https:\/\/informelitoral.com.ar\/fernandez-y-bordet-firmaron-acuerdos-para-la-construccion-de-otras-700-viviendas-en-entre-rios\/#breadcrumb"},"inLanguage":"es","potentialAction":[{"@type":"ReadAction","target":["https:\/\/informelitoral.com.ar\/fernandez-y-bordet-firmaron-acuerdos-para-la-construccion-de-otras-700-viviendas-en-entre-rios\/"]}]},{"@type":"ImageObject","inLanguage":"es","@id":"https:\/\/informelitoral.com.ar\/fernandez-y-bordet-firmaron-acuerdos-para-la-construccion-de-otras-700-viviendas-en-entre-rios\/#primaryimage","url":"https:\/\/informelitoral.com.ar\/%77%70%2d%63%6f%6e%74%65%6e%74\/uploads\/2023\/02\/1675707719jpg.jpg","contentUrl":"https:\/\/informelitoral.com.ar\/%77%70%2d%63%6f%6e%74%65%6e%74\/uploads\/2023\/02\/1675707719jpg.jpg","width":1920,"height":1280},{"@type":"BreadcrumbList","@id":"https:\/\/informelitoral.com.ar\/fernandez-y-bordet-firmaron-acuerdos-para-la-construccion-de-otras-700-viviendas-en-entre-rios\/#breadcrumb","itemListElement":[{"@type":"ListItem","position":1,"name":"Portada","item":"https:\/\/informelitoral.com.ar\/"},{"@type":"ListItem","position":2,"name":"Fern\u00e1ndez y Bordet firmaron acuerdos para la construcci\u00f3n de otras 700 viviendas en Entre R\u00edos"}]},{"@type":"WebSite","@id":"https:\/\/informelitoral.com.ar\/#website","url":"https:\/\/informelitoral.com.ar\/","name":"Informe Litoral","description":"&quot;Nos informamos&quot; ","publisher":{"@id":"https:\/\/informelitoral.com.ar\/#organization"},"potentialAction":[{"@type":"SearchAction","target":{"@type":"EntryPoint","urlTemplate":"https:\/\/informelitoral.com.ar\/?s={search_term_string}"},"query-input":{"@type":"PropertyValueSpecification","valueRequired":true,"valueName":"search_term_string"}}],"inLanguage":"es"},{"@type":"Organization","@id":"https:\/\/informelitoral.com.ar\/#organization","name":"Informe Litoral","url":"https:\/\/informelitoral.com.ar\/","logo":{"@type":"ImageObject","inLanguage":"es","@id":"https:\/\/informelitoral.com.ar\/#\/schema\/logo\/image\/","url":"https:\/\/informelitoral.com.ar\/%77%70%2d%63%6f%6e%74%65%6e%74\/uploads\/2021\/01\/circulo.png","contentUrl":"https:\/\/informelitoral.com.ar\/%77%70%2d%63%6f%6e%74%65%6e%74\/uploads\/2021\/01\/circulo.png","width":723,"height":731,"caption":"Informe Litoral"},"image":{"@id":"https:\/\/informelitoral.com.ar\/#\/schema\/logo\/image\/"},"sameAs":["https:\/\/www.facebook.com\/informelitoral\/","https:\/\/x.com\/InformeLitoral","https:\/\/www.instagram.com\/informelitoral\/","https:\/\/www.youtube.com\/channel\/UCua4Qvz8Icb6MYqhoq9xLXw"]},{"@type":"Person","@id":"https:\/\/informelitoral.com.ar\/#\/schema\/person\/b9d00407c836482871ef1d57bf8e3180","name":"Gonzalo Schmidt","image":{"@type":"ImageObject","inLanguage":"es","@id":"https:\/\/secure.gravatar.com\/avatar\/31a1a7b66ff2de83bd0e9fd79d026630d2d99e55e8bfe501287647b4fd9743de?s=96&d=mm&r=g","url":"https:\/\/secure.gravatar.com\/avatar\/31a1a7b66ff2de83bd0e9fd79d026630d2d99e55e8bfe501287647b4fd9743de?s=96&d=mm&r=g","contentUrl":"https:\/\/secure.gravatar.com\/avatar\/31a1a7b66ff2de83bd0e9fd79d026630d2d99e55e8bfe501287647b4fd9743de?s=96&d=mm&r=g","caption":"Gonzalo Schmidt"},"description":"Sitio web de noticias de la provincia de Entre R\u00edos, Argentina. Informaci\u00f3n y entretenimiento. Informe Litoral, nos informamos.","sameAs":["http:\/\/www.isletasnoticias.com.ar"],"url":"https:\/\/informelitoral.com.ar\/author\/gonzalo\/"}]}},"_links":{"self":[{"href":"https:\/\/informelitoral.com.ar\/%77%70%2d%6a%73%6f%6e\/wp\/v2\/posts\/117965","targetHints":{"allow":["GET"]}}],"collection":[{"href":"https:\/\/informelitoral.com.ar\/%77%70%2d%6a%73%6f%6e\/wp\/v2\/posts"}],"about":[{"href":"https:\/\/informelitoral.com.ar\/%77%70%2d%6a%73%6f%6e\/wp\/v2\/types\/post"}],"author":[{"embeddable":true,"href":"https:\/\/informelitoral.com.ar\/%77%70%2d%6a%73%6f%6e\/wp\/v2\/users\/2"}],"replies":[{"embeddable":true,"href":"https:\/\/informelitoral.com.ar\/%77%70%2d%6a%73%6f%6e\/wp\/v2\/comments?post=117965"}],"version-history":[{"count":0,"href":"https:\/\/informelitoral.com.ar\/%77%70%2d%6a%73%6f%6e\/wp\/v2\/posts\/117965\/revisions"}],"wp:featuredmedia":[{"embeddable":true,"href":"https:\/\/informelitoral.com.ar\/%77%70%2d%6a%73%6f%6e\/wp\/v2\/media\/117966"}],"wp:attachment":[{"href":"https:\/\/informelitoral.com.ar\/%77%70%2d%6a%73%6f%6e\/wp\/v2\/media?parent=117965"}],"wp:term":[{"taxonomy":"category","embeddable":true,"href":"https:\/\/informelitoral.com.ar\/%77%70%2d%6a%73%6f%6e\/wp\/v2\/categories?post=117965"},{"taxonomy":"post_tag","embeddable":true,"href":"https:\/\/informelitoral.com.ar\/%77%70%2d%6a%73%6f%6e\/wp\/v2\/tags?post=117965"}],"curies":[{"name":"wp","href":"https:\/\/api.w.org\/{rel}","templated":true}]}}