{"id":11787,"date":"2015-09-14T16:14:16","date_gmt":"2015-09-14T19:14:16","guid":{"rendered":"http:\/\/www.isletasnoticias.com.ar\/?p=11787"},"modified":"2015-09-14T16:16:47","modified_gmt":"2015-09-14T19:16:47","slug":"ramirez-fue-detenido-tras-agredir-a-una-menor-y-golpear-a-un-vecino-con-un-martillo","status":"publish","type":"post","link":"https:\/\/informelitoral.com.ar\/ramirez-fue-detenido-tras-agredir-a-una-menor-y-golpear-a-un-vecino-con-un-martillo\/","title":{"rendered":"Ram\u00edrez: fue detenido tras agredir a una menor y golpear a un vecino con un martillo"},"content":{"rendered":"<p><strong>Agredi\u00f3 a una menor, golpe\u00f3 con un martillo a un vecino que la quiso defender y se dio a la fuga. Posteriormente la polic\u00eda lo detuvo y la joven fue derivada a Paran\u00e1 para realizarle los estudios pertinentes. El hecho se registr\u00f3 durante la noche del s\u00e1bado.\u00a0<a href=\"http:\/\/www.isletasnoticias.com.ar\/%77%70%2d%63%6f%6e%74%65%6e%74\/uploads\/2015\/09\/RAM\u00cdREZ-COMISAR\u00cdA.jpg\"><img loading=\"lazy\" decoding=\"async\" class=\"aligncenter size-medium wp-image-11788\" src=\"http:\/\/www.isletasnoticias.com.ar\/%77%70%2d%63%6f%6e%74%65%6e%74\/uploads\/2015\/09\/RAM\u00cdREZ-COMISAR\u00cdA-300x165.jpg\" alt=\"RAM\u00cdREZ-COMISAR\u00cdA\" width=\"300\" height=\"165\" srcset=\"https:\/\/informelitoral.com.ar\/%77%70%2d%63%6f%6e%74%65%6e%74\/uploads\/2015\/09\/RAM\u00cdREZ-COMISAR\u00cdA-300x165.jpg 300w, https:\/\/informelitoral.com.ar\/%77%70%2d%63%6f%6e%74%65%6e%74\/uploads\/2015\/09\/RAM\u00cdREZ-COMISAR\u00cdA.jpg 693w\" sizes=\"auto, (max-width: 300px) 100vw, 300px\" \/><\/a><\/strong>Personal policial de la Comisar\u00eda de General Ram\u00edrez, tras ser alertado por un llamado telef\u00f3nico, se hizo presente en las calles 13 de Marzo y 29 de Septiembre el pasado s\u00e1bado alrededor de las 21.40, donde se hallaba tirada sobre la vereda una menor de edad, quien hab\u00eda sido agredida por un hombre y estaba siendo asistida por personas que se trasladaban por el lugar.<\/p>\n<p>La joven fue defendida por un vecino, quien recibi\u00f3 un golpe con un martillo por parte del atacante, el cual se dio a la fuga dejando abandonado su autom\u00f3vil Ford Sierra con las llaves colocadas.<\/p>\n<p>Los funcionarios en forma inmediata montaron un operativo y localizaron al agresor, el cual fue trasladado a la dependencia policial, mientras que la v\u00edctima en primer t\u00e9rmino fue atendida en el nosocomio local y luego derivada al Hospital San Mart\u00edn, para realizarle una tomograf\u00eda computada.<\/p>\n<p>Tras la intervenci\u00f3n de la Unidad Fiscal correspondiente, se detuvo al delincuente, el cual se encuentra alojado en la Jefatura Departamental de Diamante y se secuestraron el auto, un martillo y un pantal\u00f3n de jeans, color negro, hallado en el interior del rodado, el cual pertenecer\u00eda a la joven agredida. As\u00ed tambi\u00e9n se recibi\u00f3 la respectiva denuncia penal del vecino que tambi\u00e9n fue golpeado por el individuo en cuesti\u00f3n. <em>(El Observador)<\/em><\/p>\n","protected":false},"excerpt":{"rendered":"<p>Agredi&oacute; a una menor, golpe&oacute; con un martillo a un vecino que la quiso defender y se dio a la fuga. Posteriormente la polic&iacute;a lo detuvo y la joven fue derivada a Paran&aacute; para realizarle los estudios pertinentes. El hecho se registr&oacute; durante la noche del s&aacute;bado.&nbsp;Personal policial de la Comisar&iacute;a de General Ram&iacute;rez, tras [&hellip;]<\/p>\n","protected":false},"author":2,"featured_media":0,"comment_status":"open","ping_status":"open","sticky":false,"template":"","format":"standard","meta":{"fifu_image_url":"","fifu_image_alt":"","footnotes":""},"categories":[5,14],"tags":[],"class_list":{"0":"post-11787","1":"post","2":"type-post","3":"status-publish","4":"format-standard","6":"category-zonales","7":"category-policiales"},"yoast_head":"<title>Ram\u00edrez: fue detenido tras agredir a una menor y golpear a un vecino con un martillo - Informe Litoral<\/title>\n<meta name=\"robots\" content=\"index, follow, max-snippet:-1, max-image-preview:large, max-video-preview:-1\" \/>\n<link rel=\"canonical\" href=\"https:\/\/informelitoral.com.ar\/ramirez-fue-detenido-tras-agredir-a-una-menor-y-golpear-a-un-vecino-con-un-martillo\/\" \/>\n<meta property=\"og:locale\" content=\"es_ES\" \/>\n<meta property=\"og:type\" content=\"article\" \/>\n<meta property=\"og:title\" content=\"Ram\u00edrez: fue detenido tras agredir a una menor y golpear a un vecino con un martillo - Informe Litoral\" \/>\n<meta property=\"og:description\" content=\"Agredi&oacute; a una menor, golpe&oacute; con un martillo a un vecino que la quiso defender y se dio a la fuga. Posteriormente la polic&iacute;a lo detuvo y la joven fue derivada a Paran&aacute; para realizarle los estudios pertinentes. El hecho se registr&oacute; durante la noche del s&aacute;bado.&nbsp;Personal policial de la Comisar&iacute;a de General Ram&iacute;rez, tras [&hellip;]\" \/>\n<meta property=\"og:url\" content=\"https:\/\/informelitoral.com.ar\/ramirez-fue-detenido-tras-agredir-a-una-menor-y-golpear-a-un-vecino-con-un-martillo\/\" \/>\n<meta property=\"og:site_name\" content=\"Informe Litoral\" \/>\n<meta property=\"article:publisher\" content=\"https:\/\/www.facebook.com\/informelitoral\/\" \/>\n<meta property=\"article:published_time\" content=\"2015-09-14T19:14:16+00:00\" \/>\n<meta property=\"article:modified_time\" content=\"2015-09-14T19:16:47+00:00\" \/>\n<meta name=\"author\" content=\"Gonzalo Schmidt\" \/>\n<meta name=\"twitter:card\" content=\"summary_large_image\" \/>\n<meta name=\"twitter:creator\" content=\"@InformeLitoral\" \/>\n<meta name=\"twitter:site\" content=\"@InformeLitoral\" \/>\n<meta name=\"twitter:label1\" content=\"Escrito por\" \/>\n\t<meta name=\"twitter:data1\" content=\"Gonzalo Schmidt\" \/>\n\t<meta name=\"twitter:label2\" content=\"Tiempo de lectura\" \/>\n\t<meta name=\"twitter:data2\" content=\"1 minuto\" \/>\n<script type=\"application\/ld+json\" class=\"yoast-schema-graph\">{\"@context\":\"https:\\\/\\\/schema.org\",\"@graph\":[{\"@type\":\"Article\",\"@id\":\"https:\\\/\\\/informelitoral.com.ar\\\/ramirez-fue-detenido-tras-agredir-a-una-menor-y-golpear-a-un-vecino-con-un-martillo\\\/#article\",\"isPartOf\":{\"@id\":\"https:\\\/\\\/informelitoral.com.ar\\\/ramirez-fue-detenido-tras-agredir-a-una-menor-y-golpear-a-un-vecino-con-un-martillo\\\/\"},\"author\":{\"name\":\"Gonzalo Schmidt\",\"@id\":\"https:\\\/\\\/informelitoral.com.ar\\\/#\\\/schema\\\/person\\\/b9d00407c836482871ef1d57bf8e3180\"},\"headline\":\"Ram\u00edrez: fue detenido tras agredir a una menor y golpear a un vecino con un martillo\",\"datePublished\":\"2015-09-14T19:14:16+00:00\",\"dateModified\":\"2015-09-14T19:16:47+00:00\",\"mainEntityOfPage\":{\"@id\":\"https:\\\/\\\/informelitoral.com.ar\\\/ramirez-fue-detenido-tras-agredir-a-una-menor-y-golpear-a-un-vecino-con-un-martillo\\\/\"},\"wordCount\":295,\"commentCount\":0,\"publisher\":{\"@id\":\"https:\\\/\\\/informelitoral.com.ar\\\/#organization\"},\"articleSection\":[\"Departamento Diamante\",\"Policiales\"],\"inLanguage\":\"es\",\"potentialAction\":[{\"@type\":\"CommentAction\",\"name\":\"Comment\",\"target\":[\"https:\\\/\\\/informelitoral.com.ar\\\/ramirez-fue-detenido-tras-agredir-a-una-menor-y-golpear-a-un-vecino-con-un-martillo\\\/#respond\"]}]},{\"@type\":\"WebPage\",\"@id\":\"https:\\\/\\\/informelitoral.com.ar\\\/ramirez-fue-detenido-tras-agredir-a-una-menor-y-golpear-a-un-vecino-con-un-martillo\\\/\",\"url\":\"https:\\\/\\\/informelitoral.com.ar\\\/ramirez-fue-detenido-tras-agredir-a-una-menor-y-golpear-a-un-vecino-con-un-martillo\\\/\",\"name\":\"Ram\u00edrez: fue detenido tras agredir a una menor y golpear a un vecino con un martillo - Informe Litoral\",\"isPartOf\":{\"@id\":\"https:\\\/\\\/informelitoral.com.ar\\\/#website\"},\"datePublished\":\"2015-09-14T19:14:16+00:00\",\"dateModified\":\"2015-09-14T19:16:47+00:00\",\"breadcrumb\":{\"@id\":\"https:\\\/\\\/informelitoral.com.ar\\\/ramirez-fue-detenido-tras-agredir-a-una-menor-y-golpear-a-un-vecino-con-un-martillo\\\/#breadcrumb\"},\"inLanguage\":\"es\",\"potentialAction\":[{\"@type\":\"ReadAction\",\"target\":[\"https:\\\/\\\/informelitoral.com.ar\\\/ramirez-fue-detenido-tras-agredir-a-una-menor-y-golpear-a-un-vecino-con-un-martillo\\\/\"]}]},{\"@type\":\"BreadcrumbList\",\"@id\":\"https:\\\/\\\/informelitoral.com.ar\\\/ramirez-fue-detenido-tras-agredir-a-una-menor-y-golpear-a-un-vecino-con-un-martillo\\\/#breadcrumb\",\"itemListElement\":[{\"@type\":\"ListItem\",\"position\":1,\"name\":\"Portada\",\"item\":\"https:\\\/\\\/informelitoral.com.ar\\\/\"},{\"@type\":\"ListItem\",\"position\":2,\"name\":\"Ram\u00edrez: fue detenido tras agredir a una menor y golpear a un vecino con un martillo\"}]},{\"@type\":\"WebSite\",\"@id\":\"https:\\\/\\\/informelitoral.com.ar\\\/#website\",\"url\":\"https:\\\/\\\/informelitoral.com.ar\\\/\",\"name\":\"Informe Litoral\",\"description\":\"&quot;Nos informamos&quot; \",\"publisher\":{\"@id\":\"https:\\\/\\\/informelitoral.com.ar\\\/#organization\"},\"potentialAction\":[{\"@type\":\"SearchAction\",\"target\":{\"@type\":\"EntryPoint\",\"urlTemplate\":\"https:\\\/\\\/informelitoral.com.ar\\\/?s={search_term_string}\"},\"query-input\":{\"@type\":\"PropertyValueSpecification\",\"valueRequired\":true,\"valueName\":\"search_term_string\"}}],\"inLanguage\":\"es\"},{\"@type\":\"Organization\",\"@id\":\"https:\\\/\\\/informelitoral.com.ar\\\/#organization\",\"name\":\"Informe Litoral\",\"url\":\"https:\\\/\\\/informelitoral.com.ar\\\/\",\"logo\":{\"@type\":\"ImageObject\",\"inLanguage\":\"es\",\"@id\":\"https:\\\/\\\/informelitoral.com.ar\\\/#\\\/schema\\\/logo\\\/image\\\/\",\"url\":\"https:\\\/\\\/informelitoral.com.ar\\\/%77%70%2d%63%6f%6e%74%65%6e%74\\\/uploads\\\/2021\\\/01\\\/circulo.png\",\"contentUrl\":\"https:\\\/\\\/informelitoral.com.ar\\\/%77%70%2d%63%6f%6e%74%65%6e%74\\\/uploads\\\/2021\\\/01\\\/circulo.png\",\"width\":723,\"height\":731,\"caption\":\"Informe Litoral\"},\"image\":{\"@id\":\"https:\\\/\\\/informelitoral.com.ar\\\/#\\\/schema\\\/logo\\\/image\\\/\"},\"sameAs\":[\"https:\\\/\\\/www.facebook.com\\\/informelitoral\\\/\",\"https:\\\/\\\/x.com\\\/InformeLitoral\",\"https:\\\/\\\/www.instagram.com\\\/informelitoral\\\/\",\"https:\\\/\\\/www.youtube.com\\\/channel\\\/UCua4Qvz8Icb6MYqhoq9xLXw\"]},{\"@type\":\"Person\",\"@id\":\"https:\\\/\\\/informelitoral.com.ar\\\/#\\\/schema\\\/person\\\/b9d00407c836482871ef1d57bf8e3180\",\"name\":\"Gonzalo Schmidt\",\"image\":{\"@type\":\"ImageObject\",\"inLanguage\":\"es\",\"@id\":\"https:\\\/\\\/secure.gravatar.com\\\/avatar\\\/31a1a7b66ff2de83bd0e9fd79d026630d2d99e55e8bfe501287647b4fd9743de?s=96&d=mm&r=g\",\"url\":\"https:\\\/\\\/secure.gravatar.com\\\/avatar\\\/31a1a7b66ff2de83bd0e9fd79d026630d2d99e55e8bfe501287647b4fd9743de?s=96&d=mm&r=g\",\"contentUrl\":\"https:\\\/\\\/secure.gravatar.com\\\/avatar\\\/31a1a7b66ff2de83bd0e9fd79d026630d2d99e55e8bfe501287647b4fd9743de?s=96&d=mm&r=g\",\"caption\":\"Gonzalo Schmidt\"},\"description\":\"Sitio web de noticias de la provincia de Entre R\u00edos, Argentina. Informaci\u00f3n y entretenimiento. Informe Litoral, nos informamos.\",\"sameAs\":[\"http:\\\/\\\/www.isletasnoticias.com.ar\"],\"url\":\"https:\\\/\\\/informelitoral.com.ar\\\/author\\\/gonzalo\\\/\"}]}<\/script>","yoast_head_json":{"title":"Ram\u00edrez: fue detenido tras agredir a una menor y golpear a un vecino con un martillo - Informe Litoral","robots":{"index":"index","follow":"follow","max-snippet":"max-snippet:-1","max-image-preview":"max-image-preview:large","max-video-preview":"max-video-preview:-1"},"canonical":"https:\/\/informelitoral.com.ar\/ramirez-fue-detenido-tras-agredir-a-una-menor-y-golpear-a-un-vecino-con-un-martillo\/","og_locale":"es_ES","og_type":"article","og_title":"Ram\u00edrez: fue detenido tras agredir a una menor y golpear a un vecino con un martillo - Informe Litoral","og_description":"Agredi&oacute; a una menor, golpe&oacute; con un martillo a un vecino que la quiso defender y se dio a la fuga. Posteriormente la polic&iacute;a lo detuvo y la joven fue derivada a Paran&aacute; para realizarle los estudios pertinentes. El hecho se registr&oacute; durante la noche del s&aacute;bado.&nbsp;Personal policial de la Comisar&iacute;a de General Ram&iacute;rez, tras [&hellip;]","og_url":"https:\/\/informelitoral.com.ar\/ramirez-fue-detenido-tras-agredir-a-una-menor-y-golpear-a-un-vecino-con-un-martillo\/","og_site_name":"Informe Litoral","article_publisher":"https:\/\/www.facebook.com\/informelitoral\/","article_published_time":"2015-09-14T19:14:16+00:00","article_modified_time":"2015-09-14T19:16:47+00:00","author":"Gonzalo Schmidt","twitter_card":"summary_large_image","twitter_creator":"@InformeLitoral","twitter_site":"@InformeLitoral","twitter_misc":{"Escrito por":"Gonzalo Schmidt","Tiempo de lectura":"1 minuto"},"schema":{"@context":"https:\/\/schema.org","@graph":[{"@type":"Article","@id":"https:\/\/informelitoral.com.ar\/ramirez-fue-detenido-tras-agredir-a-una-menor-y-golpear-a-un-vecino-con-un-martillo\/#article","isPartOf":{"@id":"https:\/\/informelitoral.com.ar\/ramirez-fue-detenido-tras-agredir-a-una-menor-y-golpear-a-un-vecino-con-un-martillo\/"},"author":{"name":"Gonzalo Schmidt","@id":"https:\/\/informelitoral.com.ar\/#\/schema\/person\/b9d00407c836482871ef1d57bf8e3180"},"headline":"Ram\u00edrez: fue detenido tras agredir a una menor y golpear a un vecino con un martillo","datePublished":"2015-09-14T19:14:16+00:00","dateModified":"2015-09-14T19:16:47+00:00","mainEntityOfPage":{"@id":"https:\/\/informelitoral.com.ar\/ramirez-fue-detenido-tras-agredir-a-una-menor-y-golpear-a-un-vecino-con-un-martillo\/"},"wordCount":295,"commentCount":0,"publisher":{"@id":"https:\/\/informelitoral.com.ar\/#organization"},"articleSection":["Departamento Diamante","Policiales"],"inLanguage":"es","potentialAction":[{"@type":"CommentAction","name":"Comment","target":["https:\/\/informelitoral.com.ar\/ramirez-fue-detenido-tras-agredir-a-una-menor-y-golpear-a-un-vecino-con-un-martillo\/#respond"]}]},{"@type":"WebPage","@id":"https:\/\/informelitoral.com.ar\/ramirez-fue-detenido-tras-agredir-a-una-menor-y-golpear-a-un-vecino-con-un-martillo\/","url":"https:\/\/informelitoral.com.ar\/ramirez-fue-detenido-tras-agredir-a-una-menor-y-golpear-a-un-vecino-con-un-martillo\/","name":"Ram\u00edrez: fue detenido tras agredir a una menor y golpear a un vecino con un martillo - Informe Litoral","isPartOf":{"@id":"https:\/\/informelitoral.com.ar\/#website"},"datePublished":"2015-09-14T19:14:16+00:00","dateModified":"2015-09-14T19:16:47+00:00","breadcrumb":{"@id":"https:\/\/informelitoral.com.ar\/ramirez-fue-detenido-tras-agredir-a-una-menor-y-golpear-a-un-vecino-con-un-martillo\/#breadcrumb"},"inLanguage":"es","potentialAction":[{"@type":"ReadAction","target":["https:\/\/informelitoral.com.ar\/ramirez-fue-detenido-tras-agredir-a-una-menor-y-golpear-a-un-vecino-con-un-martillo\/"]}]},{"@type":"BreadcrumbList","@id":"https:\/\/informelitoral.com.ar\/ramirez-fue-detenido-tras-agredir-a-una-menor-y-golpear-a-un-vecino-con-un-martillo\/#breadcrumb","itemListElement":[{"@type":"ListItem","position":1,"name":"Portada","item":"https:\/\/informelitoral.com.ar\/"},{"@type":"ListItem","position":2,"name":"Ram\u00edrez: fue detenido tras agredir a una menor y golpear a un vecino con un martillo"}]},{"@type":"WebSite","@id":"https:\/\/informelitoral.com.ar\/#website","url":"https:\/\/informelitoral.com.ar\/","name":"Informe Litoral","description":"&quot;Nos informamos&quot; ","publisher":{"@id":"https:\/\/informelitoral.com.ar\/#organization"},"potentialAction":[{"@type":"SearchAction","target":{"@type":"EntryPoint","urlTemplate":"https:\/\/informelitoral.com.ar\/?s={search_term_string}"},"query-input":{"@type":"PropertyValueSpecification","valueRequired":true,"valueName":"search_term_string"}}],"inLanguage":"es"},{"@type":"Organization","@id":"https:\/\/informelitoral.com.ar\/#organization","name":"Informe Litoral","url":"https:\/\/informelitoral.com.ar\/","logo":{"@type":"ImageObject","inLanguage":"es","@id":"https:\/\/informelitoral.com.ar\/#\/schema\/logo\/image\/","url":"https:\/\/informelitoral.com.ar\/%77%70%2d%63%6f%6e%74%65%6e%74\/uploads\/2021\/01\/circulo.png","contentUrl":"https:\/\/informelitoral.com.ar\/%77%70%2d%63%6f%6e%74%65%6e%74\/uploads\/2021\/01\/circulo.png","width":723,"height":731,"caption":"Informe Litoral"},"image":{"@id":"https:\/\/informelitoral.com.ar\/#\/schema\/logo\/image\/"},"sameAs":["https:\/\/www.facebook.com\/informelitoral\/","https:\/\/x.com\/InformeLitoral","https:\/\/www.instagram.com\/informelitoral\/","https:\/\/www.youtube.com\/channel\/UCua4Qvz8Icb6MYqhoq9xLXw"]},{"@type":"Person","@id":"https:\/\/informelitoral.com.ar\/#\/schema\/person\/b9d00407c836482871ef1d57bf8e3180","name":"Gonzalo Schmidt","image":{"@type":"ImageObject","inLanguage":"es","@id":"https:\/\/secure.gravatar.com\/avatar\/31a1a7b66ff2de83bd0e9fd79d026630d2d99e55e8bfe501287647b4fd9743de?s=96&d=mm&r=g","url":"https:\/\/secure.gravatar.com\/avatar\/31a1a7b66ff2de83bd0e9fd79d026630d2d99e55e8bfe501287647b4fd9743de?s=96&d=mm&r=g","contentUrl":"https:\/\/secure.gravatar.com\/avatar\/31a1a7b66ff2de83bd0e9fd79d026630d2d99e55e8bfe501287647b4fd9743de?s=96&d=mm&r=g","caption":"Gonzalo Schmidt"},"description":"Sitio web de noticias de la provincia de Entre R\u00edos, Argentina. Informaci\u00f3n y entretenimiento. Informe Litoral, nos informamos.","sameAs":["http:\/\/www.isletasnoticias.com.ar"],"url":"https:\/\/informelitoral.com.ar\/author\/gonzalo\/"}]}},"_links":{"self":[{"href":"https:\/\/informelitoral.com.ar\/%77%70%2d%6a%73%6f%6e\/wp\/v2\/posts\/11787","targetHints":{"allow":["GET"]}}],"collection":[{"href":"https:\/\/informelitoral.com.ar\/%77%70%2d%6a%73%6f%6e\/wp\/v2\/posts"}],"about":[{"href":"https:\/\/informelitoral.com.ar\/%77%70%2d%6a%73%6f%6e\/wp\/v2\/types\/post"}],"author":[{"embeddable":true,"href":"https:\/\/informelitoral.com.ar\/%77%70%2d%6a%73%6f%6e\/wp\/v2\/users\/2"}],"replies":[{"embeddable":true,"href":"https:\/\/informelitoral.com.ar\/%77%70%2d%6a%73%6f%6e\/wp\/v2\/comments?post=11787"}],"version-history":[{"count":0,"href":"https:\/\/informelitoral.com.ar\/%77%70%2d%6a%73%6f%6e\/wp\/v2\/posts\/11787\/revisions"}],"wp:attachment":[{"href":"https:\/\/informelitoral.com.ar\/%77%70%2d%6a%73%6f%6e\/wp\/v2\/media?parent=11787"}],"wp:term":[{"taxonomy":"category","embeddable":true,"href":"https:\/\/informelitoral.com.ar\/%77%70%2d%6a%73%6f%6e\/wp\/v2\/categories?post=11787"},{"taxonomy":"post_tag","embeddable":true,"href":"https:\/\/informelitoral.com.ar\/%77%70%2d%6a%73%6f%6e\/wp\/v2\/tags?post=11787"}],"curies":[{"name":"wp","href":"https:\/\/api.w.org\/{rel}","templated":true}]}}