{"id":11780,"date":"2015-09-14T14:01:28","date_gmt":"2015-09-14T17:01:28","guid":{"rendered":"http:\/\/www.isletasnoticias.com.ar\/?p=11780"},"modified":"2015-09-14T14:01:28","modified_gmt":"2015-09-14T17:01:28","slug":"diamante-positiva-evaluacion-del-xx-motoencuentro","status":"publish","type":"post","link":"https:\/\/informelitoral.com.ar\/diamante-positiva-evaluacion-del-xx-motoencuentro\/","title":{"rendered":"Diamante: positiva evaluaci\u00f3n del XX Motoencuentro"},"content":{"rendered":"<p class=\"ecxMsoNormal\"><strong><span lang=\"es-419\">La intendente de Diamante, <em>Claudia Gieco<\/em>, sostuvo que el balance es \u201cm\u00e1s que positivo\u201d. Ingresaron unas 12 mil motos y se realizaron s\u00f3lo dos traslados por accidentes a Paran\u00e1. <em>En esta nota, los n\u00fameros favorecidos con los sorteos.<\/em><a href=\"http:\/\/www.isletasnoticias.com.ar\/%77%70%2d%63%6f%6e%74%65%6e%74\/uploads\/2015\/09\/motoencuentro-caravana-DSC_4899.jpg\"><img loading=\"lazy\" decoding=\"async\" class=\"aligncenter size-medium wp-image-11781\" src=\"http:\/\/www.isletasnoticias.com.ar\/%77%70%2d%63%6f%6e%74%65%6e%74\/uploads\/2015\/09\/motoencuentro-caravana-DSC_4899-300x202.jpg\" alt=\"motoencuentro caravana DSC_4899\" width=\"300\" height=\"202\" srcset=\"https:\/\/informelitoral.com.ar\/%77%70%2d%63%6f%6e%74%65%6e%74\/uploads\/2015\/09\/motoencuentro-caravana-DSC_4899-300x202.jpg 300w, https:\/\/informelitoral.com.ar\/%77%70%2d%63%6f%6e%74%65%6e%74\/uploads\/2015\/09\/motoencuentro-caravana-DSC_4899-1024x690.jpg 1024w, https:\/\/informelitoral.com.ar\/%77%70%2d%63%6f%6e%74%65%6e%74\/uploads\/2015\/09\/motoencuentro-caravana-DSC_4899.jpg 2047w\" sizes=\"auto, (max-width: 300px) 100vw, 300px\" \/><\/a><\/span><\/strong><span lang=\"es-419\">El evento de su tipo m\u00e1s convocante de Argentina congreg\u00f3 unas 12 mil motocicletas y de 30 a 40 mil espectadores de nuestro pa\u00eds y el extranjero.<\/span><\/p>\n<p class=\"ecxMsoNormal\"><span lang=\"es-419\">Seg\u00fan los datos oficiales s\u00f3lo hubo dos traslados al Hospital San Mart\u00edn. \u201cSi bien se registraron 13 accidententados durante los d\u00edas del evento, s\u00f3lo tuvimos que trasladar dos personas al Hospital San Mart\u00edn de Paran\u00e1; el resto fue atendido en la ciudad\u201d, indic\u00f3 Claudia Gieco.<\/span><\/p>\n<p class=\"ecxMsoNormal\"><span lang=\"es-419\">En cuanto a los datos proporcionados por la Jefatura Departamental de Polic\u00eda, se registraron dos robos de motocicletas en Diamante, de los cuales un motoveh\u00edculo fue recuperado.<\/span><\/p>\n<p class=\"ecxMsoNormal\"><span lang=\"es-419\">Igual evaluaci\u00f3n realiz\u00f3 el subsecretario de Turismo, Alejandro Richardet, que destac\u00f3 la magnitud de motos de gran cilindrada que convoc\u00f3 este a\u00f1o el motoencuentro. \u201cReconforta ver la cantidad de motos de gran porte que volvieron a Diamante este a\u00f1o. Aunque todav\u00eda falta mucho por hacer creemos que el trabajo de concientizaci\u00f3n vial, el uso del casco, el respeto hacia los dem\u00e1s con el tema de los cortes, hizo que muchos vuelvan nuevamente al evento\u201d, indic\u00f3.<\/span><\/p>\n<p class=\"ecxMsoNormal\"><span lang=\"es-419\">Seg\u00fan el funcionario, \u201cEl motoencuentro es de todos por lo que cada uno debe poner su granito de arena para que el evento siga creciendo en calidad y la ciudad y su zona se vea favorecida con el importante aporte econ\u00f3mico que queda en alojamiento, gastronom\u00eda, estaciones de servicio y comercio en general\u201d.<\/span><\/p>\n<p class=\"ecxMsoNormal\"><em><strong><span lang=\"es-419\">Premios y sorteos<\/span><\/strong><\/em><\/p>\n<p class=\"ecxMsoNormal\"><span lang=\"es-419\">El n\u00famero 4622621 sali\u00f3 favorecido con una motocicleta Custom 150 cc. marca Guerrero, principal auspiciante del evento.<\/span><\/p>\n<p class=\"ecxMsoNormal\"><span lang=\"es-419\">Los ganadores podr\u00e1n retirar los premios hasta el lunes 21 de septiembre desde la oficina de Turismo, 25 de Mayo y Urquiza, tel\u00e9fono 0343 4981244. En el caso del sorteo mayor, de la motocicleta, el favorecido deber\u00e1 comunicarse previamente al tel\u00e9fono 0343 4981244 para concertar la entrega y reallizar la papeler\u00eda necesaria.<\/span><\/p>\n<p class=\"ecxMsoNormal\"><span lang=\"es-419\">El listado de la primera tanda de n\u00fameros favorecidos es el siguiente:<\/span><\/p>\n<p class=\"ecxMsoNormal\"><span lang=\"es-419\">1. Un escape marca IRA: 4154763<\/span><\/p>\n<p class=\"ecxMsoNormal\"><span lang=\"es-419\">2. Un escape marca IRA: 4179952 (retirado)<\/span><\/p>\n<p class=\"ecxMsoNormal\"><span lang=\"es-419\">3. Un escape marca IRA: 4176520<\/span><\/p>\n<p class=\"ecxMsoNormal\"><span lang=\"es-419\">4. Un escape marca IRA: 4593254<\/span><\/p>\n<p class=\"ecxMsoNormal\"><span lang=\"es-419\">5. Un portaequipaje marca IRA: 4593260<\/span><\/p>\n<p class=\"ecxMsoNormal\"><span lang=\"es-419\">6. Un auricular bluetooth marca MOTORMAN: 4593242<\/span><\/p>\n<p class=\"ecxMsoNormal\"><span lang=\"es-419\">7. Un chaleco oficial del XX Motoencuentro: 4179579<\/span><\/p>\n<p class=\"ecxMsoNormal\"><span lang=\"es-419\">8. Un pantal\u00f3n oficial del XX Motoencuentro: 4593493<\/span><\/p>\n<p class=\"ecxMsoNormal\"><span lang=\"es-419\">9. Una campera oficial del XX Motoencuentro: 4153442 (retirada)<\/span><\/p>\n<p class=\"ecxMsoNormal\"><span lang=\"es-419\">10. Una moto Custom 150 cc. marca GUERRERO: 4622621<\/span><\/p>\n<p class=\"ecxMsoNormal\"><span lang=\"es-419\">El listado de la segunda tanda de n\u00fameros favorecidos es el siguiente:<\/span><\/p>\n<p class=\"ecxMsoNormal\"><span lang=\"es-419\">11. Una campera de cuero oficial del XX Motoencuentro: 4176685<\/span><\/p>\n<p class=\"ecxMsoNormal\"><span lang=\"es-419\">12. Un baucher de 25 por ciento descuento en la compra de moto Guerrero: 4592080<\/span><\/p>\n<p class=\"ecxMsoNormal\"><span lang=\"es-419\">13. Un baucher de 20 por ciento descuento en la compra de moto Guerrero: 4155203 (retirado)<\/span><\/p>\n<p class=\"ecxMsoNormal\"><span lang=\"es-419\">14. Un baucher de 15 por ciento descuento en la compra de moto Guerrero: 4176504<\/span><\/p>\n<p class=\"ecxMsoNormal\"><span lang=\"es-419\">15. Un baucher de 10 por ciento descuento en la compra de moto Guerrero: 4593520<\/span><\/p>\n<p class=\"ecxMsoNormal\"><span lang=\"es-419\">16. Un portaequipaje para motos marca Guerrero: 4152998<\/span><\/p>\n<p class=\"ecxMsoNormal\"><span lang=\"es-419\">17. Un portaequipaje para motos marca Guerrero: 4620738<\/span><\/p>\n<p class=\"ecxMsoNormal\"><span lang=\"es-419\">18. Un casco marca Guerrero: 4176373 (retirado)<\/span><\/p>\n<p class=\"ecxMsoNormal\"><span lang=\"es-419\">19. Un casco marca Guerrero: 4621211<\/span><\/p>\n<p class=\"ecxMsoNormal\"><span lang=\"es-419\">20. Un casco marca Guerrero: 4177049<\/span><\/p>\n<p class=\"ecxMsoNormal\"><span lang=\"es-419\">21. Un kit de cosm\u00e9ticos para moto marca Guerrero: 4622641 (retirado)<\/span><\/p>\n<p class=\"ecxMsoNormal\"><span lang=\"es-419\">22. Un kit de cosm\u00e9ticos para moto marca Guerrero: 4592965<\/span><\/p>\n<p class=\"ecxMsoNormal\"><span lang=\"es-419\">23. Un kit de cosm\u00e9ticos para moto marca Guerrero: 4153023<\/span><\/p>\n<p class=\"ecxMsoNormal\"><span lang=\"es-419\">24. Un kit de cosm\u00e9ticos para moto marca Guerrero: 4154051<\/span><\/p>\n<p class=\"ecxMsoNormal\"><span lang=\"es-419\">25. Un kit de cosm\u00e9ticos para moto marca Guerrero: 4154043<\/span><\/p>\n<p class=\"ecxMsoNormal\"><span lang=\"es-419\">26. Un kit de cosm\u00e9ticos para moto marca Guerrero: 4154044<\/span><\/p>\n<p class=\"ecxMsoNormal\"><span lang=\"es-419\">27. Un kit de cosm\u00e9ticos para moto marca Guerrero: 4153430<\/span><\/p>\n<p class=\"ecxMsoNormal\"><span lang=\"es-419\">28. Un kit de cosm\u00e9ticos para moto marca Guerrero: 4152368<\/span><\/p>\n<p class=\"ecxMsoNormal\"><span lang=\"es-419\">29. Un kit de cosm\u00e9ticos para moto marca Guerrero: 4154052<\/span><\/p>\n<p class=\"ecxMsoNormal\"><span lang=\"es-419\">30. Un kit de cosm\u00e9ticos para moto marca Guerrero: 4153426<\/span><\/p>\n","protected":false},"excerpt":{"rendered":"<p>La intendente de Diamante, Claudia Gieco, sostuvo que el balance es &ldquo;m&aacute;s que positivo&rdquo;. Ingresaron unas 12 mil motos y se realizaron s&oacute;lo dos traslados por accidentes a Paran&aacute;. En esta nota, los n&uacute;meros favorecidos con los sorteos.El evento de su tipo m&aacute;s convocante de Argentina congreg&oacute; unas 12 mil motocicletas y de 30 a [&hellip;]<\/p>\n","protected":false},"author":2,"featured_media":0,"comment_status":"open","ping_status":"open","sticky":false,"template":"","format":"standard","meta":{"fifu_image_url":"","fifu_image_alt":"","footnotes":""},"categories":[5],"tags":[],"class_list":{"0":"post-11780","1":"post","2":"type-post","3":"status-publish","4":"format-standard","6":"category-zonales"},"yoast_head":"<title>Diamante: positiva evaluaci\u00f3n del XX Motoencuentro - Informe Litoral<\/title>\n<meta name=\"robots\" content=\"index, follow, max-snippet:-1, max-image-preview:large, max-video-preview:-1\" \/>\n<link rel=\"canonical\" href=\"https:\/\/informelitoral.com.ar\/diamante-positiva-evaluacion-del-xx-motoencuentro\/\" \/>\n<meta property=\"og:locale\" content=\"es_ES\" \/>\n<meta property=\"og:type\" content=\"article\" \/>\n<meta property=\"og:title\" content=\"Diamante: positiva evaluaci\u00f3n del XX Motoencuentro - Informe Litoral\" \/>\n<meta property=\"og:description\" content=\"La intendente de Diamante, Claudia Gieco, sostuvo que el balance es &ldquo;m&aacute;s que positivo&rdquo;. Ingresaron unas 12 mil motos y se realizaron s&oacute;lo dos traslados por accidentes a Paran&aacute;. En esta nota, los n&uacute;meros favorecidos con los sorteos.El evento de su tipo m&aacute;s convocante de Argentina congreg&oacute; unas 12 mil motocicletas y de 30 a [&hellip;]\" \/>\n<meta property=\"og:url\" content=\"https:\/\/informelitoral.com.ar\/diamante-positiva-evaluacion-del-xx-motoencuentro\/\" \/>\n<meta property=\"og:site_name\" content=\"Informe Litoral\" \/>\n<meta property=\"article:publisher\" content=\"https:\/\/www.facebook.com\/informelitoral\/\" \/>\n<meta property=\"article:published_time\" content=\"2015-09-14T17:01:28+00:00\" \/>\n<meta property=\"og:image\" content=\"https:\/\/informelitoral.com.ar\/%77%70%2d%63%6f%6e%74%65%6e%74\/uploads\/2015\/09\/motoencuentro-caravana-DSC_4899.jpg\" \/>\n\t<meta property=\"og:image:width\" content=\"2047\" \/>\n\t<meta property=\"og:image:height\" content=\"1380\" \/>\n\t<meta property=\"og:image:type\" content=\"image\/jpeg\" \/>\n<meta name=\"author\" content=\"Gonzalo Schmidt\" \/>\n<meta name=\"twitter:card\" content=\"summary_large_image\" \/>\n<meta name=\"twitter:creator\" content=\"@InformeLitoral\" \/>\n<meta name=\"twitter:site\" content=\"@InformeLitoral\" \/>\n<meta name=\"twitter:label1\" content=\"Escrito por\" \/>\n\t<meta name=\"twitter:data1\" content=\"Gonzalo Schmidt\" \/>\n\t<meta name=\"twitter:label2\" content=\"Tiempo de lectura\" \/>\n\t<meta name=\"twitter:data2\" content=\"3 minutos\" \/>\n<script type=\"application\/ld+json\" class=\"yoast-schema-graph\">{\"@context\":\"https:\\\/\\\/schema.org\",\"@graph\":[{\"@type\":\"Article\",\"@id\":\"https:\\\/\\\/informelitoral.com.ar\\\/diamante-positiva-evaluacion-del-xx-motoencuentro\\\/#article\",\"isPartOf\":{\"@id\":\"https:\\\/\\\/informelitoral.com.ar\\\/diamante-positiva-evaluacion-del-xx-motoencuentro\\\/\"},\"author\":{\"name\":\"Gonzalo Schmidt\",\"@id\":\"https:\\\/\\\/informelitoral.com.ar\\\/#\\\/schema\\\/person\\\/b9d00407c836482871ef1d57bf8e3180\"},\"headline\":\"Diamante: positiva evaluaci\u00f3n del XX Motoencuentro\",\"datePublished\":\"2015-09-14T17:01:28+00:00\",\"mainEntityOfPage\":{\"@id\":\"https:\\\/\\\/informelitoral.com.ar\\\/diamante-positiva-evaluacion-del-xx-motoencuentro\\\/\"},\"wordCount\":609,\"commentCount\":0,\"publisher\":{\"@id\":\"https:\\\/\\\/informelitoral.com.ar\\\/#organization\"},\"image\":{\"@id\":\"https:\\\/\\\/informelitoral.com.ar\\\/diamante-positiva-evaluacion-del-xx-motoencuentro\\\/#primaryimage\"},\"thumbnailUrl\":\"http:\\\/\\\/www.isletasnoticias.com.ar\\\/%77%70%2d%63%6f%6e%74%65%6e%74\\\/uploads\\\/2015\\\/09\\\/motoencuentro-caravana-DSC_4899-300x202.jpg\",\"articleSection\":[\"Departamento Diamante\"],\"inLanguage\":\"es\",\"potentialAction\":[{\"@type\":\"CommentAction\",\"name\":\"Comment\",\"target\":[\"https:\\\/\\\/informelitoral.com.ar\\\/diamante-positiva-evaluacion-del-xx-motoencuentro\\\/#respond\"]}]},{\"@type\":\"WebPage\",\"@id\":\"https:\\\/\\\/informelitoral.com.ar\\\/diamante-positiva-evaluacion-del-xx-motoencuentro\\\/\",\"url\":\"https:\\\/\\\/informelitoral.com.ar\\\/diamante-positiva-evaluacion-del-xx-motoencuentro\\\/\",\"name\":\"Diamante: positiva evaluaci\u00f3n del XX Motoencuentro - Informe Litoral\",\"isPartOf\":{\"@id\":\"https:\\\/\\\/informelitoral.com.ar\\\/#website\"},\"primaryImageOfPage\":{\"@id\":\"https:\\\/\\\/informelitoral.com.ar\\\/diamante-positiva-evaluacion-del-xx-motoencuentro\\\/#primaryimage\"},\"image\":{\"@id\":\"https:\\\/\\\/informelitoral.com.ar\\\/diamante-positiva-evaluacion-del-xx-motoencuentro\\\/#primaryimage\"},\"thumbnailUrl\":\"http:\\\/\\\/www.isletasnoticias.com.ar\\\/%77%70%2d%63%6f%6e%74%65%6e%74\\\/uploads\\\/2015\\\/09\\\/motoencuentro-caravana-DSC_4899-300x202.jpg\",\"datePublished\":\"2015-09-14T17:01:28+00:00\",\"breadcrumb\":{\"@id\":\"https:\\\/\\\/informelitoral.com.ar\\\/diamante-positiva-evaluacion-del-xx-motoencuentro\\\/#breadcrumb\"},\"inLanguage\":\"es\",\"potentialAction\":[{\"@type\":\"ReadAction\",\"target\":[\"https:\\\/\\\/informelitoral.com.ar\\\/diamante-positiva-evaluacion-del-xx-motoencuentro\\\/\"]}]},{\"@type\":\"ImageObject\",\"inLanguage\":\"es\",\"@id\":\"https:\\\/\\\/informelitoral.com.ar\\\/diamante-positiva-evaluacion-del-xx-motoencuentro\\\/#primaryimage\",\"url\":\"http:\\\/\\\/www.isletasnoticias.com.ar\\\/%77%70%2d%63%6f%6e%74%65%6e%74\\\/uploads\\\/2015\\\/09\\\/motoencuentro-caravana-DSC_4899-300x202.jpg\",\"contentUrl\":\"http:\\\/\\\/www.isletasnoticias.com.ar\\\/%77%70%2d%63%6f%6e%74%65%6e%74\\\/uploads\\\/2015\\\/09\\\/motoencuentro-caravana-DSC_4899-300x202.jpg\"},{\"@type\":\"BreadcrumbList\",\"@id\":\"https:\\\/\\\/informelitoral.com.ar\\\/diamante-positiva-evaluacion-del-xx-motoencuentro\\\/#breadcrumb\",\"itemListElement\":[{\"@type\":\"ListItem\",\"position\":1,\"name\":\"Portada\",\"item\":\"https:\\\/\\\/informelitoral.com.ar\\\/\"},{\"@type\":\"ListItem\",\"position\":2,\"name\":\"Diamante: positiva evaluaci\u00f3n del XX Motoencuentro\"}]},{\"@type\":\"WebSite\",\"@id\":\"https:\\\/\\\/informelitoral.com.ar\\\/#website\",\"url\":\"https:\\\/\\\/informelitoral.com.ar\\\/\",\"name\":\"Informe Litoral\",\"description\":\"&quot;Nos informamos&quot; \",\"publisher\":{\"@id\":\"https:\\\/\\\/informelitoral.com.ar\\\/#organization\"},\"potentialAction\":[{\"@type\":\"SearchAction\",\"target\":{\"@type\":\"EntryPoint\",\"urlTemplate\":\"https:\\\/\\\/informelitoral.com.ar\\\/?s={search_term_string}\"},\"query-input\":{\"@type\":\"PropertyValueSpecification\",\"valueRequired\":true,\"valueName\":\"search_term_string\"}}],\"inLanguage\":\"es\"},{\"@type\":\"Organization\",\"@id\":\"https:\\\/\\\/informelitoral.com.ar\\\/#organization\",\"name\":\"Informe Litoral\",\"url\":\"https:\\\/\\\/informelitoral.com.ar\\\/\",\"logo\":{\"@type\":\"ImageObject\",\"inLanguage\":\"es\",\"@id\":\"https:\\\/\\\/informelitoral.com.ar\\\/#\\\/schema\\\/logo\\\/image\\\/\",\"url\":\"https:\\\/\\\/informelitoral.com.ar\\\/%77%70%2d%63%6f%6e%74%65%6e%74\\\/uploads\\\/2021\\\/01\\\/circulo.png\",\"contentUrl\":\"https:\\\/\\\/informelitoral.com.ar\\\/%77%70%2d%63%6f%6e%74%65%6e%74\\\/uploads\\\/2021\\\/01\\\/circulo.png\",\"width\":723,\"height\":731,\"caption\":\"Informe Litoral\"},\"image\":{\"@id\":\"https:\\\/\\\/informelitoral.com.ar\\\/#\\\/schema\\\/logo\\\/image\\\/\"},\"sameAs\":[\"https:\\\/\\\/www.facebook.com\\\/informelitoral\\\/\",\"https:\\\/\\\/x.com\\\/InformeLitoral\",\"https:\\\/\\\/www.instagram.com\\\/informelitoral\\\/\",\"https:\\\/\\\/www.youtube.com\\\/channel\\\/UCua4Qvz8Icb6MYqhoq9xLXw\"]},{\"@type\":\"Person\",\"@id\":\"https:\\\/\\\/informelitoral.com.ar\\\/#\\\/schema\\\/person\\\/b9d00407c836482871ef1d57bf8e3180\",\"name\":\"Gonzalo Schmidt\",\"image\":{\"@type\":\"ImageObject\",\"inLanguage\":\"es\",\"@id\":\"https:\\\/\\\/secure.gravatar.com\\\/avatar\\\/31a1a7b66ff2de83bd0e9fd79d026630d2d99e55e8bfe501287647b4fd9743de?s=96&d=mm&r=g\",\"url\":\"https:\\\/\\\/secure.gravatar.com\\\/avatar\\\/31a1a7b66ff2de83bd0e9fd79d026630d2d99e55e8bfe501287647b4fd9743de?s=96&d=mm&r=g\",\"contentUrl\":\"https:\\\/\\\/secure.gravatar.com\\\/avatar\\\/31a1a7b66ff2de83bd0e9fd79d026630d2d99e55e8bfe501287647b4fd9743de?s=96&d=mm&r=g\",\"caption\":\"Gonzalo Schmidt\"},\"description\":\"Sitio web de noticias de la provincia de Entre R\u00edos, Argentina. Informaci\u00f3n y entretenimiento. Informe Litoral, nos informamos.\",\"sameAs\":[\"http:\\\/\\\/www.isletasnoticias.com.ar\"],\"url\":\"https:\\\/\\\/informelitoral.com.ar\\\/author\\\/gonzalo\\\/\"}]}<\/script>","yoast_head_json":{"title":"Diamante: positiva evaluaci\u00f3n del XX Motoencuentro - Informe Litoral","robots":{"index":"index","follow":"follow","max-snippet":"max-snippet:-1","max-image-preview":"max-image-preview:large","max-video-preview":"max-video-preview:-1"},"canonical":"https:\/\/informelitoral.com.ar\/diamante-positiva-evaluacion-del-xx-motoencuentro\/","og_locale":"es_ES","og_type":"article","og_title":"Diamante: positiva evaluaci\u00f3n del XX Motoencuentro - Informe Litoral","og_description":"La intendente de Diamante, Claudia Gieco, sostuvo que el balance es &ldquo;m&aacute;s que positivo&rdquo;. Ingresaron unas 12 mil motos y se realizaron s&oacute;lo dos traslados por accidentes a Paran&aacute;. En esta nota, los n&uacute;meros favorecidos con los sorteos.El evento de su tipo m&aacute;s convocante de Argentina congreg&oacute; unas 12 mil motocicletas y de 30 a [&hellip;]","og_url":"https:\/\/informelitoral.com.ar\/diamante-positiva-evaluacion-del-xx-motoencuentro\/","og_site_name":"Informe Litoral","article_publisher":"https:\/\/www.facebook.com\/informelitoral\/","article_published_time":"2015-09-14T17:01:28+00:00","og_image":[{"width":2047,"height":1380,"url":"https:\/\/informelitoral.com.ar\/%77%70%2d%63%6f%6e%74%65%6e%74\/uploads\/2015\/09\/motoencuentro-caravana-DSC_4899.jpg","type":"image\/jpeg"}],"author":"Gonzalo Schmidt","twitter_card":"summary_large_image","twitter_creator":"@InformeLitoral","twitter_site":"@InformeLitoral","twitter_misc":{"Escrito por":"Gonzalo Schmidt","Tiempo de lectura":"3 minutos"},"schema":{"@context":"https:\/\/schema.org","@graph":[{"@type":"Article","@id":"https:\/\/informelitoral.com.ar\/diamante-positiva-evaluacion-del-xx-motoencuentro\/#article","isPartOf":{"@id":"https:\/\/informelitoral.com.ar\/diamante-positiva-evaluacion-del-xx-motoencuentro\/"},"author":{"name":"Gonzalo Schmidt","@id":"https:\/\/informelitoral.com.ar\/#\/schema\/person\/b9d00407c836482871ef1d57bf8e3180"},"headline":"Diamante: positiva evaluaci\u00f3n del XX Motoencuentro","datePublished":"2015-09-14T17:01:28+00:00","mainEntityOfPage":{"@id":"https:\/\/informelitoral.com.ar\/diamante-positiva-evaluacion-del-xx-motoencuentro\/"},"wordCount":609,"commentCount":0,"publisher":{"@id":"https:\/\/informelitoral.com.ar\/#organization"},"image":{"@id":"https:\/\/informelitoral.com.ar\/diamante-positiva-evaluacion-del-xx-motoencuentro\/#primaryimage"},"thumbnailUrl":"http:\/\/www.isletasnoticias.com.ar\/%77%70%2d%63%6f%6e%74%65%6e%74\/uploads\/2015\/09\/motoencuentro-caravana-DSC_4899-300x202.jpg","articleSection":["Departamento Diamante"],"inLanguage":"es","potentialAction":[{"@type":"CommentAction","name":"Comment","target":["https:\/\/informelitoral.com.ar\/diamante-positiva-evaluacion-del-xx-motoencuentro\/#respond"]}]},{"@type":"WebPage","@id":"https:\/\/informelitoral.com.ar\/diamante-positiva-evaluacion-del-xx-motoencuentro\/","url":"https:\/\/informelitoral.com.ar\/diamante-positiva-evaluacion-del-xx-motoencuentro\/","name":"Diamante: positiva evaluaci\u00f3n del XX Motoencuentro - Informe Litoral","isPartOf":{"@id":"https:\/\/informelitoral.com.ar\/#website"},"primaryImageOfPage":{"@id":"https:\/\/informelitoral.com.ar\/diamante-positiva-evaluacion-del-xx-motoencuentro\/#primaryimage"},"image":{"@id":"https:\/\/informelitoral.com.ar\/diamante-positiva-evaluacion-del-xx-motoencuentro\/#primaryimage"},"thumbnailUrl":"http:\/\/www.isletasnoticias.com.ar\/%77%70%2d%63%6f%6e%74%65%6e%74\/uploads\/2015\/09\/motoencuentro-caravana-DSC_4899-300x202.jpg","datePublished":"2015-09-14T17:01:28+00:00","breadcrumb":{"@id":"https:\/\/informelitoral.com.ar\/diamante-positiva-evaluacion-del-xx-motoencuentro\/#breadcrumb"},"inLanguage":"es","potentialAction":[{"@type":"ReadAction","target":["https:\/\/informelitoral.com.ar\/diamante-positiva-evaluacion-del-xx-motoencuentro\/"]}]},{"@type":"ImageObject","inLanguage":"es","@id":"https:\/\/informelitoral.com.ar\/diamante-positiva-evaluacion-del-xx-motoencuentro\/#primaryimage","url":"http:\/\/www.isletasnoticias.com.ar\/%77%70%2d%63%6f%6e%74%65%6e%74\/uploads\/2015\/09\/motoencuentro-caravana-DSC_4899-300x202.jpg","contentUrl":"http:\/\/www.isletasnoticias.com.ar\/%77%70%2d%63%6f%6e%74%65%6e%74\/uploads\/2015\/09\/motoencuentro-caravana-DSC_4899-300x202.jpg"},{"@type":"BreadcrumbList","@id":"https:\/\/informelitoral.com.ar\/diamante-positiva-evaluacion-del-xx-motoencuentro\/#breadcrumb","itemListElement":[{"@type":"ListItem","position":1,"name":"Portada","item":"https:\/\/informelitoral.com.ar\/"},{"@type":"ListItem","position":2,"name":"Diamante: positiva evaluaci\u00f3n del XX Motoencuentro"}]},{"@type":"WebSite","@id":"https:\/\/informelitoral.com.ar\/#website","url":"https:\/\/informelitoral.com.ar\/","name":"Informe Litoral","description":"&quot;Nos informamos&quot; ","publisher":{"@id":"https:\/\/informelitoral.com.ar\/#organization"},"potentialAction":[{"@type":"SearchAction","target":{"@type":"EntryPoint","urlTemplate":"https:\/\/informelitoral.com.ar\/?s={search_term_string}"},"query-input":{"@type":"PropertyValueSpecification","valueRequired":true,"valueName":"search_term_string"}}],"inLanguage":"es"},{"@type":"Organization","@id":"https:\/\/informelitoral.com.ar\/#organization","name":"Informe Litoral","url":"https:\/\/informelitoral.com.ar\/","logo":{"@type":"ImageObject","inLanguage":"es","@id":"https:\/\/informelitoral.com.ar\/#\/schema\/logo\/image\/","url":"https:\/\/informelitoral.com.ar\/%77%70%2d%63%6f%6e%74%65%6e%74\/uploads\/2021\/01\/circulo.png","contentUrl":"https:\/\/informelitoral.com.ar\/%77%70%2d%63%6f%6e%74%65%6e%74\/uploads\/2021\/01\/circulo.png","width":723,"height":731,"caption":"Informe Litoral"},"image":{"@id":"https:\/\/informelitoral.com.ar\/#\/schema\/logo\/image\/"},"sameAs":["https:\/\/www.facebook.com\/informelitoral\/","https:\/\/x.com\/InformeLitoral","https:\/\/www.instagram.com\/informelitoral\/","https:\/\/www.youtube.com\/channel\/UCua4Qvz8Icb6MYqhoq9xLXw"]},{"@type":"Person","@id":"https:\/\/informelitoral.com.ar\/#\/schema\/person\/b9d00407c836482871ef1d57bf8e3180","name":"Gonzalo Schmidt","image":{"@type":"ImageObject","inLanguage":"es","@id":"https:\/\/secure.gravatar.com\/avatar\/31a1a7b66ff2de83bd0e9fd79d026630d2d99e55e8bfe501287647b4fd9743de?s=96&d=mm&r=g","url":"https:\/\/secure.gravatar.com\/avatar\/31a1a7b66ff2de83bd0e9fd79d026630d2d99e55e8bfe501287647b4fd9743de?s=96&d=mm&r=g","contentUrl":"https:\/\/secure.gravatar.com\/avatar\/31a1a7b66ff2de83bd0e9fd79d026630d2d99e55e8bfe501287647b4fd9743de?s=96&d=mm&r=g","caption":"Gonzalo Schmidt"},"description":"Sitio web de noticias de la provincia de Entre R\u00edos, Argentina. Informaci\u00f3n y entretenimiento. Informe Litoral, nos informamos.","sameAs":["http:\/\/www.isletasnoticias.com.ar"],"url":"https:\/\/informelitoral.com.ar\/author\/gonzalo\/"}]}},"_links":{"self":[{"href":"https:\/\/informelitoral.com.ar\/%77%70%2d%6a%73%6f%6e\/wp\/v2\/posts\/11780","targetHints":{"allow":["GET"]}}],"collection":[{"href":"https:\/\/informelitoral.com.ar\/%77%70%2d%6a%73%6f%6e\/wp\/v2\/posts"}],"about":[{"href":"https:\/\/informelitoral.com.ar\/%77%70%2d%6a%73%6f%6e\/wp\/v2\/types\/post"}],"author":[{"embeddable":true,"href":"https:\/\/informelitoral.com.ar\/%77%70%2d%6a%73%6f%6e\/wp\/v2\/users\/2"}],"replies":[{"embeddable":true,"href":"https:\/\/informelitoral.com.ar\/%77%70%2d%6a%73%6f%6e\/wp\/v2\/comments?post=11780"}],"version-history":[{"count":0,"href":"https:\/\/informelitoral.com.ar\/%77%70%2d%6a%73%6f%6e\/wp\/v2\/posts\/11780\/revisions"}],"wp:attachment":[{"href":"https:\/\/informelitoral.com.ar\/%77%70%2d%6a%73%6f%6e\/wp\/v2\/media?parent=11780"}],"wp:term":[{"taxonomy":"category","embeddable":true,"href":"https:\/\/informelitoral.com.ar\/%77%70%2d%6a%73%6f%6e\/wp\/v2\/categories?post=11780"},{"taxonomy":"post_tag","embeddable":true,"href":"https:\/\/informelitoral.com.ar\/%77%70%2d%6a%73%6f%6e\/wp\/v2\/tags?post=11780"}],"curies":[{"name":"wp","href":"https:\/\/api.w.org\/{rel}","templated":true}]}}