{"id":11776,"date":"2015-09-14T13:53:04","date_gmt":"2015-09-14T16:53:04","guid":{"rendered":"http:\/\/www.isletasnoticias.com.ar\/?p=11776"},"modified":"2015-09-14T13:54:13","modified_gmt":"2015-09-14T16:54:13","slug":"urribarri-acompanara-a-empresarios-entrerrianos-a-chile","status":"publish","type":"post","link":"https:\/\/informelitoral.com.ar\/urribarri-acompanara-a-empresarios-entrerrianos-a-chile\/","title":{"rendered":"Urribarri acompa\u00f1ar\u00e1 a empresarios entrerrianos a Chile"},"content":{"rendered":"<p><strong>La Rep\u00fablica de Chile es uno de los mercados de mayor relevancia y potencial en la estructura de las exportaciones entrerrianas. Durante 2014 se comercializaron hacia el vecino pa\u00eds m\u00e1s de 170.000 toneladas de alimentos y bienes de capital. Con el objetivo de lograr nuevas oportunidades y consolidar las relaciones existentes, el gobernador Sergio Urribarri acompa\u00f1ar\u00e1 a empresarios entrerrianos a una misi\u00f3n comercial que se desarrollar\u00e1 entre el 5 y 6 de octubre.<\/strong><\/p>\n<p><a href=\"http:\/\/www.isletasnoticias.com.ar\/%77%70%2d%63%6f%6e%74%65%6e%74\/uploads\/2015\/09\/o_1385656593.jpg\"><img loading=\"lazy\" decoding=\"async\" class=\"size-medium wp-image-11777 aligncenter\" src=\"http:\/\/www.isletasnoticias.com.ar\/%77%70%2d%63%6f%6e%74%65%6e%74\/uploads\/2015\/09\/o_1385656593-300x175.jpg\" alt=\"????????????????????????????????????\" width=\"300\" height=\"175\" srcset=\"https:\/\/informelitoral.com.ar\/%77%70%2d%63%6f%6e%74%65%6e%74\/uploads\/2015\/09\/o_1385656593-300x175.jpg 300w, https:\/\/informelitoral.com.ar\/%77%70%2d%63%6f%6e%74%65%6e%74\/uploads\/2015\/09\/o_1385656593.jpg 600w\" sizes=\"auto, (max-width: 300px) 100vw, 300px\" \/><\/a><\/p>\n<p>\u00abChile es un mercado potencial muy interesante de explorar para Entre R\u00edos. Es un pa\u00eds abierto, confiable y muy habituado al comercio exterior en donde nuestros productos pueden encontrar buena recepci\u00f3n y es por eso que le damos a la m\u00e1xima importancia institucional\u00bb, dijo el mandatario.<br \/>\n\u00abInvitamos a los empresarios a sumarse y a aprovechar la oportunidad de seguir sumando mercados internacionales y a mostrar todo el potencial entrerriano. Tambi\u00e9n confiamos en el apalancamiento ya que Chile tiene un reconocido poder como trader y tiene un mannagement calificado y no hay que descartar que puedan ser un puente a mercados del Pac\u00edfico inalcanzables para nosotros hoy\u00bb, expres\u00f3 Urribarri.<\/p>\n<p>Se han detectado oportunidades de negocios para los siguientes sectores: alimentos y bebidas (arroz procesado, conservas de carne, carne de ave, preparaciones a base de frutas, jugos), construcci\u00f3n y muebles, papel y cart\u00f3n, alimento para animales, equipos y material de transporte, bienes de capital (de los sectores de procesamiento de alimentos, construcci\u00f3n y muebles), manufacturas de madera, entre otros.<\/p>\n<p>Al respecto, el secretario de Industria y Comercio, Pablo Z\u00e1rate, quien formar\u00e1 parte de la de la misi\u00f3n, se\u00f1al\u00f3: \u201cDada la importancia de la misma y a los efectos de los objetivos estrat\u00e9gicos de Entre R\u00edos en materia de relacionamiento internacional, la misi\u00f3n estar\u00e1 encabezada por el Gobernador de la Provincia, Sergio Urribarri, como corolario de la gesti\u00f3n de la Secretar\u00eda en el desarrollo del Plan de Acci\u00f3n previsto para este a\u00f1o 2015&#8243;.<\/p>\n<p>La Rep\u00fablica de Chile es uno de los mercados de mayor relevancia y potencial en la estructura de exportaciones de la provincia. Este pa\u00eds recepcion\u00f3 durante 2014 m\u00e1s de 170.000 toneladas de bienes entrerrianos que evidencian una recuperaci\u00f3n alentadora en relaci\u00f3n al per\u00edodo 2012 \u2013 2013.<\/p>\n<p>Visto en perspectiva, las exportaciones entrerrianas al vecino pa\u00eds en el a\u00f1o 2014 fueron de 110,2 millones de USD FOB, un 242% m\u00e1s que en 2002 y contrarrestando la tendencia a la baja a nivel nacional. Asimismo, cabe destacar que Chile es el 4\u00ba destino en importancia en las exportaciones originadas en nuestra provincia.<\/p>\n<p><b>Como sumarse a la Misi\u00f3n<\/b><br \/>\nLa fecha l\u00edmite para la inscripci\u00f3n es el d\u00eda 21 de septiembre. Para mayor informaci\u00f3n dirigirse a la Secretar\u00eda de Industria y Comercio de Entre R\u00edos, Laprida 465 Piso 4, o comunicarse a los siguientes tel\u00e9fonos: (0343) 4208899- 0343)4071553, o a los siguientes correos electr\u00f3nicos (Lic. Julieta Streich) julietastreich@hotmail.com (Lic. Ivana Calafatich) ivanacalafatich@hotmail.com<\/p>\n","protected":false},"excerpt":{"rendered":"<p>La Rep&uacute;blica de Chile es uno de los mercados de mayor relevancia y potencial en la estructura de las exportaciones entrerrianas. Durante 2014 se comercializaron hacia el vecino pa&iacute;s m&aacute;s de 170.000 toneladas de alimentos y bienes de capital. Con el objetivo de lograr nuevas oportunidades y consolidar las relaciones existentes, el gobernador Sergio Urribarri [&hellip;]<\/p>\n","protected":false},"author":2,"featured_media":0,"comment_status":"open","ping_status":"open","sticky":false,"template":"","format":"standard","meta":{"fifu_image_url":"","fifu_image_alt":"","footnotes":""},"categories":[6,16],"tags":[],"class_list":{"0":"post-11776","1":"post","2":"type-post","3":"status-publish","4":"format-standard","6":"category-entre-rios","7":"category-politi"},"yoast_head":"<title>Urribarri acompa\u00f1ar\u00e1 a empresarios entrerrianos a Chile - Informe Litoral<\/title>\n<meta name=\"robots\" content=\"index, follow, max-snippet:-1, max-image-preview:large, max-video-preview:-1\" \/>\n<link rel=\"canonical\" href=\"https:\/\/informelitoral.com.ar\/urribarri-acompanara-a-empresarios-entrerrianos-a-chile\/\" \/>\n<meta property=\"og:locale\" content=\"es_ES\" \/>\n<meta property=\"og:type\" content=\"article\" \/>\n<meta property=\"og:title\" content=\"Urribarri acompa\u00f1ar\u00e1 a empresarios entrerrianos a Chile - Informe Litoral\" \/>\n<meta property=\"og:description\" content=\"La Rep&uacute;blica de Chile es uno de los mercados de mayor relevancia y potencial en la estructura de las exportaciones entrerrianas. Durante 2014 se comercializaron hacia el vecino pa&iacute;s m&aacute;s de 170.000 toneladas de alimentos y bienes de capital. Con el objetivo de lograr nuevas oportunidades y consolidar las relaciones existentes, el gobernador Sergio Urribarri [&hellip;]\" \/>\n<meta property=\"og:url\" content=\"https:\/\/informelitoral.com.ar\/urribarri-acompanara-a-empresarios-entrerrianos-a-chile\/\" \/>\n<meta property=\"og:site_name\" content=\"Informe Litoral\" \/>\n<meta property=\"article:publisher\" content=\"https:\/\/www.facebook.com\/informelitoral\/\" \/>\n<meta property=\"article:published_time\" content=\"2015-09-14T16:53:04+00:00\" \/>\n<meta property=\"article:modified_time\" content=\"2015-09-14T16:54:13+00:00\" \/>\n<meta property=\"og:image\" content=\"https:\/\/informelitoral.com.ar\/%77%70%2d%63%6f%6e%74%65%6e%74\/uploads\/2015\/09\/o_1385656593.jpg\" \/>\n\t<meta property=\"og:image:width\" content=\"600\" \/>\n\t<meta property=\"og:image:height\" content=\"350\" \/>\n\t<meta property=\"og:image:type\" content=\"image\/jpeg\" \/>\n<meta name=\"author\" content=\"Gonzalo Schmidt\" \/>\n<meta name=\"twitter:card\" content=\"summary_large_image\" \/>\n<meta name=\"twitter:creator\" content=\"@InformeLitoral\" \/>\n<meta name=\"twitter:site\" content=\"@InformeLitoral\" \/>\n<meta name=\"twitter:label1\" content=\"Escrito por\" \/>\n\t<meta name=\"twitter:data1\" content=\"Gonzalo Schmidt\" \/>\n\t<meta name=\"twitter:label2\" content=\"Tiempo de lectura\" \/>\n\t<meta name=\"twitter:data2\" content=\"2 minutos\" \/>\n<script type=\"application\/ld+json\" class=\"yoast-schema-graph\">{\"@context\":\"https:\\\/\\\/schema.org\",\"@graph\":[{\"@type\":\"Article\",\"@id\":\"https:\\\/\\\/informelitoral.com.ar\\\/urribarri-acompanara-a-empresarios-entrerrianos-a-chile\\\/#article\",\"isPartOf\":{\"@id\":\"https:\\\/\\\/informelitoral.com.ar\\\/urribarri-acompanara-a-empresarios-entrerrianos-a-chile\\\/\"},\"author\":{\"name\":\"Gonzalo Schmidt\",\"@id\":\"https:\\\/\\\/informelitoral.com.ar\\\/#\\\/schema\\\/person\\\/b9d00407c836482871ef1d57bf8e3180\"},\"headline\":\"Urribarri acompa\u00f1ar\u00e1 a empresarios entrerrianos a Chile\",\"datePublished\":\"2015-09-14T16:53:04+00:00\",\"dateModified\":\"2015-09-14T16:54:13+00:00\",\"mainEntityOfPage\":{\"@id\":\"https:\\\/\\\/informelitoral.com.ar\\\/urribarri-acompanara-a-empresarios-entrerrianos-a-chile\\\/\"},\"wordCount\":505,\"commentCount\":0,\"publisher\":{\"@id\":\"https:\\\/\\\/informelitoral.com.ar\\\/#organization\"},\"image\":{\"@id\":\"https:\\\/\\\/informelitoral.com.ar\\\/urribarri-acompanara-a-empresarios-entrerrianos-a-chile\\\/#primaryimage\"},\"thumbnailUrl\":\"http:\\\/\\\/www.isletasnoticias.com.ar\\\/%77%70%2d%63%6f%6e%74%65%6e%74\\\/uploads\\\/2015\\\/09\\\/o_1385656593-300x175.jpg\",\"articleSection\":[\"Entre R\u00edos\",\"Politica\"],\"inLanguage\":\"es\",\"potentialAction\":[{\"@type\":\"CommentAction\",\"name\":\"Comment\",\"target\":[\"https:\\\/\\\/informelitoral.com.ar\\\/urribarri-acompanara-a-empresarios-entrerrianos-a-chile\\\/#respond\"]}]},{\"@type\":\"WebPage\",\"@id\":\"https:\\\/\\\/informelitoral.com.ar\\\/urribarri-acompanara-a-empresarios-entrerrianos-a-chile\\\/\",\"url\":\"https:\\\/\\\/informelitoral.com.ar\\\/urribarri-acompanara-a-empresarios-entrerrianos-a-chile\\\/\",\"name\":\"Urribarri acompa\u00f1ar\u00e1 a empresarios entrerrianos a Chile - Informe Litoral\",\"isPartOf\":{\"@id\":\"https:\\\/\\\/informelitoral.com.ar\\\/#website\"},\"primaryImageOfPage\":{\"@id\":\"https:\\\/\\\/informelitoral.com.ar\\\/urribarri-acompanara-a-empresarios-entrerrianos-a-chile\\\/#primaryimage\"},\"image\":{\"@id\":\"https:\\\/\\\/informelitoral.com.ar\\\/urribarri-acompanara-a-empresarios-entrerrianos-a-chile\\\/#primaryimage\"},\"thumbnailUrl\":\"http:\\\/\\\/www.isletasnoticias.com.ar\\\/%77%70%2d%63%6f%6e%74%65%6e%74\\\/uploads\\\/2015\\\/09\\\/o_1385656593-300x175.jpg\",\"datePublished\":\"2015-09-14T16:53:04+00:00\",\"dateModified\":\"2015-09-14T16:54:13+00:00\",\"breadcrumb\":{\"@id\":\"https:\\\/\\\/informelitoral.com.ar\\\/urribarri-acompanara-a-empresarios-entrerrianos-a-chile\\\/#breadcrumb\"},\"inLanguage\":\"es\",\"potentialAction\":[{\"@type\":\"ReadAction\",\"target\":[\"https:\\\/\\\/informelitoral.com.ar\\\/urribarri-acompanara-a-empresarios-entrerrianos-a-chile\\\/\"]}]},{\"@type\":\"ImageObject\",\"inLanguage\":\"es\",\"@id\":\"https:\\\/\\\/informelitoral.com.ar\\\/urribarri-acompanara-a-empresarios-entrerrianos-a-chile\\\/#primaryimage\",\"url\":\"http:\\\/\\\/www.isletasnoticias.com.ar\\\/%77%70%2d%63%6f%6e%74%65%6e%74\\\/uploads\\\/2015\\\/09\\\/o_1385656593-300x175.jpg\",\"contentUrl\":\"http:\\\/\\\/www.isletasnoticias.com.ar\\\/%77%70%2d%63%6f%6e%74%65%6e%74\\\/uploads\\\/2015\\\/09\\\/o_1385656593-300x175.jpg\"},{\"@type\":\"BreadcrumbList\",\"@id\":\"https:\\\/\\\/informelitoral.com.ar\\\/urribarri-acompanara-a-empresarios-entrerrianos-a-chile\\\/#breadcrumb\",\"itemListElement\":[{\"@type\":\"ListItem\",\"position\":1,\"name\":\"Portada\",\"item\":\"https:\\\/\\\/informelitoral.com.ar\\\/\"},{\"@type\":\"ListItem\",\"position\":2,\"name\":\"Urribarri acompa\u00f1ar\u00e1 a empresarios entrerrianos a Chile\"}]},{\"@type\":\"WebSite\",\"@id\":\"https:\\\/\\\/informelitoral.com.ar\\\/#website\",\"url\":\"https:\\\/\\\/informelitoral.com.ar\\\/\",\"name\":\"Informe Litoral\",\"description\":\"&quot;Nos informamos&quot; \",\"publisher\":{\"@id\":\"https:\\\/\\\/informelitoral.com.ar\\\/#organization\"},\"potentialAction\":[{\"@type\":\"SearchAction\",\"target\":{\"@type\":\"EntryPoint\",\"urlTemplate\":\"https:\\\/\\\/informelitoral.com.ar\\\/?s={search_term_string}\"},\"query-input\":{\"@type\":\"PropertyValueSpecification\",\"valueRequired\":true,\"valueName\":\"search_term_string\"}}],\"inLanguage\":\"es\"},{\"@type\":\"Organization\",\"@id\":\"https:\\\/\\\/informelitoral.com.ar\\\/#organization\",\"name\":\"Informe Litoral\",\"url\":\"https:\\\/\\\/informelitoral.com.ar\\\/\",\"logo\":{\"@type\":\"ImageObject\",\"inLanguage\":\"es\",\"@id\":\"https:\\\/\\\/informelitoral.com.ar\\\/#\\\/schema\\\/logo\\\/image\\\/\",\"url\":\"https:\\\/\\\/informelitoral.com.ar\\\/%77%70%2d%63%6f%6e%74%65%6e%74\\\/uploads\\\/2021\\\/01\\\/circulo.png\",\"contentUrl\":\"https:\\\/\\\/informelitoral.com.ar\\\/%77%70%2d%63%6f%6e%74%65%6e%74\\\/uploads\\\/2021\\\/01\\\/circulo.png\",\"width\":723,\"height\":731,\"caption\":\"Informe Litoral\"},\"image\":{\"@id\":\"https:\\\/\\\/informelitoral.com.ar\\\/#\\\/schema\\\/logo\\\/image\\\/\"},\"sameAs\":[\"https:\\\/\\\/www.facebook.com\\\/informelitoral\\\/\",\"https:\\\/\\\/x.com\\\/InformeLitoral\",\"https:\\\/\\\/www.instagram.com\\\/informelitoral\\\/\",\"https:\\\/\\\/www.youtube.com\\\/channel\\\/UCua4Qvz8Icb6MYqhoq9xLXw\"]},{\"@type\":\"Person\",\"@id\":\"https:\\\/\\\/informelitoral.com.ar\\\/#\\\/schema\\\/person\\\/b9d00407c836482871ef1d57bf8e3180\",\"name\":\"Gonzalo Schmidt\",\"image\":{\"@type\":\"ImageObject\",\"inLanguage\":\"es\",\"@id\":\"https:\\\/\\\/secure.gravatar.com\\\/avatar\\\/31a1a7b66ff2de83bd0e9fd79d026630d2d99e55e8bfe501287647b4fd9743de?s=96&d=mm&r=g\",\"url\":\"https:\\\/\\\/secure.gravatar.com\\\/avatar\\\/31a1a7b66ff2de83bd0e9fd79d026630d2d99e55e8bfe501287647b4fd9743de?s=96&d=mm&r=g\",\"contentUrl\":\"https:\\\/\\\/secure.gravatar.com\\\/avatar\\\/31a1a7b66ff2de83bd0e9fd79d026630d2d99e55e8bfe501287647b4fd9743de?s=96&d=mm&r=g\",\"caption\":\"Gonzalo Schmidt\"},\"description\":\"Sitio web de noticias de la provincia de Entre R\u00edos, Argentina. Informaci\u00f3n y entretenimiento. Informe Litoral, nos informamos.\",\"sameAs\":[\"http:\\\/\\\/www.isletasnoticias.com.ar\"],\"url\":\"https:\\\/\\\/informelitoral.com.ar\\\/author\\\/gonzalo\\\/\"}]}<\/script>","yoast_head_json":{"title":"Urribarri acompa\u00f1ar\u00e1 a empresarios entrerrianos a Chile - Informe Litoral","robots":{"index":"index","follow":"follow","max-snippet":"max-snippet:-1","max-image-preview":"max-image-preview:large","max-video-preview":"max-video-preview:-1"},"canonical":"https:\/\/informelitoral.com.ar\/urribarri-acompanara-a-empresarios-entrerrianos-a-chile\/","og_locale":"es_ES","og_type":"article","og_title":"Urribarri acompa\u00f1ar\u00e1 a empresarios entrerrianos a Chile - Informe Litoral","og_description":"La Rep&uacute;blica de Chile es uno de los mercados de mayor relevancia y potencial en la estructura de las exportaciones entrerrianas. Durante 2014 se comercializaron hacia el vecino pa&iacute;s m&aacute;s de 170.000 toneladas de alimentos y bienes de capital. Con el objetivo de lograr nuevas oportunidades y consolidar las relaciones existentes, el gobernador Sergio Urribarri [&hellip;]","og_url":"https:\/\/informelitoral.com.ar\/urribarri-acompanara-a-empresarios-entrerrianos-a-chile\/","og_site_name":"Informe Litoral","article_publisher":"https:\/\/www.facebook.com\/informelitoral\/","article_published_time":"2015-09-14T16:53:04+00:00","article_modified_time":"2015-09-14T16:54:13+00:00","og_image":[{"width":600,"height":350,"url":"https:\/\/informelitoral.com.ar\/%77%70%2d%63%6f%6e%74%65%6e%74\/uploads\/2015\/09\/o_1385656593.jpg","type":"image\/jpeg"}],"author":"Gonzalo Schmidt","twitter_card":"summary_large_image","twitter_creator":"@InformeLitoral","twitter_site":"@InformeLitoral","twitter_misc":{"Escrito por":"Gonzalo Schmidt","Tiempo de lectura":"2 minutos"},"schema":{"@context":"https:\/\/schema.org","@graph":[{"@type":"Article","@id":"https:\/\/informelitoral.com.ar\/urribarri-acompanara-a-empresarios-entrerrianos-a-chile\/#article","isPartOf":{"@id":"https:\/\/informelitoral.com.ar\/urribarri-acompanara-a-empresarios-entrerrianos-a-chile\/"},"author":{"name":"Gonzalo Schmidt","@id":"https:\/\/informelitoral.com.ar\/#\/schema\/person\/b9d00407c836482871ef1d57bf8e3180"},"headline":"Urribarri acompa\u00f1ar\u00e1 a empresarios entrerrianos a Chile","datePublished":"2015-09-14T16:53:04+00:00","dateModified":"2015-09-14T16:54:13+00:00","mainEntityOfPage":{"@id":"https:\/\/informelitoral.com.ar\/urribarri-acompanara-a-empresarios-entrerrianos-a-chile\/"},"wordCount":505,"commentCount":0,"publisher":{"@id":"https:\/\/informelitoral.com.ar\/#organization"},"image":{"@id":"https:\/\/informelitoral.com.ar\/urribarri-acompanara-a-empresarios-entrerrianos-a-chile\/#primaryimage"},"thumbnailUrl":"http:\/\/www.isletasnoticias.com.ar\/%77%70%2d%63%6f%6e%74%65%6e%74\/uploads\/2015\/09\/o_1385656593-300x175.jpg","articleSection":["Entre R\u00edos","Politica"],"inLanguage":"es","potentialAction":[{"@type":"CommentAction","name":"Comment","target":["https:\/\/informelitoral.com.ar\/urribarri-acompanara-a-empresarios-entrerrianos-a-chile\/#respond"]}]},{"@type":"WebPage","@id":"https:\/\/informelitoral.com.ar\/urribarri-acompanara-a-empresarios-entrerrianos-a-chile\/","url":"https:\/\/informelitoral.com.ar\/urribarri-acompanara-a-empresarios-entrerrianos-a-chile\/","name":"Urribarri acompa\u00f1ar\u00e1 a empresarios entrerrianos a Chile - Informe Litoral","isPartOf":{"@id":"https:\/\/informelitoral.com.ar\/#website"},"primaryImageOfPage":{"@id":"https:\/\/informelitoral.com.ar\/urribarri-acompanara-a-empresarios-entrerrianos-a-chile\/#primaryimage"},"image":{"@id":"https:\/\/informelitoral.com.ar\/urribarri-acompanara-a-empresarios-entrerrianos-a-chile\/#primaryimage"},"thumbnailUrl":"http:\/\/www.isletasnoticias.com.ar\/%77%70%2d%63%6f%6e%74%65%6e%74\/uploads\/2015\/09\/o_1385656593-300x175.jpg","datePublished":"2015-09-14T16:53:04+00:00","dateModified":"2015-09-14T16:54:13+00:00","breadcrumb":{"@id":"https:\/\/informelitoral.com.ar\/urribarri-acompanara-a-empresarios-entrerrianos-a-chile\/#breadcrumb"},"inLanguage":"es","potentialAction":[{"@type":"ReadAction","target":["https:\/\/informelitoral.com.ar\/urribarri-acompanara-a-empresarios-entrerrianos-a-chile\/"]}]},{"@type":"ImageObject","inLanguage":"es","@id":"https:\/\/informelitoral.com.ar\/urribarri-acompanara-a-empresarios-entrerrianos-a-chile\/#primaryimage","url":"http:\/\/www.isletasnoticias.com.ar\/%77%70%2d%63%6f%6e%74%65%6e%74\/uploads\/2015\/09\/o_1385656593-300x175.jpg","contentUrl":"http:\/\/www.isletasnoticias.com.ar\/%77%70%2d%63%6f%6e%74%65%6e%74\/uploads\/2015\/09\/o_1385656593-300x175.jpg"},{"@type":"BreadcrumbList","@id":"https:\/\/informelitoral.com.ar\/urribarri-acompanara-a-empresarios-entrerrianos-a-chile\/#breadcrumb","itemListElement":[{"@type":"ListItem","position":1,"name":"Portada","item":"https:\/\/informelitoral.com.ar\/"},{"@type":"ListItem","position":2,"name":"Urribarri acompa\u00f1ar\u00e1 a empresarios entrerrianos a Chile"}]},{"@type":"WebSite","@id":"https:\/\/informelitoral.com.ar\/#website","url":"https:\/\/informelitoral.com.ar\/","name":"Informe Litoral","description":"&quot;Nos informamos&quot; ","publisher":{"@id":"https:\/\/informelitoral.com.ar\/#organization"},"potentialAction":[{"@type":"SearchAction","target":{"@type":"EntryPoint","urlTemplate":"https:\/\/informelitoral.com.ar\/?s={search_term_string}"},"query-input":{"@type":"PropertyValueSpecification","valueRequired":true,"valueName":"search_term_string"}}],"inLanguage":"es"},{"@type":"Organization","@id":"https:\/\/informelitoral.com.ar\/#organization","name":"Informe Litoral","url":"https:\/\/informelitoral.com.ar\/","logo":{"@type":"ImageObject","inLanguage":"es","@id":"https:\/\/informelitoral.com.ar\/#\/schema\/logo\/image\/","url":"https:\/\/informelitoral.com.ar\/%77%70%2d%63%6f%6e%74%65%6e%74\/uploads\/2021\/01\/circulo.png","contentUrl":"https:\/\/informelitoral.com.ar\/%77%70%2d%63%6f%6e%74%65%6e%74\/uploads\/2021\/01\/circulo.png","width":723,"height":731,"caption":"Informe Litoral"},"image":{"@id":"https:\/\/informelitoral.com.ar\/#\/schema\/logo\/image\/"},"sameAs":["https:\/\/www.facebook.com\/informelitoral\/","https:\/\/x.com\/InformeLitoral","https:\/\/www.instagram.com\/informelitoral\/","https:\/\/www.youtube.com\/channel\/UCua4Qvz8Icb6MYqhoq9xLXw"]},{"@type":"Person","@id":"https:\/\/informelitoral.com.ar\/#\/schema\/person\/b9d00407c836482871ef1d57bf8e3180","name":"Gonzalo Schmidt","image":{"@type":"ImageObject","inLanguage":"es","@id":"https:\/\/secure.gravatar.com\/avatar\/31a1a7b66ff2de83bd0e9fd79d026630d2d99e55e8bfe501287647b4fd9743de?s=96&d=mm&r=g","url":"https:\/\/secure.gravatar.com\/avatar\/31a1a7b66ff2de83bd0e9fd79d026630d2d99e55e8bfe501287647b4fd9743de?s=96&d=mm&r=g","contentUrl":"https:\/\/secure.gravatar.com\/avatar\/31a1a7b66ff2de83bd0e9fd79d026630d2d99e55e8bfe501287647b4fd9743de?s=96&d=mm&r=g","caption":"Gonzalo Schmidt"},"description":"Sitio web de noticias de la provincia de Entre R\u00edos, Argentina. Informaci\u00f3n y entretenimiento. Informe Litoral, nos informamos.","sameAs":["http:\/\/www.isletasnoticias.com.ar"],"url":"https:\/\/informelitoral.com.ar\/author\/gonzalo\/"}]}},"_links":{"self":[{"href":"https:\/\/informelitoral.com.ar\/%77%70%2d%6a%73%6f%6e\/wp\/v2\/posts\/11776","targetHints":{"allow":["GET"]}}],"collection":[{"href":"https:\/\/informelitoral.com.ar\/%77%70%2d%6a%73%6f%6e\/wp\/v2\/posts"}],"about":[{"href":"https:\/\/informelitoral.com.ar\/%77%70%2d%6a%73%6f%6e\/wp\/v2\/types\/post"}],"author":[{"embeddable":true,"href":"https:\/\/informelitoral.com.ar\/%77%70%2d%6a%73%6f%6e\/wp\/v2\/users\/2"}],"replies":[{"embeddable":true,"href":"https:\/\/informelitoral.com.ar\/%77%70%2d%6a%73%6f%6e\/wp\/v2\/comments?post=11776"}],"version-history":[{"count":0,"href":"https:\/\/informelitoral.com.ar\/%77%70%2d%6a%73%6f%6e\/wp\/v2\/posts\/11776\/revisions"}],"wp:attachment":[{"href":"https:\/\/informelitoral.com.ar\/%77%70%2d%6a%73%6f%6e\/wp\/v2\/media?parent=11776"}],"wp:term":[{"taxonomy":"category","embeddable":true,"href":"https:\/\/informelitoral.com.ar\/%77%70%2d%6a%73%6f%6e\/wp\/v2\/categories?post=11776"},{"taxonomy":"post_tag","embeddable":true,"href":"https:\/\/informelitoral.com.ar\/%77%70%2d%6a%73%6f%6e\/wp\/v2\/tags?post=11776"}],"curies":[{"name":"wp","href":"https:\/\/api.w.org\/{rel}","templated":true}]}}