{"id":117304,"date":"2023-02-06T08:42:47","date_gmt":"2023-02-06T11:42:47","guid":{"rendered":"https:\/\/www.informelitoral.com.ar\/?p=117304"},"modified":"2023-02-06T19:17:31","modified_gmt":"2023-02-06T22:17:31","slug":"trabajan-con-gobiernos-locales-del-departamento-nogoya-en-soluciones-para-el-servicio-de-agua-potable","status":"publish","type":"post","link":"https:\/\/informelitoral.com.ar\/trabajan-con-gobiernos-locales-del-departamento-nogoya-en-soluciones-para-el-servicio-de-agua-potable\/","title":{"rendered":"Trabajan con gobiernos locales del departamento Nogoy\u00e1 en soluciones para el servicio de agua potable"},"content":{"rendered":"<p>Del encuentro participaron adem\u00e1s la secretaria de Planeamiento Eugenia Mayr; la directora de Obras Sanitarias Elizabth Pozzi; H\u00e9ctor Barreto, presidente de Crucecita S\u00e9ptima y coordinador de Juntas; y Julia Arismendi, presidenta de la junta de gobierno de Crucecita Octava. El tema central de la reuni\u00f3n de trabajo fue nuevas perforaciones y pozos de agua.<\/p>\n<p>Al respecto, la senadora Maidana expres\u00f3: \u201cLa problem\u00e1tica que tenemos es la sequ\u00eda de los pozos de agua. Hemos avanzado en todo el departamento con nuevas perforaciones, d\u00e1ndoles soluciones a los vecinos, y tambi\u00e9n a algunas escuelas, prepar\u00e1ndonos para lo que va a hacer el ciclo lectivo. Pero m\u00e1s precisamente en la zona de octava es donde estamos muy complicados porque el agua es muy salada, y estamos viendo para poder avanzar con nuevos laboratorios y nuevas perforaciones en la zona\u201d.<\/p>\n<p>\u201cVamos a tomarle una nueva muestra de uno de los pozos en Crucecita Octava y avanzaremos ah\u00ed con una nueva perforaci\u00f3n para despu\u00e9s poder hacer la red, que es uno de los proyectos que se estaba ejecutando, pero haciendo la perforaci\u00f3n en otra zona acortar\u00edamos la distancia para poder hacer la red de agua que corresponde para poder darle soluci\u00f3n a m\u00e1s de 100 vecinos en Crucecita Octava\u201d, destaco finalmente la legisladora.<\/p>\n","protected":false},"excerpt":{"rendered":"<p>Con la premisa de evaluar el avance de gestiones y trabajar distintas necesidades de las juntas de gobierno de Crucecita Octava y Crucecita S\u00e9ptima del departamento Nogoy\u00e1, el ministro de Planeamiento, Marcelo Richard, recibi\u00f3 a la senadora provincial Flavia Maidana.<\/p>\n","protected":false},"author":8,"featured_media":117315,"comment_status":"open","ping_status":"open","sticky":false,"template":"","format":"standard","meta":{"fifu_image_url":"","fifu_image_alt":"","footnotes":""},"categories":[6],"tags":[74],"class_list":{"0":"post-117304","1":"post","2":"type-post","3":"status-publish","4":"format-standard","5":"has-post-thumbnail","7":"category-entre-rios","8":"tag-nogoya"},"yoast_head":"<title>Trabajan con gobiernos locales del departamento Nogoy\u00e1 en soluciones para el servicio de agua potable - Informe Litoral<\/title>\n<meta name=\"robots\" content=\"index, follow, max-snippet:-1, max-image-preview:large, max-video-preview:-1\" \/>\n<link rel=\"canonical\" href=\"https:\/\/informelitoral.com.ar\/trabajan-con-gobiernos-locales-del-departamento-nogoya-en-soluciones-para-el-servicio-de-agua-potable\/\" \/>\n<meta property=\"og:locale\" content=\"es_ES\" \/>\n<meta property=\"og:type\" content=\"article\" \/>\n<meta property=\"og:title\" content=\"Trabajan con gobiernos locales del departamento Nogoy\u00e1 en soluciones para el servicio de agua potable - Informe Litoral\" \/>\n<meta property=\"og:description\" content=\"Con la premisa de evaluar el avance de gestiones y trabajar distintas necesidades de las juntas de gobierno de Crucecita Octava y Crucecita S\u00e9ptima del departamento Nogoy\u00e1, el ministro de Planeamiento, Marcelo Richard, recibi\u00f3 a la senadora provincial Flavia Maidana.\" \/>\n<meta property=\"og:url\" content=\"https:\/\/informelitoral.com.ar\/trabajan-con-gobiernos-locales-del-departamento-nogoya-en-soluciones-para-el-servicio-de-agua-potable\/\" \/>\n<meta property=\"og:site_name\" content=\"Informe Litoral\" \/>\n<meta property=\"article:publisher\" content=\"https:\/\/www.facebook.com\/informelitoral\/\" \/>\n<meta property=\"article:published_time\" content=\"2023-02-06T11:42:47+00:00\" \/>\n<meta property=\"article:modified_time\" content=\"2023-02-06T22:17:31+00:00\" \/>\n<meta property=\"og:image\" content=\"https:\/\/informelitoral.com.ar\/%77%70%2d%63%6f%6e%74%65%6e%74\/uploads\/2023\/02\/p_1675681184.jpg\" \/>\n\t<meta property=\"og:image:width\" content=\"1920\" \/>\n\t<meta property=\"og:image:height\" content=\"800\" \/>\n\t<meta property=\"og:image:type\" content=\"image\/jpeg\" \/>\n<meta name=\"author\" content=\"Sebastian\" \/>\n<meta name=\"twitter:card\" content=\"summary_large_image\" \/>\n<meta name=\"twitter:creator\" content=\"@InformeLitoral\" \/>\n<meta name=\"twitter:site\" content=\"@InformeLitoral\" \/>\n<meta name=\"twitter:label1\" content=\"Escrito por\" \/>\n\t<meta name=\"twitter:data1\" content=\"Sebastian\" \/>\n\t<meta name=\"twitter:label2\" content=\"Tiempo de lectura\" \/>\n\t<meta name=\"twitter:data2\" content=\"1 minuto\" \/>\n<script type=\"application\/ld+json\" class=\"yoast-schema-graph\">{\"@context\":\"https:\\\/\\\/schema.org\",\"@graph\":[{\"@type\":\"Article\",\"@id\":\"https:\\\/\\\/informelitoral.com.ar\\\/trabajan-con-gobiernos-locales-del-departamento-nogoya-en-soluciones-para-el-servicio-de-agua-potable\\\/#article\",\"isPartOf\":{\"@id\":\"https:\\\/\\\/informelitoral.com.ar\\\/trabajan-con-gobiernos-locales-del-departamento-nogoya-en-soluciones-para-el-servicio-de-agua-potable\\\/\"},\"author\":{\"name\":\"Sebastian\",\"@id\":\"https:\\\/\\\/informelitoral.com.ar\\\/#\\\/schema\\\/person\\\/f05f9f461677119578717524b127d6d5\"},\"headline\":\"Trabajan con gobiernos locales del departamento Nogoy\u00e1 en soluciones para el servicio de agua potable\",\"datePublished\":\"2023-02-06T11:42:47+00:00\",\"dateModified\":\"2023-02-06T22:17:31+00:00\",\"mainEntityOfPage\":{\"@id\":\"https:\\\/\\\/informelitoral.com.ar\\\/trabajan-con-gobiernos-locales-del-departamento-nogoya-en-soluciones-para-el-servicio-de-agua-potable\\\/\"},\"wordCount\":237,\"commentCount\":0,\"publisher\":{\"@id\":\"https:\\\/\\\/informelitoral.com.ar\\\/#organization\"},\"image\":{\"@id\":\"https:\\\/\\\/informelitoral.com.ar\\\/trabajan-con-gobiernos-locales-del-departamento-nogoya-en-soluciones-para-el-servicio-de-agua-potable\\\/#primaryimage\"},\"thumbnailUrl\":\"https:\\\/\\\/informelitoral.com.ar\\\/%77%70%2d%63%6f%6e%74%65%6e%74\\\/uploads\\\/2023\\\/02\\\/p_1675681184.jpg\",\"keywords\":[\"Nogoy\u00e1\"],\"articleSection\":[\"Entre R\u00edos\"],\"inLanguage\":\"es\",\"potentialAction\":[{\"@type\":\"CommentAction\",\"name\":\"Comment\",\"target\":[\"https:\\\/\\\/informelitoral.com.ar\\\/trabajan-con-gobiernos-locales-del-departamento-nogoya-en-soluciones-para-el-servicio-de-agua-potable\\\/#respond\"]}]},{\"@type\":\"WebPage\",\"@id\":\"https:\\\/\\\/informelitoral.com.ar\\\/trabajan-con-gobiernos-locales-del-departamento-nogoya-en-soluciones-para-el-servicio-de-agua-potable\\\/\",\"url\":\"https:\\\/\\\/informelitoral.com.ar\\\/trabajan-con-gobiernos-locales-del-departamento-nogoya-en-soluciones-para-el-servicio-de-agua-potable\\\/\",\"name\":\"Trabajan con gobiernos locales del departamento Nogoy\u00e1 en soluciones para el servicio de agua potable - Informe Litoral\",\"isPartOf\":{\"@id\":\"https:\\\/\\\/informelitoral.com.ar\\\/#website\"},\"primaryImageOfPage\":{\"@id\":\"https:\\\/\\\/informelitoral.com.ar\\\/trabajan-con-gobiernos-locales-del-departamento-nogoya-en-soluciones-para-el-servicio-de-agua-potable\\\/#primaryimage\"},\"image\":{\"@id\":\"https:\\\/\\\/informelitoral.com.ar\\\/trabajan-con-gobiernos-locales-del-departamento-nogoya-en-soluciones-para-el-servicio-de-agua-potable\\\/#primaryimage\"},\"thumbnailUrl\":\"https:\\\/\\\/informelitoral.com.ar\\\/%77%70%2d%63%6f%6e%74%65%6e%74\\\/uploads\\\/2023\\\/02\\\/p_1675681184.jpg\",\"datePublished\":\"2023-02-06T11:42:47+00:00\",\"dateModified\":\"2023-02-06T22:17:31+00:00\",\"breadcrumb\":{\"@id\":\"https:\\\/\\\/informelitoral.com.ar\\\/trabajan-con-gobiernos-locales-del-departamento-nogoya-en-soluciones-para-el-servicio-de-agua-potable\\\/#breadcrumb\"},\"inLanguage\":\"es\",\"potentialAction\":[{\"@type\":\"ReadAction\",\"target\":[\"https:\\\/\\\/informelitoral.com.ar\\\/trabajan-con-gobiernos-locales-del-departamento-nogoya-en-soluciones-para-el-servicio-de-agua-potable\\\/\"]}]},{\"@type\":\"ImageObject\",\"inLanguage\":\"es\",\"@id\":\"https:\\\/\\\/informelitoral.com.ar\\\/trabajan-con-gobiernos-locales-del-departamento-nogoya-en-soluciones-para-el-servicio-de-agua-potable\\\/#primaryimage\",\"url\":\"https:\\\/\\\/informelitoral.com.ar\\\/%77%70%2d%63%6f%6e%74%65%6e%74\\\/uploads\\\/2023\\\/02\\\/p_1675681184.jpg\",\"contentUrl\":\"https:\\\/\\\/informelitoral.com.ar\\\/%77%70%2d%63%6f%6e%74%65%6e%74\\\/uploads\\\/2023\\\/02\\\/p_1675681184.jpg\",\"width\":1920,\"height\":800},{\"@type\":\"BreadcrumbList\",\"@id\":\"https:\\\/\\\/informelitoral.com.ar\\\/trabajan-con-gobiernos-locales-del-departamento-nogoya-en-soluciones-para-el-servicio-de-agua-potable\\\/#breadcrumb\",\"itemListElement\":[{\"@type\":\"ListItem\",\"position\":1,\"name\":\"Portada\",\"item\":\"https:\\\/\\\/informelitoral.com.ar\\\/\"},{\"@type\":\"ListItem\",\"position\":2,\"name\":\"Trabajan con gobiernos locales del departamento Nogoy\u00e1 en soluciones para el servicio de agua potable\"}]},{\"@type\":\"WebSite\",\"@id\":\"https:\\\/\\\/informelitoral.com.ar\\\/#website\",\"url\":\"https:\\\/\\\/informelitoral.com.ar\\\/\",\"name\":\"Informe Litoral\",\"description\":\"&quot;Nos informamos&quot; \",\"publisher\":{\"@id\":\"https:\\\/\\\/informelitoral.com.ar\\\/#organization\"},\"potentialAction\":[{\"@type\":\"SearchAction\",\"target\":{\"@type\":\"EntryPoint\",\"urlTemplate\":\"https:\\\/\\\/informelitoral.com.ar\\\/?s={search_term_string}\"},\"query-input\":{\"@type\":\"PropertyValueSpecification\",\"valueRequired\":true,\"valueName\":\"search_term_string\"}}],\"inLanguage\":\"es\"},{\"@type\":\"Organization\",\"@id\":\"https:\\\/\\\/informelitoral.com.ar\\\/#organization\",\"name\":\"Informe Litoral\",\"url\":\"https:\\\/\\\/informelitoral.com.ar\\\/\",\"logo\":{\"@type\":\"ImageObject\",\"inLanguage\":\"es\",\"@id\":\"https:\\\/\\\/informelitoral.com.ar\\\/#\\\/schema\\\/logo\\\/image\\\/\",\"url\":\"https:\\\/\\\/informelitoral.com.ar\\\/%77%70%2d%63%6f%6e%74%65%6e%74\\\/uploads\\\/2021\\\/01\\\/circulo.png\",\"contentUrl\":\"https:\\\/\\\/informelitoral.com.ar\\\/%77%70%2d%63%6f%6e%74%65%6e%74\\\/uploads\\\/2021\\\/01\\\/circulo.png\",\"width\":723,\"height\":731,\"caption\":\"Informe Litoral\"},\"image\":{\"@id\":\"https:\\\/\\\/informelitoral.com.ar\\\/#\\\/schema\\\/logo\\\/image\\\/\"},\"sameAs\":[\"https:\\\/\\\/www.facebook.com\\\/informelitoral\\\/\",\"https:\\\/\\\/x.com\\\/InformeLitoral\",\"https:\\\/\\\/www.instagram.com\\\/informelitoral\\\/\",\"https:\\\/\\\/www.youtube.com\\\/channel\\\/UCua4Qvz8Icb6MYqhoq9xLXw\"]},{\"@type\":\"Person\",\"@id\":\"https:\\\/\\\/informelitoral.com.ar\\\/#\\\/schema\\\/person\\\/f05f9f461677119578717524b127d6d5\",\"name\":\"Sebastian\",\"image\":{\"@type\":\"ImageObject\",\"inLanguage\":\"es\",\"@id\":\"https:\\\/\\\/secure.gravatar.com\\\/avatar\\\/b71bf7481d447dfb9583c7f2798e7cc64de6efb9067b74633ed8c31059a3bd82?s=96&d=mm&r=g\",\"url\":\"https:\\\/\\\/secure.gravatar.com\\\/avatar\\\/b71bf7481d447dfb9583c7f2798e7cc64de6efb9067b74633ed8c31059a3bd82?s=96&d=mm&r=g\",\"contentUrl\":\"https:\\\/\\\/secure.gravatar.com\\\/avatar\\\/b71bf7481d447dfb9583c7f2798e7cc64de6efb9067b74633ed8c31059a3bd82?s=96&d=mm&r=g\",\"caption\":\"Sebastian\"},\"url\":\"https:\\\/\\\/informelitoral.com.ar\\\/author\\\/sebastian\\\/\"}]}<\/script>","yoast_head_json":{"title":"Trabajan con gobiernos locales del departamento Nogoy\u00e1 en soluciones para el servicio de agua potable - Informe Litoral","robots":{"index":"index","follow":"follow","max-snippet":"max-snippet:-1","max-image-preview":"max-image-preview:large","max-video-preview":"max-video-preview:-1"},"canonical":"https:\/\/informelitoral.com.ar\/trabajan-con-gobiernos-locales-del-departamento-nogoya-en-soluciones-para-el-servicio-de-agua-potable\/","og_locale":"es_ES","og_type":"article","og_title":"Trabajan con gobiernos locales del departamento Nogoy\u00e1 en soluciones para el servicio de agua potable - Informe Litoral","og_description":"Con la premisa de evaluar el avance de gestiones y trabajar distintas necesidades de las juntas de gobierno de Crucecita Octava y Crucecita S\u00e9ptima del departamento Nogoy\u00e1, el ministro de Planeamiento, Marcelo Richard, recibi\u00f3 a la senadora provincial Flavia Maidana.","og_url":"https:\/\/informelitoral.com.ar\/trabajan-con-gobiernos-locales-del-departamento-nogoya-en-soluciones-para-el-servicio-de-agua-potable\/","og_site_name":"Informe Litoral","article_publisher":"https:\/\/www.facebook.com\/informelitoral\/","article_published_time":"2023-02-06T11:42:47+00:00","article_modified_time":"2023-02-06T22:17:31+00:00","og_image":[{"width":1920,"height":800,"url":"https:\/\/informelitoral.com.ar\/%77%70%2d%63%6f%6e%74%65%6e%74\/uploads\/2023\/02\/p_1675681184.jpg","type":"image\/jpeg"}],"author":"Sebastian","twitter_card":"summary_large_image","twitter_creator":"@InformeLitoral","twitter_site":"@InformeLitoral","twitter_misc":{"Escrito por":"Sebastian","Tiempo de lectura":"1 minuto"},"schema":{"@context":"https:\/\/schema.org","@graph":[{"@type":"Article","@id":"https:\/\/informelitoral.com.ar\/trabajan-con-gobiernos-locales-del-departamento-nogoya-en-soluciones-para-el-servicio-de-agua-potable\/#article","isPartOf":{"@id":"https:\/\/informelitoral.com.ar\/trabajan-con-gobiernos-locales-del-departamento-nogoya-en-soluciones-para-el-servicio-de-agua-potable\/"},"author":{"name":"Sebastian","@id":"https:\/\/informelitoral.com.ar\/#\/schema\/person\/f05f9f461677119578717524b127d6d5"},"headline":"Trabajan con gobiernos locales del departamento Nogoy\u00e1 en soluciones para el servicio de agua potable","datePublished":"2023-02-06T11:42:47+00:00","dateModified":"2023-02-06T22:17:31+00:00","mainEntityOfPage":{"@id":"https:\/\/informelitoral.com.ar\/trabajan-con-gobiernos-locales-del-departamento-nogoya-en-soluciones-para-el-servicio-de-agua-potable\/"},"wordCount":237,"commentCount":0,"publisher":{"@id":"https:\/\/informelitoral.com.ar\/#organization"},"image":{"@id":"https:\/\/informelitoral.com.ar\/trabajan-con-gobiernos-locales-del-departamento-nogoya-en-soluciones-para-el-servicio-de-agua-potable\/#primaryimage"},"thumbnailUrl":"https:\/\/informelitoral.com.ar\/%77%70%2d%63%6f%6e%74%65%6e%74\/uploads\/2023\/02\/p_1675681184.jpg","keywords":["Nogoy\u00e1"],"articleSection":["Entre R\u00edos"],"inLanguage":"es","potentialAction":[{"@type":"CommentAction","name":"Comment","target":["https:\/\/informelitoral.com.ar\/trabajan-con-gobiernos-locales-del-departamento-nogoya-en-soluciones-para-el-servicio-de-agua-potable\/#respond"]}]},{"@type":"WebPage","@id":"https:\/\/informelitoral.com.ar\/trabajan-con-gobiernos-locales-del-departamento-nogoya-en-soluciones-para-el-servicio-de-agua-potable\/","url":"https:\/\/informelitoral.com.ar\/trabajan-con-gobiernos-locales-del-departamento-nogoya-en-soluciones-para-el-servicio-de-agua-potable\/","name":"Trabajan con gobiernos locales del departamento Nogoy\u00e1 en soluciones para el servicio de agua potable - Informe Litoral","isPartOf":{"@id":"https:\/\/informelitoral.com.ar\/#website"},"primaryImageOfPage":{"@id":"https:\/\/informelitoral.com.ar\/trabajan-con-gobiernos-locales-del-departamento-nogoya-en-soluciones-para-el-servicio-de-agua-potable\/#primaryimage"},"image":{"@id":"https:\/\/informelitoral.com.ar\/trabajan-con-gobiernos-locales-del-departamento-nogoya-en-soluciones-para-el-servicio-de-agua-potable\/#primaryimage"},"thumbnailUrl":"https:\/\/informelitoral.com.ar\/%77%70%2d%63%6f%6e%74%65%6e%74\/uploads\/2023\/02\/p_1675681184.jpg","datePublished":"2023-02-06T11:42:47+00:00","dateModified":"2023-02-06T22:17:31+00:00","breadcrumb":{"@id":"https:\/\/informelitoral.com.ar\/trabajan-con-gobiernos-locales-del-departamento-nogoya-en-soluciones-para-el-servicio-de-agua-potable\/#breadcrumb"},"inLanguage":"es","potentialAction":[{"@type":"ReadAction","target":["https:\/\/informelitoral.com.ar\/trabajan-con-gobiernos-locales-del-departamento-nogoya-en-soluciones-para-el-servicio-de-agua-potable\/"]}]},{"@type":"ImageObject","inLanguage":"es","@id":"https:\/\/informelitoral.com.ar\/trabajan-con-gobiernos-locales-del-departamento-nogoya-en-soluciones-para-el-servicio-de-agua-potable\/#primaryimage","url":"https:\/\/informelitoral.com.ar\/%77%70%2d%63%6f%6e%74%65%6e%74\/uploads\/2023\/02\/p_1675681184.jpg","contentUrl":"https:\/\/informelitoral.com.ar\/%77%70%2d%63%6f%6e%74%65%6e%74\/uploads\/2023\/02\/p_1675681184.jpg","width":1920,"height":800},{"@type":"BreadcrumbList","@id":"https:\/\/informelitoral.com.ar\/trabajan-con-gobiernos-locales-del-departamento-nogoya-en-soluciones-para-el-servicio-de-agua-potable\/#breadcrumb","itemListElement":[{"@type":"ListItem","position":1,"name":"Portada","item":"https:\/\/informelitoral.com.ar\/"},{"@type":"ListItem","position":2,"name":"Trabajan con gobiernos locales del departamento Nogoy\u00e1 en soluciones para el servicio de agua potable"}]},{"@type":"WebSite","@id":"https:\/\/informelitoral.com.ar\/#website","url":"https:\/\/informelitoral.com.ar\/","name":"Informe Litoral","description":"&quot;Nos informamos&quot; ","publisher":{"@id":"https:\/\/informelitoral.com.ar\/#organization"},"potentialAction":[{"@type":"SearchAction","target":{"@type":"EntryPoint","urlTemplate":"https:\/\/informelitoral.com.ar\/?s={search_term_string}"},"query-input":{"@type":"PropertyValueSpecification","valueRequired":true,"valueName":"search_term_string"}}],"inLanguage":"es"},{"@type":"Organization","@id":"https:\/\/informelitoral.com.ar\/#organization","name":"Informe Litoral","url":"https:\/\/informelitoral.com.ar\/","logo":{"@type":"ImageObject","inLanguage":"es","@id":"https:\/\/informelitoral.com.ar\/#\/schema\/logo\/image\/","url":"https:\/\/informelitoral.com.ar\/%77%70%2d%63%6f%6e%74%65%6e%74\/uploads\/2021\/01\/circulo.png","contentUrl":"https:\/\/informelitoral.com.ar\/%77%70%2d%63%6f%6e%74%65%6e%74\/uploads\/2021\/01\/circulo.png","width":723,"height":731,"caption":"Informe Litoral"},"image":{"@id":"https:\/\/informelitoral.com.ar\/#\/schema\/logo\/image\/"},"sameAs":["https:\/\/www.facebook.com\/informelitoral\/","https:\/\/x.com\/InformeLitoral","https:\/\/www.instagram.com\/informelitoral\/","https:\/\/www.youtube.com\/channel\/UCua4Qvz8Icb6MYqhoq9xLXw"]},{"@type":"Person","@id":"https:\/\/informelitoral.com.ar\/#\/schema\/person\/f05f9f461677119578717524b127d6d5","name":"Sebastian","image":{"@type":"ImageObject","inLanguage":"es","@id":"https:\/\/secure.gravatar.com\/avatar\/b71bf7481d447dfb9583c7f2798e7cc64de6efb9067b74633ed8c31059a3bd82?s=96&d=mm&r=g","url":"https:\/\/secure.gravatar.com\/avatar\/b71bf7481d447dfb9583c7f2798e7cc64de6efb9067b74633ed8c31059a3bd82?s=96&d=mm&r=g","contentUrl":"https:\/\/secure.gravatar.com\/avatar\/b71bf7481d447dfb9583c7f2798e7cc64de6efb9067b74633ed8c31059a3bd82?s=96&d=mm&r=g","caption":"Sebastian"},"url":"https:\/\/informelitoral.com.ar\/author\/sebastian\/"}]}},"_links":{"self":[{"href":"https:\/\/informelitoral.com.ar\/%77%70%2d%6a%73%6f%6e\/wp\/v2\/posts\/117304","targetHints":{"allow":["GET"]}}],"collection":[{"href":"https:\/\/informelitoral.com.ar\/%77%70%2d%6a%73%6f%6e\/wp\/v2\/posts"}],"about":[{"href":"https:\/\/informelitoral.com.ar\/%77%70%2d%6a%73%6f%6e\/wp\/v2\/types\/post"}],"author":[{"embeddable":true,"href":"https:\/\/informelitoral.com.ar\/%77%70%2d%6a%73%6f%6e\/wp\/v2\/users\/8"}],"replies":[{"embeddable":true,"href":"https:\/\/informelitoral.com.ar\/%77%70%2d%6a%73%6f%6e\/wp\/v2\/comments?post=117304"}],"version-history":[{"count":0,"href":"https:\/\/informelitoral.com.ar\/%77%70%2d%6a%73%6f%6e\/wp\/v2\/posts\/117304\/revisions"}],"wp:featuredmedia":[{"embeddable":true,"href":"https:\/\/informelitoral.com.ar\/%77%70%2d%6a%73%6f%6e\/wp\/v2\/media\/117315"}],"wp:attachment":[{"href":"https:\/\/informelitoral.com.ar\/%77%70%2d%6a%73%6f%6e\/wp\/v2\/media?parent=117304"}],"wp:term":[{"taxonomy":"category","embeddable":true,"href":"https:\/\/informelitoral.com.ar\/%77%70%2d%6a%73%6f%6e\/wp\/v2\/categories?post=117304"},{"taxonomy":"post_tag","embeddable":true,"href":"https:\/\/informelitoral.com.ar\/%77%70%2d%6a%73%6f%6e\/wp\/v2\/tags?post=117304"}],"curies":[{"name":"wp","href":"https:\/\/api.w.org\/{rel}","templated":true}]}}