{"id":117277,"date":"2023-02-06T08:12:41","date_gmt":"2023-02-06T11:12:41","guid":{"rendered":"https:\/\/www.informelitoral.com.ar\/?p=117277"},"modified":"2023-02-06T08:23:26","modified_gmt":"2023-02-06T11:23:26","slug":"semana-sofocante-alerta-por-calor-para-zona-de-entre-rios-y-ocho-provincias","status":"publish","type":"post","link":"https:\/\/informelitoral.com.ar\/semana-sofocante-alerta-por-calor-para-zona-de-entre-rios-y-ocho-provincias\/","title":{"rendered":"Semana sofocante: alerta por calor para zona de Entre R\u00edos y ocho provincias"},"content":{"rendered":"<p>El Servicio Meteorol\u00f3gico Nacional (SMN)\u00a0<b>emiti\u00f3 una alerta amarilla por temperaturas extremas (calor)<\/b>\u00a0para la zona central del pa\u00eds, lo cual comprende a\u00a0<b>dos departamentos de Entre R\u00edos, donde se esperan que, durante toda la semana, las m\u00e1ximas se sit\u00faen en los 35 grados<\/b>.<\/p>\n<div class=\"embed\">\n<div class=\"inner-art\">\n<div class=\"clear\"><\/div>\n<\/div>\n<\/div>\n<p>Adem\u00e1s, se anticipa que se espera una semana con calor y pocas nubes en el cielo. El SMN dio a conocer que las m\u00e1ximas previstas escalar\u00e1n hasta 36\u00b0C para la mayor\u00eda de los d\u00edas. Sin embargo,\u00a0<b>se pronostica una baja en la m\u00e1xima, cerca del fin de semana, cuando desciendan a 32 grados<\/b>.<\/p>\n<p><b>Alerta<\/b><br \/>\nLa advertencia del SMN comprende al norte de la provincia de Neuqu\u00e9n, Mendoza, sur y este de San Juan, gran parte de San Luis, oeste y sur de C\u00f3rdoba, gran parte de La Pampa y de la provincia de Buenos Aires, sur de Santa Fe y\u00a0<b>los departamentos Victoria y Gualeguay de Entre R\u00edos<\/b>.<br \/>\n<b>La alerta de color amarillo establece que estas temperaturas \u00abpueden ser peligrosas<\/b>, sobre todo para los grupos de riesgo, como ni\u00f1os y ni\u00f1as, personas mayores de 65 a\u00f1os, con enfermedades cr\u00f3nicas\u00bb.<\/p>\n<h5>El pron\u00f3stico<\/h5>\n<p>El verano volver\u00e1 a sacar chapa con una semana calurosa y hoy lunes, ya se sentir\u00e1 el aumento de temperatura en el estuario. Se espera un amanecer con cielo ligeramente nublado y el mercurio iniciando la cuenta en 19\u00baC. Luego comenzar\u00e1 la corrida t\u00e9rmica con el term\u00f3metro respaldado por el viento caliente y el sol, que pr\u00e1cticamente no tendr\u00e1 nubes que le hagan marca personal para llevarnos a una tarde muy calurosa con la m\u00e1xima superando los 34\u00baC. Ser\u00e1 un d\u00eda muy inc\u00f3modo para quienes les toque moverse por la v\u00eda p\u00fablica o deban estar a la intemperie durante todo el d\u00eda.<\/p>\n<p><b>El martes<\/b>, seguir\u00e1 el descenso de aire caliente en un amanecer con cielo despejado, viento moderado y una m\u00ednima m\u00e1s alta con 23\u00baC de piso t\u00e9rmico. Iremos rumbo a otro d\u00eda de calor espantoso con el mercurio escalando hasta los 35\u00baC para moldear otra jornada donde habr\u00e1 que padecer las altas temperaturas.<br \/>\nSer\u00e1 otro d\u00eda dif\u00edcil donde la temperatura nocturna tambi\u00e9n empezar\u00e1 a ser molesta en un cierre c\u00e1lido con el term\u00f3metro marcando 28\u00baC.<\/p>\n<p><b>El mi\u00e9rcoles\u00a0<\/b>tampoco tendr\u00e1 clemencia con quienes deber\u00e1n padecer otro d\u00eda de calor intenso. Seguiremos con las m\u00ednimas templadas, con 24\u00baC, viento moderado del sur y cambiando hacia el este y cielo parcialmente nublado para tapar un poco al sol.<br \/>\nSe espera por otra tarde de calor fuerte con el mercurio trepando hasta 36\u00baC con cielo mayormente nublado en varias franjas de la ma\u00f1ana y la tarde, reci\u00e9n a la noche se retira la nubosidad, pero el calor no ceder\u00e1 en otro cierre t\u00e9rmicamente inc\u00f3modo, con el mercurio en 28\u00baC. A esta altura estaremos parados al borde de una ola de calor.<\/p>\n","protected":false},"excerpt":{"rendered":"<p>Se vienen varios d\u00edas sofocantes, se esperan m\u00e1ximas de hasta 36\u00baC y no hay previsi\u00f3n de lluvias durante varios d\u00edas. Advierten que se podr\u00eda ingresar en una ola de calor, si no baja la temperatura nocturna. El pron\u00f3stico.<\/p>\n","protected":false},"author":8,"featured_media":70240,"comment_status":"open","ping_status":"open","sticky":false,"template":"","format":"standard","meta":{"fifu_image_url":"","fifu_image_alt":"","footnotes":""},"categories":[6],"tags":[113],"class_list":{"0":"post-117277","1":"post","2":"type-post","3":"status-publish","4":"format-standard","5":"has-post-thumbnail","7":"category-entre-rios","8":"tag-smn"},"yoast_head":"<title>Semana sofocante: alerta por calor para zona de Entre R\u00edos y ocho provincias - Informe Litoral<\/title>\n<meta name=\"robots\" content=\"index, follow, max-snippet:-1, max-image-preview:large, max-video-preview:-1\" \/>\n<link rel=\"canonical\" href=\"https:\/\/informelitoral.com.ar\/semana-sofocante-alerta-por-calor-para-zona-de-entre-rios-y-ocho-provincias\/\" \/>\n<meta property=\"og:locale\" content=\"es_ES\" \/>\n<meta property=\"og:type\" content=\"article\" \/>\n<meta property=\"og:title\" content=\"Semana sofocante: alerta por calor para zona de Entre R\u00edos y ocho provincias - Informe Litoral\" \/>\n<meta property=\"og:description\" content=\"Se vienen varios d\u00edas sofocantes, se esperan m\u00e1ximas de hasta 36\u00baC y no hay previsi\u00f3n de lluvias durante varios d\u00edas. Advierten que se podr\u00eda ingresar en una ola de calor, si no baja la temperatura nocturna. El pron\u00f3stico.\" \/>\n<meta property=\"og:url\" content=\"https:\/\/informelitoral.com.ar\/semana-sofocante-alerta-por-calor-para-zona-de-entre-rios-y-ocho-provincias\/\" \/>\n<meta property=\"og:site_name\" content=\"Informe Litoral\" \/>\n<meta property=\"article:publisher\" content=\"https:\/\/www.facebook.com\/informelitoral\/\" \/>\n<meta property=\"article:published_time\" content=\"2023-02-06T11:12:41+00:00\" \/>\n<meta property=\"article:modified_time\" content=\"2023-02-06T11:23:26+00:00\" \/>\n<meta property=\"og:image\" content=\"https:\/\/informelitoral.com.ar\/%77%70%2d%63%6f%6e%74%65%6e%74\/uploads\/2022\/01\/calor.r_d.560-267.jpeg\" \/>\n\t<meta property=\"og:image:width\" content=\"656\" \/>\n\t<meta property=\"og:image:height\" content=\"370\" \/>\n\t<meta property=\"og:image:type\" content=\"image\/jpeg\" \/>\n<meta name=\"author\" content=\"Sebastian\" \/>\n<meta name=\"twitter:card\" content=\"summary_large_image\" \/>\n<meta name=\"twitter:creator\" content=\"@InformeLitoral\" \/>\n<meta name=\"twitter:site\" content=\"@InformeLitoral\" \/>\n<meta name=\"twitter:label1\" content=\"Escrito por\" \/>\n\t<meta name=\"twitter:data1\" content=\"Sebastian\" \/>\n\t<meta name=\"twitter:label2\" content=\"Tiempo de lectura\" \/>\n\t<meta name=\"twitter:data2\" content=\"3 minutos\" \/>\n<script type=\"application\/ld+json\" class=\"yoast-schema-graph\">{\"@context\":\"https:\\\/\\\/schema.org\",\"@graph\":[{\"@type\":\"Article\",\"@id\":\"https:\\\/\\\/informelitoral.com.ar\\\/semana-sofocante-alerta-por-calor-para-zona-de-entre-rios-y-ocho-provincias\\\/#article\",\"isPartOf\":{\"@id\":\"https:\\\/\\\/informelitoral.com.ar\\\/semana-sofocante-alerta-por-calor-para-zona-de-entre-rios-y-ocho-provincias\\\/\"},\"author\":{\"name\":\"Sebastian\",\"@id\":\"https:\\\/\\\/informelitoral.com.ar\\\/#\\\/schema\\\/person\\\/f05f9f461677119578717524b127d6d5\"},\"headline\":\"Semana sofocante: alerta por calor para zona de Entre R\u00edos y ocho provincias\",\"datePublished\":\"2023-02-06T11:12:41+00:00\",\"dateModified\":\"2023-02-06T11:23:26+00:00\",\"mainEntityOfPage\":{\"@id\":\"https:\\\/\\\/informelitoral.com.ar\\\/semana-sofocante-alerta-por-calor-para-zona-de-entre-rios-y-ocho-provincias\\\/\"},\"wordCount\":519,\"commentCount\":0,\"publisher\":{\"@id\":\"https:\\\/\\\/informelitoral.com.ar\\\/#organization\"},\"image\":{\"@id\":\"https:\\\/\\\/informelitoral.com.ar\\\/semana-sofocante-alerta-por-calor-para-zona-de-entre-rios-y-ocho-provincias\\\/#primaryimage\"},\"thumbnailUrl\":\"https:\\\/\\\/informelitoral.com.ar\\\/%77%70%2d%63%6f%6e%74%65%6e%74\\\/uploads\\\/2022\\\/01\\\/calor.r_d.560-267.jpeg\",\"keywords\":[\"SMN\"],\"articleSection\":[\"Entre R\u00edos\"],\"inLanguage\":\"es\",\"potentialAction\":[{\"@type\":\"CommentAction\",\"name\":\"Comment\",\"target\":[\"https:\\\/\\\/informelitoral.com.ar\\\/semana-sofocante-alerta-por-calor-para-zona-de-entre-rios-y-ocho-provincias\\\/#respond\"]}]},{\"@type\":\"WebPage\",\"@id\":\"https:\\\/\\\/informelitoral.com.ar\\\/semana-sofocante-alerta-por-calor-para-zona-de-entre-rios-y-ocho-provincias\\\/\",\"url\":\"https:\\\/\\\/informelitoral.com.ar\\\/semana-sofocante-alerta-por-calor-para-zona-de-entre-rios-y-ocho-provincias\\\/\",\"name\":\"Semana sofocante: alerta por calor para zona de Entre R\u00edos y ocho provincias - Informe Litoral\",\"isPartOf\":{\"@id\":\"https:\\\/\\\/informelitoral.com.ar\\\/#website\"},\"primaryImageOfPage\":{\"@id\":\"https:\\\/\\\/informelitoral.com.ar\\\/semana-sofocante-alerta-por-calor-para-zona-de-entre-rios-y-ocho-provincias\\\/#primaryimage\"},\"image\":{\"@id\":\"https:\\\/\\\/informelitoral.com.ar\\\/semana-sofocante-alerta-por-calor-para-zona-de-entre-rios-y-ocho-provincias\\\/#primaryimage\"},\"thumbnailUrl\":\"https:\\\/\\\/informelitoral.com.ar\\\/%77%70%2d%63%6f%6e%74%65%6e%74\\\/uploads\\\/2022\\\/01\\\/calor.r_d.560-267.jpeg\",\"datePublished\":\"2023-02-06T11:12:41+00:00\",\"dateModified\":\"2023-02-06T11:23:26+00:00\",\"breadcrumb\":{\"@id\":\"https:\\\/\\\/informelitoral.com.ar\\\/semana-sofocante-alerta-por-calor-para-zona-de-entre-rios-y-ocho-provincias\\\/#breadcrumb\"},\"inLanguage\":\"es\",\"potentialAction\":[{\"@type\":\"ReadAction\",\"target\":[\"https:\\\/\\\/informelitoral.com.ar\\\/semana-sofocante-alerta-por-calor-para-zona-de-entre-rios-y-ocho-provincias\\\/\"]}]},{\"@type\":\"ImageObject\",\"inLanguage\":\"es\",\"@id\":\"https:\\\/\\\/informelitoral.com.ar\\\/semana-sofocante-alerta-por-calor-para-zona-de-entre-rios-y-ocho-provincias\\\/#primaryimage\",\"url\":\"https:\\\/\\\/informelitoral.com.ar\\\/%77%70%2d%63%6f%6e%74%65%6e%74\\\/uploads\\\/2022\\\/01\\\/calor.r_d.560-267.jpeg\",\"contentUrl\":\"https:\\\/\\\/informelitoral.com.ar\\\/%77%70%2d%63%6f%6e%74%65%6e%74\\\/uploads\\\/2022\\\/01\\\/calor.r_d.560-267.jpeg\",\"width\":656,\"height\":370},{\"@type\":\"BreadcrumbList\",\"@id\":\"https:\\\/\\\/informelitoral.com.ar\\\/semana-sofocante-alerta-por-calor-para-zona-de-entre-rios-y-ocho-provincias\\\/#breadcrumb\",\"itemListElement\":[{\"@type\":\"ListItem\",\"position\":1,\"name\":\"Portada\",\"item\":\"https:\\\/\\\/informelitoral.com.ar\\\/\"},{\"@type\":\"ListItem\",\"position\":2,\"name\":\"Semana sofocante: alerta por calor para zona de Entre R\u00edos y ocho provincias\"}]},{\"@type\":\"WebSite\",\"@id\":\"https:\\\/\\\/informelitoral.com.ar\\\/#website\",\"url\":\"https:\\\/\\\/informelitoral.com.ar\\\/\",\"name\":\"Informe Litoral\",\"description\":\"&quot;Nos informamos&quot; \",\"publisher\":{\"@id\":\"https:\\\/\\\/informelitoral.com.ar\\\/#organization\"},\"potentialAction\":[{\"@type\":\"SearchAction\",\"target\":{\"@type\":\"EntryPoint\",\"urlTemplate\":\"https:\\\/\\\/informelitoral.com.ar\\\/?s={search_term_string}\"},\"query-input\":{\"@type\":\"PropertyValueSpecification\",\"valueRequired\":true,\"valueName\":\"search_term_string\"}}],\"inLanguage\":\"es\"},{\"@type\":\"Organization\",\"@id\":\"https:\\\/\\\/informelitoral.com.ar\\\/#organization\",\"name\":\"Informe Litoral\",\"url\":\"https:\\\/\\\/informelitoral.com.ar\\\/\",\"logo\":{\"@type\":\"ImageObject\",\"inLanguage\":\"es\",\"@id\":\"https:\\\/\\\/informelitoral.com.ar\\\/#\\\/schema\\\/logo\\\/image\\\/\",\"url\":\"https:\\\/\\\/informelitoral.com.ar\\\/%77%70%2d%63%6f%6e%74%65%6e%74\\\/uploads\\\/2021\\\/01\\\/circulo.png\",\"contentUrl\":\"https:\\\/\\\/informelitoral.com.ar\\\/%77%70%2d%63%6f%6e%74%65%6e%74\\\/uploads\\\/2021\\\/01\\\/circulo.png\",\"width\":723,\"height\":731,\"caption\":\"Informe Litoral\"},\"image\":{\"@id\":\"https:\\\/\\\/informelitoral.com.ar\\\/#\\\/schema\\\/logo\\\/image\\\/\"},\"sameAs\":[\"https:\\\/\\\/www.facebook.com\\\/informelitoral\\\/\",\"https:\\\/\\\/x.com\\\/InformeLitoral\",\"https:\\\/\\\/www.instagram.com\\\/informelitoral\\\/\",\"https:\\\/\\\/www.youtube.com\\\/channel\\\/UCua4Qvz8Icb6MYqhoq9xLXw\"]},{\"@type\":\"Person\",\"@id\":\"https:\\\/\\\/informelitoral.com.ar\\\/#\\\/schema\\\/person\\\/f05f9f461677119578717524b127d6d5\",\"name\":\"Sebastian\",\"image\":{\"@type\":\"ImageObject\",\"inLanguage\":\"es\",\"@id\":\"https:\\\/\\\/secure.gravatar.com\\\/avatar\\\/b71bf7481d447dfb9583c7f2798e7cc64de6efb9067b74633ed8c31059a3bd82?s=96&d=mm&r=g\",\"url\":\"https:\\\/\\\/secure.gravatar.com\\\/avatar\\\/b71bf7481d447dfb9583c7f2798e7cc64de6efb9067b74633ed8c31059a3bd82?s=96&d=mm&r=g\",\"contentUrl\":\"https:\\\/\\\/secure.gravatar.com\\\/avatar\\\/b71bf7481d447dfb9583c7f2798e7cc64de6efb9067b74633ed8c31059a3bd82?s=96&d=mm&r=g\",\"caption\":\"Sebastian\"},\"url\":\"https:\\\/\\\/informelitoral.com.ar\\\/author\\\/sebastian\\\/\"}]}<\/script>","yoast_head_json":{"title":"Semana sofocante: alerta por calor para zona de Entre R\u00edos y ocho provincias - Informe Litoral","robots":{"index":"index","follow":"follow","max-snippet":"max-snippet:-1","max-image-preview":"max-image-preview:large","max-video-preview":"max-video-preview:-1"},"canonical":"https:\/\/informelitoral.com.ar\/semana-sofocante-alerta-por-calor-para-zona-de-entre-rios-y-ocho-provincias\/","og_locale":"es_ES","og_type":"article","og_title":"Semana sofocante: alerta por calor para zona de Entre R\u00edos y ocho provincias - Informe Litoral","og_description":"Se vienen varios d\u00edas sofocantes, se esperan m\u00e1ximas de hasta 36\u00baC y no hay previsi\u00f3n de lluvias durante varios d\u00edas. Advierten que se podr\u00eda ingresar en una ola de calor, si no baja la temperatura nocturna. El pron\u00f3stico.","og_url":"https:\/\/informelitoral.com.ar\/semana-sofocante-alerta-por-calor-para-zona-de-entre-rios-y-ocho-provincias\/","og_site_name":"Informe Litoral","article_publisher":"https:\/\/www.facebook.com\/informelitoral\/","article_published_time":"2023-02-06T11:12:41+00:00","article_modified_time":"2023-02-06T11:23:26+00:00","og_image":[{"width":656,"height":370,"url":"https:\/\/informelitoral.com.ar\/%77%70%2d%63%6f%6e%74%65%6e%74\/uploads\/2022\/01\/calor.r_d.560-267.jpeg","type":"image\/jpeg"}],"author":"Sebastian","twitter_card":"summary_large_image","twitter_creator":"@InformeLitoral","twitter_site":"@InformeLitoral","twitter_misc":{"Escrito por":"Sebastian","Tiempo de lectura":"3 minutos"},"schema":{"@context":"https:\/\/schema.org","@graph":[{"@type":"Article","@id":"https:\/\/informelitoral.com.ar\/semana-sofocante-alerta-por-calor-para-zona-de-entre-rios-y-ocho-provincias\/#article","isPartOf":{"@id":"https:\/\/informelitoral.com.ar\/semana-sofocante-alerta-por-calor-para-zona-de-entre-rios-y-ocho-provincias\/"},"author":{"name":"Sebastian","@id":"https:\/\/informelitoral.com.ar\/#\/schema\/person\/f05f9f461677119578717524b127d6d5"},"headline":"Semana sofocante: alerta por calor para zona de Entre R\u00edos y ocho provincias","datePublished":"2023-02-06T11:12:41+00:00","dateModified":"2023-02-06T11:23:26+00:00","mainEntityOfPage":{"@id":"https:\/\/informelitoral.com.ar\/semana-sofocante-alerta-por-calor-para-zona-de-entre-rios-y-ocho-provincias\/"},"wordCount":519,"commentCount":0,"publisher":{"@id":"https:\/\/informelitoral.com.ar\/#organization"},"image":{"@id":"https:\/\/informelitoral.com.ar\/semana-sofocante-alerta-por-calor-para-zona-de-entre-rios-y-ocho-provincias\/#primaryimage"},"thumbnailUrl":"https:\/\/informelitoral.com.ar\/%77%70%2d%63%6f%6e%74%65%6e%74\/uploads\/2022\/01\/calor.r_d.560-267.jpeg","keywords":["SMN"],"articleSection":["Entre R\u00edos"],"inLanguage":"es","potentialAction":[{"@type":"CommentAction","name":"Comment","target":["https:\/\/informelitoral.com.ar\/semana-sofocante-alerta-por-calor-para-zona-de-entre-rios-y-ocho-provincias\/#respond"]}]},{"@type":"WebPage","@id":"https:\/\/informelitoral.com.ar\/semana-sofocante-alerta-por-calor-para-zona-de-entre-rios-y-ocho-provincias\/","url":"https:\/\/informelitoral.com.ar\/semana-sofocante-alerta-por-calor-para-zona-de-entre-rios-y-ocho-provincias\/","name":"Semana sofocante: alerta por calor para zona de Entre R\u00edos y ocho provincias - Informe Litoral","isPartOf":{"@id":"https:\/\/informelitoral.com.ar\/#website"},"primaryImageOfPage":{"@id":"https:\/\/informelitoral.com.ar\/semana-sofocante-alerta-por-calor-para-zona-de-entre-rios-y-ocho-provincias\/#primaryimage"},"image":{"@id":"https:\/\/informelitoral.com.ar\/semana-sofocante-alerta-por-calor-para-zona-de-entre-rios-y-ocho-provincias\/#primaryimage"},"thumbnailUrl":"https:\/\/informelitoral.com.ar\/%77%70%2d%63%6f%6e%74%65%6e%74\/uploads\/2022\/01\/calor.r_d.560-267.jpeg","datePublished":"2023-02-06T11:12:41+00:00","dateModified":"2023-02-06T11:23:26+00:00","breadcrumb":{"@id":"https:\/\/informelitoral.com.ar\/semana-sofocante-alerta-por-calor-para-zona-de-entre-rios-y-ocho-provincias\/#breadcrumb"},"inLanguage":"es","potentialAction":[{"@type":"ReadAction","target":["https:\/\/informelitoral.com.ar\/semana-sofocante-alerta-por-calor-para-zona-de-entre-rios-y-ocho-provincias\/"]}]},{"@type":"ImageObject","inLanguage":"es","@id":"https:\/\/informelitoral.com.ar\/semana-sofocante-alerta-por-calor-para-zona-de-entre-rios-y-ocho-provincias\/#primaryimage","url":"https:\/\/informelitoral.com.ar\/%77%70%2d%63%6f%6e%74%65%6e%74\/uploads\/2022\/01\/calor.r_d.560-267.jpeg","contentUrl":"https:\/\/informelitoral.com.ar\/%77%70%2d%63%6f%6e%74%65%6e%74\/uploads\/2022\/01\/calor.r_d.560-267.jpeg","width":656,"height":370},{"@type":"BreadcrumbList","@id":"https:\/\/informelitoral.com.ar\/semana-sofocante-alerta-por-calor-para-zona-de-entre-rios-y-ocho-provincias\/#breadcrumb","itemListElement":[{"@type":"ListItem","position":1,"name":"Portada","item":"https:\/\/informelitoral.com.ar\/"},{"@type":"ListItem","position":2,"name":"Semana sofocante: alerta por calor para zona de Entre R\u00edos y ocho provincias"}]},{"@type":"WebSite","@id":"https:\/\/informelitoral.com.ar\/#website","url":"https:\/\/informelitoral.com.ar\/","name":"Informe Litoral","description":"&quot;Nos informamos&quot; ","publisher":{"@id":"https:\/\/informelitoral.com.ar\/#organization"},"potentialAction":[{"@type":"SearchAction","target":{"@type":"EntryPoint","urlTemplate":"https:\/\/informelitoral.com.ar\/?s={search_term_string}"},"query-input":{"@type":"PropertyValueSpecification","valueRequired":true,"valueName":"search_term_string"}}],"inLanguage":"es"},{"@type":"Organization","@id":"https:\/\/informelitoral.com.ar\/#organization","name":"Informe Litoral","url":"https:\/\/informelitoral.com.ar\/","logo":{"@type":"ImageObject","inLanguage":"es","@id":"https:\/\/informelitoral.com.ar\/#\/schema\/logo\/image\/","url":"https:\/\/informelitoral.com.ar\/%77%70%2d%63%6f%6e%74%65%6e%74\/uploads\/2021\/01\/circulo.png","contentUrl":"https:\/\/informelitoral.com.ar\/%77%70%2d%63%6f%6e%74%65%6e%74\/uploads\/2021\/01\/circulo.png","width":723,"height":731,"caption":"Informe Litoral"},"image":{"@id":"https:\/\/informelitoral.com.ar\/#\/schema\/logo\/image\/"},"sameAs":["https:\/\/www.facebook.com\/informelitoral\/","https:\/\/x.com\/InformeLitoral","https:\/\/www.instagram.com\/informelitoral\/","https:\/\/www.youtube.com\/channel\/UCua4Qvz8Icb6MYqhoq9xLXw"]},{"@type":"Person","@id":"https:\/\/informelitoral.com.ar\/#\/schema\/person\/f05f9f461677119578717524b127d6d5","name":"Sebastian","image":{"@type":"ImageObject","inLanguage":"es","@id":"https:\/\/secure.gravatar.com\/avatar\/b71bf7481d447dfb9583c7f2798e7cc64de6efb9067b74633ed8c31059a3bd82?s=96&d=mm&r=g","url":"https:\/\/secure.gravatar.com\/avatar\/b71bf7481d447dfb9583c7f2798e7cc64de6efb9067b74633ed8c31059a3bd82?s=96&d=mm&r=g","contentUrl":"https:\/\/secure.gravatar.com\/avatar\/b71bf7481d447dfb9583c7f2798e7cc64de6efb9067b74633ed8c31059a3bd82?s=96&d=mm&r=g","caption":"Sebastian"},"url":"https:\/\/informelitoral.com.ar\/author\/sebastian\/"}]}},"_links":{"self":[{"href":"https:\/\/informelitoral.com.ar\/%77%70%2d%6a%73%6f%6e\/wp\/v2\/posts\/117277","targetHints":{"allow":["GET"]}}],"collection":[{"href":"https:\/\/informelitoral.com.ar\/%77%70%2d%6a%73%6f%6e\/wp\/v2\/posts"}],"about":[{"href":"https:\/\/informelitoral.com.ar\/%77%70%2d%6a%73%6f%6e\/wp\/v2\/types\/post"}],"author":[{"embeddable":true,"href":"https:\/\/informelitoral.com.ar\/%77%70%2d%6a%73%6f%6e\/wp\/v2\/users\/8"}],"replies":[{"embeddable":true,"href":"https:\/\/informelitoral.com.ar\/%77%70%2d%6a%73%6f%6e\/wp\/v2\/comments?post=117277"}],"version-history":[{"count":0,"href":"https:\/\/informelitoral.com.ar\/%77%70%2d%6a%73%6f%6e\/wp\/v2\/posts\/117277\/revisions"}],"wp:featuredmedia":[{"embeddable":true,"href":"https:\/\/informelitoral.com.ar\/%77%70%2d%6a%73%6f%6e\/wp\/v2\/media\/70240"}],"wp:attachment":[{"href":"https:\/\/informelitoral.com.ar\/%77%70%2d%6a%73%6f%6e\/wp\/v2\/media?parent=117277"}],"wp:term":[{"taxonomy":"category","embeddable":true,"href":"https:\/\/informelitoral.com.ar\/%77%70%2d%6a%73%6f%6e\/wp\/v2\/categories?post=117277"},{"taxonomy":"post_tag","embeddable":true,"href":"https:\/\/informelitoral.com.ar\/%77%70%2d%6a%73%6f%6e\/wp\/v2\/tags?post=117277"}],"curies":[{"name":"wp","href":"https:\/\/api.w.org\/{rel}","templated":true}]}}