{"id":11720,"date":"2015-09-10T14:41:07","date_gmt":"2015-09-10T17:41:07","guid":{"rendered":"http:\/\/www.isletasnoticias.com.ar\/?p=11720"},"modified":"2015-09-10T14:42:20","modified_gmt":"2015-09-10T17:42:20","slug":"tucuman-se-danaron-videos-de-las-camaras-del-lugar-donde-estaban-las-urnas","status":"publish","type":"post","link":"https:\/\/informelitoral.com.ar\/tucuman-se-danaron-videos-de-las-camaras-del-lugar-donde-estaban-las-urnas\/","title":{"rendered":"Tucum\u00e1n: se da\u00f1aron videos de las c\u00e1maras del lugar donde estaban las urnas"},"content":{"rendered":"<p><strong>En un informe determinaron que hay datos \u00abirrecuperables debido a numerosas reconexiones que tuvo el disco\u00a0por los cortes de corriente sufridos\u00bb.<a href=\"http:\/\/www.isletasnoticias.com.ar\/%77%70%2d%63%6f%6e%74%65%6e%74\/uploads\/2015\/09\/0013282607.jpg\"><img loading=\"lazy\" decoding=\"async\" class=\"aligncenter size-medium wp-image-11723\" src=\"http:\/\/www.isletasnoticias.com.ar\/%77%70%2d%63%6f%6e%74%65%6e%74\/uploads\/2015\/09\/0013282607-300x169.jpg\" alt=\"0013282607\" width=\"300\" height=\"169\" srcset=\"https:\/\/informelitoral.com.ar\/%77%70%2d%63%6f%6e%74%65%6e%74\/uploads\/2015\/09\/0013282607-300x169.jpg 300w, https:\/\/informelitoral.com.ar\/%77%70%2d%63%6f%6e%74%65%6e%74\/uploads\/2015\/09\/0013282607.jpg 770w\" sizes=\"auto, (max-width: 300px) 100vw, 300px\" \/><\/a><\/strong>Un informe revel\u00f3 que se da\u00f1aron videos de las c\u00e1maras que deb\u00edan vigilar el ingreso de las urnas al edificio de la Junta Electoral de Tucum\u00e1n, tras los comicios del 23 de agosto. Los apoderados por el Acuerdo por el Bicentenario, Daniel Ponce y Alvaro Contrera, explicaron que las filmaciones eran una \u00abprueba clave\u00bb para comprobar las supuestas irregularidades en las cajas.<\/p>\n<p>En el informe detallaron que se da\u00f1aron videos de las c\u00e1maras que controlaban el ingreso y egreso de las urnas en el edificio de la Junta Electoral por \u00abproblemas de tensi\u00f3n y cortes de energ\u00eda\u00bb.<\/p>\n<p>\u00abCost\u00f3 hacer la recuperaci\u00f3n de gran parte de la informaci\u00f3n, ya que los discos donde fue grabado la mayor\u00eda de los archivos estaban da\u00f1ados y otros irrecuperable debido a numerosas reconexiones que tuvo el disco, debido a los cortes de corriente sufridos\u00bb, indic\u00f3 Jim\u00e9nez.<br \/>\nY agreg\u00f3 que \u00aben numerosos casos con este tipo de problemas, los discos sufren da\u00f1os en el hardware lo que impide leer y por consiguiente levantar la informaci\u00f3n almacenada\u00bb, finaliz\u00f3.<\/p>\n<p>El detalle del estado de las grabaciones fue presentado a los apoderados por el responsable de la empresa \u00abInfo Foj\u00bb, radicada en Santiago del Estero y contratada por Gendarmer\u00eda Nacional, Francisco Jim\u00e9nez, seg\u00fan consigna la agencia <em>DyN.<\/em><\/p>\n","protected":false},"excerpt":{"rendered":"<p>En un informe determinaron que hay datos &laquo;irrecuperables debido a numerosas reconexiones que tuvo el disco&nbsp;por los cortes de corriente sufridos&raquo;.Un informe revel&oacute; que se da&ntilde;aron videos de las c&aacute;maras que deb&iacute;an vigilar el ingreso de las urnas al edificio de la Junta Electoral de Tucum&aacute;n, tras los comicios del 23 de agosto. Los apoderados [&hellip;]<\/p>\n","protected":false},"author":2,"featured_media":0,"comment_status":"open","ping_status":"open","sticky":false,"template":"","format":"standard","meta":{"fifu_image_url":"","fifu_image_alt":"","footnotes":""},"categories":[7,16],"tags":[],"class_list":{"0":"post-11720","1":"post","2":"type-post","3":"status-publish","4":"format-standard","6":"category-nacionales","7":"category-politi"},"yoast_head":"<title>Tucum\u00e1n: se da\u00f1aron videos de las c\u00e1maras del lugar donde estaban las urnas - Informe Litoral<\/title>\n<meta name=\"robots\" content=\"index, follow, max-snippet:-1, max-image-preview:large, max-video-preview:-1\" \/>\n<link rel=\"canonical\" href=\"https:\/\/informelitoral.com.ar\/tucuman-se-danaron-videos-de-las-camaras-del-lugar-donde-estaban-las-urnas\/\" \/>\n<meta property=\"og:locale\" content=\"es_ES\" \/>\n<meta property=\"og:type\" content=\"article\" \/>\n<meta property=\"og:title\" content=\"Tucum\u00e1n: se da\u00f1aron videos de las c\u00e1maras del lugar donde estaban las urnas - Informe Litoral\" \/>\n<meta property=\"og:description\" content=\"En un informe determinaron que hay datos &laquo;irrecuperables debido a numerosas reconexiones que tuvo el disco&nbsp;por los cortes de corriente sufridos&raquo;.Un informe revel&oacute; que se da&ntilde;aron videos de las c&aacute;maras que deb&iacute;an vigilar el ingreso de las urnas al edificio de la Junta Electoral de Tucum&aacute;n, tras los comicios del 23 de agosto. Los apoderados [&hellip;]\" \/>\n<meta property=\"og:url\" content=\"https:\/\/informelitoral.com.ar\/tucuman-se-danaron-videos-de-las-camaras-del-lugar-donde-estaban-las-urnas\/\" \/>\n<meta property=\"og:site_name\" content=\"Informe Litoral\" \/>\n<meta property=\"article:publisher\" content=\"https:\/\/www.facebook.com\/informelitoral\/\" \/>\n<meta property=\"article:published_time\" content=\"2015-09-10T17:41:07+00:00\" \/>\n<meta property=\"article:modified_time\" content=\"2015-09-10T17:42:20+00:00\" \/>\n<meta property=\"og:image\" content=\"https:\/\/informelitoral.com.ar\/%77%70%2d%63%6f%6e%74%65%6e%74\/uploads\/2015\/09\/0013282607.jpg\" \/>\n\t<meta property=\"og:image:width\" content=\"770\" \/>\n\t<meta property=\"og:image:height\" content=\"433\" \/>\n\t<meta property=\"og:image:type\" content=\"image\/jpeg\" \/>\n<meta name=\"author\" content=\"Gonzalo Schmidt\" \/>\n<meta name=\"twitter:card\" content=\"summary_large_image\" \/>\n<meta name=\"twitter:creator\" content=\"@InformeLitoral\" \/>\n<meta name=\"twitter:site\" content=\"@InformeLitoral\" \/>\n<meta name=\"twitter:label1\" content=\"Escrito por\" \/>\n\t<meta name=\"twitter:data1\" content=\"Gonzalo Schmidt\" \/>\n\t<meta name=\"twitter:label2\" content=\"Tiempo de lectura\" \/>\n\t<meta name=\"twitter:data2\" content=\"1 minuto\" \/>\n<script type=\"application\/ld+json\" class=\"yoast-schema-graph\">{\"@context\":\"https:\\\/\\\/schema.org\",\"@graph\":[{\"@type\":\"Article\",\"@id\":\"https:\\\/\\\/informelitoral.com.ar\\\/tucuman-se-danaron-videos-de-las-camaras-del-lugar-donde-estaban-las-urnas\\\/#article\",\"isPartOf\":{\"@id\":\"https:\\\/\\\/informelitoral.com.ar\\\/tucuman-se-danaron-videos-de-las-camaras-del-lugar-donde-estaban-las-urnas\\\/\"},\"author\":{\"name\":\"Gonzalo Schmidt\",\"@id\":\"https:\\\/\\\/informelitoral.com.ar\\\/#\\\/schema\\\/person\\\/b9d00407c836482871ef1d57bf8e3180\"},\"headline\":\"Tucum\u00e1n: se da\u00f1aron videos de las c\u00e1maras del lugar donde estaban las urnas\",\"datePublished\":\"2015-09-10T17:41:07+00:00\",\"dateModified\":\"2015-09-10T17:42:20+00:00\",\"mainEntityOfPage\":{\"@id\":\"https:\\\/\\\/informelitoral.com.ar\\\/tucuman-se-danaron-videos-de-las-camaras-del-lugar-donde-estaban-las-urnas\\\/\"},\"wordCount\":263,\"commentCount\":0,\"publisher\":{\"@id\":\"https:\\\/\\\/informelitoral.com.ar\\\/#organization\"},\"image\":{\"@id\":\"https:\\\/\\\/informelitoral.com.ar\\\/tucuman-se-danaron-videos-de-las-camaras-del-lugar-donde-estaban-las-urnas\\\/#primaryimage\"},\"thumbnailUrl\":\"http:\\\/\\\/www.isletasnoticias.com.ar\\\/%77%70%2d%63%6f%6e%74%65%6e%74\\\/uploads\\\/2015\\\/09\\\/0013282607-300x169.jpg\",\"articleSection\":[\"Nacionales\",\"Politica\"],\"inLanguage\":\"es\",\"potentialAction\":[{\"@type\":\"CommentAction\",\"name\":\"Comment\",\"target\":[\"https:\\\/\\\/informelitoral.com.ar\\\/tucuman-se-danaron-videos-de-las-camaras-del-lugar-donde-estaban-las-urnas\\\/#respond\"]}]},{\"@type\":\"WebPage\",\"@id\":\"https:\\\/\\\/informelitoral.com.ar\\\/tucuman-se-danaron-videos-de-las-camaras-del-lugar-donde-estaban-las-urnas\\\/\",\"url\":\"https:\\\/\\\/informelitoral.com.ar\\\/tucuman-se-danaron-videos-de-las-camaras-del-lugar-donde-estaban-las-urnas\\\/\",\"name\":\"Tucum\u00e1n: se da\u00f1aron videos de las c\u00e1maras del lugar donde estaban las urnas - Informe Litoral\",\"isPartOf\":{\"@id\":\"https:\\\/\\\/informelitoral.com.ar\\\/#website\"},\"primaryImageOfPage\":{\"@id\":\"https:\\\/\\\/informelitoral.com.ar\\\/tucuman-se-danaron-videos-de-las-camaras-del-lugar-donde-estaban-las-urnas\\\/#primaryimage\"},\"image\":{\"@id\":\"https:\\\/\\\/informelitoral.com.ar\\\/tucuman-se-danaron-videos-de-las-camaras-del-lugar-donde-estaban-las-urnas\\\/#primaryimage\"},\"thumbnailUrl\":\"http:\\\/\\\/www.isletasnoticias.com.ar\\\/%77%70%2d%63%6f%6e%74%65%6e%74\\\/uploads\\\/2015\\\/09\\\/0013282607-300x169.jpg\",\"datePublished\":\"2015-09-10T17:41:07+00:00\",\"dateModified\":\"2015-09-10T17:42:20+00:00\",\"breadcrumb\":{\"@id\":\"https:\\\/\\\/informelitoral.com.ar\\\/tucuman-se-danaron-videos-de-las-camaras-del-lugar-donde-estaban-las-urnas\\\/#breadcrumb\"},\"inLanguage\":\"es\",\"potentialAction\":[{\"@type\":\"ReadAction\",\"target\":[\"https:\\\/\\\/informelitoral.com.ar\\\/tucuman-se-danaron-videos-de-las-camaras-del-lugar-donde-estaban-las-urnas\\\/\"]}]},{\"@type\":\"ImageObject\",\"inLanguage\":\"es\",\"@id\":\"https:\\\/\\\/informelitoral.com.ar\\\/tucuman-se-danaron-videos-de-las-camaras-del-lugar-donde-estaban-las-urnas\\\/#primaryimage\",\"url\":\"http:\\\/\\\/www.isletasnoticias.com.ar\\\/%77%70%2d%63%6f%6e%74%65%6e%74\\\/uploads\\\/2015\\\/09\\\/0013282607-300x169.jpg\",\"contentUrl\":\"http:\\\/\\\/www.isletasnoticias.com.ar\\\/%77%70%2d%63%6f%6e%74%65%6e%74\\\/uploads\\\/2015\\\/09\\\/0013282607-300x169.jpg\"},{\"@type\":\"BreadcrumbList\",\"@id\":\"https:\\\/\\\/informelitoral.com.ar\\\/tucuman-se-danaron-videos-de-las-camaras-del-lugar-donde-estaban-las-urnas\\\/#breadcrumb\",\"itemListElement\":[{\"@type\":\"ListItem\",\"position\":1,\"name\":\"Portada\",\"item\":\"https:\\\/\\\/informelitoral.com.ar\\\/\"},{\"@type\":\"ListItem\",\"position\":2,\"name\":\"Tucum\u00e1n: se da\u00f1aron videos de las c\u00e1maras del lugar donde estaban las urnas\"}]},{\"@type\":\"WebSite\",\"@id\":\"https:\\\/\\\/informelitoral.com.ar\\\/#website\",\"url\":\"https:\\\/\\\/informelitoral.com.ar\\\/\",\"name\":\"Informe Litoral\",\"description\":\"&quot;Nos informamos&quot; \",\"publisher\":{\"@id\":\"https:\\\/\\\/informelitoral.com.ar\\\/#organization\"},\"potentialAction\":[{\"@type\":\"SearchAction\",\"target\":{\"@type\":\"EntryPoint\",\"urlTemplate\":\"https:\\\/\\\/informelitoral.com.ar\\\/?s={search_term_string}\"},\"query-input\":{\"@type\":\"PropertyValueSpecification\",\"valueRequired\":true,\"valueName\":\"search_term_string\"}}],\"inLanguage\":\"es\"},{\"@type\":\"Organization\",\"@id\":\"https:\\\/\\\/informelitoral.com.ar\\\/#organization\",\"name\":\"Informe Litoral\",\"url\":\"https:\\\/\\\/informelitoral.com.ar\\\/\",\"logo\":{\"@type\":\"ImageObject\",\"inLanguage\":\"es\",\"@id\":\"https:\\\/\\\/informelitoral.com.ar\\\/#\\\/schema\\\/logo\\\/image\\\/\",\"url\":\"https:\\\/\\\/informelitoral.com.ar\\\/%77%70%2d%63%6f%6e%74%65%6e%74\\\/uploads\\\/2021\\\/01\\\/circulo.png\",\"contentUrl\":\"https:\\\/\\\/informelitoral.com.ar\\\/%77%70%2d%63%6f%6e%74%65%6e%74\\\/uploads\\\/2021\\\/01\\\/circulo.png\",\"width\":723,\"height\":731,\"caption\":\"Informe Litoral\"},\"image\":{\"@id\":\"https:\\\/\\\/informelitoral.com.ar\\\/#\\\/schema\\\/logo\\\/image\\\/\"},\"sameAs\":[\"https:\\\/\\\/www.facebook.com\\\/informelitoral\\\/\",\"https:\\\/\\\/x.com\\\/InformeLitoral\",\"https:\\\/\\\/www.instagram.com\\\/informelitoral\\\/\",\"https:\\\/\\\/www.youtube.com\\\/channel\\\/UCua4Qvz8Icb6MYqhoq9xLXw\"]},{\"@type\":\"Person\",\"@id\":\"https:\\\/\\\/informelitoral.com.ar\\\/#\\\/schema\\\/person\\\/b9d00407c836482871ef1d57bf8e3180\",\"name\":\"Gonzalo Schmidt\",\"image\":{\"@type\":\"ImageObject\",\"inLanguage\":\"es\",\"@id\":\"https:\\\/\\\/secure.gravatar.com\\\/avatar\\\/31a1a7b66ff2de83bd0e9fd79d026630d2d99e55e8bfe501287647b4fd9743de?s=96&d=mm&r=g\",\"url\":\"https:\\\/\\\/secure.gravatar.com\\\/avatar\\\/31a1a7b66ff2de83bd0e9fd79d026630d2d99e55e8bfe501287647b4fd9743de?s=96&d=mm&r=g\",\"contentUrl\":\"https:\\\/\\\/secure.gravatar.com\\\/avatar\\\/31a1a7b66ff2de83bd0e9fd79d026630d2d99e55e8bfe501287647b4fd9743de?s=96&d=mm&r=g\",\"caption\":\"Gonzalo Schmidt\"},\"description\":\"Sitio web de noticias de la provincia de Entre R\u00edos, Argentina. Informaci\u00f3n y entretenimiento. Informe Litoral, nos informamos.\",\"sameAs\":[\"http:\\\/\\\/www.isletasnoticias.com.ar\"],\"url\":\"https:\\\/\\\/informelitoral.com.ar\\\/author\\\/gonzalo\\\/\"}]}<\/script>","yoast_head_json":{"title":"Tucum\u00e1n: se da\u00f1aron videos de las c\u00e1maras del lugar donde estaban las urnas - Informe Litoral","robots":{"index":"index","follow":"follow","max-snippet":"max-snippet:-1","max-image-preview":"max-image-preview:large","max-video-preview":"max-video-preview:-1"},"canonical":"https:\/\/informelitoral.com.ar\/tucuman-se-danaron-videos-de-las-camaras-del-lugar-donde-estaban-las-urnas\/","og_locale":"es_ES","og_type":"article","og_title":"Tucum\u00e1n: se da\u00f1aron videos de las c\u00e1maras del lugar donde estaban las urnas - Informe Litoral","og_description":"En un informe determinaron que hay datos &laquo;irrecuperables debido a numerosas reconexiones que tuvo el disco&nbsp;por los cortes de corriente sufridos&raquo;.Un informe revel&oacute; que se da&ntilde;aron videos de las c&aacute;maras que deb&iacute;an vigilar el ingreso de las urnas al edificio de la Junta Electoral de Tucum&aacute;n, tras los comicios del 23 de agosto. Los apoderados [&hellip;]","og_url":"https:\/\/informelitoral.com.ar\/tucuman-se-danaron-videos-de-las-camaras-del-lugar-donde-estaban-las-urnas\/","og_site_name":"Informe Litoral","article_publisher":"https:\/\/www.facebook.com\/informelitoral\/","article_published_time":"2015-09-10T17:41:07+00:00","article_modified_time":"2015-09-10T17:42:20+00:00","og_image":[{"width":770,"height":433,"url":"https:\/\/informelitoral.com.ar\/%77%70%2d%63%6f%6e%74%65%6e%74\/uploads\/2015\/09\/0013282607.jpg","type":"image\/jpeg"}],"author":"Gonzalo Schmidt","twitter_card":"summary_large_image","twitter_creator":"@InformeLitoral","twitter_site":"@InformeLitoral","twitter_misc":{"Escrito por":"Gonzalo Schmidt","Tiempo de lectura":"1 minuto"},"schema":{"@context":"https:\/\/schema.org","@graph":[{"@type":"Article","@id":"https:\/\/informelitoral.com.ar\/tucuman-se-danaron-videos-de-las-camaras-del-lugar-donde-estaban-las-urnas\/#article","isPartOf":{"@id":"https:\/\/informelitoral.com.ar\/tucuman-se-danaron-videos-de-las-camaras-del-lugar-donde-estaban-las-urnas\/"},"author":{"name":"Gonzalo Schmidt","@id":"https:\/\/informelitoral.com.ar\/#\/schema\/person\/b9d00407c836482871ef1d57bf8e3180"},"headline":"Tucum\u00e1n: se da\u00f1aron videos de las c\u00e1maras del lugar donde estaban las urnas","datePublished":"2015-09-10T17:41:07+00:00","dateModified":"2015-09-10T17:42:20+00:00","mainEntityOfPage":{"@id":"https:\/\/informelitoral.com.ar\/tucuman-se-danaron-videos-de-las-camaras-del-lugar-donde-estaban-las-urnas\/"},"wordCount":263,"commentCount":0,"publisher":{"@id":"https:\/\/informelitoral.com.ar\/#organization"},"image":{"@id":"https:\/\/informelitoral.com.ar\/tucuman-se-danaron-videos-de-las-camaras-del-lugar-donde-estaban-las-urnas\/#primaryimage"},"thumbnailUrl":"http:\/\/www.isletasnoticias.com.ar\/%77%70%2d%63%6f%6e%74%65%6e%74\/uploads\/2015\/09\/0013282607-300x169.jpg","articleSection":["Nacionales","Politica"],"inLanguage":"es","potentialAction":[{"@type":"CommentAction","name":"Comment","target":["https:\/\/informelitoral.com.ar\/tucuman-se-danaron-videos-de-las-camaras-del-lugar-donde-estaban-las-urnas\/#respond"]}]},{"@type":"WebPage","@id":"https:\/\/informelitoral.com.ar\/tucuman-se-danaron-videos-de-las-camaras-del-lugar-donde-estaban-las-urnas\/","url":"https:\/\/informelitoral.com.ar\/tucuman-se-danaron-videos-de-las-camaras-del-lugar-donde-estaban-las-urnas\/","name":"Tucum\u00e1n: se da\u00f1aron videos de las c\u00e1maras del lugar donde estaban las urnas - Informe Litoral","isPartOf":{"@id":"https:\/\/informelitoral.com.ar\/#website"},"primaryImageOfPage":{"@id":"https:\/\/informelitoral.com.ar\/tucuman-se-danaron-videos-de-las-camaras-del-lugar-donde-estaban-las-urnas\/#primaryimage"},"image":{"@id":"https:\/\/informelitoral.com.ar\/tucuman-se-danaron-videos-de-las-camaras-del-lugar-donde-estaban-las-urnas\/#primaryimage"},"thumbnailUrl":"http:\/\/www.isletasnoticias.com.ar\/%77%70%2d%63%6f%6e%74%65%6e%74\/uploads\/2015\/09\/0013282607-300x169.jpg","datePublished":"2015-09-10T17:41:07+00:00","dateModified":"2015-09-10T17:42:20+00:00","breadcrumb":{"@id":"https:\/\/informelitoral.com.ar\/tucuman-se-danaron-videos-de-las-camaras-del-lugar-donde-estaban-las-urnas\/#breadcrumb"},"inLanguage":"es","potentialAction":[{"@type":"ReadAction","target":["https:\/\/informelitoral.com.ar\/tucuman-se-danaron-videos-de-las-camaras-del-lugar-donde-estaban-las-urnas\/"]}]},{"@type":"ImageObject","inLanguage":"es","@id":"https:\/\/informelitoral.com.ar\/tucuman-se-danaron-videos-de-las-camaras-del-lugar-donde-estaban-las-urnas\/#primaryimage","url":"http:\/\/www.isletasnoticias.com.ar\/%77%70%2d%63%6f%6e%74%65%6e%74\/uploads\/2015\/09\/0013282607-300x169.jpg","contentUrl":"http:\/\/www.isletasnoticias.com.ar\/%77%70%2d%63%6f%6e%74%65%6e%74\/uploads\/2015\/09\/0013282607-300x169.jpg"},{"@type":"BreadcrumbList","@id":"https:\/\/informelitoral.com.ar\/tucuman-se-danaron-videos-de-las-camaras-del-lugar-donde-estaban-las-urnas\/#breadcrumb","itemListElement":[{"@type":"ListItem","position":1,"name":"Portada","item":"https:\/\/informelitoral.com.ar\/"},{"@type":"ListItem","position":2,"name":"Tucum\u00e1n: se da\u00f1aron videos de las c\u00e1maras del lugar donde estaban las urnas"}]},{"@type":"WebSite","@id":"https:\/\/informelitoral.com.ar\/#website","url":"https:\/\/informelitoral.com.ar\/","name":"Informe Litoral","description":"&quot;Nos informamos&quot; ","publisher":{"@id":"https:\/\/informelitoral.com.ar\/#organization"},"potentialAction":[{"@type":"SearchAction","target":{"@type":"EntryPoint","urlTemplate":"https:\/\/informelitoral.com.ar\/?s={search_term_string}"},"query-input":{"@type":"PropertyValueSpecification","valueRequired":true,"valueName":"search_term_string"}}],"inLanguage":"es"},{"@type":"Organization","@id":"https:\/\/informelitoral.com.ar\/#organization","name":"Informe Litoral","url":"https:\/\/informelitoral.com.ar\/","logo":{"@type":"ImageObject","inLanguage":"es","@id":"https:\/\/informelitoral.com.ar\/#\/schema\/logo\/image\/","url":"https:\/\/informelitoral.com.ar\/%77%70%2d%63%6f%6e%74%65%6e%74\/uploads\/2021\/01\/circulo.png","contentUrl":"https:\/\/informelitoral.com.ar\/%77%70%2d%63%6f%6e%74%65%6e%74\/uploads\/2021\/01\/circulo.png","width":723,"height":731,"caption":"Informe Litoral"},"image":{"@id":"https:\/\/informelitoral.com.ar\/#\/schema\/logo\/image\/"},"sameAs":["https:\/\/www.facebook.com\/informelitoral\/","https:\/\/x.com\/InformeLitoral","https:\/\/www.instagram.com\/informelitoral\/","https:\/\/www.youtube.com\/channel\/UCua4Qvz8Icb6MYqhoq9xLXw"]},{"@type":"Person","@id":"https:\/\/informelitoral.com.ar\/#\/schema\/person\/b9d00407c836482871ef1d57bf8e3180","name":"Gonzalo Schmidt","image":{"@type":"ImageObject","inLanguage":"es","@id":"https:\/\/secure.gravatar.com\/avatar\/31a1a7b66ff2de83bd0e9fd79d026630d2d99e55e8bfe501287647b4fd9743de?s=96&d=mm&r=g","url":"https:\/\/secure.gravatar.com\/avatar\/31a1a7b66ff2de83bd0e9fd79d026630d2d99e55e8bfe501287647b4fd9743de?s=96&d=mm&r=g","contentUrl":"https:\/\/secure.gravatar.com\/avatar\/31a1a7b66ff2de83bd0e9fd79d026630d2d99e55e8bfe501287647b4fd9743de?s=96&d=mm&r=g","caption":"Gonzalo Schmidt"},"description":"Sitio web de noticias de la provincia de Entre R\u00edos, Argentina. Informaci\u00f3n y entretenimiento. Informe Litoral, nos informamos.","sameAs":["http:\/\/www.isletasnoticias.com.ar"],"url":"https:\/\/informelitoral.com.ar\/author\/gonzalo\/"}]}},"_links":{"self":[{"href":"https:\/\/informelitoral.com.ar\/%77%70%2d%6a%73%6f%6e\/wp\/v2\/posts\/11720","targetHints":{"allow":["GET"]}}],"collection":[{"href":"https:\/\/informelitoral.com.ar\/%77%70%2d%6a%73%6f%6e\/wp\/v2\/posts"}],"about":[{"href":"https:\/\/informelitoral.com.ar\/%77%70%2d%6a%73%6f%6e\/wp\/v2\/types\/post"}],"author":[{"embeddable":true,"href":"https:\/\/informelitoral.com.ar\/%77%70%2d%6a%73%6f%6e\/wp\/v2\/users\/2"}],"replies":[{"embeddable":true,"href":"https:\/\/informelitoral.com.ar\/%77%70%2d%6a%73%6f%6e\/wp\/v2\/comments?post=11720"}],"version-history":[{"count":0,"href":"https:\/\/informelitoral.com.ar\/%77%70%2d%6a%73%6f%6e\/wp\/v2\/posts\/11720\/revisions"}],"wp:attachment":[{"href":"https:\/\/informelitoral.com.ar\/%77%70%2d%6a%73%6f%6e\/wp\/v2\/media?parent=11720"}],"wp:term":[{"taxonomy":"category","embeddable":true,"href":"https:\/\/informelitoral.com.ar\/%77%70%2d%6a%73%6f%6e\/wp\/v2\/categories?post=11720"},{"taxonomy":"post_tag","embeddable":true,"href":"https:\/\/informelitoral.com.ar\/%77%70%2d%6a%73%6f%6e\/wp\/v2\/tags?post=11720"}],"curies":[{"name":"wp","href":"https:\/\/api.w.org\/{rel}","templated":true}]}}