{"id":11716,"date":"2015-09-10T14:30:33","date_gmt":"2015-09-10T17:30:33","guid":{"rendered":"http:\/\/www.isletasnoticias.com.ar\/?p=11716"},"modified":"2015-09-10T14:30:33","modified_gmt":"2015-09-10T17:30:33","slug":"macri-busca-despegarse-de-niembro-y-dice-que-no-conocia-a-la-usina","status":"publish","type":"post","link":"https:\/\/informelitoral.com.ar\/macri-busca-despegarse-de-niembro-y-dice-que-no-conocia-a-la-usina\/","title":{"rendered":"Macri busca despegarse de Niembro y dice que no conoc\u00eda a La Usina"},"content":{"rendered":"<p><strong>El jefe de Gobierno porte\u00f1o y candidato a presidente por Cambiemos,<em>Mauricio Macri, <\/em>volvi\u00f3 a defender este jueves a <em>Fernando Niembro<\/em>, postulante a diputado por su espacio, pero intent\u00f3 no quedar vinculado a la productora del periodista. Dijo que \u00abes todo legal, transparente, la Ciudad compr\u00f3 servicios de calidad y a precios competitivos\u00bb.<a href=\"http:\/\/www.isletasnoticias.com.ar\/%77%70%2d%63%6f%6e%74%65%6e%74\/uploads\/2015\/09\/0910_niembro_macri_g1.jpg_10380255471.jpg\"><img loading=\"lazy\" decoding=\"async\" class=\"aligncenter size-medium wp-image-11718\" src=\"http:\/\/www.isletasnoticias.com.ar\/%77%70%2d%63%6f%6e%74%65%6e%74\/uploads\/2015\/09\/0910_niembro_macri_g1.jpg_10380255471-300x206.jpg\" alt=\"0910_niembro_macri_g.jpg_1038025547\" width=\"300\" height=\"206\" srcset=\"https:\/\/informelitoral.com.ar\/%77%70%2d%63%6f%6e%74%65%6e%74\/uploads\/2015\/09\/0910_niembro_macri_g1.jpg_10380255471-300x206.jpg 300w, https:\/\/informelitoral.com.ar\/%77%70%2d%63%6f%6e%74%65%6e%74\/uploads\/2015\/09\/0910_niembro_macri_g1.jpg_10380255471.jpg 650w\" sizes=\"auto, (max-width: 300px) 100vw, 300px\" \/><\/a><\/strong>\u00abEs simple. Lo que ha sucedido es todo legal, transparente, es informaci\u00f3n p\u00fablica que est\u00e1 en la web de la Ciudad, por eso se ha suministrado la informaci\u00f3n al juez que la pidi\u00f3 y a la Legislatura. La Ciudad compr\u00f3 a una empresa privada servicios de calidad y al mejor precio, y eso es lo que se va a ver. Todo lo dem\u00e1s tiene que ver siempre con el camino que propone el kirchnerismo\u00bb, se\u00f1al\u00f3.<br \/>\nEl postulante presidencial por el PRO en el frente que comparte con la Coalici\u00f3n C\u00edvica y el radicalismo resalt\u00f3 que los servicios contratados no fueron al periodista personalmente, sino \u00aba una empresa de la cual Niembro era accionista\u00bb. Detall\u00f3 que esos servicios eran \u00absegundos de televisi\u00f3n de la se\u00f1al Fox, que es una se\u00f1al muy conocida, y encuestas de satisfacci\u00f3n al cliente, que no tienen gran tecnolog\u00eda\u00bb.<\/p>\n<p>En su defensa para el primer candidato a diputado nacional del PRO en la provincia de Buenos Aires, Macri admiti\u00f3 que no sab\u00eda de la existencia de la empresa \u00abLa Usina\u00bb, de la cual Niembro era accionista, y a la cual el gobierno de la Ciudad pag\u00f3 m\u00e1s de 20 millones de pesos por la prestaci\u00f3n de servicios.<\/p>\n<p>\u00abLo importante es que primero yo fui a chequear, porque ni ten\u00eda idea de las prestaciones ni sab\u00eda que exist\u00eda La Usina. Y me qued\u00e9 tranquilo porque no se hizo ninguna excepci\u00f3n al sistema de contrataci\u00f3n de la ciudad de Buenos Aires\u00bb, sostuvo.<\/p>\n<p>El jefe de Gobierno adjudic\u00f3 la trascendencia medi\u00e1tica del hecho a una \u00abmaniobra\u00bb del kirchnerismo, y aval\u00f3 los dichos de la candidata a gobernadora bonaerense, Mar\u00eda Eugenia Vidal, de que puede haber \u00abcosas peores\u00bb durante la campa\u00f1a.<\/p>\n<p>\u00abVan a inventar cosas peores. Tenemos que acostumbrarnos a que cuando llegan las campa\u00f1as, ellos siempre hacen este tipo de cosas. Lo hicieron con Olivera, con la efedrina de De Narv\u00e1ez. Hoy pas\u00f3 el tiempo y parece que era An\u00edbal Fern\u00e1ndez\u00bb, afirm\u00f3.<\/p>\n<p>Por \u00faltimo, sostuvo que los denunciantes de la causa \u00abno son ciudadanos comunes, son los que hacen siempre las denuncias\u00bb, y cerr\u00f3 con una chicana al kirchnerismo: \u00abEn vez de correr jueces y ocultar informaci\u00f3n, nosotros ponemos todo a disposici\u00f3n del juez\u00bb. <em>(MinutoUno)<\/em><\/p>\n","protected":false},"excerpt":{"rendered":"<p>El jefe de Gobierno porte&ntilde;o y candidato a presidente por Cambiemos,Mauricio Macri, volvi&oacute; a defender este jueves a Fernando Niembro, postulante a diputado por su espacio, pero intent&oacute; no quedar vinculado a la productora del periodista. Dijo que &laquo;es todo legal, transparente, la Ciudad compr&oacute; servicios de calidad y a precios competitivos&raquo;.&laquo;Es simple. Lo que [&hellip;]<\/p>\n","protected":false},"author":2,"featured_media":0,"comment_status":"open","ping_status":"open","sticky":false,"template":"","format":"standard","meta":{"fifu_image_url":"","fifu_image_alt":"","footnotes":""},"categories":[7,16],"tags":[],"class_list":{"0":"post-11716","1":"post","2":"type-post","3":"status-publish","4":"format-standard","6":"category-nacionales","7":"category-politi"},"yoast_head":"<title>Macri busca despegarse de Niembro y dice que no conoc\u00eda a La Usina - Informe Litoral<\/title>\n<meta name=\"robots\" content=\"index, follow, max-snippet:-1, max-image-preview:large, max-video-preview:-1\" \/>\n<link rel=\"canonical\" href=\"https:\/\/informelitoral.com.ar\/macri-busca-despegarse-de-niembro-y-dice-que-no-conocia-a-la-usina\/\" \/>\n<meta property=\"og:locale\" content=\"es_ES\" \/>\n<meta property=\"og:type\" content=\"article\" \/>\n<meta property=\"og:title\" content=\"Macri busca despegarse de Niembro y dice que no conoc\u00eda a La Usina - Informe Litoral\" \/>\n<meta property=\"og:description\" content=\"El jefe de Gobierno porte&ntilde;o y candidato a presidente por Cambiemos,Mauricio Macri, volvi&oacute; a defender este jueves a Fernando Niembro, postulante a diputado por su espacio, pero intent&oacute; no quedar vinculado a la productora del periodista. Dijo que &laquo;es todo legal, transparente, la Ciudad compr&oacute; servicios de calidad y a precios competitivos&raquo;.&laquo;Es simple. Lo que [&hellip;]\" \/>\n<meta property=\"og:url\" content=\"https:\/\/informelitoral.com.ar\/macri-busca-despegarse-de-niembro-y-dice-que-no-conocia-a-la-usina\/\" \/>\n<meta property=\"og:site_name\" content=\"Informe Litoral\" \/>\n<meta property=\"article:publisher\" content=\"https:\/\/www.facebook.com\/informelitoral\/\" \/>\n<meta property=\"article:published_time\" content=\"2015-09-10T17:30:33+00:00\" \/>\n<meta property=\"og:image\" content=\"https:\/\/informelitoral.com.ar\/%77%70%2d%63%6f%6e%74%65%6e%74\/uploads\/2015\/09\/0910_niembro_macri_g1.jpg_10380255471.jpg\" \/>\n\t<meta property=\"og:image:width\" content=\"650\" \/>\n\t<meta property=\"og:image:height\" content=\"446\" \/>\n\t<meta property=\"og:image:type\" content=\"image\/jpeg\" \/>\n<meta name=\"author\" content=\"Gonzalo Schmidt\" \/>\n<meta name=\"twitter:card\" content=\"summary_large_image\" \/>\n<meta name=\"twitter:creator\" content=\"@InformeLitoral\" \/>\n<meta name=\"twitter:site\" content=\"@InformeLitoral\" \/>\n<meta name=\"twitter:label1\" content=\"Escrito por\" \/>\n\t<meta name=\"twitter:data1\" content=\"Gonzalo Schmidt\" \/>\n\t<meta name=\"twitter:label2\" content=\"Tiempo de lectura\" \/>\n\t<meta name=\"twitter:data2\" content=\"2 minutos\" \/>\n<script type=\"application\/ld+json\" class=\"yoast-schema-graph\">{\"@context\":\"https:\\\/\\\/schema.org\",\"@graph\":[{\"@type\":\"Article\",\"@id\":\"https:\\\/\\\/informelitoral.com.ar\\\/macri-busca-despegarse-de-niembro-y-dice-que-no-conocia-a-la-usina\\\/#article\",\"isPartOf\":{\"@id\":\"https:\\\/\\\/informelitoral.com.ar\\\/macri-busca-despegarse-de-niembro-y-dice-que-no-conocia-a-la-usina\\\/\"},\"author\":{\"name\":\"Gonzalo Schmidt\",\"@id\":\"https:\\\/\\\/informelitoral.com.ar\\\/#\\\/schema\\\/person\\\/b9d00407c836482871ef1d57bf8e3180\"},\"headline\":\"Macri busca despegarse de Niembro y dice que no conoc\u00eda a La Usina\",\"datePublished\":\"2015-09-10T17:30:33+00:00\",\"mainEntityOfPage\":{\"@id\":\"https:\\\/\\\/informelitoral.com.ar\\\/macri-busca-despegarse-de-niembro-y-dice-que-no-conocia-a-la-usina\\\/\"},\"wordCount\":461,\"commentCount\":0,\"publisher\":{\"@id\":\"https:\\\/\\\/informelitoral.com.ar\\\/#organization\"},\"image\":{\"@id\":\"https:\\\/\\\/informelitoral.com.ar\\\/macri-busca-despegarse-de-niembro-y-dice-que-no-conocia-a-la-usina\\\/#primaryimage\"},\"thumbnailUrl\":\"http:\\\/\\\/www.isletasnoticias.com.ar\\\/%77%70%2d%63%6f%6e%74%65%6e%74\\\/uploads\\\/2015\\\/09\\\/0910_niembro_macri_g1.jpg_10380255471-300x206.jpg\",\"articleSection\":[\"Nacionales\",\"Politica\"],\"inLanguage\":\"es\",\"potentialAction\":[{\"@type\":\"CommentAction\",\"name\":\"Comment\",\"target\":[\"https:\\\/\\\/informelitoral.com.ar\\\/macri-busca-despegarse-de-niembro-y-dice-que-no-conocia-a-la-usina\\\/#respond\"]}]},{\"@type\":\"WebPage\",\"@id\":\"https:\\\/\\\/informelitoral.com.ar\\\/macri-busca-despegarse-de-niembro-y-dice-que-no-conocia-a-la-usina\\\/\",\"url\":\"https:\\\/\\\/informelitoral.com.ar\\\/macri-busca-despegarse-de-niembro-y-dice-que-no-conocia-a-la-usina\\\/\",\"name\":\"Macri busca despegarse de Niembro y dice que no conoc\u00eda a La Usina - Informe Litoral\",\"isPartOf\":{\"@id\":\"https:\\\/\\\/informelitoral.com.ar\\\/#website\"},\"primaryImageOfPage\":{\"@id\":\"https:\\\/\\\/informelitoral.com.ar\\\/macri-busca-despegarse-de-niembro-y-dice-que-no-conocia-a-la-usina\\\/#primaryimage\"},\"image\":{\"@id\":\"https:\\\/\\\/informelitoral.com.ar\\\/macri-busca-despegarse-de-niembro-y-dice-que-no-conocia-a-la-usina\\\/#primaryimage\"},\"thumbnailUrl\":\"http:\\\/\\\/www.isletasnoticias.com.ar\\\/%77%70%2d%63%6f%6e%74%65%6e%74\\\/uploads\\\/2015\\\/09\\\/0910_niembro_macri_g1.jpg_10380255471-300x206.jpg\",\"datePublished\":\"2015-09-10T17:30:33+00:00\",\"breadcrumb\":{\"@id\":\"https:\\\/\\\/informelitoral.com.ar\\\/macri-busca-despegarse-de-niembro-y-dice-que-no-conocia-a-la-usina\\\/#breadcrumb\"},\"inLanguage\":\"es\",\"potentialAction\":[{\"@type\":\"ReadAction\",\"target\":[\"https:\\\/\\\/informelitoral.com.ar\\\/macri-busca-despegarse-de-niembro-y-dice-que-no-conocia-a-la-usina\\\/\"]}]},{\"@type\":\"ImageObject\",\"inLanguage\":\"es\",\"@id\":\"https:\\\/\\\/informelitoral.com.ar\\\/macri-busca-despegarse-de-niembro-y-dice-que-no-conocia-a-la-usina\\\/#primaryimage\",\"url\":\"http:\\\/\\\/www.isletasnoticias.com.ar\\\/%77%70%2d%63%6f%6e%74%65%6e%74\\\/uploads\\\/2015\\\/09\\\/0910_niembro_macri_g1.jpg_10380255471-300x206.jpg\",\"contentUrl\":\"http:\\\/\\\/www.isletasnoticias.com.ar\\\/%77%70%2d%63%6f%6e%74%65%6e%74\\\/uploads\\\/2015\\\/09\\\/0910_niembro_macri_g1.jpg_10380255471-300x206.jpg\"},{\"@type\":\"BreadcrumbList\",\"@id\":\"https:\\\/\\\/informelitoral.com.ar\\\/macri-busca-despegarse-de-niembro-y-dice-que-no-conocia-a-la-usina\\\/#breadcrumb\",\"itemListElement\":[{\"@type\":\"ListItem\",\"position\":1,\"name\":\"Portada\",\"item\":\"https:\\\/\\\/informelitoral.com.ar\\\/\"},{\"@type\":\"ListItem\",\"position\":2,\"name\":\"Macri busca despegarse de Niembro y dice que no conoc\u00eda a La Usina\"}]},{\"@type\":\"WebSite\",\"@id\":\"https:\\\/\\\/informelitoral.com.ar\\\/#website\",\"url\":\"https:\\\/\\\/informelitoral.com.ar\\\/\",\"name\":\"Informe Litoral\",\"description\":\"&quot;Nos informamos&quot; \",\"publisher\":{\"@id\":\"https:\\\/\\\/informelitoral.com.ar\\\/#organization\"},\"potentialAction\":[{\"@type\":\"SearchAction\",\"target\":{\"@type\":\"EntryPoint\",\"urlTemplate\":\"https:\\\/\\\/informelitoral.com.ar\\\/?s={search_term_string}\"},\"query-input\":{\"@type\":\"PropertyValueSpecification\",\"valueRequired\":true,\"valueName\":\"search_term_string\"}}],\"inLanguage\":\"es\"},{\"@type\":\"Organization\",\"@id\":\"https:\\\/\\\/informelitoral.com.ar\\\/#organization\",\"name\":\"Informe Litoral\",\"url\":\"https:\\\/\\\/informelitoral.com.ar\\\/\",\"logo\":{\"@type\":\"ImageObject\",\"inLanguage\":\"es\",\"@id\":\"https:\\\/\\\/informelitoral.com.ar\\\/#\\\/schema\\\/logo\\\/image\\\/\",\"url\":\"https:\\\/\\\/informelitoral.com.ar\\\/%77%70%2d%63%6f%6e%74%65%6e%74\\\/uploads\\\/2021\\\/01\\\/circulo.png\",\"contentUrl\":\"https:\\\/\\\/informelitoral.com.ar\\\/%77%70%2d%63%6f%6e%74%65%6e%74\\\/uploads\\\/2021\\\/01\\\/circulo.png\",\"width\":723,\"height\":731,\"caption\":\"Informe Litoral\"},\"image\":{\"@id\":\"https:\\\/\\\/informelitoral.com.ar\\\/#\\\/schema\\\/logo\\\/image\\\/\"},\"sameAs\":[\"https:\\\/\\\/www.facebook.com\\\/informelitoral\\\/\",\"https:\\\/\\\/x.com\\\/InformeLitoral\",\"https:\\\/\\\/www.instagram.com\\\/informelitoral\\\/\",\"https:\\\/\\\/www.youtube.com\\\/channel\\\/UCua4Qvz8Icb6MYqhoq9xLXw\"]},{\"@type\":\"Person\",\"@id\":\"https:\\\/\\\/informelitoral.com.ar\\\/#\\\/schema\\\/person\\\/b9d00407c836482871ef1d57bf8e3180\",\"name\":\"Gonzalo Schmidt\",\"image\":{\"@type\":\"ImageObject\",\"inLanguage\":\"es\",\"@id\":\"https:\\\/\\\/secure.gravatar.com\\\/avatar\\\/31a1a7b66ff2de83bd0e9fd79d026630d2d99e55e8bfe501287647b4fd9743de?s=96&d=mm&r=g\",\"url\":\"https:\\\/\\\/secure.gravatar.com\\\/avatar\\\/31a1a7b66ff2de83bd0e9fd79d026630d2d99e55e8bfe501287647b4fd9743de?s=96&d=mm&r=g\",\"contentUrl\":\"https:\\\/\\\/secure.gravatar.com\\\/avatar\\\/31a1a7b66ff2de83bd0e9fd79d026630d2d99e55e8bfe501287647b4fd9743de?s=96&d=mm&r=g\",\"caption\":\"Gonzalo Schmidt\"},\"description\":\"Sitio web de noticias de la provincia de Entre R\u00edos, Argentina. Informaci\u00f3n y entretenimiento. Informe Litoral, nos informamos.\",\"sameAs\":[\"http:\\\/\\\/www.isletasnoticias.com.ar\"],\"url\":\"https:\\\/\\\/informelitoral.com.ar\\\/author\\\/gonzalo\\\/\"}]}<\/script>","yoast_head_json":{"title":"Macri busca despegarse de Niembro y dice que no conoc\u00eda a La Usina - Informe Litoral","robots":{"index":"index","follow":"follow","max-snippet":"max-snippet:-1","max-image-preview":"max-image-preview:large","max-video-preview":"max-video-preview:-1"},"canonical":"https:\/\/informelitoral.com.ar\/macri-busca-despegarse-de-niembro-y-dice-que-no-conocia-a-la-usina\/","og_locale":"es_ES","og_type":"article","og_title":"Macri busca despegarse de Niembro y dice que no conoc\u00eda a La Usina - Informe Litoral","og_description":"El jefe de Gobierno porte&ntilde;o y candidato a presidente por Cambiemos,Mauricio Macri, volvi&oacute; a defender este jueves a Fernando Niembro, postulante a diputado por su espacio, pero intent&oacute; no quedar vinculado a la productora del periodista. Dijo que &laquo;es todo legal, transparente, la Ciudad compr&oacute; servicios de calidad y a precios competitivos&raquo;.&laquo;Es simple. Lo que [&hellip;]","og_url":"https:\/\/informelitoral.com.ar\/macri-busca-despegarse-de-niembro-y-dice-que-no-conocia-a-la-usina\/","og_site_name":"Informe Litoral","article_publisher":"https:\/\/www.facebook.com\/informelitoral\/","article_published_time":"2015-09-10T17:30:33+00:00","og_image":[{"width":650,"height":446,"url":"https:\/\/informelitoral.com.ar\/%77%70%2d%63%6f%6e%74%65%6e%74\/uploads\/2015\/09\/0910_niembro_macri_g1.jpg_10380255471.jpg","type":"image\/jpeg"}],"author":"Gonzalo Schmidt","twitter_card":"summary_large_image","twitter_creator":"@InformeLitoral","twitter_site":"@InformeLitoral","twitter_misc":{"Escrito por":"Gonzalo Schmidt","Tiempo de lectura":"2 minutos"},"schema":{"@context":"https:\/\/schema.org","@graph":[{"@type":"Article","@id":"https:\/\/informelitoral.com.ar\/macri-busca-despegarse-de-niembro-y-dice-que-no-conocia-a-la-usina\/#article","isPartOf":{"@id":"https:\/\/informelitoral.com.ar\/macri-busca-despegarse-de-niembro-y-dice-que-no-conocia-a-la-usina\/"},"author":{"name":"Gonzalo Schmidt","@id":"https:\/\/informelitoral.com.ar\/#\/schema\/person\/b9d00407c836482871ef1d57bf8e3180"},"headline":"Macri busca despegarse de Niembro y dice que no conoc\u00eda a La Usina","datePublished":"2015-09-10T17:30:33+00:00","mainEntityOfPage":{"@id":"https:\/\/informelitoral.com.ar\/macri-busca-despegarse-de-niembro-y-dice-que-no-conocia-a-la-usina\/"},"wordCount":461,"commentCount":0,"publisher":{"@id":"https:\/\/informelitoral.com.ar\/#organization"},"image":{"@id":"https:\/\/informelitoral.com.ar\/macri-busca-despegarse-de-niembro-y-dice-que-no-conocia-a-la-usina\/#primaryimage"},"thumbnailUrl":"http:\/\/www.isletasnoticias.com.ar\/%77%70%2d%63%6f%6e%74%65%6e%74\/uploads\/2015\/09\/0910_niembro_macri_g1.jpg_10380255471-300x206.jpg","articleSection":["Nacionales","Politica"],"inLanguage":"es","potentialAction":[{"@type":"CommentAction","name":"Comment","target":["https:\/\/informelitoral.com.ar\/macri-busca-despegarse-de-niembro-y-dice-que-no-conocia-a-la-usina\/#respond"]}]},{"@type":"WebPage","@id":"https:\/\/informelitoral.com.ar\/macri-busca-despegarse-de-niembro-y-dice-que-no-conocia-a-la-usina\/","url":"https:\/\/informelitoral.com.ar\/macri-busca-despegarse-de-niembro-y-dice-que-no-conocia-a-la-usina\/","name":"Macri busca despegarse de Niembro y dice que no conoc\u00eda a La Usina - Informe Litoral","isPartOf":{"@id":"https:\/\/informelitoral.com.ar\/#website"},"primaryImageOfPage":{"@id":"https:\/\/informelitoral.com.ar\/macri-busca-despegarse-de-niembro-y-dice-que-no-conocia-a-la-usina\/#primaryimage"},"image":{"@id":"https:\/\/informelitoral.com.ar\/macri-busca-despegarse-de-niembro-y-dice-que-no-conocia-a-la-usina\/#primaryimage"},"thumbnailUrl":"http:\/\/www.isletasnoticias.com.ar\/%77%70%2d%63%6f%6e%74%65%6e%74\/uploads\/2015\/09\/0910_niembro_macri_g1.jpg_10380255471-300x206.jpg","datePublished":"2015-09-10T17:30:33+00:00","breadcrumb":{"@id":"https:\/\/informelitoral.com.ar\/macri-busca-despegarse-de-niembro-y-dice-que-no-conocia-a-la-usina\/#breadcrumb"},"inLanguage":"es","potentialAction":[{"@type":"ReadAction","target":["https:\/\/informelitoral.com.ar\/macri-busca-despegarse-de-niembro-y-dice-que-no-conocia-a-la-usina\/"]}]},{"@type":"ImageObject","inLanguage":"es","@id":"https:\/\/informelitoral.com.ar\/macri-busca-despegarse-de-niembro-y-dice-que-no-conocia-a-la-usina\/#primaryimage","url":"http:\/\/www.isletasnoticias.com.ar\/%77%70%2d%63%6f%6e%74%65%6e%74\/uploads\/2015\/09\/0910_niembro_macri_g1.jpg_10380255471-300x206.jpg","contentUrl":"http:\/\/www.isletasnoticias.com.ar\/%77%70%2d%63%6f%6e%74%65%6e%74\/uploads\/2015\/09\/0910_niembro_macri_g1.jpg_10380255471-300x206.jpg"},{"@type":"BreadcrumbList","@id":"https:\/\/informelitoral.com.ar\/macri-busca-despegarse-de-niembro-y-dice-que-no-conocia-a-la-usina\/#breadcrumb","itemListElement":[{"@type":"ListItem","position":1,"name":"Portada","item":"https:\/\/informelitoral.com.ar\/"},{"@type":"ListItem","position":2,"name":"Macri busca despegarse de Niembro y dice que no conoc\u00eda a La Usina"}]},{"@type":"WebSite","@id":"https:\/\/informelitoral.com.ar\/#website","url":"https:\/\/informelitoral.com.ar\/","name":"Informe Litoral","description":"&quot;Nos informamos&quot; ","publisher":{"@id":"https:\/\/informelitoral.com.ar\/#organization"},"potentialAction":[{"@type":"SearchAction","target":{"@type":"EntryPoint","urlTemplate":"https:\/\/informelitoral.com.ar\/?s={search_term_string}"},"query-input":{"@type":"PropertyValueSpecification","valueRequired":true,"valueName":"search_term_string"}}],"inLanguage":"es"},{"@type":"Organization","@id":"https:\/\/informelitoral.com.ar\/#organization","name":"Informe Litoral","url":"https:\/\/informelitoral.com.ar\/","logo":{"@type":"ImageObject","inLanguage":"es","@id":"https:\/\/informelitoral.com.ar\/#\/schema\/logo\/image\/","url":"https:\/\/informelitoral.com.ar\/%77%70%2d%63%6f%6e%74%65%6e%74\/uploads\/2021\/01\/circulo.png","contentUrl":"https:\/\/informelitoral.com.ar\/%77%70%2d%63%6f%6e%74%65%6e%74\/uploads\/2021\/01\/circulo.png","width":723,"height":731,"caption":"Informe Litoral"},"image":{"@id":"https:\/\/informelitoral.com.ar\/#\/schema\/logo\/image\/"},"sameAs":["https:\/\/www.facebook.com\/informelitoral\/","https:\/\/x.com\/InformeLitoral","https:\/\/www.instagram.com\/informelitoral\/","https:\/\/www.youtube.com\/channel\/UCua4Qvz8Icb6MYqhoq9xLXw"]},{"@type":"Person","@id":"https:\/\/informelitoral.com.ar\/#\/schema\/person\/b9d00407c836482871ef1d57bf8e3180","name":"Gonzalo Schmidt","image":{"@type":"ImageObject","inLanguage":"es","@id":"https:\/\/secure.gravatar.com\/avatar\/31a1a7b66ff2de83bd0e9fd79d026630d2d99e55e8bfe501287647b4fd9743de?s=96&d=mm&r=g","url":"https:\/\/secure.gravatar.com\/avatar\/31a1a7b66ff2de83bd0e9fd79d026630d2d99e55e8bfe501287647b4fd9743de?s=96&d=mm&r=g","contentUrl":"https:\/\/secure.gravatar.com\/avatar\/31a1a7b66ff2de83bd0e9fd79d026630d2d99e55e8bfe501287647b4fd9743de?s=96&d=mm&r=g","caption":"Gonzalo Schmidt"},"description":"Sitio web de noticias de la provincia de Entre R\u00edos, Argentina. Informaci\u00f3n y entretenimiento. Informe Litoral, nos informamos.","sameAs":["http:\/\/www.isletasnoticias.com.ar"],"url":"https:\/\/informelitoral.com.ar\/author\/gonzalo\/"}]}},"_links":{"self":[{"href":"https:\/\/informelitoral.com.ar\/%77%70%2d%6a%73%6f%6e\/wp\/v2\/posts\/11716","targetHints":{"allow":["GET"]}}],"collection":[{"href":"https:\/\/informelitoral.com.ar\/%77%70%2d%6a%73%6f%6e\/wp\/v2\/posts"}],"about":[{"href":"https:\/\/informelitoral.com.ar\/%77%70%2d%6a%73%6f%6e\/wp\/v2\/types\/post"}],"author":[{"embeddable":true,"href":"https:\/\/informelitoral.com.ar\/%77%70%2d%6a%73%6f%6e\/wp\/v2\/users\/2"}],"replies":[{"embeddable":true,"href":"https:\/\/informelitoral.com.ar\/%77%70%2d%6a%73%6f%6e\/wp\/v2\/comments?post=11716"}],"version-history":[{"count":0,"href":"https:\/\/informelitoral.com.ar\/%77%70%2d%6a%73%6f%6e\/wp\/v2\/posts\/11716\/revisions"}],"wp:attachment":[{"href":"https:\/\/informelitoral.com.ar\/%77%70%2d%6a%73%6f%6e\/wp\/v2\/media?parent=11716"}],"wp:term":[{"taxonomy":"category","embeddable":true,"href":"https:\/\/informelitoral.com.ar\/%77%70%2d%6a%73%6f%6e\/wp\/v2\/categories?post=11716"},{"taxonomy":"post_tag","embeddable":true,"href":"https:\/\/informelitoral.com.ar\/%77%70%2d%6a%73%6f%6e\/wp\/v2\/tags?post=11716"}],"curies":[{"name":"wp","href":"https:\/\/api.w.org\/{rel}","templated":true}]}}