{"id":11706,"date":"2015-09-10T00:19:59","date_gmt":"2015-09-10T03:19:59","guid":{"rendered":"http:\/\/www.isletasnoticias.com.ar\/?p=11706"},"modified":"2015-09-10T00:19:59","modified_gmt":"2015-09-10T03:19:59","slug":"se-puso-en-marcha-el-operativo-de-seguridad-del-xx-motoencuentro-de-diamante","status":"publish","type":"post","link":"https:\/\/informelitoral.com.ar\/se-puso-en-marcha-el-operativo-de-seguridad-del-xx-motoencuentro-de-diamante\/","title":{"rendered":"Se puso en marcha el operativo de seguridad del XX Motoencuentro de Diamante"},"content":{"rendered":"<p><strong>La Polic\u00eda de Entre R\u00edos puso en marcha un operativo especial de seguridad en el marco del XX Motoencuentro Internacional que se lleva a cabo en la localidad de Diamante, desde este mi\u00e9rcoles 9 al 13 de septiembre. Las tareas de prevenci\u00f3n consistir\u00e1n en reforzar los operativos de control en los principales accesos a la provincia y en las rutas de la zona, como as\u00ed tambi\u00e9n dentro de la misma ciudad.<a href=\"http:\/\/www.isletasnoticias.com.ar\/%77%70%2d%63%6f%6e%74%65%6e%74\/uploads\/2015\/09\/b_1441819534.jpg\"><img loading=\"lazy\" decoding=\"async\" class=\"aligncenter size-medium wp-image-11707\" src=\"http:\/\/www.isletasnoticias.com.ar\/%77%70%2d%63%6f%6e%74%65%6e%74\/uploads\/2015\/09\/b_1441819534-300x225.jpg\" alt=\"b_1441819534\" width=\"300\" height=\"225\" srcset=\"https:\/\/informelitoral.com.ar\/%77%70%2d%63%6f%6e%74%65%6e%74\/uploads\/2015\/09\/b_1441819534-300x225.jpg 300w, https:\/\/informelitoral.com.ar\/%77%70%2d%63%6f%6e%74%65%6e%74\/uploads\/2015\/09\/b_1441819534.jpg 492w\" sizes=\"auto, (max-width: 300px) 100vw, 300px\" \/><\/a><\/strong>\u201cEstas medidas son necesarias para promover una nueva cultura vial responsable, que cuide la vida de las personas. La polic\u00eda de Entre R\u00edos est\u00e1 en las calles y en las rutas para prevenir y cuidar la vida de todos los ciudadanos\u201d, expres\u00f3 el ministro de Gobierno.<\/p>\n<p>M\u00e1s adelante, Bahl sostuvo que \u201ceste evento es un gran est\u00edmulo para la ciudad de Diamante y la zona de influencia, y que seguramente sabr\u00e1 aprovechar el movimiento que genera una actividad de estas caracter\u00edsticas en la provincia\u00bb. Y agreg\u00f3 \u00abHay muy buenas expectativas, se espera la llegada de 12.000 motos, m\u00e1s de 30.000 personas es por eso que est\u00e1 todo listo para que esta nueva edici\u00f3n sea motivo de disfrute y alegr\u00eda para quienes participen\u201d.<\/p>\n<p>Por \u00faltimo, se refiri\u00f3 a las principales medidas de seguridad que se exigir\u00e1n: \u201cSe har\u00e1 hincapi\u00e9 fundamentalmente en el uso correcto del casco, luces, documentaci\u00f3n y alcoholemia\u201d, explic\u00f3 finalmente Bahl.<\/p>\n<p><strong>Detalles de los controles<\/strong><br \/>\nEl jefe de la departamental de Diamante, Daniel Randisi inform\u00f3 que, \u201cdesde la Polic\u00eda de la provincia se dispuso un amplio operativo que se ir\u00e1 incrementando con el paso de los d\u00edas, principalmente en las rutas e inmediaciones de Diamante, donde va a desarrollarse este evento en el que se afectar\u00e1n 530 efectivos, de los cuales 150 estar\u00e1n dentro del predio\u201d, dijo y agreg\u00f3: \u201cAsimismo se reforzar\u00e1 la seguridad dentro de la misma ciudad\u201d.<\/p>\n<p>\u201cSe dispondr\u00e1n puestos fijos sobre los principales accesos a la provincia, el T\u00fanel Subfluvial y el puente de Victoria \u2013 Rosario. Esto sumado a los puestos que se han desplegado sobre las rutas pr\u00f3ximas a la ciudad de Diamante\u201d, explic\u00f3 el jefe de la departamental.<\/p>\n<p>\u201cPara ello fueron afectados personal y m\u00f3viles de la jefatura de Diamante como as\u00ed tambi\u00e9n de Tala, Nogoy\u00e1, y Victoria. Como as\u00ed tambi\u00e9n desde el Instituto Policiales se dispuso de un gran n\u00famero de aspirantes a agentes para reforzar la tarea de recorrida por el interior de la localidad\u201d, detall\u00f3 Randisi.<\/p>\n<p>Dentro del predio que se realiza el evento de motos, el jefe de la departamental Diamante inform\u00f3 que, \u201cse dispondr\u00e1 de la unidad operativa m\u00f3vil que aporta todo un equipo de comunicaci\u00f3n, una base y un m\u00f3vil. Es una oficina m\u00f3vil que atiende requerimientos inmediatos que se puedas suceder\u201d.<\/p>\n","protected":false},"excerpt":{"rendered":"<p>La Polic&iacute;a de Entre R&iacute;os puso en marcha un operativo especial de seguridad en el marco del XX Motoencuentro Internacional que se lleva a cabo en la localidad de Diamante, desde este mi&eacute;rcoles 9 al 13 de septiembre. Las tareas de prevenci&oacute;n consistir&aacute;n en reforzar los operativos de control en los principales accesos a la [&hellip;]<\/p>\n","protected":false},"author":2,"featured_media":0,"comment_status":"open","ping_status":"open","sticky":false,"template":"","format":"standard","meta":{"fifu_image_url":"","fifu_image_alt":"","footnotes":""},"categories":[5],"tags":[],"class_list":{"0":"post-11706","1":"post","2":"type-post","3":"status-publish","4":"format-standard","6":"category-zonales"},"yoast_head":"<title>Se puso en marcha el operativo de seguridad del XX Motoencuentro de Diamante - Informe Litoral<\/title>\n<meta name=\"robots\" content=\"index, follow, max-snippet:-1, max-image-preview:large, max-video-preview:-1\" \/>\n<link rel=\"canonical\" href=\"https:\/\/informelitoral.com.ar\/se-puso-en-marcha-el-operativo-de-seguridad-del-xx-motoencuentro-de-diamante\/\" \/>\n<meta property=\"og:locale\" content=\"es_ES\" \/>\n<meta property=\"og:type\" content=\"article\" \/>\n<meta property=\"og:title\" content=\"Se puso en marcha el operativo de seguridad del XX Motoencuentro de Diamante - Informe Litoral\" \/>\n<meta property=\"og:description\" content=\"La Polic&iacute;a de Entre R&iacute;os puso en marcha un operativo especial de seguridad en el marco del XX Motoencuentro Internacional que se lleva a cabo en la localidad de Diamante, desde este mi&eacute;rcoles 9 al 13 de septiembre. Las tareas de prevenci&oacute;n consistir&aacute;n en reforzar los operativos de control en los principales accesos a la [&hellip;]\" \/>\n<meta property=\"og:url\" content=\"https:\/\/informelitoral.com.ar\/se-puso-en-marcha-el-operativo-de-seguridad-del-xx-motoencuentro-de-diamante\/\" \/>\n<meta property=\"og:site_name\" content=\"Informe Litoral\" \/>\n<meta property=\"article:publisher\" content=\"https:\/\/www.facebook.com\/informelitoral\/\" \/>\n<meta property=\"article:published_time\" content=\"2015-09-10T03:19:59+00:00\" \/>\n<meta property=\"og:image\" content=\"https:\/\/informelitoral.com.ar\/%77%70%2d%63%6f%6e%74%65%6e%74\/uploads\/2015\/09\/b_1441819534.jpg\" \/>\n\t<meta property=\"og:image:width\" content=\"492\" \/>\n\t<meta property=\"og:image:height\" content=\"369\" \/>\n\t<meta property=\"og:image:type\" content=\"image\/jpeg\" \/>\n<meta name=\"author\" content=\"Gonzalo Schmidt\" \/>\n<meta name=\"twitter:card\" content=\"summary_large_image\" \/>\n<meta name=\"twitter:creator\" content=\"@InformeLitoral\" \/>\n<meta name=\"twitter:site\" content=\"@InformeLitoral\" \/>\n<meta name=\"twitter:label1\" content=\"Escrito por\" \/>\n\t<meta name=\"twitter:data1\" content=\"Gonzalo Schmidt\" \/>\n\t<meta name=\"twitter:label2\" content=\"Tiempo de lectura\" \/>\n\t<meta name=\"twitter:data2\" content=\"2 minutos\" \/>\n<script type=\"application\/ld+json\" class=\"yoast-schema-graph\">{\"@context\":\"https:\\\/\\\/schema.org\",\"@graph\":[{\"@type\":\"Article\",\"@id\":\"https:\\\/\\\/informelitoral.com.ar\\\/se-puso-en-marcha-el-operativo-de-seguridad-del-xx-motoencuentro-de-diamante\\\/#article\",\"isPartOf\":{\"@id\":\"https:\\\/\\\/informelitoral.com.ar\\\/se-puso-en-marcha-el-operativo-de-seguridad-del-xx-motoencuentro-de-diamante\\\/\"},\"author\":{\"name\":\"Gonzalo Schmidt\",\"@id\":\"https:\\\/\\\/informelitoral.com.ar\\\/#\\\/schema\\\/person\\\/b9d00407c836482871ef1d57bf8e3180\"},\"headline\":\"Se puso en marcha el operativo de seguridad del XX Motoencuentro de Diamante\",\"datePublished\":\"2015-09-10T03:19:59+00:00\",\"mainEntityOfPage\":{\"@id\":\"https:\\\/\\\/informelitoral.com.ar\\\/se-puso-en-marcha-el-operativo-de-seguridad-del-xx-motoencuentro-de-diamante\\\/\"},\"wordCount\":483,\"commentCount\":0,\"publisher\":{\"@id\":\"https:\\\/\\\/informelitoral.com.ar\\\/#organization\"},\"image\":{\"@id\":\"https:\\\/\\\/informelitoral.com.ar\\\/se-puso-en-marcha-el-operativo-de-seguridad-del-xx-motoencuentro-de-diamante\\\/#primaryimage\"},\"thumbnailUrl\":\"http:\\\/\\\/www.isletasnoticias.com.ar\\\/%77%70%2d%63%6f%6e%74%65%6e%74\\\/uploads\\\/2015\\\/09\\\/b_1441819534-300x225.jpg\",\"articleSection\":[\"Departamento Diamante\"],\"inLanguage\":\"es\",\"potentialAction\":[{\"@type\":\"CommentAction\",\"name\":\"Comment\",\"target\":[\"https:\\\/\\\/informelitoral.com.ar\\\/se-puso-en-marcha-el-operativo-de-seguridad-del-xx-motoencuentro-de-diamante\\\/#respond\"]}]},{\"@type\":\"WebPage\",\"@id\":\"https:\\\/\\\/informelitoral.com.ar\\\/se-puso-en-marcha-el-operativo-de-seguridad-del-xx-motoencuentro-de-diamante\\\/\",\"url\":\"https:\\\/\\\/informelitoral.com.ar\\\/se-puso-en-marcha-el-operativo-de-seguridad-del-xx-motoencuentro-de-diamante\\\/\",\"name\":\"Se puso en marcha el operativo de seguridad del XX Motoencuentro de Diamante - Informe Litoral\",\"isPartOf\":{\"@id\":\"https:\\\/\\\/informelitoral.com.ar\\\/#website\"},\"primaryImageOfPage\":{\"@id\":\"https:\\\/\\\/informelitoral.com.ar\\\/se-puso-en-marcha-el-operativo-de-seguridad-del-xx-motoencuentro-de-diamante\\\/#primaryimage\"},\"image\":{\"@id\":\"https:\\\/\\\/informelitoral.com.ar\\\/se-puso-en-marcha-el-operativo-de-seguridad-del-xx-motoencuentro-de-diamante\\\/#primaryimage\"},\"thumbnailUrl\":\"http:\\\/\\\/www.isletasnoticias.com.ar\\\/%77%70%2d%63%6f%6e%74%65%6e%74\\\/uploads\\\/2015\\\/09\\\/b_1441819534-300x225.jpg\",\"datePublished\":\"2015-09-10T03:19:59+00:00\",\"breadcrumb\":{\"@id\":\"https:\\\/\\\/informelitoral.com.ar\\\/se-puso-en-marcha-el-operativo-de-seguridad-del-xx-motoencuentro-de-diamante\\\/#breadcrumb\"},\"inLanguage\":\"es\",\"potentialAction\":[{\"@type\":\"ReadAction\",\"target\":[\"https:\\\/\\\/informelitoral.com.ar\\\/se-puso-en-marcha-el-operativo-de-seguridad-del-xx-motoencuentro-de-diamante\\\/\"]}]},{\"@type\":\"ImageObject\",\"inLanguage\":\"es\",\"@id\":\"https:\\\/\\\/informelitoral.com.ar\\\/se-puso-en-marcha-el-operativo-de-seguridad-del-xx-motoencuentro-de-diamante\\\/#primaryimage\",\"url\":\"http:\\\/\\\/www.isletasnoticias.com.ar\\\/%77%70%2d%63%6f%6e%74%65%6e%74\\\/uploads\\\/2015\\\/09\\\/b_1441819534-300x225.jpg\",\"contentUrl\":\"http:\\\/\\\/www.isletasnoticias.com.ar\\\/%77%70%2d%63%6f%6e%74%65%6e%74\\\/uploads\\\/2015\\\/09\\\/b_1441819534-300x225.jpg\"},{\"@type\":\"BreadcrumbList\",\"@id\":\"https:\\\/\\\/informelitoral.com.ar\\\/se-puso-en-marcha-el-operativo-de-seguridad-del-xx-motoencuentro-de-diamante\\\/#breadcrumb\",\"itemListElement\":[{\"@type\":\"ListItem\",\"position\":1,\"name\":\"Portada\",\"item\":\"https:\\\/\\\/informelitoral.com.ar\\\/\"},{\"@type\":\"ListItem\",\"position\":2,\"name\":\"Se puso en marcha el operativo de seguridad del XX Motoencuentro de Diamante\"}]},{\"@type\":\"WebSite\",\"@id\":\"https:\\\/\\\/informelitoral.com.ar\\\/#website\",\"url\":\"https:\\\/\\\/informelitoral.com.ar\\\/\",\"name\":\"Informe Litoral\",\"description\":\"&quot;Nos informamos&quot; \",\"publisher\":{\"@id\":\"https:\\\/\\\/informelitoral.com.ar\\\/#organization\"},\"potentialAction\":[{\"@type\":\"SearchAction\",\"target\":{\"@type\":\"EntryPoint\",\"urlTemplate\":\"https:\\\/\\\/informelitoral.com.ar\\\/?s={search_term_string}\"},\"query-input\":{\"@type\":\"PropertyValueSpecification\",\"valueRequired\":true,\"valueName\":\"search_term_string\"}}],\"inLanguage\":\"es\"},{\"@type\":\"Organization\",\"@id\":\"https:\\\/\\\/informelitoral.com.ar\\\/#organization\",\"name\":\"Informe Litoral\",\"url\":\"https:\\\/\\\/informelitoral.com.ar\\\/\",\"logo\":{\"@type\":\"ImageObject\",\"inLanguage\":\"es\",\"@id\":\"https:\\\/\\\/informelitoral.com.ar\\\/#\\\/schema\\\/logo\\\/image\\\/\",\"url\":\"https:\\\/\\\/informelitoral.com.ar\\\/%77%70%2d%63%6f%6e%74%65%6e%74\\\/uploads\\\/2021\\\/01\\\/circulo.png\",\"contentUrl\":\"https:\\\/\\\/informelitoral.com.ar\\\/%77%70%2d%63%6f%6e%74%65%6e%74\\\/uploads\\\/2021\\\/01\\\/circulo.png\",\"width\":723,\"height\":731,\"caption\":\"Informe Litoral\"},\"image\":{\"@id\":\"https:\\\/\\\/informelitoral.com.ar\\\/#\\\/schema\\\/logo\\\/image\\\/\"},\"sameAs\":[\"https:\\\/\\\/www.facebook.com\\\/informelitoral\\\/\",\"https:\\\/\\\/x.com\\\/InformeLitoral\",\"https:\\\/\\\/www.instagram.com\\\/informelitoral\\\/\",\"https:\\\/\\\/www.youtube.com\\\/channel\\\/UCua4Qvz8Icb6MYqhoq9xLXw\"]},{\"@type\":\"Person\",\"@id\":\"https:\\\/\\\/informelitoral.com.ar\\\/#\\\/schema\\\/person\\\/b9d00407c836482871ef1d57bf8e3180\",\"name\":\"Gonzalo Schmidt\",\"image\":{\"@type\":\"ImageObject\",\"inLanguage\":\"es\",\"@id\":\"https:\\\/\\\/secure.gravatar.com\\\/avatar\\\/31a1a7b66ff2de83bd0e9fd79d026630d2d99e55e8bfe501287647b4fd9743de?s=96&d=mm&r=g\",\"url\":\"https:\\\/\\\/secure.gravatar.com\\\/avatar\\\/31a1a7b66ff2de83bd0e9fd79d026630d2d99e55e8bfe501287647b4fd9743de?s=96&d=mm&r=g\",\"contentUrl\":\"https:\\\/\\\/secure.gravatar.com\\\/avatar\\\/31a1a7b66ff2de83bd0e9fd79d026630d2d99e55e8bfe501287647b4fd9743de?s=96&d=mm&r=g\",\"caption\":\"Gonzalo Schmidt\"},\"description\":\"Sitio web de noticias de la provincia de Entre R\u00edos, Argentina. Informaci\u00f3n y entretenimiento. Informe Litoral, nos informamos.\",\"sameAs\":[\"http:\\\/\\\/www.isletasnoticias.com.ar\"],\"url\":\"https:\\\/\\\/informelitoral.com.ar\\\/author\\\/gonzalo\\\/\"}]}<\/script>","yoast_head_json":{"title":"Se puso en marcha el operativo de seguridad del XX Motoencuentro de Diamante - Informe Litoral","robots":{"index":"index","follow":"follow","max-snippet":"max-snippet:-1","max-image-preview":"max-image-preview:large","max-video-preview":"max-video-preview:-1"},"canonical":"https:\/\/informelitoral.com.ar\/se-puso-en-marcha-el-operativo-de-seguridad-del-xx-motoencuentro-de-diamante\/","og_locale":"es_ES","og_type":"article","og_title":"Se puso en marcha el operativo de seguridad del XX Motoencuentro de Diamante - Informe Litoral","og_description":"La Polic&iacute;a de Entre R&iacute;os puso en marcha un operativo especial de seguridad en el marco del XX Motoencuentro Internacional que se lleva a cabo en la localidad de Diamante, desde este mi&eacute;rcoles 9 al 13 de septiembre. Las tareas de prevenci&oacute;n consistir&aacute;n en reforzar los operativos de control en los principales accesos a la [&hellip;]","og_url":"https:\/\/informelitoral.com.ar\/se-puso-en-marcha-el-operativo-de-seguridad-del-xx-motoencuentro-de-diamante\/","og_site_name":"Informe Litoral","article_publisher":"https:\/\/www.facebook.com\/informelitoral\/","article_published_time":"2015-09-10T03:19:59+00:00","og_image":[{"width":492,"height":369,"url":"https:\/\/informelitoral.com.ar\/%77%70%2d%63%6f%6e%74%65%6e%74\/uploads\/2015\/09\/b_1441819534.jpg","type":"image\/jpeg"}],"author":"Gonzalo Schmidt","twitter_card":"summary_large_image","twitter_creator":"@InformeLitoral","twitter_site":"@InformeLitoral","twitter_misc":{"Escrito por":"Gonzalo Schmidt","Tiempo de lectura":"2 minutos"},"schema":{"@context":"https:\/\/schema.org","@graph":[{"@type":"Article","@id":"https:\/\/informelitoral.com.ar\/se-puso-en-marcha-el-operativo-de-seguridad-del-xx-motoencuentro-de-diamante\/#article","isPartOf":{"@id":"https:\/\/informelitoral.com.ar\/se-puso-en-marcha-el-operativo-de-seguridad-del-xx-motoencuentro-de-diamante\/"},"author":{"name":"Gonzalo Schmidt","@id":"https:\/\/informelitoral.com.ar\/#\/schema\/person\/b9d00407c836482871ef1d57bf8e3180"},"headline":"Se puso en marcha el operativo de seguridad del XX Motoencuentro de Diamante","datePublished":"2015-09-10T03:19:59+00:00","mainEntityOfPage":{"@id":"https:\/\/informelitoral.com.ar\/se-puso-en-marcha-el-operativo-de-seguridad-del-xx-motoencuentro-de-diamante\/"},"wordCount":483,"commentCount":0,"publisher":{"@id":"https:\/\/informelitoral.com.ar\/#organization"},"image":{"@id":"https:\/\/informelitoral.com.ar\/se-puso-en-marcha-el-operativo-de-seguridad-del-xx-motoencuentro-de-diamante\/#primaryimage"},"thumbnailUrl":"http:\/\/www.isletasnoticias.com.ar\/%77%70%2d%63%6f%6e%74%65%6e%74\/uploads\/2015\/09\/b_1441819534-300x225.jpg","articleSection":["Departamento Diamante"],"inLanguage":"es","potentialAction":[{"@type":"CommentAction","name":"Comment","target":["https:\/\/informelitoral.com.ar\/se-puso-en-marcha-el-operativo-de-seguridad-del-xx-motoencuentro-de-diamante\/#respond"]}]},{"@type":"WebPage","@id":"https:\/\/informelitoral.com.ar\/se-puso-en-marcha-el-operativo-de-seguridad-del-xx-motoencuentro-de-diamante\/","url":"https:\/\/informelitoral.com.ar\/se-puso-en-marcha-el-operativo-de-seguridad-del-xx-motoencuentro-de-diamante\/","name":"Se puso en marcha el operativo de seguridad del XX Motoencuentro de Diamante - Informe Litoral","isPartOf":{"@id":"https:\/\/informelitoral.com.ar\/#website"},"primaryImageOfPage":{"@id":"https:\/\/informelitoral.com.ar\/se-puso-en-marcha-el-operativo-de-seguridad-del-xx-motoencuentro-de-diamante\/#primaryimage"},"image":{"@id":"https:\/\/informelitoral.com.ar\/se-puso-en-marcha-el-operativo-de-seguridad-del-xx-motoencuentro-de-diamante\/#primaryimage"},"thumbnailUrl":"http:\/\/www.isletasnoticias.com.ar\/%77%70%2d%63%6f%6e%74%65%6e%74\/uploads\/2015\/09\/b_1441819534-300x225.jpg","datePublished":"2015-09-10T03:19:59+00:00","breadcrumb":{"@id":"https:\/\/informelitoral.com.ar\/se-puso-en-marcha-el-operativo-de-seguridad-del-xx-motoencuentro-de-diamante\/#breadcrumb"},"inLanguage":"es","potentialAction":[{"@type":"ReadAction","target":["https:\/\/informelitoral.com.ar\/se-puso-en-marcha-el-operativo-de-seguridad-del-xx-motoencuentro-de-diamante\/"]}]},{"@type":"ImageObject","inLanguage":"es","@id":"https:\/\/informelitoral.com.ar\/se-puso-en-marcha-el-operativo-de-seguridad-del-xx-motoencuentro-de-diamante\/#primaryimage","url":"http:\/\/www.isletasnoticias.com.ar\/%77%70%2d%63%6f%6e%74%65%6e%74\/uploads\/2015\/09\/b_1441819534-300x225.jpg","contentUrl":"http:\/\/www.isletasnoticias.com.ar\/%77%70%2d%63%6f%6e%74%65%6e%74\/uploads\/2015\/09\/b_1441819534-300x225.jpg"},{"@type":"BreadcrumbList","@id":"https:\/\/informelitoral.com.ar\/se-puso-en-marcha-el-operativo-de-seguridad-del-xx-motoencuentro-de-diamante\/#breadcrumb","itemListElement":[{"@type":"ListItem","position":1,"name":"Portada","item":"https:\/\/informelitoral.com.ar\/"},{"@type":"ListItem","position":2,"name":"Se puso en marcha el operativo de seguridad del XX Motoencuentro de Diamante"}]},{"@type":"WebSite","@id":"https:\/\/informelitoral.com.ar\/#website","url":"https:\/\/informelitoral.com.ar\/","name":"Informe Litoral","description":"&quot;Nos informamos&quot; ","publisher":{"@id":"https:\/\/informelitoral.com.ar\/#organization"},"potentialAction":[{"@type":"SearchAction","target":{"@type":"EntryPoint","urlTemplate":"https:\/\/informelitoral.com.ar\/?s={search_term_string}"},"query-input":{"@type":"PropertyValueSpecification","valueRequired":true,"valueName":"search_term_string"}}],"inLanguage":"es"},{"@type":"Organization","@id":"https:\/\/informelitoral.com.ar\/#organization","name":"Informe Litoral","url":"https:\/\/informelitoral.com.ar\/","logo":{"@type":"ImageObject","inLanguage":"es","@id":"https:\/\/informelitoral.com.ar\/#\/schema\/logo\/image\/","url":"https:\/\/informelitoral.com.ar\/%77%70%2d%63%6f%6e%74%65%6e%74\/uploads\/2021\/01\/circulo.png","contentUrl":"https:\/\/informelitoral.com.ar\/%77%70%2d%63%6f%6e%74%65%6e%74\/uploads\/2021\/01\/circulo.png","width":723,"height":731,"caption":"Informe Litoral"},"image":{"@id":"https:\/\/informelitoral.com.ar\/#\/schema\/logo\/image\/"},"sameAs":["https:\/\/www.facebook.com\/informelitoral\/","https:\/\/x.com\/InformeLitoral","https:\/\/www.instagram.com\/informelitoral\/","https:\/\/www.youtube.com\/channel\/UCua4Qvz8Icb6MYqhoq9xLXw"]},{"@type":"Person","@id":"https:\/\/informelitoral.com.ar\/#\/schema\/person\/b9d00407c836482871ef1d57bf8e3180","name":"Gonzalo Schmidt","image":{"@type":"ImageObject","inLanguage":"es","@id":"https:\/\/secure.gravatar.com\/avatar\/31a1a7b66ff2de83bd0e9fd79d026630d2d99e55e8bfe501287647b4fd9743de?s=96&d=mm&r=g","url":"https:\/\/secure.gravatar.com\/avatar\/31a1a7b66ff2de83bd0e9fd79d026630d2d99e55e8bfe501287647b4fd9743de?s=96&d=mm&r=g","contentUrl":"https:\/\/secure.gravatar.com\/avatar\/31a1a7b66ff2de83bd0e9fd79d026630d2d99e55e8bfe501287647b4fd9743de?s=96&d=mm&r=g","caption":"Gonzalo Schmidt"},"description":"Sitio web de noticias de la provincia de Entre R\u00edos, Argentina. Informaci\u00f3n y entretenimiento. Informe Litoral, nos informamos.","sameAs":["http:\/\/www.isletasnoticias.com.ar"],"url":"https:\/\/informelitoral.com.ar\/author\/gonzalo\/"}]}},"_links":{"self":[{"href":"https:\/\/informelitoral.com.ar\/%77%70%2d%6a%73%6f%6e\/wp\/v2\/posts\/11706","targetHints":{"allow":["GET"]}}],"collection":[{"href":"https:\/\/informelitoral.com.ar\/%77%70%2d%6a%73%6f%6e\/wp\/v2\/posts"}],"about":[{"href":"https:\/\/informelitoral.com.ar\/%77%70%2d%6a%73%6f%6e\/wp\/v2\/types\/post"}],"author":[{"embeddable":true,"href":"https:\/\/informelitoral.com.ar\/%77%70%2d%6a%73%6f%6e\/wp\/v2\/users\/2"}],"replies":[{"embeddable":true,"href":"https:\/\/informelitoral.com.ar\/%77%70%2d%6a%73%6f%6e\/wp\/v2\/comments?post=11706"}],"version-history":[{"count":0,"href":"https:\/\/informelitoral.com.ar\/%77%70%2d%6a%73%6f%6e\/wp\/v2\/posts\/11706\/revisions"}],"wp:attachment":[{"href":"https:\/\/informelitoral.com.ar\/%77%70%2d%6a%73%6f%6e\/wp\/v2\/media?parent=11706"}],"wp:term":[{"taxonomy":"category","embeddable":true,"href":"https:\/\/informelitoral.com.ar\/%77%70%2d%6a%73%6f%6e\/wp\/v2\/categories?post=11706"},{"taxonomy":"post_tag","embeddable":true,"href":"https:\/\/informelitoral.com.ar\/%77%70%2d%6a%73%6f%6e\/wp\/v2\/tags?post=11706"}],"curies":[{"name":"wp","href":"https:\/\/api.w.org\/{rel}","templated":true}]}}