{"id":11615,"date":"2015-09-01T17:35:57","date_gmt":"2015-09-01T20:35:57","guid":{"rendered":"http:\/\/www.isletasnoticias.com.ar\/?p=11615"},"modified":"2015-09-01T17:37:54","modified_gmt":"2015-09-01T20:37:54","slug":"la-presidente-inaugurara-losnuevo-consultorios-externos-del-hospital-de-parana","status":"publish","type":"post","link":"https:\/\/informelitoral.com.ar\/la-presidente-inaugurara-losnuevo-consultorios-externos-del-hospital-de-parana\/","title":{"rendered":"La presidente inaugurar\u00e1 los consultorios externos del nuevo hospital de Paran\u00e1"},"content":{"rendered":"<p><strong>Tras recorrer las instalaciones del nuevo hospital que se construye en Paran\u00e1, el gobernador <em>Sergio Urribarri<\/em> inform\u00f3 que en los primeros d\u00edas de octubre ser\u00e1n inaugurados los consultorios externos y las \u00e1reas de diagn\u00f3stico por im\u00e1genes y de laboratorio de este nuevo servicio. \u201cEsto es un hito en materia de salud\u201d, dijo el mandatario y anunci\u00f3 que el nosocomio llevar\u00e1 el nombre <em>Mar\u00eda Teresa Ratto.<a href=\"http:\/\/www.isletasnoticias.com.ar\/%77%70%2d%63%6f%6e%74%65%6e%74\/uploads\/2015\/09\/b_1441126423.jpg\"><img loading=\"lazy\" decoding=\"async\" class=\"aligncenter size-medium wp-image-11616\" src=\"http:\/\/www.isletasnoticias.com.ar\/%77%70%2d%63%6f%6e%74%65%6e%74\/uploads\/2015\/09\/b_1441126423-300x200.jpg\" alt=\"b_1441126423\" width=\"300\" height=\"200\" srcset=\"https:\/\/informelitoral.com.ar\/%77%70%2d%63%6f%6e%74%65%6e%74\/uploads\/2015\/09\/b_1441126423-300x200.jpg 300w, https:\/\/informelitoral.com.ar\/%77%70%2d%63%6f%6e%74%65%6e%74\/uploads\/2015\/09\/b_1441126423.jpg 492w\" sizes=\"auto, (max-width: 300px) 100vw, 300px\" \/><\/a><\/em><\/strong>Junto al gobernador estuvieron en la recorrida el vicegobernador Jos\u00e9 C\u00e1ceres; la intendenta de Paran\u00e1, Blanca Osuna; el intendente de Concordia y candidato a gobernador del FpV, Gustavo Bordet; y su compa\u00f1ero de f\u00f3rmula y ministro de Gobierno, Ad\u00e1n Bahl; el jefe de Gabinete, Hugo Ballay; y el ministro de Salud, Carlos Ramos. Tambi\u00e9n participaron legisladores nacionales y provinciales, y funcionarios de los gobiernos provincial y municipal.<\/p>\n<p>Las autoridades recorrieron las tres plantas del edificio que posee 22.000 metros cuadrados cubiertos tras lo cual brindaron una conferencia de prensa. All\u00ed se proyect\u00f3 un video que muestra las caracter\u00edsticas del nosocomio y luego Urribarri inform\u00f3 que en los primeros d\u00edas de octubre se van a inaugurar los consultorios externos y las \u00e1reas de diagn\u00f3stico por im\u00e1genes y de laboratorio con la presencia en forma personal o por telecoconferencia de la presidente de la Naci\u00f3n, Cristina Fern\u00e1ndez de Kirchner.<\/p>\n<p>La obra civil, que es financiada por el PAMI y demanda una inversi\u00f3n de m\u00e1s de 300 millones de pesos, lleva un avance del 80 por ciento y se prev\u00e9 entregar por etapas. La primera parte ser\u00e1 entregada en octubre y la segunda que comprende el total de la obra se prev\u00e9 entregar en diciembre. A ello se agrega la incorporaci\u00f3n de aparatolog\u00eda de \u00faltima generaci\u00f3n que demanda otra inversi\u00f3n millonaria, tambi\u00e9n a cargo del PAMI.<\/p>\n<p>\u201cEsto es un hito en materia de salud y a partir de su inauguraci\u00f3n prestar\u00e1 un servicio indispensable a todos los entrerrianos, tengan o no tengan obra social. Adem\u00e1s va a descomprimir el hospital San Mart\u00edn y contaremos con un servicio de salud much\u00edsimo mejor, que es nuestro objetivo\u201d, remarc\u00f3 Urribarri.<\/p>\n<p>El mandatario anunci\u00f3 que el nuevo hospital, denominado de La Baxada, llevar\u00e1 el nombre de Mar\u00eda Teresa Ratto, la primera bachiller de la provincia de Entre R\u00edos y la segunda m\u00e9dica del pa\u00eds, quien adem\u00e1s fue una importante militante social.<\/p>\n<p>Dijo luego que esta, como tantas otras obras y acciones que se han ejecutado y se ejecutan en la provincia le generan \u201cdiferentes sensaciones\u201d. Destac\u00f3 los datos dados a conocer por el Consejo Empresario de Entre R\u00edos, sobre la marcha de la econom\u00eda y los aspectos sociales de la provincia, y expuso su satisfacci\u00f3n de que este organismo considere que esta \u201ces una d\u00e9cada de oro para la provincia\u201d.<\/p>\n<p>Enumer\u00f3 enseguida importantes obras como los nuevos hospitales de Paran\u00e1 y Gualeguaych\u00fa, la Estaci\u00f3n Transformadora de Energ\u00eda de Paran\u00e1, con una inversi\u00f3n provincial de m\u00e1s de 800 millones de pesos que se prev\u00e9 inaugurar en octubre o noviembre; y el Centro de Medicina Nuclear, tambi\u00e9n pr\u00f3ximo a ser inaugurado, entre otras. \u201cSon cosas hermosas que est\u00e1n pasando en Entre R\u00edos que tiene un presente diametralmente distinto a lo que era hace ocho a\u00f1os. Por entonces est\u00e1bamos en el lugar m\u00e1s bajo mientras hoy estamos considerados a nivel nacional como una de las provincias que m\u00e1s creci\u00f3 y con un Estado que est\u00e1 a la altura de las demandas de los ciudadanos\u201d, dijo Urribarri.<\/p>\n<p><strong>Productores y docentes<\/strong><\/p>\n<p>En otro orden, el gobernador inform\u00f3 que actualmente se est\u00e1 trabajando junto al Bersa para lograr una l\u00ednea especial de financiamiento para los productores agropecuarios que se ven afectados por la crisis generada por un contexto internacional \u201cmuy complicado\u201d. Dijo que tambi\u00e9n desde hace alrededor de un mes se viene tramitando una operatoria para financiar desde YPF insumos agropecuarios y otro para otorgar mediante el Bersa una l\u00ednea de cr\u00e9dito especial para siembra con subsidio de la provincia.<\/p>\n<p>Tambi\u00e9n se refiri\u00f3 al sector docente y dijo que se mantiene desde el gobierno un trabajo y un di\u00e1logo permanente. \u201cLos ministros Bahl y Lauritto llevan a cabo un trabajo permanente con los docentes. La provincia de Entre R\u00edos es una de las que m\u00e1s ha blanqueado los c\u00f3digos en negro del salario docente lo que hace a la calidad, y seguiremos trabajando en este setido\u201d, complet\u00f3 Urribarri.<\/p>\n<p><strong>Servicio de primera calidad<\/strong><\/p>\n<p>El ministro de Salud, Carlos Ramos, expres\u00f3 que el hospital es de PAMI y no se va a transferir a la provincia, motivo por lo cual se acord\u00f3 la creaci\u00f3n de un ente como la Salud Sociedad del Estado que tendr\u00e1 como \u00fanica funci\u00f3n administrar el nosocomio.<\/p>\n<p>Dijo que el nuevo hospital \u201ces una obra extraordinaria y muy importante para los paranaenses y los entrerrianos que brindar\u00e1 un servicio de primera calidad y va a atender a toda la poblaci\u00f3n\u201d.<\/p>\n<p>En ese sentido, el funcionario afirm\u00f3: \u201cNos permitir\u00e1 descomprimir y mejorar la infraestructura existente ahora tanto en el Hospital San Mart\u00edn como en el San Roque ya que podremos efectuar con mayor agilidad obras de infraestructura\u201d.<\/p>\n<p>Entre los servicios, el ministro detall\u00f3 que se implementar\u00e1 \u201chistoria cl\u00ednica digital con im\u00e1genes y resultado de laboratorios; turneros on-line y hasta un esquema de certificaci\u00f3n de normas de calidad\u201d. Y sobre la parte operativa del funcionamiento, se\u00f1al\u00f3 que \u201cdesde octubre quedaran habilitados los consultorios externos que funcionaran de 8 a 20 y trabajar\u00e1n con turnos programados para todas las especialidades\u201d.<\/p>\n<p>Los consultorios constar\u00e1n con medicina general, cl\u00ednica de adultos y pedi\u00e1trica, odontolog\u00eda, cardiolog\u00eda, otorrinolaringolog\u00eda, neurolog\u00eda, neumonolog\u00eda, ginecolog\u00eda, psicolog\u00eda y servicios sociales.<\/p>\n<p><strong>Compromiso cumplido<\/strong><\/p>\n<p>Por su parte, la intendenta de Paran\u00e1, Blanca Osuna, se mostr\u00f3 conmovida \u201cpor el tiempo en el que se hizo, por este compromiso que asumi\u00f3 el gobernador y definitivamente est\u00e1 cumplido y porque realmente es un aporte important\u00edsimo para la calidad de vida de los paranaenses y los entrerrianos\u201d.<\/p>\n<p>Respecto de las calles que circundan el hospital, la intendenta dijo: \u201cEn estos momentos las calles est\u00e1n en obra. Las obras tienen dos planos de trabajo, uno que son los desag\u00fces, badenes y cloacas, y otro que es el asfaltado. En ambos casos, son obras que est\u00e1n en curso y que obviamente van a estar terminadas para la inauguraci\u00f3n del hospital\u201d.<\/p>\n<p>Y agreg\u00f3: \u201cHay otro punto que es importante se\u00f1alar y tiene que ver con transformaciones que impactan de manera notable en esta zona sur de la ciudad y que son, a pocas cuadras de ac\u00e1, se est\u00e1 llevando adelante, el barrio ecol\u00f3gico 600 viviendas del Procrear, la escuela Tabar\u00e9 que est\u00e1 pr\u00e1cticamente para inaugurar, y desde la municipalidad estamos a las puertas de una licitaci\u00f3n que es la de un nuevo acceso Sur. Si a eso le sumamos el gas y todas las intervenciones que en pol\u00edticas estatales se ha hecho en esta zona de la ciudad, definitivamente es una transformaci\u00f3n zonal, pero fundamentalmente estamos ante las puertas de una nueva etapa en materia de salud p\u00fablica de la provincia de Entre R\u00edos\u201d, complet\u00f3.<br \/>\n<strong>Detalles del hospital<\/strong><\/p>\n<p>El nuevo hospital de Paran\u00e1 es el resultado del trabajo conjunto entre el estado provincial y el PAMI, y representa un salto tecnol\u00f3gico y de calidad para la salud de los entrerrianos.<\/p>\n<p>Para darle continuidad a ese trabajo conjunto se cre\u00f3 Salud Entre R\u00edos Sociedad del Estado, cuyo objetivo primordial es garantizar la puesta en marcha y la administraci\u00f3n eficiente del hospital. Esta figura garantiza el financiamiento nacional y la presencia del estado entrerriano en la gesti\u00f3n.<\/p>\n<p>El edificio consta de dos plantas y un piso de m\u00e1quinas. En la planta baja se ubican los consultorios externos, kinesiolog\u00eda y tratamientos f\u00edsicos. El \u00e1rea de diagn\u00f3stico por im\u00e1genes, la guardia de Adultos y Pedi\u00e1trica, neonatolog\u00eda, obstetricia, la parte de administraci\u00f3n y los servicios complementarios que van desde la cocina, el comedor, lavadero hasta farmacia.<\/p>\n<p>Por su parte, en la planta alta se ubicar\u00e1 el sector de internaci\u00f3n que contar\u00e1 con 150 camas divido en tres bloques. La terapia intensiva e intermedia, seis quir\u00f3fanos de adultos y pediatr\u00eda.<\/p>\n<p>Adem\u00e1s el hospital tendr\u00e1 en la planta alta, un laboratorio, el \u00e1rea de hemoterapia y un amplio espacio de usos m\u00faltiples.<\/p>\n<p><strong>Funcionamiento<\/strong><\/p>\n<p>El nuevo hospital de Paran\u00e1 se integra a la red sanitaria como un establecimiento de segundo nivel y est\u00e1 gestionado a trav\u00e9s de un innovador software que permite la interacci\u00f3n con otros hospitales y centros de salud, consulta de historia cl\u00ednica digital con imagen y turnos web.<\/p>\n<p>El edificio inteligente se encuentra administrado por un sistema que permite monitorear todo lo que ocurre en el establecimiento y generar reacciones autom\u00e1ticas ante posibles eventualidades.<\/p>\n<p>El sector de internaci\u00f3n contar\u00e1 con un total de 150 camas distribuidas en habitaciones individuales con locker privado y sistema de calefacci\u00f3n y aire acondicionado.<\/p>\n","protected":false},"excerpt":{"rendered":"<p>Tras recorrer las instalaciones del nuevo hospital que se construye en Paran&aacute;, el gobernador Sergio Urribarri inform&oacute; que en los primeros d&iacute;as de octubre ser&aacute;n inaugurados los consultorios externos y las &aacute;reas de diagn&oacute;stico por im&aacute;genes y de laboratorio de este nuevo servicio. &ldquo;Esto es un hito en materia de salud&rdquo;, dijo el mandatario y [&hellip;]<\/p>\n","protected":false},"author":2,"featured_media":0,"comment_status":"open","ping_status":"open","sticky":false,"template":"","format":"standard","meta":{"fifu_image_url":"","fifu_image_alt":"","footnotes":""},"categories":[6,16],"tags":[],"class_list":{"0":"post-11615","1":"post","2":"type-post","3":"status-publish","4":"format-standard","6":"category-entre-rios","7":"category-politi"},"yoast_head":"<title>La presidente inaugurar\u00e1 los consultorios externos del nuevo hospital de Paran\u00e1 - Informe Litoral<\/title>\n<meta name=\"robots\" content=\"index, follow, max-snippet:-1, max-image-preview:large, max-video-preview:-1\" \/>\n<link rel=\"canonical\" href=\"https:\/\/informelitoral.com.ar\/la-presidente-inaugurara-losnuevo-consultorios-externos-del-hospital-de-parana\/\" \/>\n<meta property=\"og:locale\" content=\"es_ES\" \/>\n<meta property=\"og:type\" content=\"article\" \/>\n<meta property=\"og:title\" content=\"La presidente inaugurar\u00e1 los consultorios externos del nuevo hospital de Paran\u00e1 - Informe Litoral\" \/>\n<meta property=\"og:description\" content=\"Tras recorrer las instalaciones del nuevo hospital que se construye en Paran&aacute;, el gobernador Sergio Urribarri inform&oacute; que en los primeros d&iacute;as de octubre ser&aacute;n inaugurados los consultorios externos y las &aacute;reas de diagn&oacute;stico por im&aacute;genes y de laboratorio de este nuevo servicio. &ldquo;Esto es un hito en materia de salud&rdquo;, dijo el mandatario y [&hellip;]\" \/>\n<meta property=\"og:url\" content=\"https:\/\/informelitoral.com.ar\/la-presidente-inaugurara-losnuevo-consultorios-externos-del-hospital-de-parana\/\" \/>\n<meta property=\"og:site_name\" content=\"Informe Litoral\" \/>\n<meta property=\"article:publisher\" content=\"https:\/\/www.facebook.com\/informelitoral\/\" \/>\n<meta property=\"article:published_time\" content=\"2015-09-01T20:35:57+00:00\" \/>\n<meta property=\"article:modified_time\" content=\"2015-09-01T20:37:54+00:00\" \/>\n<meta property=\"og:image\" content=\"https:\/\/informelitoral.com.ar\/%77%70%2d%63%6f%6e%74%65%6e%74\/uploads\/2015\/09\/b_1441126423.jpg\" \/>\n\t<meta property=\"og:image:width\" content=\"492\" \/>\n\t<meta property=\"og:image:height\" content=\"328\" \/>\n\t<meta property=\"og:image:type\" content=\"image\/jpeg\" \/>\n<meta name=\"author\" content=\"Gonzalo Schmidt\" \/>\n<meta name=\"twitter:card\" content=\"summary_large_image\" \/>\n<meta name=\"twitter:creator\" content=\"@InformeLitoral\" \/>\n<meta name=\"twitter:site\" content=\"@InformeLitoral\" \/>\n<meta name=\"twitter:label1\" content=\"Escrito por\" \/>\n\t<meta name=\"twitter:data1\" content=\"Gonzalo Schmidt\" \/>\n\t<meta name=\"twitter:label2\" content=\"Tiempo de lectura\" \/>\n\t<meta name=\"twitter:data2\" content=\"8 minutos\" \/>\n<script type=\"application\/ld+json\" class=\"yoast-schema-graph\">{\"@context\":\"https:\\\/\\\/schema.org\",\"@graph\":[{\"@type\":\"Article\",\"@id\":\"https:\\\/\\\/informelitoral.com.ar\\\/la-presidente-inaugurara-losnuevo-consultorios-externos-del-hospital-de-parana\\\/#article\",\"isPartOf\":{\"@id\":\"https:\\\/\\\/informelitoral.com.ar\\\/la-presidente-inaugurara-losnuevo-consultorios-externos-del-hospital-de-parana\\\/\"},\"author\":{\"name\":\"Gonzalo Schmidt\",\"@id\":\"https:\\\/\\\/informelitoral.com.ar\\\/#\\\/schema\\\/person\\\/b9d00407c836482871ef1d57bf8e3180\"},\"headline\":\"La presidente inaugurar\u00e1 los consultorios externos del nuevo hospital de Paran\u00e1\",\"datePublished\":\"2015-09-01T20:35:57+00:00\",\"dateModified\":\"2015-09-01T20:37:54+00:00\",\"mainEntityOfPage\":{\"@id\":\"https:\\\/\\\/informelitoral.com.ar\\\/la-presidente-inaugurara-losnuevo-consultorios-externos-del-hospital-de-parana\\\/\"},\"wordCount\":1551,\"commentCount\":0,\"publisher\":{\"@id\":\"https:\\\/\\\/informelitoral.com.ar\\\/#organization\"},\"image\":{\"@id\":\"https:\\\/\\\/informelitoral.com.ar\\\/la-presidente-inaugurara-losnuevo-consultorios-externos-del-hospital-de-parana\\\/#primaryimage\"},\"thumbnailUrl\":\"http:\\\/\\\/www.isletasnoticias.com.ar\\\/%77%70%2d%63%6f%6e%74%65%6e%74\\\/uploads\\\/2015\\\/09\\\/b_1441126423-300x200.jpg\",\"articleSection\":[\"Entre R\u00edos\",\"Politica\"],\"inLanguage\":\"es\",\"potentialAction\":[{\"@type\":\"CommentAction\",\"name\":\"Comment\",\"target\":[\"https:\\\/\\\/informelitoral.com.ar\\\/la-presidente-inaugurara-losnuevo-consultorios-externos-del-hospital-de-parana\\\/#respond\"]}]},{\"@type\":\"WebPage\",\"@id\":\"https:\\\/\\\/informelitoral.com.ar\\\/la-presidente-inaugurara-losnuevo-consultorios-externos-del-hospital-de-parana\\\/\",\"url\":\"https:\\\/\\\/informelitoral.com.ar\\\/la-presidente-inaugurara-losnuevo-consultorios-externos-del-hospital-de-parana\\\/\",\"name\":\"La presidente inaugurar\u00e1 los consultorios externos del nuevo hospital de Paran\u00e1 - Informe Litoral\",\"isPartOf\":{\"@id\":\"https:\\\/\\\/informelitoral.com.ar\\\/#website\"},\"primaryImageOfPage\":{\"@id\":\"https:\\\/\\\/informelitoral.com.ar\\\/la-presidente-inaugurara-losnuevo-consultorios-externos-del-hospital-de-parana\\\/#primaryimage\"},\"image\":{\"@id\":\"https:\\\/\\\/informelitoral.com.ar\\\/la-presidente-inaugurara-losnuevo-consultorios-externos-del-hospital-de-parana\\\/#primaryimage\"},\"thumbnailUrl\":\"http:\\\/\\\/www.isletasnoticias.com.ar\\\/%77%70%2d%63%6f%6e%74%65%6e%74\\\/uploads\\\/2015\\\/09\\\/b_1441126423-300x200.jpg\",\"datePublished\":\"2015-09-01T20:35:57+00:00\",\"dateModified\":\"2015-09-01T20:37:54+00:00\",\"breadcrumb\":{\"@id\":\"https:\\\/\\\/informelitoral.com.ar\\\/la-presidente-inaugurara-losnuevo-consultorios-externos-del-hospital-de-parana\\\/#breadcrumb\"},\"inLanguage\":\"es\",\"potentialAction\":[{\"@type\":\"ReadAction\",\"target\":[\"https:\\\/\\\/informelitoral.com.ar\\\/la-presidente-inaugurara-losnuevo-consultorios-externos-del-hospital-de-parana\\\/\"]}]},{\"@type\":\"ImageObject\",\"inLanguage\":\"es\",\"@id\":\"https:\\\/\\\/informelitoral.com.ar\\\/la-presidente-inaugurara-losnuevo-consultorios-externos-del-hospital-de-parana\\\/#primaryimage\",\"url\":\"http:\\\/\\\/www.isletasnoticias.com.ar\\\/%77%70%2d%63%6f%6e%74%65%6e%74\\\/uploads\\\/2015\\\/09\\\/b_1441126423-300x200.jpg\",\"contentUrl\":\"http:\\\/\\\/www.isletasnoticias.com.ar\\\/%77%70%2d%63%6f%6e%74%65%6e%74\\\/uploads\\\/2015\\\/09\\\/b_1441126423-300x200.jpg\"},{\"@type\":\"BreadcrumbList\",\"@id\":\"https:\\\/\\\/informelitoral.com.ar\\\/la-presidente-inaugurara-losnuevo-consultorios-externos-del-hospital-de-parana\\\/#breadcrumb\",\"itemListElement\":[{\"@type\":\"ListItem\",\"position\":1,\"name\":\"Portada\",\"item\":\"https:\\\/\\\/informelitoral.com.ar\\\/\"},{\"@type\":\"ListItem\",\"position\":2,\"name\":\"La presidente inaugurar\u00e1 los consultorios externos del nuevo hospital de Paran\u00e1\"}]},{\"@type\":\"WebSite\",\"@id\":\"https:\\\/\\\/informelitoral.com.ar\\\/#website\",\"url\":\"https:\\\/\\\/informelitoral.com.ar\\\/\",\"name\":\"Informe Litoral\",\"description\":\"&quot;Nos informamos&quot; \",\"publisher\":{\"@id\":\"https:\\\/\\\/informelitoral.com.ar\\\/#organization\"},\"potentialAction\":[{\"@type\":\"SearchAction\",\"target\":{\"@type\":\"EntryPoint\",\"urlTemplate\":\"https:\\\/\\\/informelitoral.com.ar\\\/?s={search_term_string}\"},\"query-input\":{\"@type\":\"PropertyValueSpecification\",\"valueRequired\":true,\"valueName\":\"search_term_string\"}}],\"inLanguage\":\"es\"},{\"@type\":\"Organization\",\"@id\":\"https:\\\/\\\/informelitoral.com.ar\\\/#organization\",\"name\":\"Informe Litoral\",\"url\":\"https:\\\/\\\/informelitoral.com.ar\\\/\",\"logo\":{\"@type\":\"ImageObject\",\"inLanguage\":\"es\",\"@id\":\"https:\\\/\\\/informelitoral.com.ar\\\/#\\\/schema\\\/logo\\\/image\\\/\",\"url\":\"https:\\\/\\\/informelitoral.com.ar\\\/%77%70%2d%63%6f%6e%74%65%6e%74\\\/uploads\\\/2021\\\/01\\\/circulo.png\",\"contentUrl\":\"https:\\\/\\\/informelitoral.com.ar\\\/%77%70%2d%63%6f%6e%74%65%6e%74\\\/uploads\\\/2021\\\/01\\\/circulo.png\",\"width\":723,\"height\":731,\"caption\":\"Informe Litoral\"},\"image\":{\"@id\":\"https:\\\/\\\/informelitoral.com.ar\\\/#\\\/schema\\\/logo\\\/image\\\/\"},\"sameAs\":[\"https:\\\/\\\/www.facebook.com\\\/informelitoral\\\/\",\"https:\\\/\\\/x.com\\\/InformeLitoral\",\"https:\\\/\\\/www.instagram.com\\\/informelitoral\\\/\",\"https:\\\/\\\/www.youtube.com\\\/channel\\\/UCua4Qvz8Icb6MYqhoq9xLXw\"]},{\"@type\":\"Person\",\"@id\":\"https:\\\/\\\/informelitoral.com.ar\\\/#\\\/schema\\\/person\\\/b9d00407c836482871ef1d57bf8e3180\",\"name\":\"Gonzalo Schmidt\",\"image\":{\"@type\":\"ImageObject\",\"inLanguage\":\"es\",\"@id\":\"https:\\\/\\\/secure.gravatar.com\\\/avatar\\\/31a1a7b66ff2de83bd0e9fd79d026630d2d99e55e8bfe501287647b4fd9743de?s=96&d=mm&r=g\",\"url\":\"https:\\\/\\\/secure.gravatar.com\\\/avatar\\\/31a1a7b66ff2de83bd0e9fd79d026630d2d99e55e8bfe501287647b4fd9743de?s=96&d=mm&r=g\",\"contentUrl\":\"https:\\\/\\\/secure.gravatar.com\\\/avatar\\\/31a1a7b66ff2de83bd0e9fd79d026630d2d99e55e8bfe501287647b4fd9743de?s=96&d=mm&r=g\",\"caption\":\"Gonzalo Schmidt\"},\"description\":\"Sitio web de noticias de la provincia de Entre R\u00edos, Argentina. Informaci\u00f3n y entretenimiento. Informe Litoral, nos informamos.\",\"sameAs\":[\"http:\\\/\\\/www.isletasnoticias.com.ar\"],\"url\":\"https:\\\/\\\/informelitoral.com.ar\\\/author\\\/gonzalo\\\/\"}]}<\/script>","yoast_head_json":{"title":"La presidente inaugurar\u00e1 los consultorios externos del nuevo hospital de Paran\u00e1 - Informe Litoral","robots":{"index":"index","follow":"follow","max-snippet":"max-snippet:-1","max-image-preview":"max-image-preview:large","max-video-preview":"max-video-preview:-1"},"canonical":"https:\/\/informelitoral.com.ar\/la-presidente-inaugurara-losnuevo-consultorios-externos-del-hospital-de-parana\/","og_locale":"es_ES","og_type":"article","og_title":"La presidente inaugurar\u00e1 los consultorios externos del nuevo hospital de Paran\u00e1 - Informe Litoral","og_description":"Tras recorrer las instalaciones del nuevo hospital que se construye en Paran&aacute;, el gobernador Sergio Urribarri inform&oacute; que en los primeros d&iacute;as de octubre ser&aacute;n inaugurados los consultorios externos y las &aacute;reas de diagn&oacute;stico por im&aacute;genes y de laboratorio de este nuevo servicio. &ldquo;Esto es un hito en materia de salud&rdquo;, dijo el mandatario y [&hellip;]","og_url":"https:\/\/informelitoral.com.ar\/la-presidente-inaugurara-losnuevo-consultorios-externos-del-hospital-de-parana\/","og_site_name":"Informe Litoral","article_publisher":"https:\/\/www.facebook.com\/informelitoral\/","article_published_time":"2015-09-01T20:35:57+00:00","article_modified_time":"2015-09-01T20:37:54+00:00","og_image":[{"width":492,"height":328,"url":"https:\/\/informelitoral.com.ar\/%77%70%2d%63%6f%6e%74%65%6e%74\/uploads\/2015\/09\/b_1441126423.jpg","type":"image\/jpeg"}],"author":"Gonzalo Schmidt","twitter_card":"summary_large_image","twitter_creator":"@InformeLitoral","twitter_site":"@InformeLitoral","twitter_misc":{"Escrito por":"Gonzalo Schmidt","Tiempo de lectura":"8 minutos"},"schema":{"@context":"https:\/\/schema.org","@graph":[{"@type":"Article","@id":"https:\/\/informelitoral.com.ar\/la-presidente-inaugurara-losnuevo-consultorios-externos-del-hospital-de-parana\/#article","isPartOf":{"@id":"https:\/\/informelitoral.com.ar\/la-presidente-inaugurara-losnuevo-consultorios-externos-del-hospital-de-parana\/"},"author":{"name":"Gonzalo Schmidt","@id":"https:\/\/informelitoral.com.ar\/#\/schema\/person\/b9d00407c836482871ef1d57bf8e3180"},"headline":"La presidente inaugurar\u00e1 los consultorios externos del nuevo hospital de Paran\u00e1","datePublished":"2015-09-01T20:35:57+00:00","dateModified":"2015-09-01T20:37:54+00:00","mainEntityOfPage":{"@id":"https:\/\/informelitoral.com.ar\/la-presidente-inaugurara-losnuevo-consultorios-externos-del-hospital-de-parana\/"},"wordCount":1551,"commentCount":0,"publisher":{"@id":"https:\/\/informelitoral.com.ar\/#organization"},"image":{"@id":"https:\/\/informelitoral.com.ar\/la-presidente-inaugurara-losnuevo-consultorios-externos-del-hospital-de-parana\/#primaryimage"},"thumbnailUrl":"http:\/\/www.isletasnoticias.com.ar\/%77%70%2d%63%6f%6e%74%65%6e%74\/uploads\/2015\/09\/b_1441126423-300x200.jpg","articleSection":["Entre R\u00edos","Politica"],"inLanguage":"es","potentialAction":[{"@type":"CommentAction","name":"Comment","target":["https:\/\/informelitoral.com.ar\/la-presidente-inaugurara-losnuevo-consultorios-externos-del-hospital-de-parana\/#respond"]}]},{"@type":"WebPage","@id":"https:\/\/informelitoral.com.ar\/la-presidente-inaugurara-losnuevo-consultorios-externos-del-hospital-de-parana\/","url":"https:\/\/informelitoral.com.ar\/la-presidente-inaugurara-losnuevo-consultorios-externos-del-hospital-de-parana\/","name":"La presidente inaugurar\u00e1 los consultorios externos del nuevo hospital de Paran\u00e1 - Informe Litoral","isPartOf":{"@id":"https:\/\/informelitoral.com.ar\/#website"},"primaryImageOfPage":{"@id":"https:\/\/informelitoral.com.ar\/la-presidente-inaugurara-losnuevo-consultorios-externos-del-hospital-de-parana\/#primaryimage"},"image":{"@id":"https:\/\/informelitoral.com.ar\/la-presidente-inaugurara-losnuevo-consultorios-externos-del-hospital-de-parana\/#primaryimage"},"thumbnailUrl":"http:\/\/www.isletasnoticias.com.ar\/%77%70%2d%63%6f%6e%74%65%6e%74\/uploads\/2015\/09\/b_1441126423-300x200.jpg","datePublished":"2015-09-01T20:35:57+00:00","dateModified":"2015-09-01T20:37:54+00:00","breadcrumb":{"@id":"https:\/\/informelitoral.com.ar\/la-presidente-inaugurara-losnuevo-consultorios-externos-del-hospital-de-parana\/#breadcrumb"},"inLanguage":"es","potentialAction":[{"@type":"ReadAction","target":["https:\/\/informelitoral.com.ar\/la-presidente-inaugurara-losnuevo-consultorios-externos-del-hospital-de-parana\/"]}]},{"@type":"ImageObject","inLanguage":"es","@id":"https:\/\/informelitoral.com.ar\/la-presidente-inaugurara-losnuevo-consultorios-externos-del-hospital-de-parana\/#primaryimage","url":"http:\/\/www.isletasnoticias.com.ar\/%77%70%2d%63%6f%6e%74%65%6e%74\/uploads\/2015\/09\/b_1441126423-300x200.jpg","contentUrl":"http:\/\/www.isletasnoticias.com.ar\/%77%70%2d%63%6f%6e%74%65%6e%74\/uploads\/2015\/09\/b_1441126423-300x200.jpg"},{"@type":"BreadcrumbList","@id":"https:\/\/informelitoral.com.ar\/la-presidente-inaugurara-losnuevo-consultorios-externos-del-hospital-de-parana\/#breadcrumb","itemListElement":[{"@type":"ListItem","position":1,"name":"Portada","item":"https:\/\/informelitoral.com.ar\/"},{"@type":"ListItem","position":2,"name":"La presidente inaugurar\u00e1 los consultorios externos del nuevo hospital de Paran\u00e1"}]},{"@type":"WebSite","@id":"https:\/\/informelitoral.com.ar\/#website","url":"https:\/\/informelitoral.com.ar\/","name":"Informe Litoral","description":"&quot;Nos informamos&quot; ","publisher":{"@id":"https:\/\/informelitoral.com.ar\/#organization"},"potentialAction":[{"@type":"SearchAction","target":{"@type":"EntryPoint","urlTemplate":"https:\/\/informelitoral.com.ar\/?s={search_term_string}"},"query-input":{"@type":"PropertyValueSpecification","valueRequired":true,"valueName":"search_term_string"}}],"inLanguage":"es"},{"@type":"Organization","@id":"https:\/\/informelitoral.com.ar\/#organization","name":"Informe Litoral","url":"https:\/\/informelitoral.com.ar\/","logo":{"@type":"ImageObject","inLanguage":"es","@id":"https:\/\/informelitoral.com.ar\/#\/schema\/logo\/image\/","url":"https:\/\/informelitoral.com.ar\/%77%70%2d%63%6f%6e%74%65%6e%74\/uploads\/2021\/01\/circulo.png","contentUrl":"https:\/\/informelitoral.com.ar\/%77%70%2d%63%6f%6e%74%65%6e%74\/uploads\/2021\/01\/circulo.png","width":723,"height":731,"caption":"Informe Litoral"},"image":{"@id":"https:\/\/informelitoral.com.ar\/#\/schema\/logo\/image\/"},"sameAs":["https:\/\/www.facebook.com\/informelitoral\/","https:\/\/x.com\/InformeLitoral","https:\/\/www.instagram.com\/informelitoral\/","https:\/\/www.youtube.com\/channel\/UCua4Qvz8Icb6MYqhoq9xLXw"]},{"@type":"Person","@id":"https:\/\/informelitoral.com.ar\/#\/schema\/person\/b9d00407c836482871ef1d57bf8e3180","name":"Gonzalo Schmidt","image":{"@type":"ImageObject","inLanguage":"es","@id":"https:\/\/secure.gravatar.com\/avatar\/31a1a7b66ff2de83bd0e9fd79d026630d2d99e55e8bfe501287647b4fd9743de?s=96&d=mm&r=g","url":"https:\/\/secure.gravatar.com\/avatar\/31a1a7b66ff2de83bd0e9fd79d026630d2d99e55e8bfe501287647b4fd9743de?s=96&d=mm&r=g","contentUrl":"https:\/\/secure.gravatar.com\/avatar\/31a1a7b66ff2de83bd0e9fd79d026630d2d99e55e8bfe501287647b4fd9743de?s=96&d=mm&r=g","caption":"Gonzalo Schmidt"},"description":"Sitio web de noticias de la provincia de Entre R\u00edos, Argentina. Informaci\u00f3n y entretenimiento. Informe Litoral, nos informamos.","sameAs":["http:\/\/www.isletasnoticias.com.ar"],"url":"https:\/\/informelitoral.com.ar\/author\/gonzalo\/"}]}},"_links":{"self":[{"href":"https:\/\/informelitoral.com.ar\/%77%70%2d%6a%73%6f%6e\/wp\/v2\/posts\/11615","targetHints":{"allow":["GET"]}}],"collection":[{"href":"https:\/\/informelitoral.com.ar\/%77%70%2d%6a%73%6f%6e\/wp\/v2\/posts"}],"about":[{"href":"https:\/\/informelitoral.com.ar\/%77%70%2d%6a%73%6f%6e\/wp\/v2\/types\/post"}],"author":[{"embeddable":true,"href":"https:\/\/informelitoral.com.ar\/%77%70%2d%6a%73%6f%6e\/wp\/v2\/users\/2"}],"replies":[{"embeddable":true,"href":"https:\/\/informelitoral.com.ar\/%77%70%2d%6a%73%6f%6e\/wp\/v2\/comments?post=11615"}],"version-history":[{"count":0,"href":"https:\/\/informelitoral.com.ar\/%77%70%2d%6a%73%6f%6e\/wp\/v2\/posts\/11615\/revisions"}],"wp:attachment":[{"href":"https:\/\/informelitoral.com.ar\/%77%70%2d%6a%73%6f%6e\/wp\/v2\/media?parent=11615"}],"wp:term":[{"taxonomy":"category","embeddable":true,"href":"https:\/\/informelitoral.com.ar\/%77%70%2d%6a%73%6f%6e\/wp\/v2\/categories?post=11615"},{"taxonomy":"post_tag","embeddable":true,"href":"https:\/\/informelitoral.com.ar\/%77%70%2d%6a%73%6f%6e\/wp\/v2\/tags?post=11615"}],"curies":[{"name":"wp","href":"https:\/\/api.w.org\/{rel}","templated":true}]}}