{"id":11604,"date":"2015-08-26T19:53:19","date_gmt":"2015-08-26T22:53:19","guid":{"rendered":"http:\/\/www.isletasnoticias.com.ar\/?p=11604"},"modified":"2015-08-26T19:54:16","modified_gmt":"2015-08-26T22:54:16","slug":"cinco-muertos-tras-un-grave-accidente-en-hernandez","status":"publish","type":"post","link":"https:\/\/informelitoral.com.ar\/cinco-muertos-tras-un-grave-accidente-en-hernandez\/","title":{"rendered":"Hern\u00e1ndez: cinco muertos tras un grave accidente en la ruta 12"},"content":{"rendered":"<p><strong>A cinco kil\u00f3metros del ingreso a la localidad, en la ruta 12, chocaron una ambulancia y una camioneta Ford Ranger. Las personas fallecidas son oriundas de San Benito, entre las cuales hay una nenita de unos dos a\u00f1os. Cuatro personas resultaron heridas.<a href=\"http:\/\/www.isletasnoticias.com.ar\/%77%70%2d%63%6f%6e%74%65%6e%74\/uploads\/2015\/08\/accidente-1.jpg_973718260.jpg\"><img loading=\"lazy\" decoding=\"async\" class=\"aligncenter size-medium wp-image-11605\" src=\"http:\/\/www.isletasnoticias.com.ar\/%77%70%2d%63%6f%6e%74%65%6e%74\/uploads\/2015\/08\/accidente-1.jpg_973718260-300x209.jpg\" alt=\"accidente-1.jpg_973718260\" width=\"300\" height=\"209\" srcset=\"https:\/\/informelitoral.com.ar\/%77%70%2d%63%6f%6e%74%65%6e%74\/uploads\/2015\/08\/accidente-1.jpg_973718260-300x209.jpg 300w, https:\/\/informelitoral.com.ar\/%77%70%2d%63%6f%6e%74%65%6e%74\/uploads\/2015\/08\/accidente-1.jpg_973718260.jpg 789w\" sizes=\"auto, (max-width: 300px) 100vw, 300px\" \/><\/a><\/strong><\/p>\n<p class=\"first\">Una tragedia vial tuvo lugar este mi\u00e9rcoles por la tarde sobre la ruta nacional 12, a cinco kil\u00f3metros del acceso a la localidad de Hern\u00e1ndez, en el Departamento Nogoy\u00e1.<\/p>\n<p>Seg\u00fan se inform\u00f3, por causas que se investigan chocaron una ambulancia y una camioneta Ford Ranger. Como resultado de este accidente hay cinco personas fallecidas oriundas de San Benito, y cuatro heridas.<\/p>\n<p>Fuentes policiales confirmaron que las cinco personas que perdieron la vida iban en la camioneta, junto con una mujer que fue trasladada en grave estado al hospital San Blas de Nogoy\u00e1. En tanto, tres personas que viajaban en ambulancia tambi\u00e9n resultaron heridas y fueron llevadas al mismo nosocomio.<\/p>\n<p>La camioneta circulaba con direcci\u00f3n hacia Hern\u00e1ndez desde la zona de Paran\u00e1. La ambulancia lo hac\u00eda en sentido contrario, desde Gualeguaych\u00fa. No se conocen los motivos por los cuales chocaron frontalmente en un lugar donde no hay l\u00ednea amarilla y la visibilidad era buena.<\/p>\n<p>En principio se cree que la camioneta circulaba a alta velocidad. Ambos veh\u00edculos quedaron en posici\u00f3n hacia Hern\u00e1ndez, cinco kil\u00f3metros antes del acceso a esa localidad, donde hay una estaci\u00f3n de servicios actualmente fuera de servicio.<\/p>\n<p>Entre las personas que perdieron la vida se encuentra una ni\u00f1a de alrededor de dos a\u00f1os de edad.<\/p>\n<p><strong>Las v\u00edctimas<\/strong><\/p>\n<p>La Polic\u00eda inform\u00f3 oficialmente<strong>\u00a0<\/strong>las identidades de algunas de las v\u00edctimas de la tragedia vial:<\/p>\n<p>&#8211; Iburco Bournisend, conductor de la camioneta, domiciliado en San Benito, fallecido.<\/p>\n<p>&#8211; Tres mujeres de las que no se tienen datos filiatorios, fallecidas.<\/p>\n<p>&#8211; Una ni\u00f1a de aproximadamente 2 a\u00f1os de edad, fallecida.<\/p>\n<p>&#8211; Rita Anal\u00eda\u00a0Bournisend,\u00a0viajaba en la camioneta, trasladada en grave estado.<\/p>\n<p>La ambulancia era conducida por Jorge Carlos Vera, acompa\u00f1ado por Fabi\u00e1n Ferrari, Adriana Ferreira\u00a0y un hombre del cual no se tienen los datos, todos en estado grave. <em>(UNO)<\/em><\/p>\n","protected":false},"excerpt":{"rendered":"<p>A cinco kil&oacute;metros del ingreso a la localidad, en la ruta 12, chocaron una ambulancia y una camioneta Ford Ranger. Las personas fallecidas son oriundas de San Benito, entre las cuales hay una nenita de unos dos a&ntilde;os. Cuatro personas resultaron heridas. Una tragedia vial tuvo lugar este mi&eacute;rcoles por la tarde sobre la ruta [&hellip;]<\/p>\n","protected":false},"author":2,"featured_media":0,"comment_status":"open","ping_status":"open","sticky":false,"template":"","format":"standard","meta":{"fifu_image_url":"","fifu_image_alt":"","footnotes":""},"categories":[14],"tags":[],"class_list":{"0":"post-11604","1":"post","2":"type-post","3":"status-publish","4":"format-standard","6":"category-policiales"},"yoast_head":"<title>Hern\u00e1ndez: cinco muertos tras un grave accidente en la ruta 12 - Informe Litoral<\/title>\n<meta name=\"robots\" content=\"index, follow, max-snippet:-1, max-image-preview:large, max-video-preview:-1\" \/>\n<link rel=\"canonical\" href=\"https:\/\/informelitoral.com.ar\/cinco-muertos-tras-un-grave-accidente-en-hernandez\/\" \/>\n<meta property=\"og:locale\" content=\"es_ES\" \/>\n<meta property=\"og:type\" content=\"article\" \/>\n<meta property=\"og:title\" content=\"Hern\u00e1ndez: cinco muertos tras un grave accidente en la ruta 12 - Informe Litoral\" \/>\n<meta property=\"og:description\" content=\"A cinco kil&oacute;metros del ingreso a la localidad, en la ruta 12, chocaron una ambulancia y una camioneta Ford Ranger. Las personas fallecidas son oriundas de San Benito, entre las cuales hay una nenita de unos dos a&ntilde;os. Cuatro personas resultaron heridas. Una tragedia vial tuvo lugar este mi&eacute;rcoles por la tarde sobre la ruta [&hellip;]\" \/>\n<meta property=\"og:url\" content=\"https:\/\/informelitoral.com.ar\/cinco-muertos-tras-un-grave-accidente-en-hernandez\/\" \/>\n<meta property=\"og:site_name\" content=\"Informe Litoral\" \/>\n<meta property=\"article:publisher\" content=\"https:\/\/www.facebook.com\/informelitoral\/\" \/>\n<meta property=\"article:published_time\" content=\"2015-08-26T22:53:19+00:00\" \/>\n<meta property=\"article:modified_time\" content=\"2015-08-26T22:54:16+00:00\" \/>\n<meta property=\"og:image\" content=\"https:\/\/informelitoral.com.ar\/%77%70%2d%63%6f%6e%74%65%6e%74\/uploads\/2015\/08\/accidente-1.jpg_973718260.jpg\" \/>\n\t<meta property=\"og:image:width\" content=\"789\" \/>\n\t<meta property=\"og:image:height\" content=\"550\" \/>\n\t<meta property=\"og:image:type\" content=\"image\/jpeg\" \/>\n<meta name=\"author\" content=\"Gonzalo Schmidt\" \/>\n<meta name=\"twitter:card\" content=\"summary_large_image\" \/>\n<meta name=\"twitter:creator\" content=\"@InformeLitoral\" \/>\n<meta name=\"twitter:site\" content=\"@InformeLitoral\" \/>\n<meta name=\"twitter:label1\" content=\"Escrito por\" \/>\n\t<meta name=\"twitter:data1\" content=\"Gonzalo Schmidt\" \/>\n\t<meta name=\"twitter:label2\" content=\"Tiempo de lectura\" \/>\n\t<meta name=\"twitter:data2\" content=\"2 minutos\" \/>\n<script type=\"application\/ld+json\" class=\"yoast-schema-graph\">{\"@context\":\"https:\\\/\\\/schema.org\",\"@graph\":[{\"@type\":\"Article\",\"@id\":\"https:\\\/\\\/informelitoral.com.ar\\\/cinco-muertos-tras-un-grave-accidente-en-hernandez\\\/#article\",\"isPartOf\":{\"@id\":\"https:\\\/\\\/informelitoral.com.ar\\\/cinco-muertos-tras-un-grave-accidente-en-hernandez\\\/\"},\"author\":{\"name\":\"Gonzalo Schmidt\",\"@id\":\"https:\\\/\\\/informelitoral.com.ar\\\/#\\\/schema\\\/person\\\/b9d00407c836482871ef1d57bf8e3180\"},\"headline\":\"Hern\u00e1ndez: cinco muertos tras un grave accidente en la ruta 12\",\"datePublished\":\"2015-08-26T22:53:19+00:00\",\"dateModified\":\"2015-08-26T22:54:16+00:00\",\"mainEntityOfPage\":{\"@id\":\"https:\\\/\\\/informelitoral.com.ar\\\/cinco-muertos-tras-un-grave-accidente-en-hernandez\\\/\"},\"wordCount\":375,\"commentCount\":0,\"publisher\":{\"@id\":\"https:\\\/\\\/informelitoral.com.ar\\\/#organization\"},\"image\":{\"@id\":\"https:\\\/\\\/informelitoral.com.ar\\\/cinco-muertos-tras-un-grave-accidente-en-hernandez\\\/#primaryimage\"},\"thumbnailUrl\":\"http:\\\/\\\/www.isletasnoticias.com.ar\\\/%77%70%2d%63%6f%6e%74%65%6e%74\\\/uploads\\\/2015\\\/08\\\/accidente-1.jpg_973718260-300x209.jpg\",\"articleSection\":[\"Policiales\"],\"inLanguage\":\"es\",\"potentialAction\":[{\"@type\":\"CommentAction\",\"name\":\"Comment\",\"target\":[\"https:\\\/\\\/informelitoral.com.ar\\\/cinco-muertos-tras-un-grave-accidente-en-hernandez\\\/#respond\"]}]},{\"@type\":\"WebPage\",\"@id\":\"https:\\\/\\\/informelitoral.com.ar\\\/cinco-muertos-tras-un-grave-accidente-en-hernandez\\\/\",\"url\":\"https:\\\/\\\/informelitoral.com.ar\\\/cinco-muertos-tras-un-grave-accidente-en-hernandez\\\/\",\"name\":\"Hern\u00e1ndez: cinco muertos tras un grave accidente en la ruta 12 - Informe Litoral\",\"isPartOf\":{\"@id\":\"https:\\\/\\\/informelitoral.com.ar\\\/#website\"},\"primaryImageOfPage\":{\"@id\":\"https:\\\/\\\/informelitoral.com.ar\\\/cinco-muertos-tras-un-grave-accidente-en-hernandez\\\/#primaryimage\"},\"image\":{\"@id\":\"https:\\\/\\\/informelitoral.com.ar\\\/cinco-muertos-tras-un-grave-accidente-en-hernandez\\\/#primaryimage\"},\"thumbnailUrl\":\"http:\\\/\\\/www.isletasnoticias.com.ar\\\/%77%70%2d%63%6f%6e%74%65%6e%74\\\/uploads\\\/2015\\\/08\\\/accidente-1.jpg_973718260-300x209.jpg\",\"datePublished\":\"2015-08-26T22:53:19+00:00\",\"dateModified\":\"2015-08-26T22:54:16+00:00\",\"breadcrumb\":{\"@id\":\"https:\\\/\\\/informelitoral.com.ar\\\/cinco-muertos-tras-un-grave-accidente-en-hernandez\\\/#breadcrumb\"},\"inLanguage\":\"es\",\"potentialAction\":[{\"@type\":\"ReadAction\",\"target\":[\"https:\\\/\\\/informelitoral.com.ar\\\/cinco-muertos-tras-un-grave-accidente-en-hernandez\\\/\"]}]},{\"@type\":\"ImageObject\",\"inLanguage\":\"es\",\"@id\":\"https:\\\/\\\/informelitoral.com.ar\\\/cinco-muertos-tras-un-grave-accidente-en-hernandez\\\/#primaryimage\",\"url\":\"http:\\\/\\\/www.isletasnoticias.com.ar\\\/%77%70%2d%63%6f%6e%74%65%6e%74\\\/uploads\\\/2015\\\/08\\\/accidente-1.jpg_973718260-300x209.jpg\",\"contentUrl\":\"http:\\\/\\\/www.isletasnoticias.com.ar\\\/%77%70%2d%63%6f%6e%74%65%6e%74\\\/uploads\\\/2015\\\/08\\\/accidente-1.jpg_973718260-300x209.jpg\"},{\"@type\":\"BreadcrumbList\",\"@id\":\"https:\\\/\\\/informelitoral.com.ar\\\/cinco-muertos-tras-un-grave-accidente-en-hernandez\\\/#breadcrumb\",\"itemListElement\":[{\"@type\":\"ListItem\",\"position\":1,\"name\":\"Portada\",\"item\":\"https:\\\/\\\/informelitoral.com.ar\\\/\"},{\"@type\":\"ListItem\",\"position\":2,\"name\":\"Hern\u00e1ndez: cinco muertos tras un grave accidente en la ruta 12\"}]},{\"@type\":\"WebSite\",\"@id\":\"https:\\\/\\\/informelitoral.com.ar\\\/#website\",\"url\":\"https:\\\/\\\/informelitoral.com.ar\\\/\",\"name\":\"Informe Litoral\",\"description\":\"&quot;Nos informamos&quot; \",\"publisher\":{\"@id\":\"https:\\\/\\\/informelitoral.com.ar\\\/#organization\"},\"potentialAction\":[{\"@type\":\"SearchAction\",\"target\":{\"@type\":\"EntryPoint\",\"urlTemplate\":\"https:\\\/\\\/informelitoral.com.ar\\\/?s={search_term_string}\"},\"query-input\":{\"@type\":\"PropertyValueSpecification\",\"valueRequired\":true,\"valueName\":\"search_term_string\"}}],\"inLanguage\":\"es\"},{\"@type\":\"Organization\",\"@id\":\"https:\\\/\\\/informelitoral.com.ar\\\/#organization\",\"name\":\"Informe Litoral\",\"url\":\"https:\\\/\\\/informelitoral.com.ar\\\/\",\"logo\":{\"@type\":\"ImageObject\",\"inLanguage\":\"es\",\"@id\":\"https:\\\/\\\/informelitoral.com.ar\\\/#\\\/schema\\\/logo\\\/image\\\/\",\"url\":\"https:\\\/\\\/informelitoral.com.ar\\\/%77%70%2d%63%6f%6e%74%65%6e%74\\\/uploads\\\/2021\\\/01\\\/circulo.png\",\"contentUrl\":\"https:\\\/\\\/informelitoral.com.ar\\\/%77%70%2d%63%6f%6e%74%65%6e%74\\\/uploads\\\/2021\\\/01\\\/circulo.png\",\"width\":723,\"height\":731,\"caption\":\"Informe Litoral\"},\"image\":{\"@id\":\"https:\\\/\\\/informelitoral.com.ar\\\/#\\\/schema\\\/logo\\\/image\\\/\"},\"sameAs\":[\"https:\\\/\\\/www.facebook.com\\\/informelitoral\\\/\",\"https:\\\/\\\/x.com\\\/InformeLitoral\",\"https:\\\/\\\/www.instagram.com\\\/informelitoral\\\/\",\"https:\\\/\\\/www.youtube.com\\\/channel\\\/UCua4Qvz8Icb6MYqhoq9xLXw\"]},{\"@type\":\"Person\",\"@id\":\"https:\\\/\\\/informelitoral.com.ar\\\/#\\\/schema\\\/person\\\/b9d00407c836482871ef1d57bf8e3180\",\"name\":\"Gonzalo Schmidt\",\"image\":{\"@type\":\"ImageObject\",\"inLanguage\":\"es\",\"@id\":\"https:\\\/\\\/secure.gravatar.com\\\/avatar\\\/31a1a7b66ff2de83bd0e9fd79d026630d2d99e55e8bfe501287647b4fd9743de?s=96&d=mm&r=g\",\"url\":\"https:\\\/\\\/secure.gravatar.com\\\/avatar\\\/31a1a7b66ff2de83bd0e9fd79d026630d2d99e55e8bfe501287647b4fd9743de?s=96&d=mm&r=g\",\"contentUrl\":\"https:\\\/\\\/secure.gravatar.com\\\/avatar\\\/31a1a7b66ff2de83bd0e9fd79d026630d2d99e55e8bfe501287647b4fd9743de?s=96&d=mm&r=g\",\"caption\":\"Gonzalo Schmidt\"},\"description\":\"Sitio web de noticias de la provincia de Entre R\u00edos, Argentina. Informaci\u00f3n y entretenimiento. Informe Litoral, nos informamos.\",\"sameAs\":[\"http:\\\/\\\/www.isletasnoticias.com.ar\"],\"url\":\"https:\\\/\\\/informelitoral.com.ar\\\/author\\\/gonzalo\\\/\"}]}<\/script>","yoast_head_json":{"title":"Hern\u00e1ndez: cinco muertos tras un grave accidente en la ruta 12 - Informe Litoral","robots":{"index":"index","follow":"follow","max-snippet":"max-snippet:-1","max-image-preview":"max-image-preview:large","max-video-preview":"max-video-preview:-1"},"canonical":"https:\/\/informelitoral.com.ar\/cinco-muertos-tras-un-grave-accidente-en-hernandez\/","og_locale":"es_ES","og_type":"article","og_title":"Hern\u00e1ndez: cinco muertos tras un grave accidente en la ruta 12 - Informe Litoral","og_description":"A cinco kil&oacute;metros del ingreso a la localidad, en la ruta 12, chocaron una ambulancia y una camioneta Ford Ranger. Las personas fallecidas son oriundas de San Benito, entre las cuales hay una nenita de unos dos a&ntilde;os. Cuatro personas resultaron heridas. Una tragedia vial tuvo lugar este mi&eacute;rcoles por la tarde sobre la ruta [&hellip;]","og_url":"https:\/\/informelitoral.com.ar\/cinco-muertos-tras-un-grave-accidente-en-hernandez\/","og_site_name":"Informe Litoral","article_publisher":"https:\/\/www.facebook.com\/informelitoral\/","article_published_time":"2015-08-26T22:53:19+00:00","article_modified_time":"2015-08-26T22:54:16+00:00","og_image":[{"width":789,"height":550,"url":"https:\/\/informelitoral.com.ar\/%77%70%2d%63%6f%6e%74%65%6e%74\/uploads\/2015\/08\/accidente-1.jpg_973718260.jpg","type":"image\/jpeg"}],"author":"Gonzalo Schmidt","twitter_card":"summary_large_image","twitter_creator":"@InformeLitoral","twitter_site":"@InformeLitoral","twitter_misc":{"Escrito por":"Gonzalo Schmidt","Tiempo de lectura":"2 minutos"},"schema":{"@context":"https:\/\/schema.org","@graph":[{"@type":"Article","@id":"https:\/\/informelitoral.com.ar\/cinco-muertos-tras-un-grave-accidente-en-hernandez\/#article","isPartOf":{"@id":"https:\/\/informelitoral.com.ar\/cinco-muertos-tras-un-grave-accidente-en-hernandez\/"},"author":{"name":"Gonzalo Schmidt","@id":"https:\/\/informelitoral.com.ar\/#\/schema\/person\/b9d00407c836482871ef1d57bf8e3180"},"headline":"Hern\u00e1ndez: cinco muertos tras un grave accidente en la ruta 12","datePublished":"2015-08-26T22:53:19+00:00","dateModified":"2015-08-26T22:54:16+00:00","mainEntityOfPage":{"@id":"https:\/\/informelitoral.com.ar\/cinco-muertos-tras-un-grave-accidente-en-hernandez\/"},"wordCount":375,"commentCount":0,"publisher":{"@id":"https:\/\/informelitoral.com.ar\/#organization"},"image":{"@id":"https:\/\/informelitoral.com.ar\/cinco-muertos-tras-un-grave-accidente-en-hernandez\/#primaryimage"},"thumbnailUrl":"http:\/\/www.isletasnoticias.com.ar\/%77%70%2d%63%6f%6e%74%65%6e%74\/uploads\/2015\/08\/accidente-1.jpg_973718260-300x209.jpg","articleSection":["Policiales"],"inLanguage":"es","potentialAction":[{"@type":"CommentAction","name":"Comment","target":["https:\/\/informelitoral.com.ar\/cinco-muertos-tras-un-grave-accidente-en-hernandez\/#respond"]}]},{"@type":"WebPage","@id":"https:\/\/informelitoral.com.ar\/cinco-muertos-tras-un-grave-accidente-en-hernandez\/","url":"https:\/\/informelitoral.com.ar\/cinco-muertos-tras-un-grave-accidente-en-hernandez\/","name":"Hern\u00e1ndez: cinco muertos tras un grave accidente en la ruta 12 - Informe Litoral","isPartOf":{"@id":"https:\/\/informelitoral.com.ar\/#website"},"primaryImageOfPage":{"@id":"https:\/\/informelitoral.com.ar\/cinco-muertos-tras-un-grave-accidente-en-hernandez\/#primaryimage"},"image":{"@id":"https:\/\/informelitoral.com.ar\/cinco-muertos-tras-un-grave-accidente-en-hernandez\/#primaryimage"},"thumbnailUrl":"http:\/\/www.isletasnoticias.com.ar\/%77%70%2d%63%6f%6e%74%65%6e%74\/uploads\/2015\/08\/accidente-1.jpg_973718260-300x209.jpg","datePublished":"2015-08-26T22:53:19+00:00","dateModified":"2015-08-26T22:54:16+00:00","breadcrumb":{"@id":"https:\/\/informelitoral.com.ar\/cinco-muertos-tras-un-grave-accidente-en-hernandez\/#breadcrumb"},"inLanguage":"es","potentialAction":[{"@type":"ReadAction","target":["https:\/\/informelitoral.com.ar\/cinco-muertos-tras-un-grave-accidente-en-hernandez\/"]}]},{"@type":"ImageObject","inLanguage":"es","@id":"https:\/\/informelitoral.com.ar\/cinco-muertos-tras-un-grave-accidente-en-hernandez\/#primaryimage","url":"http:\/\/www.isletasnoticias.com.ar\/%77%70%2d%63%6f%6e%74%65%6e%74\/uploads\/2015\/08\/accidente-1.jpg_973718260-300x209.jpg","contentUrl":"http:\/\/www.isletasnoticias.com.ar\/%77%70%2d%63%6f%6e%74%65%6e%74\/uploads\/2015\/08\/accidente-1.jpg_973718260-300x209.jpg"},{"@type":"BreadcrumbList","@id":"https:\/\/informelitoral.com.ar\/cinco-muertos-tras-un-grave-accidente-en-hernandez\/#breadcrumb","itemListElement":[{"@type":"ListItem","position":1,"name":"Portada","item":"https:\/\/informelitoral.com.ar\/"},{"@type":"ListItem","position":2,"name":"Hern\u00e1ndez: cinco muertos tras un grave accidente en la ruta 12"}]},{"@type":"WebSite","@id":"https:\/\/informelitoral.com.ar\/#website","url":"https:\/\/informelitoral.com.ar\/","name":"Informe Litoral","description":"&quot;Nos informamos&quot; ","publisher":{"@id":"https:\/\/informelitoral.com.ar\/#organization"},"potentialAction":[{"@type":"SearchAction","target":{"@type":"EntryPoint","urlTemplate":"https:\/\/informelitoral.com.ar\/?s={search_term_string}"},"query-input":{"@type":"PropertyValueSpecification","valueRequired":true,"valueName":"search_term_string"}}],"inLanguage":"es"},{"@type":"Organization","@id":"https:\/\/informelitoral.com.ar\/#organization","name":"Informe Litoral","url":"https:\/\/informelitoral.com.ar\/","logo":{"@type":"ImageObject","inLanguage":"es","@id":"https:\/\/informelitoral.com.ar\/#\/schema\/logo\/image\/","url":"https:\/\/informelitoral.com.ar\/%77%70%2d%63%6f%6e%74%65%6e%74\/uploads\/2021\/01\/circulo.png","contentUrl":"https:\/\/informelitoral.com.ar\/%77%70%2d%63%6f%6e%74%65%6e%74\/uploads\/2021\/01\/circulo.png","width":723,"height":731,"caption":"Informe Litoral"},"image":{"@id":"https:\/\/informelitoral.com.ar\/#\/schema\/logo\/image\/"},"sameAs":["https:\/\/www.facebook.com\/informelitoral\/","https:\/\/x.com\/InformeLitoral","https:\/\/www.instagram.com\/informelitoral\/","https:\/\/www.youtube.com\/channel\/UCua4Qvz8Icb6MYqhoq9xLXw"]},{"@type":"Person","@id":"https:\/\/informelitoral.com.ar\/#\/schema\/person\/b9d00407c836482871ef1d57bf8e3180","name":"Gonzalo Schmidt","image":{"@type":"ImageObject","inLanguage":"es","@id":"https:\/\/secure.gravatar.com\/avatar\/31a1a7b66ff2de83bd0e9fd79d026630d2d99e55e8bfe501287647b4fd9743de?s=96&d=mm&r=g","url":"https:\/\/secure.gravatar.com\/avatar\/31a1a7b66ff2de83bd0e9fd79d026630d2d99e55e8bfe501287647b4fd9743de?s=96&d=mm&r=g","contentUrl":"https:\/\/secure.gravatar.com\/avatar\/31a1a7b66ff2de83bd0e9fd79d026630d2d99e55e8bfe501287647b4fd9743de?s=96&d=mm&r=g","caption":"Gonzalo Schmidt"},"description":"Sitio web de noticias de la provincia de Entre R\u00edos, Argentina. Informaci\u00f3n y entretenimiento. Informe Litoral, nos informamos.","sameAs":["http:\/\/www.isletasnoticias.com.ar"],"url":"https:\/\/informelitoral.com.ar\/author\/gonzalo\/"}]}},"_links":{"self":[{"href":"https:\/\/informelitoral.com.ar\/%77%70%2d%6a%73%6f%6e\/wp\/v2\/posts\/11604","targetHints":{"allow":["GET"]}}],"collection":[{"href":"https:\/\/informelitoral.com.ar\/%77%70%2d%6a%73%6f%6e\/wp\/v2\/posts"}],"about":[{"href":"https:\/\/informelitoral.com.ar\/%77%70%2d%6a%73%6f%6e\/wp\/v2\/types\/post"}],"author":[{"embeddable":true,"href":"https:\/\/informelitoral.com.ar\/%77%70%2d%6a%73%6f%6e\/wp\/v2\/users\/2"}],"replies":[{"embeddable":true,"href":"https:\/\/informelitoral.com.ar\/%77%70%2d%6a%73%6f%6e\/wp\/v2\/comments?post=11604"}],"version-history":[{"count":0,"href":"https:\/\/informelitoral.com.ar\/%77%70%2d%6a%73%6f%6e\/wp\/v2\/posts\/11604\/revisions"}],"wp:attachment":[{"href":"https:\/\/informelitoral.com.ar\/%77%70%2d%6a%73%6f%6e\/wp\/v2\/media?parent=11604"}],"wp:term":[{"taxonomy":"category","embeddable":true,"href":"https:\/\/informelitoral.com.ar\/%77%70%2d%6a%73%6f%6e\/wp\/v2\/categories?post=11604"},{"taxonomy":"post_tag","embeddable":true,"href":"https:\/\/informelitoral.com.ar\/%77%70%2d%6a%73%6f%6e\/wp\/v2\/tags?post=11604"}],"curies":[{"name":"wp","href":"https:\/\/api.w.org\/{rel}","templated":true}]}}