{"id":11578,"date":"2015-08-19T14:16:13","date_gmt":"2015-08-19T17:16:13","guid":{"rendered":"http:\/\/www.isletasnoticias.com.ar\/?p=11578"},"modified":"2015-08-19T14:16:13","modified_gmt":"2015-08-19T17:16:13","slug":"diamante-ultiman-detalles-para-los-20-anos-del-motoencuntro","status":"publish","type":"post","link":"https:\/\/informelitoral.com.ar\/diamante-ultiman-detalles-para-los-20-anos-del-motoencuntro\/","title":{"rendered":"Diamante: ultiman detalles para los 20 a\u00f1os del Motoencuntro"},"content":{"rendered":"<p><strong>La intendente de Diamante,<em> Claudia Gieco,<\/em> se reuni\u00f3 este viernes por la ma\u00f1ana para ultimar detalles de log\u00edstica y seguridad del pr\u00f3ximo Motoencuentro Internacional, que ser\u00e1 del 9 al 13 de septiembre. Asimismo los organizadores anunciaron las bandas que completan la grilla art\u00edstica del evento y las presentaciones que se har\u00e1n en Buenos Aires, Paran\u00e1 y Gualeguaychu, la pr\u00f3xima semana.<a href=\"http:\/\/www.isletasnoticias.com.ar\/%77%70%2d%63%6f%6e%74%65%6e%74\/uploads\/2015\/08\/1547_1.jpg\"><img loading=\"lazy\" decoding=\"async\" class=\"aligncenter size-medium wp-image-11579\" src=\"http:\/\/www.isletasnoticias.com.ar\/%77%70%2d%63%6f%6e%74%65%6e%74\/uploads\/2015\/08\/1547_1-300x202.jpg\" alt=\"1547_1\" width=\"300\" height=\"202\" srcset=\"https:\/\/informelitoral.com.ar\/%77%70%2d%63%6f%6e%74%65%6e%74\/uploads\/2015\/08\/1547_1-300x202.jpg 300w, https:\/\/informelitoral.com.ar\/%77%70%2d%63%6f%6e%74%65%6e%74\/uploads\/2015\/08\/1547_1.jpg 800w\" sizes=\"auto, (max-width: 300px) 100vw, 300px\" \/><\/a><\/strong>La comuna vino manteniendo reuniones, durante este \u00faltimo periodo con el firme prop\u00f3sito de aunar criterios para lograr un \u00f3ptimo desarrollo del evento. En la reuni\u00f3n del martes pasado, se trat\u00f3 el impacto que tiene el evento en la ciudad, teniendo en cuenta aspectos comerciales, de tr\u00e1nsito, de seguridad, entre otros. En tanto, el d\u00eda viernes, se tuvieron en cuenta los aspectos inherentes al predio donde se realiza el evento. En cada una de las reuniones participaron funcionarios de las distintas \u00e1reas municipales, fuerzas de seguridad e instituciones intermedias.<\/p>\n<p><strong>Presentaciones a la prensa<\/strong><br \/>\nEl Motoencuentro Internacional Diamante se presentar\u00e1 a la prensa de la capital provincial el martes 25 de agosto, en la sede del Ministerio de Turismo (Laprida 5). En tanto, el mi\u00e9rcoles 26 la presentaci\u00f3n ser\u00e1 para los medios especializados de la Ciudad Aut\u00f3noma, en la Casa de Entre R\u00edos, Suipacha 844. El jueves 27 se presentar\u00e1 en Gualeguaychu y el martes 1\u00aa de septiembre ser\u00e1 la presentaci\u00f3n local, abierta a toda la comunidad, en la Oficina de Turismo de Diamante.<\/p>\n<p><strong>Grilla art\u00edstica<\/strong><br \/>\n<span style=\"text-decoration: underline;\">Jueves 10<\/span><br \/>\nFal 82<br \/>\n\u00daltimo Trago<br \/>\nDissident<br \/>\nSignum<br \/>\nMedieval<br \/>\nProyecto \u201cX\u201d<\/p>\n<p><span style=\"text-decoration: underline;\">Viernes 11<\/span><br \/>\nMiseria espantosa<br \/>\n40\u00ba a la sombra<br \/>\nLa fragua<br \/>\n12 monos<br \/>\nMonos en bolas<br \/>\nHORCAS<\/p>\n<p><span style=\"text-decoration: underline;\">S\u00e1bado 12<\/span><br \/>\nLa mano sigue<br \/>\nJack<br \/>\nBlanca oscuridad<br \/>\nJASON<br \/>\nLAS PASTILLAS DEL ABUELO<\/p>\n","protected":false},"excerpt":{"rendered":"<p>La intendente de Diamante, Claudia Gieco, se reuni&oacute; este viernes por la ma&ntilde;ana para ultimar detalles de log&iacute;stica y seguridad del pr&oacute;ximo Motoencuentro Internacional, que ser&aacute; del 9 al 13 de septiembre. Asimismo los organizadores anunciaron las bandas que completan la grilla art&iacute;stica del evento y las presentaciones que se har&aacute;n en Buenos Aires, Paran&aacute; [&hellip;]<\/p>\n","protected":false},"author":2,"featured_media":0,"comment_status":"open","ping_status":"open","sticky":false,"template":"","format":"standard","meta":{"fifu_image_url":"","fifu_image_alt":"","footnotes":""},"categories":[5],"tags":[],"class_list":{"0":"post-11578","1":"post","2":"type-post","3":"status-publish","4":"format-standard","6":"category-zonales"},"yoast_head":"<title>Diamante: ultiman detalles para los 20 a\u00f1os del Motoencuntro - Informe Litoral<\/title>\n<meta name=\"robots\" content=\"index, follow, max-snippet:-1, max-image-preview:large, max-video-preview:-1\" \/>\n<link rel=\"canonical\" href=\"https:\/\/informelitoral.com.ar\/diamante-ultiman-detalles-para-los-20-anos-del-motoencuntro\/\" \/>\n<meta property=\"og:locale\" content=\"es_ES\" \/>\n<meta property=\"og:type\" content=\"article\" \/>\n<meta property=\"og:title\" content=\"Diamante: ultiman detalles para los 20 a\u00f1os del Motoencuntro - Informe Litoral\" \/>\n<meta property=\"og:description\" content=\"La intendente de Diamante, Claudia Gieco, se reuni&oacute; este viernes por la ma&ntilde;ana para ultimar detalles de log&iacute;stica y seguridad del pr&oacute;ximo Motoencuentro Internacional, que ser&aacute; del 9 al 13 de septiembre. Asimismo los organizadores anunciaron las bandas que completan la grilla art&iacute;stica del evento y las presentaciones que se har&aacute;n en Buenos Aires, Paran&aacute; [&hellip;]\" \/>\n<meta property=\"og:url\" content=\"https:\/\/informelitoral.com.ar\/diamante-ultiman-detalles-para-los-20-anos-del-motoencuntro\/\" \/>\n<meta property=\"og:site_name\" content=\"Informe Litoral\" \/>\n<meta property=\"article:publisher\" content=\"https:\/\/www.facebook.com\/informelitoral\/\" \/>\n<meta property=\"article:published_time\" content=\"2015-08-19T17:16:13+00:00\" \/>\n<meta property=\"og:image\" content=\"https:\/\/informelitoral.com.ar\/%77%70%2d%63%6f%6e%74%65%6e%74\/uploads\/2015\/08\/1547_1.jpg\" \/>\n\t<meta property=\"og:image:width\" content=\"800\" \/>\n\t<meta property=\"og:image:height\" content=\"538\" \/>\n\t<meta property=\"og:image:type\" content=\"image\/jpeg\" \/>\n<meta name=\"author\" content=\"Gonzalo Schmidt\" \/>\n<meta name=\"twitter:card\" content=\"summary_large_image\" \/>\n<meta name=\"twitter:creator\" content=\"@InformeLitoral\" \/>\n<meta name=\"twitter:site\" content=\"@InformeLitoral\" \/>\n<meta name=\"twitter:label1\" content=\"Escrito por\" \/>\n\t<meta name=\"twitter:data1\" content=\"Gonzalo Schmidt\" \/>\n\t<meta name=\"twitter:label2\" content=\"Tiempo de lectura\" \/>\n\t<meta name=\"twitter:data2\" content=\"1 minuto\" \/>\n<script type=\"application\/ld+json\" class=\"yoast-schema-graph\">{\"@context\":\"https:\\\/\\\/schema.org\",\"@graph\":[{\"@type\":\"Article\",\"@id\":\"https:\\\/\\\/informelitoral.com.ar\\\/diamante-ultiman-detalles-para-los-20-anos-del-motoencuntro\\\/#article\",\"isPartOf\":{\"@id\":\"https:\\\/\\\/informelitoral.com.ar\\\/diamante-ultiman-detalles-para-los-20-anos-del-motoencuntro\\\/\"},\"author\":{\"name\":\"Gonzalo Schmidt\",\"@id\":\"https:\\\/\\\/informelitoral.com.ar\\\/#\\\/schema\\\/person\\\/b9d00407c836482871ef1d57bf8e3180\"},\"headline\":\"Diamante: ultiman detalles para los 20 a\u00f1os del Motoencuntro\",\"datePublished\":\"2015-08-19T17:16:13+00:00\",\"mainEntityOfPage\":{\"@id\":\"https:\\\/\\\/informelitoral.com.ar\\\/diamante-ultiman-detalles-para-los-20-anos-del-motoencuntro\\\/\"},\"wordCount\":287,\"commentCount\":0,\"publisher\":{\"@id\":\"https:\\\/\\\/informelitoral.com.ar\\\/#organization\"},\"image\":{\"@id\":\"https:\\\/\\\/informelitoral.com.ar\\\/diamante-ultiman-detalles-para-los-20-anos-del-motoencuntro\\\/#primaryimage\"},\"thumbnailUrl\":\"http:\\\/\\\/www.isletasnoticias.com.ar\\\/%77%70%2d%63%6f%6e%74%65%6e%74\\\/uploads\\\/2015\\\/08\\\/1547_1-300x202.jpg\",\"articleSection\":[\"Departamento Diamante\"],\"inLanguage\":\"es\",\"potentialAction\":[{\"@type\":\"CommentAction\",\"name\":\"Comment\",\"target\":[\"https:\\\/\\\/informelitoral.com.ar\\\/diamante-ultiman-detalles-para-los-20-anos-del-motoencuntro\\\/#respond\"]}]},{\"@type\":\"WebPage\",\"@id\":\"https:\\\/\\\/informelitoral.com.ar\\\/diamante-ultiman-detalles-para-los-20-anos-del-motoencuntro\\\/\",\"url\":\"https:\\\/\\\/informelitoral.com.ar\\\/diamante-ultiman-detalles-para-los-20-anos-del-motoencuntro\\\/\",\"name\":\"Diamante: ultiman detalles para los 20 a\u00f1os del Motoencuntro - Informe Litoral\",\"isPartOf\":{\"@id\":\"https:\\\/\\\/informelitoral.com.ar\\\/#website\"},\"primaryImageOfPage\":{\"@id\":\"https:\\\/\\\/informelitoral.com.ar\\\/diamante-ultiman-detalles-para-los-20-anos-del-motoencuntro\\\/#primaryimage\"},\"image\":{\"@id\":\"https:\\\/\\\/informelitoral.com.ar\\\/diamante-ultiman-detalles-para-los-20-anos-del-motoencuntro\\\/#primaryimage\"},\"thumbnailUrl\":\"http:\\\/\\\/www.isletasnoticias.com.ar\\\/%77%70%2d%63%6f%6e%74%65%6e%74\\\/uploads\\\/2015\\\/08\\\/1547_1-300x202.jpg\",\"datePublished\":\"2015-08-19T17:16:13+00:00\",\"breadcrumb\":{\"@id\":\"https:\\\/\\\/informelitoral.com.ar\\\/diamante-ultiman-detalles-para-los-20-anos-del-motoencuntro\\\/#breadcrumb\"},\"inLanguage\":\"es\",\"potentialAction\":[{\"@type\":\"ReadAction\",\"target\":[\"https:\\\/\\\/informelitoral.com.ar\\\/diamante-ultiman-detalles-para-los-20-anos-del-motoencuntro\\\/\"]}]},{\"@type\":\"ImageObject\",\"inLanguage\":\"es\",\"@id\":\"https:\\\/\\\/informelitoral.com.ar\\\/diamante-ultiman-detalles-para-los-20-anos-del-motoencuntro\\\/#primaryimage\",\"url\":\"http:\\\/\\\/www.isletasnoticias.com.ar\\\/%77%70%2d%63%6f%6e%74%65%6e%74\\\/uploads\\\/2015\\\/08\\\/1547_1-300x202.jpg\",\"contentUrl\":\"http:\\\/\\\/www.isletasnoticias.com.ar\\\/%77%70%2d%63%6f%6e%74%65%6e%74\\\/uploads\\\/2015\\\/08\\\/1547_1-300x202.jpg\"},{\"@type\":\"BreadcrumbList\",\"@id\":\"https:\\\/\\\/informelitoral.com.ar\\\/diamante-ultiman-detalles-para-los-20-anos-del-motoencuntro\\\/#breadcrumb\",\"itemListElement\":[{\"@type\":\"ListItem\",\"position\":1,\"name\":\"Portada\",\"item\":\"https:\\\/\\\/informelitoral.com.ar\\\/\"},{\"@type\":\"ListItem\",\"position\":2,\"name\":\"Diamante: ultiman detalles para los 20 a\u00f1os del Motoencuntro\"}]},{\"@type\":\"WebSite\",\"@id\":\"https:\\\/\\\/informelitoral.com.ar\\\/#website\",\"url\":\"https:\\\/\\\/informelitoral.com.ar\\\/\",\"name\":\"Informe Litoral\",\"description\":\"&quot;Nos informamos&quot; \",\"publisher\":{\"@id\":\"https:\\\/\\\/informelitoral.com.ar\\\/#organization\"},\"potentialAction\":[{\"@type\":\"SearchAction\",\"target\":{\"@type\":\"EntryPoint\",\"urlTemplate\":\"https:\\\/\\\/informelitoral.com.ar\\\/?s={search_term_string}\"},\"query-input\":{\"@type\":\"PropertyValueSpecification\",\"valueRequired\":true,\"valueName\":\"search_term_string\"}}],\"inLanguage\":\"es\"},{\"@type\":\"Organization\",\"@id\":\"https:\\\/\\\/informelitoral.com.ar\\\/#organization\",\"name\":\"Informe Litoral\",\"url\":\"https:\\\/\\\/informelitoral.com.ar\\\/\",\"logo\":{\"@type\":\"ImageObject\",\"inLanguage\":\"es\",\"@id\":\"https:\\\/\\\/informelitoral.com.ar\\\/#\\\/schema\\\/logo\\\/image\\\/\",\"url\":\"https:\\\/\\\/informelitoral.com.ar\\\/%77%70%2d%63%6f%6e%74%65%6e%74\\\/uploads\\\/2021\\\/01\\\/circulo.png\",\"contentUrl\":\"https:\\\/\\\/informelitoral.com.ar\\\/%77%70%2d%63%6f%6e%74%65%6e%74\\\/uploads\\\/2021\\\/01\\\/circulo.png\",\"width\":723,\"height\":731,\"caption\":\"Informe Litoral\"},\"image\":{\"@id\":\"https:\\\/\\\/informelitoral.com.ar\\\/#\\\/schema\\\/logo\\\/image\\\/\"},\"sameAs\":[\"https:\\\/\\\/www.facebook.com\\\/informelitoral\\\/\",\"https:\\\/\\\/x.com\\\/InformeLitoral\",\"https:\\\/\\\/www.instagram.com\\\/informelitoral\\\/\",\"https:\\\/\\\/www.youtube.com\\\/channel\\\/UCua4Qvz8Icb6MYqhoq9xLXw\"]},{\"@type\":\"Person\",\"@id\":\"https:\\\/\\\/informelitoral.com.ar\\\/#\\\/schema\\\/person\\\/b9d00407c836482871ef1d57bf8e3180\",\"name\":\"Gonzalo Schmidt\",\"image\":{\"@type\":\"ImageObject\",\"inLanguage\":\"es\",\"@id\":\"https:\\\/\\\/secure.gravatar.com\\\/avatar\\\/31a1a7b66ff2de83bd0e9fd79d026630d2d99e55e8bfe501287647b4fd9743de?s=96&d=mm&r=g\",\"url\":\"https:\\\/\\\/secure.gravatar.com\\\/avatar\\\/31a1a7b66ff2de83bd0e9fd79d026630d2d99e55e8bfe501287647b4fd9743de?s=96&d=mm&r=g\",\"contentUrl\":\"https:\\\/\\\/secure.gravatar.com\\\/avatar\\\/31a1a7b66ff2de83bd0e9fd79d026630d2d99e55e8bfe501287647b4fd9743de?s=96&d=mm&r=g\",\"caption\":\"Gonzalo Schmidt\"},\"description\":\"Sitio web de noticias de la provincia de Entre R\u00edos, Argentina. Informaci\u00f3n y entretenimiento. Informe Litoral, nos informamos.\",\"sameAs\":[\"http:\\\/\\\/www.isletasnoticias.com.ar\"],\"url\":\"https:\\\/\\\/informelitoral.com.ar\\\/author\\\/gonzalo\\\/\"}]}<\/script>","yoast_head_json":{"title":"Diamante: ultiman detalles para los 20 a\u00f1os del Motoencuntro - Informe Litoral","robots":{"index":"index","follow":"follow","max-snippet":"max-snippet:-1","max-image-preview":"max-image-preview:large","max-video-preview":"max-video-preview:-1"},"canonical":"https:\/\/informelitoral.com.ar\/diamante-ultiman-detalles-para-los-20-anos-del-motoencuntro\/","og_locale":"es_ES","og_type":"article","og_title":"Diamante: ultiman detalles para los 20 a\u00f1os del Motoencuntro - Informe Litoral","og_description":"La intendente de Diamante, Claudia Gieco, se reuni&oacute; este viernes por la ma&ntilde;ana para ultimar detalles de log&iacute;stica y seguridad del pr&oacute;ximo Motoencuentro Internacional, que ser&aacute; del 9 al 13 de septiembre. Asimismo los organizadores anunciaron las bandas que completan la grilla art&iacute;stica del evento y las presentaciones que se har&aacute;n en Buenos Aires, Paran&aacute; [&hellip;]","og_url":"https:\/\/informelitoral.com.ar\/diamante-ultiman-detalles-para-los-20-anos-del-motoencuntro\/","og_site_name":"Informe Litoral","article_publisher":"https:\/\/www.facebook.com\/informelitoral\/","article_published_time":"2015-08-19T17:16:13+00:00","og_image":[{"width":800,"height":538,"url":"https:\/\/informelitoral.com.ar\/%77%70%2d%63%6f%6e%74%65%6e%74\/uploads\/2015\/08\/1547_1.jpg","type":"image\/jpeg"}],"author":"Gonzalo Schmidt","twitter_card":"summary_large_image","twitter_creator":"@InformeLitoral","twitter_site":"@InformeLitoral","twitter_misc":{"Escrito por":"Gonzalo Schmidt","Tiempo de lectura":"1 minuto"},"schema":{"@context":"https:\/\/schema.org","@graph":[{"@type":"Article","@id":"https:\/\/informelitoral.com.ar\/diamante-ultiman-detalles-para-los-20-anos-del-motoencuntro\/#article","isPartOf":{"@id":"https:\/\/informelitoral.com.ar\/diamante-ultiman-detalles-para-los-20-anos-del-motoencuntro\/"},"author":{"name":"Gonzalo Schmidt","@id":"https:\/\/informelitoral.com.ar\/#\/schema\/person\/b9d00407c836482871ef1d57bf8e3180"},"headline":"Diamante: ultiman detalles para los 20 a\u00f1os del Motoencuntro","datePublished":"2015-08-19T17:16:13+00:00","mainEntityOfPage":{"@id":"https:\/\/informelitoral.com.ar\/diamante-ultiman-detalles-para-los-20-anos-del-motoencuntro\/"},"wordCount":287,"commentCount":0,"publisher":{"@id":"https:\/\/informelitoral.com.ar\/#organization"},"image":{"@id":"https:\/\/informelitoral.com.ar\/diamante-ultiman-detalles-para-los-20-anos-del-motoencuntro\/#primaryimage"},"thumbnailUrl":"http:\/\/www.isletasnoticias.com.ar\/%77%70%2d%63%6f%6e%74%65%6e%74\/uploads\/2015\/08\/1547_1-300x202.jpg","articleSection":["Departamento Diamante"],"inLanguage":"es","potentialAction":[{"@type":"CommentAction","name":"Comment","target":["https:\/\/informelitoral.com.ar\/diamante-ultiman-detalles-para-los-20-anos-del-motoencuntro\/#respond"]}]},{"@type":"WebPage","@id":"https:\/\/informelitoral.com.ar\/diamante-ultiman-detalles-para-los-20-anos-del-motoencuntro\/","url":"https:\/\/informelitoral.com.ar\/diamante-ultiman-detalles-para-los-20-anos-del-motoencuntro\/","name":"Diamante: ultiman detalles para los 20 a\u00f1os del Motoencuntro - Informe Litoral","isPartOf":{"@id":"https:\/\/informelitoral.com.ar\/#website"},"primaryImageOfPage":{"@id":"https:\/\/informelitoral.com.ar\/diamante-ultiman-detalles-para-los-20-anos-del-motoencuntro\/#primaryimage"},"image":{"@id":"https:\/\/informelitoral.com.ar\/diamante-ultiman-detalles-para-los-20-anos-del-motoencuntro\/#primaryimage"},"thumbnailUrl":"http:\/\/www.isletasnoticias.com.ar\/%77%70%2d%63%6f%6e%74%65%6e%74\/uploads\/2015\/08\/1547_1-300x202.jpg","datePublished":"2015-08-19T17:16:13+00:00","breadcrumb":{"@id":"https:\/\/informelitoral.com.ar\/diamante-ultiman-detalles-para-los-20-anos-del-motoencuntro\/#breadcrumb"},"inLanguage":"es","potentialAction":[{"@type":"ReadAction","target":["https:\/\/informelitoral.com.ar\/diamante-ultiman-detalles-para-los-20-anos-del-motoencuntro\/"]}]},{"@type":"ImageObject","inLanguage":"es","@id":"https:\/\/informelitoral.com.ar\/diamante-ultiman-detalles-para-los-20-anos-del-motoencuntro\/#primaryimage","url":"http:\/\/www.isletasnoticias.com.ar\/%77%70%2d%63%6f%6e%74%65%6e%74\/uploads\/2015\/08\/1547_1-300x202.jpg","contentUrl":"http:\/\/www.isletasnoticias.com.ar\/%77%70%2d%63%6f%6e%74%65%6e%74\/uploads\/2015\/08\/1547_1-300x202.jpg"},{"@type":"BreadcrumbList","@id":"https:\/\/informelitoral.com.ar\/diamante-ultiman-detalles-para-los-20-anos-del-motoencuntro\/#breadcrumb","itemListElement":[{"@type":"ListItem","position":1,"name":"Portada","item":"https:\/\/informelitoral.com.ar\/"},{"@type":"ListItem","position":2,"name":"Diamante: ultiman detalles para los 20 a\u00f1os del Motoencuntro"}]},{"@type":"WebSite","@id":"https:\/\/informelitoral.com.ar\/#website","url":"https:\/\/informelitoral.com.ar\/","name":"Informe Litoral","description":"&quot;Nos informamos&quot; ","publisher":{"@id":"https:\/\/informelitoral.com.ar\/#organization"},"potentialAction":[{"@type":"SearchAction","target":{"@type":"EntryPoint","urlTemplate":"https:\/\/informelitoral.com.ar\/?s={search_term_string}"},"query-input":{"@type":"PropertyValueSpecification","valueRequired":true,"valueName":"search_term_string"}}],"inLanguage":"es"},{"@type":"Organization","@id":"https:\/\/informelitoral.com.ar\/#organization","name":"Informe Litoral","url":"https:\/\/informelitoral.com.ar\/","logo":{"@type":"ImageObject","inLanguage":"es","@id":"https:\/\/informelitoral.com.ar\/#\/schema\/logo\/image\/","url":"https:\/\/informelitoral.com.ar\/%77%70%2d%63%6f%6e%74%65%6e%74\/uploads\/2021\/01\/circulo.png","contentUrl":"https:\/\/informelitoral.com.ar\/%77%70%2d%63%6f%6e%74%65%6e%74\/uploads\/2021\/01\/circulo.png","width":723,"height":731,"caption":"Informe Litoral"},"image":{"@id":"https:\/\/informelitoral.com.ar\/#\/schema\/logo\/image\/"},"sameAs":["https:\/\/www.facebook.com\/informelitoral\/","https:\/\/x.com\/InformeLitoral","https:\/\/www.instagram.com\/informelitoral\/","https:\/\/www.youtube.com\/channel\/UCua4Qvz8Icb6MYqhoq9xLXw"]},{"@type":"Person","@id":"https:\/\/informelitoral.com.ar\/#\/schema\/person\/b9d00407c836482871ef1d57bf8e3180","name":"Gonzalo Schmidt","image":{"@type":"ImageObject","inLanguage":"es","@id":"https:\/\/secure.gravatar.com\/avatar\/31a1a7b66ff2de83bd0e9fd79d026630d2d99e55e8bfe501287647b4fd9743de?s=96&d=mm&r=g","url":"https:\/\/secure.gravatar.com\/avatar\/31a1a7b66ff2de83bd0e9fd79d026630d2d99e55e8bfe501287647b4fd9743de?s=96&d=mm&r=g","contentUrl":"https:\/\/secure.gravatar.com\/avatar\/31a1a7b66ff2de83bd0e9fd79d026630d2d99e55e8bfe501287647b4fd9743de?s=96&d=mm&r=g","caption":"Gonzalo Schmidt"},"description":"Sitio web de noticias de la provincia de Entre R\u00edos, Argentina. Informaci\u00f3n y entretenimiento. Informe Litoral, nos informamos.","sameAs":["http:\/\/www.isletasnoticias.com.ar"],"url":"https:\/\/informelitoral.com.ar\/author\/gonzalo\/"}]}},"_links":{"self":[{"href":"https:\/\/informelitoral.com.ar\/%77%70%2d%6a%73%6f%6e\/wp\/v2\/posts\/11578","targetHints":{"allow":["GET"]}}],"collection":[{"href":"https:\/\/informelitoral.com.ar\/%77%70%2d%6a%73%6f%6e\/wp\/v2\/posts"}],"about":[{"href":"https:\/\/informelitoral.com.ar\/%77%70%2d%6a%73%6f%6e\/wp\/v2\/types\/post"}],"author":[{"embeddable":true,"href":"https:\/\/informelitoral.com.ar\/%77%70%2d%6a%73%6f%6e\/wp\/v2\/users\/2"}],"replies":[{"embeddable":true,"href":"https:\/\/informelitoral.com.ar\/%77%70%2d%6a%73%6f%6e\/wp\/v2\/comments?post=11578"}],"version-history":[{"count":0,"href":"https:\/\/informelitoral.com.ar\/%77%70%2d%6a%73%6f%6e\/wp\/v2\/posts\/11578\/revisions"}],"wp:attachment":[{"href":"https:\/\/informelitoral.com.ar\/%77%70%2d%6a%73%6f%6e\/wp\/v2\/media?parent=11578"}],"wp:term":[{"taxonomy":"category","embeddable":true,"href":"https:\/\/informelitoral.com.ar\/%77%70%2d%6a%73%6f%6e\/wp\/v2\/categories?post=11578"},{"taxonomy":"post_tag","embeddable":true,"href":"https:\/\/informelitoral.com.ar\/%77%70%2d%6a%73%6f%6e\/wp\/v2\/tags?post=11578"}],"curies":[{"name":"wp","href":"https:\/\/api.w.org\/{rel}","templated":true}]}}