{"id":11575,"date":"2015-08-18T21:08:22","date_gmt":"2015-08-19T00:08:22","guid":{"rendered":"http:\/\/www.isletasnoticias.com.ar\/?p=11575"},"modified":"2015-08-18T21:08:22","modified_gmt":"2015-08-19T00:08:22","slug":"urribarri-dijo-que-en-un-mes-se-embarcaran-90-000-toneladas-desde-puertos-entrerrianos","status":"publish","type":"post","link":"https:\/\/informelitoral.com.ar\/urribarri-dijo-que-en-un-mes-se-embarcaran-90-000-toneladas-desde-puertos-entrerrianos\/","title":{"rendered":"Urribarri dijo que en un mes se embarcar\u00e1n 90.000 toneladas desde puertos entrerrianos"},"content":{"rendered":"<p><strong>El gobernador de Entre R\u00edos, <em>Sergio Urribarri<\/em> destac\u00f3 los embarques de arroz que se realizan desde el puerto de Concepci\u00f3n del Uruguay; \u00aben un mes tres nav\u00edos embarcar\u00e1n 90.000 toneladas de arroz argentino desde Entre R\u00edos\u00bb. El primero ya se encuentra en el puerto local y se esperan dos nuevos amarres para los pr\u00f3ximos 30 d\u00edas, en tal sentido el mandatario ponder\u00f3 \u00abestos es una muestra de la enorme potencialidad de nuestros productos agroalimentarios y de la necesidad de dotar de infraestructura a nuestro territorio\u00bb, destac\u00f3 el mandatario.<a href=\"http:\/\/www.isletasnoticias.com.ar\/%77%70%2d%63%6f%6e%74%65%6e%74\/uploads\/2015\/08\/b_1395169915.jpg\"><img loading=\"lazy\" decoding=\"async\" class=\"aligncenter size-medium wp-image-11576\" src=\"http:\/\/www.isletasnoticias.com.ar\/%77%70%2d%63%6f%6e%74%65%6e%74\/uploads\/2015\/08\/b_1395169915-300x222.jpg\" alt=\"b_1395169915\" width=\"300\" height=\"222\" srcset=\"https:\/\/informelitoral.com.ar\/%77%70%2d%63%6f%6e%74%65%6e%74\/uploads\/2015\/08\/b_1395169915-300x222.jpg 300w, https:\/\/informelitoral.com.ar\/%77%70%2d%63%6f%6e%74%65%6e%74\/uploads\/2015\/08\/b_1395169915.jpg 492w\" sizes=\"auto, (max-width: 300px) 100vw, 300px\" \/><\/a><\/strong>En las pr\u00f3ximas horas comienza la carga del primer nav\u00edo amarrado en el puerto de Concepci\u00f3n del Uruguay; el buque \u00abVigorous\u00bb con bandera de las Islas Marshall cargar\u00e1 arroz en bolsa con destino a Irak que sumar\u00edan un total de 15.000 toneladas; el segundo barco, el \u00abIlaco Express\u00bb de bandera de Vietnam llegar\u00eda al puerto el pr\u00f3ximo 29 de agosto y cargar\u00e1 tambi\u00e9n 15.000 toneladas del cereal.<\/p>\n<p>Ambas naves completar\u00e1n su carga en el puerto Terminal del Guaz\u00fa en Brazo Largo, ubicado al sur de nuestra provincia para llegar a 30.000 toneladas por embarcaci\u00f3n antes de emprender el viaje directo hacia Irak.<\/p>\n<p>El gobernador Urribarri record\u00f3 que \u00abse invirti\u00f3 en el dragado del r\u00edo Uruguay para tener operativa esta importante terminal que es Concepci\u00f3n del Uruguay, es una decisi\u00f3n estrat\u00e9gica que tomamos en Entre R\u00edos porque estamos convencidos que tenemos un rol central dentro del esquema agroalimentario nacional\u00bb, mencion\u00f3. \u00abEstos buques no llevan solamente granos de cereal, sino que llevan trabajo, conocimiento y el desarrollo de una cadena valor que los entrerrianos hacemos propia, que en t\u00e9rminos de coyuntura est\u00e1 con complicaciones pero con enorme potencialidad como lo demuestra esta exportaci\u00f3n de 90.000 toneladas que se completar\u00e1n en otro puerto entrerriano\u00bb, agreg\u00f3.<\/p>\n<p>El producto embarcado es arroz de alta calidad elaborado en bolsa proveniente de molinos entrerrianos y correntinos en exportaci\u00f3n directa, para completar las 15.000 toneladas de cada nav\u00edo hacen falta 500 camiones y 350 estibadores que trabajan divididos en tres turnos. Urribarri dijo tambi\u00e9n que \u201clos puertos son un tema prioritario de la agenda provincial y nacional, para eso se est\u00e1 dragando el r\u00edo con el objeto de dar garant\u00edas a los empresarios del funcionamiento pleno de esta terminal\u201d.<\/p>\n<p>El tercer nav\u00edo que llegar\u00e1 en septiembre tiene tambi\u00e9n como destino Irak, se trata de otras 30.000 toneladas de arroz blanco de alta calidad que se mandar\u00e1n en un solo env\u00edo, con una carga desde el puerto de Concepci\u00f3n del Uruguay y otra desde un puerto aguas abajo. Sobre el arroz argentino, la exportaci\u00f3n involucra grano largo de alta calidad y es considerado internacionalmente entre los preferidos; en la Argentina se producen anualmente alrededor de 1,4 millones de toneladas, de las cuales el 70 por ciento est\u00e1 destinado a la exportaci\u00f3n.<\/p>\n","protected":false},"excerpt":{"rendered":"<p>El gobernador de Entre R&iacute;os, Sergio Urribarri destac&oacute; los embarques de arroz que se realizan desde el puerto de Concepci&oacute;n del Uruguay; &laquo;en un mes tres nav&iacute;os embarcar&aacute;n 90.000 toneladas de arroz argentino desde Entre R&iacute;os&raquo;. El primero ya se encuentra en el puerto local y se esperan dos nuevos amarres para los pr&oacute;ximos 30 [&hellip;]<\/p>\n","protected":false},"author":2,"featured_media":0,"comment_status":"open","ping_status":"open","sticky":false,"template":"","format":"standard","meta":{"fifu_image_url":"","fifu_image_alt":"","footnotes":""},"categories":[6,16],"tags":[],"class_list":{"0":"post-11575","1":"post","2":"type-post","3":"status-publish","4":"format-standard","6":"category-entre-rios","7":"category-politi"},"yoast_head":"<title>Urribarri dijo que en un mes se embarcar\u00e1n 90.000 toneladas desde puertos entrerrianos - Informe Litoral<\/title>\n<meta name=\"robots\" content=\"index, follow, max-snippet:-1, max-image-preview:large, max-video-preview:-1\" \/>\n<link rel=\"canonical\" href=\"https:\/\/informelitoral.com.ar\/urribarri-dijo-que-en-un-mes-se-embarcaran-90-000-toneladas-desde-puertos-entrerrianos\/\" \/>\n<meta property=\"og:locale\" content=\"es_ES\" \/>\n<meta property=\"og:type\" content=\"article\" \/>\n<meta property=\"og:title\" content=\"Urribarri dijo que en un mes se embarcar\u00e1n 90.000 toneladas desde puertos entrerrianos - Informe Litoral\" \/>\n<meta property=\"og:description\" content=\"El gobernador de Entre R&iacute;os, Sergio Urribarri destac&oacute; los embarques de arroz que se realizan desde el puerto de Concepci&oacute;n del Uruguay; &laquo;en un mes tres nav&iacute;os embarcar&aacute;n 90.000 toneladas de arroz argentino desde Entre R&iacute;os&raquo;. El primero ya se encuentra en el puerto local y se esperan dos nuevos amarres para los pr&oacute;ximos 30 [&hellip;]\" \/>\n<meta property=\"og:url\" content=\"https:\/\/informelitoral.com.ar\/urribarri-dijo-que-en-un-mes-se-embarcaran-90-000-toneladas-desde-puertos-entrerrianos\/\" \/>\n<meta property=\"og:site_name\" content=\"Informe Litoral\" \/>\n<meta property=\"article:publisher\" content=\"https:\/\/www.facebook.com\/informelitoral\/\" \/>\n<meta property=\"article:published_time\" content=\"2015-08-19T00:08:22+00:00\" \/>\n<meta property=\"og:image\" content=\"https:\/\/informelitoral.com.ar\/%77%70%2d%63%6f%6e%74%65%6e%74\/uploads\/2015\/08\/b_1395169915.jpg\" \/>\n\t<meta property=\"og:image:width\" content=\"492\" \/>\n\t<meta property=\"og:image:height\" content=\"364\" \/>\n\t<meta property=\"og:image:type\" content=\"image\/jpeg\" \/>\n<meta name=\"author\" content=\"Gonzalo Schmidt\" \/>\n<meta name=\"twitter:card\" content=\"summary_large_image\" \/>\n<meta name=\"twitter:creator\" content=\"@InformeLitoral\" \/>\n<meta name=\"twitter:site\" content=\"@InformeLitoral\" \/>\n<meta name=\"twitter:label1\" content=\"Escrito por\" \/>\n\t<meta name=\"twitter:data1\" content=\"Gonzalo Schmidt\" \/>\n\t<meta name=\"twitter:label2\" content=\"Tiempo de lectura\" \/>\n\t<meta name=\"twitter:data2\" content=\"2 minutos\" \/>\n<script type=\"application\/ld+json\" class=\"yoast-schema-graph\">{\"@context\":\"https:\\\/\\\/schema.org\",\"@graph\":[{\"@type\":\"Article\",\"@id\":\"https:\\\/\\\/informelitoral.com.ar\\\/urribarri-dijo-que-en-un-mes-se-embarcaran-90-000-toneladas-desde-puertos-entrerrianos\\\/#article\",\"isPartOf\":{\"@id\":\"https:\\\/\\\/informelitoral.com.ar\\\/urribarri-dijo-que-en-un-mes-se-embarcaran-90-000-toneladas-desde-puertos-entrerrianos\\\/\"},\"author\":{\"name\":\"Gonzalo Schmidt\",\"@id\":\"https:\\\/\\\/informelitoral.com.ar\\\/#\\\/schema\\\/person\\\/b9d00407c836482871ef1d57bf8e3180\"},\"headline\":\"Urribarri dijo que en un mes se embarcar\u00e1n 90.000 toneladas desde puertos entrerrianos\",\"datePublished\":\"2015-08-19T00:08:22+00:00\",\"mainEntityOfPage\":{\"@id\":\"https:\\\/\\\/informelitoral.com.ar\\\/urribarri-dijo-que-en-un-mes-se-embarcaran-90-000-toneladas-desde-puertos-entrerrianos\\\/\"},\"wordCount\":496,\"commentCount\":0,\"publisher\":{\"@id\":\"https:\\\/\\\/informelitoral.com.ar\\\/#organization\"},\"image\":{\"@id\":\"https:\\\/\\\/informelitoral.com.ar\\\/urribarri-dijo-que-en-un-mes-se-embarcaran-90-000-toneladas-desde-puertos-entrerrianos\\\/#primaryimage\"},\"thumbnailUrl\":\"http:\\\/\\\/www.isletasnoticias.com.ar\\\/%77%70%2d%63%6f%6e%74%65%6e%74\\\/uploads\\\/2015\\\/08\\\/b_1395169915-300x222.jpg\",\"articleSection\":[\"Entre R\u00edos\",\"Politica\"],\"inLanguage\":\"es\",\"potentialAction\":[{\"@type\":\"CommentAction\",\"name\":\"Comment\",\"target\":[\"https:\\\/\\\/informelitoral.com.ar\\\/urribarri-dijo-que-en-un-mes-se-embarcaran-90-000-toneladas-desde-puertos-entrerrianos\\\/#respond\"]}]},{\"@type\":\"WebPage\",\"@id\":\"https:\\\/\\\/informelitoral.com.ar\\\/urribarri-dijo-que-en-un-mes-se-embarcaran-90-000-toneladas-desde-puertos-entrerrianos\\\/\",\"url\":\"https:\\\/\\\/informelitoral.com.ar\\\/urribarri-dijo-que-en-un-mes-se-embarcaran-90-000-toneladas-desde-puertos-entrerrianos\\\/\",\"name\":\"Urribarri dijo que en un mes se embarcar\u00e1n 90.000 toneladas desde puertos entrerrianos - Informe Litoral\",\"isPartOf\":{\"@id\":\"https:\\\/\\\/informelitoral.com.ar\\\/#website\"},\"primaryImageOfPage\":{\"@id\":\"https:\\\/\\\/informelitoral.com.ar\\\/urribarri-dijo-que-en-un-mes-se-embarcaran-90-000-toneladas-desde-puertos-entrerrianos\\\/#primaryimage\"},\"image\":{\"@id\":\"https:\\\/\\\/informelitoral.com.ar\\\/urribarri-dijo-que-en-un-mes-se-embarcaran-90-000-toneladas-desde-puertos-entrerrianos\\\/#primaryimage\"},\"thumbnailUrl\":\"http:\\\/\\\/www.isletasnoticias.com.ar\\\/%77%70%2d%63%6f%6e%74%65%6e%74\\\/uploads\\\/2015\\\/08\\\/b_1395169915-300x222.jpg\",\"datePublished\":\"2015-08-19T00:08:22+00:00\",\"breadcrumb\":{\"@id\":\"https:\\\/\\\/informelitoral.com.ar\\\/urribarri-dijo-que-en-un-mes-se-embarcaran-90-000-toneladas-desde-puertos-entrerrianos\\\/#breadcrumb\"},\"inLanguage\":\"es\",\"potentialAction\":[{\"@type\":\"ReadAction\",\"target\":[\"https:\\\/\\\/informelitoral.com.ar\\\/urribarri-dijo-que-en-un-mes-se-embarcaran-90-000-toneladas-desde-puertos-entrerrianos\\\/\"]}]},{\"@type\":\"ImageObject\",\"inLanguage\":\"es\",\"@id\":\"https:\\\/\\\/informelitoral.com.ar\\\/urribarri-dijo-que-en-un-mes-se-embarcaran-90-000-toneladas-desde-puertos-entrerrianos\\\/#primaryimage\",\"url\":\"http:\\\/\\\/www.isletasnoticias.com.ar\\\/%77%70%2d%63%6f%6e%74%65%6e%74\\\/uploads\\\/2015\\\/08\\\/b_1395169915-300x222.jpg\",\"contentUrl\":\"http:\\\/\\\/www.isletasnoticias.com.ar\\\/%77%70%2d%63%6f%6e%74%65%6e%74\\\/uploads\\\/2015\\\/08\\\/b_1395169915-300x222.jpg\"},{\"@type\":\"BreadcrumbList\",\"@id\":\"https:\\\/\\\/informelitoral.com.ar\\\/urribarri-dijo-que-en-un-mes-se-embarcaran-90-000-toneladas-desde-puertos-entrerrianos\\\/#breadcrumb\",\"itemListElement\":[{\"@type\":\"ListItem\",\"position\":1,\"name\":\"Portada\",\"item\":\"https:\\\/\\\/informelitoral.com.ar\\\/\"},{\"@type\":\"ListItem\",\"position\":2,\"name\":\"Urribarri dijo que en un mes se embarcar\u00e1n 90.000 toneladas desde puertos entrerrianos\"}]},{\"@type\":\"WebSite\",\"@id\":\"https:\\\/\\\/informelitoral.com.ar\\\/#website\",\"url\":\"https:\\\/\\\/informelitoral.com.ar\\\/\",\"name\":\"Informe Litoral\",\"description\":\"&quot;Nos informamos&quot; \",\"publisher\":{\"@id\":\"https:\\\/\\\/informelitoral.com.ar\\\/#organization\"},\"potentialAction\":[{\"@type\":\"SearchAction\",\"target\":{\"@type\":\"EntryPoint\",\"urlTemplate\":\"https:\\\/\\\/informelitoral.com.ar\\\/?s={search_term_string}\"},\"query-input\":{\"@type\":\"PropertyValueSpecification\",\"valueRequired\":true,\"valueName\":\"search_term_string\"}}],\"inLanguage\":\"es\"},{\"@type\":\"Organization\",\"@id\":\"https:\\\/\\\/informelitoral.com.ar\\\/#organization\",\"name\":\"Informe Litoral\",\"url\":\"https:\\\/\\\/informelitoral.com.ar\\\/\",\"logo\":{\"@type\":\"ImageObject\",\"inLanguage\":\"es\",\"@id\":\"https:\\\/\\\/informelitoral.com.ar\\\/#\\\/schema\\\/logo\\\/image\\\/\",\"url\":\"https:\\\/\\\/informelitoral.com.ar\\\/%77%70%2d%63%6f%6e%74%65%6e%74\\\/uploads\\\/2021\\\/01\\\/circulo.png\",\"contentUrl\":\"https:\\\/\\\/informelitoral.com.ar\\\/%77%70%2d%63%6f%6e%74%65%6e%74\\\/uploads\\\/2021\\\/01\\\/circulo.png\",\"width\":723,\"height\":731,\"caption\":\"Informe Litoral\"},\"image\":{\"@id\":\"https:\\\/\\\/informelitoral.com.ar\\\/#\\\/schema\\\/logo\\\/image\\\/\"},\"sameAs\":[\"https:\\\/\\\/www.facebook.com\\\/informelitoral\\\/\",\"https:\\\/\\\/x.com\\\/InformeLitoral\",\"https:\\\/\\\/www.instagram.com\\\/informelitoral\\\/\",\"https:\\\/\\\/www.youtube.com\\\/channel\\\/UCua4Qvz8Icb6MYqhoq9xLXw\"]},{\"@type\":\"Person\",\"@id\":\"https:\\\/\\\/informelitoral.com.ar\\\/#\\\/schema\\\/person\\\/b9d00407c836482871ef1d57bf8e3180\",\"name\":\"Gonzalo Schmidt\",\"image\":{\"@type\":\"ImageObject\",\"inLanguage\":\"es\",\"@id\":\"https:\\\/\\\/secure.gravatar.com\\\/avatar\\\/31a1a7b66ff2de83bd0e9fd79d026630d2d99e55e8bfe501287647b4fd9743de?s=96&d=mm&r=g\",\"url\":\"https:\\\/\\\/secure.gravatar.com\\\/avatar\\\/31a1a7b66ff2de83bd0e9fd79d026630d2d99e55e8bfe501287647b4fd9743de?s=96&d=mm&r=g\",\"contentUrl\":\"https:\\\/\\\/secure.gravatar.com\\\/avatar\\\/31a1a7b66ff2de83bd0e9fd79d026630d2d99e55e8bfe501287647b4fd9743de?s=96&d=mm&r=g\",\"caption\":\"Gonzalo Schmidt\"},\"description\":\"Sitio web de noticias de la provincia de Entre R\u00edos, Argentina. Informaci\u00f3n y entretenimiento. Informe Litoral, nos informamos.\",\"sameAs\":[\"http:\\\/\\\/www.isletasnoticias.com.ar\"],\"url\":\"https:\\\/\\\/informelitoral.com.ar\\\/author\\\/gonzalo\\\/\"}]}<\/script>","yoast_head_json":{"title":"Urribarri dijo que en un mes se embarcar\u00e1n 90.000 toneladas desde puertos entrerrianos - Informe Litoral","robots":{"index":"index","follow":"follow","max-snippet":"max-snippet:-1","max-image-preview":"max-image-preview:large","max-video-preview":"max-video-preview:-1"},"canonical":"https:\/\/informelitoral.com.ar\/urribarri-dijo-que-en-un-mes-se-embarcaran-90-000-toneladas-desde-puertos-entrerrianos\/","og_locale":"es_ES","og_type":"article","og_title":"Urribarri dijo que en un mes se embarcar\u00e1n 90.000 toneladas desde puertos entrerrianos - Informe Litoral","og_description":"El gobernador de Entre R&iacute;os, Sergio Urribarri destac&oacute; los embarques de arroz que se realizan desde el puerto de Concepci&oacute;n del Uruguay; &laquo;en un mes tres nav&iacute;os embarcar&aacute;n 90.000 toneladas de arroz argentino desde Entre R&iacute;os&raquo;. El primero ya se encuentra en el puerto local y se esperan dos nuevos amarres para los pr&oacute;ximos 30 [&hellip;]","og_url":"https:\/\/informelitoral.com.ar\/urribarri-dijo-que-en-un-mes-se-embarcaran-90-000-toneladas-desde-puertos-entrerrianos\/","og_site_name":"Informe Litoral","article_publisher":"https:\/\/www.facebook.com\/informelitoral\/","article_published_time":"2015-08-19T00:08:22+00:00","og_image":[{"width":492,"height":364,"url":"https:\/\/informelitoral.com.ar\/%77%70%2d%63%6f%6e%74%65%6e%74\/uploads\/2015\/08\/b_1395169915.jpg","type":"image\/jpeg"}],"author":"Gonzalo Schmidt","twitter_card":"summary_large_image","twitter_creator":"@InformeLitoral","twitter_site":"@InformeLitoral","twitter_misc":{"Escrito por":"Gonzalo Schmidt","Tiempo de lectura":"2 minutos"},"schema":{"@context":"https:\/\/schema.org","@graph":[{"@type":"Article","@id":"https:\/\/informelitoral.com.ar\/urribarri-dijo-que-en-un-mes-se-embarcaran-90-000-toneladas-desde-puertos-entrerrianos\/#article","isPartOf":{"@id":"https:\/\/informelitoral.com.ar\/urribarri-dijo-que-en-un-mes-se-embarcaran-90-000-toneladas-desde-puertos-entrerrianos\/"},"author":{"name":"Gonzalo Schmidt","@id":"https:\/\/informelitoral.com.ar\/#\/schema\/person\/b9d00407c836482871ef1d57bf8e3180"},"headline":"Urribarri dijo que en un mes se embarcar\u00e1n 90.000 toneladas desde puertos entrerrianos","datePublished":"2015-08-19T00:08:22+00:00","mainEntityOfPage":{"@id":"https:\/\/informelitoral.com.ar\/urribarri-dijo-que-en-un-mes-se-embarcaran-90-000-toneladas-desde-puertos-entrerrianos\/"},"wordCount":496,"commentCount":0,"publisher":{"@id":"https:\/\/informelitoral.com.ar\/#organization"},"image":{"@id":"https:\/\/informelitoral.com.ar\/urribarri-dijo-que-en-un-mes-se-embarcaran-90-000-toneladas-desde-puertos-entrerrianos\/#primaryimage"},"thumbnailUrl":"http:\/\/www.isletasnoticias.com.ar\/%77%70%2d%63%6f%6e%74%65%6e%74\/uploads\/2015\/08\/b_1395169915-300x222.jpg","articleSection":["Entre R\u00edos","Politica"],"inLanguage":"es","potentialAction":[{"@type":"CommentAction","name":"Comment","target":["https:\/\/informelitoral.com.ar\/urribarri-dijo-que-en-un-mes-se-embarcaran-90-000-toneladas-desde-puertos-entrerrianos\/#respond"]}]},{"@type":"WebPage","@id":"https:\/\/informelitoral.com.ar\/urribarri-dijo-que-en-un-mes-se-embarcaran-90-000-toneladas-desde-puertos-entrerrianos\/","url":"https:\/\/informelitoral.com.ar\/urribarri-dijo-que-en-un-mes-se-embarcaran-90-000-toneladas-desde-puertos-entrerrianos\/","name":"Urribarri dijo que en un mes se embarcar\u00e1n 90.000 toneladas desde puertos entrerrianos - Informe Litoral","isPartOf":{"@id":"https:\/\/informelitoral.com.ar\/#website"},"primaryImageOfPage":{"@id":"https:\/\/informelitoral.com.ar\/urribarri-dijo-que-en-un-mes-se-embarcaran-90-000-toneladas-desde-puertos-entrerrianos\/#primaryimage"},"image":{"@id":"https:\/\/informelitoral.com.ar\/urribarri-dijo-que-en-un-mes-se-embarcaran-90-000-toneladas-desde-puertos-entrerrianos\/#primaryimage"},"thumbnailUrl":"http:\/\/www.isletasnoticias.com.ar\/%77%70%2d%63%6f%6e%74%65%6e%74\/uploads\/2015\/08\/b_1395169915-300x222.jpg","datePublished":"2015-08-19T00:08:22+00:00","breadcrumb":{"@id":"https:\/\/informelitoral.com.ar\/urribarri-dijo-que-en-un-mes-se-embarcaran-90-000-toneladas-desde-puertos-entrerrianos\/#breadcrumb"},"inLanguage":"es","potentialAction":[{"@type":"ReadAction","target":["https:\/\/informelitoral.com.ar\/urribarri-dijo-que-en-un-mes-se-embarcaran-90-000-toneladas-desde-puertos-entrerrianos\/"]}]},{"@type":"ImageObject","inLanguage":"es","@id":"https:\/\/informelitoral.com.ar\/urribarri-dijo-que-en-un-mes-se-embarcaran-90-000-toneladas-desde-puertos-entrerrianos\/#primaryimage","url":"http:\/\/www.isletasnoticias.com.ar\/%77%70%2d%63%6f%6e%74%65%6e%74\/uploads\/2015\/08\/b_1395169915-300x222.jpg","contentUrl":"http:\/\/www.isletasnoticias.com.ar\/%77%70%2d%63%6f%6e%74%65%6e%74\/uploads\/2015\/08\/b_1395169915-300x222.jpg"},{"@type":"BreadcrumbList","@id":"https:\/\/informelitoral.com.ar\/urribarri-dijo-que-en-un-mes-se-embarcaran-90-000-toneladas-desde-puertos-entrerrianos\/#breadcrumb","itemListElement":[{"@type":"ListItem","position":1,"name":"Portada","item":"https:\/\/informelitoral.com.ar\/"},{"@type":"ListItem","position":2,"name":"Urribarri dijo que en un mes se embarcar\u00e1n 90.000 toneladas desde puertos entrerrianos"}]},{"@type":"WebSite","@id":"https:\/\/informelitoral.com.ar\/#website","url":"https:\/\/informelitoral.com.ar\/","name":"Informe Litoral","description":"&quot;Nos informamos&quot; ","publisher":{"@id":"https:\/\/informelitoral.com.ar\/#organization"},"potentialAction":[{"@type":"SearchAction","target":{"@type":"EntryPoint","urlTemplate":"https:\/\/informelitoral.com.ar\/?s={search_term_string}"},"query-input":{"@type":"PropertyValueSpecification","valueRequired":true,"valueName":"search_term_string"}}],"inLanguage":"es"},{"@type":"Organization","@id":"https:\/\/informelitoral.com.ar\/#organization","name":"Informe Litoral","url":"https:\/\/informelitoral.com.ar\/","logo":{"@type":"ImageObject","inLanguage":"es","@id":"https:\/\/informelitoral.com.ar\/#\/schema\/logo\/image\/","url":"https:\/\/informelitoral.com.ar\/%77%70%2d%63%6f%6e%74%65%6e%74\/uploads\/2021\/01\/circulo.png","contentUrl":"https:\/\/informelitoral.com.ar\/%77%70%2d%63%6f%6e%74%65%6e%74\/uploads\/2021\/01\/circulo.png","width":723,"height":731,"caption":"Informe Litoral"},"image":{"@id":"https:\/\/informelitoral.com.ar\/#\/schema\/logo\/image\/"},"sameAs":["https:\/\/www.facebook.com\/informelitoral\/","https:\/\/x.com\/InformeLitoral","https:\/\/www.instagram.com\/informelitoral\/","https:\/\/www.youtube.com\/channel\/UCua4Qvz8Icb6MYqhoq9xLXw"]},{"@type":"Person","@id":"https:\/\/informelitoral.com.ar\/#\/schema\/person\/b9d00407c836482871ef1d57bf8e3180","name":"Gonzalo Schmidt","image":{"@type":"ImageObject","inLanguage":"es","@id":"https:\/\/secure.gravatar.com\/avatar\/31a1a7b66ff2de83bd0e9fd79d026630d2d99e55e8bfe501287647b4fd9743de?s=96&d=mm&r=g","url":"https:\/\/secure.gravatar.com\/avatar\/31a1a7b66ff2de83bd0e9fd79d026630d2d99e55e8bfe501287647b4fd9743de?s=96&d=mm&r=g","contentUrl":"https:\/\/secure.gravatar.com\/avatar\/31a1a7b66ff2de83bd0e9fd79d026630d2d99e55e8bfe501287647b4fd9743de?s=96&d=mm&r=g","caption":"Gonzalo Schmidt"},"description":"Sitio web de noticias de la provincia de Entre R\u00edos, Argentina. Informaci\u00f3n y entretenimiento. Informe Litoral, nos informamos.","sameAs":["http:\/\/www.isletasnoticias.com.ar"],"url":"https:\/\/informelitoral.com.ar\/author\/gonzalo\/"}]}},"_links":{"self":[{"href":"https:\/\/informelitoral.com.ar\/%77%70%2d%6a%73%6f%6e\/wp\/v2\/posts\/11575","targetHints":{"allow":["GET"]}}],"collection":[{"href":"https:\/\/informelitoral.com.ar\/%77%70%2d%6a%73%6f%6e\/wp\/v2\/posts"}],"about":[{"href":"https:\/\/informelitoral.com.ar\/%77%70%2d%6a%73%6f%6e\/wp\/v2\/types\/post"}],"author":[{"embeddable":true,"href":"https:\/\/informelitoral.com.ar\/%77%70%2d%6a%73%6f%6e\/wp\/v2\/users\/2"}],"replies":[{"embeddable":true,"href":"https:\/\/informelitoral.com.ar\/%77%70%2d%6a%73%6f%6e\/wp\/v2\/comments?post=11575"}],"version-history":[{"count":0,"href":"https:\/\/informelitoral.com.ar\/%77%70%2d%6a%73%6f%6e\/wp\/v2\/posts\/11575\/revisions"}],"wp:attachment":[{"href":"https:\/\/informelitoral.com.ar\/%77%70%2d%6a%73%6f%6e\/wp\/v2\/media?parent=11575"}],"wp:term":[{"taxonomy":"category","embeddable":true,"href":"https:\/\/informelitoral.com.ar\/%77%70%2d%6a%73%6f%6e\/wp\/v2\/categories?post=11575"},{"taxonomy":"post_tag","embeddable":true,"href":"https:\/\/informelitoral.com.ar\/%77%70%2d%6a%73%6f%6e\/wp\/v2\/tags?post=11575"}],"curies":[{"name":"wp","href":"https:\/\/api.w.org\/{rel}","templated":true}]}}