{"id":11563,"date":"2015-08-18T10:13:06","date_gmt":"2015-08-18T13:13:06","guid":{"rendered":"http:\/\/www.isletasnoticias.com.ar\/?p=11563"},"modified":"2015-08-18T10:13:06","modified_gmt":"2015-08-18T13:13:06","slug":"isletas-la-comunidad-de-la-capilla-san-lorenzo-prepara-la-tradicional-fiesta-patronal","status":"publish","type":"post","link":"https:\/\/informelitoral.com.ar\/isletas-la-comunidad-de-la-capilla-san-lorenzo-prepara-la-tradicional-fiesta-patronal\/","title":{"rendered":"Isletas: la comunidad de la Capilla San Lorenzo prepara la tradicional Fiesta Patronal"},"content":{"rendered":"<p><strong>Las actividades comenzar\u00e1n el s\u00e1bado 5 de septiembre con la presencia del arzobispo de Paran\u00e1, Monse\u00f1or Juan Alberto Puiggari. En tanto, el domingo 13, se oficiar\u00e1 la misa, primera comuni\u00f3n, procesi\u00f3n y almuerzo.\u00a0<a href=\"http:\/\/www.isletasnoticias.com.ar\/%77%70%2d%63%6f%6e%74%65%6e%74\/uploads\/2015\/08\/1477-ISLETAS.Capilla.jpg\"><img loading=\"lazy\" decoding=\"async\" class=\"aligncenter size-medium wp-image-11564\" src=\"http:\/\/www.isletasnoticias.com.ar\/%77%70%2d%63%6f%6e%74%65%6e%74\/uploads\/2015\/08\/1477-ISLETAS.Capilla-300x225.jpg\" alt=\"1477-ISLETAS.Capilla\" width=\"300\" height=\"225\" srcset=\"https:\/\/informelitoral.com.ar\/%77%70%2d%63%6f%6e%74%65%6e%74\/uploads\/2015\/08\/1477-ISLETAS.Capilla-300x225.jpg 300w, https:\/\/informelitoral.com.ar\/%77%70%2d%63%6f%6e%74%65%6e%74\/uploads\/2015\/08\/1477-ISLETAS.Capilla.jpg 960w\" sizes=\"auto, (max-width: 300px) 100vw, 300px\" \/><\/a><\/strong>En el marco del a\u00f1o de su 70\u00b0 aniversario, la comunidad de la Capilla San Lorenzo Justiniano de esta localidad del departamento Diamante, prepara la tradicional fiesta en honor al Santo Patrono. El s\u00e1bado 5 de septiembre habr\u00e1 una misa con la presencia del arzobispo de Paran\u00e1, <strong>Monse\u00f1or Juan Alberto Puiggari<\/strong>. En tanto, el triduo de preparaci\u00f3n ser\u00e1 los d\u00edas mi\u00e9rcoles 9, jueves 10 y viernes 11 de septiembre con la misa a las 17.30.<\/p>\n<p>Por su parte, el domingo 13 de septiembre a las 10.30, se oficiar\u00e1 la misa y primera comuni\u00f3n; 11.30, procesi\u00f3n con la imagen del Santo Patrono y a las 13.00, se ofrecer\u00e1 un almuerzo, cuyo men\u00fa consistir\u00e1 en choricitos, carne con cuero, ensaladas varias y postre, helado. El valor de las tarjetas para mayores es de $160 y menores $60 sin bebida. Se solicita llevar cubiertos completos.<\/p>\n<p>Por la tarde, actuar\u00e1 el Nuevo Estilo Chamamecero de Crespo y el Cuarteto Alem\u00e1n de Ram\u00edrez, con la animaci\u00f3n de Dar\u00edo L\u00f3pez y sonido Vel\u00e1zquez. <em>(Isletas Noticias)<\/em><\/p>\n","protected":false},"excerpt":{"rendered":"<p>Las actividades comenzar&aacute;n el s&aacute;bado 5 de septiembre con la presencia del arzobispo de Paran&aacute;, Monse&ntilde;or Juan Alberto Puiggari. En tanto, el domingo 13, se oficiar&aacute; la misa, primera comuni&oacute;n, procesi&oacute;n y almuerzo.&nbsp;En el marco del a&ntilde;o de su 70&deg; aniversario, la comunidad de la Capilla San Lorenzo Justiniano de esta localidad del departamento Diamante, [&hellip;]<\/p>\n","protected":false},"author":2,"featured_media":0,"comment_status":"open","ping_status":"open","sticky":false,"template":"","format":"standard","meta":{"fifu_image_url":"","fifu_image_alt":"","footnotes":""},"categories":[4,9],"tags":[],"class_list":{"0":"post-11563","1":"post","2":"type-post","3":"status-publish","4":"format-standard","6":"category-locales","7":"category-sociedad"},"yoast_head":"<title>Isletas: la comunidad de la Capilla San Lorenzo prepara la tradicional Fiesta Patronal - Informe Litoral<\/title>\n<meta name=\"robots\" content=\"index, follow, max-snippet:-1, max-image-preview:large, max-video-preview:-1\" \/>\n<link rel=\"canonical\" href=\"https:\/\/informelitoral.com.ar\/isletas-la-comunidad-de-la-capilla-san-lorenzo-prepara-la-tradicional-fiesta-patronal\/\" \/>\n<meta property=\"og:locale\" content=\"es_ES\" \/>\n<meta property=\"og:type\" content=\"article\" \/>\n<meta property=\"og:title\" content=\"Isletas: la comunidad de la Capilla San Lorenzo prepara la tradicional Fiesta Patronal - Informe Litoral\" \/>\n<meta property=\"og:description\" content=\"Las actividades comenzar&aacute;n el s&aacute;bado 5 de septiembre con la presencia del arzobispo de Paran&aacute;, Monse&ntilde;or Juan Alberto Puiggari. En tanto, el domingo 13, se oficiar&aacute; la misa, primera comuni&oacute;n, procesi&oacute;n y almuerzo.&nbsp;En el marco del a&ntilde;o de su 70&deg; aniversario, la comunidad de la Capilla San Lorenzo Justiniano de esta localidad del departamento Diamante, [&hellip;]\" \/>\n<meta property=\"og:url\" content=\"https:\/\/informelitoral.com.ar\/isletas-la-comunidad-de-la-capilla-san-lorenzo-prepara-la-tradicional-fiesta-patronal\/\" \/>\n<meta property=\"og:site_name\" content=\"Informe Litoral\" \/>\n<meta property=\"article:publisher\" content=\"https:\/\/www.facebook.com\/informelitoral\/\" \/>\n<meta property=\"article:published_time\" content=\"2015-08-18T13:13:06+00:00\" \/>\n<meta property=\"og:image\" content=\"https:\/\/informelitoral.com.ar\/%77%70%2d%63%6f%6e%74%65%6e%74\/uploads\/2015\/08\/1477-ISLETAS.Capilla.jpg\" \/>\n\t<meta property=\"og:image:width\" content=\"960\" \/>\n\t<meta property=\"og:image:height\" content=\"720\" \/>\n\t<meta property=\"og:image:type\" content=\"image\/jpeg\" \/>\n<meta name=\"author\" content=\"Gonzalo Schmidt\" \/>\n<meta name=\"twitter:card\" content=\"summary_large_image\" \/>\n<meta name=\"twitter:creator\" content=\"@InformeLitoral\" \/>\n<meta name=\"twitter:site\" content=\"@InformeLitoral\" \/>\n<meta name=\"twitter:label1\" content=\"Escrito por\" \/>\n\t<meta name=\"twitter:data1\" content=\"Gonzalo Schmidt\" \/>\n\t<meta name=\"twitter:label2\" content=\"Tiempo de lectura\" \/>\n\t<meta name=\"twitter:data2\" content=\"1 minuto\" \/>\n<script type=\"application\/ld+json\" class=\"yoast-schema-graph\">{\"@context\":\"https:\\\/\\\/schema.org\",\"@graph\":[{\"@type\":\"Article\",\"@id\":\"https:\\\/\\\/informelitoral.com.ar\\\/isletas-la-comunidad-de-la-capilla-san-lorenzo-prepara-la-tradicional-fiesta-patronal\\\/#article\",\"isPartOf\":{\"@id\":\"https:\\\/\\\/informelitoral.com.ar\\\/isletas-la-comunidad-de-la-capilla-san-lorenzo-prepara-la-tradicional-fiesta-patronal\\\/\"},\"author\":{\"name\":\"Gonzalo Schmidt\",\"@id\":\"https:\\\/\\\/informelitoral.com.ar\\\/#\\\/schema\\\/person\\\/b9d00407c836482871ef1d57bf8e3180\"},\"headline\":\"Isletas: la comunidad de la Capilla San Lorenzo prepara la tradicional Fiesta Patronal\",\"datePublished\":\"2015-08-18T13:13:06+00:00\",\"mainEntityOfPage\":{\"@id\":\"https:\\\/\\\/informelitoral.com.ar\\\/isletas-la-comunidad-de-la-capilla-san-lorenzo-prepara-la-tradicional-fiesta-patronal\\\/\"},\"wordCount\":220,\"commentCount\":0,\"publisher\":{\"@id\":\"https:\\\/\\\/informelitoral.com.ar\\\/#organization\"},\"image\":{\"@id\":\"https:\\\/\\\/informelitoral.com.ar\\\/isletas-la-comunidad-de-la-capilla-san-lorenzo-prepara-la-tradicional-fiesta-patronal\\\/#primaryimage\"},\"thumbnailUrl\":\"http:\\\/\\\/www.isletasnoticias.com.ar\\\/%77%70%2d%63%6f%6e%74%65%6e%74\\\/uploads\\\/2015\\\/08\\\/1477-ISLETAS.Capilla-300x225.jpg\",\"articleSection\":[\"Isletas\",\"Sociedad\"],\"inLanguage\":\"es\",\"potentialAction\":[{\"@type\":\"CommentAction\",\"name\":\"Comment\",\"target\":[\"https:\\\/\\\/informelitoral.com.ar\\\/isletas-la-comunidad-de-la-capilla-san-lorenzo-prepara-la-tradicional-fiesta-patronal\\\/#respond\"]}]},{\"@type\":\"WebPage\",\"@id\":\"https:\\\/\\\/informelitoral.com.ar\\\/isletas-la-comunidad-de-la-capilla-san-lorenzo-prepara-la-tradicional-fiesta-patronal\\\/\",\"url\":\"https:\\\/\\\/informelitoral.com.ar\\\/isletas-la-comunidad-de-la-capilla-san-lorenzo-prepara-la-tradicional-fiesta-patronal\\\/\",\"name\":\"Isletas: la comunidad de la Capilla San Lorenzo prepara la tradicional Fiesta Patronal - Informe Litoral\",\"isPartOf\":{\"@id\":\"https:\\\/\\\/informelitoral.com.ar\\\/#website\"},\"primaryImageOfPage\":{\"@id\":\"https:\\\/\\\/informelitoral.com.ar\\\/isletas-la-comunidad-de-la-capilla-san-lorenzo-prepara-la-tradicional-fiesta-patronal\\\/#primaryimage\"},\"image\":{\"@id\":\"https:\\\/\\\/informelitoral.com.ar\\\/isletas-la-comunidad-de-la-capilla-san-lorenzo-prepara-la-tradicional-fiesta-patronal\\\/#primaryimage\"},\"thumbnailUrl\":\"http:\\\/\\\/www.isletasnoticias.com.ar\\\/%77%70%2d%63%6f%6e%74%65%6e%74\\\/uploads\\\/2015\\\/08\\\/1477-ISLETAS.Capilla-300x225.jpg\",\"datePublished\":\"2015-08-18T13:13:06+00:00\",\"breadcrumb\":{\"@id\":\"https:\\\/\\\/informelitoral.com.ar\\\/isletas-la-comunidad-de-la-capilla-san-lorenzo-prepara-la-tradicional-fiesta-patronal\\\/#breadcrumb\"},\"inLanguage\":\"es\",\"potentialAction\":[{\"@type\":\"ReadAction\",\"target\":[\"https:\\\/\\\/informelitoral.com.ar\\\/isletas-la-comunidad-de-la-capilla-san-lorenzo-prepara-la-tradicional-fiesta-patronal\\\/\"]}]},{\"@type\":\"ImageObject\",\"inLanguage\":\"es\",\"@id\":\"https:\\\/\\\/informelitoral.com.ar\\\/isletas-la-comunidad-de-la-capilla-san-lorenzo-prepara-la-tradicional-fiesta-patronal\\\/#primaryimage\",\"url\":\"http:\\\/\\\/www.isletasnoticias.com.ar\\\/%77%70%2d%63%6f%6e%74%65%6e%74\\\/uploads\\\/2015\\\/08\\\/1477-ISLETAS.Capilla-300x225.jpg\",\"contentUrl\":\"http:\\\/\\\/www.isletasnoticias.com.ar\\\/%77%70%2d%63%6f%6e%74%65%6e%74\\\/uploads\\\/2015\\\/08\\\/1477-ISLETAS.Capilla-300x225.jpg\"},{\"@type\":\"BreadcrumbList\",\"@id\":\"https:\\\/\\\/informelitoral.com.ar\\\/isletas-la-comunidad-de-la-capilla-san-lorenzo-prepara-la-tradicional-fiesta-patronal\\\/#breadcrumb\",\"itemListElement\":[{\"@type\":\"ListItem\",\"position\":1,\"name\":\"Portada\",\"item\":\"https:\\\/\\\/informelitoral.com.ar\\\/\"},{\"@type\":\"ListItem\",\"position\":2,\"name\":\"Isletas: la comunidad de la Capilla San Lorenzo prepara la tradicional Fiesta Patronal\"}]},{\"@type\":\"WebSite\",\"@id\":\"https:\\\/\\\/informelitoral.com.ar\\\/#website\",\"url\":\"https:\\\/\\\/informelitoral.com.ar\\\/\",\"name\":\"Informe Litoral\",\"description\":\"&quot;Nos informamos&quot; \",\"publisher\":{\"@id\":\"https:\\\/\\\/informelitoral.com.ar\\\/#organization\"},\"potentialAction\":[{\"@type\":\"SearchAction\",\"target\":{\"@type\":\"EntryPoint\",\"urlTemplate\":\"https:\\\/\\\/informelitoral.com.ar\\\/?s={search_term_string}\"},\"query-input\":{\"@type\":\"PropertyValueSpecification\",\"valueRequired\":true,\"valueName\":\"search_term_string\"}}],\"inLanguage\":\"es\"},{\"@type\":\"Organization\",\"@id\":\"https:\\\/\\\/informelitoral.com.ar\\\/#organization\",\"name\":\"Informe Litoral\",\"url\":\"https:\\\/\\\/informelitoral.com.ar\\\/\",\"logo\":{\"@type\":\"ImageObject\",\"inLanguage\":\"es\",\"@id\":\"https:\\\/\\\/informelitoral.com.ar\\\/#\\\/schema\\\/logo\\\/image\\\/\",\"url\":\"https:\\\/\\\/informelitoral.com.ar\\\/%77%70%2d%63%6f%6e%74%65%6e%74\\\/uploads\\\/2021\\\/01\\\/circulo.png\",\"contentUrl\":\"https:\\\/\\\/informelitoral.com.ar\\\/%77%70%2d%63%6f%6e%74%65%6e%74\\\/uploads\\\/2021\\\/01\\\/circulo.png\",\"width\":723,\"height\":731,\"caption\":\"Informe Litoral\"},\"image\":{\"@id\":\"https:\\\/\\\/informelitoral.com.ar\\\/#\\\/schema\\\/logo\\\/image\\\/\"},\"sameAs\":[\"https:\\\/\\\/www.facebook.com\\\/informelitoral\\\/\",\"https:\\\/\\\/x.com\\\/InformeLitoral\",\"https:\\\/\\\/www.instagram.com\\\/informelitoral\\\/\",\"https:\\\/\\\/www.youtube.com\\\/channel\\\/UCua4Qvz8Icb6MYqhoq9xLXw\"]},{\"@type\":\"Person\",\"@id\":\"https:\\\/\\\/informelitoral.com.ar\\\/#\\\/schema\\\/person\\\/b9d00407c836482871ef1d57bf8e3180\",\"name\":\"Gonzalo Schmidt\",\"image\":{\"@type\":\"ImageObject\",\"inLanguage\":\"es\",\"@id\":\"https:\\\/\\\/secure.gravatar.com\\\/avatar\\\/31a1a7b66ff2de83bd0e9fd79d026630d2d99e55e8bfe501287647b4fd9743de?s=96&d=mm&r=g\",\"url\":\"https:\\\/\\\/secure.gravatar.com\\\/avatar\\\/31a1a7b66ff2de83bd0e9fd79d026630d2d99e55e8bfe501287647b4fd9743de?s=96&d=mm&r=g\",\"contentUrl\":\"https:\\\/\\\/secure.gravatar.com\\\/avatar\\\/31a1a7b66ff2de83bd0e9fd79d026630d2d99e55e8bfe501287647b4fd9743de?s=96&d=mm&r=g\",\"caption\":\"Gonzalo Schmidt\"},\"description\":\"Sitio web de noticias de la provincia de Entre R\u00edos, Argentina. Informaci\u00f3n y entretenimiento. Informe Litoral, nos informamos.\",\"sameAs\":[\"http:\\\/\\\/www.isletasnoticias.com.ar\"],\"url\":\"https:\\\/\\\/informelitoral.com.ar\\\/author\\\/gonzalo\\\/\"}]}<\/script>","yoast_head_json":{"title":"Isletas: la comunidad de la Capilla San Lorenzo prepara la tradicional Fiesta Patronal - Informe Litoral","robots":{"index":"index","follow":"follow","max-snippet":"max-snippet:-1","max-image-preview":"max-image-preview:large","max-video-preview":"max-video-preview:-1"},"canonical":"https:\/\/informelitoral.com.ar\/isletas-la-comunidad-de-la-capilla-san-lorenzo-prepara-la-tradicional-fiesta-patronal\/","og_locale":"es_ES","og_type":"article","og_title":"Isletas: la comunidad de la Capilla San Lorenzo prepara la tradicional Fiesta Patronal - Informe Litoral","og_description":"Las actividades comenzar&aacute;n el s&aacute;bado 5 de septiembre con la presencia del arzobispo de Paran&aacute;, Monse&ntilde;or Juan Alberto Puiggari. En tanto, el domingo 13, se oficiar&aacute; la misa, primera comuni&oacute;n, procesi&oacute;n y almuerzo.&nbsp;En el marco del a&ntilde;o de su 70&deg; aniversario, la comunidad de la Capilla San Lorenzo Justiniano de esta localidad del departamento Diamante, [&hellip;]","og_url":"https:\/\/informelitoral.com.ar\/isletas-la-comunidad-de-la-capilla-san-lorenzo-prepara-la-tradicional-fiesta-patronal\/","og_site_name":"Informe Litoral","article_publisher":"https:\/\/www.facebook.com\/informelitoral\/","article_published_time":"2015-08-18T13:13:06+00:00","og_image":[{"width":960,"height":720,"url":"https:\/\/informelitoral.com.ar\/%77%70%2d%63%6f%6e%74%65%6e%74\/uploads\/2015\/08\/1477-ISLETAS.Capilla.jpg","type":"image\/jpeg"}],"author":"Gonzalo Schmidt","twitter_card":"summary_large_image","twitter_creator":"@InformeLitoral","twitter_site":"@InformeLitoral","twitter_misc":{"Escrito por":"Gonzalo Schmidt","Tiempo de lectura":"1 minuto"},"schema":{"@context":"https:\/\/schema.org","@graph":[{"@type":"Article","@id":"https:\/\/informelitoral.com.ar\/isletas-la-comunidad-de-la-capilla-san-lorenzo-prepara-la-tradicional-fiesta-patronal\/#article","isPartOf":{"@id":"https:\/\/informelitoral.com.ar\/isletas-la-comunidad-de-la-capilla-san-lorenzo-prepara-la-tradicional-fiesta-patronal\/"},"author":{"name":"Gonzalo Schmidt","@id":"https:\/\/informelitoral.com.ar\/#\/schema\/person\/b9d00407c836482871ef1d57bf8e3180"},"headline":"Isletas: la comunidad de la Capilla San Lorenzo prepara la tradicional Fiesta Patronal","datePublished":"2015-08-18T13:13:06+00:00","mainEntityOfPage":{"@id":"https:\/\/informelitoral.com.ar\/isletas-la-comunidad-de-la-capilla-san-lorenzo-prepara-la-tradicional-fiesta-patronal\/"},"wordCount":220,"commentCount":0,"publisher":{"@id":"https:\/\/informelitoral.com.ar\/#organization"},"image":{"@id":"https:\/\/informelitoral.com.ar\/isletas-la-comunidad-de-la-capilla-san-lorenzo-prepara-la-tradicional-fiesta-patronal\/#primaryimage"},"thumbnailUrl":"http:\/\/www.isletasnoticias.com.ar\/%77%70%2d%63%6f%6e%74%65%6e%74\/uploads\/2015\/08\/1477-ISLETAS.Capilla-300x225.jpg","articleSection":["Isletas","Sociedad"],"inLanguage":"es","potentialAction":[{"@type":"CommentAction","name":"Comment","target":["https:\/\/informelitoral.com.ar\/isletas-la-comunidad-de-la-capilla-san-lorenzo-prepara-la-tradicional-fiesta-patronal\/#respond"]}]},{"@type":"WebPage","@id":"https:\/\/informelitoral.com.ar\/isletas-la-comunidad-de-la-capilla-san-lorenzo-prepara-la-tradicional-fiesta-patronal\/","url":"https:\/\/informelitoral.com.ar\/isletas-la-comunidad-de-la-capilla-san-lorenzo-prepara-la-tradicional-fiesta-patronal\/","name":"Isletas: la comunidad de la Capilla San Lorenzo prepara la tradicional Fiesta Patronal - Informe Litoral","isPartOf":{"@id":"https:\/\/informelitoral.com.ar\/#website"},"primaryImageOfPage":{"@id":"https:\/\/informelitoral.com.ar\/isletas-la-comunidad-de-la-capilla-san-lorenzo-prepara-la-tradicional-fiesta-patronal\/#primaryimage"},"image":{"@id":"https:\/\/informelitoral.com.ar\/isletas-la-comunidad-de-la-capilla-san-lorenzo-prepara-la-tradicional-fiesta-patronal\/#primaryimage"},"thumbnailUrl":"http:\/\/www.isletasnoticias.com.ar\/%77%70%2d%63%6f%6e%74%65%6e%74\/uploads\/2015\/08\/1477-ISLETAS.Capilla-300x225.jpg","datePublished":"2015-08-18T13:13:06+00:00","breadcrumb":{"@id":"https:\/\/informelitoral.com.ar\/isletas-la-comunidad-de-la-capilla-san-lorenzo-prepara-la-tradicional-fiesta-patronal\/#breadcrumb"},"inLanguage":"es","potentialAction":[{"@type":"ReadAction","target":["https:\/\/informelitoral.com.ar\/isletas-la-comunidad-de-la-capilla-san-lorenzo-prepara-la-tradicional-fiesta-patronal\/"]}]},{"@type":"ImageObject","inLanguage":"es","@id":"https:\/\/informelitoral.com.ar\/isletas-la-comunidad-de-la-capilla-san-lorenzo-prepara-la-tradicional-fiesta-patronal\/#primaryimage","url":"http:\/\/www.isletasnoticias.com.ar\/%77%70%2d%63%6f%6e%74%65%6e%74\/uploads\/2015\/08\/1477-ISLETAS.Capilla-300x225.jpg","contentUrl":"http:\/\/www.isletasnoticias.com.ar\/%77%70%2d%63%6f%6e%74%65%6e%74\/uploads\/2015\/08\/1477-ISLETAS.Capilla-300x225.jpg"},{"@type":"BreadcrumbList","@id":"https:\/\/informelitoral.com.ar\/isletas-la-comunidad-de-la-capilla-san-lorenzo-prepara-la-tradicional-fiesta-patronal\/#breadcrumb","itemListElement":[{"@type":"ListItem","position":1,"name":"Portada","item":"https:\/\/informelitoral.com.ar\/"},{"@type":"ListItem","position":2,"name":"Isletas: la comunidad de la Capilla San Lorenzo prepara la tradicional Fiesta Patronal"}]},{"@type":"WebSite","@id":"https:\/\/informelitoral.com.ar\/#website","url":"https:\/\/informelitoral.com.ar\/","name":"Informe Litoral","description":"&quot;Nos informamos&quot; ","publisher":{"@id":"https:\/\/informelitoral.com.ar\/#organization"},"potentialAction":[{"@type":"SearchAction","target":{"@type":"EntryPoint","urlTemplate":"https:\/\/informelitoral.com.ar\/?s={search_term_string}"},"query-input":{"@type":"PropertyValueSpecification","valueRequired":true,"valueName":"search_term_string"}}],"inLanguage":"es"},{"@type":"Organization","@id":"https:\/\/informelitoral.com.ar\/#organization","name":"Informe Litoral","url":"https:\/\/informelitoral.com.ar\/","logo":{"@type":"ImageObject","inLanguage":"es","@id":"https:\/\/informelitoral.com.ar\/#\/schema\/logo\/image\/","url":"https:\/\/informelitoral.com.ar\/%77%70%2d%63%6f%6e%74%65%6e%74\/uploads\/2021\/01\/circulo.png","contentUrl":"https:\/\/informelitoral.com.ar\/%77%70%2d%63%6f%6e%74%65%6e%74\/uploads\/2021\/01\/circulo.png","width":723,"height":731,"caption":"Informe Litoral"},"image":{"@id":"https:\/\/informelitoral.com.ar\/#\/schema\/logo\/image\/"},"sameAs":["https:\/\/www.facebook.com\/informelitoral\/","https:\/\/x.com\/InformeLitoral","https:\/\/www.instagram.com\/informelitoral\/","https:\/\/www.youtube.com\/channel\/UCua4Qvz8Icb6MYqhoq9xLXw"]},{"@type":"Person","@id":"https:\/\/informelitoral.com.ar\/#\/schema\/person\/b9d00407c836482871ef1d57bf8e3180","name":"Gonzalo Schmidt","image":{"@type":"ImageObject","inLanguage":"es","@id":"https:\/\/secure.gravatar.com\/avatar\/31a1a7b66ff2de83bd0e9fd79d026630d2d99e55e8bfe501287647b4fd9743de?s=96&d=mm&r=g","url":"https:\/\/secure.gravatar.com\/avatar\/31a1a7b66ff2de83bd0e9fd79d026630d2d99e55e8bfe501287647b4fd9743de?s=96&d=mm&r=g","contentUrl":"https:\/\/secure.gravatar.com\/avatar\/31a1a7b66ff2de83bd0e9fd79d026630d2d99e55e8bfe501287647b4fd9743de?s=96&d=mm&r=g","caption":"Gonzalo Schmidt"},"description":"Sitio web de noticias de la provincia de Entre R\u00edos, Argentina. Informaci\u00f3n y entretenimiento. Informe Litoral, nos informamos.","sameAs":["http:\/\/www.isletasnoticias.com.ar"],"url":"https:\/\/informelitoral.com.ar\/author\/gonzalo\/"}]}},"_links":{"self":[{"href":"https:\/\/informelitoral.com.ar\/%77%70%2d%6a%73%6f%6e\/wp\/v2\/posts\/11563","targetHints":{"allow":["GET"]}}],"collection":[{"href":"https:\/\/informelitoral.com.ar\/%77%70%2d%6a%73%6f%6e\/wp\/v2\/posts"}],"about":[{"href":"https:\/\/informelitoral.com.ar\/%77%70%2d%6a%73%6f%6e\/wp\/v2\/types\/post"}],"author":[{"embeddable":true,"href":"https:\/\/informelitoral.com.ar\/%77%70%2d%6a%73%6f%6e\/wp\/v2\/users\/2"}],"replies":[{"embeddable":true,"href":"https:\/\/informelitoral.com.ar\/%77%70%2d%6a%73%6f%6e\/wp\/v2\/comments?post=11563"}],"version-history":[{"count":0,"href":"https:\/\/informelitoral.com.ar\/%77%70%2d%6a%73%6f%6e\/wp\/v2\/posts\/11563\/revisions"}],"wp:attachment":[{"href":"https:\/\/informelitoral.com.ar\/%77%70%2d%6a%73%6f%6e\/wp\/v2\/media?parent=11563"}],"wp:term":[{"taxonomy":"category","embeddable":true,"href":"https:\/\/informelitoral.com.ar\/%77%70%2d%6a%73%6f%6e\/wp\/v2\/categories?post=11563"},{"taxonomy":"post_tag","embeddable":true,"href":"https:\/\/informelitoral.com.ar\/%77%70%2d%6a%73%6f%6e\/wp\/v2\/tags?post=11563"}],"curies":[{"name":"wp","href":"https:\/\/api.w.org\/{rel}","templated":true}]}}