{"id":11560,"date":"2015-08-17T11:47:31","date_gmt":"2015-08-17T14:47:31","guid":{"rendered":"http:\/\/www.isletasnoticias.com.ar\/?p=11560"},"modified":"2015-08-17T11:47:31","modified_gmt":"2015-08-17T14:47:31","slug":"vigencia-del-liderazgo-de-san-martin-lecciones-para-politicos","status":"publish","type":"post","link":"https:\/\/informelitoral.com.ar\/vigencia-del-liderazgo-de-san-martin-lecciones-para-politicos\/","title":{"rendered":"Vigencia del liderazgo de San Mart\u00edn: lecciones para pol\u00edticos"},"content":{"rendered":"<p><strong>Es nuestro h\u00e9roe por excelencia, pero conocemos muy poco su pensamiento. La reveladora carta en la que el hombre que jam\u00e1s se mezcl\u00f3 en querellas sectarias se niega a aprovechar la crisis para convertirse en un \u00abdemagogo<\/strong>\u00ab.<a href=\"http:\/\/www.isletasnoticias.com.ar\/%77%70%2d%63%6f%6e%74%65%6e%74\/uploads\/2015\/08\/San-Martin.jpg\"><img loading=\"lazy\" decoding=\"async\" class=\"aligncenter size-medium wp-image-11561\" src=\"http:\/\/www.isletasnoticias.com.ar\/%77%70%2d%63%6f%6e%74%65%6e%74\/uploads\/2015\/08\/San-Martin-300x150.jpg\" alt=\"San-Martin\" width=\"300\" height=\"150\" srcset=\"https:\/\/informelitoral.com.ar\/%77%70%2d%63%6f%6e%74%65%6e%74\/uploads\/2015\/08\/San-Martin-300x150.jpg 300w, https:\/\/informelitoral.com.ar\/%77%70%2d%63%6f%6e%74%65%6e%74\/uploads\/2015\/08\/San-Martin.jpg 620w\" sizes=\"auto, (max-width: 300px) 100vw, 300px\" \/><\/a>Desde la pol\u00edtica quiz\u00e1s se crea que, en la trayectoria del autor de haza\u00f1as militares que parecen irrepetibles, no hay demasiado para aprender. Esto es en buena medida responsabilidad de sus primeros bi\u00f3grafos, que eran hombres todav\u00eda involucrados en las batallas internas que jalonaron el proceso de construcci\u00f3n de la Naci\u00f3n o imbuidos de sus argumentos.<\/p>\n<p>La aparente ajenidad de San Mart\u00edn a los conflictos pol\u00edticos y a la organizaci\u00f3n del incipiente Estado independiente \u2013\u00e9l libraba las batallas mientras otros fundaban las instituciones- es por lo tanto una construcci\u00f3n de historiadores interesados que, al no poder eludirlo, lo encasillaron en la genialidad militar y lo despojaron de toda otra faceta de su personalidad.<\/p>\n<p>Sin embargo, en momentos en que nuestra dirigencia se revela incapaz tan siquiera de atender una emergencia de modo inmediato y eficiente; o cuando quienes nos gobiernan renuncian a la lucha \u2013al trabajo cotidiano por los dem\u00e1s- pero no a los \u00abhonores\u00bb -las prebendas usufructuadas desde posiciones de poder-; y cuando cotidianamente los argentinos sentimos que el Estado no cumple las funciones b\u00e1sicas que hacen a su raz\u00f3n de ser, protegiendo la vida y los bienes de quienes vivimos en este territorio; \u00bfno estamos en una ocasi\u00f3n ideal para mirarnos en el espejo de un hombre como San Mart\u00edn? No desde un punto de vista moralizante, sino pr\u00e1ctico, concreto, desde la pol\u00edtica como herramienta al servicio del bien com\u00fan.<\/p>\n<p>Pensemos que no hay acontecimiento pol\u00edtico relevante de nuestro proceso de Independencia en el cual San Mart\u00edn no haya tenido una participaci\u00f3n primordial: a poco de llegar a Buenos Aires, intervino en la revoluci\u00f3n de 1812 contra un gobierno \u2013el primer Triunvirato- que se mostraba moroso en la misi\u00f3n de consolidar la independencia; m\u00e1s tarde, previo paso por el Norte, pidi\u00f3 la gobernaci\u00f3n de Cuyo, una posici\u00f3n decisiva para direccionar los esfuerzos hacia el cruce de los Andes y la campa\u00f1a a Chile; pero antes, se hab\u00eda asegurado el nombramiento de un Director Supremo af\u00edn \u2013Juan Mart\u00edn de Pueyrred\u00f3n- para contar con un aliado en Buenos Aires; luego, fue el alma m\u00e1ter del Congreso de Tucum\u00e1n, a distancia, operando a trav\u00e9s de los delegados cuyanos a los que instru\u00eda por carta&#8230;<\/p>\n<p>En momentos en que otros, ante un contexto continental y mundial adverso, pensaban en defeccionar, \u00e9l inst\u00f3 al peque\u00f1o grupo de patriotas reunidos en Tucum\u00e1n a quemar las naves, declarando la Independencia.<\/p>\n<p>La sola organizaci\u00f3n de la Campa\u00f1a a Chile mostr\u00f3 a San Mart\u00edn como un jefe cabal, completo, un hombre concentrado en poner todas las fuerzas a su disposici\u00f3n \u2013cuando nada abundaba- al servicio de un objetivo, cumplido con orden, eficiencia y entusiasmo. Un verdadero ejemplo de maximizaci\u00f3n de recursos limitados.<\/p>\n<p>Cuando se manifestaron los disensos y estallaron las luchas civiles, no se mostr\u00f3 aferrado a ninguna ideolog\u00eda que empa\u00f1ase la finalidad principal: mantener unidas a las provincias para consolidar el territorio de lo que deb\u00eda ser una Naci\u00f3n. En una actitud que contrasta con el clima de enemistad p\u00fablica que vivimos en la actualidad, aunque no apreciaba la organizaci\u00f3n federal \u2013ten\u00eda horror de la anarqu\u00eda-, San Mart\u00edn propuso trasladar la Capital al interior, inst\u00f3 a los caudillos a un\u00edrsele, cultiv\u00f3 la amistad de varios de ellos y se neg\u00f3 a combatirlos.<\/p>\n<p>No estaba apegado dogm\u00e1ticamente a una forma de gobierno determinada; aunque la monarqu\u00eda constitucional era en su opini\u00f3n el sistema que m\u00e1s hubiera funcionado como dique de contenci\u00f3n a las fuerzas centr\u00edfugas en pugna, no se opuso al republicanismo e incluso lo propici\u00f3. Su preocupaci\u00f3n era poner fin a la guerra civil y asegurar la soberan\u00eda de las naciones sudamericanas, todav\u00eda incipientes. Si una testa coronada serv\u00eda para ese fin&#8230;<\/p>\n<p>En tiempos en que los cargos pol\u00edticos parecen un fin en s\u00ed mismo, contrasta la actitud de San Mart\u00edn quien, pudiendo haber asumido la m\u00e1xima jefatura en casi todos los lugares donde actu\u00f3 \u2013un dato poco conocido es que varias veces lo postularon como Director Supremo- s\u00f3lo en dos ocasiones acept\u00f3 el cargo. En Cuyo, donde actu\u00f3 como Gobernador con una consagraci\u00f3n absoluta, porque el genio tambi\u00e9n es trabajo, y en virtud de un objetivo claro. Y en el Per\u00fa, porque la situaci\u00f3n pol\u00edtica no se\u00f1alaba otro candidato, y \u00fanicamente lo fue de modo provisional.<\/p>\n<p>A\u00f1os m\u00e1s tarde, escribi\u00f3 que si hubiese querido coronarse \u00e9l mismo \u2013algo de lo que sus adversarios se cansaron de acusarlo- no eran sus detractores los que hubieran podido imped\u00edrselo&#8230;<\/p>\n<p>En esta misma edici\u00f3n especial (en ocasi\u00f3n del nuevo aniversario de su muerte, el 17 de agosto de 1850 en Francia), reproducimos un retrato del Libertador escrito por Juan Bautista Alberdi, tras conocerlo en Francia en 1843. Se trata de un texto poco conocido pese a su gran valor. All\u00ed, nuestro constitucionalista destaca un rasgo de la personalidad del general, tan acentuado que hasta lo califica de \u00abman\u00eda\u00bb: la modestia. \u00abAl ver el modo de como se considera \u00e9l mismo, se dir\u00eda que este hombre no hab\u00eda hecho nada de notable en el mundo, porque parece que \u00e9l es el primero en creerlo as\u00ed &#8211; escribe Alberdi-. He aqu\u00ed la man\u00eda (del) general San Mart\u00edn; y digo la man\u00eda, porque lleva esta calidad m\u00e1s all\u00e1 de lo conveniente a un hombre de su m\u00e9rito\u00bb.<\/p>\n<p>Y agrega Alberdi: \u00abMientras tenemos hombres que no est\u00e1n contentos sino cuando se les ofusca con el incienso del aplauso por lo bueno que no han hecho, (&#8230;) no hay ejemplo (&#8230;) de que el general San Mart\u00edn haya facilitado datos ni notas para servir a redacciones que hubieran podido serle muy honrosas\u00bb.<\/p>\n<p>Al Libertador de las Provincias Unidas, Chile y Per\u00fa, no le interesaba la figuraci\u00f3n. La fama que tuvo \u2013que fue planetaria y para nada p\u00f3stuma- ven\u00eda de sus logros; \u00e9l nunca la aliment\u00f3 con alardes innecesarios. Los hechos hablaron por \u00e9l.<\/p>\n<p>Hay otro momento cr\u00edtico en la vida del Libertador, sobre el cual escribi\u00f3 un poco m\u00e1s que lo que su habitual parquedad \u2013desesperante para los historiadores- le dictaba. Y lo hizo s\u00f3lo para explicarse ante sus amigos en cartas privadas.<\/p>\n<p>En noviembre de 1828, San Mart\u00edn emprendi\u00f3 el \u00fanico viaje de regreso a la patria que intentar\u00eda luego de su retiro. Pero al llegar a R\u00edo de Janeiro, en enero de 1829, se enter\u00f3 del levantamiento de Lavalle contra Dorrego. Permaneci\u00f3 unos d\u00edas en la rada de Buenos Aires, sin desembarcar, y parti\u00f3 hacia Montevideo para no verse mezclado en la nueva anarqu\u00eda que se abr\u00eda en el R\u00edo de la Plata. De todos modos, no pudo evitar que lo alcanzasen los coletazos de la crisis: cuando Lavalle se vio en aprietos por la situaci\u00f3n, le envi\u00f3 dos emisarios para ofrecerle el gobierno. San Mart\u00edn se neg\u00f3 y regres\u00f3 a Europa. Ya no volver\u00eda. Pero a Tom\u00e1s Guido le hab\u00eda prometido explicarle los porqu\u00e9s. As\u00ed lo hizo, en una carta fechada en abril de 1929, y llena de sentido pol\u00edtico, como lo muestra el p\u00e1rrafo que sigue:<\/p>\n<p>\u00abLa historia y m\u00e1s que todo la experiencia de nuestra revoluci\u00f3n, me han demostrado que jam\u00e1s se puede mandar con m\u00e1s seguridad a los pueblos que los dos primeros a\u00f1os despu\u00e9s de una gran crisis, tal es la situaci\u00f3n en que quedar\u00e1 el de Buenos Aires, que \u00e9l no exigir\u00e1 del que lo mande despu\u00e9s de esta lucha, m\u00e1s que tranquilidad. Si sentimientos menos nobles que los que poseo a favor de nuestro suelo fuesen el norte que me dirigiesen, aprovechar\u00eda de esta coyuntura para enga\u00f1ar a ese heroico pueblo, como lo han hecho unos cuantos demagogos que con sus locas teor\u00edas lo han precipitado en los males que lo afligen y d\u00e1dole el pernicioso ejemplo de calumniar y perseguir a los hombres de bien\u00bb.<\/p>\n<p>L\u00edneas que impactan, por los paralelos con nuestra historia reciente, casi con nuestro presente, y confirman que el hombre se empecina en reiterar sus errores. Como lo se\u00f1ala San Mart\u00edn, y contrariamente a lo que puede pensarse, es m\u00e1s f\u00e1cil gobernar tras una gran crisis. Pero el agotamiento en que quedan las diferentes fuerzas de la sociedad tras poner todo en juego en la crisis, puede ser aprovechado tanto para el bien como para el mal, tanto para la grandeza como para la mezquindad, tanto para generar gobernabilidad como para prolongar el caos, tanto para sembrar concordia como para atrincherarse en el sectarismo, tanto para la alta pol\u00edtica como para la demagogia. <em>(Claudia Peir\u00f3<\/em> para <em>Infobae)<\/em><\/p>\n","protected":false},"excerpt":{"rendered":"<p>Es nuestro h&eacute;roe por excelencia, pero conocemos muy poco su pensamiento. La reveladora carta en la que el hombre que jam&aacute;s se mezcl&oacute; en querellas sectarias se niega a aprovechar la crisis para convertirse en un &laquo;demagogo&laquo;.Desde la pol&iacute;tica quiz&aacute;s se crea que, en la trayectoria del autor de haza&ntilde;as militares que parecen irrepetibles, no [&hellip;]<\/p>\n","protected":false},"author":2,"featured_media":0,"comment_status":"open","ping_status":"open","sticky":false,"template":"","format":"standard","meta":{"fifu_image_url":"","fifu_image_alt":"","footnotes":""},"categories":[7,16],"tags":[],"class_list":{"0":"post-11560","1":"post","2":"type-post","3":"status-publish","4":"format-standard","6":"category-nacionales","7":"category-politi"},"yoast_head":"<title>Vigencia del liderazgo de San Mart\u00edn: lecciones para pol\u00edticos - Informe Litoral<\/title>\n<meta name=\"robots\" content=\"index, follow, max-snippet:-1, max-image-preview:large, max-video-preview:-1\" \/>\n<link rel=\"canonical\" href=\"https:\/\/informelitoral.com.ar\/vigencia-del-liderazgo-de-san-martin-lecciones-para-politicos\/\" \/>\n<meta property=\"og:locale\" content=\"es_ES\" \/>\n<meta property=\"og:type\" content=\"article\" \/>\n<meta property=\"og:title\" content=\"Vigencia del liderazgo de San Mart\u00edn: lecciones para pol\u00edticos - Informe Litoral\" \/>\n<meta property=\"og:description\" content=\"Es nuestro h&eacute;roe por excelencia, pero conocemos muy poco su pensamiento. La reveladora carta en la que el hombre que jam&aacute;s se mezcl&oacute; en querellas sectarias se niega a aprovechar la crisis para convertirse en un &laquo;demagogo&laquo;.Desde la pol&iacute;tica quiz&aacute;s se crea que, en la trayectoria del autor de haza&ntilde;as militares que parecen irrepetibles, no [&hellip;]\" \/>\n<meta property=\"og:url\" content=\"https:\/\/informelitoral.com.ar\/vigencia-del-liderazgo-de-san-martin-lecciones-para-politicos\/\" \/>\n<meta property=\"og:site_name\" content=\"Informe Litoral\" \/>\n<meta property=\"article:publisher\" content=\"https:\/\/www.facebook.com\/informelitoral\/\" \/>\n<meta property=\"article:published_time\" content=\"2015-08-17T14:47:31+00:00\" \/>\n<meta property=\"og:image\" content=\"https:\/\/informelitoral.com.ar\/%77%70%2d%63%6f%6e%74%65%6e%74\/uploads\/2015\/08\/San-Martin.jpg\" \/>\n\t<meta property=\"og:image:width\" content=\"620\" \/>\n\t<meta property=\"og:image:height\" content=\"309\" \/>\n\t<meta property=\"og:image:type\" content=\"image\/jpeg\" \/>\n<meta name=\"author\" content=\"Gonzalo Schmidt\" \/>\n<meta name=\"twitter:card\" content=\"summary_large_image\" \/>\n<meta name=\"twitter:creator\" content=\"@InformeLitoral\" \/>\n<meta name=\"twitter:site\" content=\"@InformeLitoral\" \/>\n<meta name=\"twitter:label1\" content=\"Escrito por\" \/>\n\t<meta name=\"twitter:data1\" content=\"Gonzalo Schmidt\" \/>\n\t<meta name=\"twitter:label2\" content=\"Tiempo de lectura\" \/>\n\t<meta name=\"twitter:data2\" content=\"8 minutos\" \/>\n<script type=\"application\/ld+json\" class=\"yoast-schema-graph\">{\"@context\":\"https:\\\/\\\/schema.org\",\"@graph\":[{\"@type\":\"Article\",\"@id\":\"https:\\\/\\\/informelitoral.com.ar\\\/vigencia-del-liderazgo-de-san-martin-lecciones-para-politicos\\\/#article\",\"isPartOf\":{\"@id\":\"https:\\\/\\\/informelitoral.com.ar\\\/vigencia-del-liderazgo-de-san-martin-lecciones-para-politicos\\\/\"},\"author\":{\"name\":\"Gonzalo Schmidt\",\"@id\":\"https:\\\/\\\/informelitoral.com.ar\\\/#\\\/schema\\\/person\\\/b9d00407c836482871ef1d57bf8e3180\"},\"headline\":\"Vigencia del liderazgo de San Mart\u00edn: lecciones para pol\u00edticos\",\"datePublished\":\"2015-08-17T14:47:31+00:00\",\"mainEntityOfPage\":{\"@id\":\"https:\\\/\\\/informelitoral.com.ar\\\/vigencia-del-liderazgo-de-san-martin-lecciones-para-politicos\\\/\"},\"wordCount\":1555,\"commentCount\":0,\"publisher\":{\"@id\":\"https:\\\/\\\/informelitoral.com.ar\\\/#organization\"},\"image\":{\"@id\":\"https:\\\/\\\/informelitoral.com.ar\\\/vigencia-del-liderazgo-de-san-martin-lecciones-para-politicos\\\/#primaryimage\"},\"thumbnailUrl\":\"http:\\\/\\\/www.isletasnoticias.com.ar\\\/%77%70%2d%63%6f%6e%74%65%6e%74\\\/uploads\\\/2015\\\/08\\\/San-Martin-300x150.jpg\",\"articleSection\":[\"Nacionales\",\"Politica\"],\"inLanguage\":\"es\",\"potentialAction\":[{\"@type\":\"CommentAction\",\"name\":\"Comment\",\"target\":[\"https:\\\/\\\/informelitoral.com.ar\\\/vigencia-del-liderazgo-de-san-martin-lecciones-para-politicos\\\/#respond\"]}]},{\"@type\":\"WebPage\",\"@id\":\"https:\\\/\\\/informelitoral.com.ar\\\/vigencia-del-liderazgo-de-san-martin-lecciones-para-politicos\\\/\",\"url\":\"https:\\\/\\\/informelitoral.com.ar\\\/vigencia-del-liderazgo-de-san-martin-lecciones-para-politicos\\\/\",\"name\":\"Vigencia del liderazgo de San Mart\u00edn: lecciones para pol\u00edticos - Informe Litoral\",\"isPartOf\":{\"@id\":\"https:\\\/\\\/informelitoral.com.ar\\\/#website\"},\"primaryImageOfPage\":{\"@id\":\"https:\\\/\\\/informelitoral.com.ar\\\/vigencia-del-liderazgo-de-san-martin-lecciones-para-politicos\\\/#primaryimage\"},\"image\":{\"@id\":\"https:\\\/\\\/informelitoral.com.ar\\\/vigencia-del-liderazgo-de-san-martin-lecciones-para-politicos\\\/#primaryimage\"},\"thumbnailUrl\":\"http:\\\/\\\/www.isletasnoticias.com.ar\\\/%77%70%2d%63%6f%6e%74%65%6e%74\\\/uploads\\\/2015\\\/08\\\/San-Martin-300x150.jpg\",\"datePublished\":\"2015-08-17T14:47:31+00:00\",\"breadcrumb\":{\"@id\":\"https:\\\/\\\/informelitoral.com.ar\\\/vigencia-del-liderazgo-de-san-martin-lecciones-para-politicos\\\/#breadcrumb\"},\"inLanguage\":\"es\",\"potentialAction\":[{\"@type\":\"ReadAction\",\"target\":[\"https:\\\/\\\/informelitoral.com.ar\\\/vigencia-del-liderazgo-de-san-martin-lecciones-para-politicos\\\/\"]}]},{\"@type\":\"ImageObject\",\"inLanguage\":\"es\",\"@id\":\"https:\\\/\\\/informelitoral.com.ar\\\/vigencia-del-liderazgo-de-san-martin-lecciones-para-politicos\\\/#primaryimage\",\"url\":\"http:\\\/\\\/www.isletasnoticias.com.ar\\\/%77%70%2d%63%6f%6e%74%65%6e%74\\\/uploads\\\/2015\\\/08\\\/San-Martin-300x150.jpg\",\"contentUrl\":\"http:\\\/\\\/www.isletasnoticias.com.ar\\\/%77%70%2d%63%6f%6e%74%65%6e%74\\\/uploads\\\/2015\\\/08\\\/San-Martin-300x150.jpg\"},{\"@type\":\"BreadcrumbList\",\"@id\":\"https:\\\/\\\/informelitoral.com.ar\\\/vigencia-del-liderazgo-de-san-martin-lecciones-para-politicos\\\/#breadcrumb\",\"itemListElement\":[{\"@type\":\"ListItem\",\"position\":1,\"name\":\"Portada\",\"item\":\"https:\\\/\\\/informelitoral.com.ar\\\/\"},{\"@type\":\"ListItem\",\"position\":2,\"name\":\"Vigencia del liderazgo de San Mart\u00edn: lecciones para pol\u00edticos\"}]},{\"@type\":\"WebSite\",\"@id\":\"https:\\\/\\\/informelitoral.com.ar\\\/#website\",\"url\":\"https:\\\/\\\/informelitoral.com.ar\\\/\",\"name\":\"Informe Litoral\",\"description\":\"&quot;Nos informamos&quot; \",\"publisher\":{\"@id\":\"https:\\\/\\\/informelitoral.com.ar\\\/#organization\"},\"potentialAction\":[{\"@type\":\"SearchAction\",\"target\":{\"@type\":\"EntryPoint\",\"urlTemplate\":\"https:\\\/\\\/informelitoral.com.ar\\\/?s={search_term_string}\"},\"query-input\":{\"@type\":\"PropertyValueSpecification\",\"valueRequired\":true,\"valueName\":\"search_term_string\"}}],\"inLanguage\":\"es\"},{\"@type\":\"Organization\",\"@id\":\"https:\\\/\\\/informelitoral.com.ar\\\/#organization\",\"name\":\"Informe Litoral\",\"url\":\"https:\\\/\\\/informelitoral.com.ar\\\/\",\"logo\":{\"@type\":\"ImageObject\",\"inLanguage\":\"es\",\"@id\":\"https:\\\/\\\/informelitoral.com.ar\\\/#\\\/schema\\\/logo\\\/image\\\/\",\"url\":\"https:\\\/\\\/informelitoral.com.ar\\\/%77%70%2d%63%6f%6e%74%65%6e%74\\\/uploads\\\/2021\\\/01\\\/circulo.png\",\"contentUrl\":\"https:\\\/\\\/informelitoral.com.ar\\\/%77%70%2d%63%6f%6e%74%65%6e%74\\\/uploads\\\/2021\\\/01\\\/circulo.png\",\"width\":723,\"height\":731,\"caption\":\"Informe Litoral\"},\"image\":{\"@id\":\"https:\\\/\\\/informelitoral.com.ar\\\/#\\\/schema\\\/logo\\\/image\\\/\"},\"sameAs\":[\"https:\\\/\\\/www.facebook.com\\\/informelitoral\\\/\",\"https:\\\/\\\/x.com\\\/InformeLitoral\",\"https:\\\/\\\/www.instagram.com\\\/informelitoral\\\/\",\"https:\\\/\\\/www.youtube.com\\\/channel\\\/UCua4Qvz8Icb6MYqhoq9xLXw\"]},{\"@type\":\"Person\",\"@id\":\"https:\\\/\\\/informelitoral.com.ar\\\/#\\\/schema\\\/person\\\/b9d00407c836482871ef1d57bf8e3180\",\"name\":\"Gonzalo Schmidt\",\"image\":{\"@type\":\"ImageObject\",\"inLanguage\":\"es\",\"@id\":\"https:\\\/\\\/secure.gravatar.com\\\/avatar\\\/31a1a7b66ff2de83bd0e9fd79d026630d2d99e55e8bfe501287647b4fd9743de?s=96&d=mm&r=g\",\"url\":\"https:\\\/\\\/secure.gravatar.com\\\/avatar\\\/31a1a7b66ff2de83bd0e9fd79d026630d2d99e55e8bfe501287647b4fd9743de?s=96&d=mm&r=g\",\"contentUrl\":\"https:\\\/\\\/secure.gravatar.com\\\/avatar\\\/31a1a7b66ff2de83bd0e9fd79d026630d2d99e55e8bfe501287647b4fd9743de?s=96&d=mm&r=g\",\"caption\":\"Gonzalo Schmidt\"},\"description\":\"Sitio web de noticias de la provincia de Entre R\u00edos, Argentina. Informaci\u00f3n y entretenimiento. Informe Litoral, nos informamos.\",\"sameAs\":[\"http:\\\/\\\/www.isletasnoticias.com.ar\"],\"url\":\"https:\\\/\\\/informelitoral.com.ar\\\/author\\\/gonzalo\\\/\"}]}<\/script>","yoast_head_json":{"title":"Vigencia del liderazgo de San Mart\u00edn: lecciones para pol\u00edticos - Informe Litoral","robots":{"index":"index","follow":"follow","max-snippet":"max-snippet:-1","max-image-preview":"max-image-preview:large","max-video-preview":"max-video-preview:-1"},"canonical":"https:\/\/informelitoral.com.ar\/vigencia-del-liderazgo-de-san-martin-lecciones-para-politicos\/","og_locale":"es_ES","og_type":"article","og_title":"Vigencia del liderazgo de San Mart\u00edn: lecciones para pol\u00edticos - Informe Litoral","og_description":"Es nuestro h&eacute;roe por excelencia, pero conocemos muy poco su pensamiento. La reveladora carta en la que el hombre que jam&aacute;s se mezcl&oacute; en querellas sectarias se niega a aprovechar la crisis para convertirse en un &laquo;demagogo&laquo;.Desde la pol&iacute;tica quiz&aacute;s se crea que, en la trayectoria del autor de haza&ntilde;as militares que parecen irrepetibles, no [&hellip;]","og_url":"https:\/\/informelitoral.com.ar\/vigencia-del-liderazgo-de-san-martin-lecciones-para-politicos\/","og_site_name":"Informe Litoral","article_publisher":"https:\/\/www.facebook.com\/informelitoral\/","article_published_time":"2015-08-17T14:47:31+00:00","og_image":[{"width":620,"height":309,"url":"https:\/\/informelitoral.com.ar\/%77%70%2d%63%6f%6e%74%65%6e%74\/uploads\/2015\/08\/San-Martin.jpg","type":"image\/jpeg"}],"author":"Gonzalo Schmidt","twitter_card":"summary_large_image","twitter_creator":"@InformeLitoral","twitter_site":"@InformeLitoral","twitter_misc":{"Escrito por":"Gonzalo Schmidt","Tiempo de lectura":"8 minutos"},"schema":{"@context":"https:\/\/schema.org","@graph":[{"@type":"Article","@id":"https:\/\/informelitoral.com.ar\/vigencia-del-liderazgo-de-san-martin-lecciones-para-politicos\/#article","isPartOf":{"@id":"https:\/\/informelitoral.com.ar\/vigencia-del-liderazgo-de-san-martin-lecciones-para-politicos\/"},"author":{"name":"Gonzalo Schmidt","@id":"https:\/\/informelitoral.com.ar\/#\/schema\/person\/b9d00407c836482871ef1d57bf8e3180"},"headline":"Vigencia del liderazgo de San Mart\u00edn: lecciones para pol\u00edticos","datePublished":"2015-08-17T14:47:31+00:00","mainEntityOfPage":{"@id":"https:\/\/informelitoral.com.ar\/vigencia-del-liderazgo-de-san-martin-lecciones-para-politicos\/"},"wordCount":1555,"commentCount":0,"publisher":{"@id":"https:\/\/informelitoral.com.ar\/#organization"},"image":{"@id":"https:\/\/informelitoral.com.ar\/vigencia-del-liderazgo-de-san-martin-lecciones-para-politicos\/#primaryimage"},"thumbnailUrl":"http:\/\/www.isletasnoticias.com.ar\/%77%70%2d%63%6f%6e%74%65%6e%74\/uploads\/2015\/08\/San-Martin-300x150.jpg","articleSection":["Nacionales","Politica"],"inLanguage":"es","potentialAction":[{"@type":"CommentAction","name":"Comment","target":["https:\/\/informelitoral.com.ar\/vigencia-del-liderazgo-de-san-martin-lecciones-para-politicos\/#respond"]}]},{"@type":"WebPage","@id":"https:\/\/informelitoral.com.ar\/vigencia-del-liderazgo-de-san-martin-lecciones-para-politicos\/","url":"https:\/\/informelitoral.com.ar\/vigencia-del-liderazgo-de-san-martin-lecciones-para-politicos\/","name":"Vigencia del liderazgo de San Mart\u00edn: lecciones para pol\u00edticos - Informe Litoral","isPartOf":{"@id":"https:\/\/informelitoral.com.ar\/#website"},"primaryImageOfPage":{"@id":"https:\/\/informelitoral.com.ar\/vigencia-del-liderazgo-de-san-martin-lecciones-para-politicos\/#primaryimage"},"image":{"@id":"https:\/\/informelitoral.com.ar\/vigencia-del-liderazgo-de-san-martin-lecciones-para-politicos\/#primaryimage"},"thumbnailUrl":"http:\/\/www.isletasnoticias.com.ar\/%77%70%2d%63%6f%6e%74%65%6e%74\/uploads\/2015\/08\/San-Martin-300x150.jpg","datePublished":"2015-08-17T14:47:31+00:00","breadcrumb":{"@id":"https:\/\/informelitoral.com.ar\/vigencia-del-liderazgo-de-san-martin-lecciones-para-politicos\/#breadcrumb"},"inLanguage":"es","potentialAction":[{"@type":"ReadAction","target":["https:\/\/informelitoral.com.ar\/vigencia-del-liderazgo-de-san-martin-lecciones-para-politicos\/"]}]},{"@type":"ImageObject","inLanguage":"es","@id":"https:\/\/informelitoral.com.ar\/vigencia-del-liderazgo-de-san-martin-lecciones-para-politicos\/#primaryimage","url":"http:\/\/www.isletasnoticias.com.ar\/%77%70%2d%63%6f%6e%74%65%6e%74\/uploads\/2015\/08\/San-Martin-300x150.jpg","contentUrl":"http:\/\/www.isletasnoticias.com.ar\/%77%70%2d%63%6f%6e%74%65%6e%74\/uploads\/2015\/08\/San-Martin-300x150.jpg"},{"@type":"BreadcrumbList","@id":"https:\/\/informelitoral.com.ar\/vigencia-del-liderazgo-de-san-martin-lecciones-para-politicos\/#breadcrumb","itemListElement":[{"@type":"ListItem","position":1,"name":"Portada","item":"https:\/\/informelitoral.com.ar\/"},{"@type":"ListItem","position":2,"name":"Vigencia del liderazgo de San Mart\u00edn: lecciones para pol\u00edticos"}]},{"@type":"WebSite","@id":"https:\/\/informelitoral.com.ar\/#website","url":"https:\/\/informelitoral.com.ar\/","name":"Informe Litoral","description":"&quot;Nos informamos&quot; ","publisher":{"@id":"https:\/\/informelitoral.com.ar\/#organization"},"potentialAction":[{"@type":"SearchAction","target":{"@type":"EntryPoint","urlTemplate":"https:\/\/informelitoral.com.ar\/?s={search_term_string}"},"query-input":{"@type":"PropertyValueSpecification","valueRequired":true,"valueName":"search_term_string"}}],"inLanguage":"es"},{"@type":"Organization","@id":"https:\/\/informelitoral.com.ar\/#organization","name":"Informe Litoral","url":"https:\/\/informelitoral.com.ar\/","logo":{"@type":"ImageObject","inLanguage":"es","@id":"https:\/\/informelitoral.com.ar\/#\/schema\/logo\/image\/","url":"https:\/\/informelitoral.com.ar\/%77%70%2d%63%6f%6e%74%65%6e%74\/uploads\/2021\/01\/circulo.png","contentUrl":"https:\/\/informelitoral.com.ar\/%77%70%2d%63%6f%6e%74%65%6e%74\/uploads\/2021\/01\/circulo.png","width":723,"height":731,"caption":"Informe Litoral"},"image":{"@id":"https:\/\/informelitoral.com.ar\/#\/schema\/logo\/image\/"},"sameAs":["https:\/\/www.facebook.com\/informelitoral\/","https:\/\/x.com\/InformeLitoral","https:\/\/www.instagram.com\/informelitoral\/","https:\/\/www.youtube.com\/channel\/UCua4Qvz8Icb6MYqhoq9xLXw"]},{"@type":"Person","@id":"https:\/\/informelitoral.com.ar\/#\/schema\/person\/b9d00407c836482871ef1d57bf8e3180","name":"Gonzalo Schmidt","image":{"@type":"ImageObject","inLanguage":"es","@id":"https:\/\/secure.gravatar.com\/avatar\/31a1a7b66ff2de83bd0e9fd79d026630d2d99e55e8bfe501287647b4fd9743de?s=96&d=mm&r=g","url":"https:\/\/secure.gravatar.com\/avatar\/31a1a7b66ff2de83bd0e9fd79d026630d2d99e55e8bfe501287647b4fd9743de?s=96&d=mm&r=g","contentUrl":"https:\/\/secure.gravatar.com\/avatar\/31a1a7b66ff2de83bd0e9fd79d026630d2d99e55e8bfe501287647b4fd9743de?s=96&d=mm&r=g","caption":"Gonzalo Schmidt"},"description":"Sitio web de noticias de la provincia de Entre R\u00edos, Argentina. Informaci\u00f3n y entretenimiento. Informe Litoral, nos informamos.","sameAs":["http:\/\/www.isletasnoticias.com.ar"],"url":"https:\/\/informelitoral.com.ar\/author\/gonzalo\/"}]}},"_links":{"self":[{"href":"https:\/\/informelitoral.com.ar\/%77%70%2d%6a%73%6f%6e\/wp\/v2\/posts\/11560","targetHints":{"allow":["GET"]}}],"collection":[{"href":"https:\/\/informelitoral.com.ar\/%77%70%2d%6a%73%6f%6e\/wp\/v2\/posts"}],"about":[{"href":"https:\/\/informelitoral.com.ar\/%77%70%2d%6a%73%6f%6e\/wp\/v2\/types\/post"}],"author":[{"embeddable":true,"href":"https:\/\/informelitoral.com.ar\/%77%70%2d%6a%73%6f%6e\/wp\/v2\/users\/2"}],"replies":[{"embeddable":true,"href":"https:\/\/informelitoral.com.ar\/%77%70%2d%6a%73%6f%6e\/wp\/v2\/comments?post=11560"}],"version-history":[{"count":0,"href":"https:\/\/informelitoral.com.ar\/%77%70%2d%6a%73%6f%6e\/wp\/v2\/posts\/11560\/revisions"}],"wp:attachment":[{"href":"https:\/\/informelitoral.com.ar\/%77%70%2d%6a%73%6f%6e\/wp\/v2\/media?parent=11560"}],"wp:term":[{"taxonomy":"category","embeddable":true,"href":"https:\/\/informelitoral.com.ar\/%77%70%2d%6a%73%6f%6e\/wp\/v2\/categories?post=11560"},{"taxonomy":"post_tag","embeddable":true,"href":"https:\/\/informelitoral.com.ar\/%77%70%2d%6a%73%6f%6e\/wp\/v2\/tags?post=11560"}],"curies":[{"name":"wp","href":"https:\/\/api.w.org\/{rel}","templated":true}]}}