{"id":11550,"date":"2015-08-16T08:56:54","date_gmt":"2015-08-16T11:56:54","guid":{"rendered":"http:\/\/www.isletasnoticias.com.ar\/?p=11550"},"modified":"2015-08-16T08:56:54","modified_gmt":"2015-08-16T11:56:54","slug":"tragedia-en-ruta-11-una-mujer-perdio-la-vida-en-un-choque-frontal","status":"publish","type":"post","link":"https:\/\/informelitoral.com.ar\/tragedia-en-ruta-11-una-mujer-perdio-la-vida-en-un-choque-frontal\/","title":{"rendered":"Tragedia en Ruta 11: Una mujer perdi\u00f3 la vida en un choque frontal"},"content":{"rendered":"<p><strong>Fue a la altura del kil\u00f3metro 38, cerca de Strobel. Fuentes policiales confirmaron\u00a0que hay otras tres personas hospitalizadas con lesiones graves. El tr\u00e1nsito vehicular sobre Ruta 11 estuvo cortado.<\/strong><\/p>\n<figure id=\"attachment_11552\" aria-describedby=\"caption-attachment-11552\" style=\"width: 300px\" class=\"wp-caption aligncenter\"><a href=\"http:\/\/www.isletasnoticias.com.ar\/%77%70%2d%63%6f%6e%74%65%6e%74\/uploads\/2015\/08\/o_1439681537.jpg\"><img loading=\"lazy\" decoding=\"async\" class=\"wp-image-11552 size-medium\" src=\"http:\/\/www.isletasnoticias.com.ar\/%77%70%2d%63%6f%6e%74%65%6e%74\/uploads\/2015\/08\/o_1439681537-300x169.jpg\" alt=\"o_1439681537\" width=\"300\" height=\"169\" srcset=\"https:\/\/informelitoral.com.ar\/%77%70%2d%63%6f%6e%74%65%6e%74\/uploads\/2015\/08\/o_1439681537-300x169.jpg 300w, https:\/\/informelitoral.com.ar\/%77%70%2d%63%6f%6e%74%65%6e%74\/uploads\/2015\/08\/o_1439681537.jpg 800w\" sizes=\"auto, (max-width: 300px) 100vw, 300px\" \/><\/a><figcaption id=\"caption-attachment-11552\" class=\"wp-caption-text\">(Foto: Neo Net)<\/figcaption><\/figure>\n<p>Una mujer de 63 a\u00f1os perdi\u00f3 la vida en forma instant\u00e1nea tras una violenta colisi\u00f3n entre una camioneta Chevrolet Meriva y una Renault Kangoo. Fue a la altura del kil\u00f3metro 38 de Ruta Provincial 11, en cercan\u00edas a Strobel (departamento Diamante), pasadas las 18 de este s\u00e1bado. Seg\u00fan confirmaron fuentes policiales, la v\u00edctima fue identificada como <strong>Lina Beatriz Schneider<\/strong>, domiciliada Villa Libertador San Mart\u00edn.<a href=\"http:\/\/www.isletasnoticias.com.ar\/%77%70%2d%63%6f%6e%74%65%6e%74\/uploads\/2015\/08\/o_1439681536.jpg\"><img loading=\"lazy\" decoding=\"async\" class=\" size-medium wp-image-11551 alignright\" src=\"http:\/\/www.isletasnoticias.com.ar\/%77%70%2d%63%6f%6e%74%65%6e%74\/uploads\/2015\/08\/o_1439681536-300x169.jpg\" alt=\"o_1439681536\" width=\"300\" height=\"169\" srcset=\"https:\/\/informelitoral.com.ar\/%77%70%2d%63%6f%6e%74%65%6e%74\/uploads\/2015\/08\/o_1439681536-300x169.jpg 300w, https:\/\/informelitoral.com.ar\/%77%70%2d%63%6f%6e%74%65%6e%74\/uploads\/2015\/08\/o_1439681536.jpg 800w\" sizes=\"auto, (max-width: 300px) 100vw, 300px\" \/><\/a><\/p>\n<p>En el Meriva viajaban dos mujeres, cuya conductora, una mujer de 63 a\u00f1os identificada como Lina Schneider, de Villa Libertador San Mart\u00edn, muri\u00f3 en el lugar. La otra mujer, de 58 a\u00f1os, identificada como <strong>Ana Teresa Wagner<\/strong>, fue trasladada en grave estado al hospital San Mart\u00edn, de Paran\u00e1.<\/p>\n<p>Seg\u00fan las primera informaciones la colisi\u00f3n frontal ocurri\u00f3 entre un automovil Renault Meriva (Dominio GFL 974) que viajaba en sentido norte- sur y un utilitario Renault Kagoo (Dominio OJZ 674), que lo hac\u00eda en sentido contrario, y el que se habr\u00eda cruzado de carril por un revent\u00f3n de un nem\u00e1tico.<\/p>\n<p>En tanto, en el utilitario viajaban dos hombres que sufrieron politraumatismos y fracturas y tambi\u00e9n fueron hospitalizados. El conductor, un ciudadano peruano de 29 a\u00f1os, identificado como <strong>Edgar Julca Tangoa<\/strong>, y su acompa\u00f1ante <strong>Jorge Rafael Ben\u00edtez<\/strong> de 20, ambos domiciliados en Villa Libertador San Mart\u00edn.<\/p>\n<p>La ruta provincial se encontraba cortada desde el acceso a Strobel y el cruce de rutas 11 y 131.<\/p>\n<p>Trabajaron en el lugar, Polic\u00eda Caminera, Personal de Criminal\u00edstica y Bomberos Voluntarios Diamante, participaron en el traslado de los heridos ambulancias del hospital San Jos\u00e9 y del servicio de emergencias privado.<\/p>\n<p>Suman ocho las v\u00edctimas fatales tras accidentes de tr\u00e1nsito en el inicio del fin de semana largo. <em>(Elonce.com)<\/em><\/p>\n","protected":false},"excerpt":{"rendered":"<p>Fue a la altura del kil&oacute;metro 38, cerca de Strobel. Fuentes policiales confirmaron&nbsp;que hay otras tres personas hospitalizadas con lesiones graves. El tr&aacute;nsito vehicular sobre Ruta 11 estuvo cortado. Una mujer de 63 a&ntilde;os perdi&oacute; la vida en forma instant&aacute;nea tras una violenta colisi&oacute;n entre una camioneta Chevrolet Meriva y una Renault Kangoo. Fue a [&hellip;]<\/p>\n","protected":false},"author":2,"featured_media":0,"comment_status":"open","ping_status":"open","sticky":false,"template":"","format":"standard","meta":{"fifu_image_url":"","fifu_image_alt":"","footnotes":""},"categories":[5,14],"tags":[],"class_list":{"0":"post-11550","1":"post","2":"type-post","3":"status-publish","4":"format-standard","6":"category-zonales","7":"category-policiales"},"yoast_head":"<title>Tragedia en Ruta 11: Una mujer perdi\u00f3 la vida en un choque frontal - Informe Litoral<\/title>\n<meta name=\"robots\" content=\"index, follow, max-snippet:-1, max-image-preview:large, max-video-preview:-1\" \/>\n<link rel=\"canonical\" href=\"https:\/\/informelitoral.com.ar\/tragedia-en-ruta-11-una-mujer-perdio-la-vida-en-un-choque-frontal\/\" \/>\n<meta property=\"og:locale\" content=\"es_ES\" \/>\n<meta property=\"og:type\" content=\"article\" \/>\n<meta property=\"og:title\" content=\"Tragedia en Ruta 11: Una mujer perdi\u00f3 la vida en un choque frontal - Informe Litoral\" \/>\n<meta property=\"og:description\" content=\"Fue a la altura del kil&oacute;metro 38, cerca de Strobel. Fuentes policiales confirmaron&nbsp;que hay otras tres personas hospitalizadas con lesiones graves. El tr&aacute;nsito vehicular sobre Ruta 11 estuvo cortado. Una mujer de 63 a&ntilde;os perdi&oacute; la vida en forma instant&aacute;nea tras una violenta colisi&oacute;n entre una camioneta Chevrolet Meriva y una Renault Kangoo. Fue a [&hellip;]\" \/>\n<meta property=\"og:url\" content=\"https:\/\/informelitoral.com.ar\/tragedia-en-ruta-11-una-mujer-perdio-la-vida-en-un-choque-frontal\/\" \/>\n<meta property=\"og:site_name\" content=\"Informe Litoral\" \/>\n<meta property=\"article:publisher\" content=\"https:\/\/www.facebook.com\/informelitoral\/\" \/>\n<meta property=\"article:published_time\" content=\"2015-08-16T11:56:54+00:00\" \/>\n<meta property=\"og:image\" content=\"https:\/\/informelitoral.com.ar\/%77%70%2d%63%6f%6e%74%65%6e%74\/uploads\/2015\/08\/o_1439681537.jpg\" \/>\n\t<meta property=\"og:image:width\" content=\"800\" \/>\n\t<meta property=\"og:image:height\" content=\"450\" \/>\n\t<meta property=\"og:image:type\" content=\"image\/jpeg\" \/>\n<meta name=\"author\" content=\"Gonzalo Schmidt\" \/>\n<meta name=\"twitter:card\" content=\"summary_large_image\" \/>\n<meta name=\"twitter:creator\" content=\"@InformeLitoral\" \/>\n<meta name=\"twitter:site\" content=\"@InformeLitoral\" \/>\n<meta name=\"twitter:label1\" content=\"Escrito por\" \/>\n\t<meta name=\"twitter:data1\" content=\"Gonzalo Schmidt\" \/>\n\t<meta name=\"twitter:label2\" content=\"Tiempo de lectura\" \/>\n\t<meta name=\"twitter:data2\" content=\"2 minutos\" \/>\n<script type=\"application\/ld+json\" class=\"yoast-schema-graph\">{\"@context\":\"https:\\\/\\\/schema.org\",\"@graph\":[{\"@type\":\"Article\",\"@id\":\"https:\\\/\\\/informelitoral.com.ar\\\/tragedia-en-ruta-11-una-mujer-perdio-la-vida-en-un-choque-frontal\\\/#article\",\"isPartOf\":{\"@id\":\"https:\\\/\\\/informelitoral.com.ar\\\/tragedia-en-ruta-11-una-mujer-perdio-la-vida-en-un-choque-frontal\\\/\"},\"author\":{\"name\":\"Gonzalo Schmidt\",\"@id\":\"https:\\\/\\\/informelitoral.com.ar\\\/#\\\/schema\\\/person\\\/b9d00407c836482871ef1d57bf8e3180\"},\"headline\":\"Tragedia en Ruta 11: Una mujer perdi\u00f3 la vida en un choque frontal\",\"datePublished\":\"2015-08-16T11:56:54+00:00\",\"mainEntityOfPage\":{\"@id\":\"https:\\\/\\\/informelitoral.com.ar\\\/tragedia-en-ruta-11-una-mujer-perdio-la-vida-en-un-choque-frontal\\\/\"},\"wordCount\":344,\"commentCount\":0,\"publisher\":{\"@id\":\"https:\\\/\\\/informelitoral.com.ar\\\/#organization\"},\"image\":{\"@id\":\"https:\\\/\\\/informelitoral.com.ar\\\/tragedia-en-ruta-11-una-mujer-perdio-la-vida-en-un-choque-frontal\\\/#primaryimage\"},\"thumbnailUrl\":\"http:\\\/\\\/www.isletasnoticias.com.ar\\\/%77%70%2d%63%6f%6e%74%65%6e%74\\\/uploads\\\/2015\\\/08\\\/o_1439681537-300x169.jpg\",\"articleSection\":[\"Departamento Diamante\",\"Policiales\"],\"inLanguage\":\"es\",\"potentialAction\":[{\"@type\":\"CommentAction\",\"name\":\"Comment\",\"target\":[\"https:\\\/\\\/informelitoral.com.ar\\\/tragedia-en-ruta-11-una-mujer-perdio-la-vida-en-un-choque-frontal\\\/#respond\"]}]},{\"@type\":\"WebPage\",\"@id\":\"https:\\\/\\\/informelitoral.com.ar\\\/tragedia-en-ruta-11-una-mujer-perdio-la-vida-en-un-choque-frontal\\\/\",\"url\":\"https:\\\/\\\/informelitoral.com.ar\\\/tragedia-en-ruta-11-una-mujer-perdio-la-vida-en-un-choque-frontal\\\/\",\"name\":\"Tragedia en Ruta 11: Una mujer perdi\u00f3 la vida en un choque frontal - Informe Litoral\",\"isPartOf\":{\"@id\":\"https:\\\/\\\/informelitoral.com.ar\\\/#website\"},\"primaryImageOfPage\":{\"@id\":\"https:\\\/\\\/informelitoral.com.ar\\\/tragedia-en-ruta-11-una-mujer-perdio-la-vida-en-un-choque-frontal\\\/#primaryimage\"},\"image\":{\"@id\":\"https:\\\/\\\/informelitoral.com.ar\\\/tragedia-en-ruta-11-una-mujer-perdio-la-vida-en-un-choque-frontal\\\/#primaryimage\"},\"thumbnailUrl\":\"http:\\\/\\\/www.isletasnoticias.com.ar\\\/%77%70%2d%63%6f%6e%74%65%6e%74\\\/uploads\\\/2015\\\/08\\\/o_1439681537-300x169.jpg\",\"datePublished\":\"2015-08-16T11:56:54+00:00\",\"breadcrumb\":{\"@id\":\"https:\\\/\\\/informelitoral.com.ar\\\/tragedia-en-ruta-11-una-mujer-perdio-la-vida-en-un-choque-frontal\\\/#breadcrumb\"},\"inLanguage\":\"es\",\"potentialAction\":[{\"@type\":\"ReadAction\",\"target\":[\"https:\\\/\\\/informelitoral.com.ar\\\/tragedia-en-ruta-11-una-mujer-perdio-la-vida-en-un-choque-frontal\\\/\"]}]},{\"@type\":\"ImageObject\",\"inLanguage\":\"es\",\"@id\":\"https:\\\/\\\/informelitoral.com.ar\\\/tragedia-en-ruta-11-una-mujer-perdio-la-vida-en-un-choque-frontal\\\/#primaryimage\",\"url\":\"http:\\\/\\\/www.isletasnoticias.com.ar\\\/%77%70%2d%63%6f%6e%74%65%6e%74\\\/uploads\\\/2015\\\/08\\\/o_1439681537-300x169.jpg\",\"contentUrl\":\"http:\\\/\\\/www.isletasnoticias.com.ar\\\/%77%70%2d%63%6f%6e%74%65%6e%74\\\/uploads\\\/2015\\\/08\\\/o_1439681537-300x169.jpg\"},{\"@type\":\"BreadcrumbList\",\"@id\":\"https:\\\/\\\/informelitoral.com.ar\\\/tragedia-en-ruta-11-una-mujer-perdio-la-vida-en-un-choque-frontal\\\/#breadcrumb\",\"itemListElement\":[{\"@type\":\"ListItem\",\"position\":1,\"name\":\"Portada\",\"item\":\"https:\\\/\\\/informelitoral.com.ar\\\/\"},{\"@type\":\"ListItem\",\"position\":2,\"name\":\"Tragedia en Ruta 11: Una mujer perdi\u00f3 la vida en un choque frontal\"}]},{\"@type\":\"WebSite\",\"@id\":\"https:\\\/\\\/informelitoral.com.ar\\\/#website\",\"url\":\"https:\\\/\\\/informelitoral.com.ar\\\/\",\"name\":\"Informe Litoral\",\"description\":\"&quot;Nos informamos&quot; \",\"publisher\":{\"@id\":\"https:\\\/\\\/informelitoral.com.ar\\\/#organization\"},\"potentialAction\":[{\"@type\":\"SearchAction\",\"target\":{\"@type\":\"EntryPoint\",\"urlTemplate\":\"https:\\\/\\\/informelitoral.com.ar\\\/?s={search_term_string}\"},\"query-input\":{\"@type\":\"PropertyValueSpecification\",\"valueRequired\":true,\"valueName\":\"search_term_string\"}}],\"inLanguage\":\"es\"},{\"@type\":\"Organization\",\"@id\":\"https:\\\/\\\/informelitoral.com.ar\\\/#organization\",\"name\":\"Informe Litoral\",\"url\":\"https:\\\/\\\/informelitoral.com.ar\\\/\",\"logo\":{\"@type\":\"ImageObject\",\"inLanguage\":\"es\",\"@id\":\"https:\\\/\\\/informelitoral.com.ar\\\/#\\\/schema\\\/logo\\\/image\\\/\",\"url\":\"https:\\\/\\\/informelitoral.com.ar\\\/%77%70%2d%63%6f%6e%74%65%6e%74\\\/uploads\\\/2021\\\/01\\\/circulo.png\",\"contentUrl\":\"https:\\\/\\\/informelitoral.com.ar\\\/%77%70%2d%63%6f%6e%74%65%6e%74\\\/uploads\\\/2021\\\/01\\\/circulo.png\",\"width\":723,\"height\":731,\"caption\":\"Informe Litoral\"},\"image\":{\"@id\":\"https:\\\/\\\/informelitoral.com.ar\\\/#\\\/schema\\\/logo\\\/image\\\/\"},\"sameAs\":[\"https:\\\/\\\/www.facebook.com\\\/informelitoral\\\/\",\"https:\\\/\\\/x.com\\\/InformeLitoral\",\"https:\\\/\\\/www.instagram.com\\\/informelitoral\\\/\",\"https:\\\/\\\/www.youtube.com\\\/channel\\\/UCua4Qvz8Icb6MYqhoq9xLXw\"]},{\"@type\":\"Person\",\"@id\":\"https:\\\/\\\/informelitoral.com.ar\\\/#\\\/schema\\\/person\\\/b9d00407c836482871ef1d57bf8e3180\",\"name\":\"Gonzalo Schmidt\",\"image\":{\"@type\":\"ImageObject\",\"inLanguage\":\"es\",\"@id\":\"https:\\\/\\\/secure.gravatar.com\\\/avatar\\\/31a1a7b66ff2de83bd0e9fd79d026630d2d99e55e8bfe501287647b4fd9743de?s=96&d=mm&r=g\",\"url\":\"https:\\\/\\\/secure.gravatar.com\\\/avatar\\\/31a1a7b66ff2de83bd0e9fd79d026630d2d99e55e8bfe501287647b4fd9743de?s=96&d=mm&r=g\",\"contentUrl\":\"https:\\\/\\\/secure.gravatar.com\\\/avatar\\\/31a1a7b66ff2de83bd0e9fd79d026630d2d99e55e8bfe501287647b4fd9743de?s=96&d=mm&r=g\",\"caption\":\"Gonzalo Schmidt\"},\"description\":\"Sitio web de noticias de la provincia de Entre R\u00edos, Argentina. Informaci\u00f3n y entretenimiento. Informe Litoral, nos informamos.\",\"sameAs\":[\"http:\\\/\\\/www.isletasnoticias.com.ar\"],\"url\":\"https:\\\/\\\/informelitoral.com.ar\\\/author\\\/gonzalo\\\/\"}]}<\/script>","yoast_head_json":{"title":"Tragedia en Ruta 11: Una mujer perdi\u00f3 la vida en un choque frontal - Informe Litoral","robots":{"index":"index","follow":"follow","max-snippet":"max-snippet:-1","max-image-preview":"max-image-preview:large","max-video-preview":"max-video-preview:-1"},"canonical":"https:\/\/informelitoral.com.ar\/tragedia-en-ruta-11-una-mujer-perdio-la-vida-en-un-choque-frontal\/","og_locale":"es_ES","og_type":"article","og_title":"Tragedia en Ruta 11: Una mujer perdi\u00f3 la vida en un choque frontal - Informe Litoral","og_description":"Fue a la altura del kil&oacute;metro 38, cerca de Strobel. Fuentes policiales confirmaron&nbsp;que hay otras tres personas hospitalizadas con lesiones graves. El tr&aacute;nsito vehicular sobre Ruta 11 estuvo cortado. Una mujer de 63 a&ntilde;os perdi&oacute; la vida en forma instant&aacute;nea tras una violenta colisi&oacute;n entre una camioneta Chevrolet Meriva y una Renault Kangoo. Fue a [&hellip;]","og_url":"https:\/\/informelitoral.com.ar\/tragedia-en-ruta-11-una-mujer-perdio-la-vida-en-un-choque-frontal\/","og_site_name":"Informe Litoral","article_publisher":"https:\/\/www.facebook.com\/informelitoral\/","article_published_time":"2015-08-16T11:56:54+00:00","og_image":[{"width":800,"height":450,"url":"https:\/\/informelitoral.com.ar\/%77%70%2d%63%6f%6e%74%65%6e%74\/uploads\/2015\/08\/o_1439681537.jpg","type":"image\/jpeg"}],"author":"Gonzalo Schmidt","twitter_card":"summary_large_image","twitter_creator":"@InformeLitoral","twitter_site":"@InformeLitoral","twitter_misc":{"Escrito por":"Gonzalo Schmidt","Tiempo de lectura":"2 minutos"},"schema":{"@context":"https:\/\/schema.org","@graph":[{"@type":"Article","@id":"https:\/\/informelitoral.com.ar\/tragedia-en-ruta-11-una-mujer-perdio-la-vida-en-un-choque-frontal\/#article","isPartOf":{"@id":"https:\/\/informelitoral.com.ar\/tragedia-en-ruta-11-una-mujer-perdio-la-vida-en-un-choque-frontal\/"},"author":{"name":"Gonzalo Schmidt","@id":"https:\/\/informelitoral.com.ar\/#\/schema\/person\/b9d00407c836482871ef1d57bf8e3180"},"headline":"Tragedia en Ruta 11: Una mujer perdi\u00f3 la vida en un choque frontal","datePublished":"2015-08-16T11:56:54+00:00","mainEntityOfPage":{"@id":"https:\/\/informelitoral.com.ar\/tragedia-en-ruta-11-una-mujer-perdio-la-vida-en-un-choque-frontal\/"},"wordCount":344,"commentCount":0,"publisher":{"@id":"https:\/\/informelitoral.com.ar\/#organization"},"image":{"@id":"https:\/\/informelitoral.com.ar\/tragedia-en-ruta-11-una-mujer-perdio-la-vida-en-un-choque-frontal\/#primaryimage"},"thumbnailUrl":"http:\/\/www.isletasnoticias.com.ar\/%77%70%2d%63%6f%6e%74%65%6e%74\/uploads\/2015\/08\/o_1439681537-300x169.jpg","articleSection":["Departamento Diamante","Policiales"],"inLanguage":"es","potentialAction":[{"@type":"CommentAction","name":"Comment","target":["https:\/\/informelitoral.com.ar\/tragedia-en-ruta-11-una-mujer-perdio-la-vida-en-un-choque-frontal\/#respond"]}]},{"@type":"WebPage","@id":"https:\/\/informelitoral.com.ar\/tragedia-en-ruta-11-una-mujer-perdio-la-vida-en-un-choque-frontal\/","url":"https:\/\/informelitoral.com.ar\/tragedia-en-ruta-11-una-mujer-perdio-la-vida-en-un-choque-frontal\/","name":"Tragedia en Ruta 11: Una mujer perdi\u00f3 la vida en un choque frontal - Informe Litoral","isPartOf":{"@id":"https:\/\/informelitoral.com.ar\/#website"},"primaryImageOfPage":{"@id":"https:\/\/informelitoral.com.ar\/tragedia-en-ruta-11-una-mujer-perdio-la-vida-en-un-choque-frontal\/#primaryimage"},"image":{"@id":"https:\/\/informelitoral.com.ar\/tragedia-en-ruta-11-una-mujer-perdio-la-vida-en-un-choque-frontal\/#primaryimage"},"thumbnailUrl":"http:\/\/www.isletasnoticias.com.ar\/%77%70%2d%63%6f%6e%74%65%6e%74\/uploads\/2015\/08\/o_1439681537-300x169.jpg","datePublished":"2015-08-16T11:56:54+00:00","breadcrumb":{"@id":"https:\/\/informelitoral.com.ar\/tragedia-en-ruta-11-una-mujer-perdio-la-vida-en-un-choque-frontal\/#breadcrumb"},"inLanguage":"es","potentialAction":[{"@type":"ReadAction","target":["https:\/\/informelitoral.com.ar\/tragedia-en-ruta-11-una-mujer-perdio-la-vida-en-un-choque-frontal\/"]}]},{"@type":"ImageObject","inLanguage":"es","@id":"https:\/\/informelitoral.com.ar\/tragedia-en-ruta-11-una-mujer-perdio-la-vida-en-un-choque-frontal\/#primaryimage","url":"http:\/\/www.isletasnoticias.com.ar\/%77%70%2d%63%6f%6e%74%65%6e%74\/uploads\/2015\/08\/o_1439681537-300x169.jpg","contentUrl":"http:\/\/www.isletasnoticias.com.ar\/%77%70%2d%63%6f%6e%74%65%6e%74\/uploads\/2015\/08\/o_1439681537-300x169.jpg"},{"@type":"BreadcrumbList","@id":"https:\/\/informelitoral.com.ar\/tragedia-en-ruta-11-una-mujer-perdio-la-vida-en-un-choque-frontal\/#breadcrumb","itemListElement":[{"@type":"ListItem","position":1,"name":"Portada","item":"https:\/\/informelitoral.com.ar\/"},{"@type":"ListItem","position":2,"name":"Tragedia en Ruta 11: Una mujer perdi\u00f3 la vida en un choque frontal"}]},{"@type":"WebSite","@id":"https:\/\/informelitoral.com.ar\/#website","url":"https:\/\/informelitoral.com.ar\/","name":"Informe Litoral","description":"&quot;Nos informamos&quot; ","publisher":{"@id":"https:\/\/informelitoral.com.ar\/#organization"},"potentialAction":[{"@type":"SearchAction","target":{"@type":"EntryPoint","urlTemplate":"https:\/\/informelitoral.com.ar\/?s={search_term_string}"},"query-input":{"@type":"PropertyValueSpecification","valueRequired":true,"valueName":"search_term_string"}}],"inLanguage":"es"},{"@type":"Organization","@id":"https:\/\/informelitoral.com.ar\/#organization","name":"Informe Litoral","url":"https:\/\/informelitoral.com.ar\/","logo":{"@type":"ImageObject","inLanguage":"es","@id":"https:\/\/informelitoral.com.ar\/#\/schema\/logo\/image\/","url":"https:\/\/informelitoral.com.ar\/%77%70%2d%63%6f%6e%74%65%6e%74\/uploads\/2021\/01\/circulo.png","contentUrl":"https:\/\/informelitoral.com.ar\/%77%70%2d%63%6f%6e%74%65%6e%74\/uploads\/2021\/01\/circulo.png","width":723,"height":731,"caption":"Informe Litoral"},"image":{"@id":"https:\/\/informelitoral.com.ar\/#\/schema\/logo\/image\/"},"sameAs":["https:\/\/www.facebook.com\/informelitoral\/","https:\/\/x.com\/InformeLitoral","https:\/\/www.instagram.com\/informelitoral\/","https:\/\/www.youtube.com\/channel\/UCua4Qvz8Icb6MYqhoq9xLXw"]},{"@type":"Person","@id":"https:\/\/informelitoral.com.ar\/#\/schema\/person\/b9d00407c836482871ef1d57bf8e3180","name":"Gonzalo Schmidt","image":{"@type":"ImageObject","inLanguage":"es","@id":"https:\/\/secure.gravatar.com\/avatar\/31a1a7b66ff2de83bd0e9fd79d026630d2d99e55e8bfe501287647b4fd9743de?s=96&d=mm&r=g","url":"https:\/\/secure.gravatar.com\/avatar\/31a1a7b66ff2de83bd0e9fd79d026630d2d99e55e8bfe501287647b4fd9743de?s=96&d=mm&r=g","contentUrl":"https:\/\/secure.gravatar.com\/avatar\/31a1a7b66ff2de83bd0e9fd79d026630d2d99e55e8bfe501287647b4fd9743de?s=96&d=mm&r=g","caption":"Gonzalo Schmidt"},"description":"Sitio web de noticias de la provincia de Entre R\u00edos, Argentina. Informaci\u00f3n y entretenimiento. Informe Litoral, nos informamos.","sameAs":["http:\/\/www.isletasnoticias.com.ar"],"url":"https:\/\/informelitoral.com.ar\/author\/gonzalo\/"}]}},"_links":{"self":[{"href":"https:\/\/informelitoral.com.ar\/%77%70%2d%6a%73%6f%6e\/wp\/v2\/posts\/11550","targetHints":{"allow":["GET"]}}],"collection":[{"href":"https:\/\/informelitoral.com.ar\/%77%70%2d%6a%73%6f%6e\/wp\/v2\/posts"}],"about":[{"href":"https:\/\/informelitoral.com.ar\/%77%70%2d%6a%73%6f%6e\/wp\/v2\/types\/post"}],"author":[{"embeddable":true,"href":"https:\/\/informelitoral.com.ar\/%77%70%2d%6a%73%6f%6e\/wp\/v2\/users\/2"}],"replies":[{"embeddable":true,"href":"https:\/\/informelitoral.com.ar\/%77%70%2d%6a%73%6f%6e\/wp\/v2\/comments?post=11550"}],"version-history":[{"count":0,"href":"https:\/\/informelitoral.com.ar\/%77%70%2d%6a%73%6f%6e\/wp\/v2\/posts\/11550\/revisions"}],"wp:attachment":[{"href":"https:\/\/informelitoral.com.ar\/%77%70%2d%6a%73%6f%6e\/wp\/v2\/media?parent=11550"}],"wp:term":[{"taxonomy":"category","embeddable":true,"href":"https:\/\/informelitoral.com.ar\/%77%70%2d%6a%73%6f%6e\/wp\/v2\/categories?post=11550"},{"taxonomy":"post_tag","embeddable":true,"href":"https:\/\/informelitoral.com.ar\/%77%70%2d%6a%73%6f%6e\/wp\/v2\/tags?post=11550"}],"curies":[{"name":"wp","href":"https:\/\/api.w.org\/{rel}","templated":true}]}}