{"id":1154,"date":"2013-04-18T20:55:45","date_gmt":"2013-04-18T23:55:45","guid":{"rendered":"http:\/\/www.isletasnoticias.com.ar\/?p=1154"},"modified":"2013-04-18T20:58:53","modified_gmt":"2013-04-18T23:58:53","slug":"los-manifestantes-se-concentran-en-plaza-de-mayo","status":"publish","type":"post","link":"https:\/\/informelitoral.com.ar\/los-manifestantes-se-concentran-en-plaza-de-mayo\/","title":{"rendered":"Una multitud nuevamente se concentra en Plaza de Mayo"},"content":{"rendered":"<div>\n<p><strong>Una multitud\u00a0ya protesta frente a la Casa Rosada.<span style=\"color: #000000;\">\u00a0<a href=\"http:\/\/www.infobae.com\/notas\/706564-La-oposicion-llama-a-sumarse-al-18A-por-Twitter.html\" target=\"_blank\"><span style=\"color: #000000;\">Participa buena parte de la oposici\u00f3n<\/span><\/a>.<\/span><\/strong><\/p>\n<\/div>\n<p><img decoding=\"async\" alt=\"Los manifestantes se concentran en Plaza de Mayo\" src=\"http:\/\/www.infobae.com\/adjuntos\/jpg\/2013\/04\/600x0_654785.jpg\" width=\"600\" \/><\/p>\n<div>Cr\u00e9dito foto: Nicol\u00e1s Stulberg<\/div>\n<div><\/div>\n<div>Pasadas las 18:30, los primeros grupos de manifestantes comenzaron a movilizarse desde distintos puntos de la Capital Federal hacia la\u00a0<strong>Plaza de Mayo<\/strong>\u00a0como parte de la protesta del\u00a0<strong>#18A<\/strong>\u00a0contra el gobierno nacional.<\/div>\n<div><\/div>\n<div>En la Plaza de Mayo,\u00a0se tomaron todas las precauciones. Un\u00a0triple vallado\u00a0fue instalado en los alrededores de la Casa de Gobierno con importante custodia de la Polic\u00eda Federal, con Guardia de Infanter\u00eda, carros de asalto e hidrantes.<\/div>\n<div><\/div>\n<div>Los\u00a0vallados\u00a0se colocaron desde la calle Bartolom\u00e9 Mitre y avenida Leandro Alem, donde se desv\u00eda el tr\u00e1nsito, mientras que una segunda fila de rejas azules se instal\u00f3 en 25 de Mayo y Rivadavia y la tercera es la que habitualmente va desde la plaza hasta la calle Reconquista. En tanto, frente a las puertas de la Quinta de\u00a0Olivos tambi\u00e9n se congrega un gran n\u00famero de personas para sumarse al cacerolazo, pese a que la presidente\u00a0<strong>Cristina Kirchner<\/strong> se encuentra viajando a la reuni\u00f3n que la Unasur realizar\u00e1 en Per\u00fa.<\/div>\n<div><\/div>\n<div>La\u00a0marcha tambi\u00e9n se hace sentir en\u00a0La Plata, pero las consignas contra el gobierno nacional tambi\u00e9n incluyen protestas contra el intendente Bruera, tras la tr\u00e1gica inundaci\u00f3n que dej\u00f3 57 muertos.Entre los principales puntos de encuentro figuran, adem\u00e1s de\u00a0Callao y Santa Fe, las esquinas de Acoyte y Rivadavia, Cabildo y Juramento, Corrientes y Pueyrred\u00f3n y Triunvirato y Los Incas.En la esquina de\u00a0Callao y Santa Fe\u00a0pudo verse desde temprano a la diputada nacional <strong>Patricia Bullrich,<\/strong> el dirigente gremial\u00a0<strong>Ger\u00f3nimo \u201cMomo\u201d Venegas<\/strong>\u00a0y el diputado del peronismo disidente\u00a0<strong>Carlos Brown<\/strong>. En tanto, en el Obelisco estuvieron entre la gente el l\u00edder piquetero<strong>\u00a0Ra\u00fal Castells<\/strong>\u00a0y el legislador porte\u00f1o del PRO <strong>Sergio Bergman<\/strong>.<\/p>\n<p>La movilizaci\u00f3n, que nuevamente fue convocada a trav\u00e9s de las redes sociales, tiene como intenci\u00f3n replicar el gran caudal de gente que logr\u00f3 reunirse en la marcha del\u00a08 de noviembre (#8N).<\/p>\n<p>La principal diferencia entre ambas manifestaciones radica en que en la primera casi no pudieron verse pol\u00edticos opositores, mientras que para la de esta noche convocan la UCR, el Frente Amplio Progresista, el PRO y la Coalici\u00f3n C\u00edvica, entre otros.<\/p>\n<p>La convocatoria no se reduce s\u00f3lo a la ciudad de Buenos Aires, sino que tambi\u00e9n\u00a0hay puntos de encuentro en todo el Gran Buenos Aires y el resto de los partidos de la Provincia, as\u00ed como marchas en las principales capitales del pa\u00eds.<\/p>\n<p>Pero las protestas no tienen lugar s\u00f3lo en el pa\u00eds, sino que los manifestantes tambi\u00e9n convocaron a que se realicen\u00a0manifestaciones en las principales embajadas y consulados que la Argentina tiene\u00a0en el mundo, tal como sucedi\u00f3 esta ma\u00f1ana en\u00a0Australia.<\/p>\n<p>Fuente: Infobae.<\/p>\n<\/div>\n","protected":false},"excerpt":{"rendered":"<p>Una multitud&nbsp;ya protesta frente a la Casa Rosada.&nbsp;Participa buena parte de la oposici&oacute;n. Cr&eacute;dito foto: Nicol&aacute;s Stulberg Pasadas las 18:30, los primeros grupos de manifestantes comenzaron a movilizarse desde distintos puntos de la Capital Federal hacia la&nbsp;Plaza de Mayo&nbsp;como parte de la protesta del&nbsp;#18A&nbsp;contra el gobierno nacional. En la Plaza de Mayo,&nbsp;se tomaron todas las [&hellip;]<\/p>\n","protected":false},"author":2,"featured_media":0,"comment_status":"open","ping_status":"open","sticky":false,"template":"","format":"standard","meta":{"fifu_image_url":"","fifu_image_alt":"","footnotes":""},"categories":[7],"tags":[],"class_list":{"0":"post-1154","1":"post","2":"type-post","3":"status-publish","4":"format-standard","6":"category-nacionales"},"yoast_head":"<title>Una multitud nuevamente se concentra en Plaza de Mayo - Informe Litoral<\/title>\n<meta name=\"robots\" content=\"index, follow, max-snippet:-1, max-image-preview:large, max-video-preview:-1\" \/>\n<link rel=\"canonical\" href=\"https:\/\/informelitoral.com.ar\/los-manifestantes-se-concentran-en-plaza-de-mayo\/\" \/>\n<meta property=\"og:locale\" content=\"es_ES\" \/>\n<meta property=\"og:type\" content=\"article\" \/>\n<meta property=\"og:title\" content=\"Una multitud nuevamente se concentra en Plaza de Mayo - Informe Litoral\" \/>\n<meta property=\"og:description\" content=\"Una multitud&nbsp;ya protesta frente a la Casa Rosada.&nbsp;Participa buena parte de la oposici&oacute;n. Cr&eacute;dito foto: Nicol&aacute;s Stulberg Pasadas las 18:30, los primeros grupos de manifestantes comenzaron a movilizarse desde distintos puntos de la Capital Federal hacia la&nbsp;Plaza de Mayo&nbsp;como parte de la protesta del&nbsp;#18A&nbsp;contra el gobierno nacional. En la Plaza de Mayo,&nbsp;se tomaron todas las [&hellip;]\" \/>\n<meta property=\"og:url\" content=\"https:\/\/informelitoral.com.ar\/los-manifestantes-se-concentran-en-plaza-de-mayo\/\" \/>\n<meta property=\"og:site_name\" content=\"Informe Litoral\" \/>\n<meta property=\"article:publisher\" content=\"https:\/\/www.facebook.com\/informelitoral\/\" \/>\n<meta property=\"article:published_time\" content=\"2013-04-18T23:55:45+00:00\" \/>\n<meta property=\"article:modified_time\" content=\"2013-04-18T23:58:53+00:00\" \/>\n<meta property=\"og:image\" content=\"http:\/\/www.infobae.com\/adjuntos\/jpg\/2013\/04\/600x0_654785.jpg\" \/>\n<meta name=\"author\" content=\"Gonzalo Schmidt\" \/>\n<meta name=\"twitter:card\" content=\"summary_large_image\" \/>\n<meta name=\"twitter:creator\" content=\"@InformeLitoral\" \/>\n<meta name=\"twitter:site\" content=\"@InformeLitoral\" \/>\n<meta name=\"twitter:label1\" content=\"Escrito por\" \/>\n\t<meta name=\"twitter:data1\" content=\"Gonzalo Schmidt\" \/>\n\t<meta name=\"twitter:label2\" content=\"Tiempo de lectura\" \/>\n\t<meta name=\"twitter:data2\" content=\"2 minutos\" \/>\n<script type=\"application\/ld+json\" class=\"yoast-schema-graph\">{\"@context\":\"https:\\\/\\\/schema.org\",\"@graph\":[{\"@type\":\"Article\",\"@id\":\"https:\\\/\\\/informelitoral.com.ar\\\/los-manifestantes-se-concentran-en-plaza-de-mayo\\\/#article\",\"isPartOf\":{\"@id\":\"https:\\\/\\\/informelitoral.com.ar\\\/los-manifestantes-se-concentran-en-plaza-de-mayo\\\/\"},\"author\":{\"name\":\"Gonzalo Schmidt\",\"@id\":\"https:\\\/\\\/informelitoral.com.ar\\\/#\\\/schema\\\/person\\\/b9d00407c836482871ef1d57bf8e3180\"},\"headline\":\"Una multitud nuevamente se concentra en Plaza de Mayo\",\"datePublished\":\"2013-04-18T23:55:45+00:00\",\"dateModified\":\"2013-04-18T23:58:53+00:00\",\"mainEntityOfPage\":{\"@id\":\"https:\\\/\\\/informelitoral.com.ar\\\/los-manifestantes-se-concentran-en-plaza-de-mayo\\\/\"},\"wordCount\":494,\"commentCount\":0,\"publisher\":{\"@id\":\"https:\\\/\\\/informelitoral.com.ar\\\/#organization\"},\"image\":{\"@id\":\"https:\\\/\\\/informelitoral.com.ar\\\/los-manifestantes-se-concentran-en-plaza-de-mayo\\\/#primaryimage\"},\"thumbnailUrl\":\"http:\\\/\\\/www.infobae.com\\\/adjuntos\\\/jpg\\\/2013\\\/04\\\/600x0_654785.jpg\",\"articleSection\":[\"Nacionales\"],\"inLanguage\":\"es\",\"potentialAction\":[{\"@type\":\"CommentAction\",\"name\":\"Comment\",\"target\":[\"https:\\\/\\\/informelitoral.com.ar\\\/los-manifestantes-se-concentran-en-plaza-de-mayo\\\/#respond\"]}]},{\"@type\":\"WebPage\",\"@id\":\"https:\\\/\\\/informelitoral.com.ar\\\/los-manifestantes-se-concentran-en-plaza-de-mayo\\\/\",\"url\":\"https:\\\/\\\/informelitoral.com.ar\\\/los-manifestantes-se-concentran-en-plaza-de-mayo\\\/\",\"name\":\"Una multitud nuevamente se concentra en Plaza de Mayo - Informe Litoral\",\"isPartOf\":{\"@id\":\"https:\\\/\\\/informelitoral.com.ar\\\/#website\"},\"primaryImageOfPage\":{\"@id\":\"https:\\\/\\\/informelitoral.com.ar\\\/los-manifestantes-se-concentran-en-plaza-de-mayo\\\/#primaryimage\"},\"image\":{\"@id\":\"https:\\\/\\\/informelitoral.com.ar\\\/los-manifestantes-se-concentran-en-plaza-de-mayo\\\/#primaryimage\"},\"thumbnailUrl\":\"http:\\\/\\\/www.infobae.com\\\/adjuntos\\\/jpg\\\/2013\\\/04\\\/600x0_654785.jpg\",\"datePublished\":\"2013-04-18T23:55:45+00:00\",\"dateModified\":\"2013-04-18T23:58:53+00:00\",\"breadcrumb\":{\"@id\":\"https:\\\/\\\/informelitoral.com.ar\\\/los-manifestantes-se-concentran-en-plaza-de-mayo\\\/#breadcrumb\"},\"inLanguage\":\"es\",\"potentialAction\":[{\"@type\":\"ReadAction\",\"target\":[\"https:\\\/\\\/informelitoral.com.ar\\\/los-manifestantes-se-concentran-en-plaza-de-mayo\\\/\"]}]},{\"@type\":\"ImageObject\",\"inLanguage\":\"es\",\"@id\":\"https:\\\/\\\/informelitoral.com.ar\\\/los-manifestantes-se-concentran-en-plaza-de-mayo\\\/#primaryimage\",\"url\":\"http:\\\/\\\/www.infobae.com\\\/adjuntos\\\/jpg\\\/2013\\\/04\\\/600x0_654785.jpg\",\"contentUrl\":\"http:\\\/\\\/www.infobae.com\\\/adjuntos\\\/jpg\\\/2013\\\/04\\\/600x0_654785.jpg\"},{\"@type\":\"BreadcrumbList\",\"@id\":\"https:\\\/\\\/informelitoral.com.ar\\\/los-manifestantes-se-concentran-en-plaza-de-mayo\\\/#breadcrumb\",\"itemListElement\":[{\"@type\":\"ListItem\",\"position\":1,\"name\":\"Portada\",\"item\":\"https:\\\/\\\/informelitoral.com.ar\\\/\"},{\"@type\":\"ListItem\",\"position\":2,\"name\":\"Una multitud nuevamente se concentra en Plaza de Mayo\"}]},{\"@type\":\"WebSite\",\"@id\":\"https:\\\/\\\/informelitoral.com.ar\\\/#website\",\"url\":\"https:\\\/\\\/informelitoral.com.ar\\\/\",\"name\":\"Informe Litoral\",\"description\":\"&quot;Nos informamos&quot; \",\"publisher\":{\"@id\":\"https:\\\/\\\/informelitoral.com.ar\\\/#organization\"},\"potentialAction\":[{\"@type\":\"SearchAction\",\"target\":{\"@type\":\"EntryPoint\",\"urlTemplate\":\"https:\\\/\\\/informelitoral.com.ar\\\/?s={search_term_string}\"},\"query-input\":{\"@type\":\"PropertyValueSpecification\",\"valueRequired\":true,\"valueName\":\"search_term_string\"}}],\"inLanguage\":\"es\"},{\"@type\":\"Organization\",\"@id\":\"https:\\\/\\\/informelitoral.com.ar\\\/#organization\",\"name\":\"Informe Litoral\",\"url\":\"https:\\\/\\\/informelitoral.com.ar\\\/\",\"logo\":{\"@type\":\"ImageObject\",\"inLanguage\":\"es\",\"@id\":\"https:\\\/\\\/informelitoral.com.ar\\\/#\\\/schema\\\/logo\\\/image\\\/\",\"url\":\"https:\\\/\\\/informelitoral.com.ar\\\/%77%70%2d%63%6f%6e%74%65%6e%74\\\/uploads\\\/2021\\\/01\\\/circulo.png\",\"contentUrl\":\"https:\\\/\\\/informelitoral.com.ar\\\/%77%70%2d%63%6f%6e%74%65%6e%74\\\/uploads\\\/2021\\\/01\\\/circulo.png\",\"width\":723,\"height\":731,\"caption\":\"Informe Litoral\"},\"image\":{\"@id\":\"https:\\\/\\\/informelitoral.com.ar\\\/#\\\/schema\\\/logo\\\/image\\\/\"},\"sameAs\":[\"https:\\\/\\\/www.facebook.com\\\/informelitoral\\\/\",\"https:\\\/\\\/x.com\\\/InformeLitoral\",\"https:\\\/\\\/www.instagram.com\\\/informelitoral\\\/\",\"https:\\\/\\\/www.youtube.com\\\/channel\\\/UCua4Qvz8Icb6MYqhoq9xLXw\"]},{\"@type\":\"Person\",\"@id\":\"https:\\\/\\\/informelitoral.com.ar\\\/#\\\/schema\\\/person\\\/b9d00407c836482871ef1d57bf8e3180\",\"name\":\"Gonzalo Schmidt\",\"image\":{\"@type\":\"ImageObject\",\"inLanguage\":\"es\",\"@id\":\"https:\\\/\\\/secure.gravatar.com\\\/avatar\\\/31a1a7b66ff2de83bd0e9fd79d026630d2d99e55e8bfe501287647b4fd9743de?s=96&d=mm&r=g\",\"url\":\"https:\\\/\\\/secure.gravatar.com\\\/avatar\\\/31a1a7b66ff2de83bd0e9fd79d026630d2d99e55e8bfe501287647b4fd9743de?s=96&d=mm&r=g\",\"contentUrl\":\"https:\\\/\\\/secure.gravatar.com\\\/avatar\\\/31a1a7b66ff2de83bd0e9fd79d026630d2d99e55e8bfe501287647b4fd9743de?s=96&d=mm&r=g\",\"caption\":\"Gonzalo Schmidt\"},\"description\":\"Sitio web de noticias de la provincia de Entre R\u00edos, Argentina. Informaci\u00f3n y entretenimiento. Informe Litoral, nos informamos.\",\"sameAs\":[\"http:\\\/\\\/www.isletasnoticias.com.ar\"],\"url\":\"https:\\\/\\\/informelitoral.com.ar\\\/author\\\/gonzalo\\\/\"}]}<\/script>","yoast_head_json":{"title":"Una multitud nuevamente se concentra en Plaza de Mayo - Informe Litoral","robots":{"index":"index","follow":"follow","max-snippet":"max-snippet:-1","max-image-preview":"max-image-preview:large","max-video-preview":"max-video-preview:-1"},"canonical":"https:\/\/informelitoral.com.ar\/los-manifestantes-se-concentran-en-plaza-de-mayo\/","og_locale":"es_ES","og_type":"article","og_title":"Una multitud nuevamente se concentra en Plaza de Mayo - Informe Litoral","og_description":"Una multitud&nbsp;ya protesta frente a la Casa Rosada.&nbsp;Participa buena parte de la oposici&oacute;n. Cr&eacute;dito foto: Nicol&aacute;s Stulberg Pasadas las 18:30, los primeros grupos de manifestantes comenzaron a movilizarse desde distintos puntos de la Capital Federal hacia la&nbsp;Plaza de Mayo&nbsp;como parte de la protesta del&nbsp;#18A&nbsp;contra el gobierno nacional. En la Plaza de Mayo,&nbsp;se tomaron todas las [&hellip;]","og_url":"https:\/\/informelitoral.com.ar\/los-manifestantes-se-concentran-en-plaza-de-mayo\/","og_site_name":"Informe Litoral","article_publisher":"https:\/\/www.facebook.com\/informelitoral\/","article_published_time":"2013-04-18T23:55:45+00:00","article_modified_time":"2013-04-18T23:58:53+00:00","og_image":[{"url":"http:\/\/www.infobae.com\/adjuntos\/jpg\/2013\/04\/600x0_654785.jpg","type":"","width":"","height":""}],"author":"Gonzalo Schmidt","twitter_card":"summary_large_image","twitter_creator":"@InformeLitoral","twitter_site":"@InformeLitoral","twitter_misc":{"Escrito por":"Gonzalo Schmidt","Tiempo de lectura":"2 minutos"},"schema":{"@context":"https:\/\/schema.org","@graph":[{"@type":"Article","@id":"https:\/\/informelitoral.com.ar\/los-manifestantes-se-concentran-en-plaza-de-mayo\/#article","isPartOf":{"@id":"https:\/\/informelitoral.com.ar\/los-manifestantes-se-concentran-en-plaza-de-mayo\/"},"author":{"name":"Gonzalo Schmidt","@id":"https:\/\/informelitoral.com.ar\/#\/schema\/person\/b9d00407c836482871ef1d57bf8e3180"},"headline":"Una multitud nuevamente se concentra en Plaza de Mayo","datePublished":"2013-04-18T23:55:45+00:00","dateModified":"2013-04-18T23:58:53+00:00","mainEntityOfPage":{"@id":"https:\/\/informelitoral.com.ar\/los-manifestantes-se-concentran-en-plaza-de-mayo\/"},"wordCount":494,"commentCount":0,"publisher":{"@id":"https:\/\/informelitoral.com.ar\/#organization"},"image":{"@id":"https:\/\/informelitoral.com.ar\/los-manifestantes-se-concentran-en-plaza-de-mayo\/#primaryimage"},"thumbnailUrl":"http:\/\/www.infobae.com\/adjuntos\/jpg\/2013\/04\/600x0_654785.jpg","articleSection":["Nacionales"],"inLanguage":"es","potentialAction":[{"@type":"CommentAction","name":"Comment","target":["https:\/\/informelitoral.com.ar\/los-manifestantes-se-concentran-en-plaza-de-mayo\/#respond"]}]},{"@type":"WebPage","@id":"https:\/\/informelitoral.com.ar\/los-manifestantes-se-concentran-en-plaza-de-mayo\/","url":"https:\/\/informelitoral.com.ar\/los-manifestantes-se-concentran-en-plaza-de-mayo\/","name":"Una multitud nuevamente se concentra en Plaza de Mayo - Informe Litoral","isPartOf":{"@id":"https:\/\/informelitoral.com.ar\/#website"},"primaryImageOfPage":{"@id":"https:\/\/informelitoral.com.ar\/los-manifestantes-se-concentran-en-plaza-de-mayo\/#primaryimage"},"image":{"@id":"https:\/\/informelitoral.com.ar\/los-manifestantes-se-concentran-en-plaza-de-mayo\/#primaryimage"},"thumbnailUrl":"http:\/\/www.infobae.com\/adjuntos\/jpg\/2013\/04\/600x0_654785.jpg","datePublished":"2013-04-18T23:55:45+00:00","dateModified":"2013-04-18T23:58:53+00:00","breadcrumb":{"@id":"https:\/\/informelitoral.com.ar\/los-manifestantes-se-concentran-en-plaza-de-mayo\/#breadcrumb"},"inLanguage":"es","potentialAction":[{"@type":"ReadAction","target":["https:\/\/informelitoral.com.ar\/los-manifestantes-se-concentran-en-plaza-de-mayo\/"]}]},{"@type":"ImageObject","inLanguage":"es","@id":"https:\/\/informelitoral.com.ar\/los-manifestantes-se-concentran-en-plaza-de-mayo\/#primaryimage","url":"http:\/\/www.infobae.com\/adjuntos\/jpg\/2013\/04\/600x0_654785.jpg","contentUrl":"http:\/\/www.infobae.com\/adjuntos\/jpg\/2013\/04\/600x0_654785.jpg"},{"@type":"BreadcrumbList","@id":"https:\/\/informelitoral.com.ar\/los-manifestantes-se-concentran-en-plaza-de-mayo\/#breadcrumb","itemListElement":[{"@type":"ListItem","position":1,"name":"Portada","item":"https:\/\/informelitoral.com.ar\/"},{"@type":"ListItem","position":2,"name":"Una multitud nuevamente se concentra en Plaza de Mayo"}]},{"@type":"WebSite","@id":"https:\/\/informelitoral.com.ar\/#website","url":"https:\/\/informelitoral.com.ar\/","name":"Informe Litoral","description":"&quot;Nos informamos&quot; ","publisher":{"@id":"https:\/\/informelitoral.com.ar\/#organization"},"potentialAction":[{"@type":"SearchAction","target":{"@type":"EntryPoint","urlTemplate":"https:\/\/informelitoral.com.ar\/?s={search_term_string}"},"query-input":{"@type":"PropertyValueSpecification","valueRequired":true,"valueName":"search_term_string"}}],"inLanguage":"es"},{"@type":"Organization","@id":"https:\/\/informelitoral.com.ar\/#organization","name":"Informe Litoral","url":"https:\/\/informelitoral.com.ar\/","logo":{"@type":"ImageObject","inLanguage":"es","@id":"https:\/\/informelitoral.com.ar\/#\/schema\/logo\/image\/","url":"https:\/\/informelitoral.com.ar\/%77%70%2d%63%6f%6e%74%65%6e%74\/uploads\/2021\/01\/circulo.png","contentUrl":"https:\/\/informelitoral.com.ar\/%77%70%2d%63%6f%6e%74%65%6e%74\/uploads\/2021\/01\/circulo.png","width":723,"height":731,"caption":"Informe Litoral"},"image":{"@id":"https:\/\/informelitoral.com.ar\/#\/schema\/logo\/image\/"},"sameAs":["https:\/\/www.facebook.com\/informelitoral\/","https:\/\/x.com\/InformeLitoral","https:\/\/www.instagram.com\/informelitoral\/","https:\/\/www.youtube.com\/channel\/UCua4Qvz8Icb6MYqhoq9xLXw"]},{"@type":"Person","@id":"https:\/\/informelitoral.com.ar\/#\/schema\/person\/b9d00407c836482871ef1d57bf8e3180","name":"Gonzalo Schmidt","image":{"@type":"ImageObject","inLanguage":"es","@id":"https:\/\/secure.gravatar.com\/avatar\/31a1a7b66ff2de83bd0e9fd79d026630d2d99e55e8bfe501287647b4fd9743de?s=96&d=mm&r=g","url":"https:\/\/secure.gravatar.com\/avatar\/31a1a7b66ff2de83bd0e9fd79d026630d2d99e55e8bfe501287647b4fd9743de?s=96&d=mm&r=g","contentUrl":"https:\/\/secure.gravatar.com\/avatar\/31a1a7b66ff2de83bd0e9fd79d026630d2d99e55e8bfe501287647b4fd9743de?s=96&d=mm&r=g","caption":"Gonzalo Schmidt"},"description":"Sitio web de noticias de la provincia de Entre R\u00edos, Argentina. Informaci\u00f3n y entretenimiento. Informe Litoral, nos informamos.","sameAs":["http:\/\/www.isletasnoticias.com.ar"],"url":"https:\/\/informelitoral.com.ar\/author\/gonzalo\/"}]}},"_links":{"self":[{"href":"https:\/\/informelitoral.com.ar\/%77%70%2d%6a%73%6f%6e\/wp\/v2\/posts\/1154","targetHints":{"allow":["GET"]}}],"collection":[{"href":"https:\/\/informelitoral.com.ar\/%77%70%2d%6a%73%6f%6e\/wp\/v2\/posts"}],"about":[{"href":"https:\/\/informelitoral.com.ar\/%77%70%2d%6a%73%6f%6e\/wp\/v2\/types\/post"}],"author":[{"embeddable":true,"href":"https:\/\/informelitoral.com.ar\/%77%70%2d%6a%73%6f%6e\/wp\/v2\/users\/2"}],"replies":[{"embeddable":true,"href":"https:\/\/informelitoral.com.ar\/%77%70%2d%6a%73%6f%6e\/wp\/v2\/comments?post=1154"}],"version-history":[{"count":0,"href":"https:\/\/informelitoral.com.ar\/%77%70%2d%6a%73%6f%6e\/wp\/v2\/posts\/1154\/revisions"}],"wp:attachment":[{"href":"https:\/\/informelitoral.com.ar\/%77%70%2d%6a%73%6f%6e\/wp\/v2\/media?parent=1154"}],"wp:term":[{"taxonomy":"category","embeddable":true,"href":"https:\/\/informelitoral.com.ar\/%77%70%2d%6a%73%6f%6e\/wp\/v2\/categories?post=1154"},{"taxonomy":"post_tag","embeddable":true,"href":"https:\/\/informelitoral.com.ar\/%77%70%2d%6a%73%6f%6e\/wp\/v2\/tags?post=1154"}],"curies":[{"name":"wp","href":"https:\/\/api.w.org\/{rel}","templated":true}]}}