{"id":11447,"date":"2015-08-05T09:42:49","date_gmt":"2015-08-05T12:42:49","guid":{"rendered":"http:\/\/www.isletasnoticias.com.ar\/?p=11447"},"modified":"2015-08-05T09:42:49","modified_gmt":"2015-08-05T12:42:49","slug":"es-oficial-citricola-ayui-se-concurso","status":"publish","type":"post","link":"https:\/\/informelitoral.com.ar\/es-oficial-citricola-ayui-se-concurso\/","title":{"rendered":"Es oficial: Citr\u00edcola Ayu\u00ed se concurs\u00f3"},"content":{"rendered":"<p><strong>La empresa, considerada un s\u00edmbolo de la citricultura regional, supuestamente vendida a los chinos por gesti\u00f3n oficial, solicit\u00f3 formalmente la apertura de su concurso preventivo, en el Juzgado 3 de Capital Federal.<a href=\"http:\/\/www.isletasnoticias.com.ar\/%77%70%2d%63%6f%6e%74%65%6e%74\/uploads\/2015\/08\/o_1430336620.jpg\"><img loading=\"lazy\" decoding=\"async\" class=\"aligncenter size-medium wp-image-11448\" src=\"http:\/\/www.isletasnoticias.com.ar\/%77%70%2d%63%6f%6e%74%65%6e%74\/uploads\/2015\/08\/o_1430336620-300x169.jpg\" alt=\"o_1430336620\" width=\"300\" height=\"169\" srcset=\"https:\/\/informelitoral.com.ar\/%77%70%2d%63%6f%6e%74%65%6e%74\/uploads\/2015\/08\/o_1430336620-300x169.jpg 300w, https:\/\/informelitoral.com.ar\/%77%70%2d%63%6f%6e%74%65%6e%74\/uploads\/2015\/08\/o_1430336620.jpg 640w\" sizes=\"auto, (max-width: 300px) 100vw, 300px\" \/><\/a><\/strong><\/p>\n<p>El listado de Concursos y Quiebras publicado este mi\u00e9rcoles en la secci\u00f3n Negocios del Diario La Naci\u00f3n, es encabezado por Citr\u00edcola Ayu\u00ed SAACI, dedicada a la producci\u00f3n integral de c\u00edtricos dulces, con direcci\u00f3n en Mart\u00edn Coronado 3260, piso 3\u00b0, oficina 318, de la Ciudad Aut\u00f3noma de Buenos Aires y establecimientos en las provincias de Entre R\u00edos y Corrientes.<\/p>\n<p>La escueta referencia a la conocida firma de la citricultura del noreste argentino no deja margen para dudas, al agregar: <b>\u00abSolicit\u00f3 la apertura de su concurso preventivo. \u00c9poca de cesaci\u00f3n de pagos: octubre de 2014. Juzgado N\u00b0 3; secretar\u00eda N\u00b0 6\u00bb.<\/b><\/p>\n<p>De este manera, se confirma lo que ya hab\u00eda trascendido: el absoluto fracaso de las gestiones oficiales que intentaron traspasar la empresa de Francisco De Narv\u00e1ez a los chinos, representados por En Premieur S.A., respaldados incluso por un cr\u00e9dito del Estado entrerriano por 20 millones de pesos, aprobado por ley de la legislatura.<\/p>\n<p>La cesaci\u00f3n de pagos de Citr\u00edcola Ayu\u00ed hizo que colapsara la cadena de pagos en el sector citr\u00edcola, al entregar cheques sin fondos a numerosos productores, prestadores de servicios y proveedores de insumos, por una cifra superior a los 30 millones de pesos.<\/p>\n<p>Entre los afectados figura la tercerizada Monte Pilone, cuyos trabajadores, tras meses sin cobrar sus haberes, pidieron ser despedidos para poder tramitar los planes sociales. Otro que result\u00f3 perjudicado por el incumplimiento de Citr\u00edcola Ayu\u00ed fue el productor Ricardo Rigoni, que se hiciera conocido semanas atr\u00e1s por haber tenido que tirar 200 mil kilos de mandarinas de exportaci\u00f3n, consign\u00f3<em> El Entre R\u00edos.<\/em><\/p>\n<p>Rigoni sostuvo que \u00bb la ayuda del gobierno es todo mentira, para la tribuna. Al productor no lleg\u00f3 nada. Hace dos meses estuve con el ministro Schunk y me dijo: &#8216;le doy mi palabra de honor que en 10 d\u00edas usted est\u00e1 cobrando lo de Ayu\u00ed&#8217;. Hace dos meses o tres y todav\u00eda estoy esperando\u00bb.<\/p>\n<p>Rigoni, como tantos otros, ser\u00e1 uno de los acreedores de Citr\u00edcola Ayu\u00ed que se presente al Concurso Preventivo en procura de cobrar, alg\u00fan d\u00eda, lo que se le adeuda.<\/p>\n","protected":false},"excerpt":{"rendered":"<p>La empresa, considerada un s&iacute;mbolo de la citricultura regional, supuestamente vendida a los chinos por gesti&oacute;n oficial, solicit&oacute; formalmente la apertura de su concurso preventivo, en el Juzgado 3 de Capital Federal. El listado de Concursos y Quiebras publicado este mi&eacute;rcoles en la secci&oacute;n Negocios del Diario La Naci&oacute;n, es encabezado por Citr&iacute;cola Ayu&iacute; SAACI, [&hellip;]<\/p>\n","protected":false},"author":2,"featured_media":0,"comment_status":"open","ping_status":"open","sticky":false,"template":"","format":"standard","meta":{"fifu_image_url":"","fifu_image_alt":"","footnotes":""},"categories":[6,16],"tags":[],"class_list":{"0":"post-11447","1":"post","2":"type-post","3":"status-publish","4":"format-standard","6":"category-entre-rios","7":"category-politi"},"yoast_head":"<title>Es oficial: Citr\u00edcola Ayu\u00ed se concurs\u00f3 - Informe Litoral<\/title>\n<meta name=\"robots\" content=\"index, follow, max-snippet:-1, max-image-preview:large, max-video-preview:-1\" \/>\n<link rel=\"canonical\" href=\"https:\/\/informelitoral.com.ar\/es-oficial-citricola-ayui-se-concurso\/\" \/>\n<meta property=\"og:locale\" content=\"es_ES\" \/>\n<meta property=\"og:type\" content=\"article\" \/>\n<meta property=\"og:title\" content=\"Es oficial: Citr\u00edcola Ayu\u00ed se concurs\u00f3 - Informe Litoral\" \/>\n<meta property=\"og:description\" content=\"La empresa, considerada un s&iacute;mbolo de la citricultura regional, supuestamente vendida a los chinos por gesti&oacute;n oficial, solicit&oacute; formalmente la apertura de su concurso preventivo, en el Juzgado 3 de Capital Federal. El listado de Concursos y Quiebras publicado este mi&eacute;rcoles en la secci&oacute;n Negocios del Diario La Naci&oacute;n, es encabezado por Citr&iacute;cola Ayu&iacute; SAACI, [&hellip;]\" \/>\n<meta property=\"og:url\" content=\"https:\/\/informelitoral.com.ar\/es-oficial-citricola-ayui-se-concurso\/\" \/>\n<meta property=\"og:site_name\" content=\"Informe Litoral\" \/>\n<meta property=\"article:publisher\" content=\"https:\/\/www.facebook.com\/informelitoral\/\" \/>\n<meta property=\"article:published_time\" content=\"2015-08-05T12:42:49+00:00\" \/>\n<meta property=\"og:image\" content=\"https:\/\/informelitoral.com.ar\/%77%70%2d%63%6f%6e%74%65%6e%74\/uploads\/2015\/08\/o_1430336620.jpg\" \/>\n\t<meta property=\"og:image:width\" content=\"640\" \/>\n\t<meta property=\"og:image:height\" content=\"360\" \/>\n\t<meta property=\"og:image:type\" content=\"image\/jpeg\" \/>\n<meta name=\"author\" content=\"Gonzalo Schmidt\" \/>\n<meta name=\"twitter:card\" content=\"summary_large_image\" \/>\n<meta name=\"twitter:creator\" content=\"@InformeLitoral\" \/>\n<meta name=\"twitter:site\" content=\"@InformeLitoral\" \/>\n<meta name=\"twitter:label1\" content=\"Escrito por\" \/>\n\t<meta name=\"twitter:data1\" content=\"Gonzalo Schmidt\" \/>\n\t<meta name=\"twitter:label2\" content=\"Tiempo de lectura\" \/>\n\t<meta name=\"twitter:data2\" content=\"2 minutos\" \/>\n<script type=\"application\/ld+json\" class=\"yoast-schema-graph\">{\"@context\":\"https:\\\/\\\/schema.org\",\"@graph\":[{\"@type\":\"Article\",\"@id\":\"https:\\\/\\\/informelitoral.com.ar\\\/es-oficial-citricola-ayui-se-concurso\\\/#article\",\"isPartOf\":{\"@id\":\"https:\\\/\\\/informelitoral.com.ar\\\/es-oficial-citricola-ayui-se-concurso\\\/\"},\"author\":{\"name\":\"Gonzalo Schmidt\",\"@id\":\"https:\\\/\\\/informelitoral.com.ar\\\/#\\\/schema\\\/person\\\/b9d00407c836482871ef1d57bf8e3180\"},\"headline\":\"Es oficial: Citr\u00edcola Ayu\u00ed se concurs\u00f3\",\"datePublished\":\"2015-08-05T12:42:49+00:00\",\"mainEntityOfPage\":{\"@id\":\"https:\\\/\\\/informelitoral.com.ar\\\/es-oficial-citricola-ayui-se-concurso\\\/\"},\"wordCount\":398,\"commentCount\":0,\"publisher\":{\"@id\":\"https:\\\/\\\/informelitoral.com.ar\\\/#organization\"},\"image\":{\"@id\":\"https:\\\/\\\/informelitoral.com.ar\\\/es-oficial-citricola-ayui-se-concurso\\\/#primaryimage\"},\"thumbnailUrl\":\"http:\\\/\\\/www.isletasnoticias.com.ar\\\/%77%70%2d%63%6f%6e%74%65%6e%74\\\/uploads\\\/2015\\\/08\\\/o_1430336620-300x169.jpg\",\"articleSection\":[\"Entre R\u00edos\",\"Politica\"],\"inLanguage\":\"es\",\"potentialAction\":[{\"@type\":\"CommentAction\",\"name\":\"Comment\",\"target\":[\"https:\\\/\\\/informelitoral.com.ar\\\/es-oficial-citricola-ayui-se-concurso\\\/#respond\"]}]},{\"@type\":\"WebPage\",\"@id\":\"https:\\\/\\\/informelitoral.com.ar\\\/es-oficial-citricola-ayui-se-concurso\\\/\",\"url\":\"https:\\\/\\\/informelitoral.com.ar\\\/es-oficial-citricola-ayui-se-concurso\\\/\",\"name\":\"Es oficial: Citr\u00edcola Ayu\u00ed se concurs\u00f3 - Informe Litoral\",\"isPartOf\":{\"@id\":\"https:\\\/\\\/informelitoral.com.ar\\\/#website\"},\"primaryImageOfPage\":{\"@id\":\"https:\\\/\\\/informelitoral.com.ar\\\/es-oficial-citricola-ayui-se-concurso\\\/#primaryimage\"},\"image\":{\"@id\":\"https:\\\/\\\/informelitoral.com.ar\\\/es-oficial-citricola-ayui-se-concurso\\\/#primaryimage\"},\"thumbnailUrl\":\"http:\\\/\\\/www.isletasnoticias.com.ar\\\/%77%70%2d%63%6f%6e%74%65%6e%74\\\/uploads\\\/2015\\\/08\\\/o_1430336620-300x169.jpg\",\"datePublished\":\"2015-08-05T12:42:49+00:00\",\"breadcrumb\":{\"@id\":\"https:\\\/\\\/informelitoral.com.ar\\\/es-oficial-citricola-ayui-se-concurso\\\/#breadcrumb\"},\"inLanguage\":\"es\",\"potentialAction\":[{\"@type\":\"ReadAction\",\"target\":[\"https:\\\/\\\/informelitoral.com.ar\\\/es-oficial-citricola-ayui-se-concurso\\\/\"]}]},{\"@type\":\"ImageObject\",\"inLanguage\":\"es\",\"@id\":\"https:\\\/\\\/informelitoral.com.ar\\\/es-oficial-citricola-ayui-se-concurso\\\/#primaryimage\",\"url\":\"http:\\\/\\\/www.isletasnoticias.com.ar\\\/%77%70%2d%63%6f%6e%74%65%6e%74\\\/uploads\\\/2015\\\/08\\\/o_1430336620-300x169.jpg\",\"contentUrl\":\"http:\\\/\\\/www.isletasnoticias.com.ar\\\/%77%70%2d%63%6f%6e%74%65%6e%74\\\/uploads\\\/2015\\\/08\\\/o_1430336620-300x169.jpg\"},{\"@type\":\"BreadcrumbList\",\"@id\":\"https:\\\/\\\/informelitoral.com.ar\\\/es-oficial-citricola-ayui-se-concurso\\\/#breadcrumb\",\"itemListElement\":[{\"@type\":\"ListItem\",\"position\":1,\"name\":\"Portada\",\"item\":\"https:\\\/\\\/informelitoral.com.ar\\\/\"},{\"@type\":\"ListItem\",\"position\":2,\"name\":\"Es oficial: Citr\u00edcola Ayu\u00ed se concurs\u00f3\"}]},{\"@type\":\"WebSite\",\"@id\":\"https:\\\/\\\/informelitoral.com.ar\\\/#website\",\"url\":\"https:\\\/\\\/informelitoral.com.ar\\\/\",\"name\":\"Informe Litoral\",\"description\":\"&quot;Nos informamos&quot; \",\"publisher\":{\"@id\":\"https:\\\/\\\/informelitoral.com.ar\\\/#organization\"},\"potentialAction\":[{\"@type\":\"SearchAction\",\"target\":{\"@type\":\"EntryPoint\",\"urlTemplate\":\"https:\\\/\\\/informelitoral.com.ar\\\/?s={search_term_string}\"},\"query-input\":{\"@type\":\"PropertyValueSpecification\",\"valueRequired\":true,\"valueName\":\"search_term_string\"}}],\"inLanguage\":\"es\"},{\"@type\":\"Organization\",\"@id\":\"https:\\\/\\\/informelitoral.com.ar\\\/#organization\",\"name\":\"Informe Litoral\",\"url\":\"https:\\\/\\\/informelitoral.com.ar\\\/\",\"logo\":{\"@type\":\"ImageObject\",\"inLanguage\":\"es\",\"@id\":\"https:\\\/\\\/informelitoral.com.ar\\\/#\\\/schema\\\/logo\\\/image\\\/\",\"url\":\"https:\\\/\\\/informelitoral.com.ar\\\/%77%70%2d%63%6f%6e%74%65%6e%74\\\/uploads\\\/2021\\\/01\\\/circulo.png\",\"contentUrl\":\"https:\\\/\\\/informelitoral.com.ar\\\/%77%70%2d%63%6f%6e%74%65%6e%74\\\/uploads\\\/2021\\\/01\\\/circulo.png\",\"width\":723,\"height\":731,\"caption\":\"Informe Litoral\"},\"image\":{\"@id\":\"https:\\\/\\\/informelitoral.com.ar\\\/#\\\/schema\\\/logo\\\/image\\\/\"},\"sameAs\":[\"https:\\\/\\\/www.facebook.com\\\/informelitoral\\\/\",\"https:\\\/\\\/x.com\\\/InformeLitoral\",\"https:\\\/\\\/www.instagram.com\\\/informelitoral\\\/\",\"https:\\\/\\\/www.youtube.com\\\/channel\\\/UCua4Qvz8Icb6MYqhoq9xLXw\"]},{\"@type\":\"Person\",\"@id\":\"https:\\\/\\\/informelitoral.com.ar\\\/#\\\/schema\\\/person\\\/b9d00407c836482871ef1d57bf8e3180\",\"name\":\"Gonzalo Schmidt\",\"image\":{\"@type\":\"ImageObject\",\"inLanguage\":\"es\",\"@id\":\"https:\\\/\\\/secure.gravatar.com\\\/avatar\\\/31a1a7b66ff2de83bd0e9fd79d026630d2d99e55e8bfe501287647b4fd9743de?s=96&d=mm&r=g\",\"url\":\"https:\\\/\\\/secure.gravatar.com\\\/avatar\\\/31a1a7b66ff2de83bd0e9fd79d026630d2d99e55e8bfe501287647b4fd9743de?s=96&d=mm&r=g\",\"contentUrl\":\"https:\\\/\\\/secure.gravatar.com\\\/avatar\\\/31a1a7b66ff2de83bd0e9fd79d026630d2d99e55e8bfe501287647b4fd9743de?s=96&d=mm&r=g\",\"caption\":\"Gonzalo Schmidt\"},\"description\":\"Sitio web de noticias de la provincia de Entre R\u00edos, Argentina. Informaci\u00f3n y entretenimiento. Informe Litoral, nos informamos.\",\"sameAs\":[\"http:\\\/\\\/www.isletasnoticias.com.ar\"],\"url\":\"https:\\\/\\\/informelitoral.com.ar\\\/author\\\/gonzalo\\\/\"}]}<\/script>","yoast_head_json":{"title":"Es oficial: Citr\u00edcola Ayu\u00ed se concurs\u00f3 - Informe Litoral","robots":{"index":"index","follow":"follow","max-snippet":"max-snippet:-1","max-image-preview":"max-image-preview:large","max-video-preview":"max-video-preview:-1"},"canonical":"https:\/\/informelitoral.com.ar\/es-oficial-citricola-ayui-se-concurso\/","og_locale":"es_ES","og_type":"article","og_title":"Es oficial: Citr\u00edcola Ayu\u00ed se concurs\u00f3 - Informe Litoral","og_description":"La empresa, considerada un s&iacute;mbolo de la citricultura regional, supuestamente vendida a los chinos por gesti&oacute;n oficial, solicit&oacute; formalmente la apertura de su concurso preventivo, en el Juzgado 3 de Capital Federal. El listado de Concursos y Quiebras publicado este mi&eacute;rcoles en la secci&oacute;n Negocios del Diario La Naci&oacute;n, es encabezado por Citr&iacute;cola Ayu&iacute; SAACI, [&hellip;]","og_url":"https:\/\/informelitoral.com.ar\/es-oficial-citricola-ayui-se-concurso\/","og_site_name":"Informe Litoral","article_publisher":"https:\/\/www.facebook.com\/informelitoral\/","article_published_time":"2015-08-05T12:42:49+00:00","og_image":[{"width":640,"height":360,"url":"https:\/\/informelitoral.com.ar\/%77%70%2d%63%6f%6e%74%65%6e%74\/uploads\/2015\/08\/o_1430336620.jpg","type":"image\/jpeg"}],"author":"Gonzalo Schmidt","twitter_card":"summary_large_image","twitter_creator":"@InformeLitoral","twitter_site":"@InformeLitoral","twitter_misc":{"Escrito por":"Gonzalo Schmidt","Tiempo de lectura":"2 minutos"},"schema":{"@context":"https:\/\/schema.org","@graph":[{"@type":"Article","@id":"https:\/\/informelitoral.com.ar\/es-oficial-citricola-ayui-se-concurso\/#article","isPartOf":{"@id":"https:\/\/informelitoral.com.ar\/es-oficial-citricola-ayui-se-concurso\/"},"author":{"name":"Gonzalo Schmidt","@id":"https:\/\/informelitoral.com.ar\/#\/schema\/person\/b9d00407c836482871ef1d57bf8e3180"},"headline":"Es oficial: Citr\u00edcola Ayu\u00ed se concurs\u00f3","datePublished":"2015-08-05T12:42:49+00:00","mainEntityOfPage":{"@id":"https:\/\/informelitoral.com.ar\/es-oficial-citricola-ayui-se-concurso\/"},"wordCount":398,"commentCount":0,"publisher":{"@id":"https:\/\/informelitoral.com.ar\/#organization"},"image":{"@id":"https:\/\/informelitoral.com.ar\/es-oficial-citricola-ayui-se-concurso\/#primaryimage"},"thumbnailUrl":"http:\/\/www.isletasnoticias.com.ar\/%77%70%2d%63%6f%6e%74%65%6e%74\/uploads\/2015\/08\/o_1430336620-300x169.jpg","articleSection":["Entre R\u00edos","Politica"],"inLanguage":"es","potentialAction":[{"@type":"CommentAction","name":"Comment","target":["https:\/\/informelitoral.com.ar\/es-oficial-citricola-ayui-se-concurso\/#respond"]}]},{"@type":"WebPage","@id":"https:\/\/informelitoral.com.ar\/es-oficial-citricola-ayui-se-concurso\/","url":"https:\/\/informelitoral.com.ar\/es-oficial-citricola-ayui-se-concurso\/","name":"Es oficial: Citr\u00edcola Ayu\u00ed se concurs\u00f3 - Informe Litoral","isPartOf":{"@id":"https:\/\/informelitoral.com.ar\/#website"},"primaryImageOfPage":{"@id":"https:\/\/informelitoral.com.ar\/es-oficial-citricola-ayui-se-concurso\/#primaryimage"},"image":{"@id":"https:\/\/informelitoral.com.ar\/es-oficial-citricola-ayui-se-concurso\/#primaryimage"},"thumbnailUrl":"http:\/\/www.isletasnoticias.com.ar\/%77%70%2d%63%6f%6e%74%65%6e%74\/uploads\/2015\/08\/o_1430336620-300x169.jpg","datePublished":"2015-08-05T12:42:49+00:00","breadcrumb":{"@id":"https:\/\/informelitoral.com.ar\/es-oficial-citricola-ayui-se-concurso\/#breadcrumb"},"inLanguage":"es","potentialAction":[{"@type":"ReadAction","target":["https:\/\/informelitoral.com.ar\/es-oficial-citricola-ayui-se-concurso\/"]}]},{"@type":"ImageObject","inLanguage":"es","@id":"https:\/\/informelitoral.com.ar\/es-oficial-citricola-ayui-se-concurso\/#primaryimage","url":"http:\/\/www.isletasnoticias.com.ar\/%77%70%2d%63%6f%6e%74%65%6e%74\/uploads\/2015\/08\/o_1430336620-300x169.jpg","contentUrl":"http:\/\/www.isletasnoticias.com.ar\/%77%70%2d%63%6f%6e%74%65%6e%74\/uploads\/2015\/08\/o_1430336620-300x169.jpg"},{"@type":"BreadcrumbList","@id":"https:\/\/informelitoral.com.ar\/es-oficial-citricola-ayui-se-concurso\/#breadcrumb","itemListElement":[{"@type":"ListItem","position":1,"name":"Portada","item":"https:\/\/informelitoral.com.ar\/"},{"@type":"ListItem","position":2,"name":"Es oficial: Citr\u00edcola Ayu\u00ed se concurs\u00f3"}]},{"@type":"WebSite","@id":"https:\/\/informelitoral.com.ar\/#website","url":"https:\/\/informelitoral.com.ar\/","name":"Informe Litoral","description":"&quot;Nos informamos&quot; ","publisher":{"@id":"https:\/\/informelitoral.com.ar\/#organization"},"potentialAction":[{"@type":"SearchAction","target":{"@type":"EntryPoint","urlTemplate":"https:\/\/informelitoral.com.ar\/?s={search_term_string}"},"query-input":{"@type":"PropertyValueSpecification","valueRequired":true,"valueName":"search_term_string"}}],"inLanguage":"es"},{"@type":"Organization","@id":"https:\/\/informelitoral.com.ar\/#organization","name":"Informe Litoral","url":"https:\/\/informelitoral.com.ar\/","logo":{"@type":"ImageObject","inLanguage":"es","@id":"https:\/\/informelitoral.com.ar\/#\/schema\/logo\/image\/","url":"https:\/\/informelitoral.com.ar\/%77%70%2d%63%6f%6e%74%65%6e%74\/uploads\/2021\/01\/circulo.png","contentUrl":"https:\/\/informelitoral.com.ar\/%77%70%2d%63%6f%6e%74%65%6e%74\/uploads\/2021\/01\/circulo.png","width":723,"height":731,"caption":"Informe Litoral"},"image":{"@id":"https:\/\/informelitoral.com.ar\/#\/schema\/logo\/image\/"},"sameAs":["https:\/\/www.facebook.com\/informelitoral\/","https:\/\/x.com\/InformeLitoral","https:\/\/www.instagram.com\/informelitoral\/","https:\/\/www.youtube.com\/channel\/UCua4Qvz8Icb6MYqhoq9xLXw"]},{"@type":"Person","@id":"https:\/\/informelitoral.com.ar\/#\/schema\/person\/b9d00407c836482871ef1d57bf8e3180","name":"Gonzalo Schmidt","image":{"@type":"ImageObject","inLanguage":"es","@id":"https:\/\/secure.gravatar.com\/avatar\/31a1a7b66ff2de83bd0e9fd79d026630d2d99e55e8bfe501287647b4fd9743de?s=96&d=mm&r=g","url":"https:\/\/secure.gravatar.com\/avatar\/31a1a7b66ff2de83bd0e9fd79d026630d2d99e55e8bfe501287647b4fd9743de?s=96&d=mm&r=g","contentUrl":"https:\/\/secure.gravatar.com\/avatar\/31a1a7b66ff2de83bd0e9fd79d026630d2d99e55e8bfe501287647b4fd9743de?s=96&d=mm&r=g","caption":"Gonzalo Schmidt"},"description":"Sitio web de noticias de la provincia de Entre R\u00edos, Argentina. Informaci\u00f3n y entretenimiento. Informe Litoral, nos informamos.","sameAs":["http:\/\/www.isletasnoticias.com.ar"],"url":"https:\/\/informelitoral.com.ar\/author\/gonzalo\/"}]}},"_links":{"self":[{"href":"https:\/\/informelitoral.com.ar\/%77%70%2d%6a%73%6f%6e\/wp\/v2\/posts\/11447","targetHints":{"allow":["GET"]}}],"collection":[{"href":"https:\/\/informelitoral.com.ar\/%77%70%2d%6a%73%6f%6e\/wp\/v2\/posts"}],"about":[{"href":"https:\/\/informelitoral.com.ar\/%77%70%2d%6a%73%6f%6e\/wp\/v2\/types\/post"}],"author":[{"embeddable":true,"href":"https:\/\/informelitoral.com.ar\/%77%70%2d%6a%73%6f%6e\/wp\/v2\/users\/2"}],"replies":[{"embeddable":true,"href":"https:\/\/informelitoral.com.ar\/%77%70%2d%6a%73%6f%6e\/wp\/v2\/comments?post=11447"}],"version-history":[{"count":0,"href":"https:\/\/informelitoral.com.ar\/%77%70%2d%6a%73%6f%6e\/wp\/v2\/posts\/11447\/revisions"}],"wp:attachment":[{"href":"https:\/\/informelitoral.com.ar\/%77%70%2d%6a%73%6f%6e\/wp\/v2\/media?parent=11447"}],"wp:term":[{"taxonomy":"category","embeddable":true,"href":"https:\/\/informelitoral.com.ar\/%77%70%2d%6a%73%6f%6e\/wp\/v2\/categories?post=11447"},{"taxonomy":"post_tag","embeddable":true,"href":"https:\/\/informelitoral.com.ar\/%77%70%2d%6a%73%6f%6e\/wp\/v2\/tags?post=11447"}],"curies":[{"name":"wp","href":"https:\/\/api.w.org\/{rel}","templated":true}]}}