{"id":11441,"date":"2015-08-04T23:14:04","date_gmt":"2015-08-05T02:14:04","guid":{"rendered":"http:\/\/www.isletasnoticias.com.ar\/?p=11441"},"modified":"2015-08-04T23:23:17","modified_gmt":"2015-08-05T02:23:17","slug":"isletas-se-realizo-un-encuentro-de-candidatos-del-frente-cambiemos","status":"publish","type":"post","link":"https:\/\/informelitoral.com.ar\/isletas-se-realizo-un-encuentro-de-candidatos-del-frente-cambiemos\/","title":{"rendered":"Isletas: se realiz\u00f3 un encuentro de candidatos del Frente Cambiemos"},"content":{"rendered":"<p><strong>Intercambiaron opiniones y expusieron los lineamientos de trabajo en caso de ganar las elecciones en octubre. Participaron los precandidatos para presidir las juntas de gobierno de Camps, Isletas y Costa Grande. Adem\u00e1s del diputado<em> Jorge Monge<\/em> y los precandidatos a senador.<\/strong> \u00a0<a href=\"http:\/\/www.isletasnoticias.com.ar\/%77%70%2d%63%6f%6e%74%65%6e%74\/uploads\/2015\/08\/1.jpg\"><img loading=\"lazy\" decoding=\"async\" class=\"aligncenter size-medium wp-image-11442\" src=\"http:\/\/www.isletasnoticias.com.ar\/%77%70%2d%63%6f%6e%74%65%6e%74\/uploads\/2015\/08\/1-300x200.jpg\" alt=\"1\" width=\"300\" height=\"200\" srcset=\"https:\/\/informelitoral.com.ar\/%77%70%2d%63%6f%6e%74%65%6e%74\/uploads\/2015\/08\/1-300x200.jpg 300w, https:\/\/informelitoral.com.ar\/%77%70%2d%63%6f%6e%74%65%6e%74\/uploads\/2015\/08\/1.jpg 960w\" sizes=\"auto, (max-width: 300px) 100vw, 300px\" \/><\/a><\/p>\n<p>El lunes por la noche, en el Sal\u00f3n Comunitario de Isletas, se realiz\u00f3 un encuentro de precandidatos a presidentes de las juntas de gobierno del Frente Cambiemos de algunas localidades del departamento Diamante.<a href=\"http:\/\/www.isletasnoticias.com.ar\/%77%70%2d%63%6f%6e%74%65%6e%74\/uploads\/2015\/08\/2.jpg\"><img loading=\"lazy\" decoding=\"async\" class=\" size-medium wp-image-11443 alignleft\" src=\"http:\/\/www.isletasnoticias.com.ar\/%77%70%2d%63%6f%6e%74%65%6e%74\/uploads\/2015\/08\/2-300x200.jpg\" alt=\"2\" width=\"300\" height=\"200\" srcset=\"https:\/\/informelitoral.com.ar\/%77%70%2d%63%6f%6e%74%65%6e%74\/uploads\/2015\/08\/2-300x200.jpg 300w, https:\/\/informelitoral.com.ar\/%77%70%2d%63%6f%6e%74%65%6e%74\/uploads\/2015\/08\/2.jpg 960w\" sizes=\"auto, (max-width: 300px) 100vw, 300px\" \/><\/a><\/p>\n<p>Participaron el actual jefe comunal, <strong>Ra\u00fal Eichman<\/strong> y los postulantes de esta localidad, <strong>Alcides Wolf<\/strong>; de Camps, <strong>Hern\u00e1n M\u00fcller<\/strong> y de Costa Grande, <strong>N\u00e9stor Gieco<\/strong>. Adem\u00e1s, se hizo presente el diputado <strong>Jorge Monge<\/strong> y los precandidatos a senadores <strong>Omar Schild<\/strong> y\u00a0<strong>Eduardo Rosenbrock<\/strong>.<\/p>\n<p>Seg\u00fan un comunicado enviado a la redacci\u00f3n de <em><strong>ISLETAS NOTICIAS<\/strong><\/em>, \u00aben la reuni\u00f3n realizada, se intercambiaron opiniones y adem\u00e1s los precandidatos a senadores expusieron las iniciativas que llevar\u00e1n adelante para la zona rural, en caso de ocupar una banca en la Legislatura. Tambi\u00e9n, se asumi\u00f3 el compromiso de impulsar una agenda de trabajo en com\u00fan, la cual incluye abordar diversos puntos, que ser\u00e1n de beneficio para toda la regi\u00f3n si se logra acceder al gobierno a partir del 10 de diciembre pr\u00f3ximo\u00bb, informaron.<\/p>\n","protected":false},"excerpt":{"rendered":"<p>Intercambiaron opiniones y expusieron los lineamientos de trabajo en caso de ganar las elecciones en octubre. Participaron los precandidatos para presidir las juntas de gobierno de Camps, Isletas y Costa Grande. Adem&aacute;s del diputado Jorge Monge y los precandidatos a senador. &nbsp; El lunes por la noche, en el Sal&oacute;n Comunitario de Isletas, se realiz&oacute; [&hellip;]<\/p>\n","protected":false},"author":2,"featured_media":0,"comment_status":"open","ping_status":"open","sticky":false,"template":"","format":"standard","meta":{"fifu_image_url":"","fifu_image_alt":"","footnotes":""},"categories":[4,16],"tags":[],"class_list":{"0":"post-11441","1":"post","2":"type-post","3":"status-publish","4":"format-standard","6":"category-locales","7":"category-politi"},"yoast_head":"<title>Isletas: se realiz\u00f3 un encuentro de candidatos del Frente Cambiemos - Informe Litoral<\/title>\n<meta name=\"robots\" content=\"index, follow, max-snippet:-1, max-image-preview:large, max-video-preview:-1\" \/>\n<link rel=\"canonical\" href=\"https:\/\/informelitoral.com.ar\/isletas-se-realizo-un-encuentro-de-candidatos-del-frente-cambiemos\/\" \/>\n<meta property=\"og:locale\" content=\"es_ES\" \/>\n<meta property=\"og:type\" content=\"article\" \/>\n<meta property=\"og:title\" content=\"Isletas: se realiz\u00f3 un encuentro de candidatos del Frente Cambiemos - Informe Litoral\" \/>\n<meta property=\"og:description\" content=\"Intercambiaron opiniones y expusieron los lineamientos de trabajo en caso de ganar las elecciones en octubre. Participaron los precandidatos para presidir las juntas de gobierno de Camps, Isletas y Costa Grande. Adem&aacute;s del diputado Jorge Monge y los precandidatos a senador. &nbsp; El lunes por la noche, en el Sal&oacute;n Comunitario de Isletas, se realiz&oacute; [&hellip;]\" \/>\n<meta property=\"og:url\" content=\"https:\/\/informelitoral.com.ar\/isletas-se-realizo-un-encuentro-de-candidatos-del-frente-cambiemos\/\" \/>\n<meta property=\"og:site_name\" content=\"Informe Litoral\" \/>\n<meta property=\"article:publisher\" content=\"https:\/\/www.facebook.com\/informelitoral\/\" \/>\n<meta property=\"article:published_time\" content=\"2015-08-05T02:14:04+00:00\" \/>\n<meta property=\"article:modified_time\" content=\"2015-08-05T02:23:17+00:00\" \/>\n<meta property=\"og:image\" content=\"https:\/\/informelitoral.com.ar\/%77%70%2d%63%6f%6e%74%65%6e%74\/uploads\/2015\/08\/1.jpg\" \/>\n\t<meta property=\"og:image:width\" content=\"960\" \/>\n\t<meta property=\"og:image:height\" content=\"639\" \/>\n\t<meta property=\"og:image:type\" content=\"image\/jpeg\" \/>\n<meta name=\"author\" content=\"Gonzalo Schmidt\" \/>\n<meta name=\"twitter:card\" content=\"summary_large_image\" \/>\n<meta name=\"twitter:creator\" content=\"@InformeLitoral\" \/>\n<meta name=\"twitter:site\" content=\"@InformeLitoral\" \/>\n<meta name=\"twitter:label1\" content=\"Escrito por\" \/>\n\t<meta name=\"twitter:data1\" content=\"Gonzalo Schmidt\" \/>\n\t<meta name=\"twitter:label2\" content=\"Tiempo de lectura\" \/>\n\t<meta name=\"twitter:data2\" content=\"1 minuto\" \/>\n<script type=\"application\/ld+json\" class=\"yoast-schema-graph\">{\"@context\":\"https:\\\/\\\/schema.org\",\"@graph\":[{\"@type\":\"Article\",\"@id\":\"https:\\\/\\\/informelitoral.com.ar\\\/isletas-se-realizo-un-encuentro-de-candidatos-del-frente-cambiemos\\\/#article\",\"isPartOf\":{\"@id\":\"https:\\\/\\\/informelitoral.com.ar\\\/isletas-se-realizo-un-encuentro-de-candidatos-del-frente-cambiemos\\\/\"},\"author\":{\"name\":\"Gonzalo Schmidt\",\"@id\":\"https:\\\/\\\/informelitoral.com.ar\\\/#\\\/schema\\\/person\\\/b9d00407c836482871ef1d57bf8e3180\"},\"headline\":\"Isletas: se realiz\u00f3 un encuentro de candidatos del Frente Cambiemos\",\"datePublished\":\"2015-08-05T02:14:04+00:00\",\"dateModified\":\"2015-08-05T02:23:17+00:00\",\"mainEntityOfPage\":{\"@id\":\"https:\\\/\\\/informelitoral.com.ar\\\/isletas-se-realizo-un-encuentro-de-candidatos-del-frente-cambiemos\\\/\"},\"wordCount\":226,\"commentCount\":0,\"publisher\":{\"@id\":\"https:\\\/\\\/informelitoral.com.ar\\\/#organization\"},\"image\":{\"@id\":\"https:\\\/\\\/informelitoral.com.ar\\\/isletas-se-realizo-un-encuentro-de-candidatos-del-frente-cambiemos\\\/#primaryimage\"},\"thumbnailUrl\":\"http:\\\/\\\/www.isletasnoticias.com.ar\\\/%77%70%2d%63%6f%6e%74%65%6e%74\\\/uploads\\\/2015\\\/08\\\/1-300x200.jpg\",\"articleSection\":[\"Isletas\",\"Politica\"],\"inLanguage\":\"es\",\"potentialAction\":[{\"@type\":\"CommentAction\",\"name\":\"Comment\",\"target\":[\"https:\\\/\\\/informelitoral.com.ar\\\/isletas-se-realizo-un-encuentro-de-candidatos-del-frente-cambiemos\\\/#respond\"]}]},{\"@type\":\"WebPage\",\"@id\":\"https:\\\/\\\/informelitoral.com.ar\\\/isletas-se-realizo-un-encuentro-de-candidatos-del-frente-cambiemos\\\/\",\"url\":\"https:\\\/\\\/informelitoral.com.ar\\\/isletas-se-realizo-un-encuentro-de-candidatos-del-frente-cambiemos\\\/\",\"name\":\"Isletas: se realiz\u00f3 un encuentro de candidatos del Frente Cambiemos - Informe Litoral\",\"isPartOf\":{\"@id\":\"https:\\\/\\\/informelitoral.com.ar\\\/#website\"},\"primaryImageOfPage\":{\"@id\":\"https:\\\/\\\/informelitoral.com.ar\\\/isletas-se-realizo-un-encuentro-de-candidatos-del-frente-cambiemos\\\/#primaryimage\"},\"image\":{\"@id\":\"https:\\\/\\\/informelitoral.com.ar\\\/isletas-se-realizo-un-encuentro-de-candidatos-del-frente-cambiemos\\\/#primaryimage\"},\"thumbnailUrl\":\"http:\\\/\\\/www.isletasnoticias.com.ar\\\/%77%70%2d%63%6f%6e%74%65%6e%74\\\/uploads\\\/2015\\\/08\\\/1-300x200.jpg\",\"datePublished\":\"2015-08-05T02:14:04+00:00\",\"dateModified\":\"2015-08-05T02:23:17+00:00\",\"breadcrumb\":{\"@id\":\"https:\\\/\\\/informelitoral.com.ar\\\/isletas-se-realizo-un-encuentro-de-candidatos-del-frente-cambiemos\\\/#breadcrumb\"},\"inLanguage\":\"es\",\"potentialAction\":[{\"@type\":\"ReadAction\",\"target\":[\"https:\\\/\\\/informelitoral.com.ar\\\/isletas-se-realizo-un-encuentro-de-candidatos-del-frente-cambiemos\\\/\"]}]},{\"@type\":\"ImageObject\",\"inLanguage\":\"es\",\"@id\":\"https:\\\/\\\/informelitoral.com.ar\\\/isletas-se-realizo-un-encuentro-de-candidatos-del-frente-cambiemos\\\/#primaryimage\",\"url\":\"http:\\\/\\\/www.isletasnoticias.com.ar\\\/%77%70%2d%63%6f%6e%74%65%6e%74\\\/uploads\\\/2015\\\/08\\\/1-300x200.jpg\",\"contentUrl\":\"http:\\\/\\\/www.isletasnoticias.com.ar\\\/%77%70%2d%63%6f%6e%74%65%6e%74\\\/uploads\\\/2015\\\/08\\\/1-300x200.jpg\"},{\"@type\":\"BreadcrumbList\",\"@id\":\"https:\\\/\\\/informelitoral.com.ar\\\/isletas-se-realizo-un-encuentro-de-candidatos-del-frente-cambiemos\\\/#breadcrumb\",\"itemListElement\":[{\"@type\":\"ListItem\",\"position\":1,\"name\":\"Portada\",\"item\":\"https:\\\/\\\/informelitoral.com.ar\\\/\"},{\"@type\":\"ListItem\",\"position\":2,\"name\":\"Isletas: se realiz\u00f3 un encuentro de candidatos del Frente Cambiemos\"}]},{\"@type\":\"WebSite\",\"@id\":\"https:\\\/\\\/informelitoral.com.ar\\\/#website\",\"url\":\"https:\\\/\\\/informelitoral.com.ar\\\/\",\"name\":\"Informe Litoral\",\"description\":\"&quot;Nos informamos&quot; \",\"publisher\":{\"@id\":\"https:\\\/\\\/informelitoral.com.ar\\\/#organization\"},\"potentialAction\":[{\"@type\":\"SearchAction\",\"target\":{\"@type\":\"EntryPoint\",\"urlTemplate\":\"https:\\\/\\\/informelitoral.com.ar\\\/?s={search_term_string}\"},\"query-input\":{\"@type\":\"PropertyValueSpecification\",\"valueRequired\":true,\"valueName\":\"search_term_string\"}}],\"inLanguage\":\"es\"},{\"@type\":\"Organization\",\"@id\":\"https:\\\/\\\/informelitoral.com.ar\\\/#organization\",\"name\":\"Informe Litoral\",\"url\":\"https:\\\/\\\/informelitoral.com.ar\\\/\",\"logo\":{\"@type\":\"ImageObject\",\"inLanguage\":\"es\",\"@id\":\"https:\\\/\\\/informelitoral.com.ar\\\/#\\\/schema\\\/logo\\\/image\\\/\",\"url\":\"https:\\\/\\\/informelitoral.com.ar\\\/%77%70%2d%63%6f%6e%74%65%6e%74\\\/uploads\\\/2021\\\/01\\\/circulo.png\",\"contentUrl\":\"https:\\\/\\\/informelitoral.com.ar\\\/%77%70%2d%63%6f%6e%74%65%6e%74\\\/uploads\\\/2021\\\/01\\\/circulo.png\",\"width\":723,\"height\":731,\"caption\":\"Informe Litoral\"},\"image\":{\"@id\":\"https:\\\/\\\/informelitoral.com.ar\\\/#\\\/schema\\\/logo\\\/image\\\/\"},\"sameAs\":[\"https:\\\/\\\/www.facebook.com\\\/informelitoral\\\/\",\"https:\\\/\\\/x.com\\\/InformeLitoral\",\"https:\\\/\\\/www.instagram.com\\\/informelitoral\\\/\",\"https:\\\/\\\/www.youtube.com\\\/channel\\\/UCua4Qvz8Icb6MYqhoq9xLXw\"]},{\"@type\":\"Person\",\"@id\":\"https:\\\/\\\/informelitoral.com.ar\\\/#\\\/schema\\\/person\\\/b9d00407c836482871ef1d57bf8e3180\",\"name\":\"Gonzalo Schmidt\",\"image\":{\"@type\":\"ImageObject\",\"inLanguage\":\"es\",\"@id\":\"https:\\\/\\\/secure.gravatar.com\\\/avatar\\\/31a1a7b66ff2de83bd0e9fd79d026630d2d99e55e8bfe501287647b4fd9743de?s=96&d=mm&r=g\",\"url\":\"https:\\\/\\\/secure.gravatar.com\\\/avatar\\\/31a1a7b66ff2de83bd0e9fd79d026630d2d99e55e8bfe501287647b4fd9743de?s=96&d=mm&r=g\",\"contentUrl\":\"https:\\\/\\\/secure.gravatar.com\\\/avatar\\\/31a1a7b66ff2de83bd0e9fd79d026630d2d99e55e8bfe501287647b4fd9743de?s=96&d=mm&r=g\",\"caption\":\"Gonzalo Schmidt\"},\"description\":\"Sitio web de noticias de la provincia de Entre R\u00edos, Argentina. Informaci\u00f3n y entretenimiento. Informe Litoral, nos informamos.\",\"sameAs\":[\"http:\\\/\\\/www.isletasnoticias.com.ar\"],\"url\":\"https:\\\/\\\/informelitoral.com.ar\\\/author\\\/gonzalo\\\/\"}]}<\/script>","yoast_head_json":{"title":"Isletas: se realiz\u00f3 un encuentro de candidatos del Frente Cambiemos - Informe Litoral","robots":{"index":"index","follow":"follow","max-snippet":"max-snippet:-1","max-image-preview":"max-image-preview:large","max-video-preview":"max-video-preview:-1"},"canonical":"https:\/\/informelitoral.com.ar\/isletas-se-realizo-un-encuentro-de-candidatos-del-frente-cambiemos\/","og_locale":"es_ES","og_type":"article","og_title":"Isletas: se realiz\u00f3 un encuentro de candidatos del Frente Cambiemos - Informe Litoral","og_description":"Intercambiaron opiniones y expusieron los lineamientos de trabajo en caso de ganar las elecciones en octubre. Participaron los precandidatos para presidir las juntas de gobierno de Camps, Isletas y Costa Grande. Adem&aacute;s del diputado Jorge Monge y los precandidatos a senador. &nbsp; El lunes por la noche, en el Sal&oacute;n Comunitario de Isletas, se realiz&oacute; [&hellip;]","og_url":"https:\/\/informelitoral.com.ar\/isletas-se-realizo-un-encuentro-de-candidatos-del-frente-cambiemos\/","og_site_name":"Informe Litoral","article_publisher":"https:\/\/www.facebook.com\/informelitoral\/","article_published_time":"2015-08-05T02:14:04+00:00","article_modified_time":"2015-08-05T02:23:17+00:00","og_image":[{"width":960,"height":639,"url":"https:\/\/informelitoral.com.ar\/%77%70%2d%63%6f%6e%74%65%6e%74\/uploads\/2015\/08\/1.jpg","type":"image\/jpeg"}],"author":"Gonzalo Schmidt","twitter_card":"summary_large_image","twitter_creator":"@InformeLitoral","twitter_site":"@InformeLitoral","twitter_misc":{"Escrito por":"Gonzalo Schmidt","Tiempo de lectura":"1 minuto"},"schema":{"@context":"https:\/\/schema.org","@graph":[{"@type":"Article","@id":"https:\/\/informelitoral.com.ar\/isletas-se-realizo-un-encuentro-de-candidatos-del-frente-cambiemos\/#article","isPartOf":{"@id":"https:\/\/informelitoral.com.ar\/isletas-se-realizo-un-encuentro-de-candidatos-del-frente-cambiemos\/"},"author":{"name":"Gonzalo Schmidt","@id":"https:\/\/informelitoral.com.ar\/#\/schema\/person\/b9d00407c836482871ef1d57bf8e3180"},"headline":"Isletas: se realiz\u00f3 un encuentro de candidatos del Frente Cambiemos","datePublished":"2015-08-05T02:14:04+00:00","dateModified":"2015-08-05T02:23:17+00:00","mainEntityOfPage":{"@id":"https:\/\/informelitoral.com.ar\/isletas-se-realizo-un-encuentro-de-candidatos-del-frente-cambiemos\/"},"wordCount":226,"commentCount":0,"publisher":{"@id":"https:\/\/informelitoral.com.ar\/#organization"},"image":{"@id":"https:\/\/informelitoral.com.ar\/isletas-se-realizo-un-encuentro-de-candidatos-del-frente-cambiemos\/#primaryimage"},"thumbnailUrl":"http:\/\/www.isletasnoticias.com.ar\/%77%70%2d%63%6f%6e%74%65%6e%74\/uploads\/2015\/08\/1-300x200.jpg","articleSection":["Isletas","Politica"],"inLanguage":"es","potentialAction":[{"@type":"CommentAction","name":"Comment","target":["https:\/\/informelitoral.com.ar\/isletas-se-realizo-un-encuentro-de-candidatos-del-frente-cambiemos\/#respond"]}]},{"@type":"WebPage","@id":"https:\/\/informelitoral.com.ar\/isletas-se-realizo-un-encuentro-de-candidatos-del-frente-cambiemos\/","url":"https:\/\/informelitoral.com.ar\/isletas-se-realizo-un-encuentro-de-candidatos-del-frente-cambiemos\/","name":"Isletas: se realiz\u00f3 un encuentro de candidatos del Frente Cambiemos - Informe Litoral","isPartOf":{"@id":"https:\/\/informelitoral.com.ar\/#website"},"primaryImageOfPage":{"@id":"https:\/\/informelitoral.com.ar\/isletas-se-realizo-un-encuentro-de-candidatos-del-frente-cambiemos\/#primaryimage"},"image":{"@id":"https:\/\/informelitoral.com.ar\/isletas-se-realizo-un-encuentro-de-candidatos-del-frente-cambiemos\/#primaryimage"},"thumbnailUrl":"http:\/\/www.isletasnoticias.com.ar\/%77%70%2d%63%6f%6e%74%65%6e%74\/uploads\/2015\/08\/1-300x200.jpg","datePublished":"2015-08-05T02:14:04+00:00","dateModified":"2015-08-05T02:23:17+00:00","breadcrumb":{"@id":"https:\/\/informelitoral.com.ar\/isletas-se-realizo-un-encuentro-de-candidatos-del-frente-cambiemos\/#breadcrumb"},"inLanguage":"es","potentialAction":[{"@type":"ReadAction","target":["https:\/\/informelitoral.com.ar\/isletas-se-realizo-un-encuentro-de-candidatos-del-frente-cambiemos\/"]}]},{"@type":"ImageObject","inLanguage":"es","@id":"https:\/\/informelitoral.com.ar\/isletas-se-realizo-un-encuentro-de-candidatos-del-frente-cambiemos\/#primaryimage","url":"http:\/\/www.isletasnoticias.com.ar\/%77%70%2d%63%6f%6e%74%65%6e%74\/uploads\/2015\/08\/1-300x200.jpg","contentUrl":"http:\/\/www.isletasnoticias.com.ar\/%77%70%2d%63%6f%6e%74%65%6e%74\/uploads\/2015\/08\/1-300x200.jpg"},{"@type":"BreadcrumbList","@id":"https:\/\/informelitoral.com.ar\/isletas-se-realizo-un-encuentro-de-candidatos-del-frente-cambiemos\/#breadcrumb","itemListElement":[{"@type":"ListItem","position":1,"name":"Portada","item":"https:\/\/informelitoral.com.ar\/"},{"@type":"ListItem","position":2,"name":"Isletas: se realiz\u00f3 un encuentro de candidatos del Frente Cambiemos"}]},{"@type":"WebSite","@id":"https:\/\/informelitoral.com.ar\/#website","url":"https:\/\/informelitoral.com.ar\/","name":"Informe Litoral","description":"&quot;Nos informamos&quot; ","publisher":{"@id":"https:\/\/informelitoral.com.ar\/#organization"},"potentialAction":[{"@type":"SearchAction","target":{"@type":"EntryPoint","urlTemplate":"https:\/\/informelitoral.com.ar\/?s={search_term_string}"},"query-input":{"@type":"PropertyValueSpecification","valueRequired":true,"valueName":"search_term_string"}}],"inLanguage":"es"},{"@type":"Organization","@id":"https:\/\/informelitoral.com.ar\/#organization","name":"Informe Litoral","url":"https:\/\/informelitoral.com.ar\/","logo":{"@type":"ImageObject","inLanguage":"es","@id":"https:\/\/informelitoral.com.ar\/#\/schema\/logo\/image\/","url":"https:\/\/informelitoral.com.ar\/%77%70%2d%63%6f%6e%74%65%6e%74\/uploads\/2021\/01\/circulo.png","contentUrl":"https:\/\/informelitoral.com.ar\/%77%70%2d%63%6f%6e%74%65%6e%74\/uploads\/2021\/01\/circulo.png","width":723,"height":731,"caption":"Informe Litoral"},"image":{"@id":"https:\/\/informelitoral.com.ar\/#\/schema\/logo\/image\/"},"sameAs":["https:\/\/www.facebook.com\/informelitoral\/","https:\/\/x.com\/InformeLitoral","https:\/\/www.instagram.com\/informelitoral\/","https:\/\/www.youtube.com\/channel\/UCua4Qvz8Icb6MYqhoq9xLXw"]},{"@type":"Person","@id":"https:\/\/informelitoral.com.ar\/#\/schema\/person\/b9d00407c836482871ef1d57bf8e3180","name":"Gonzalo Schmidt","image":{"@type":"ImageObject","inLanguage":"es","@id":"https:\/\/secure.gravatar.com\/avatar\/31a1a7b66ff2de83bd0e9fd79d026630d2d99e55e8bfe501287647b4fd9743de?s=96&d=mm&r=g","url":"https:\/\/secure.gravatar.com\/avatar\/31a1a7b66ff2de83bd0e9fd79d026630d2d99e55e8bfe501287647b4fd9743de?s=96&d=mm&r=g","contentUrl":"https:\/\/secure.gravatar.com\/avatar\/31a1a7b66ff2de83bd0e9fd79d026630d2d99e55e8bfe501287647b4fd9743de?s=96&d=mm&r=g","caption":"Gonzalo Schmidt"},"description":"Sitio web de noticias de la provincia de Entre R\u00edos, Argentina. Informaci\u00f3n y entretenimiento. Informe Litoral, nos informamos.","sameAs":["http:\/\/www.isletasnoticias.com.ar"],"url":"https:\/\/informelitoral.com.ar\/author\/gonzalo\/"}]}},"_links":{"self":[{"href":"https:\/\/informelitoral.com.ar\/%77%70%2d%6a%73%6f%6e\/wp\/v2\/posts\/11441","targetHints":{"allow":["GET"]}}],"collection":[{"href":"https:\/\/informelitoral.com.ar\/%77%70%2d%6a%73%6f%6e\/wp\/v2\/posts"}],"about":[{"href":"https:\/\/informelitoral.com.ar\/%77%70%2d%6a%73%6f%6e\/wp\/v2\/types\/post"}],"author":[{"embeddable":true,"href":"https:\/\/informelitoral.com.ar\/%77%70%2d%6a%73%6f%6e\/wp\/v2\/users\/2"}],"replies":[{"embeddable":true,"href":"https:\/\/informelitoral.com.ar\/%77%70%2d%6a%73%6f%6e\/wp\/v2\/comments?post=11441"}],"version-history":[{"count":0,"href":"https:\/\/informelitoral.com.ar\/%77%70%2d%6a%73%6f%6e\/wp\/v2\/posts\/11441\/revisions"}],"wp:attachment":[{"href":"https:\/\/informelitoral.com.ar\/%77%70%2d%6a%73%6f%6e\/wp\/v2\/media?parent=11441"}],"wp:term":[{"taxonomy":"category","embeddable":true,"href":"https:\/\/informelitoral.com.ar\/%77%70%2d%6a%73%6f%6e\/wp\/v2\/categories?post=11441"},{"taxonomy":"post_tag","embeddable":true,"href":"https:\/\/informelitoral.com.ar\/%77%70%2d%6a%73%6f%6e\/wp\/v2\/tags?post=11441"}],"curies":[{"name":"wp","href":"https:\/\/api.w.org\/{rel}","templated":true}]}}