{"id":11436,"date":"2015-08-04T20:48:30","date_gmt":"2015-08-04T23:48:30","guid":{"rendered":"http:\/\/www.isletasnoticias.com.ar\/?p=11436"},"modified":"2015-08-04T22:48:07","modified_gmt":"2015-08-05T01:48:07","slug":"aldea-brasilera-el-justicialismo-tendra-internas-este-domingo","status":"publish","type":"post","link":"https:\/\/informelitoral.com.ar\/aldea-brasilera-el-justicialismo-tendra-internas-este-domingo\/","title":{"rendered":"Aldea Brasilera: con dos listas, el PJ ir\u00e1 a internas este domingo"},"content":{"rendered":"<p><strong>Los votantes de esta localidad del departamento Diamante, tendr\u00e1n tres listas con precandidatos para presidir la Junta de Gobierno en las Elecciones PASO de este domingo. Habr\u00e1 interna en el Frente Justicialista para la Victoria.<a href=\"http:\/\/www.isletasnoticias.com.ar\/%77%70%2d%63%6f%6e%74%65%6e%74\/uploads\/2015\/08\/brasilera.jpg\"><img loading=\"lazy\" decoding=\"async\" class=\"aligncenter size-medium wp-image-11437\" src=\"http:\/\/www.isletasnoticias.com.ar\/%77%70%2d%63%6f%6e%74%65%6e%74\/uploads\/2015\/08\/brasilera-300x188.jpg\" alt=\"brasilera\" width=\"300\" height=\"188\" srcset=\"https:\/\/informelitoral.com.ar\/%77%70%2d%63%6f%6e%74%65%6e%74\/uploads\/2015\/08\/brasilera-300x188.jpg 300w, https:\/\/informelitoral.com.ar\/%77%70%2d%63%6f%6e%74%65%6e%74\/uploads\/2015\/08\/brasilera.jpg 480w\" sizes=\"auto, (max-width: 300px) 100vw, 300px\" \/><\/a><\/strong><\/p>\n<p><strong><u>Lista N\u00b0 501 2 Frente Justicialista para la Victoria (FJpV):<\/u> <\/strong>Est\u00e1 encabezada por el actual jefe comunal, <strong>Hugo Roberto Ram\u00edrez<\/strong> y lo acompa\u00f1an como vocales titulares: M\u00f3nica Susana Schvindt, Jennifer Gimena Olivera, Adri\u00e1n Omar Quiroga, Eliana Mar\u00eda Jacobi, Sergio Iv\u00e1n Schneider y Roxana Mar\u00eda del Rosario Feser. Suplentes: Noelia Carolina Kliphan, Jos\u00e9 Luis Arener y Milton Gast\u00f3n Schvindt.<\/p>\n<p><strong><u>Lista N\u00b0 42, \u201cJuntos por Brasilera\u201d (FJpV):<\/u><\/strong> Est\u00e1 presidida por <strong>Oscar Carlos Ulrich<\/strong> y lo acompa\u00f1an como vocales titulares: Mariana Raquel Gareis, Carlos Dami\u00e1n Gareis, Alberto Omar Pascal, Julio C\u00e9sar Battauz, Gabriel Alejandro Dom\u00e9 y Mariana Carminia Pausen. Suplentes: Juan Jos\u00e9 Navarro, Nelson Miguel de la Fuente y Edgardo Marcelo Pascal.<\/p>\n<p><strong><u>Lista N\u00b01, \u201cJuntos por Entre R\u00edos\u201d (Cambiemos):<\/u><\/strong> Su titular es <strong>Hugo Aurelio Alva<\/strong> y los vocales son: Gloria Teresa Alva, Roberto Guillermo Lell, Jorge Eduardo Naiviat, Sandra Mariana Battauz, Enrique Alva y Mar\u00eda Olga Deiloff. Suplentes: Claudio Nazareno Mitre, Ceferino Anselmo Flher y Mariana Beatriz Zabala. <em>(IN)<\/em><\/p>\n","protected":false},"excerpt":{"rendered":"<p>Los votantes de esta localidad del departamento Diamante, tendr&aacute;n tres listas con precandidatos para presidir la Junta de Gobierno en las Elecciones PASO de este domingo. Habr&aacute; interna en el Frente Justicialista para la Victoria. Lista N&deg; 501 2 Frente Justicialista para la Victoria (FJpV): Est&aacute; encabezada por el actual jefe comunal, Hugo Roberto Ram&iacute;rez [&hellip;]<\/p>\n","protected":false},"author":2,"featured_media":0,"comment_status":"open","ping_status":"open","sticky":false,"template":"","format":"standard","meta":{"fifu_image_url":"","fifu_image_alt":"","footnotes":""},"categories":[5,16],"tags":[],"class_list":{"0":"post-11436","1":"post","2":"type-post","3":"status-publish","4":"format-standard","6":"category-zonales","7":"category-politi"},"yoast_head":"<title>Aldea Brasilera: con dos listas, el PJ ir\u00e1 a internas este domingo - Informe Litoral<\/title>\n<meta name=\"robots\" content=\"index, follow, max-snippet:-1, max-image-preview:large, max-video-preview:-1\" \/>\n<link rel=\"canonical\" href=\"https:\/\/informelitoral.com.ar\/aldea-brasilera-el-justicialismo-tendra-internas-este-domingo\/\" \/>\n<meta property=\"og:locale\" content=\"es_ES\" \/>\n<meta property=\"og:type\" content=\"article\" \/>\n<meta property=\"og:title\" content=\"Aldea Brasilera: con dos listas, el PJ ir\u00e1 a internas este domingo - Informe Litoral\" \/>\n<meta property=\"og:description\" content=\"Los votantes de esta localidad del departamento Diamante, tendr&aacute;n tres listas con precandidatos para presidir la Junta de Gobierno en las Elecciones PASO de este domingo. Habr&aacute; interna en el Frente Justicialista para la Victoria. Lista N&deg; 501 2 Frente Justicialista para la Victoria (FJpV): Est&aacute; encabezada por el actual jefe comunal, Hugo Roberto Ram&iacute;rez [&hellip;]\" \/>\n<meta property=\"og:url\" content=\"https:\/\/informelitoral.com.ar\/aldea-brasilera-el-justicialismo-tendra-internas-este-domingo\/\" \/>\n<meta property=\"og:site_name\" content=\"Informe Litoral\" \/>\n<meta property=\"article:publisher\" content=\"https:\/\/www.facebook.com\/informelitoral\/\" \/>\n<meta property=\"article:published_time\" content=\"2015-08-04T23:48:30+00:00\" \/>\n<meta property=\"article:modified_time\" content=\"2015-08-05T01:48:07+00:00\" \/>\n<meta property=\"og:image\" content=\"https:\/\/informelitoral.com.ar\/%77%70%2d%63%6f%6e%74%65%6e%74\/uploads\/2015\/08\/brasilera.jpg\" \/>\n\t<meta property=\"og:image:width\" content=\"480\" \/>\n\t<meta property=\"og:image:height\" content=\"300\" \/>\n\t<meta property=\"og:image:type\" content=\"image\/jpeg\" \/>\n<meta name=\"author\" content=\"Gonzalo Schmidt\" \/>\n<meta name=\"twitter:card\" content=\"summary_large_image\" \/>\n<meta name=\"twitter:creator\" content=\"@InformeLitoral\" \/>\n<meta name=\"twitter:site\" content=\"@InformeLitoral\" \/>\n<meta name=\"twitter:label1\" content=\"Escrito por\" \/>\n\t<meta name=\"twitter:data1\" content=\"Gonzalo Schmidt\" \/>\n\t<meta name=\"twitter:label2\" content=\"Tiempo de lectura\" \/>\n\t<meta name=\"twitter:data2\" content=\"1 minuto\" \/>\n<script type=\"application\/ld+json\" class=\"yoast-schema-graph\">{\"@context\":\"https:\\\/\\\/schema.org\",\"@graph\":[{\"@type\":\"Article\",\"@id\":\"https:\\\/\\\/informelitoral.com.ar\\\/aldea-brasilera-el-justicialismo-tendra-internas-este-domingo\\\/#article\",\"isPartOf\":{\"@id\":\"https:\\\/\\\/informelitoral.com.ar\\\/aldea-brasilera-el-justicialismo-tendra-internas-este-domingo\\\/\"},\"author\":{\"name\":\"Gonzalo Schmidt\",\"@id\":\"https:\\\/\\\/informelitoral.com.ar\\\/#\\\/schema\\\/person\\\/b9d00407c836482871ef1d57bf8e3180\"},\"headline\":\"Aldea Brasilera: con dos listas, el PJ ir\u00e1 a internas este domingo\",\"datePublished\":\"2015-08-04T23:48:30+00:00\",\"dateModified\":\"2015-08-05T01:48:07+00:00\",\"mainEntityOfPage\":{\"@id\":\"https:\\\/\\\/informelitoral.com.ar\\\/aldea-brasilera-el-justicialismo-tendra-internas-este-domingo\\\/\"},\"wordCount\":214,\"commentCount\":0,\"publisher\":{\"@id\":\"https:\\\/\\\/informelitoral.com.ar\\\/#organization\"},\"image\":{\"@id\":\"https:\\\/\\\/informelitoral.com.ar\\\/aldea-brasilera-el-justicialismo-tendra-internas-este-domingo\\\/#primaryimage\"},\"thumbnailUrl\":\"http:\\\/\\\/www.isletasnoticias.com.ar\\\/%77%70%2d%63%6f%6e%74%65%6e%74\\\/uploads\\\/2015\\\/08\\\/brasilera-300x188.jpg\",\"articleSection\":[\"Departamento Diamante\",\"Politica\"],\"inLanguage\":\"es\",\"potentialAction\":[{\"@type\":\"CommentAction\",\"name\":\"Comment\",\"target\":[\"https:\\\/\\\/informelitoral.com.ar\\\/aldea-brasilera-el-justicialismo-tendra-internas-este-domingo\\\/#respond\"]}]},{\"@type\":\"WebPage\",\"@id\":\"https:\\\/\\\/informelitoral.com.ar\\\/aldea-brasilera-el-justicialismo-tendra-internas-este-domingo\\\/\",\"url\":\"https:\\\/\\\/informelitoral.com.ar\\\/aldea-brasilera-el-justicialismo-tendra-internas-este-domingo\\\/\",\"name\":\"Aldea Brasilera: con dos listas, el PJ ir\u00e1 a internas este domingo - Informe Litoral\",\"isPartOf\":{\"@id\":\"https:\\\/\\\/informelitoral.com.ar\\\/#website\"},\"primaryImageOfPage\":{\"@id\":\"https:\\\/\\\/informelitoral.com.ar\\\/aldea-brasilera-el-justicialismo-tendra-internas-este-domingo\\\/#primaryimage\"},\"image\":{\"@id\":\"https:\\\/\\\/informelitoral.com.ar\\\/aldea-brasilera-el-justicialismo-tendra-internas-este-domingo\\\/#primaryimage\"},\"thumbnailUrl\":\"http:\\\/\\\/www.isletasnoticias.com.ar\\\/%77%70%2d%63%6f%6e%74%65%6e%74\\\/uploads\\\/2015\\\/08\\\/brasilera-300x188.jpg\",\"datePublished\":\"2015-08-04T23:48:30+00:00\",\"dateModified\":\"2015-08-05T01:48:07+00:00\",\"breadcrumb\":{\"@id\":\"https:\\\/\\\/informelitoral.com.ar\\\/aldea-brasilera-el-justicialismo-tendra-internas-este-domingo\\\/#breadcrumb\"},\"inLanguage\":\"es\",\"potentialAction\":[{\"@type\":\"ReadAction\",\"target\":[\"https:\\\/\\\/informelitoral.com.ar\\\/aldea-brasilera-el-justicialismo-tendra-internas-este-domingo\\\/\"]}]},{\"@type\":\"ImageObject\",\"inLanguage\":\"es\",\"@id\":\"https:\\\/\\\/informelitoral.com.ar\\\/aldea-brasilera-el-justicialismo-tendra-internas-este-domingo\\\/#primaryimage\",\"url\":\"http:\\\/\\\/www.isletasnoticias.com.ar\\\/%77%70%2d%63%6f%6e%74%65%6e%74\\\/uploads\\\/2015\\\/08\\\/brasilera-300x188.jpg\",\"contentUrl\":\"http:\\\/\\\/www.isletasnoticias.com.ar\\\/%77%70%2d%63%6f%6e%74%65%6e%74\\\/uploads\\\/2015\\\/08\\\/brasilera-300x188.jpg\"},{\"@type\":\"BreadcrumbList\",\"@id\":\"https:\\\/\\\/informelitoral.com.ar\\\/aldea-brasilera-el-justicialismo-tendra-internas-este-domingo\\\/#breadcrumb\",\"itemListElement\":[{\"@type\":\"ListItem\",\"position\":1,\"name\":\"Portada\",\"item\":\"https:\\\/\\\/informelitoral.com.ar\\\/\"},{\"@type\":\"ListItem\",\"position\":2,\"name\":\"Aldea Brasilera: con dos listas, el PJ ir\u00e1 a internas este domingo\"}]},{\"@type\":\"WebSite\",\"@id\":\"https:\\\/\\\/informelitoral.com.ar\\\/#website\",\"url\":\"https:\\\/\\\/informelitoral.com.ar\\\/\",\"name\":\"Informe Litoral\",\"description\":\"&quot;Nos informamos&quot; \",\"publisher\":{\"@id\":\"https:\\\/\\\/informelitoral.com.ar\\\/#organization\"},\"potentialAction\":[{\"@type\":\"SearchAction\",\"target\":{\"@type\":\"EntryPoint\",\"urlTemplate\":\"https:\\\/\\\/informelitoral.com.ar\\\/?s={search_term_string}\"},\"query-input\":{\"@type\":\"PropertyValueSpecification\",\"valueRequired\":true,\"valueName\":\"search_term_string\"}}],\"inLanguage\":\"es\"},{\"@type\":\"Organization\",\"@id\":\"https:\\\/\\\/informelitoral.com.ar\\\/#organization\",\"name\":\"Informe Litoral\",\"url\":\"https:\\\/\\\/informelitoral.com.ar\\\/\",\"logo\":{\"@type\":\"ImageObject\",\"inLanguage\":\"es\",\"@id\":\"https:\\\/\\\/informelitoral.com.ar\\\/#\\\/schema\\\/logo\\\/image\\\/\",\"url\":\"https:\\\/\\\/informelitoral.com.ar\\\/%77%70%2d%63%6f%6e%74%65%6e%74\\\/uploads\\\/2021\\\/01\\\/circulo.png\",\"contentUrl\":\"https:\\\/\\\/informelitoral.com.ar\\\/%77%70%2d%63%6f%6e%74%65%6e%74\\\/uploads\\\/2021\\\/01\\\/circulo.png\",\"width\":723,\"height\":731,\"caption\":\"Informe Litoral\"},\"image\":{\"@id\":\"https:\\\/\\\/informelitoral.com.ar\\\/#\\\/schema\\\/logo\\\/image\\\/\"},\"sameAs\":[\"https:\\\/\\\/www.facebook.com\\\/informelitoral\\\/\",\"https:\\\/\\\/x.com\\\/InformeLitoral\",\"https:\\\/\\\/www.instagram.com\\\/informelitoral\\\/\",\"https:\\\/\\\/www.youtube.com\\\/channel\\\/UCua4Qvz8Icb6MYqhoq9xLXw\"]},{\"@type\":\"Person\",\"@id\":\"https:\\\/\\\/informelitoral.com.ar\\\/#\\\/schema\\\/person\\\/b9d00407c836482871ef1d57bf8e3180\",\"name\":\"Gonzalo Schmidt\",\"image\":{\"@type\":\"ImageObject\",\"inLanguage\":\"es\",\"@id\":\"https:\\\/\\\/secure.gravatar.com\\\/avatar\\\/31a1a7b66ff2de83bd0e9fd79d026630d2d99e55e8bfe501287647b4fd9743de?s=96&d=mm&r=g\",\"url\":\"https:\\\/\\\/secure.gravatar.com\\\/avatar\\\/31a1a7b66ff2de83bd0e9fd79d026630d2d99e55e8bfe501287647b4fd9743de?s=96&d=mm&r=g\",\"contentUrl\":\"https:\\\/\\\/secure.gravatar.com\\\/avatar\\\/31a1a7b66ff2de83bd0e9fd79d026630d2d99e55e8bfe501287647b4fd9743de?s=96&d=mm&r=g\",\"caption\":\"Gonzalo Schmidt\"},\"description\":\"Sitio web de noticias de la provincia de Entre R\u00edos, Argentina. Informaci\u00f3n y entretenimiento. Informe Litoral, nos informamos.\",\"sameAs\":[\"http:\\\/\\\/www.isletasnoticias.com.ar\"],\"url\":\"https:\\\/\\\/informelitoral.com.ar\\\/author\\\/gonzalo\\\/\"}]}<\/script>","yoast_head_json":{"title":"Aldea Brasilera: con dos listas, el PJ ir\u00e1 a internas este domingo - Informe Litoral","robots":{"index":"index","follow":"follow","max-snippet":"max-snippet:-1","max-image-preview":"max-image-preview:large","max-video-preview":"max-video-preview:-1"},"canonical":"https:\/\/informelitoral.com.ar\/aldea-brasilera-el-justicialismo-tendra-internas-este-domingo\/","og_locale":"es_ES","og_type":"article","og_title":"Aldea Brasilera: con dos listas, el PJ ir\u00e1 a internas este domingo - Informe Litoral","og_description":"Los votantes de esta localidad del departamento Diamante, tendr&aacute;n tres listas con precandidatos para presidir la Junta de Gobierno en las Elecciones PASO de este domingo. Habr&aacute; interna en el Frente Justicialista para la Victoria. Lista N&deg; 501 2 Frente Justicialista para la Victoria (FJpV): Est&aacute; encabezada por el actual jefe comunal, Hugo Roberto Ram&iacute;rez [&hellip;]","og_url":"https:\/\/informelitoral.com.ar\/aldea-brasilera-el-justicialismo-tendra-internas-este-domingo\/","og_site_name":"Informe Litoral","article_publisher":"https:\/\/www.facebook.com\/informelitoral\/","article_published_time":"2015-08-04T23:48:30+00:00","article_modified_time":"2015-08-05T01:48:07+00:00","og_image":[{"width":480,"height":300,"url":"https:\/\/informelitoral.com.ar\/%77%70%2d%63%6f%6e%74%65%6e%74\/uploads\/2015\/08\/brasilera.jpg","type":"image\/jpeg"}],"author":"Gonzalo Schmidt","twitter_card":"summary_large_image","twitter_creator":"@InformeLitoral","twitter_site":"@InformeLitoral","twitter_misc":{"Escrito por":"Gonzalo Schmidt","Tiempo de lectura":"1 minuto"},"schema":{"@context":"https:\/\/schema.org","@graph":[{"@type":"Article","@id":"https:\/\/informelitoral.com.ar\/aldea-brasilera-el-justicialismo-tendra-internas-este-domingo\/#article","isPartOf":{"@id":"https:\/\/informelitoral.com.ar\/aldea-brasilera-el-justicialismo-tendra-internas-este-domingo\/"},"author":{"name":"Gonzalo Schmidt","@id":"https:\/\/informelitoral.com.ar\/#\/schema\/person\/b9d00407c836482871ef1d57bf8e3180"},"headline":"Aldea Brasilera: con dos listas, el PJ ir\u00e1 a internas este domingo","datePublished":"2015-08-04T23:48:30+00:00","dateModified":"2015-08-05T01:48:07+00:00","mainEntityOfPage":{"@id":"https:\/\/informelitoral.com.ar\/aldea-brasilera-el-justicialismo-tendra-internas-este-domingo\/"},"wordCount":214,"commentCount":0,"publisher":{"@id":"https:\/\/informelitoral.com.ar\/#organization"},"image":{"@id":"https:\/\/informelitoral.com.ar\/aldea-brasilera-el-justicialismo-tendra-internas-este-domingo\/#primaryimage"},"thumbnailUrl":"http:\/\/www.isletasnoticias.com.ar\/%77%70%2d%63%6f%6e%74%65%6e%74\/uploads\/2015\/08\/brasilera-300x188.jpg","articleSection":["Departamento Diamante","Politica"],"inLanguage":"es","potentialAction":[{"@type":"CommentAction","name":"Comment","target":["https:\/\/informelitoral.com.ar\/aldea-brasilera-el-justicialismo-tendra-internas-este-domingo\/#respond"]}]},{"@type":"WebPage","@id":"https:\/\/informelitoral.com.ar\/aldea-brasilera-el-justicialismo-tendra-internas-este-domingo\/","url":"https:\/\/informelitoral.com.ar\/aldea-brasilera-el-justicialismo-tendra-internas-este-domingo\/","name":"Aldea Brasilera: con dos listas, el PJ ir\u00e1 a internas este domingo - Informe Litoral","isPartOf":{"@id":"https:\/\/informelitoral.com.ar\/#website"},"primaryImageOfPage":{"@id":"https:\/\/informelitoral.com.ar\/aldea-brasilera-el-justicialismo-tendra-internas-este-domingo\/#primaryimage"},"image":{"@id":"https:\/\/informelitoral.com.ar\/aldea-brasilera-el-justicialismo-tendra-internas-este-domingo\/#primaryimage"},"thumbnailUrl":"http:\/\/www.isletasnoticias.com.ar\/%77%70%2d%63%6f%6e%74%65%6e%74\/uploads\/2015\/08\/brasilera-300x188.jpg","datePublished":"2015-08-04T23:48:30+00:00","dateModified":"2015-08-05T01:48:07+00:00","breadcrumb":{"@id":"https:\/\/informelitoral.com.ar\/aldea-brasilera-el-justicialismo-tendra-internas-este-domingo\/#breadcrumb"},"inLanguage":"es","potentialAction":[{"@type":"ReadAction","target":["https:\/\/informelitoral.com.ar\/aldea-brasilera-el-justicialismo-tendra-internas-este-domingo\/"]}]},{"@type":"ImageObject","inLanguage":"es","@id":"https:\/\/informelitoral.com.ar\/aldea-brasilera-el-justicialismo-tendra-internas-este-domingo\/#primaryimage","url":"http:\/\/www.isletasnoticias.com.ar\/%77%70%2d%63%6f%6e%74%65%6e%74\/uploads\/2015\/08\/brasilera-300x188.jpg","contentUrl":"http:\/\/www.isletasnoticias.com.ar\/%77%70%2d%63%6f%6e%74%65%6e%74\/uploads\/2015\/08\/brasilera-300x188.jpg"},{"@type":"BreadcrumbList","@id":"https:\/\/informelitoral.com.ar\/aldea-brasilera-el-justicialismo-tendra-internas-este-domingo\/#breadcrumb","itemListElement":[{"@type":"ListItem","position":1,"name":"Portada","item":"https:\/\/informelitoral.com.ar\/"},{"@type":"ListItem","position":2,"name":"Aldea Brasilera: con dos listas, el PJ ir\u00e1 a internas este domingo"}]},{"@type":"WebSite","@id":"https:\/\/informelitoral.com.ar\/#website","url":"https:\/\/informelitoral.com.ar\/","name":"Informe Litoral","description":"&quot;Nos informamos&quot; ","publisher":{"@id":"https:\/\/informelitoral.com.ar\/#organization"},"potentialAction":[{"@type":"SearchAction","target":{"@type":"EntryPoint","urlTemplate":"https:\/\/informelitoral.com.ar\/?s={search_term_string}"},"query-input":{"@type":"PropertyValueSpecification","valueRequired":true,"valueName":"search_term_string"}}],"inLanguage":"es"},{"@type":"Organization","@id":"https:\/\/informelitoral.com.ar\/#organization","name":"Informe Litoral","url":"https:\/\/informelitoral.com.ar\/","logo":{"@type":"ImageObject","inLanguage":"es","@id":"https:\/\/informelitoral.com.ar\/#\/schema\/logo\/image\/","url":"https:\/\/informelitoral.com.ar\/%77%70%2d%63%6f%6e%74%65%6e%74\/uploads\/2021\/01\/circulo.png","contentUrl":"https:\/\/informelitoral.com.ar\/%77%70%2d%63%6f%6e%74%65%6e%74\/uploads\/2021\/01\/circulo.png","width":723,"height":731,"caption":"Informe Litoral"},"image":{"@id":"https:\/\/informelitoral.com.ar\/#\/schema\/logo\/image\/"},"sameAs":["https:\/\/www.facebook.com\/informelitoral\/","https:\/\/x.com\/InformeLitoral","https:\/\/www.instagram.com\/informelitoral\/","https:\/\/www.youtube.com\/channel\/UCua4Qvz8Icb6MYqhoq9xLXw"]},{"@type":"Person","@id":"https:\/\/informelitoral.com.ar\/#\/schema\/person\/b9d00407c836482871ef1d57bf8e3180","name":"Gonzalo Schmidt","image":{"@type":"ImageObject","inLanguage":"es","@id":"https:\/\/secure.gravatar.com\/avatar\/31a1a7b66ff2de83bd0e9fd79d026630d2d99e55e8bfe501287647b4fd9743de?s=96&d=mm&r=g","url":"https:\/\/secure.gravatar.com\/avatar\/31a1a7b66ff2de83bd0e9fd79d026630d2d99e55e8bfe501287647b4fd9743de?s=96&d=mm&r=g","contentUrl":"https:\/\/secure.gravatar.com\/avatar\/31a1a7b66ff2de83bd0e9fd79d026630d2d99e55e8bfe501287647b4fd9743de?s=96&d=mm&r=g","caption":"Gonzalo Schmidt"},"description":"Sitio web de noticias de la provincia de Entre R\u00edos, Argentina. Informaci\u00f3n y entretenimiento. Informe Litoral, nos informamos.","sameAs":["http:\/\/www.isletasnoticias.com.ar"],"url":"https:\/\/informelitoral.com.ar\/author\/gonzalo\/"}]}},"_links":{"self":[{"href":"https:\/\/informelitoral.com.ar\/%77%70%2d%6a%73%6f%6e\/wp\/v2\/posts\/11436","targetHints":{"allow":["GET"]}}],"collection":[{"href":"https:\/\/informelitoral.com.ar\/%77%70%2d%6a%73%6f%6e\/wp\/v2\/posts"}],"about":[{"href":"https:\/\/informelitoral.com.ar\/%77%70%2d%6a%73%6f%6e\/wp\/v2\/types\/post"}],"author":[{"embeddable":true,"href":"https:\/\/informelitoral.com.ar\/%77%70%2d%6a%73%6f%6e\/wp\/v2\/users\/2"}],"replies":[{"embeddable":true,"href":"https:\/\/informelitoral.com.ar\/%77%70%2d%6a%73%6f%6e\/wp\/v2\/comments?post=11436"}],"version-history":[{"count":0,"href":"https:\/\/informelitoral.com.ar\/%77%70%2d%6a%73%6f%6e\/wp\/v2\/posts\/11436\/revisions"}],"wp:attachment":[{"href":"https:\/\/informelitoral.com.ar\/%77%70%2d%6a%73%6f%6e\/wp\/v2\/media?parent=11436"}],"wp:term":[{"taxonomy":"category","embeddable":true,"href":"https:\/\/informelitoral.com.ar\/%77%70%2d%6a%73%6f%6e\/wp\/v2\/categories?post=11436"},{"taxonomy":"post_tag","embeddable":true,"href":"https:\/\/informelitoral.com.ar\/%77%70%2d%6a%73%6f%6e\/wp\/v2\/tags?post=11436"}],"curies":[{"name":"wp","href":"https:\/\/api.w.org\/{rel}","templated":true}]}}