{"id":112982,"date":"2023-01-24T12:18:59","date_gmt":"2023-01-24T15:18:59","guid":{"rendered":"https:\/\/www.informelitoral.com.ar\/?p=112982"},"modified":"2023-01-24T12:18:59","modified_gmt":"2023-01-24T15:18:59","slug":"la-produccion-de-miel-cayo-a-un-20-por-falta-de-floracion","status":"publish","type":"post","link":"https:\/\/informelitoral.com.ar\/la-produccion-de-miel-cayo-a-un-20-por-falta-de-floracion\/","title":{"rendered":"La producci\u00f3n de miel cay\u00f3 a un 20% por falta de floraci\u00f3n"},"content":{"rendered":"<div class=\"article-body\">\n<p><strong>En base a los vol\u00famenes de producci\u00f3n, en los dos \u00faltimos a\u00f1os Entre R\u00edos logr\u00f3 posicionarse como la segunda provincia productora de miel, despu\u00e9s de Buenos Aires. Esto evidencia la importancia de una actividad que se fue expandiendo gracias a una rentabilidad favorable para el sector.<\/strong><\/p>\n<\/div>\n<div class=\"article-body\">\n<p>No obstante, hoy la sequ\u00eda tiene en vilo a la apicultura y fue incluida, junto a otros rubros, en la declaraci\u00f3n de estado de emergencia o desastre agropecuario emitido por el gobierno provincial desde el 1\u00b0 de diciembre hasta el 30 de junio.<\/p>\n<p>La cantidad de miel que se viene cosechando se redujo considerablemente bajo el efecto de La Ni\u00f1a y cay\u00f3 a un 20%, comparado con el 2022. As\u00ed lo confirm\u00f3 a UNO Gustavo L\u00f3pez, vocal de Federaci\u00f3n de Cooperativas Ap\u00edcolas de Entre R\u00edos (Fecaer) \u2013quien se dedica a esta actividad hace m\u00e1s de 45 a\u00f1os en la zona de Maci\u00e1\u2013, quien explic\u00f3 que si bien \u201cla humedad y las altas temperaturas favorecen a la actividad, porque con el calor m\u00e1s produce la abeja\u201d, la falta de floraci\u00f3n, debido a la gran sequ\u00eda, est\u00e1 impactando fuertemente a la provincia en general.<\/p>\n<p>Al respecto, el productor se\u00f1al\u00f3: \u201cEs muy variada la floraci\u00f3n en la provincia, pero con estas condiciones se ha ido cortando. Solo ha habido algunas alfalfas y lotus que han aguantado bien. El cardo tambi\u00e9n, por lo menos en nuestra zona lo estuvo trabajando bien la abeja. Pero otras floraciones no y se ve c\u00f3mo d\u00eda a d\u00eda se van secando las flores\u201d.<\/p>\n<\/div>\n<div class=\"article-body\">\n<p>En este marco, alert\u00f3: \u201cEl impacto de esto en la producci\u00f3n va a ser muy fuerte, porque hay muchos menos kilos de miel, comparado con la campa\u00f1a anterior. Ahora no tenemos ni el 20% de la miel que hab\u00edamos sacado el a\u00f1o pasado para esta fecha. Y ya se nos est\u00e1 pasando la temporada en nuestra zona y es dif\u00edcil que se vaya a recuperar: solo quedan los lotus, los tr\u00e9boles, una pradera y la chilca. Y en algunos lugares queda el eucaliptus\u201d.<\/p>\n<p><a href=\"https:\/\/www.informelitoral.com.ar\/%77%70%2d%63%6f%6e%74%65%6e%74\/uploads\/2018\/01\/miel.jpg\"><img loading=\"lazy\" decoding=\"async\" class=\"aligncenter wp-image-24573 size-full\" src=\"https:\/\/www.informelitoral.com.ar\/%77%70%2d%63%6f%6e%74%65%6e%74\/uploads\/2018\/01\/miel.jpg\" alt=\"\" width=\"730\" height=\"410\" srcset=\"https:\/\/informelitoral.com.ar\/%77%70%2d%63%6f%6e%74%65%6e%74\/uploads\/2018\/01\/miel.jpg 730w, https:\/\/informelitoral.com.ar\/%77%70%2d%63%6f%6e%74%65%6e%74\/uploads\/2018\/01\/miel-300x168.jpg 300w\" sizes=\"auto, (max-width: 730px) 100vw, 730px\" \/><\/a><\/p>\n<h3><strong>Ciclos m\u00e1s cortos<\/strong><\/h3>\n<p>\u201cNosotros estamos complicados ante las altas temperaturas, pero podemos trabajar igual. Lo que nos afecta es esto de la falta de floraci\u00f3n, ya que al no haber lluvia los ciclos fueron m\u00e1s cortos: se acortan los ciclos porque al estar tan fuerte el sol y no haber humedad, se van secando las flores\u201d, insisti\u00f3 el productor, y precis\u00f3: \u201cSe ven muy afectadas por el calor y la sequ\u00eda. Todo diciembre y en lo que va de enero, que va a seguir el calor intenso, las floraciones duran mucho menos\u201d.<\/p>\n<p>Sobre este punto, aclar\u00f3: \u201cSi bien la flor siempre produce n\u00e9ctar, ante temperaturas tan altas, falta de humedad y dem\u00e1s, se evapora enseguida. Entonces, cuando la abeja sale a volar junta lo que hay\u201d.<\/p>\n<p>Por otra parte, sobre las precipitaciones del viernes en la regi\u00f3n opin\u00f3: \u201cEsta lluvia de ahora lleg\u00f3 un poco tarde, a mitad de camino, y hay muchas cosas que se perdieron. Puede ser que ayude un poco para lo que viene\u201d.<\/p>\n<p><a href=\"https:\/\/www.informelitoral.com.ar\/%77%70%2d%63%6f%6e%74%65%6e%74\/uploads\/2018\/07\/abejas-miel.jpg\"><img loading=\"lazy\" decoding=\"async\" class=\"aligncenter wp-image-28112 size-full\" src=\"https:\/\/www.informelitoral.com.ar\/%77%70%2d%63%6f%6e%74%65%6e%74\/uploads\/2018\/07\/abejas-miel.jpg\" alt=\"\" width=\"1000\" height=\"570\" srcset=\"https:\/\/informelitoral.com.ar\/%77%70%2d%63%6f%6e%74%65%6e%74\/uploads\/2018\/07\/abejas-miel.jpg 1000w, https:\/\/informelitoral.com.ar\/%77%70%2d%63%6f%6e%74%65%6e%74\/uploads\/2018\/07\/abejas-miel-300x171.jpg 300w, https:\/\/informelitoral.com.ar\/%77%70%2d%63%6f%6e%74%65%6e%74\/uploads\/2018\/07\/abejas-miel-768x438.jpg 768w, https:\/\/informelitoral.com.ar\/%77%70%2d%63%6f%6e%74%65%6e%74\/uploads\/2018\/07\/abejas-miel-696x397.jpg 696w, https:\/\/informelitoral.com.ar\/%77%70%2d%63%6f%6e%74%65%6e%74\/uploads\/2018\/07\/abejas-miel-737x420.jpg 737w\" sizes=\"auto, (max-width: 1000px) 100vw, 1000px\" \/><\/a><\/p>\n<h3><strong>Medidas ante la sequ\u00eda<\/strong><\/h3>\n<p>Para que la colmena mantenga en verano una temperatura adecuada y condiciones \u00f3ptimas para la vida de las abejas y la producci\u00f3n, deben contar con agua cerca, proveniente de alg\u00fan arroyo o tajamar en la zona. Y esto se est\u00e1 viendo afectado tambi\u00e9n por la sequ\u00eda, por lo que los propietarios de las colmenas tienen que proveer el recurso.<\/p>\n<p>Acerca de esta situaci\u00f3n, el productor y vocal de Fecaer coment\u00f3: \u201cLas abejas tienen siempre 36\u00b0 dentro de la colmena. Si afuera llega a haber mayor temperatura, como en estos d\u00edas que lleg\u00f3 a 40\u00b0 o 41\u00b0, se defienden bien siempre que tengan humedad o agua para poder ventilar. Si llega a los 45\u00b0, como el a\u00f1o pasado, la cera se derrite\u201d.<\/p>\n<p>Asimismo, indic\u00f3: \u201cLa colmena en realidad se adapta a los fr\u00edos o el calor siempre tenga buena ventilaci\u00f3n, por eso est\u00e1n un poquito levantadas del piso, en lugares con pastos cortos, cosa que el aire circule, sea caliente o fresco. Para eso, ellas lo mueven con sus alas, se quedan a hacer esa tarea. No van a trabajar, pero de este modo pueden superar los efectos de las altas temperaturas, con ventilaci\u00f3n, humedad y algo de sombra\u201d.<\/p>\n<p>\u201cLas abejas aprovechan lo natural y lo que est\u00e1 a su alcance, pero hoy casi todos los arroyos y los tajamares se han ido secando, y uno le puede llevar tambores o bidones con un goteo constante y ellas van tomando lo que necesitan\u201d, concluy\u00f3. <em>(Fuente: Vanesa Erbes de UNO Entre R\u00edos)<\/em><\/p>\n<\/div>\n","protected":false},"excerpt":{"rendered":"<p>La apicultura es una de las actividades incluidas en la declaraci\u00f3n de emergencia que emiti\u00f3 el gobierno por la sequ\u00eda. Habr\u00e1 menos miel para exportar.<\/p>\n","protected":false},"author":2,"featured_media":14170,"comment_status":"open","ping_status":"open","sticky":false,"template":"","format":"standard","meta":{"fifu_image_url":"","fifu_image_alt":"","footnotes":""},"categories":[10],"tags":[203,206],"class_list":{"0":"post-112982","1":"post","2":"type-post","3":"status-publish","4":"format-standard","5":"has-post-thumbnail","7":"category-campo","8":"tag-abejas","9":"tag-apicultura"},"yoast_head":"<title>La producci\u00f3n de miel cay\u00f3 a un 20% por falta de floraci\u00f3n - Informe Litoral<\/title>\n<meta name=\"robots\" content=\"index, follow, max-snippet:-1, max-image-preview:large, max-video-preview:-1\" \/>\n<link rel=\"canonical\" href=\"https:\/\/informelitoral.com.ar\/la-produccion-de-miel-cayo-a-un-20-por-falta-de-floracion\/\" \/>\n<meta property=\"og:locale\" content=\"es_ES\" \/>\n<meta property=\"og:type\" content=\"article\" \/>\n<meta property=\"og:title\" content=\"La producci\u00f3n de miel cay\u00f3 a un 20% por falta de floraci\u00f3n - Informe Litoral\" \/>\n<meta property=\"og:description\" content=\"La apicultura es una de las actividades incluidas en la declaraci\u00f3n de emergencia que emiti\u00f3 el gobierno por la sequ\u00eda. Habr\u00e1 menos miel para exportar.\" \/>\n<meta property=\"og:url\" content=\"https:\/\/informelitoral.com.ar\/la-produccion-de-miel-cayo-a-un-20-por-falta-de-floracion\/\" \/>\n<meta property=\"og:site_name\" content=\"Informe Litoral\" \/>\n<meta property=\"article:publisher\" content=\"https:\/\/www.facebook.com\/informelitoral\/\" \/>\n<meta property=\"article:published_time\" content=\"2023-01-24T15:18:59+00:00\" \/>\n<meta property=\"og:image\" content=\"https:\/\/informelitoral.com.ar\/%77%70%2d%63%6f%6e%74%65%6e%74\/uploads\/2016\/03\/Apicultores.jpg\" \/>\n\t<meta property=\"og:image:width\" content=\"472\" \/>\n\t<meta property=\"og:image:height\" content=\"315\" \/>\n\t<meta property=\"og:image:type\" content=\"image\/jpeg\" \/>\n<meta name=\"author\" content=\"Gonzalo Schmidt\" \/>\n<meta name=\"twitter:card\" content=\"summary_large_image\" \/>\n<meta name=\"twitter:creator\" content=\"@InformeLitoral\" \/>\n<meta name=\"twitter:site\" content=\"@InformeLitoral\" \/>\n<meta name=\"twitter:label1\" content=\"Escrito por\" \/>\n\t<meta name=\"twitter:data1\" content=\"Gonzalo Schmidt\" \/>\n\t<meta name=\"twitter:label2\" content=\"Tiempo de lectura\" \/>\n\t<meta name=\"twitter:data2\" content=\"4 minutos\" \/>\n<script type=\"application\/ld+json\" class=\"yoast-schema-graph\">{\"@context\":\"https:\\\/\\\/schema.org\",\"@graph\":[{\"@type\":\"Article\",\"@id\":\"https:\\\/\\\/informelitoral.com.ar\\\/la-produccion-de-miel-cayo-a-un-20-por-falta-de-floracion\\\/#article\",\"isPartOf\":{\"@id\":\"https:\\\/\\\/informelitoral.com.ar\\\/la-produccion-de-miel-cayo-a-un-20-por-falta-de-floracion\\\/\"},\"author\":{\"name\":\"Gonzalo Schmidt\",\"@id\":\"https:\\\/\\\/informelitoral.com.ar\\\/#\\\/schema\\\/person\\\/b9d00407c836482871ef1d57bf8e3180\"},\"headline\":\"La producci\u00f3n de miel cay\u00f3 a un 20% por falta de floraci\u00f3n\",\"datePublished\":\"2023-01-24T15:18:59+00:00\",\"mainEntityOfPage\":{\"@id\":\"https:\\\/\\\/informelitoral.com.ar\\\/la-produccion-de-miel-cayo-a-un-20-por-falta-de-floracion\\\/\"},\"wordCount\":807,\"commentCount\":0,\"publisher\":{\"@id\":\"https:\\\/\\\/informelitoral.com.ar\\\/#organization\"},\"image\":{\"@id\":\"https:\\\/\\\/informelitoral.com.ar\\\/la-produccion-de-miel-cayo-a-un-20-por-falta-de-floracion\\\/#primaryimage\"},\"thumbnailUrl\":\"https:\\\/\\\/informelitoral.com.ar\\\/%77%70%2d%63%6f%6e%74%65%6e%74\\\/uploads\\\/2016\\\/03\\\/Apicultores.jpg\",\"keywords\":[\"Abejas\",\"Apicultura\"],\"articleSection\":[\"Campo\"],\"inLanguage\":\"es\",\"potentialAction\":[{\"@type\":\"CommentAction\",\"name\":\"Comment\",\"target\":[\"https:\\\/\\\/informelitoral.com.ar\\\/la-produccion-de-miel-cayo-a-un-20-por-falta-de-floracion\\\/#respond\"]}]},{\"@type\":\"WebPage\",\"@id\":\"https:\\\/\\\/informelitoral.com.ar\\\/la-produccion-de-miel-cayo-a-un-20-por-falta-de-floracion\\\/\",\"url\":\"https:\\\/\\\/informelitoral.com.ar\\\/la-produccion-de-miel-cayo-a-un-20-por-falta-de-floracion\\\/\",\"name\":\"La producci\u00f3n de miel cay\u00f3 a un 20% por falta de floraci\u00f3n - Informe Litoral\",\"isPartOf\":{\"@id\":\"https:\\\/\\\/informelitoral.com.ar\\\/#website\"},\"primaryImageOfPage\":{\"@id\":\"https:\\\/\\\/informelitoral.com.ar\\\/la-produccion-de-miel-cayo-a-un-20-por-falta-de-floracion\\\/#primaryimage\"},\"image\":{\"@id\":\"https:\\\/\\\/informelitoral.com.ar\\\/la-produccion-de-miel-cayo-a-un-20-por-falta-de-floracion\\\/#primaryimage\"},\"thumbnailUrl\":\"https:\\\/\\\/informelitoral.com.ar\\\/%77%70%2d%63%6f%6e%74%65%6e%74\\\/uploads\\\/2016\\\/03\\\/Apicultores.jpg\",\"datePublished\":\"2023-01-24T15:18:59+00:00\",\"breadcrumb\":{\"@id\":\"https:\\\/\\\/informelitoral.com.ar\\\/la-produccion-de-miel-cayo-a-un-20-por-falta-de-floracion\\\/#breadcrumb\"},\"inLanguage\":\"es\",\"potentialAction\":[{\"@type\":\"ReadAction\",\"target\":[\"https:\\\/\\\/informelitoral.com.ar\\\/la-produccion-de-miel-cayo-a-un-20-por-falta-de-floracion\\\/\"]}]},{\"@type\":\"ImageObject\",\"inLanguage\":\"es\",\"@id\":\"https:\\\/\\\/informelitoral.com.ar\\\/la-produccion-de-miel-cayo-a-un-20-por-falta-de-floracion\\\/#primaryimage\",\"url\":\"https:\\\/\\\/informelitoral.com.ar\\\/%77%70%2d%63%6f%6e%74%65%6e%74\\\/uploads\\\/2016\\\/03\\\/Apicultores.jpg\",\"contentUrl\":\"https:\\\/\\\/informelitoral.com.ar\\\/%77%70%2d%63%6f%6e%74%65%6e%74\\\/uploads\\\/2016\\\/03\\\/Apicultores.jpg\",\"width\":472,\"height\":315},{\"@type\":\"BreadcrumbList\",\"@id\":\"https:\\\/\\\/informelitoral.com.ar\\\/la-produccion-de-miel-cayo-a-un-20-por-falta-de-floracion\\\/#breadcrumb\",\"itemListElement\":[{\"@type\":\"ListItem\",\"position\":1,\"name\":\"Portada\",\"item\":\"https:\\\/\\\/informelitoral.com.ar\\\/\"},{\"@type\":\"ListItem\",\"position\":2,\"name\":\"La producci\u00f3n de miel cay\u00f3 a un 20% por falta de floraci\u00f3n\"}]},{\"@type\":\"WebSite\",\"@id\":\"https:\\\/\\\/informelitoral.com.ar\\\/#website\",\"url\":\"https:\\\/\\\/informelitoral.com.ar\\\/\",\"name\":\"Informe Litoral\",\"description\":\"&quot;Nos informamos&quot; \",\"publisher\":{\"@id\":\"https:\\\/\\\/informelitoral.com.ar\\\/#organization\"},\"potentialAction\":[{\"@type\":\"SearchAction\",\"target\":{\"@type\":\"EntryPoint\",\"urlTemplate\":\"https:\\\/\\\/informelitoral.com.ar\\\/?s={search_term_string}\"},\"query-input\":{\"@type\":\"PropertyValueSpecification\",\"valueRequired\":true,\"valueName\":\"search_term_string\"}}],\"inLanguage\":\"es\"},{\"@type\":\"Organization\",\"@id\":\"https:\\\/\\\/informelitoral.com.ar\\\/#organization\",\"name\":\"Informe Litoral\",\"url\":\"https:\\\/\\\/informelitoral.com.ar\\\/\",\"logo\":{\"@type\":\"ImageObject\",\"inLanguage\":\"es\",\"@id\":\"https:\\\/\\\/informelitoral.com.ar\\\/#\\\/schema\\\/logo\\\/image\\\/\",\"url\":\"https:\\\/\\\/informelitoral.com.ar\\\/%77%70%2d%63%6f%6e%74%65%6e%74\\\/uploads\\\/2021\\\/01\\\/circulo.png\",\"contentUrl\":\"https:\\\/\\\/informelitoral.com.ar\\\/%77%70%2d%63%6f%6e%74%65%6e%74\\\/uploads\\\/2021\\\/01\\\/circulo.png\",\"width\":723,\"height\":731,\"caption\":\"Informe Litoral\"},\"image\":{\"@id\":\"https:\\\/\\\/informelitoral.com.ar\\\/#\\\/schema\\\/logo\\\/image\\\/\"},\"sameAs\":[\"https:\\\/\\\/www.facebook.com\\\/informelitoral\\\/\",\"https:\\\/\\\/x.com\\\/InformeLitoral\",\"https:\\\/\\\/www.instagram.com\\\/informelitoral\\\/\",\"https:\\\/\\\/www.youtube.com\\\/channel\\\/UCua4Qvz8Icb6MYqhoq9xLXw\"]},{\"@type\":\"Person\",\"@id\":\"https:\\\/\\\/informelitoral.com.ar\\\/#\\\/schema\\\/person\\\/b9d00407c836482871ef1d57bf8e3180\",\"name\":\"Gonzalo Schmidt\",\"image\":{\"@type\":\"ImageObject\",\"inLanguage\":\"es\",\"@id\":\"https:\\\/\\\/secure.gravatar.com\\\/avatar\\\/31a1a7b66ff2de83bd0e9fd79d026630d2d99e55e8bfe501287647b4fd9743de?s=96&d=mm&r=g\",\"url\":\"https:\\\/\\\/secure.gravatar.com\\\/avatar\\\/31a1a7b66ff2de83bd0e9fd79d026630d2d99e55e8bfe501287647b4fd9743de?s=96&d=mm&r=g\",\"contentUrl\":\"https:\\\/\\\/secure.gravatar.com\\\/avatar\\\/31a1a7b66ff2de83bd0e9fd79d026630d2d99e55e8bfe501287647b4fd9743de?s=96&d=mm&r=g\",\"caption\":\"Gonzalo Schmidt\"},\"description\":\"Sitio web de noticias de la provincia de Entre R\u00edos, Argentina. Informaci\u00f3n y entretenimiento. Informe Litoral, nos informamos.\",\"sameAs\":[\"http:\\\/\\\/www.isletasnoticias.com.ar\"],\"url\":\"https:\\\/\\\/informelitoral.com.ar\\\/author\\\/gonzalo\\\/\"}]}<\/script>","yoast_head_json":{"title":"La producci\u00f3n de miel cay\u00f3 a un 20% por falta de floraci\u00f3n - Informe Litoral","robots":{"index":"index","follow":"follow","max-snippet":"max-snippet:-1","max-image-preview":"max-image-preview:large","max-video-preview":"max-video-preview:-1"},"canonical":"https:\/\/informelitoral.com.ar\/la-produccion-de-miel-cayo-a-un-20-por-falta-de-floracion\/","og_locale":"es_ES","og_type":"article","og_title":"La producci\u00f3n de miel cay\u00f3 a un 20% por falta de floraci\u00f3n - Informe Litoral","og_description":"La apicultura es una de las actividades incluidas en la declaraci\u00f3n de emergencia que emiti\u00f3 el gobierno por la sequ\u00eda. Habr\u00e1 menos miel para exportar.","og_url":"https:\/\/informelitoral.com.ar\/la-produccion-de-miel-cayo-a-un-20-por-falta-de-floracion\/","og_site_name":"Informe Litoral","article_publisher":"https:\/\/www.facebook.com\/informelitoral\/","article_published_time":"2023-01-24T15:18:59+00:00","og_image":[{"width":472,"height":315,"url":"https:\/\/informelitoral.com.ar\/%77%70%2d%63%6f%6e%74%65%6e%74\/uploads\/2016\/03\/Apicultores.jpg","type":"image\/jpeg"}],"author":"Gonzalo Schmidt","twitter_card":"summary_large_image","twitter_creator":"@InformeLitoral","twitter_site":"@InformeLitoral","twitter_misc":{"Escrito por":"Gonzalo Schmidt","Tiempo de lectura":"4 minutos"},"schema":{"@context":"https:\/\/schema.org","@graph":[{"@type":"Article","@id":"https:\/\/informelitoral.com.ar\/la-produccion-de-miel-cayo-a-un-20-por-falta-de-floracion\/#article","isPartOf":{"@id":"https:\/\/informelitoral.com.ar\/la-produccion-de-miel-cayo-a-un-20-por-falta-de-floracion\/"},"author":{"name":"Gonzalo Schmidt","@id":"https:\/\/informelitoral.com.ar\/#\/schema\/person\/b9d00407c836482871ef1d57bf8e3180"},"headline":"La producci\u00f3n de miel cay\u00f3 a un 20% por falta de floraci\u00f3n","datePublished":"2023-01-24T15:18:59+00:00","mainEntityOfPage":{"@id":"https:\/\/informelitoral.com.ar\/la-produccion-de-miel-cayo-a-un-20-por-falta-de-floracion\/"},"wordCount":807,"commentCount":0,"publisher":{"@id":"https:\/\/informelitoral.com.ar\/#organization"},"image":{"@id":"https:\/\/informelitoral.com.ar\/la-produccion-de-miel-cayo-a-un-20-por-falta-de-floracion\/#primaryimage"},"thumbnailUrl":"https:\/\/informelitoral.com.ar\/%77%70%2d%63%6f%6e%74%65%6e%74\/uploads\/2016\/03\/Apicultores.jpg","keywords":["Abejas","Apicultura"],"articleSection":["Campo"],"inLanguage":"es","potentialAction":[{"@type":"CommentAction","name":"Comment","target":["https:\/\/informelitoral.com.ar\/la-produccion-de-miel-cayo-a-un-20-por-falta-de-floracion\/#respond"]}]},{"@type":"WebPage","@id":"https:\/\/informelitoral.com.ar\/la-produccion-de-miel-cayo-a-un-20-por-falta-de-floracion\/","url":"https:\/\/informelitoral.com.ar\/la-produccion-de-miel-cayo-a-un-20-por-falta-de-floracion\/","name":"La producci\u00f3n de miel cay\u00f3 a un 20% por falta de floraci\u00f3n - Informe Litoral","isPartOf":{"@id":"https:\/\/informelitoral.com.ar\/#website"},"primaryImageOfPage":{"@id":"https:\/\/informelitoral.com.ar\/la-produccion-de-miel-cayo-a-un-20-por-falta-de-floracion\/#primaryimage"},"image":{"@id":"https:\/\/informelitoral.com.ar\/la-produccion-de-miel-cayo-a-un-20-por-falta-de-floracion\/#primaryimage"},"thumbnailUrl":"https:\/\/informelitoral.com.ar\/%77%70%2d%63%6f%6e%74%65%6e%74\/uploads\/2016\/03\/Apicultores.jpg","datePublished":"2023-01-24T15:18:59+00:00","breadcrumb":{"@id":"https:\/\/informelitoral.com.ar\/la-produccion-de-miel-cayo-a-un-20-por-falta-de-floracion\/#breadcrumb"},"inLanguage":"es","potentialAction":[{"@type":"ReadAction","target":["https:\/\/informelitoral.com.ar\/la-produccion-de-miel-cayo-a-un-20-por-falta-de-floracion\/"]}]},{"@type":"ImageObject","inLanguage":"es","@id":"https:\/\/informelitoral.com.ar\/la-produccion-de-miel-cayo-a-un-20-por-falta-de-floracion\/#primaryimage","url":"https:\/\/informelitoral.com.ar\/%77%70%2d%63%6f%6e%74%65%6e%74\/uploads\/2016\/03\/Apicultores.jpg","contentUrl":"https:\/\/informelitoral.com.ar\/%77%70%2d%63%6f%6e%74%65%6e%74\/uploads\/2016\/03\/Apicultores.jpg","width":472,"height":315},{"@type":"BreadcrumbList","@id":"https:\/\/informelitoral.com.ar\/la-produccion-de-miel-cayo-a-un-20-por-falta-de-floracion\/#breadcrumb","itemListElement":[{"@type":"ListItem","position":1,"name":"Portada","item":"https:\/\/informelitoral.com.ar\/"},{"@type":"ListItem","position":2,"name":"La producci\u00f3n de miel cay\u00f3 a un 20% por falta de floraci\u00f3n"}]},{"@type":"WebSite","@id":"https:\/\/informelitoral.com.ar\/#website","url":"https:\/\/informelitoral.com.ar\/","name":"Informe Litoral","description":"&quot;Nos informamos&quot; ","publisher":{"@id":"https:\/\/informelitoral.com.ar\/#organization"},"potentialAction":[{"@type":"SearchAction","target":{"@type":"EntryPoint","urlTemplate":"https:\/\/informelitoral.com.ar\/?s={search_term_string}"},"query-input":{"@type":"PropertyValueSpecification","valueRequired":true,"valueName":"search_term_string"}}],"inLanguage":"es"},{"@type":"Organization","@id":"https:\/\/informelitoral.com.ar\/#organization","name":"Informe Litoral","url":"https:\/\/informelitoral.com.ar\/","logo":{"@type":"ImageObject","inLanguage":"es","@id":"https:\/\/informelitoral.com.ar\/#\/schema\/logo\/image\/","url":"https:\/\/informelitoral.com.ar\/%77%70%2d%63%6f%6e%74%65%6e%74\/uploads\/2021\/01\/circulo.png","contentUrl":"https:\/\/informelitoral.com.ar\/%77%70%2d%63%6f%6e%74%65%6e%74\/uploads\/2021\/01\/circulo.png","width":723,"height":731,"caption":"Informe Litoral"},"image":{"@id":"https:\/\/informelitoral.com.ar\/#\/schema\/logo\/image\/"},"sameAs":["https:\/\/www.facebook.com\/informelitoral\/","https:\/\/x.com\/InformeLitoral","https:\/\/www.instagram.com\/informelitoral\/","https:\/\/www.youtube.com\/channel\/UCua4Qvz8Icb6MYqhoq9xLXw"]},{"@type":"Person","@id":"https:\/\/informelitoral.com.ar\/#\/schema\/person\/b9d00407c836482871ef1d57bf8e3180","name":"Gonzalo Schmidt","image":{"@type":"ImageObject","inLanguage":"es","@id":"https:\/\/secure.gravatar.com\/avatar\/31a1a7b66ff2de83bd0e9fd79d026630d2d99e55e8bfe501287647b4fd9743de?s=96&d=mm&r=g","url":"https:\/\/secure.gravatar.com\/avatar\/31a1a7b66ff2de83bd0e9fd79d026630d2d99e55e8bfe501287647b4fd9743de?s=96&d=mm&r=g","contentUrl":"https:\/\/secure.gravatar.com\/avatar\/31a1a7b66ff2de83bd0e9fd79d026630d2d99e55e8bfe501287647b4fd9743de?s=96&d=mm&r=g","caption":"Gonzalo Schmidt"},"description":"Sitio web de noticias de la provincia de Entre R\u00edos, Argentina. Informaci\u00f3n y entretenimiento. Informe Litoral, nos informamos.","sameAs":["http:\/\/www.isletasnoticias.com.ar"],"url":"https:\/\/informelitoral.com.ar\/author\/gonzalo\/"}]}},"_links":{"self":[{"href":"https:\/\/informelitoral.com.ar\/%77%70%2d%6a%73%6f%6e\/wp\/v2\/posts\/112982","targetHints":{"allow":["GET"]}}],"collection":[{"href":"https:\/\/informelitoral.com.ar\/%77%70%2d%6a%73%6f%6e\/wp\/v2\/posts"}],"about":[{"href":"https:\/\/informelitoral.com.ar\/%77%70%2d%6a%73%6f%6e\/wp\/v2\/types\/post"}],"author":[{"embeddable":true,"href":"https:\/\/informelitoral.com.ar\/%77%70%2d%6a%73%6f%6e\/wp\/v2\/users\/2"}],"replies":[{"embeddable":true,"href":"https:\/\/informelitoral.com.ar\/%77%70%2d%6a%73%6f%6e\/wp\/v2\/comments?post=112982"}],"version-history":[{"count":0,"href":"https:\/\/informelitoral.com.ar\/%77%70%2d%6a%73%6f%6e\/wp\/v2\/posts\/112982\/revisions"}],"wp:featuredmedia":[{"embeddable":true,"href":"https:\/\/informelitoral.com.ar\/%77%70%2d%6a%73%6f%6e\/wp\/v2\/media\/14170"}],"wp:attachment":[{"href":"https:\/\/informelitoral.com.ar\/%77%70%2d%6a%73%6f%6e\/wp\/v2\/media?parent=112982"}],"wp:term":[{"taxonomy":"category","embeddable":true,"href":"https:\/\/informelitoral.com.ar\/%77%70%2d%6a%73%6f%6e\/wp\/v2\/categories?post=112982"},{"taxonomy":"post_tag","embeddable":true,"href":"https:\/\/informelitoral.com.ar\/%77%70%2d%6a%73%6f%6e\/wp\/v2\/tags?post=112982"}],"curies":[{"name":"wp","href":"https:\/\/api.w.org\/{rel}","templated":true}]}}