{"id":112954,"date":"2023-01-24T10:50:23","date_gmt":"2023-01-24T13:50:23","guid":{"rendered":"https:\/\/www.informelitoral.com.ar\/?p=112954"},"modified":"2023-01-24T12:05:03","modified_gmt":"2023-01-24T15:05:03","slug":"el-cambio-de-estrategia-de-dani-alves-para-intentar-salir-de-prision-contrato-al-abogado-que-defendio-a-lionel-messi","status":"publish","type":"post","link":"https:\/\/informelitoral.com.ar\/el-cambio-de-estrategia-de-dani-alves-para-intentar-salir-de-prision-contrato-al-abogado-que-defendio-a-lionel-messi\/","title":{"rendered":"El cambio de estrategia de Dani Alves para intentar salir de prisi\u00f3n: contrat\u00f3 al abogado que defendi\u00f3 a Lionel Messi"},"content":{"rendered":"<p class=\"paragraph\">A medida que pasan los d\u00edas se van conociendo nuevas informaciones en el caso de<b>\u00a0Dani Alves<\/b>, quien est\u00e1 siendo investigado por la\u00a0<b>supuesta violaci\u00f3n de una joven de 23 a\u00f1os\u00a0<\/b>en el ba\u00f1o de la discoteca Sutton el pasado 30 de diciembre.<\/p>\n<p class=\"paragraph\">El lateral brasile\u00f1o, que recientemente\u00a0fue cambiado de prisi\u00f3n \u201cpor temas de seguridad\u201d, tendr\u00e1 un nuevo bufete de abogados a su disposici\u00f3n despu\u00e9s de que se conociera que el letrado especializado en derecho penal\u00a0<b>Crist\u00f3bal Martell lo defender\u00e1 en la causa abierta\u00a0<\/b>del juzgado de Barcelona junto a\u00a0<b>Miraida Puente Wilson<\/b>, quien tom\u00f3 el caso desde el pasado viernes.<\/p>\n<p class=\"paragraph\">Seg\u00fan inform\u00f3 este martes la abogada a trav\u00e9s de un comunicado, tras la decisi\u00f3n de la jueza de enviarlo a prisi\u00f3n sin fianza,\u00a0<b>Alves ha querido \u201creforzar\u201d su defensa con un especialista en derecho penal,<\/b>\u00a0para lo que ha elegido al bufete que dirige Crist\u00f3bal Martell.<\/p>\n<p class=\"paragraph\">Martell es<b>\u00a0uno de los abogados m\u00e1s reputados de Barcelona<\/b>\u00a0y, como tal, llev\u00f3 al expresidente de la Generalitat Jordi Pujol y a su familia en la causa de presunta corrupci\u00f3n y<b>\u00a0ha representado al futbolista Lionel Messi\u00a0<\/b>en su litigio por fraude fiscal, adem\u00e1s de otros muchos casos vinculados con delitos econ\u00f3micos.<\/p>\n<div class=\"visual__image\"><img loading=\"lazy\" decoding=\"async\" class=\"\" src=\"https:\/\/cloudfront-us-east-1.images.arcpublishing.com\/infobae\/VP7B2KS35BH33E2ORHAF3JHPXQ.jpg\" sizes=\"auto, (min-width: 800px) 50vw, 90vw\" srcset=\"https:\/\/www.infobae.com\/new-resizer\/G46BOvgLqMA7joMyXSSHDVy0ZiM=\/420x280\/filters:format(webp):quality(85)\/cloudfront-us-east-1.images.arcpublishing.com\/infobae\/VP7B2KS35BH33E2ORHAF3JHPXQ.jpg 420w,https:\/\/www.infobae.com\/new-resizer\/0w_73fJnnmM4EsdIjxq5FIVfxsc=\/768x512\/filters:format(webp):quality(85)\/cloudfront-us-east-1.images.arcpublishing.com\/infobae\/VP7B2KS35BH33E2ORHAF3JHPXQ.jpg 768w,https:\/\/www.infobae.com\/new-resizer\/9kDbSMnIV9WmKMFBdumzCNAxWcI=\/992x661\/filters:format(webp):quality(85)\/cloudfront-us-east-1.images.arcpublishing.com\/infobae\/VP7B2KS35BH33E2ORHAF3JHPXQ.jpg 992w,https:\/\/www.infobae.com\/new-resizer\/VSn4RMvnKHUmOsSOXnLtwBtHiSs=\/1200x800\/filters:format(webp):quality(85)\/cloudfront-us-east-1.images.arcpublishing.com\/infobae\/VP7B2KS35BH33E2ORHAF3JHPXQ.jpg 1200w,https:\/\/www.infobae.com\/new-resizer\/19Sjokh4upESFwhe22jD2pPMS_4=\/1440x960\/filters:format(webp):quality(85)\/cloudfront-us-east-1.images.arcpublishing.com\/infobae\/VP7B2KS35BH33E2ORHAF3JHPXQ.jpg 1440w\" alt=\"Crist\u00f3bal Martell junto a Jorge Messi durante la etapa de La Pulga en Barcelona (Europa Press)\" width=\"3700\" height=\"2467\" \/><\/div>\n<p class=\"paragraph\">Miraida Puente, que<b>\u00a0asesora a Alves en sus distintas empresas y actividades mercantiles<\/b>, fue la abogada que lo asisti\u00f3 en su detenci\u00f3n del pasado viernes y en su declaraci\u00f3n ante la jueza instructora, que tras la comparecencia acord\u00f3 enviarlo a prisi\u00f3n preventiva, sin fianza.<\/p>\n<p class=\"paragraph\">En su comunicado que fue difundido por el diario espa\u00f1ol\u00a0<i>La Vanguardia<\/i>, la letrada<b>\u00a0record\u00f3 que asisti\u00f3 al futbolista<\/b>\u00a0\u201cen cuanto distintos medios de comunicaci\u00f3n adelantaban la existencia de la causa judicial y su concreto objeto, coadyuvando con la fuerza policial y el propio juzgado a la voluntaria puesta a disposici\u00f3n de Dani Alves\u201d.<\/p>\n<p class=\"paragraph\">El brasile\u00f1o, recalc\u00f3 el comunicado,\u00a0<b>se encontraba en el extranjero<\/b>\u00a0y, a trav\u00e9s de la abogada, se ofreci\u00f3 a \u201cprestar declaraci\u00f3n y defender su inocencia\u201d.<\/p>\n<p class=\"paragraph\">No obstante, \u201cel desarrollo de los acontecimientos y la privaci\u00f3n de libertad sufrida\u201d han llevado a Alves y a la letrada a<b>\u00a0\u201creforzar\u201d su defensa con un especialista en derecho penal,\u00a0<\/b>quien, a\u00f1adi\u00f3 el comunicado, \u201ccolaborar\u00e1\u201d con Miraida Puente en la investigaci\u00f3n y eventual juicio a Alves, para \u201crestablecer su honor y dignidad y, en suma, demostrar su inocencia de los hechos que le son imputados\u201d.<\/p>\n<div class=\"visual__image\"><img loading=\"lazy\" decoding=\"async\" class=\"\" src=\"https:\/\/cloudfront-us-east-1.images.arcpublishing.com\/infobae\/7GHCSQPVZZAXRBFBMVEN76MECI.jpg\" sizes=\"auto, (min-width: 800px) 50vw, 90vw\" srcset=\"https:\/\/www.infobae.com\/new-resizer\/29N6xvM3t4AV2trQlGC8y6r-8T8=\/420x236\/filters:format(webp):quality(85)\/cloudfront-us-east-1.images.arcpublishing.com\/infobae\/7GHCSQPVZZAXRBFBMVEN76MECI.jpg 420w,https:\/\/www.infobae.com\/new-resizer\/wx3APplj62bKwBeqD7_v8lmvskU=\/768x432\/filters:format(webp):quality(85)\/cloudfront-us-east-1.images.arcpublishing.com\/infobae\/7GHCSQPVZZAXRBFBMVEN76MECI.jpg 768w,https:\/\/www.infobae.com\/new-resizer\/-a0BtOH9bf4Fh8IKnkZ8zKPmWS0=\/992x558\/filters:format(webp):quality(85)\/cloudfront-us-east-1.images.arcpublishing.com\/infobae\/7GHCSQPVZZAXRBFBMVEN76MECI.jpg 992w,https:\/\/www.infobae.com\/new-resizer\/KmmEZqm15eWXiy6qpuNku0SJEdM=\/1200x675\/filters:format(webp):quality(85)\/cloudfront-us-east-1.images.arcpublishing.com\/infobae\/7GHCSQPVZZAXRBFBMVEN76MECI.jpg 1200w,https:\/\/www.infobae.com\/new-resizer\/UJmppfu3pRRpunJLqCr5b5vYngw=\/1440x810\/filters:format(webp):quality(85)\/cloudfront-us-east-1.images.arcpublishing.com\/infobae\/7GHCSQPVZZAXRBFBMVEN76MECI.jpg 1440w\" alt=\"Dani Alves pasa sus d\u00edas en la prisi\u00f3n Brians 2 (Foto: Cuartoscuro \/ INAMI)\" width=\"1536\" height=\"864\" \/><\/div>\n<p class=\"paragraph\">La primera tarea que tendr\u00e1 Martell y su bufete de abogados ser\u00e1 la de<b>\u00a0intentar sacarlo de prisi\u00f3n mientras es investigado.<\/b>\u00a0Para ello podr\u00eda presentar un recurso en las pr\u00f3ximas horas en el que solicitar\u00e1 su libertad a cambio de otro tipo de medidas como una fianza, el retiro de su pasaporte o la prohibici\u00f3n de salir del pa\u00eds.<\/p>\n","protected":false},"excerpt":{"rendered":"<p>El futbolista brasile\u00f1o contar\u00e1 con el bufet de abogados de Crist\u00f3bal Martell, quien trabajar\u00e1 para poder sacarlo de prisi\u00f3n mientras su defendido siga siendo investigado<\/p>\n","protected":false},"author":8,"featured_media":112961,"comment_status":"open","ping_status":"open","sticky":false,"template":"","format":"standard","meta":{"fifu_image_url":"","fifu_image_alt":"","footnotes":""},"categories":[13],"tags":[4123],"class_list":{"0":"post-112954","1":"post","2":"type-post","3":"status-publish","4":"format-standard","5":"has-post-thumbnail","7":"category-deportes","8":"tag-dani-alvez"},"yoast_head":"<title>El cambio de estrategia de Dani Alves para intentar salir de prisi\u00f3n: contrat\u00f3 al abogado que defendi\u00f3 a Lionel Messi - Informe Litoral<\/title>\n<meta name=\"robots\" content=\"index, follow, max-snippet:-1, max-image-preview:large, max-video-preview:-1\" \/>\n<link rel=\"canonical\" href=\"https:\/\/informelitoral.com.ar\/el-cambio-de-estrategia-de-dani-alves-para-intentar-salir-de-prision-contrato-al-abogado-que-defendio-a-lionel-messi\/\" \/>\n<meta property=\"og:locale\" content=\"es_ES\" \/>\n<meta property=\"og:type\" content=\"article\" \/>\n<meta property=\"og:title\" content=\"El cambio de estrategia de Dani Alves para intentar salir de prisi\u00f3n: contrat\u00f3 al abogado que defendi\u00f3 a Lionel Messi - Informe Litoral\" \/>\n<meta property=\"og:description\" content=\"El futbolista brasile\u00f1o contar\u00e1 con el bufet de abogados de Crist\u00f3bal Martell, quien trabajar\u00e1 para poder sacarlo de prisi\u00f3n mientras su defendido siga siendo investigado\" \/>\n<meta property=\"og:url\" content=\"https:\/\/informelitoral.com.ar\/el-cambio-de-estrategia-de-dani-alves-para-intentar-salir-de-prision-contrato-al-abogado-que-defendio-a-lionel-messi\/\" \/>\n<meta property=\"og:site_name\" content=\"Informe Litoral\" \/>\n<meta property=\"article:publisher\" content=\"https:\/\/www.facebook.com\/informelitoral\/\" \/>\n<meta property=\"article:published_time\" content=\"2023-01-24T13:50:23+00:00\" \/>\n<meta property=\"article:modified_time\" content=\"2023-01-24T15:05:03+00:00\" \/>\n<meta property=\"og:image\" content=\"https:\/\/informelitoral.com.ar\/%77%70%2d%63%6f%6e%74%65%6e%74\/uploads\/2023\/01\/dani-alves.jpeg\" \/>\n\t<meta property=\"og:image:width\" content=\"990\" \/>\n\t<meta property=\"og:image:height\" content=\"556\" \/>\n\t<meta property=\"og:image:type\" content=\"image\/jpeg\" \/>\n<meta name=\"author\" content=\"Sebastian\" \/>\n<meta name=\"twitter:card\" content=\"summary_large_image\" \/>\n<meta name=\"twitter:creator\" content=\"@InformeLitoral\" \/>\n<meta name=\"twitter:site\" content=\"@InformeLitoral\" \/>\n<meta name=\"twitter:label1\" content=\"Escrito por\" \/>\n\t<meta name=\"twitter:data1\" content=\"Sebastian\" \/>\n\t<meta name=\"twitter:label2\" content=\"Tiempo de lectura\" \/>\n\t<meta name=\"twitter:data2\" content=\"2 minutos\" \/>\n<script type=\"application\/ld+json\" class=\"yoast-schema-graph\">{\"@context\":\"https:\\\/\\\/schema.org\",\"@graph\":[{\"@type\":\"Article\",\"@id\":\"https:\\\/\\\/informelitoral.com.ar\\\/el-cambio-de-estrategia-de-dani-alves-para-intentar-salir-de-prision-contrato-al-abogado-que-defendio-a-lionel-messi\\\/#article\",\"isPartOf\":{\"@id\":\"https:\\\/\\\/informelitoral.com.ar\\\/el-cambio-de-estrategia-de-dani-alves-para-intentar-salir-de-prision-contrato-al-abogado-que-defendio-a-lionel-messi\\\/\"},\"author\":{\"name\":\"Sebastian\",\"@id\":\"https:\\\/\\\/informelitoral.com.ar\\\/#\\\/schema\\\/person\\\/f05f9f461677119578717524b127d6d5\"},\"headline\":\"El cambio de estrategia de Dani Alves para intentar salir de prisi\u00f3n: contrat\u00f3 al abogado que defendi\u00f3 a Lionel Messi\",\"datePublished\":\"2023-01-24T13:50:23+00:00\",\"dateModified\":\"2023-01-24T15:05:03+00:00\",\"mainEntityOfPage\":{\"@id\":\"https:\\\/\\\/informelitoral.com.ar\\\/el-cambio-de-estrategia-de-dani-alves-para-intentar-salir-de-prision-contrato-al-abogado-que-defendio-a-lionel-messi\\\/\"},\"wordCount\":503,\"commentCount\":0,\"publisher\":{\"@id\":\"https:\\\/\\\/informelitoral.com.ar\\\/#organization\"},\"image\":{\"@id\":\"https:\\\/\\\/informelitoral.com.ar\\\/el-cambio-de-estrategia-de-dani-alves-para-intentar-salir-de-prision-contrato-al-abogado-que-defendio-a-lionel-messi\\\/#primaryimage\"},\"thumbnailUrl\":\"https:\\\/\\\/informelitoral.com.ar\\\/%77%70%2d%63%6f%6e%74%65%6e%74\\\/uploads\\\/2023\\\/01\\\/dani-alves.jpeg\",\"keywords\":[\"Dani Alvez\"],\"articleSection\":[\"Deportes\"],\"inLanguage\":\"es\",\"potentialAction\":[{\"@type\":\"CommentAction\",\"name\":\"Comment\",\"target\":[\"https:\\\/\\\/informelitoral.com.ar\\\/el-cambio-de-estrategia-de-dani-alves-para-intentar-salir-de-prision-contrato-al-abogado-que-defendio-a-lionel-messi\\\/#respond\"]}]},{\"@type\":\"WebPage\",\"@id\":\"https:\\\/\\\/informelitoral.com.ar\\\/el-cambio-de-estrategia-de-dani-alves-para-intentar-salir-de-prision-contrato-al-abogado-que-defendio-a-lionel-messi\\\/\",\"url\":\"https:\\\/\\\/informelitoral.com.ar\\\/el-cambio-de-estrategia-de-dani-alves-para-intentar-salir-de-prision-contrato-al-abogado-que-defendio-a-lionel-messi\\\/\",\"name\":\"El cambio de estrategia de Dani Alves para intentar salir de prisi\u00f3n: contrat\u00f3 al abogado que defendi\u00f3 a Lionel Messi - Informe Litoral\",\"isPartOf\":{\"@id\":\"https:\\\/\\\/informelitoral.com.ar\\\/#website\"},\"primaryImageOfPage\":{\"@id\":\"https:\\\/\\\/informelitoral.com.ar\\\/el-cambio-de-estrategia-de-dani-alves-para-intentar-salir-de-prision-contrato-al-abogado-que-defendio-a-lionel-messi\\\/#primaryimage\"},\"image\":{\"@id\":\"https:\\\/\\\/informelitoral.com.ar\\\/el-cambio-de-estrategia-de-dani-alves-para-intentar-salir-de-prision-contrato-al-abogado-que-defendio-a-lionel-messi\\\/#primaryimage\"},\"thumbnailUrl\":\"https:\\\/\\\/informelitoral.com.ar\\\/%77%70%2d%63%6f%6e%74%65%6e%74\\\/uploads\\\/2023\\\/01\\\/dani-alves.jpeg\",\"datePublished\":\"2023-01-24T13:50:23+00:00\",\"dateModified\":\"2023-01-24T15:05:03+00:00\",\"breadcrumb\":{\"@id\":\"https:\\\/\\\/informelitoral.com.ar\\\/el-cambio-de-estrategia-de-dani-alves-para-intentar-salir-de-prision-contrato-al-abogado-que-defendio-a-lionel-messi\\\/#breadcrumb\"},\"inLanguage\":\"es\",\"potentialAction\":[{\"@type\":\"ReadAction\",\"target\":[\"https:\\\/\\\/informelitoral.com.ar\\\/el-cambio-de-estrategia-de-dani-alves-para-intentar-salir-de-prision-contrato-al-abogado-que-defendio-a-lionel-messi\\\/\"]}]},{\"@type\":\"ImageObject\",\"inLanguage\":\"es\",\"@id\":\"https:\\\/\\\/informelitoral.com.ar\\\/el-cambio-de-estrategia-de-dani-alves-para-intentar-salir-de-prision-contrato-al-abogado-que-defendio-a-lionel-messi\\\/#primaryimage\",\"url\":\"https:\\\/\\\/informelitoral.com.ar\\\/%77%70%2d%63%6f%6e%74%65%6e%74\\\/uploads\\\/2023\\\/01\\\/dani-alves.jpeg\",\"contentUrl\":\"https:\\\/\\\/informelitoral.com.ar\\\/%77%70%2d%63%6f%6e%74%65%6e%74\\\/uploads\\\/2023\\\/01\\\/dani-alves.jpeg\",\"width\":990,\"height\":556},{\"@type\":\"BreadcrumbList\",\"@id\":\"https:\\\/\\\/informelitoral.com.ar\\\/el-cambio-de-estrategia-de-dani-alves-para-intentar-salir-de-prision-contrato-al-abogado-que-defendio-a-lionel-messi\\\/#breadcrumb\",\"itemListElement\":[{\"@type\":\"ListItem\",\"position\":1,\"name\":\"Portada\",\"item\":\"https:\\\/\\\/informelitoral.com.ar\\\/\"},{\"@type\":\"ListItem\",\"position\":2,\"name\":\"El cambio de estrategia de Dani Alves para intentar salir de prisi\u00f3n: contrat\u00f3 al abogado que defendi\u00f3 a Lionel Messi\"}]},{\"@type\":\"WebSite\",\"@id\":\"https:\\\/\\\/informelitoral.com.ar\\\/#website\",\"url\":\"https:\\\/\\\/informelitoral.com.ar\\\/\",\"name\":\"Informe Litoral\",\"description\":\"&quot;Nos informamos&quot; \",\"publisher\":{\"@id\":\"https:\\\/\\\/informelitoral.com.ar\\\/#organization\"},\"potentialAction\":[{\"@type\":\"SearchAction\",\"target\":{\"@type\":\"EntryPoint\",\"urlTemplate\":\"https:\\\/\\\/informelitoral.com.ar\\\/?s={search_term_string}\"},\"query-input\":{\"@type\":\"PropertyValueSpecification\",\"valueRequired\":true,\"valueName\":\"search_term_string\"}}],\"inLanguage\":\"es\"},{\"@type\":\"Organization\",\"@id\":\"https:\\\/\\\/informelitoral.com.ar\\\/#organization\",\"name\":\"Informe Litoral\",\"url\":\"https:\\\/\\\/informelitoral.com.ar\\\/\",\"logo\":{\"@type\":\"ImageObject\",\"inLanguage\":\"es\",\"@id\":\"https:\\\/\\\/informelitoral.com.ar\\\/#\\\/schema\\\/logo\\\/image\\\/\",\"url\":\"https:\\\/\\\/informelitoral.com.ar\\\/%77%70%2d%63%6f%6e%74%65%6e%74\\\/uploads\\\/2021\\\/01\\\/circulo.png\",\"contentUrl\":\"https:\\\/\\\/informelitoral.com.ar\\\/%77%70%2d%63%6f%6e%74%65%6e%74\\\/uploads\\\/2021\\\/01\\\/circulo.png\",\"width\":723,\"height\":731,\"caption\":\"Informe Litoral\"},\"image\":{\"@id\":\"https:\\\/\\\/informelitoral.com.ar\\\/#\\\/schema\\\/logo\\\/image\\\/\"},\"sameAs\":[\"https:\\\/\\\/www.facebook.com\\\/informelitoral\\\/\",\"https:\\\/\\\/x.com\\\/InformeLitoral\",\"https:\\\/\\\/www.instagram.com\\\/informelitoral\\\/\",\"https:\\\/\\\/www.youtube.com\\\/channel\\\/UCua4Qvz8Icb6MYqhoq9xLXw\"]},{\"@type\":\"Person\",\"@id\":\"https:\\\/\\\/informelitoral.com.ar\\\/#\\\/schema\\\/person\\\/f05f9f461677119578717524b127d6d5\",\"name\":\"Sebastian\",\"image\":{\"@type\":\"ImageObject\",\"inLanguage\":\"es\",\"@id\":\"https:\\\/\\\/secure.gravatar.com\\\/avatar\\\/b71bf7481d447dfb9583c7f2798e7cc64de6efb9067b74633ed8c31059a3bd82?s=96&d=mm&r=g\",\"url\":\"https:\\\/\\\/secure.gravatar.com\\\/avatar\\\/b71bf7481d447dfb9583c7f2798e7cc64de6efb9067b74633ed8c31059a3bd82?s=96&d=mm&r=g\",\"contentUrl\":\"https:\\\/\\\/secure.gravatar.com\\\/avatar\\\/b71bf7481d447dfb9583c7f2798e7cc64de6efb9067b74633ed8c31059a3bd82?s=96&d=mm&r=g\",\"caption\":\"Sebastian\"},\"url\":\"https:\\\/\\\/informelitoral.com.ar\\\/author\\\/sebastian\\\/\"}]}<\/script>","yoast_head_json":{"title":"El cambio de estrategia de Dani Alves para intentar salir de prisi\u00f3n: contrat\u00f3 al abogado que defendi\u00f3 a Lionel Messi - Informe Litoral","robots":{"index":"index","follow":"follow","max-snippet":"max-snippet:-1","max-image-preview":"max-image-preview:large","max-video-preview":"max-video-preview:-1"},"canonical":"https:\/\/informelitoral.com.ar\/el-cambio-de-estrategia-de-dani-alves-para-intentar-salir-de-prision-contrato-al-abogado-que-defendio-a-lionel-messi\/","og_locale":"es_ES","og_type":"article","og_title":"El cambio de estrategia de Dani Alves para intentar salir de prisi\u00f3n: contrat\u00f3 al abogado que defendi\u00f3 a Lionel Messi - Informe Litoral","og_description":"El futbolista brasile\u00f1o contar\u00e1 con el bufet de abogados de Crist\u00f3bal Martell, quien trabajar\u00e1 para poder sacarlo de prisi\u00f3n mientras su defendido siga siendo investigado","og_url":"https:\/\/informelitoral.com.ar\/el-cambio-de-estrategia-de-dani-alves-para-intentar-salir-de-prision-contrato-al-abogado-que-defendio-a-lionel-messi\/","og_site_name":"Informe Litoral","article_publisher":"https:\/\/www.facebook.com\/informelitoral\/","article_published_time":"2023-01-24T13:50:23+00:00","article_modified_time":"2023-01-24T15:05:03+00:00","og_image":[{"width":990,"height":556,"url":"https:\/\/informelitoral.com.ar\/%77%70%2d%63%6f%6e%74%65%6e%74\/uploads\/2023\/01\/dani-alves.jpeg","type":"image\/jpeg"}],"author":"Sebastian","twitter_card":"summary_large_image","twitter_creator":"@InformeLitoral","twitter_site":"@InformeLitoral","twitter_misc":{"Escrito por":"Sebastian","Tiempo de lectura":"2 minutos"},"schema":{"@context":"https:\/\/schema.org","@graph":[{"@type":"Article","@id":"https:\/\/informelitoral.com.ar\/el-cambio-de-estrategia-de-dani-alves-para-intentar-salir-de-prision-contrato-al-abogado-que-defendio-a-lionel-messi\/#article","isPartOf":{"@id":"https:\/\/informelitoral.com.ar\/el-cambio-de-estrategia-de-dani-alves-para-intentar-salir-de-prision-contrato-al-abogado-que-defendio-a-lionel-messi\/"},"author":{"name":"Sebastian","@id":"https:\/\/informelitoral.com.ar\/#\/schema\/person\/f05f9f461677119578717524b127d6d5"},"headline":"El cambio de estrategia de Dani Alves para intentar salir de prisi\u00f3n: contrat\u00f3 al abogado que defendi\u00f3 a Lionel Messi","datePublished":"2023-01-24T13:50:23+00:00","dateModified":"2023-01-24T15:05:03+00:00","mainEntityOfPage":{"@id":"https:\/\/informelitoral.com.ar\/el-cambio-de-estrategia-de-dani-alves-para-intentar-salir-de-prision-contrato-al-abogado-que-defendio-a-lionel-messi\/"},"wordCount":503,"commentCount":0,"publisher":{"@id":"https:\/\/informelitoral.com.ar\/#organization"},"image":{"@id":"https:\/\/informelitoral.com.ar\/el-cambio-de-estrategia-de-dani-alves-para-intentar-salir-de-prision-contrato-al-abogado-que-defendio-a-lionel-messi\/#primaryimage"},"thumbnailUrl":"https:\/\/informelitoral.com.ar\/%77%70%2d%63%6f%6e%74%65%6e%74\/uploads\/2023\/01\/dani-alves.jpeg","keywords":["Dani Alvez"],"articleSection":["Deportes"],"inLanguage":"es","potentialAction":[{"@type":"CommentAction","name":"Comment","target":["https:\/\/informelitoral.com.ar\/el-cambio-de-estrategia-de-dani-alves-para-intentar-salir-de-prision-contrato-al-abogado-que-defendio-a-lionel-messi\/#respond"]}]},{"@type":"WebPage","@id":"https:\/\/informelitoral.com.ar\/el-cambio-de-estrategia-de-dani-alves-para-intentar-salir-de-prision-contrato-al-abogado-que-defendio-a-lionel-messi\/","url":"https:\/\/informelitoral.com.ar\/el-cambio-de-estrategia-de-dani-alves-para-intentar-salir-de-prision-contrato-al-abogado-que-defendio-a-lionel-messi\/","name":"El cambio de estrategia de Dani Alves para intentar salir de prisi\u00f3n: contrat\u00f3 al abogado que defendi\u00f3 a Lionel Messi - Informe Litoral","isPartOf":{"@id":"https:\/\/informelitoral.com.ar\/#website"},"primaryImageOfPage":{"@id":"https:\/\/informelitoral.com.ar\/el-cambio-de-estrategia-de-dani-alves-para-intentar-salir-de-prision-contrato-al-abogado-que-defendio-a-lionel-messi\/#primaryimage"},"image":{"@id":"https:\/\/informelitoral.com.ar\/el-cambio-de-estrategia-de-dani-alves-para-intentar-salir-de-prision-contrato-al-abogado-que-defendio-a-lionel-messi\/#primaryimage"},"thumbnailUrl":"https:\/\/informelitoral.com.ar\/%77%70%2d%63%6f%6e%74%65%6e%74\/uploads\/2023\/01\/dani-alves.jpeg","datePublished":"2023-01-24T13:50:23+00:00","dateModified":"2023-01-24T15:05:03+00:00","breadcrumb":{"@id":"https:\/\/informelitoral.com.ar\/el-cambio-de-estrategia-de-dani-alves-para-intentar-salir-de-prision-contrato-al-abogado-que-defendio-a-lionel-messi\/#breadcrumb"},"inLanguage":"es","potentialAction":[{"@type":"ReadAction","target":["https:\/\/informelitoral.com.ar\/el-cambio-de-estrategia-de-dani-alves-para-intentar-salir-de-prision-contrato-al-abogado-que-defendio-a-lionel-messi\/"]}]},{"@type":"ImageObject","inLanguage":"es","@id":"https:\/\/informelitoral.com.ar\/el-cambio-de-estrategia-de-dani-alves-para-intentar-salir-de-prision-contrato-al-abogado-que-defendio-a-lionel-messi\/#primaryimage","url":"https:\/\/informelitoral.com.ar\/%77%70%2d%63%6f%6e%74%65%6e%74\/uploads\/2023\/01\/dani-alves.jpeg","contentUrl":"https:\/\/informelitoral.com.ar\/%77%70%2d%63%6f%6e%74%65%6e%74\/uploads\/2023\/01\/dani-alves.jpeg","width":990,"height":556},{"@type":"BreadcrumbList","@id":"https:\/\/informelitoral.com.ar\/el-cambio-de-estrategia-de-dani-alves-para-intentar-salir-de-prision-contrato-al-abogado-que-defendio-a-lionel-messi\/#breadcrumb","itemListElement":[{"@type":"ListItem","position":1,"name":"Portada","item":"https:\/\/informelitoral.com.ar\/"},{"@type":"ListItem","position":2,"name":"El cambio de estrategia de Dani Alves para intentar salir de prisi\u00f3n: contrat\u00f3 al abogado que defendi\u00f3 a Lionel Messi"}]},{"@type":"WebSite","@id":"https:\/\/informelitoral.com.ar\/#website","url":"https:\/\/informelitoral.com.ar\/","name":"Informe Litoral","description":"&quot;Nos informamos&quot; ","publisher":{"@id":"https:\/\/informelitoral.com.ar\/#organization"},"potentialAction":[{"@type":"SearchAction","target":{"@type":"EntryPoint","urlTemplate":"https:\/\/informelitoral.com.ar\/?s={search_term_string}"},"query-input":{"@type":"PropertyValueSpecification","valueRequired":true,"valueName":"search_term_string"}}],"inLanguage":"es"},{"@type":"Organization","@id":"https:\/\/informelitoral.com.ar\/#organization","name":"Informe Litoral","url":"https:\/\/informelitoral.com.ar\/","logo":{"@type":"ImageObject","inLanguage":"es","@id":"https:\/\/informelitoral.com.ar\/#\/schema\/logo\/image\/","url":"https:\/\/informelitoral.com.ar\/%77%70%2d%63%6f%6e%74%65%6e%74\/uploads\/2021\/01\/circulo.png","contentUrl":"https:\/\/informelitoral.com.ar\/%77%70%2d%63%6f%6e%74%65%6e%74\/uploads\/2021\/01\/circulo.png","width":723,"height":731,"caption":"Informe Litoral"},"image":{"@id":"https:\/\/informelitoral.com.ar\/#\/schema\/logo\/image\/"},"sameAs":["https:\/\/www.facebook.com\/informelitoral\/","https:\/\/x.com\/InformeLitoral","https:\/\/www.instagram.com\/informelitoral\/","https:\/\/www.youtube.com\/channel\/UCua4Qvz8Icb6MYqhoq9xLXw"]},{"@type":"Person","@id":"https:\/\/informelitoral.com.ar\/#\/schema\/person\/f05f9f461677119578717524b127d6d5","name":"Sebastian","image":{"@type":"ImageObject","inLanguage":"es","@id":"https:\/\/secure.gravatar.com\/avatar\/b71bf7481d447dfb9583c7f2798e7cc64de6efb9067b74633ed8c31059a3bd82?s=96&d=mm&r=g","url":"https:\/\/secure.gravatar.com\/avatar\/b71bf7481d447dfb9583c7f2798e7cc64de6efb9067b74633ed8c31059a3bd82?s=96&d=mm&r=g","contentUrl":"https:\/\/secure.gravatar.com\/avatar\/b71bf7481d447dfb9583c7f2798e7cc64de6efb9067b74633ed8c31059a3bd82?s=96&d=mm&r=g","caption":"Sebastian"},"url":"https:\/\/informelitoral.com.ar\/author\/sebastian\/"}]}},"_links":{"self":[{"href":"https:\/\/informelitoral.com.ar\/%77%70%2d%6a%73%6f%6e\/wp\/v2\/posts\/112954","targetHints":{"allow":["GET"]}}],"collection":[{"href":"https:\/\/informelitoral.com.ar\/%77%70%2d%6a%73%6f%6e\/wp\/v2\/posts"}],"about":[{"href":"https:\/\/informelitoral.com.ar\/%77%70%2d%6a%73%6f%6e\/wp\/v2\/types\/post"}],"author":[{"embeddable":true,"href":"https:\/\/informelitoral.com.ar\/%77%70%2d%6a%73%6f%6e\/wp\/v2\/users\/8"}],"replies":[{"embeddable":true,"href":"https:\/\/informelitoral.com.ar\/%77%70%2d%6a%73%6f%6e\/wp\/v2\/comments?post=112954"}],"version-history":[{"count":0,"href":"https:\/\/informelitoral.com.ar\/%77%70%2d%6a%73%6f%6e\/wp\/v2\/posts\/112954\/revisions"}],"wp:featuredmedia":[{"embeddable":true,"href":"https:\/\/informelitoral.com.ar\/%77%70%2d%6a%73%6f%6e\/wp\/v2\/media\/112961"}],"wp:attachment":[{"href":"https:\/\/informelitoral.com.ar\/%77%70%2d%6a%73%6f%6e\/wp\/v2\/media?parent=112954"}],"wp:term":[{"taxonomy":"category","embeddable":true,"href":"https:\/\/informelitoral.com.ar\/%77%70%2d%6a%73%6f%6e\/wp\/v2\/categories?post=112954"},{"taxonomy":"post_tag","embeddable":true,"href":"https:\/\/informelitoral.com.ar\/%77%70%2d%6a%73%6f%6e\/wp\/v2\/tags?post=112954"}],"curies":[{"name":"wp","href":"https:\/\/api.w.org\/{rel}","templated":true}]}}