{"id":112928,"date":"2023-01-24T09:42:02","date_gmt":"2023-01-24T12:42:02","guid":{"rendered":"https:\/\/www.informelitoral.com.ar\/?p=112928"},"modified":"2023-01-24T12:00:07","modified_gmt":"2023-01-24T15:00:07","slug":"ley-de-pago-de-deuda-previsional-detallan-cuantos-entrerrianos-se-beneficiarian","status":"publish","type":"post","link":"https:\/\/informelitoral.com.ar\/ley-de-pago-de-deuda-previsional-detallan-cuantos-entrerrianos-se-beneficiarian\/","title":{"rendered":"Ley de Pago de Deuda Previsional: detallan cu\u00e1ntos entrerrianos se beneficiar\u00edan"},"content":{"rendered":"<p>La Administraci\u00f3n Nacional de la Seguridad Social (ANSES) inform\u00f3 que \u00aben la provincia de Entre R\u00edos, 17 mil personas no podr\u00e1n acceder a su jubilaci\u00f3n en 2023, en caso de no sancionarse la Ley de Pago de Deuda Previsional, que debe tratarse en la C\u00e1mara de Diputados de la Naci\u00f3n\u00bb.<\/p>\n<p>El organismo hizo notar que \u00aba nivel pa\u00eds, esta situaci\u00f3n alcanza a cerca de 800 mil argentinos\u00bb, por lo que remarc\u00f3 \u00abla necesidad de que dicha ley sea discutida de manera urgente, para contar con una herramienta previsional que brinde respuesta a la gran cantidad de personas mayores que se encuentran en esa situaci\u00f3n\u00bb, indic\u00f3 Anses en un comunicado.<\/p>\n<figure class=\"embed\"><img decoding=\"async\" class=\"aligncenter\" title=\"\" src=\"https:\/\/elonce-media.elonce.com\/fotos-nuevo\/2022\/12\/13\/o_1670932488.jpg\" alt=\"\" width=\"640\" \/><\/figure>\n<p><b>El Plan de Pago de Deuda Previsional alcanza a dos grupos<\/b>: por un lado,\u00a0<i>a quienes ya cumplieron la edad jubilatoria (60 a\u00f1os las mujeres y 65 los varones), pero no cuentan con los 30 a\u00f1os de aportes realizados<\/i>. Estas personas podr\u00e1n cancelar la deuda de aportes en cuotas descontadas de su jubilaci\u00f3n.<\/p>\n<p>Por el otro, a\u00a0<i>quienes est\u00e1n a menos de 10 a\u00f1os de cumplir la edad jubilatoria y ya saben que no alcanzar\u00e1n los 30 a\u00f1os de aportes<\/i>. En este caso, podr\u00e1n identificar y cancelar per\u00edodos pasados de aportes, lo que les otorgar\u00e1 derecho a acumular per\u00edodos para su futura jubilaci\u00f3n, explicaron desde el organismo.<\/p>\n<h3><strong>Detalles del proyecto<\/strong><\/h3>\n<p>Seg\u00fan surge del proyecto denominado Plan de Pago de Deuda Previsional (PPDP) a valores de hoy, para un trabajador en relaci\u00f3n de dependencia con un sueldo bruto promedio actualizado de los \u00faltimos 120 meses de $ 180.000 (remuneraci\u00f3n imponible promedio del sistema), la jubilaci\u00f3n y las cuotas que le deducir\u00e1n por acceder a la moratoria ser\u00edan las siguientes:<\/p>\n<p>&#8211;\u00a0<b>Con 10 a\u00f1os de aportes y 20 a\u00f1os a regularizar por moratoria anteriores a diciembre de 2008<\/b>, se jubilar\u00eda con el haber m\u00ednimo, hoy de $ 50.124 (m\u00e1s el bono de $ 10.000 hasta febrero 2023) Y se le descontar\u00edan $ 9.791 en un plan de pagos de 120 cuotas. El haber efectivo seria $ 40.333, casi similar a los $ 40.099 de la PUAM (Prestaci\u00f3n Universal al Adulto Mayor), ya que en ambos casos perciben los $ 10.000 del bono.<\/p>\n<p>&#8211;\u00a0<b>Con 15 a\u00f1os de aportes efectivos y otros 15 a\u00f1os por moratoria<\/b>, anteriores a diciembre de 2008, se jubilar\u00eda con un haber inicial de $ 63.430 (35,2% del sueldo bruto) y se le deducir\u00edan $ 9.791 en 90 cuotas o $ 7.344 en 120 cuotas. Durante esos 10 a\u00f1os, la jubilaci\u00f3n en mano ser\u00eda de $ 56.086 equivalente al 31,1% del sueldo.<\/p>\n<p>El haber y las cuotas se actualizan trimestralmente por la f\u00f3rmula de movilidad. En este caso cobrar\u00eda $ 7.000 del bono vigente hasta febrero.<\/p>\n<p>&#8211;<b>Con 20 a\u00f1os de aportes y 10 a\u00f1os de moratoria, anteriores a diciembre de 2008<\/b>, el haber inicial ser\u00eda de $ 76.930 (42,7% del sueldo bruto) y le deducir\u00edan del haber $ 13.055 en 45 cuotas o $ 9.791 en 60 cuotas. Durante esos 5 a\u00f1os, el haber en mano ser\u00eda de $ 67.139, equivalente al 37,3% del sueldo bruto. Cobrar\u00eda el bono de $ 7.000 vigente hasta febrero 2023.<\/p>\n<p>&#8211;\u00a0<b>Con 25 a\u00f1os de aportes y 5 a\u00f1os de moratoria, anteriores a diciembre de 2008<\/b>, el haber inicial ser\u00eda de $ 90.430 (50,2% del sueldo bruto) y le descontar\u00edan $ 9.791 en un plazo de 30 cuotas, quedando un neto de $ 80.639. Cobrar\u00eda el bono de $ 7.000 hasta febrero 2023.<\/p>\n<p>\u201cEn el PPDP cada per\u00edodo aportado tiene un peso de relevancia al momento del c\u00e1lculo de la deuda total que debe ser cancelada. Por otro lado, los a\u00f1os de aportes efectivamente realizados son tenidos en cuenta para el haber inicial. De esta manera, no ser\u00e1 lo mismo la situaci\u00f3n de quien deba regularizar 20 a\u00f1os, que la de quienes deban regularizar 10 o 5 a\u00f1os de aportes\u201d, explican en la ANSeS.<\/p>\n<p><b>Cada mes de \u201ccompra\u201d de los meses sin aportes tiene un valor del 29% de la remuneraci\u00f3n m\u00ednima imponible<\/b>\u00a0(hoy de $ 4.895,73), que se ajusta trimestralmente por la movilidad. Es un valor mucho m\u00e1s alto que el que surge de las actuales moratorias.<\/p>\n<p>Seg\u00fan datos oficiales, esta moratoria permitir\u00eda acceder a la jubilaci\u00f3n a entre 720.000 y 800.000 varones y mujeres.<\/p>\n<p>Por otro lado el proyecto tiene un componente pre-jubilatorio que permite cancelar anticipadamente la deuda a las personas que ya saben que, por la edad que tienen y los a\u00f1os de aportes que les faltan, no podr\u00e1n jubilarse al llegar a 60 a\u00f1os las mujeres y 65 a\u00f1os los varones.<\/p>\n","protected":false},"excerpt":{"rendered":"<p>El proyecto de moratoria alcanza a quienes ya cumplieron la edad jubilatoria y a aquellos que est\u00e1n a menos de 10 a\u00f1os de hacerlo pero no llegar\u00edan a 30 a\u00f1os de aportes. Anses remarc\u00f3 \u00abla necesidad de que sea discutida de manera urgente\u00bb.<\/p>\n","protected":false},"author":8,"featured_media":24481,"comment_status":"open","ping_status":"open","sticky":false,"template":"","format":"standard","meta":{"fifu_image_url":"","fifu_image_alt":"","footnotes":""},"categories":[6],"tags":[269],"class_list":{"0":"post-112928","1":"post","2":"type-post","3":"status-publish","4":"format-standard","5":"has-post-thumbnail","7":"category-entre-rios","8":"tag-anses"},"yoast_head":"<title>Ley de Pago de Deuda Previsional: detallan cu\u00e1ntos entrerrianos se beneficiar\u00edan - Informe Litoral<\/title>\n<meta name=\"robots\" content=\"index, follow, max-snippet:-1, max-image-preview:large, max-video-preview:-1\" \/>\n<link rel=\"canonical\" href=\"https:\/\/informelitoral.com.ar\/ley-de-pago-de-deuda-previsional-detallan-cuantos-entrerrianos-se-beneficiarian\/\" \/>\n<meta property=\"og:locale\" content=\"es_ES\" \/>\n<meta property=\"og:type\" content=\"article\" \/>\n<meta property=\"og:title\" content=\"Ley de Pago de Deuda Previsional: detallan cu\u00e1ntos entrerrianos se beneficiar\u00edan - Informe Litoral\" \/>\n<meta property=\"og:description\" content=\"El proyecto de moratoria alcanza a quienes ya cumplieron la edad jubilatoria y a aquellos que est\u00e1n a menos de 10 a\u00f1os de hacerlo pero no llegar\u00edan a 30 a\u00f1os de aportes. Anses remarc\u00f3 &quot;la necesidad de que sea discutida de manera urgente&quot;.\" \/>\n<meta property=\"og:url\" content=\"https:\/\/informelitoral.com.ar\/ley-de-pago-de-deuda-previsional-detallan-cuantos-entrerrianos-se-beneficiarian\/\" \/>\n<meta property=\"og:site_name\" content=\"Informe Litoral\" \/>\n<meta property=\"article:publisher\" content=\"https:\/\/www.facebook.com\/informelitoral\/\" \/>\n<meta property=\"article:published_time\" content=\"2023-01-24T12:42:02+00:00\" \/>\n<meta property=\"article:modified_time\" content=\"2023-01-24T15:00:07+00:00\" \/>\n<meta property=\"og:image\" content=\"https:\/\/informelitoral.com.ar\/%77%70%2d%63%6f%6e%74%65%6e%74\/uploads\/2018\/01\/anses_39_0_0.jpg\" \/>\n\t<meta property=\"og:image:width\" content=\"1020\" \/>\n\t<meta property=\"og:image:height\" content=\"560\" \/>\n\t<meta property=\"og:image:type\" content=\"image\/jpeg\" \/>\n<meta name=\"author\" content=\"Sebastian\" \/>\n<meta name=\"twitter:card\" content=\"summary_large_image\" \/>\n<meta name=\"twitter:creator\" content=\"@InformeLitoral\" \/>\n<meta name=\"twitter:site\" content=\"@InformeLitoral\" \/>\n<meta name=\"twitter:label1\" content=\"Escrito por\" \/>\n\t<meta name=\"twitter:data1\" content=\"Sebastian\" \/>\n\t<meta name=\"twitter:label2\" content=\"Tiempo de lectura\" \/>\n\t<meta name=\"twitter:data2\" content=\"4 minutos\" \/>\n<script type=\"application\/ld+json\" class=\"yoast-schema-graph\">{\"@context\":\"https:\\\/\\\/schema.org\",\"@graph\":[{\"@type\":\"Article\",\"@id\":\"https:\\\/\\\/informelitoral.com.ar\\\/ley-de-pago-de-deuda-previsional-detallan-cuantos-entrerrianos-se-beneficiarian\\\/#article\",\"isPartOf\":{\"@id\":\"https:\\\/\\\/informelitoral.com.ar\\\/ley-de-pago-de-deuda-previsional-detallan-cuantos-entrerrianos-se-beneficiarian\\\/\"},\"author\":{\"name\":\"Sebastian\",\"@id\":\"https:\\\/\\\/informelitoral.com.ar\\\/#\\\/schema\\\/person\\\/f05f9f461677119578717524b127d6d5\"},\"headline\":\"Ley de Pago de Deuda Previsional: detallan cu\u00e1ntos entrerrianos se beneficiar\u00edan\",\"datePublished\":\"2023-01-24T12:42:02+00:00\",\"dateModified\":\"2023-01-24T15:00:07+00:00\",\"mainEntityOfPage\":{\"@id\":\"https:\\\/\\\/informelitoral.com.ar\\\/ley-de-pago-de-deuda-previsional-detallan-cuantos-entrerrianos-se-beneficiarian\\\/\"},\"wordCount\":747,\"commentCount\":0,\"publisher\":{\"@id\":\"https:\\\/\\\/informelitoral.com.ar\\\/#organization\"},\"image\":{\"@id\":\"https:\\\/\\\/informelitoral.com.ar\\\/ley-de-pago-de-deuda-previsional-detallan-cuantos-entrerrianos-se-beneficiarian\\\/#primaryimage\"},\"thumbnailUrl\":\"https:\\\/\\\/informelitoral.com.ar\\\/%77%70%2d%63%6f%6e%74%65%6e%74\\\/uploads\\\/2018\\\/01\\\/anses_39_0_0.jpg\",\"keywords\":[\"Anses\"],\"articleSection\":[\"Entre R\u00edos\"],\"inLanguage\":\"es\",\"potentialAction\":[{\"@type\":\"CommentAction\",\"name\":\"Comment\",\"target\":[\"https:\\\/\\\/informelitoral.com.ar\\\/ley-de-pago-de-deuda-previsional-detallan-cuantos-entrerrianos-se-beneficiarian\\\/#respond\"]}]},{\"@type\":\"WebPage\",\"@id\":\"https:\\\/\\\/informelitoral.com.ar\\\/ley-de-pago-de-deuda-previsional-detallan-cuantos-entrerrianos-se-beneficiarian\\\/\",\"url\":\"https:\\\/\\\/informelitoral.com.ar\\\/ley-de-pago-de-deuda-previsional-detallan-cuantos-entrerrianos-se-beneficiarian\\\/\",\"name\":\"Ley de Pago de Deuda Previsional: detallan cu\u00e1ntos entrerrianos se beneficiar\u00edan - Informe Litoral\",\"isPartOf\":{\"@id\":\"https:\\\/\\\/informelitoral.com.ar\\\/#website\"},\"primaryImageOfPage\":{\"@id\":\"https:\\\/\\\/informelitoral.com.ar\\\/ley-de-pago-de-deuda-previsional-detallan-cuantos-entrerrianos-se-beneficiarian\\\/#primaryimage\"},\"image\":{\"@id\":\"https:\\\/\\\/informelitoral.com.ar\\\/ley-de-pago-de-deuda-previsional-detallan-cuantos-entrerrianos-se-beneficiarian\\\/#primaryimage\"},\"thumbnailUrl\":\"https:\\\/\\\/informelitoral.com.ar\\\/%77%70%2d%63%6f%6e%74%65%6e%74\\\/uploads\\\/2018\\\/01\\\/anses_39_0_0.jpg\",\"datePublished\":\"2023-01-24T12:42:02+00:00\",\"dateModified\":\"2023-01-24T15:00:07+00:00\",\"breadcrumb\":{\"@id\":\"https:\\\/\\\/informelitoral.com.ar\\\/ley-de-pago-de-deuda-previsional-detallan-cuantos-entrerrianos-se-beneficiarian\\\/#breadcrumb\"},\"inLanguage\":\"es\",\"potentialAction\":[{\"@type\":\"ReadAction\",\"target\":[\"https:\\\/\\\/informelitoral.com.ar\\\/ley-de-pago-de-deuda-previsional-detallan-cuantos-entrerrianos-se-beneficiarian\\\/\"]}]},{\"@type\":\"ImageObject\",\"inLanguage\":\"es\",\"@id\":\"https:\\\/\\\/informelitoral.com.ar\\\/ley-de-pago-de-deuda-previsional-detallan-cuantos-entrerrianos-se-beneficiarian\\\/#primaryimage\",\"url\":\"https:\\\/\\\/informelitoral.com.ar\\\/%77%70%2d%63%6f%6e%74%65%6e%74\\\/uploads\\\/2018\\\/01\\\/anses_39_0_0.jpg\",\"contentUrl\":\"https:\\\/\\\/informelitoral.com.ar\\\/%77%70%2d%63%6f%6e%74%65%6e%74\\\/uploads\\\/2018\\\/01\\\/anses_39_0_0.jpg\",\"width\":1020,\"height\":560},{\"@type\":\"BreadcrumbList\",\"@id\":\"https:\\\/\\\/informelitoral.com.ar\\\/ley-de-pago-de-deuda-previsional-detallan-cuantos-entrerrianos-se-beneficiarian\\\/#breadcrumb\",\"itemListElement\":[{\"@type\":\"ListItem\",\"position\":1,\"name\":\"Portada\",\"item\":\"https:\\\/\\\/informelitoral.com.ar\\\/\"},{\"@type\":\"ListItem\",\"position\":2,\"name\":\"Ley de Pago de Deuda Previsional: detallan cu\u00e1ntos entrerrianos se beneficiar\u00edan\"}]},{\"@type\":\"WebSite\",\"@id\":\"https:\\\/\\\/informelitoral.com.ar\\\/#website\",\"url\":\"https:\\\/\\\/informelitoral.com.ar\\\/\",\"name\":\"Informe Litoral\",\"description\":\"&quot;Nos informamos&quot; \",\"publisher\":{\"@id\":\"https:\\\/\\\/informelitoral.com.ar\\\/#organization\"},\"potentialAction\":[{\"@type\":\"SearchAction\",\"target\":{\"@type\":\"EntryPoint\",\"urlTemplate\":\"https:\\\/\\\/informelitoral.com.ar\\\/?s={search_term_string}\"},\"query-input\":{\"@type\":\"PropertyValueSpecification\",\"valueRequired\":true,\"valueName\":\"search_term_string\"}}],\"inLanguage\":\"es\"},{\"@type\":\"Organization\",\"@id\":\"https:\\\/\\\/informelitoral.com.ar\\\/#organization\",\"name\":\"Informe Litoral\",\"url\":\"https:\\\/\\\/informelitoral.com.ar\\\/\",\"logo\":{\"@type\":\"ImageObject\",\"inLanguage\":\"es\",\"@id\":\"https:\\\/\\\/informelitoral.com.ar\\\/#\\\/schema\\\/logo\\\/image\\\/\",\"url\":\"https:\\\/\\\/informelitoral.com.ar\\\/%77%70%2d%63%6f%6e%74%65%6e%74\\\/uploads\\\/2021\\\/01\\\/circulo.png\",\"contentUrl\":\"https:\\\/\\\/informelitoral.com.ar\\\/%77%70%2d%63%6f%6e%74%65%6e%74\\\/uploads\\\/2021\\\/01\\\/circulo.png\",\"width\":723,\"height\":731,\"caption\":\"Informe Litoral\"},\"image\":{\"@id\":\"https:\\\/\\\/informelitoral.com.ar\\\/#\\\/schema\\\/logo\\\/image\\\/\"},\"sameAs\":[\"https:\\\/\\\/www.facebook.com\\\/informelitoral\\\/\",\"https:\\\/\\\/x.com\\\/InformeLitoral\",\"https:\\\/\\\/www.instagram.com\\\/informelitoral\\\/\",\"https:\\\/\\\/www.youtube.com\\\/channel\\\/UCua4Qvz8Icb6MYqhoq9xLXw\"]},{\"@type\":\"Person\",\"@id\":\"https:\\\/\\\/informelitoral.com.ar\\\/#\\\/schema\\\/person\\\/f05f9f461677119578717524b127d6d5\",\"name\":\"Sebastian\",\"image\":{\"@type\":\"ImageObject\",\"inLanguage\":\"es\",\"@id\":\"https:\\\/\\\/secure.gravatar.com\\\/avatar\\\/b71bf7481d447dfb9583c7f2798e7cc64de6efb9067b74633ed8c31059a3bd82?s=96&d=mm&r=g\",\"url\":\"https:\\\/\\\/secure.gravatar.com\\\/avatar\\\/b71bf7481d447dfb9583c7f2798e7cc64de6efb9067b74633ed8c31059a3bd82?s=96&d=mm&r=g\",\"contentUrl\":\"https:\\\/\\\/secure.gravatar.com\\\/avatar\\\/b71bf7481d447dfb9583c7f2798e7cc64de6efb9067b74633ed8c31059a3bd82?s=96&d=mm&r=g\",\"caption\":\"Sebastian\"},\"url\":\"https:\\\/\\\/informelitoral.com.ar\\\/author\\\/sebastian\\\/\"}]}<\/script>","yoast_head_json":{"title":"Ley de Pago de Deuda Previsional: detallan cu\u00e1ntos entrerrianos se beneficiar\u00edan - Informe Litoral","robots":{"index":"index","follow":"follow","max-snippet":"max-snippet:-1","max-image-preview":"max-image-preview:large","max-video-preview":"max-video-preview:-1"},"canonical":"https:\/\/informelitoral.com.ar\/ley-de-pago-de-deuda-previsional-detallan-cuantos-entrerrianos-se-beneficiarian\/","og_locale":"es_ES","og_type":"article","og_title":"Ley de Pago de Deuda Previsional: detallan cu\u00e1ntos entrerrianos se beneficiar\u00edan - Informe Litoral","og_description":"El proyecto de moratoria alcanza a quienes ya cumplieron la edad jubilatoria y a aquellos que est\u00e1n a menos de 10 a\u00f1os de hacerlo pero no llegar\u00edan a 30 a\u00f1os de aportes. Anses remarc\u00f3 \"la necesidad de que sea discutida de manera urgente\".","og_url":"https:\/\/informelitoral.com.ar\/ley-de-pago-de-deuda-previsional-detallan-cuantos-entrerrianos-se-beneficiarian\/","og_site_name":"Informe Litoral","article_publisher":"https:\/\/www.facebook.com\/informelitoral\/","article_published_time":"2023-01-24T12:42:02+00:00","article_modified_time":"2023-01-24T15:00:07+00:00","og_image":[{"width":1020,"height":560,"url":"https:\/\/informelitoral.com.ar\/%77%70%2d%63%6f%6e%74%65%6e%74\/uploads\/2018\/01\/anses_39_0_0.jpg","type":"image\/jpeg"}],"author":"Sebastian","twitter_card":"summary_large_image","twitter_creator":"@InformeLitoral","twitter_site":"@InformeLitoral","twitter_misc":{"Escrito por":"Sebastian","Tiempo de lectura":"4 minutos"},"schema":{"@context":"https:\/\/schema.org","@graph":[{"@type":"Article","@id":"https:\/\/informelitoral.com.ar\/ley-de-pago-de-deuda-previsional-detallan-cuantos-entrerrianos-se-beneficiarian\/#article","isPartOf":{"@id":"https:\/\/informelitoral.com.ar\/ley-de-pago-de-deuda-previsional-detallan-cuantos-entrerrianos-se-beneficiarian\/"},"author":{"name":"Sebastian","@id":"https:\/\/informelitoral.com.ar\/#\/schema\/person\/f05f9f461677119578717524b127d6d5"},"headline":"Ley de Pago de Deuda Previsional: detallan cu\u00e1ntos entrerrianos se beneficiar\u00edan","datePublished":"2023-01-24T12:42:02+00:00","dateModified":"2023-01-24T15:00:07+00:00","mainEntityOfPage":{"@id":"https:\/\/informelitoral.com.ar\/ley-de-pago-de-deuda-previsional-detallan-cuantos-entrerrianos-se-beneficiarian\/"},"wordCount":747,"commentCount":0,"publisher":{"@id":"https:\/\/informelitoral.com.ar\/#organization"},"image":{"@id":"https:\/\/informelitoral.com.ar\/ley-de-pago-de-deuda-previsional-detallan-cuantos-entrerrianos-se-beneficiarian\/#primaryimage"},"thumbnailUrl":"https:\/\/informelitoral.com.ar\/%77%70%2d%63%6f%6e%74%65%6e%74\/uploads\/2018\/01\/anses_39_0_0.jpg","keywords":["Anses"],"articleSection":["Entre R\u00edos"],"inLanguage":"es","potentialAction":[{"@type":"CommentAction","name":"Comment","target":["https:\/\/informelitoral.com.ar\/ley-de-pago-de-deuda-previsional-detallan-cuantos-entrerrianos-se-beneficiarian\/#respond"]}]},{"@type":"WebPage","@id":"https:\/\/informelitoral.com.ar\/ley-de-pago-de-deuda-previsional-detallan-cuantos-entrerrianos-se-beneficiarian\/","url":"https:\/\/informelitoral.com.ar\/ley-de-pago-de-deuda-previsional-detallan-cuantos-entrerrianos-se-beneficiarian\/","name":"Ley de Pago de Deuda Previsional: detallan cu\u00e1ntos entrerrianos se beneficiar\u00edan - Informe Litoral","isPartOf":{"@id":"https:\/\/informelitoral.com.ar\/#website"},"primaryImageOfPage":{"@id":"https:\/\/informelitoral.com.ar\/ley-de-pago-de-deuda-previsional-detallan-cuantos-entrerrianos-se-beneficiarian\/#primaryimage"},"image":{"@id":"https:\/\/informelitoral.com.ar\/ley-de-pago-de-deuda-previsional-detallan-cuantos-entrerrianos-se-beneficiarian\/#primaryimage"},"thumbnailUrl":"https:\/\/informelitoral.com.ar\/%77%70%2d%63%6f%6e%74%65%6e%74\/uploads\/2018\/01\/anses_39_0_0.jpg","datePublished":"2023-01-24T12:42:02+00:00","dateModified":"2023-01-24T15:00:07+00:00","breadcrumb":{"@id":"https:\/\/informelitoral.com.ar\/ley-de-pago-de-deuda-previsional-detallan-cuantos-entrerrianos-se-beneficiarian\/#breadcrumb"},"inLanguage":"es","potentialAction":[{"@type":"ReadAction","target":["https:\/\/informelitoral.com.ar\/ley-de-pago-de-deuda-previsional-detallan-cuantos-entrerrianos-se-beneficiarian\/"]}]},{"@type":"ImageObject","inLanguage":"es","@id":"https:\/\/informelitoral.com.ar\/ley-de-pago-de-deuda-previsional-detallan-cuantos-entrerrianos-se-beneficiarian\/#primaryimage","url":"https:\/\/informelitoral.com.ar\/%77%70%2d%63%6f%6e%74%65%6e%74\/uploads\/2018\/01\/anses_39_0_0.jpg","contentUrl":"https:\/\/informelitoral.com.ar\/%77%70%2d%63%6f%6e%74%65%6e%74\/uploads\/2018\/01\/anses_39_0_0.jpg","width":1020,"height":560},{"@type":"BreadcrumbList","@id":"https:\/\/informelitoral.com.ar\/ley-de-pago-de-deuda-previsional-detallan-cuantos-entrerrianos-se-beneficiarian\/#breadcrumb","itemListElement":[{"@type":"ListItem","position":1,"name":"Portada","item":"https:\/\/informelitoral.com.ar\/"},{"@type":"ListItem","position":2,"name":"Ley de Pago de Deuda Previsional: detallan cu\u00e1ntos entrerrianos se beneficiar\u00edan"}]},{"@type":"WebSite","@id":"https:\/\/informelitoral.com.ar\/#website","url":"https:\/\/informelitoral.com.ar\/","name":"Informe Litoral","description":"&quot;Nos informamos&quot; ","publisher":{"@id":"https:\/\/informelitoral.com.ar\/#organization"},"potentialAction":[{"@type":"SearchAction","target":{"@type":"EntryPoint","urlTemplate":"https:\/\/informelitoral.com.ar\/?s={search_term_string}"},"query-input":{"@type":"PropertyValueSpecification","valueRequired":true,"valueName":"search_term_string"}}],"inLanguage":"es"},{"@type":"Organization","@id":"https:\/\/informelitoral.com.ar\/#organization","name":"Informe Litoral","url":"https:\/\/informelitoral.com.ar\/","logo":{"@type":"ImageObject","inLanguage":"es","@id":"https:\/\/informelitoral.com.ar\/#\/schema\/logo\/image\/","url":"https:\/\/informelitoral.com.ar\/%77%70%2d%63%6f%6e%74%65%6e%74\/uploads\/2021\/01\/circulo.png","contentUrl":"https:\/\/informelitoral.com.ar\/%77%70%2d%63%6f%6e%74%65%6e%74\/uploads\/2021\/01\/circulo.png","width":723,"height":731,"caption":"Informe Litoral"},"image":{"@id":"https:\/\/informelitoral.com.ar\/#\/schema\/logo\/image\/"},"sameAs":["https:\/\/www.facebook.com\/informelitoral\/","https:\/\/x.com\/InformeLitoral","https:\/\/www.instagram.com\/informelitoral\/","https:\/\/www.youtube.com\/channel\/UCua4Qvz8Icb6MYqhoq9xLXw"]},{"@type":"Person","@id":"https:\/\/informelitoral.com.ar\/#\/schema\/person\/f05f9f461677119578717524b127d6d5","name":"Sebastian","image":{"@type":"ImageObject","inLanguage":"es","@id":"https:\/\/secure.gravatar.com\/avatar\/b71bf7481d447dfb9583c7f2798e7cc64de6efb9067b74633ed8c31059a3bd82?s=96&d=mm&r=g","url":"https:\/\/secure.gravatar.com\/avatar\/b71bf7481d447dfb9583c7f2798e7cc64de6efb9067b74633ed8c31059a3bd82?s=96&d=mm&r=g","contentUrl":"https:\/\/secure.gravatar.com\/avatar\/b71bf7481d447dfb9583c7f2798e7cc64de6efb9067b74633ed8c31059a3bd82?s=96&d=mm&r=g","caption":"Sebastian"},"url":"https:\/\/informelitoral.com.ar\/author\/sebastian\/"}]}},"_links":{"self":[{"href":"https:\/\/informelitoral.com.ar\/%77%70%2d%6a%73%6f%6e\/wp\/v2\/posts\/112928","targetHints":{"allow":["GET"]}}],"collection":[{"href":"https:\/\/informelitoral.com.ar\/%77%70%2d%6a%73%6f%6e\/wp\/v2\/posts"}],"about":[{"href":"https:\/\/informelitoral.com.ar\/%77%70%2d%6a%73%6f%6e\/wp\/v2\/types\/post"}],"author":[{"embeddable":true,"href":"https:\/\/informelitoral.com.ar\/%77%70%2d%6a%73%6f%6e\/wp\/v2\/users\/8"}],"replies":[{"embeddable":true,"href":"https:\/\/informelitoral.com.ar\/%77%70%2d%6a%73%6f%6e\/wp\/v2\/comments?post=112928"}],"version-history":[{"count":0,"href":"https:\/\/informelitoral.com.ar\/%77%70%2d%6a%73%6f%6e\/wp\/v2\/posts\/112928\/revisions"}],"wp:featuredmedia":[{"embeddable":true,"href":"https:\/\/informelitoral.com.ar\/%77%70%2d%6a%73%6f%6e\/wp\/v2\/media\/24481"}],"wp:attachment":[{"href":"https:\/\/informelitoral.com.ar\/%77%70%2d%6a%73%6f%6e\/wp\/v2\/media?parent=112928"}],"wp:term":[{"taxonomy":"category","embeddable":true,"href":"https:\/\/informelitoral.com.ar\/%77%70%2d%6a%73%6f%6e\/wp\/v2\/categories?post=112928"},{"taxonomy":"post_tag","embeddable":true,"href":"https:\/\/informelitoral.com.ar\/%77%70%2d%6a%73%6f%6e\/wp\/v2\/tags?post=112928"}],"curies":[{"name":"wp","href":"https:\/\/api.w.org\/{rel}","templated":true}]}}