{"id":112913,"date":"2023-01-24T09:15:57","date_gmt":"2023-01-24T12:15:57","guid":{"rendered":"https:\/\/www.informelitoral.com.ar\/?p=112913"},"modified":"2023-01-24T11:58:12","modified_gmt":"2023-01-24T14:58:12","slug":"el-inta-ratifico-que-se-espera-una-mayor-frecuencia-de-precipitaciones","status":"publish","type":"post","link":"https:\/\/informelitoral.com.ar\/el-inta-ratifico-que-se-espera-una-mayor-frecuencia-de-precipitaciones\/","title":{"rendered":"El INTA ratific\u00f3 que se espera una mayor frecuencia de precipitaciones"},"content":{"rendered":"<div class=\"cuerpo fullpost__cuerpo\">\n<p>El director del Centro de Investigaci\u00f3n de Recursos Naturales del INTA, <strong>Pablo M\u00e9rcuri<\/strong>, expres\u00f3 hoy que est\u00e1n d\u00e1ndose las condiciones clim\u00e1ticas como para poder proyectar que en el trimestre febrero, marzo, abril se produzca \u201cuna mayor frecuencia de precipitaciones\u201d en el territorio nacional, lo que significar\u00e1 un \u00abaliciente\u201d en el escenario de sequ\u00eda imperante.<\/p>\n<p>\u201cHacia mediados del mes de enero las condiciones de los forzantes oce\u00e1nicos nos indican un gradual debilitamiento del enfriamiento en el Pac\u00edfico y esto llevar\u00eda a que en el pr\u00f3ximo trimestre febrero, marzo, abril las condiciones vuelvan a la neutralidad\u201d, expres\u00f3 M\u00e9rcuri.<\/p>\n<p>De tal forma, indic\u00f3 que \u201ces de esperar en las pr\u00f3ximas semanas un desacople de la circulaci\u00f3n atmosf\u00e9rica de esta condici\u00f3n de enfriamiento del Pac\u00edfico y un retorno a una mejor circulaci\u00f3n que favorezca nuevamente una mayor frecuencia de precipitaciones sobre nuestro territorio\u201d.<\/p>\n<p>Para M\u00e9rcuri, \u201cen el corto plazo, tenemos una ventana de oportunidad de eventos de precipitaci\u00f3n por diferentes condiciones atmosf\u00e9ricas que confluyen en los pr\u00f3ximos d\u00edas y esto va a generar al menos dos, tres, cuatro diferentes situaciones de lluvias y tormentas en muchas \u00e1reas productivas del pa\u00eds\u201d, remarc\u00f3 a T\u00e9lam.<\/p>\n<p>Por \u00faltimo, explic\u00f3 que \u201cesto es una predicci\u00f3n de los principales modelos, una proyecci\u00f3n probabil\u00edstica\u201d, y es \u201cun aliciente\u201d, recalc\u00f3, pero a la vez advirti\u00f3 que \u201cno significa, por el momento, la finalizaci\u00f3n de esta gran sequ\u00eda que hemos sufrido ya durante tres campa\u00f1as consecutivas\u201d.<\/p>\n<\/div>\n","protected":false},"excerpt":{"rendered":"<p>Pronostic\u00f3 \u201cal menos dos, tres, cuatro diferentes situaciones de lluvias y tormentas\u201d. Dio detalles sobre el fen\u00f3meno que significar\u00e1 un aliciente ante la sequ\u00eda.<\/p>\n","protected":false},"author":8,"featured_media":26603,"comment_status":"open","ping_status":"open","sticky":false,"template":"","format":"standard","meta":{"fifu_image_url":"","fifu_image_alt":"","footnotes":""},"categories":[10],"tags":[160,59],"class_list":{"0":"post-112913","1":"post","2":"type-post","3":"status-publish","4":"format-standard","5":"has-post-thumbnail","7":"category-campo","8":"tag-inta","9":"tag-sequia"},"yoast_head":"<title>El INTA ratific\u00f3 que se espera una mayor frecuencia de precipitaciones - Informe Litoral<\/title>\n<meta name=\"robots\" content=\"index, follow, max-snippet:-1, max-image-preview:large, max-video-preview:-1\" \/>\n<link rel=\"canonical\" href=\"https:\/\/informelitoral.com.ar\/el-inta-ratifico-que-se-espera-una-mayor-frecuencia-de-precipitaciones\/\" \/>\n<meta property=\"og:locale\" content=\"es_ES\" \/>\n<meta property=\"og:type\" content=\"article\" \/>\n<meta property=\"og:title\" content=\"El INTA ratific\u00f3 que se espera una mayor frecuencia de precipitaciones - Informe Litoral\" \/>\n<meta property=\"og:description\" content=\"Pronostic\u00f3 \u201cal menos dos, tres, cuatro diferentes situaciones de lluvias y tormentas\u201d. Dio detalles sobre el fen\u00f3meno que significar\u00e1 un aliciente ante la sequ\u00eda.\" \/>\n<meta property=\"og:url\" content=\"https:\/\/informelitoral.com.ar\/el-inta-ratifico-que-se-espera-una-mayor-frecuencia-de-precipitaciones\/\" \/>\n<meta property=\"og:site_name\" content=\"Informe Litoral\" \/>\n<meta property=\"article:publisher\" content=\"https:\/\/www.facebook.com\/informelitoral\/\" \/>\n<meta property=\"article:published_time\" content=\"2023-01-24T12:15:57+00:00\" \/>\n<meta property=\"article:modified_time\" content=\"2023-01-24T14:58:12+00:00\" \/>\n<meta property=\"og:image\" content=\"https:\/\/informelitoral.com.ar\/%77%70%2d%63%6f%6e%74%65%6e%74\/uploads\/2018\/05\/lluvias.jpg\" \/>\n\t<meta property=\"og:image:width\" content=\"800\" \/>\n\t<meta property=\"og:image:height\" content=\"500\" \/>\n\t<meta property=\"og:image:type\" content=\"image\/jpeg\" \/>\n<meta name=\"author\" content=\"Sebastian\" \/>\n<meta name=\"twitter:card\" content=\"summary_large_image\" \/>\n<meta name=\"twitter:creator\" content=\"@InformeLitoral\" \/>\n<meta name=\"twitter:site\" content=\"@InformeLitoral\" \/>\n<meta name=\"twitter:label1\" content=\"Escrito por\" \/>\n\t<meta name=\"twitter:data1\" content=\"Sebastian\" \/>\n\t<meta name=\"twitter:label2\" content=\"Tiempo de lectura\" \/>\n\t<meta name=\"twitter:data2\" content=\"1 minuto\" \/>\n<script type=\"application\/ld+json\" class=\"yoast-schema-graph\">{\"@context\":\"https:\\\/\\\/schema.org\",\"@graph\":[{\"@type\":\"Article\",\"@id\":\"https:\\\/\\\/informelitoral.com.ar\\\/el-inta-ratifico-que-se-espera-una-mayor-frecuencia-de-precipitaciones\\\/#article\",\"isPartOf\":{\"@id\":\"https:\\\/\\\/informelitoral.com.ar\\\/el-inta-ratifico-que-se-espera-una-mayor-frecuencia-de-precipitaciones\\\/\"},\"author\":{\"name\":\"Sebastian\",\"@id\":\"https:\\\/\\\/informelitoral.com.ar\\\/#\\\/schema\\\/person\\\/f05f9f461677119578717524b127d6d5\"},\"headline\":\"El INTA ratific\u00f3 que se espera una mayor frecuencia de precipitaciones\",\"datePublished\":\"2023-01-24T12:15:57+00:00\",\"dateModified\":\"2023-01-24T14:58:12+00:00\",\"mainEntityOfPage\":{\"@id\":\"https:\\\/\\\/informelitoral.com.ar\\\/el-inta-ratifico-que-se-espera-una-mayor-frecuencia-de-precipitaciones\\\/\"},\"wordCount\":275,\"commentCount\":0,\"publisher\":{\"@id\":\"https:\\\/\\\/informelitoral.com.ar\\\/#organization\"},\"image\":{\"@id\":\"https:\\\/\\\/informelitoral.com.ar\\\/el-inta-ratifico-que-se-espera-una-mayor-frecuencia-de-precipitaciones\\\/#primaryimage\"},\"thumbnailUrl\":\"https:\\\/\\\/informelitoral.com.ar\\\/%77%70%2d%63%6f%6e%74%65%6e%74\\\/uploads\\\/2018\\\/05\\\/lluvias.jpg\",\"keywords\":[\"INTA\",\"Sequ\u00eda\"],\"articleSection\":[\"Campo\"],\"inLanguage\":\"es\",\"potentialAction\":[{\"@type\":\"CommentAction\",\"name\":\"Comment\",\"target\":[\"https:\\\/\\\/informelitoral.com.ar\\\/el-inta-ratifico-que-se-espera-una-mayor-frecuencia-de-precipitaciones\\\/#respond\"]}]},{\"@type\":\"WebPage\",\"@id\":\"https:\\\/\\\/informelitoral.com.ar\\\/el-inta-ratifico-que-se-espera-una-mayor-frecuencia-de-precipitaciones\\\/\",\"url\":\"https:\\\/\\\/informelitoral.com.ar\\\/el-inta-ratifico-que-se-espera-una-mayor-frecuencia-de-precipitaciones\\\/\",\"name\":\"El INTA ratific\u00f3 que se espera una mayor frecuencia de precipitaciones - Informe Litoral\",\"isPartOf\":{\"@id\":\"https:\\\/\\\/informelitoral.com.ar\\\/#website\"},\"primaryImageOfPage\":{\"@id\":\"https:\\\/\\\/informelitoral.com.ar\\\/el-inta-ratifico-que-se-espera-una-mayor-frecuencia-de-precipitaciones\\\/#primaryimage\"},\"image\":{\"@id\":\"https:\\\/\\\/informelitoral.com.ar\\\/el-inta-ratifico-que-se-espera-una-mayor-frecuencia-de-precipitaciones\\\/#primaryimage\"},\"thumbnailUrl\":\"https:\\\/\\\/informelitoral.com.ar\\\/%77%70%2d%63%6f%6e%74%65%6e%74\\\/uploads\\\/2018\\\/05\\\/lluvias.jpg\",\"datePublished\":\"2023-01-24T12:15:57+00:00\",\"dateModified\":\"2023-01-24T14:58:12+00:00\",\"breadcrumb\":{\"@id\":\"https:\\\/\\\/informelitoral.com.ar\\\/el-inta-ratifico-que-se-espera-una-mayor-frecuencia-de-precipitaciones\\\/#breadcrumb\"},\"inLanguage\":\"es\",\"potentialAction\":[{\"@type\":\"ReadAction\",\"target\":[\"https:\\\/\\\/informelitoral.com.ar\\\/el-inta-ratifico-que-se-espera-una-mayor-frecuencia-de-precipitaciones\\\/\"]}]},{\"@type\":\"ImageObject\",\"inLanguage\":\"es\",\"@id\":\"https:\\\/\\\/informelitoral.com.ar\\\/el-inta-ratifico-que-se-espera-una-mayor-frecuencia-de-precipitaciones\\\/#primaryimage\",\"url\":\"https:\\\/\\\/informelitoral.com.ar\\\/%77%70%2d%63%6f%6e%74%65%6e%74\\\/uploads\\\/2018\\\/05\\\/lluvias.jpg\",\"contentUrl\":\"https:\\\/\\\/informelitoral.com.ar\\\/%77%70%2d%63%6f%6e%74%65%6e%74\\\/uploads\\\/2018\\\/05\\\/lluvias.jpg\",\"width\":800,\"height\":500},{\"@type\":\"BreadcrumbList\",\"@id\":\"https:\\\/\\\/informelitoral.com.ar\\\/el-inta-ratifico-que-se-espera-una-mayor-frecuencia-de-precipitaciones\\\/#breadcrumb\",\"itemListElement\":[{\"@type\":\"ListItem\",\"position\":1,\"name\":\"Portada\",\"item\":\"https:\\\/\\\/informelitoral.com.ar\\\/\"},{\"@type\":\"ListItem\",\"position\":2,\"name\":\"El INTA ratific\u00f3 que se espera una mayor frecuencia de precipitaciones\"}]},{\"@type\":\"WebSite\",\"@id\":\"https:\\\/\\\/informelitoral.com.ar\\\/#website\",\"url\":\"https:\\\/\\\/informelitoral.com.ar\\\/\",\"name\":\"Informe Litoral\",\"description\":\"&quot;Nos informamos&quot; \",\"publisher\":{\"@id\":\"https:\\\/\\\/informelitoral.com.ar\\\/#organization\"},\"potentialAction\":[{\"@type\":\"SearchAction\",\"target\":{\"@type\":\"EntryPoint\",\"urlTemplate\":\"https:\\\/\\\/informelitoral.com.ar\\\/?s={search_term_string}\"},\"query-input\":{\"@type\":\"PropertyValueSpecification\",\"valueRequired\":true,\"valueName\":\"search_term_string\"}}],\"inLanguage\":\"es\"},{\"@type\":\"Organization\",\"@id\":\"https:\\\/\\\/informelitoral.com.ar\\\/#organization\",\"name\":\"Informe Litoral\",\"url\":\"https:\\\/\\\/informelitoral.com.ar\\\/\",\"logo\":{\"@type\":\"ImageObject\",\"inLanguage\":\"es\",\"@id\":\"https:\\\/\\\/informelitoral.com.ar\\\/#\\\/schema\\\/logo\\\/image\\\/\",\"url\":\"https:\\\/\\\/informelitoral.com.ar\\\/%77%70%2d%63%6f%6e%74%65%6e%74\\\/uploads\\\/2021\\\/01\\\/circulo.png\",\"contentUrl\":\"https:\\\/\\\/informelitoral.com.ar\\\/%77%70%2d%63%6f%6e%74%65%6e%74\\\/uploads\\\/2021\\\/01\\\/circulo.png\",\"width\":723,\"height\":731,\"caption\":\"Informe Litoral\"},\"image\":{\"@id\":\"https:\\\/\\\/informelitoral.com.ar\\\/#\\\/schema\\\/logo\\\/image\\\/\"},\"sameAs\":[\"https:\\\/\\\/www.facebook.com\\\/informelitoral\\\/\",\"https:\\\/\\\/x.com\\\/InformeLitoral\",\"https:\\\/\\\/www.instagram.com\\\/informelitoral\\\/\",\"https:\\\/\\\/www.youtube.com\\\/channel\\\/UCua4Qvz8Icb6MYqhoq9xLXw\"]},{\"@type\":\"Person\",\"@id\":\"https:\\\/\\\/informelitoral.com.ar\\\/#\\\/schema\\\/person\\\/f05f9f461677119578717524b127d6d5\",\"name\":\"Sebastian\",\"image\":{\"@type\":\"ImageObject\",\"inLanguage\":\"es\",\"@id\":\"https:\\\/\\\/secure.gravatar.com\\\/avatar\\\/b71bf7481d447dfb9583c7f2798e7cc64de6efb9067b74633ed8c31059a3bd82?s=96&d=mm&r=g\",\"url\":\"https:\\\/\\\/secure.gravatar.com\\\/avatar\\\/b71bf7481d447dfb9583c7f2798e7cc64de6efb9067b74633ed8c31059a3bd82?s=96&d=mm&r=g\",\"contentUrl\":\"https:\\\/\\\/secure.gravatar.com\\\/avatar\\\/b71bf7481d447dfb9583c7f2798e7cc64de6efb9067b74633ed8c31059a3bd82?s=96&d=mm&r=g\",\"caption\":\"Sebastian\"},\"url\":\"https:\\\/\\\/informelitoral.com.ar\\\/author\\\/sebastian\\\/\"}]}<\/script>","yoast_head_json":{"title":"El INTA ratific\u00f3 que se espera una mayor frecuencia de precipitaciones - Informe Litoral","robots":{"index":"index","follow":"follow","max-snippet":"max-snippet:-1","max-image-preview":"max-image-preview:large","max-video-preview":"max-video-preview:-1"},"canonical":"https:\/\/informelitoral.com.ar\/el-inta-ratifico-que-se-espera-una-mayor-frecuencia-de-precipitaciones\/","og_locale":"es_ES","og_type":"article","og_title":"El INTA ratific\u00f3 que se espera una mayor frecuencia de precipitaciones - Informe Litoral","og_description":"Pronostic\u00f3 \u201cal menos dos, tres, cuatro diferentes situaciones de lluvias y tormentas\u201d. Dio detalles sobre el fen\u00f3meno que significar\u00e1 un aliciente ante la sequ\u00eda.","og_url":"https:\/\/informelitoral.com.ar\/el-inta-ratifico-que-se-espera-una-mayor-frecuencia-de-precipitaciones\/","og_site_name":"Informe Litoral","article_publisher":"https:\/\/www.facebook.com\/informelitoral\/","article_published_time":"2023-01-24T12:15:57+00:00","article_modified_time":"2023-01-24T14:58:12+00:00","og_image":[{"width":800,"height":500,"url":"https:\/\/informelitoral.com.ar\/%77%70%2d%63%6f%6e%74%65%6e%74\/uploads\/2018\/05\/lluvias.jpg","type":"image\/jpeg"}],"author":"Sebastian","twitter_card":"summary_large_image","twitter_creator":"@InformeLitoral","twitter_site":"@InformeLitoral","twitter_misc":{"Escrito por":"Sebastian","Tiempo de lectura":"1 minuto"},"schema":{"@context":"https:\/\/schema.org","@graph":[{"@type":"Article","@id":"https:\/\/informelitoral.com.ar\/el-inta-ratifico-que-se-espera-una-mayor-frecuencia-de-precipitaciones\/#article","isPartOf":{"@id":"https:\/\/informelitoral.com.ar\/el-inta-ratifico-que-se-espera-una-mayor-frecuencia-de-precipitaciones\/"},"author":{"name":"Sebastian","@id":"https:\/\/informelitoral.com.ar\/#\/schema\/person\/f05f9f461677119578717524b127d6d5"},"headline":"El INTA ratific\u00f3 que se espera una mayor frecuencia de precipitaciones","datePublished":"2023-01-24T12:15:57+00:00","dateModified":"2023-01-24T14:58:12+00:00","mainEntityOfPage":{"@id":"https:\/\/informelitoral.com.ar\/el-inta-ratifico-que-se-espera-una-mayor-frecuencia-de-precipitaciones\/"},"wordCount":275,"commentCount":0,"publisher":{"@id":"https:\/\/informelitoral.com.ar\/#organization"},"image":{"@id":"https:\/\/informelitoral.com.ar\/el-inta-ratifico-que-se-espera-una-mayor-frecuencia-de-precipitaciones\/#primaryimage"},"thumbnailUrl":"https:\/\/informelitoral.com.ar\/%77%70%2d%63%6f%6e%74%65%6e%74\/uploads\/2018\/05\/lluvias.jpg","keywords":["INTA","Sequ\u00eda"],"articleSection":["Campo"],"inLanguage":"es","potentialAction":[{"@type":"CommentAction","name":"Comment","target":["https:\/\/informelitoral.com.ar\/el-inta-ratifico-que-se-espera-una-mayor-frecuencia-de-precipitaciones\/#respond"]}]},{"@type":"WebPage","@id":"https:\/\/informelitoral.com.ar\/el-inta-ratifico-que-se-espera-una-mayor-frecuencia-de-precipitaciones\/","url":"https:\/\/informelitoral.com.ar\/el-inta-ratifico-que-se-espera-una-mayor-frecuencia-de-precipitaciones\/","name":"El INTA ratific\u00f3 que se espera una mayor frecuencia de precipitaciones - Informe Litoral","isPartOf":{"@id":"https:\/\/informelitoral.com.ar\/#website"},"primaryImageOfPage":{"@id":"https:\/\/informelitoral.com.ar\/el-inta-ratifico-que-se-espera-una-mayor-frecuencia-de-precipitaciones\/#primaryimage"},"image":{"@id":"https:\/\/informelitoral.com.ar\/el-inta-ratifico-que-se-espera-una-mayor-frecuencia-de-precipitaciones\/#primaryimage"},"thumbnailUrl":"https:\/\/informelitoral.com.ar\/%77%70%2d%63%6f%6e%74%65%6e%74\/uploads\/2018\/05\/lluvias.jpg","datePublished":"2023-01-24T12:15:57+00:00","dateModified":"2023-01-24T14:58:12+00:00","breadcrumb":{"@id":"https:\/\/informelitoral.com.ar\/el-inta-ratifico-que-se-espera-una-mayor-frecuencia-de-precipitaciones\/#breadcrumb"},"inLanguage":"es","potentialAction":[{"@type":"ReadAction","target":["https:\/\/informelitoral.com.ar\/el-inta-ratifico-que-se-espera-una-mayor-frecuencia-de-precipitaciones\/"]}]},{"@type":"ImageObject","inLanguage":"es","@id":"https:\/\/informelitoral.com.ar\/el-inta-ratifico-que-se-espera-una-mayor-frecuencia-de-precipitaciones\/#primaryimage","url":"https:\/\/informelitoral.com.ar\/%77%70%2d%63%6f%6e%74%65%6e%74\/uploads\/2018\/05\/lluvias.jpg","contentUrl":"https:\/\/informelitoral.com.ar\/%77%70%2d%63%6f%6e%74%65%6e%74\/uploads\/2018\/05\/lluvias.jpg","width":800,"height":500},{"@type":"BreadcrumbList","@id":"https:\/\/informelitoral.com.ar\/el-inta-ratifico-que-se-espera-una-mayor-frecuencia-de-precipitaciones\/#breadcrumb","itemListElement":[{"@type":"ListItem","position":1,"name":"Portada","item":"https:\/\/informelitoral.com.ar\/"},{"@type":"ListItem","position":2,"name":"El INTA ratific\u00f3 que se espera una mayor frecuencia de precipitaciones"}]},{"@type":"WebSite","@id":"https:\/\/informelitoral.com.ar\/#website","url":"https:\/\/informelitoral.com.ar\/","name":"Informe Litoral","description":"&quot;Nos informamos&quot; ","publisher":{"@id":"https:\/\/informelitoral.com.ar\/#organization"},"potentialAction":[{"@type":"SearchAction","target":{"@type":"EntryPoint","urlTemplate":"https:\/\/informelitoral.com.ar\/?s={search_term_string}"},"query-input":{"@type":"PropertyValueSpecification","valueRequired":true,"valueName":"search_term_string"}}],"inLanguage":"es"},{"@type":"Organization","@id":"https:\/\/informelitoral.com.ar\/#organization","name":"Informe Litoral","url":"https:\/\/informelitoral.com.ar\/","logo":{"@type":"ImageObject","inLanguage":"es","@id":"https:\/\/informelitoral.com.ar\/#\/schema\/logo\/image\/","url":"https:\/\/informelitoral.com.ar\/%77%70%2d%63%6f%6e%74%65%6e%74\/uploads\/2021\/01\/circulo.png","contentUrl":"https:\/\/informelitoral.com.ar\/%77%70%2d%63%6f%6e%74%65%6e%74\/uploads\/2021\/01\/circulo.png","width":723,"height":731,"caption":"Informe Litoral"},"image":{"@id":"https:\/\/informelitoral.com.ar\/#\/schema\/logo\/image\/"},"sameAs":["https:\/\/www.facebook.com\/informelitoral\/","https:\/\/x.com\/InformeLitoral","https:\/\/www.instagram.com\/informelitoral\/","https:\/\/www.youtube.com\/channel\/UCua4Qvz8Icb6MYqhoq9xLXw"]},{"@type":"Person","@id":"https:\/\/informelitoral.com.ar\/#\/schema\/person\/f05f9f461677119578717524b127d6d5","name":"Sebastian","image":{"@type":"ImageObject","inLanguage":"es","@id":"https:\/\/secure.gravatar.com\/avatar\/b71bf7481d447dfb9583c7f2798e7cc64de6efb9067b74633ed8c31059a3bd82?s=96&d=mm&r=g","url":"https:\/\/secure.gravatar.com\/avatar\/b71bf7481d447dfb9583c7f2798e7cc64de6efb9067b74633ed8c31059a3bd82?s=96&d=mm&r=g","contentUrl":"https:\/\/secure.gravatar.com\/avatar\/b71bf7481d447dfb9583c7f2798e7cc64de6efb9067b74633ed8c31059a3bd82?s=96&d=mm&r=g","caption":"Sebastian"},"url":"https:\/\/informelitoral.com.ar\/author\/sebastian\/"}]}},"_links":{"self":[{"href":"https:\/\/informelitoral.com.ar\/%77%70%2d%6a%73%6f%6e\/wp\/v2\/posts\/112913","targetHints":{"allow":["GET"]}}],"collection":[{"href":"https:\/\/informelitoral.com.ar\/%77%70%2d%6a%73%6f%6e\/wp\/v2\/posts"}],"about":[{"href":"https:\/\/informelitoral.com.ar\/%77%70%2d%6a%73%6f%6e\/wp\/v2\/types\/post"}],"author":[{"embeddable":true,"href":"https:\/\/informelitoral.com.ar\/%77%70%2d%6a%73%6f%6e\/wp\/v2\/users\/8"}],"replies":[{"embeddable":true,"href":"https:\/\/informelitoral.com.ar\/%77%70%2d%6a%73%6f%6e\/wp\/v2\/comments?post=112913"}],"version-history":[{"count":0,"href":"https:\/\/informelitoral.com.ar\/%77%70%2d%6a%73%6f%6e\/wp\/v2\/posts\/112913\/revisions"}],"wp:featuredmedia":[{"embeddable":true,"href":"https:\/\/informelitoral.com.ar\/%77%70%2d%6a%73%6f%6e\/wp\/v2\/media\/26603"}],"wp:attachment":[{"href":"https:\/\/informelitoral.com.ar\/%77%70%2d%6a%73%6f%6e\/wp\/v2\/media?parent=112913"}],"wp:term":[{"taxonomy":"category","embeddable":true,"href":"https:\/\/informelitoral.com.ar\/%77%70%2d%6a%73%6f%6e\/wp\/v2\/categories?post=112913"},{"taxonomy":"post_tag","embeddable":true,"href":"https:\/\/informelitoral.com.ar\/%77%70%2d%6a%73%6f%6e\/wp\/v2\/tags?post=112913"}],"curies":[{"name":"wp","href":"https:\/\/api.w.org\/{rel}","templated":true}]}}