{"id":11289,"date":"2015-07-16T19:18:24","date_gmt":"2015-07-16T22:18:24","guid":{"rendered":"http:\/\/www.isletasnoticias.com.ar\/?p=11289"},"modified":"2015-07-16T19:18:24","modified_gmt":"2015-07-16T22:18:24","slug":"parana-aumento-el-precio-de-las-entradas-para-la-fiesta-de-disfraces","status":"publish","type":"post","link":"https:\/\/informelitoral.com.ar\/parana-aumento-el-precio-de-las-entradas-para-la-fiesta-de-disfraces\/","title":{"rendered":"Paran\u00e1: aument\u00f3 el precio de las entradas para la Fiesta de Disfraces"},"content":{"rendered":"<p><strong>A cuatro d\u00edas del comienzo de la venta de entradas para la Fiesta de Disfraces, la general pas\u00f3 a costar $ 450, mientras que la VIP se vende a partir de ahora a $ 550.<a href=\"http:\/\/www.isletasnoticias.com.ar\/%77%70%2d%63%6f%6e%74%65%6e%74\/uploads\/2015\/07\/descarga2.jpg\"><img loading=\"lazy\" decoding=\"async\" class=\"aligncenter size-full wp-image-11290\" src=\"http:\/\/www.isletasnoticias.com.ar\/%77%70%2d%63%6f%6e%74%65%6e%74\/uploads\/2015\/07\/descarga2.jpg\" alt=\"descarga\" width=\"276\" height=\"183\" \/><\/a><\/strong>A cuatro d\u00edas del comienzo de venta de entradas para la Fiesta de Disfraces, los organizadores del megaevento informaron el primer aumento del costo de las mismas a trav\u00e9s de las redes sociales.<\/p>\n<p>Seg\u00fan se indic\u00f3, <b>la entrada general pas\u00f3 a costar $ 450, mientras que la VIP se vende a partir de ahora a $ 550<\/b>.<\/p>\n<p>Ya este lunes cuando comenz\u00f3 la venta de los tickets, se registraron largas colas que daban vuelta la cuadra del local de calle Monte Caseros 391. Numerosos j\u00f3venes coincidieron ante <i>Elonce TV<\/i> en ser los primeros para adquirirlas porque despu\u00e9s \u00abaumenta r\u00e1pido\u00bb.<\/p>\n<p>En esta nueva edici\u00f3n, la FDD se traslada al nuevo predio que est\u00e1 ubicado sobre el Acceso Norte, Km 12 de la ciudad de Paran\u00e1, que cuenta con mayores dimensiones respecto al predio anterior.<\/p>\n<p>Los tickets podr\u00e1n adquirirse \u00fanicamente en forma anticipada en los puntos de venta oficiales informados en la secci\u00f3n \u00abTickets\u00bb y a trav\u00e9s del sistema online con env\u00edos a todo el pa\u00eds. No se vender\u00e1n tickets en la puerta del predio.<\/p>\n<p>En el punto de venta, <b>se venden hasta ocho tickets por persona<\/b>.<\/p>\n<p>El Grupo LBP recomienda no adquirir las entradas en lugares no autorizados, ya que los mismos no superar\u00e1n el control electr\u00f3nico de validaci\u00f3n. <em>(Elonce)<\/em><\/p>\n","protected":false},"excerpt":{"rendered":"<p>A cuatro d&iacute;as del comienzo de la venta de entradas para la Fiesta de Disfraces, la general pas&oacute; a costar $ 450, mientras que la VIP se vende a partir de ahora a $ 550.A cuatro d&iacute;as del comienzo de venta de entradas para la Fiesta de Disfraces, los organizadores del megaevento informaron el primer [&hellip;]<\/p>\n","protected":false},"author":2,"featured_media":0,"comment_status":"open","ping_status":"open","sticky":false,"template":"","format":"standard","meta":{"fifu_image_url":"","fifu_image_alt":"","footnotes":""},"categories":[6,9],"tags":[],"class_list":{"0":"post-11289","1":"post","2":"type-post","3":"status-publish","4":"format-standard","6":"category-entre-rios","7":"category-sociedad"},"yoast_head":"<title>Paran\u00e1: aument\u00f3 el precio de las entradas para la Fiesta de Disfraces - Informe Litoral<\/title>\n<meta name=\"robots\" content=\"index, follow, max-snippet:-1, max-image-preview:large, max-video-preview:-1\" \/>\n<link rel=\"canonical\" href=\"https:\/\/informelitoral.com.ar\/parana-aumento-el-precio-de-las-entradas-para-la-fiesta-de-disfraces\/\" \/>\n<meta property=\"og:locale\" content=\"es_ES\" \/>\n<meta property=\"og:type\" content=\"article\" \/>\n<meta property=\"og:title\" content=\"Paran\u00e1: aument\u00f3 el precio de las entradas para la Fiesta de Disfraces - Informe Litoral\" \/>\n<meta property=\"og:description\" content=\"A cuatro d&iacute;as del comienzo de la venta de entradas para la Fiesta de Disfraces, la general pas&oacute; a costar $ 450, mientras que la VIP se vende a partir de ahora a $ 550.A cuatro d&iacute;as del comienzo de venta de entradas para la Fiesta de Disfraces, los organizadores del megaevento informaron el primer [&hellip;]\" \/>\n<meta property=\"og:url\" content=\"https:\/\/informelitoral.com.ar\/parana-aumento-el-precio-de-las-entradas-para-la-fiesta-de-disfraces\/\" \/>\n<meta property=\"og:site_name\" content=\"Informe Litoral\" \/>\n<meta property=\"article:publisher\" content=\"https:\/\/www.facebook.com\/informelitoral\/\" \/>\n<meta property=\"article:published_time\" content=\"2015-07-16T22:18:24+00:00\" \/>\n<meta property=\"og:image\" content=\"https:\/\/informelitoral.com.ar\/%77%70%2d%63%6f%6e%74%65%6e%74\/uploads\/2015\/07\/descarga2.jpg\" \/>\n\t<meta property=\"og:image:width\" content=\"276\" \/>\n\t<meta property=\"og:image:height\" content=\"183\" \/>\n\t<meta property=\"og:image:type\" content=\"image\/jpeg\" \/>\n<meta name=\"author\" content=\"Gonzalo Schmidt\" \/>\n<meta name=\"twitter:card\" content=\"summary_large_image\" \/>\n<meta name=\"twitter:creator\" content=\"@InformeLitoral\" \/>\n<meta name=\"twitter:site\" content=\"@InformeLitoral\" \/>\n<meta name=\"twitter:label1\" content=\"Escrito por\" \/>\n\t<meta name=\"twitter:data1\" content=\"Gonzalo Schmidt\" \/>\n\t<meta name=\"twitter:label2\" content=\"Tiempo de lectura\" \/>\n\t<meta name=\"twitter:data2\" content=\"1 minuto\" \/>\n<script type=\"application\/ld+json\" class=\"yoast-schema-graph\">{\"@context\":\"https:\\\/\\\/schema.org\",\"@graph\":[{\"@type\":\"Article\",\"@id\":\"https:\\\/\\\/informelitoral.com.ar\\\/parana-aumento-el-precio-de-las-entradas-para-la-fiesta-de-disfraces\\\/#article\",\"isPartOf\":{\"@id\":\"https:\\\/\\\/informelitoral.com.ar\\\/parana-aumento-el-precio-de-las-entradas-para-la-fiesta-de-disfraces\\\/\"},\"author\":{\"name\":\"Gonzalo Schmidt\",\"@id\":\"https:\\\/\\\/informelitoral.com.ar\\\/#\\\/schema\\\/person\\\/b9d00407c836482871ef1d57bf8e3180\"},\"headline\":\"Paran\u00e1: aument\u00f3 el precio de las entradas para la Fiesta de Disfraces\",\"datePublished\":\"2015-07-16T22:18:24+00:00\",\"mainEntityOfPage\":{\"@id\":\"https:\\\/\\\/informelitoral.com.ar\\\/parana-aumento-el-precio-de-las-entradas-para-la-fiesta-de-disfraces\\\/\"},\"wordCount\":263,\"commentCount\":0,\"publisher\":{\"@id\":\"https:\\\/\\\/informelitoral.com.ar\\\/#organization\"},\"image\":{\"@id\":\"https:\\\/\\\/informelitoral.com.ar\\\/parana-aumento-el-precio-de-las-entradas-para-la-fiesta-de-disfraces\\\/#primaryimage\"},\"thumbnailUrl\":\"http:\\\/\\\/www.isletasnoticias.com.ar\\\/%77%70%2d%63%6f%6e%74%65%6e%74\\\/uploads\\\/2015\\\/07\\\/descarga2.jpg\",\"articleSection\":[\"Entre R\u00edos\",\"Sociedad\"],\"inLanguage\":\"es\",\"potentialAction\":[{\"@type\":\"CommentAction\",\"name\":\"Comment\",\"target\":[\"https:\\\/\\\/informelitoral.com.ar\\\/parana-aumento-el-precio-de-las-entradas-para-la-fiesta-de-disfraces\\\/#respond\"]}]},{\"@type\":\"WebPage\",\"@id\":\"https:\\\/\\\/informelitoral.com.ar\\\/parana-aumento-el-precio-de-las-entradas-para-la-fiesta-de-disfraces\\\/\",\"url\":\"https:\\\/\\\/informelitoral.com.ar\\\/parana-aumento-el-precio-de-las-entradas-para-la-fiesta-de-disfraces\\\/\",\"name\":\"Paran\u00e1: aument\u00f3 el precio de las entradas para la Fiesta de Disfraces - Informe Litoral\",\"isPartOf\":{\"@id\":\"https:\\\/\\\/informelitoral.com.ar\\\/#website\"},\"primaryImageOfPage\":{\"@id\":\"https:\\\/\\\/informelitoral.com.ar\\\/parana-aumento-el-precio-de-las-entradas-para-la-fiesta-de-disfraces\\\/#primaryimage\"},\"image\":{\"@id\":\"https:\\\/\\\/informelitoral.com.ar\\\/parana-aumento-el-precio-de-las-entradas-para-la-fiesta-de-disfraces\\\/#primaryimage\"},\"thumbnailUrl\":\"http:\\\/\\\/www.isletasnoticias.com.ar\\\/%77%70%2d%63%6f%6e%74%65%6e%74\\\/uploads\\\/2015\\\/07\\\/descarga2.jpg\",\"datePublished\":\"2015-07-16T22:18:24+00:00\",\"breadcrumb\":{\"@id\":\"https:\\\/\\\/informelitoral.com.ar\\\/parana-aumento-el-precio-de-las-entradas-para-la-fiesta-de-disfraces\\\/#breadcrumb\"},\"inLanguage\":\"es\",\"potentialAction\":[{\"@type\":\"ReadAction\",\"target\":[\"https:\\\/\\\/informelitoral.com.ar\\\/parana-aumento-el-precio-de-las-entradas-para-la-fiesta-de-disfraces\\\/\"]}]},{\"@type\":\"ImageObject\",\"inLanguage\":\"es\",\"@id\":\"https:\\\/\\\/informelitoral.com.ar\\\/parana-aumento-el-precio-de-las-entradas-para-la-fiesta-de-disfraces\\\/#primaryimage\",\"url\":\"http:\\\/\\\/www.isletasnoticias.com.ar\\\/%77%70%2d%63%6f%6e%74%65%6e%74\\\/uploads\\\/2015\\\/07\\\/descarga2.jpg\",\"contentUrl\":\"http:\\\/\\\/www.isletasnoticias.com.ar\\\/%77%70%2d%63%6f%6e%74%65%6e%74\\\/uploads\\\/2015\\\/07\\\/descarga2.jpg\"},{\"@type\":\"BreadcrumbList\",\"@id\":\"https:\\\/\\\/informelitoral.com.ar\\\/parana-aumento-el-precio-de-las-entradas-para-la-fiesta-de-disfraces\\\/#breadcrumb\",\"itemListElement\":[{\"@type\":\"ListItem\",\"position\":1,\"name\":\"Portada\",\"item\":\"https:\\\/\\\/informelitoral.com.ar\\\/\"},{\"@type\":\"ListItem\",\"position\":2,\"name\":\"Paran\u00e1: aument\u00f3 el precio de las entradas para la Fiesta de Disfraces\"}]},{\"@type\":\"WebSite\",\"@id\":\"https:\\\/\\\/informelitoral.com.ar\\\/#website\",\"url\":\"https:\\\/\\\/informelitoral.com.ar\\\/\",\"name\":\"Informe Litoral\",\"description\":\"&quot;Nos informamos&quot; \",\"publisher\":{\"@id\":\"https:\\\/\\\/informelitoral.com.ar\\\/#organization\"},\"potentialAction\":[{\"@type\":\"SearchAction\",\"target\":{\"@type\":\"EntryPoint\",\"urlTemplate\":\"https:\\\/\\\/informelitoral.com.ar\\\/?s={search_term_string}\"},\"query-input\":{\"@type\":\"PropertyValueSpecification\",\"valueRequired\":true,\"valueName\":\"search_term_string\"}}],\"inLanguage\":\"es\"},{\"@type\":\"Organization\",\"@id\":\"https:\\\/\\\/informelitoral.com.ar\\\/#organization\",\"name\":\"Informe Litoral\",\"url\":\"https:\\\/\\\/informelitoral.com.ar\\\/\",\"logo\":{\"@type\":\"ImageObject\",\"inLanguage\":\"es\",\"@id\":\"https:\\\/\\\/informelitoral.com.ar\\\/#\\\/schema\\\/logo\\\/image\\\/\",\"url\":\"https:\\\/\\\/informelitoral.com.ar\\\/%77%70%2d%63%6f%6e%74%65%6e%74\\\/uploads\\\/2021\\\/01\\\/circulo.png\",\"contentUrl\":\"https:\\\/\\\/informelitoral.com.ar\\\/%77%70%2d%63%6f%6e%74%65%6e%74\\\/uploads\\\/2021\\\/01\\\/circulo.png\",\"width\":723,\"height\":731,\"caption\":\"Informe Litoral\"},\"image\":{\"@id\":\"https:\\\/\\\/informelitoral.com.ar\\\/#\\\/schema\\\/logo\\\/image\\\/\"},\"sameAs\":[\"https:\\\/\\\/www.facebook.com\\\/informelitoral\\\/\",\"https:\\\/\\\/x.com\\\/InformeLitoral\",\"https:\\\/\\\/www.instagram.com\\\/informelitoral\\\/\",\"https:\\\/\\\/www.youtube.com\\\/channel\\\/UCua4Qvz8Icb6MYqhoq9xLXw\"]},{\"@type\":\"Person\",\"@id\":\"https:\\\/\\\/informelitoral.com.ar\\\/#\\\/schema\\\/person\\\/b9d00407c836482871ef1d57bf8e3180\",\"name\":\"Gonzalo Schmidt\",\"image\":{\"@type\":\"ImageObject\",\"inLanguage\":\"es\",\"@id\":\"https:\\\/\\\/secure.gravatar.com\\\/avatar\\\/31a1a7b66ff2de83bd0e9fd79d026630d2d99e55e8bfe501287647b4fd9743de?s=96&d=mm&r=g\",\"url\":\"https:\\\/\\\/secure.gravatar.com\\\/avatar\\\/31a1a7b66ff2de83bd0e9fd79d026630d2d99e55e8bfe501287647b4fd9743de?s=96&d=mm&r=g\",\"contentUrl\":\"https:\\\/\\\/secure.gravatar.com\\\/avatar\\\/31a1a7b66ff2de83bd0e9fd79d026630d2d99e55e8bfe501287647b4fd9743de?s=96&d=mm&r=g\",\"caption\":\"Gonzalo Schmidt\"},\"description\":\"Sitio web de noticias de la provincia de Entre R\u00edos, Argentina. Informaci\u00f3n y entretenimiento. Informe Litoral, nos informamos.\",\"sameAs\":[\"http:\\\/\\\/www.isletasnoticias.com.ar\"],\"url\":\"https:\\\/\\\/informelitoral.com.ar\\\/author\\\/gonzalo\\\/\"}]}<\/script>","yoast_head_json":{"title":"Paran\u00e1: aument\u00f3 el precio de las entradas para la Fiesta de Disfraces - Informe Litoral","robots":{"index":"index","follow":"follow","max-snippet":"max-snippet:-1","max-image-preview":"max-image-preview:large","max-video-preview":"max-video-preview:-1"},"canonical":"https:\/\/informelitoral.com.ar\/parana-aumento-el-precio-de-las-entradas-para-la-fiesta-de-disfraces\/","og_locale":"es_ES","og_type":"article","og_title":"Paran\u00e1: aument\u00f3 el precio de las entradas para la Fiesta de Disfraces - Informe Litoral","og_description":"A cuatro d&iacute;as del comienzo de la venta de entradas para la Fiesta de Disfraces, la general pas&oacute; a costar $ 450, mientras que la VIP se vende a partir de ahora a $ 550.A cuatro d&iacute;as del comienzo de venta de entradas para la Fiesta de Disfraces, los organizadores del megaevento informaron el primer [&hellip;]","og_url":"https:\/\/informelitoral.com.ar\/parana-aumento-el-precio-de-las-entradas-para-la-fiesta-de-disfraces\/","og_site_name":"Informe Litoral","article_publisher":"https:\/\/www.facebook.com\/informelitoral\/","article_published_time":"2015-07-16T22:18:24+00:00","og_image":[{"width":276,"height":183,"url":"https:\/\/informelitoral.com.ar\/%77%70%2d%63%6f%6e%74%65%6e%74\/uploads\/2015\/07\/descarga2.jpg","type":"image\/jpeg"}],"author":"Gonzalo Schmidt","twitter_card":"summary_large_image","twitter_creator":"@InformeLitoral","twitter_site":"@InformeLitoral","twitter_misc":{"Escrito por":"Gonzalo Schmidt","Tiempo de lectura":"1 minuto"},"schema":{"@context":"https:\/\/schema.org","@graph":[{"@type":"Article","@id":"https:\/\/informelitoral.com.ar\/parana-aumento-el-precio-de-las-entradas-para-la-fiesta-de-disfraces\/#article","isPartOf":{"@id":"https:\/\/informelitoral.com.ar\/parana-aumento-el-precio-de-las-entradas-para-la-fiesta-de-disfraces\/"},"author":{"name":"Gonzalo Schmidt","@id":"https:\/\/informelitoral.com.ar\/#\/schema\/person\/b9d00407c836482871ef1d57bf8e3180"},"headline":"Paran\u00e1: aument\u00f3 el precio de las entradas para la Fiesta de Disfraces","datePublished":"2015-07-16T22:18:24+00:00","mainEntityOfPage":{"@id":"https:\/\/informelitoral.com.ar\/parana-aumento-el-precio-de-las-entradas-para-la-fiesta-de-disfraces\/"},"wordCount":263,"commentCount":0,"publisher":{"@id":"https:\/\/informelitoral.com.ar\/#organization"},"image":{"@id":"https:\/\/informelitoral.com.ar\/parana-aumento-el-precio-de-las-entradas-para-la-fiesta-de-disfraces\/#primaryimage"},"thumbnailUrl":"http:\/\/www.isletasnoticias.com.ar\/%77%70%2d%63%6f%6e%74%65%6e%74\/uploads\/2015\/07\/descarga2.jpg","articleSection":["Entre R\u00edos","Sociedad"],"inLanguage":"es","potentialAction":[{"@type":"CommentAction","name":"Comment","target":["https:\/\/informelitoral.com.ar\/parana-aumento-el-precio-de-las-entradas-para-la-fiesta-de-disfraces\/#respond"]}]},{"@type":"WebPage","@id":"https:\/\/informelitoral.com.ar\/parana-aumento-el-precio-de-las-entradas-para-la-fiesta-de-disfraces\/","url":"https:\/\/informelitoral.com.ar\/parana-aumento-el-precio-de-las-entradas-para-la-fiesta-de-disfraces\/","name":"Paran\u00e1: aument\u00f3 el precio de las entradas para la Fiesta de Disfraces - Informe Litoral","isPartOf":{"@id":"https:\/\/informelitoral.com.ar\/#website"},"primaryImageOfPage":{"@id":"https:\/\/informelitoral.com.ar\/parana-aumento-el-precio-de-las-entradas-para-la-fiesta-de-disfraces\/#primaryimage"},"image":{"@id":"https:\/\/informelitoral.com.ar\/parana-aumento-el-precio-de-las-entradas-para-la-fiesta-de-disfraces\/#primaryimage"},"thumbnailUrl":"http:\/\/www.isletasnoticias.com.ar\/%77%70%2d%63%6f%6e%74%65%6e%74\/uploads\/2015\/07\/descarga2.jpg","datePublished":"2015-07-16T22:18:24+00:00","breadcrumb":{"@id":"https:\/\/informelitoral.com.ar\/parana-aumento-el-precio-de-las-entradas-para-la-fiesta-de-disfraces\/#breadcrumb"},"inLanguage":"es","potentialAction":[{"@type":"ReadAction","target":["https:\/\/informelitoral.com.ar\/parana-aumento-el-precio-de-las-entradas-para-la-fiesta-de-disfraces\/"]}]},{"@type":"ImageObject","inLanguage":"es","@id":"https:\/\/informelitoral.com.ar\/parana-aumento-el-precio-de-las-entradas-para-la-fiesta-de-disfraces\/#primaryimage","url":"http:\/\/www.isletasnoticias.com.ar\/%77%70%2d%63%6f%6e%74%65%6e%74\/uploads\/2015\/07\/descarga2.jpg","contentUrl":"http:\/\/www.isletasnoticias.com.ar\/%77%70%2d%63%6f%6e%74%65%6e%74\/uploads\/2015\/07\/descarga2.jpg"},{"@type":"BreadcrumbList","@id":"https:\/\/informelitoral.com.ar\/parana-aumento-el-precio-de-las-entradas-para-la-fiesta-de-disfraces\/#breadcrumb","itemListElement":[{"@type":"ListItem","position":1,"name":"Portada","item":"https:\/\/informelitoral.com.ar\/"},{"@type":"ListItem","position":2,"name":"Paran\u00e1: aument\u00f3 el precio de las entradas para la Fiesta de Disfraces"}]},{"@type":"WebSite","@id":"https:\/\/informelitoral.com.ar\/#website","url":"https:\/\/informelitoral.com.ar\/","name":"Informe Litoral","description":"&quot;Nos informamos&quot; ","publisher":{"@id":"https:\/\/informelitoral.com.ar\/#organization"},"potentialAction":[{"@type":"SearchAction","target":{"@type":"EntryPoint","urlTemplate":"https:\/\/informelitoral.com.ar\/?s={search_term_string}"},"query-input":{"@type":"PropertyValueSpecification","valueRequired":true,"valueName":"search_term_string"}}],"inLanguage":"es"},{"@type":"Organization","@id":"https:\/\/informelitoral.com.ar\/#organization","name":"Informe Litoral","url":"https:\/\/informelitoral.com.ar\/","logo":{"@type":"ImageObject","inLanguage":"es","@id":"https:\/\/informelitoral.com.ar\/#\/schema\/logo\/image\/","url":"https:\/\/informelitoral.com.ar\/%77%70%2d%63%6f%6e%74%65%6e%74\/uploads\/2021\/01\/circulo.png","contentUrl":"https:\/\/informelitoral.com.ar\/%77%70%2d%63%6f%6e%74%65%6e%74\/uploads\/2021\/01\/circulo.png","width":723,"height":731,"caption":"Informe Litoral"},"image":{"@id":"https:\/\/informelitoral.com.ar\/#\/schema\/logo\/image\/"},"sameAs":["https:\/\/www.facebook.com\/informelitoral\/","https:\/\/x.com\/InformeLitoral","https:\/\/www.instagram.com\/informelitoral\/","https:\/\/www.youtube.com\/channel\/UCua4Qvz8Icb6MYqhoq9xLXw"]},{"@type":"Person","@id":"https:\/\/informelitoral.com.ar\/#\/schema\/person\/b9d00407c836482871ef1d57bf8e3180","name":"Gonzalo Schmidt","image":{"@type":"ImageObject","inLanguage":"es","@id":"https:\/\/secure.gravatar.com\/avatar\/31a1a7b66ff2de83bd0e9fd79d026630d2d99e55e8bfe501287647b4fd9743de?s=96&d=mm&r=g","url":"https:\/\/secure.gravatar.com\/avatar\/31a1a7b66ff2de83bd0e9fd79d026630d2d99e55e8bfe501287647b4fd9743de?s=96&d=mm&r=g","contentUrl":"https:\/\/secure.gravatar.com\/avatar\/31a1a7b66ff2de83bd0e9fd79d026630d2d99e55e8bfe501287647b4fd9743de?s=96&d=mm&r=g","caption":"Gonzalo Schmidt"},"description":"Sitio web de noticias de la provincia de Entre R\u00edos, Argentina. Informaci\u00f3n y entretenimiento. Informe Litoral, nos informamos.","sameAs":["http:\/\/www.isletasnoticias.com.ar"],"url":"https:\/\/informelitoral.com.ar\/author\/gonzalo\/"}]}},"_links":{"self":[{"href":"https:\/\/informelitoral.com.ar\/%77%70%2d%6a%73%6f%6e\/wp\/v2\/posts\/11289","targetHints":{"allow":["GET"]}}],"collection":[{"href":"https:\/\/informelitoral.com.ar\/%77%70%2d%6a%73%6f%6e\/wp\/v2\/posts"}],"about":[{"href":"https:\/\/informelitoral.com.ar\/%77%70%2d%6a%73%6f%6e\/wp\/v2\/types\/post"}],"author":[{"embeddable":true,"href":"https:\/\/informelitoral.com.ar\/%77%70%2d%6a%73%6f%6e\/wp\/v2\/users\/2"}],"replies":[{"embeddable":true,"href":"https:\/\/informelitoral.com.ar\/%77%70%2d%6a%73%6f%6e\/wp\/v2\/comments?post=11289"}],"version-history":[{"count":0,"href":"https:\/\/informelitoral.com.ar\/%77%70%2d%6a%73%6f%6e\/wp\/v2\/posts\/11289\/revisions"}],"wp:attachment":[{"href":"https:\/\/informelitoral.com.ar\/%77%70%2d%6a%73%6f%6e\/wp\/v2\/media?parent=11289"}],"wp:term":[{"taxonomy":"category","embeddable":true,"href":"https:\/\/informelitoral.com.ar\/%77%70%2d%6a%73%6f%6e\/wp\/v2\/categories?post=11289"},{"taxonomy":"post_tag","embeddable":true,"href":"https:\/\/informelitoral.com.ar\/%77%70%2d%6a%73%6f%6e\/wp\/v2\/tags?post=11289"}],"curies":[{"name":"wp","href":"https:\/\/api.w.org\/{rel}","templated":true}]}}