{"id":11283,"date":"2015-07-12T20:39:52","date_gmt":"2015-07-12T23:39:52","guid":{"rendered":"http:\/\/www.isletasnoticias.com.ar\/?p=11283"},"modified":"2015-07-12T20:40:37","modified_gmt":"2015-07-12T23:40:37","slug":"el-papa-a-los-jovenes-hagan-lio-pero-tambien-ayuden-a-arreglar-el-lio-que-hacen","status":"publish","type":"post","link":"https:\/\/informelitoral.com.ar\/el-papa-a-los-jovenes-hagan-lio-pero-tambien-ayuden-a-arreglar-el-lio-que-hacen\/","title":{"rendered":"El Papa, a los j\u00f3venes: \u00abHagan l\u00edo, pero tambi\u00e9n ayuden a arreglar el l\u00edo que hacen\u00bb"},"content":{"rendered":"<p><strong>\u00abTenemos que tener el coraz\u00f3n libre, que pueda hacer lo que piensa y lo que siente. \u00a1Ese es un coraz\u00f3n libre!\u00bb, exclam\u00f3 Francisco en la \u00faltima misa de su recorrida por Am\u00e9rica Latina, realizada en Paraguay.<a href=\"http:\/\/www.isletasnoticias.com.ar\/%77%70%2d%63%6f%6e%74%65%6e%74\/uploads\/2015\/07\/0012987923.jpg\"><img loading=\"lazy\" decoding=\"async\" class=\"aligncenter size-medium wp-image-11284\" src=\"http:\/\/www.isletasnoticias.com.ar\/%77%70%2d%63%6f%6e%74%65%6e%74\/uploads\/2015\/07\/0012987923-300x169.jpg\" alt=\"0012987923\" width=\"300\" height=\"169\" srcset=\"https:\/\/informelitoral.com.ar\/%77%70%2d%63%6f%6e%74%65%6e%74\/uploads\/2015\/07\/0012987923-300x169.jpg 300w, https:\/\/informelitoral.com.ar\/%77%70%2d%63%6f%6e%74%65%6e%74\/uploads\/2015\/07\/0012987923.jpg 770w\" sizes=\"auto, (max-width: 300px) 100vw, 300px\" \/><\/a><\/strong>Ante una multitud de j\u00f3venes cristianos y horas antes de regresar a Roma, el papa Francisco ofreci\u00f3 una misa en la costanera de Asunci\u00f3n, Paraguay. El pont\u00edfice escuch\u00f3 en primera persona los padecimientos de dos ni\u00f1os pobres, Liz y Manuel, y sus historias de fe en el escenario. Cuando le toc\u00f3 hablar frente a los miles de creyentes, fue ovacionado.<\/p>\n<p>\u00abTenemos que tener el coraz\u00f3n libre, que pueda hacer lo que piensa y lo que siente. \u00a1Ese es un coraz\u00f3n libre!\u00bb, dijo el Papa antes de pedir un rezo. Tambi\u00e9n se\u00f1al\u00f3 que hacer lo que a cada uno le gusta en cada momento es una \u00abfalsa libertad\u00bb. \u00abNo hay que ser como Poncio Pilato, no hay que lavarse las manos\u00bb, destac\u00f3 en referencia a la juventud. Francisco pronunci\u00f3 su discurso sin leer.<\/p>\n<p>El pont\u00edfice pidi\u00f3 ayudar \u00abcon solidaridad y amor\u00bb a los j\u00f3venes en situaci\u00f3n de vulnerabilidad. \u00abLa desesperaci\u00f3n los lleva a la delincuencia, a colaborar con la corrupci\u00f3n. La vida no es f\u00e1cil para muchos j\u00f3venes. A esos chicos les tenemos que decir que queremos darles solidaridad y esperanza\u00bb, sostuvo.<\/p>\n<p>\u00abSolidaridad, trabajo, esperanza, esfuerzo, conocer a Jes\u00fas, conocer a Dios y fortaleza, \u00bfun joven que vive as\u00ed tiene el coraz\u00f3n triste? No. Ese es el camino. Pero para eso hace falta sacrificio, andar contracorriente\u00bb, exhort\u00f3. Por \u00faltimo, se\u00f1al\u00f3: \u00abHagan l\u00edo pero tambi\u00e9n ayuden a arreglar y organizar el l\u00edo que hacen. Un l\u00edo que nos d\u00e9 esperanza, que nazca de haber conocido a Jes\u00fas\u00bb.<\/p>\n<p>Desde temprano, decenas de miles de j\u00f3venes recorrieron las calles del centro hist\u00f3rico de Asunci\u00f3n entre c\u00e1nticos y ataviados con banderas paraguayas y del Vaticano, seg\u00fan el diario ABC Color. Aunque el evento convocaba a la juventud, adultos, ancianos y enfermos tambi\u00e9n llegaron al lugar para escuchar al sumo pont\u00edfice en su pen\u00faltima parada antes de dar por finalizada la hist\u00f3rica visita a Paraguay.<\/p>\n<p>Se ve\u00edan, adem\u00e1s, banderas argentinas: se calcula que unos 150.000 creyentes cruzaron la frontera. Uruguayos y brasile\u00f1os tambi\u00e9n participaron de la \u00faltima misa del Papa, quien lleg\u00f3 el domingo pasado a Ecuador y luego se traslad\u00f3 a Bolivia antes de su parada en Paraguay. \u00abTe queremos, Papa, te queremos\u00bb, cantaron miles de personas durante las palabras finales del pont\u00edfice. <em>(Infobae)<\/em><\/p>\n","protected":false},"excerpt":{"rendered":"<p>&laquo;Tenemos que tener el coraz&oacute;n libre, que pueda hacer lo que piensa y lo que siente. &iexcl;Ese es un coraz&oacute;n libre!&raquo;, exclam&oacute; Francisco en la &uacute;ltima misa de su recorrida por Am&eacute;rica Latina, realizada en Paraguay.Ante una multitud de j&oacute;venes cristianos y horas antes de regresar a Roma, el papa Francisco ofreci&oacute; una misa en [&hellip;]<\/p>\n","protected":false},"author":2,"featured_media":0,"comment_status":"open","ping_status":"open","sticky":false,"template":"","format":"standard","meta":{"fifu_image_url":"","fifu_image_alt":"","footnotes":""},"categories":[8],"tags":[],"class_list":{"0":"post-11283","1":"post","2":"type-post","3":"status-publish","4":"format-standard","6":"category-internacionales"},"yoast_head":"<title>El Papa, a los j\u00f3venes: &quot;Hagan l\u00edo, pero tambi\u00e9n ayuden a arreglar el l\u00edo que hacen&quot; - Informe Litoral<\/title>\n<meta name=\"robots\" content=\"index, follow, max-snippet:-1, max-image-preview:large, max-video-preview:-1\" \/>\n<link rel=\"canonical\" href=\"https:\/\/informelitoral.com.ar\/el-papa-a-los-jovenes-hagan-lio-pero-tambien-ayuden-a-arreglar-el-lio-que-hacen\/\" \/>\n<meta property=\"og:locale\" content=\"es_ES\" \/>\n<meta property=\"og:type\" content=\"article\" \/>\n<meta property=\"og:title\" content=\"El Papa, a los j\u00f3venes: &quot;Hagan l\u00edo, pero tambi\u00e9n ayuden a arreglar el l\u00edo que hacen&quot; - Informe Litoral\" \/>\n<meta property=\"og:description\" content=\"&laquo;Tenemos que tener el coraz&oacute;n libre, que pueda hacer lo que piensa y lo que siente. &iexcl;Ese es un coraz&oacute;n libre!&raquo;, exclam&oacute; Francisco en la &uacute;ltima misa de su recorrida por Am&eacute;rica Latina, realizada en Paraguay.Ante una multitud de j&oacute;venes cristianos y horas antes de regresar a Roma, el papa Francisco ofreci&oacute; una misa en [&hellip;]\" \/>\n<meta property=\"og:url\" content=\"https:\/\/informelitoral.com.ar\/el-papa-a-los-jovenes-hagan-lio-pero-tambien-ayuden-a-arreglar-el-lio-que-hacen\/\" \/>\n<meta property=\"og:site_name\" content=\"Informe Litoral\" \/>\n<meta property=\"article:publisher\" content=\"https:\/\/www.facebook.com\/informelitoral\/\" \/>\n<meta property=\"article:published_time\" content=\"2015-07-12T23:39:52+00:00\" \/>\n<meta property=\"article:modified_time\" content=\"2015-07-12T23:40:37+00:00\" \/>\n<meta property=\"og:image\" content=\"https:\/\/informelitoral.com.ar\/%77%70%2d%63%6f%6e%74%65%6e%74\/uploads\/2015\/07\/0012987923.jpg\" \/>\n\t<meta property=\"og:image:width\" content=\"770\" \/>\n\t<meta property=\"og:image:height\" content=\"433\" \/>\n\t<meta property=\"og:image:type\" content=\"image\/jpeg\" \/>\n<meta name=\"author\" content=\"Gonzalo Schmidt\" \/>\n<meta name=\"twitter:card\" content=\"summary_large_image\" \/>\n<meta name=\"twitter:creator\" content=\"@InformeLitoral\" \/>\n<meta name=\"twitter:site\" content=\"@InformeLitoral\" \/>\n<meta name=\"twitter:label1\" content=\"Escrito por\" \/>\n\t<meta name=\"twitter:data1\" content=\"Gonzalo Schmidt\" \/>\n\t<meta name=\"twitter:label2\" content=\"Tiempo de lectura\" \/>\n\t<meta name=\"twitter:data2\" content=\"2 minutos\" \/>\n<script type=\"application\/ld+json\" class=\"yoast-schema-graph\">{\"@context\":\"https:\\\/\\\/schema.org\",\"@graph\":[{\"@type\":\"Article\",\"@id\":\"https:\\\/\\\/informelitoral.com.ar\\\/el-papa-a-los-jovenes-hagan-lio-pero-tambien-ayuden-a-arreglar-el-lio-que-hacen\\\/#article\",\"isPartOf\":{\"@id\":\"https:\\\/\\\/informelitoral.com.ar\\\/el-papa-a-los-jovenes-hagan-lio-pero-tambien-ayuden-a-arreglar-el-lio-que-hacen\\\/\"},\"author\":{\"name\":\"Gonzalo Schmidt\",\"@id\":\"https:\\\/\\\/informelitoral.com.ar\\\/#\\\/schema\\\/person\\\/b9d00407c836482871ef1d57bf8e3180\"},\"headline\":\"El Papa, a los j\u00f3venes: \u00abHagan l\u00edo, pero tambi\u00e9n ayuden a arreglar el l\u00edo que hacen\u00bb\",\"datePublished\":\"2015-07-12T23:39:52+00:00\",\"dateModified\":\"2015-07-12T23:40:37+00:00\",\"mainEntityOfPage\":{\"@id\":\"https:\\\/\\\/informelitoral.com.ar\\\/el-papa-a-los-jovenes-hagan-lio-pero-tambien-ayuden-a-arreglar-el-lio-que-hacen\\\/\"},\"wordCount\":464,\"commentCount\":0,\"publisher\":{\"@id\":\"https:\\\/\\\/informelitoral.com.ar\\\/#organization\"},\"image\":{\"@id\":\"https:\\\/\\\/informelitoral.com.ar\\\/el-papa-a-los-jovenes-hagan-lio-pero-tambien-ayuden-a-arreglar-el-lio-que-hacen\\\/#primaryimage\"},\"thumbnailUrl\":\"http:\\\/\\\/www.isletasnoticias.com.ar\\\/%77%70%2d%63%6f%6e%74%65%6e%74\\\/uploads\\\/2015\\\/07\\\/0012987923-300x169.jpg\",\"articleSection\":[\"Internacionales\"],\"inLanguage\":\"es\",\"potentialAction\":[{\"@type\":\"CommentAction\",\"name\":\"Comment\",\"target\":[\"https:\\\/\\\/informelitoral.com.ar\\\/el-papa-a-los-jovenes-hagan-lio-pero-tambien-ayuden-a-arreglar-el-lio-que-hacen\\\/#respond\"]}]},{\"@type\":\"WebPage\",\"@id\":\"https:\\\/\\\/informelitoral.com.ar\\\/el-papa-a-los-jovenes-hagan-lio-pero-tambien-ayuden-a-arreglar-el-lio-que-hacen\\\/\",\"url\":\"https:\\\/\\\/informelitoral.com.ar\\\/el-papa-a-los-jovenes-hagan-lio-pero-tambien-ayuden-a-arreglar-el-lio-que-hacen\\\/\",\"name\":\"El Papa, a los j\u00f3venes: \\\"Hagan l\u00edo, pero tambi\u00e9n ayuden a arreglar el l\u00edo que hacen\\\" - Informe Litoral\",\"isPartOf\":{\"@id\":\"https:\\\/\\\/informelitoral.com.ar\\\/#website\"},\"primaryImageOfPage\":{\"@id\":\"https:\\\/\\\/informelitoral.com.ar\\\/el-papa-a-los-jovenes-hagan-lio-pero-tambien-ayuden-a-arreglar-el-lio-que-hacen\\\/#primaryimage\"},\"image\":{\"@id\":\"https:\\\/\\\/informelitoral.com.ar\\\/el-papa-a-los-jovenes-hagan-lio-pero-tambien-ayuden-a-arreglar-el-lio-que-hacen\\\/#primaryimage\"},\"thumbnailUrl\":\"http:\\\/\\\/www.isletasnoticias.com.ar\\\/%77%70%2d%63%6f%6e%74%65%6e%74\\\/uploads\\\/2015\\\/07\\\/0012987923-300x169.jpg\",\"datePublished\":\"2015-07-12T23:39:52+00:00\",\"dateModified\":\"2015-07-12T23:40:37+00:00\",\"breadcrumb\":{\"@id\":\"https:\\\/\\\/informelitoral.com.ar\\\/el-papa-a-los-jovenes-hagan-lio-pero-tambien-ayuden-a-arreglar-el-lio-que-hacen\\\/#breadcrumb\"},\"inLanguage\":\"es\",\"potentialAction\":[{\"@type\":\"ReadAction\",\"target\":[\"https:\\\/\\\/informelitoral.com.ar\\\/el-papa-a-los-jovenes-hagan-lio-pero-tambien-ayuden-a-arreglar-el-lio-que-hacen\\\/\"]}]},{\"@type\":\"ImageObject\",\"inLanguage\":\"es\",\"@id\":\"https:\\\/\\\/informelitoral.com.ar\\\/el-papa-a-los-jovenes-hagan-lio-pero-tambien-ayuden-a-arreglar-el-lio-que-hacen\\\/#primaryimage\",\"url\":\"http:\\\/\\\/www.isletasnoticias.com.ar\\\/%77%70%2d%63%6f%6e%74%65%6e%74\\\/uploads\\\/2015\\\/07\\\/0012987923-300x169.jpg\",\"contentUrl\":\"http:\\\/\\\/www.isletasnoticias.com.ar\\\/%77%70%2d%63%6f%6e%74%65%6e%74\\\/uploads\\\/2015\\\/07\\\/0012987923-300x169.jpg\"},{\"@type\":\"BreadcrumbList\",\"@id\":\"https:\\\/\\\/informelitoral.com.ar\\\/el-papa-a-los-jovenes-hagan-lio-pero-tambien-ayuden-a-arreglar-el-lio-que-hacen\\\/#breadcrumb\",\"itemListElement\":[{\"@type\":\"ListItem\",\"position\":1,\"name\":\"Portada\",\"item\":\"https:\\\/\\\/informelitoral.com.ar\\\/\"},{\"@type\":\"ListItem\",\"position\":2,\"name\":\"El Papa, a los j\u00f3venes: \u00abHagan l\u00edo, pero tambi\u00e9n ayuden a arreglar el l\u00edo que hacen\u00bb\"}]},{\"@type\":\"WebSite\",\"@id\":\"https:\\\/\\\/informelitoral.com.ar\\\/#website\",\"url\":\"https:\\\/\\\/informelitoral.com.ar\\\/\",\"name\":\"Informe Litoral\",\"description\":\"&quot;Nos informamos&quot; \",\"publisher\":{\"@id\":\"https:\\\/\\\/informelitoral.com.ar\\\/#organization\"},\"potentialAction\":[{\"@type\":\"SearchAction\",\"target\":{\"@type\":\"EntryPoint\",\"urlTemplate\":\"https:\\\/\\\/informelitoral.com.ar\\\/?s={search_term_string}\"},\"query-input\":{\"@type\":\"PropertyValueSpecification\",\"valueRequired\":true,\"valueName\":\"search_term_string\"}}],\"inLanguage\":\"es\"},{\"@type\":\"Organization\",\"@id\":\"https:\\\/\\\/informelitoral.com.ar\\\/#organization\",\"name\":\"Informe Litoral\",\"url\":\"https:\\\/\\\/informelitoral.com.ar\\\/\",\"logo\":{\"@type\":\"ImageObject\",\"inLanguage\":\"es\",\"@id\":\"https:\\\/\\\/informelitoral.com.ar\\\/#\\\/schema\\\/logo\\\/image\\\/\",\"url\":\"https:\\\/\\\/informelitoral.com.ar\\\/%77%70%2d%63%6f%6e%74%65%6e%74\\\/uploads\\\/2021\\\/01\\\/circulo.png\",\"contentUrl\":\"https:\\\/\\\/informelitoral.com.ar\\\/%77%70%2d%63%6f%6e%74%65%6e%74\\\/uploads\\\/2021\\\/01\\\/circulo.png\",\"width\":723,\"height\":731,\"caption\":\"Informe Litoral\"},\"image\":{\"@id\":\"https:\\\/\\\/informelitoral.com.ar\\\/#\\\/schema\\\/logo\\\/image\\\/\"},\"sameAs\":[\"https:\\\/\\\/www.facebook.com\\\/informelitoral\\\/\",\"https:\\\/\\\/x.com\\\/InformeLitoral\",\"https:\\\/\\\/www.instagram.com\\\/informelitoral\\\/\",\"https:\\\/\\\/www.youtube.com\\\/channel\\\/UCua4Qvz8Icb6MYqhoq9xLXw\"]},{\"@type\":\"Person\",\"@id\":\"https:\\\/\\\/informelitoral.com.ar\\\/#\\\/schema\\\/person\\\/b9d00407c836482871ef1d57bf8e3180\",\"name\":\"Gonzalo Schmidt\",\"image\":{\"@type\":\"ImageObject\",\"inLanguage\":\"es\",\"@id\":\"https:\\\/\\\/secure.gravatar.com\\\/avatar\\\/31a1a7b66ff2de83bd0e9fd79d026630d2d99e55e8bfe501287647b4fd9743de?s=96&d=mm&r=g\",\"url\":\"https:\\\/\\\/secure.gravatar.com\\\/avatar\\\/31a1a7b66ff2de83bd0e9fd79d026630d2d99e55e8bfe501287647b4fd9743de?s=96&d=mm&r=g\",\"contentUrl\":\"https:\\\/\\\/secure.gravatar.com\\\/avatar\\\/31a1a7b66ff2de83bd0e9fd79d026630d2d99e55e8bfe501287647b4fd9743de?s=96&d=mm&r=g\",\"caption\":\"Gonzalo Schmidt\"},\"description\":\"Sitio web de noticias de la provincia de Entre R\u00edos, Argentina. Informaci\u00f3n y entretenimiento. Informe Litoral, nos informamos.\",\"sameAs\":[\"http:\\\/\\\/www.isletasnoticias.com.ar\"],\"url\":\"https:\\\/\\\/informelitoral.com.ar\\\/author\\\/gonzalo\\\/\"}]}<\/script>","yoast_head_json":{"title":"El Papa, a los j\u00f3venes: \"Hagan l\u00edo, pero tambi\u00e9n ayuden a arreglar el l\u00edo que hacen\" - Informe Litoral","robots":{"index":"index","follow":"follow","max-snippet":"max-snippet:-1","max-image-preview":"max-image-preview:large","max-video-preview":"max-video-preview:-1"},"canonical":"https:\/\/informelitoral.com.ar\/el-papa-a-los-jovenes-hagan-lio-pero-tambien-ayuden-a-arreglar-el-lio-que-hacen\/","og_locale":"es_ES","og_type":"article","og_title":"El Papa, a los j\u00f3venes: \"Hagan l\u00edo, pero tambi\u00e9n ayuden a arreglar el l\u00edo que hacen\" - Informe Litoral","og_description":"&laquo;Tenemos que tener el coraz&oacute;n libre, que pueda hacer lo que piensa y lo que siente. &iexcl;Ese es un coraz&oacute;n libre!&raquo;, exclam&oacute; Francisco en la &uacute;ltima misa de su recorrida por Am&eacute;rica Latina, realizada en Paraguay.Ante una multitud de j&oacute;venes cristianos y horas antes de regresar a Roma, el papa Francisco ofreci&oacute; una misa en [&hellip;]","og_url":"https:\/\/informelitoral.com.ar\/el-papa-a-los-jovenes-hagan-lio-pero-tambien-ayuden-a-arreglar-el-lio-que-hacen\/","og_site_name":"Informe Litoral","article_publisher":"https:\/\/www.facebook.com\/informelitoral\/","article_published_time":"2015-07-12T23:39:52+00:00","article_modified_time":"2015-07-12T23:40:37+00:00","og_image":[{"width":770,"height":433,"url":"https:\/\/informelitoral.com.ar\/%77%70%2d%63%6f%6e%74%65%6e%74\/uploads\/2015\/07\/0012987923.jpg","type":"image\/jpeg"}],"author":"Gonzalo Schmidt","twitter_card":"summary_large_image","twitter_creator":"@InformeLitoral","twitter_site":"@InformeLitoral","twitter_misc":{"Escrito por":"Gonzalo Schmidt","Tiempo de lectura":"2 minutos"},"schema":{"@context":"https:\/\/schema.org","@graph":[{"@type":"Article","@id":"https:\/\/informelitoral.com.ar\/el-papa-a-los-jovenes-hagan-lio-pero-tambien-ayuden-a-arreglar-el-lio-que-hacen\/#article","isPartOf":{"@id":"https:\/\/informelitoral.com.ar\/el-papa-a-los-jovenes-hagan-lio-pero-tambien-ayuden-a-arreglar-el-lio-que-hacen\/"},"author":{"name":"Gonzalo Schmidt","@id":"https:\/\/informelitoral.com.ar\/#\/schema\/person\/b9d00407c836482871ef1d57bf8e3180"},"headline":"El Papa, a los j\u00f3venes: \u00abHagan l\u00edo, pero tambi\u00e9n ayuden a arreglar el l\u00edo que hacen\u00bb","datePublished":"2015-07-12T23:39:52+00:00","dateModified":"2015-07-12T23:40:37+00:00","mainEntityOfPage":{"@id":"https:\/\/informelitoral.com.ar\/el-papa-a-los-jovenes-hagan-lio-pero-tambien-ayuden-a-arreglar-el-lio-que-hacen\/"},"wordCount":464,"commentCount":0,"publisher":{"@id":"https:\/\/informelitoral.com.ar\/#organization"},"image":{"@id":"https:\/\/informelitoral.com.ar\/el-papa-a-los-jovenes-hagan-lio-pero-tambien-ayuden-a-arreglar-el-lio-que-hacen\/#primaryimage"},"thumbnailUrl":"http:\/\/www.isletasnoticias.com.ar\/%77%70%2d%63%6f%6e%74%65%6e%74\/uploads\/2015\/07\/0012987923-300x169.jpg","articleSection":["Internacionales"],"inLanguage":"es","potentialAction":[{"@type":"CommentAction","name":"Comment","target":["https:\/\/informelitoral.com.ar\/el-papa-a-los-jovenes-hagan-lio-pero-tambien-ayuden-a-arreglar-el-lio-que-hacen\/#respond"]}]},{"@type":"WebPage","@id":"https:\/\/informelitoral.com.ar\/el-papa-a-los-jovenes-hagan-lio-pero-tambien-ayuden-a-arreglar-el-lio-que-hacen\/","url":"https:\/\/informelitoral.com.ar\/el-papa-a-los-jovenes-hagan-lio-pero-tambien-ayuden-a-arreglar-el-lio-que-hacen\/","name":"El Papa, a los j\u00f3venes: \"Hagan l\u00edo, pero tambi\u00e9n ayuden a arreglar el l\u00edo que hacen\" - Informe Litoral","isPartOf":{"@id":"https:\/\/informelitoral.com.ar\/#website"},"primaryImageOfPage":{"@id":"https:\/\/informelitoral.com.ar\/el-papa-a-los-jovenes-hagan-lio-pero-tambien-ayuden-a-arreglar-el-lio-que-hacen\/#primaryimage"},"image":{"@id":"https:\/\/informelitoral.com.ar\/el-papa-a-los-jovenes-hagan-lio-pero-tambien-ayuden-a-arreglar-el-lio-que-hacen\/#primaryimage"},"thumbnailUrl":"http:\/\/www.isletasnoticias.com.ar\/%77%70%2d%63%6f%6e%74%65%6e%74\/uploads\/2015\/07\/0012987923-300x169.jpg","datePublished":"2015-07-12T23:39:52+00:00","dateModified":"2015-07-12T23:40:37+00:00","breadcrumb":{"@id":"https:\/\/informelitoral.com.ar\/el-papa-a-los-jovenes-hagan-lio-pero-tambien-ayuden-a-arreglar-el-lio-que-hacen\/#breadcrumb"},"inLanguage":"es","potentialAction":[{"@type":"ReadAction","target":["https:\/\/informelitoral.com.ar\/el-papa-a-los-jovenes-hagan-lio-pero-tambien-ayuden-a-arreglar-el-lio-que-hacen\/"]}]},{"@type":"ImageObject","inLanguage":"es","@id":"https:\/\/informelitoral.com.ar\/el-papa-a-los-jovenes-hagan-lio-pero-tambien-ayuden-a-arreglar-el-lio-que-hacen\/#primaryimage","url":"http:\/\/www.isletasnoticias.com.ar\/%77%70%2d%63%6f%6e%74%65%6e%74\/uploads\/2015\/07\/0012987923-300x169.jpg","contentUrl":"http:\/\/www.isletasnoticias.com.ar\/%77%70%2d%63%6f%6e%74%65%6e%74\/uploads\/2015\/07\/0012987923-300x169.jpg"},{"@type":"BreadcrumbList","@id":"https:\/\/informelitoral.com.ar\/el-papa-a-los-jovenes-hagan-lio-pero-tambien-ayuden-a-arreglar-el-lio-que-hacen\/#breadcrumb","itemListElement":[{"@type":"ListItem","position":1,"name":"Portada","item":"https:\/\/informelitoral.com.ar\/"},{"@type":"ListItem","position":2,"name":"El Papa, a los j\u00f3venes: \u00abHagan l\u00edo, pero tambi\u00e9n ayuden a arreglar el l\u00edo que hacen\u00bb"}]},{"@type":"WebSite","@id":"https:\/\/informelitoral.com.ar\/#website","url":"https:\/\/informelitoral.com.ar\/","name":"Informe Litoral","description":"&quot;Nos informamos&quot; ","publisher":{"@id":"https:\/\/informelitoral.com.ar\/#organization"},"potentialAction":[{"@type":"SearchAction","target":{"@type":"EntryPoint","urlTemplate":"https:\/\/informelitoral.com.ar\/?s={search_term_string}"},"query-input":{"@type":"PropertyValueSpecification","valueRequired":true,"valueName":"search_term_string"}}],"inLanguage":"es"},{"@type":"Organization","@id":"https:\/\/informelitoral.com.ar\/#organization","name":"Informe Litoral","url":"https:\/\/informelitoral.com.ar\/","logo":{"@type":"ImageObject","inLanguage":"es","@id":"https:\/\/informelitoral.com.ar\/#\/schema\/logo\/image\/","url":"https:\/\/informelitoral.com.ar\/%77%70%2d%63%6f%6e%74%65%6e%74\/uploads\/2021\/01\/circulo.png","contentUrl":"https:\/\/informelitoral.com.ar\/%77%70%2d%63%6f%6e%74%65%6e%74\/uploads\/2021\/01\/circulo.png","width":723,"height":731,"caption":"Informe Litoral"},"image":{"@id":"https:\/\/informelitoral.com.ar\/#\/schema\/logo\/image\/"},"sameAs":["https:\/\/www.facebook.com\/informelitoral\/","https:\/\/x.com\/InformeLitoral","https:\/\/www.instagram.com\/informelitoral\/","https:\/\/www.youtube.com\/channel\/UCua4Qvz8Icb6MYqhoq9xLXw"]},{"@type":"Person","@id":"https:\/\/informelitoral.com.ar\/#\/schema\/person\/b9d00407c836482871ef1d57bf8e3180","name":"Gonzalo Schmidt","image":{"@type":"ImageObject","inLanguage":"es","@id":"https:\/\/secure.gravatar.com\/avatar\/31a1a7b66ff2de83bd0e9fd79d026630d2d99e55e8bfe501287647b4fd9743de?s=96&d=mm&r=g","url":"https:\/\/secure.gravatar.com\/avatar\/31a1a7b66ff2de83bd0e9fd79d026630d2d99e55e8bfe501287647b4fd9743de?s=96&d=mm&r=g","contentUrl":"https:\/\/secure.gravatar.com\/avatar\/31a1a7b66ff2de83bd0e9fd79d026630d2d99e55e8bfe501287647b4fd9743de?s=96&d=mm&r=g","caption":"Gonzalo Schmidt"},"description":"Sitio web de noticias de la provincia de Entre R\u00edos, Argentina. Informaci\u00f3n y entretenimiento. Informe Litoral, nos informamos.","sameAs":["http:\/\/www.isletasnoticias.com.ar"],"url":"https:\/\/informelitoral.com.ar\/author\/gonzalo\/"}]}},"_links":{"self":[{"href":"https:\/\/informelitoral.com.ar\/%77%70%2d%6a%73%6f%6e\/wp\/v2\/posts\/11283","targetHints":{"allow":["GET"]}}],"collection":[{"href":"https:\/\/informelitoral.com.ar\/%77%70%2d%6a%73%6f%6e\/wp\/v2\/posts"}],"about":[{"href":"https:\/\/informelitoral.com.ar\/%77%70%2d%6a%73%6f%6e\/wp\/v2\/types\/post"}],"author":[{"embeddable":true,"href":"https:\/\/informelitoral.com.ar\/%77%70%2d%6a%73%6f%6e\/wp\/v2\/users\/2"}],"replies":[{"embeddable":true,"href":"https:\/\/informelitoral.com.ar\/%77%70%2d%6a%73%6f%6e\/wp\/v2\/comments?post=11283"}],"version-history":[{"count":0,"href":"https:\/\/informelitoral.com.ar\/%77%70%2d%6a%73%6f%6e\/wp\/v2\/posts\/11283\/revisions"}],"wp:attachment":[{"href":"https:\/\/informelitoral.com.ar\/%77%70%2d%6a%73%6f%6e\/wp\/v2\/media?parent=11283"}],"wp:term":[{"taxonomy":"category","embeddable":true,"href":"https:\/\/informelitoral.com.ar\/%77%70%2d%6a%73%6f%6e\/wp\/v2\/categories?post=11283"},{"taxonomy":"post_tag","embeddable":true,"href":"https:\/\/informelitoral.com.ar\/%77%70%2d%6a%73%6f%6e\/wp\/v2\/tags?post=11283"}],"curies":[{"name":"wp","href":"https:\/\/api.w.org\/{rel}","templated":true}]}}