{"id":11268,"date":"2015-07-10T17:09:04","date_gmt":"2015-07-10T20:09:04","guid":{"rendered":"http:\/\/www.isletasnoticias.com.ar\/?p=11268"},"modified":"2015-07-10T17:09:59","modified_gmt":"2015-07-10T20:09:59","slug":"isletas-tras-la-vacaciones-la-escuela-agrotecnica-tendra-nuevo-rector","status":"publish","type":"post","link":"https:\/\/informelitoral.com.ar\/isletas-tras-la-vacaciones-la-escuela-agrotecnica-tendra-nuevo-rector\/","title":{"rendered":"Isletas: tras las vacaciones la Escuela Agrot\u00e9cnica tendr\u00e1 nuevo rector"},"content":{"rendered":"<p><strong>Se jubil\u00f3 el<em> Prof. \u00c1ngel Jofr\u00e9,\u00a0<\/em>por lo que luego del receso invernal, la instituci\u00f3n isletense tendr\u00e1 un nuevo directivo. Alumnos y colegas lo despidieron emocionados. Ex alumnos y padres se sumaron<\/strong><strong>\u00a0a trav\u00e9s de Facebook.<a href=\"http:\/\/www.isletasnoticias.com.ar\/%77%70%2d%63%6f%6e%74%65%6e%74\/uploads\/2015\/07\/11692739_471865976316765_695464736633805526_n.jpg\"><img loading=\"lazy\" decoding=\"async\" class=\"aligncenter size-medium wp-image-11269\" src=\"http:\/\/www.isletasnoticias.com.ar\/%77%70%2d%63%6f%6e%74%65%6e%74\/uploads\/2015\/07\/11692739_471865976316765_695464736633805526_n-300x225.jpg\" alt=\"11692739_471865976316765_695464736633805526_n\" width=\"300\" height=\"225\" srcset=\"https:\/\/informelitoral.com.ar\/%77%70%2d%63%6f%6e%74%65%6e%74\/uploads\/2015\/07\/11692739_471865976316765_695464736633805526_n-300x225.jpg 300w, https:\/\/informelitoral.com.ar\/%77%70%2d%63%6f%6e%74%65%6e%74\/uploads\/2015\/07\/11692739_471865976316765_695464736633805526_n.jpg 960w\" sizes=\"auto, (max-width: 300px) 100vw, 300px\" \/><\/a><\/strong>En las \u00faltimas horas, finalmente el rector de la Escuela de Educaci\u00f3n Agrot\u00e9cnica (E.E.A.T.) N\u00ba 153, Horacio Mann de Isletas, <strong>Prof. \u00c1ngel Ernesto Jofr\u00e9<\/strong>, recibi\u00f3 el beneficio de la jubilaci\u00f3n, con lo cual termina una etapa en la instituci\u00f3n local.<a href=\"http:\/\/www.isletasnoticias.com.ar\/%77%70%2d%63%6f%6e%74%65%6e%74\/uploads\/2015\/07\/11701037_471860882983941_1010846756757788303_n.jpg\"><img loading=\"lazy\" decoding=\"async\" class=\" size-medium wp-image-11270 alignright\" src=\"http:\/\/www.isletasnoticias.com.ar\/%77%70%2d%63%6f%6e%74%65%6e%74\/uploads\/2015\/07\/11701037_471860882983941_1010846756757788303_n-300x225.jpg\" alt=\"11701037_471860882983941_1010846756757788303_n\" width=\"300\" height=\"225\" srcset=\"https:\/\/informelitoral.com.ar\/%77%70%2d%63%6f%6e%74%65%6e%74\/uploads\/2015\/07\/11701037_471860882983941_1010846756757788303_n-300x225.jpg 300w, https:\/\/informelitoral.com.ar\/%77%70%2d%63%6f%6e%74%65%6e%74\/uploads\/2015\/07\/11701037_471860882983941_1010846756757788303_n.jpg 960w\" sizes=\"auto, (max-width: 300px) 100vw, 300px\" \/><\/a><\/p>\n<p>Jofr\u00e9 estuvo al frente del establecimiento educativo desde hace varios a\u00f1os, pr\u00e1cticamente desde los primeros pasos de la escuela, por lo que vivi\u00f3 la transformaci\u00f3n de la instituci\u00f3n, cuyo cambio no afect\u00f3 la personalidad del docente, de quien se destaca la humildad y el afecto por cada estudiante y colega.<\/p>\n<p>El docente, fue despedido este viernes por alumnos, colegas y personal de la Escuela Agrot\u00e9cnica. Ex alumnos, padres y vecinos se sumaron a las muestras de afecto a trav\u00e9s de la red social Facebook.<\/p>\n<p>Tras el receso invernal, la escuela tendr\u00e1 un nuevo rector, con quien comenzar\u00e1 una nueva etapa, pero seguramente seguir\u00e1 por la senda del desarrollo. (<em>Gonzalo Schmidt para IN)<\/em><\/p>\n","protected":false},"excerpt":{"rendered":"<p>Se jubil&oacute; el Prof. &Aacute;ngel Jofr&eacute;,&nbsp;por lo que luego del receso invernal, la instituci&oacute;n isletense tendr&aacute; un nuevo directivo. Alumnos y colegas lo despidieron emocionados. Ex alumnos y padres se sumaron&nbsp;a trav&eacute;s de Facebook.En las &uacute;ltimas horas, finalmente el rector de la Escuela de Educaci&oacute;n Agrot&eacute;cnica (E.E.A.T.) N&ordm; 153, Horacio Mann de Isletas, Prof. &Aacute;ngel [&hellip;]<\/p>\n","protected":false},"author":2,"featured_media":0,"comment_status":"open","ping_status":"open","sticky":false,"template":"","format":"standard","meta":{"fifu_image_url":"","fifu_image_alt":"","footnotes":""},"categories":[5,4],"tags":[],"class_list":{"0":"post-11268","1":"post","2":"type-post","3":"status-publish","4":"format-standard","6":"category-zonales","7":"category-locales"},"yoast_head":"<title>Isletas: tras las vacaciones la Escuela Agrot\u00e9cnica tendr\u00e1 nuevo rector - Informe Litoral<\/title>\n<meta name=\"robots\" content=\"index, follow, max-snippet:-1, max-image-preview:large, max-video-preview:-1\" \/>\n<link rel=\"canonical\" href=\"https:\/\/informelitoral.com.ar\/isletas-tras-la-vacaciones-la-escuela-agrotecnica-tendra-nuevo-rector\/\" \/>\n<meta property=\"og:locale\" content=\"es_ES\" \/>\n<meta property=\"og:type\" content=\"article\" \/>\n<meta property=\"og:title\" content=\"Isletas: tras las vacaciones la Escuela Agrot\u00e9cnica tendr\u00e1 nuevo rector - Informe Litoral\" \/>\n<meta property=\"og:description\" content=\"Se jubil&oacute; el Prof. &Aacute;ngel Jofr&eacute;,&nbsp;por lo que luego del receso invernal, la instituci&oacute;n isletense tendr&aacute; un nuevo directivo. Alumnos y colegas lo despidieron emocionados. Ex alumnos y padres se sumaron&nbsp;a trav&eacute;s de Facebook.En las &uacute;ltimas horas, finalmente el rector de la Escuela de Educaci&oacute;n Agrot&eacute;cnica (E.E.A.T.) N&ordm; 153, Horacio Mann de Isletas, Prof. &Aacute;ngel [&hellip;]\" \/>\n<meta property=\"og:url\" content=\"https:\/\/informelitoral.com.ar\/isletas-tras-la-vacaciones-la-escuela-agrotecnica-tendra-nuevo-rector\/\" \/>\n<meta property=\"og:site_name\" content=\"Informe Litoral\" \/>\n<meta property=\"article:publisher\" content=\"https:\/\/www.facebook.com\/informelitoral\/\" \/>\n<meta property=\"article:published_time\" content=\"2015-07-10T20:09:04+00:00\" \/>\n<meta property=\"article:modified_time\" content=\"2015-07-10T20:09:59+00:00\" \/>\n<meta property=\"og:image\" content=\"https:\/\/informelitoral.com.ar\/%77%70%2d%63%6f%6e%74%65%6e%74\/uploads\/2015\/07\/11692739_471865976316765_695464736633805526_n.jpg\" \/>\n\t<meta property=\"og:image:width\" content=\"960\" \/>\n\t<meta property=\"og:image:height\" content=\"720\" \/>\n\t<meta property=\"og:image:type\" content=\"image\/jpeg\" \/>\n<meta name=\"author\" content=\"Gonzalo Schmidt\" \/>\n<meta name=\"twitter:card\" content=\"summary_large_image\" \/>\n<meta name=\"twitter:creator\" content=\"@InformeLitoral\" \/>\n<meta name=\"twitter:site\" content=\"@InformeLitoral\" \/>\n<meta name=\"twitter:label1\" content=\"Escrito por\" \/>\n\t<meta name=\"twitter:data1\" content=\"Gonzalo Schmidt\" \/>\n\t<meta name=\"twitter:label2\" content=\"Tiempo de lectura\" \/>\n\t<meta name=\"twitter:data2\" content=\"1 minuto\" \/>\n<script type=\"application\/ld+json\" class=\"yoast-schema-graph\">{\"@context\":\"https:\\\/\\\/schema.org\",\"@graph\":[{\"@type\":\"Article\",\"@id\":\"https:\\\/\\\/informelitoral.com.ar\\\/isletas-tras-la-vacaciones-la-escuela-agrotecnica-tendra-nuevo-rector\\\/#article\",\"isPartOf\":{\"@id\":\"https:\\\/\\\/informelitoral.com.ar\\\/isletas-tras-la-vacaciones-la-escuela-agrotecnica-tendra-nuevo-rector\\\/\"},\"author\":{\"name\":\"Gonzalo Schmidt\",\"@id\":\"https:\\\/\\\/informelitoral.com.ar\\\/#\\\/schema\\\/person\\\/b9d00407c836482871ef1d57bf8e3180\"},\"headline\":\"Isletas: tras las vacaciones la Escuela Agrot\u00e9cnica tendr\u00e1 nuevo rector\",\"datePublished\":\"2015-07-10T20:09:04+00:00\",\"dateModified\":\"2015-07-10T20:09:59+00:00\",\"mainEntityOfPage\":{\"@id\":\"https:\\\/\\\/informelitoral.com.ar\\\/isletas-tras-la-vacaciones-la-escuela-agrotecnica-tendra-nuevo-rector\\\/\"},\"wordCount\":213,\"commentCount\":0,\"publisher\":{\"@id\":\"https:\\\/\\\/informelitoral.com.ar\\\/#organization\"},\"image\":{\"@id\":\"https:\\\/\\\/informelitoral.com.ar\\\/isletas-tras-la-vacaciones-la-escuela-agrotecnica-tendra-nuevo-rector\\\/#primaryimage\"},\"thumbnailUrl\":\"http:\\\/\\\/www.isletasnoticias.com.ar\\\/%77%70%2d%63%6f%6e%74%65%6e%74\\\/uploads\\\/2015\\\/07\\\/11692739_471865976316765_695464736633805526_n-300x225.jpg\",\"articleSection\":[\"Departamento Diamante\",\"Isletas\"],\"inLanguage\":\"es\",\"potentialAction\":[{\"@type\":\"CommentAction\",\"name\":\"Comment\",\"target\":[\"https:\\\/\\\/informelitoral.com.ar\\\/isletas-tras-la-vacaciones-la-escuela-agrotecnica-tendra-nuevo-rector\\\/#respond\"]}]},{\"@type\":\"WebPage\",\"@id\":\"https:\\\/\\\/informelitoral.com.ar\\\/isletas-tras-la-vacaciones-la-escuela-agrotecnica-tendra-nuevo-rector\\\/\",\"url\":\"https:\\\/\\\/informelitoral.com.ar\\\/isletas-tras-la-vacaciones-la-escuela-agrotecnica-tendra-nuevo-rector\\\/\",\"name\":\"Isletas: tras las vacaciones la Escuela Agrot\u00e9cnica tendr\u00e1 nuevo rector - Informe Litoral\",\"isPartOf\":{\"@id\":\"https:\\\/\\\/informelitoral.com.ar\\\/#website\"},\"primaryImageOfPage\":{\"@id\":\"https:\\\/\\\/informelitoral.com.ar\\\/isletas-tras-la-vacaciones-la-escuela-agrotecnica-tendra-nuevo-rector\\\/#primaryimage\"},\"image\":{\"@id\":\"https:\\\/\\\/informelitoral.com.ar\\\/isletas-tras-la-vacaciones-la-escuela-agrotecnica-tendra-nuevo-rector\\\/#primaryimage\"},\"thumbnailUrl\":\"http:\\\/\\\/www.isletasnoticias.com.ar\\\/%77%70%2d%63%6f%6e%74%65%6e%74\\\/uploads\\\/2015\\\/07\\\/11692739_471865976316765_695464736633805526_n-300x225.jpg\",\"datePublished\":\"2015-07-10T20:09:04+00:00\",\"dateModified\":\"2015-07-10T20:09:59+00:00\",\"breadcrumb\":{\"@id\":\"https:\\\/\\\/informelitoral.com.ar\\\/isletas-tras-la-vacaciones-la-escuela-agrotecnica-tendra-nuevo-rector\\\/#breadcrumb\"},\"inLanguage\":\"es\",\"potentialAction\":[{\"@type\":\"ReadAction\",\"target\":[\"https:\\\/\\\/informelitoral.com.ar\\\/isletas-tras-la-vacaciones-la-escuela-agrotecnica-tendra-nuevo-rector\\\/\"]}]},{\"@type\":\"ImageObject\",\"inLanguage\":\"es\",\"@id\":\"https:\\\/\\\/informelitoral.com.ar\\\/isletas-tras-la-vacaciones-la-escuela-agrotecnica-tendra-nuevo-rector\\\/#primaryimage\",\"url\":\"http:\\\/\\\/www.isletasnoticias.com.ar\\\/%77%70%2d%63%6f%6e%74%65%6e%74\\\/uploads\\\/2015\\\/07\\\/11692739_471865976316765_695464736633805526_n-300x225.jpg\",\"contentUrl\":\"http:\\\/\\\/www.isletasnoticias.com.ar\\\/%77%70%2d%63%6f%6e%74%65%6e%74\\\/uploads\\\/2015\\\/07\\\/11692739_471865976316765_695464736633805526_n-300x225.jpg\"},{\"@type\":\"BreadcrumbList\",\"@id\":\"https:\\\/\\\/informelitoral.com.ar\\\/isletas-tras-la-vacaciones-la-escuela-agrotecnica-tendra-nuevo-rector\\\/#breadcrumb\",\"itemListElement\":[{\"@type\":\"ListItem\",\"position\":1,\"name\":\"Portada\",\"item\":\"https:\\\/\\\/informelitoral.com.ar\\\/\"},{\"@type\":\"ListItem\",\"position\":2,\"name\":\"Isletas: tras las vacaciones la Escuela Agrot\u00e9cnica tendr\u00e1 nuevo rector\"}]},{\"@type\":\"WebSite\",\"@id\":\"https:\\\/\\\/informelitoral.com.ar\\\/#website\",\"url\":\"https:\\\/\\\/informelitoral.com.ar\\\/\",\"name\":\"Informe Litoral\",\"description\":\"&quot;Nos informamos&quot; \",\"publisher\":{\"@id\":\"https:\\\/\\\/informelitoral.com.ar\\\/#organization\"},\"potentialAction\":[{\"@type\":\"SearchAction\",\"target\":{\"@type\":\"EntryPoint\",\"urlTemplate\":\"https:\\\/\\\/informelitoral.com.ar\\\/?s={search_term_string}\"},\"query-input\":{\"@type\":\"PropertyValueSpecification\",\"valueRequired\":true,\"valueName\":\"search_term_string\"}}],\"inLanguage\":\"es\"},{\"@type\":\"Organization\",\"@id\":\"https:\\\/\\\/informelitoral.com.ar\\\/#organization\",\"name\":\"Informe Litoral\",\"url\":\"https:\\\/\\\/informelitoral.com.ar\\\/\",\"logo\":{\"@type\":\"ImageObject\",\"inLanguage\":\"es\",\"@id\":\"https:\\\/\\\/informelitoral.com.ar\\\/#\\\/schema\\\/logo\\\/image\\\/\",\"url\":\"https:\\\/\\\/informelitoral.com.ar\\\/%77%70%2d%63%6f%6e%74%65%6e%74\\\/uploads\\\/2021\\\/01\\\/circulo.png\",\"contentUrl\":\"https:\\\/\\\/informelitoral.com.ar\\\/%77%70%2d%63%6f%6e%74%65%6e%74\\\/uploads\\\/2021\\\/01\\\/circulo.png\",\"width\":723,\"height\":731,\"caption\":\"Informe Litoral\"},\"image\":{\"@id\":\"https:\\\/\\\/informelitoral.com.ar\\\/#\\\/schema\\\/logo\\\/image\\\/\"},\"sameAs\":[\"https:\\\/\\\/www.facebook.com\\\/informelitoral\\\/\",\"https:\\\/\\\/x.com\\\/InformeLitoral\",\"https:\\\/\\\/www.instagram.com\\\/informelitoral\\\/\",\"https:\\\/\\\/www.youtube.com\\\/channel\\\/UCua4Qvz8Icb6MYqhoq9xLXw\"]},{\"@type\":\"Person\",\"@id\":\"https:\\\/\\\/informelitoral.com.ar\\\/#\\\/schema\\\/person\\\/b9d00407c836482871ef1d57bf8e3180\",\"name\":\"Gonzalo Schmidt\",\"image\":{\"@type\":\"ImageObject\",\"inLanguage\":\"es\",\"@id\":\"https:\\\/\\\/secure.gravatar.com\\\/avatar\\\/31a1a7b66ff2de83bd0e9fd79d026630d2d99e55e8bfe501287647b4fd9743de?s=96&d=mm&r=g\",\"url\":\"https:\\\/\\\/secure.gravatar.com\\\/avatar\\\/31a1a7b66ff2de83bd0e9fd79d026630d2d99e55e8bfe501287647b4fd9743de?s=96&d=mm&r=g\",\"contentUrl\":\"https:\\\/\\\/secure.gravatar.com\\\/avatar\\\/31a1a7b66ff2de83bd0e9fd79d026630d2d99e55e8bfe501287647b4fd9743de?s=96&d=mm&r=g\",\"caption\":\"Gonzalo Schmidt\"},\"description\":\"Sitio web de noticias de la provincia de Entre R\u00edos, Argentina. Informaci\u00f3n y entretenimiento. Informe Litoral, nos informamos.\",\"sameAs\":[\"http:\\\/\\\/www.isletasnoticias.com.ar\"],\"url\":\"https:\\\/\\\/informelitoral.com.ar\\\/author\\\/gonzalo\\\/\"}]}<\/script>","yoast_head_json":{"title":"Isletas: tras las vacaciones la Escuela Agrot\u00e9cnica tendr\u00e1 nuevo rector - Informe Litoral","robots":{"index":"index","follow":"follow","max-snippet":"max-snippet:-1","max-image-preview":"max-image-preview:large","max-video-preview":"max-video-preview:-1"},"canonical":"https:\/\/informelitoral.com.ar\/isletas-tras-la-vacaciones-la-escuela-agrotecnica-tendra-nuevo-rector\/","og_locale":"es_ES","og_type":"article","og_title":"Isletas: tras las vacaciones la Escuela Agrot\u00e9cnica tendr\u00e1 nuevo rector - Informe Litoral","og_description":"Se jubil&oacute; el Prof. &Aacute;ngel Jofr&eacute;,&nbsp;por lo que luego del receso invernal, la instituci&oacute;n isletense tendr&aacute; un nuevo directivo. Alumnos y colegas lo despidieron emocionados. Ex alumnos y padres se sumaron&nbsp;a trav&eacute;s de Facebook.En las &uacute;ltimas horas, finalmente el rector de la Escuela de Educaci&oacute;n Agrot&eacute;cnica (E.E.A.T.) N&ordm; 153, Horacio Mann de Isletas, Prof. &Aacute;ngel [&hellip;]","og_url":"https:\/\/informelitoral.com.ar\/isletas-tras-la-vacaciones-la-escuela-agrotecnica-tendra-nuevo-rector\/","og_site_name":"Informe Litoral","article_publisher":"https:\/\/www.facebook.com\/informelitoral\/","article_published_time":"2015-07-10T20:09:04+00:00","article_modified_time":"2015-07-10T20:09:59+00:00","og_image":[{"width":960,"height":720,"url":"https:\/\/informelitoral.com.ar\/%77%70%2d%63%6f%6e%74%65%6e%74\/uploads\/2015\/07\/11692739_471865976316765_695464736633805526_n.jpg","type":"image\/jpeg"}],"author":"Gonzalo Schmidt","twitter_card":"summary_large_image","twitter_creator":"@InformeLitoral","twitter_site":"@InformeLitoral","twitter_misc":{"Escrito por":"Gonzalo Schmidt","Tiempo de lectura":"1 minuto"},"schema":{"@context":"https:\/\/schema.org","@graph":[{"@type":"Article","@id":"https:\/\/informelitoral.com.ar\/isletas-tras-la-vacaciones-la-escuela-agrotecnica-tendra-nuevo-rector\/#article","isPartOf":{"@id":"https:\/\/informelitoral.com.ar\/isletas-tras-la-vacaciones-la-escuela-agrotecnica-tendra-nuevo-rector\/"},"author":{"name":"Gonzalo Schmidt","@id":"https:\/\/informelitoral.com.ar\/#\/schema\/person\/b9d00407c836482871ef1d57bf8e3180"},"headline":"Isletas: tras las vacaciones la Escuela Agrot\u00e9cnica tendr\u00e1 nuevo rector","datePublished":"2015-07-10T20:09:04+00:00","dateModified":"2015-07-10T20:09:59+00:00","mainEntityOfPage":{"@id":"https:\/\/informelitoral.com.ar\/isletas-tras-la-vacaciones-la-escuela-agrotecnica-tendra-nuevo-rector\/"},"wordCount":213,"commentCount":0,"publisher":{"@id":"https:\/\/informelitoral.com.ar\/#organization"},"image":{"@id":"https:\/\/informelitoral.com.ar\/isletas-tras-la-vacaciones-la-escuela-agrotecnica-tendra-nuevo-rector\/#primaryimage"},"thumbnailUrl":"http:\/\/www.isletasnoticias.com.ar\/%77%70%2d%63%6f%6e%74%65%6e%74\/uploads\/2015\/07\/11692739_471865976316765_695464736633805526_n-300x225.jpg","articleSection":["Departamento Diamante","Isletas"],"inLanguage":"es","potentialAction":[{"@type":"CommentAction","name":"Comment","target":["https:\/\/informelitoral.com.ar\/isletas-tras-la-vacaciones-la-escuela-agrotecnica-tendra-nuevo-rector\/#respond"]}]},{"@type":"WebPage","@id":"https:\/\/informelitoral.com.ar\/isletas-tras-la-vacaciones-la-escuela-agrotecnica-tendra-nuevo-rector\/","url":"https:\/\/informelitoral.com.ar\/isletas-tras-la-vacaciones-la-escuela-agrotecnica-tendra-nuevo-rector\/","name":"Isletas: tras las vacaciones la Escuela Agrot\u00e9cnica tendr\u00e1 nuevo rector - Informe Litoral","isPartOf":{"@id":"https:\/\/informelitoral.com.ar\/#website"},"primaryImageOfPage":{"@id":"https:\/\/informelitoral.com.ar\/isletas-tras-la-vacaciones-la-escuela-agrotecnica-tendra-nuevo-rector\/#primaryimage"},"image":{"@id":"https:\/\/informelitoral.com.ar\/isletas-tras-la-vacaciones-la-escuela-agrotecnica-tendra-nuevo-rector\/#primaryimage"},"thumbnailUrl":"http:\/\/www.isletasnoticias.com.ar\/%77%70%2d%63%6f%6e%74%65%6e%74\/uploads\/2015\/07\/11692739_471865976316765_695464736633805526_n-300x225.jpg","datePublished":"2015-07-10T20:09:04+00:00","dateModified":"2015-07-10T20:09:59+00:00","breadcrumb":{"@id":"https:\/\/informelitoral.com.ar\/isletas-tras-la-vacaciones-la-escuela-agrotecnica-tendra-nuevo-rector\/#breadcrumb"},"inLanguage":"es","potentialAction":[{"@type":"ReadAction","target":["https:\/\/informelitoral.com.ar\/isletas-tras-la-vacaciones-la-escuela-agrotecnica-tendra-nuevo-rector\/"]}]},{"@type":"ImageObject","inLanguage":"es","@id":"https:\/\/informelitoral.com.ar\/isletas-tras-la-vacaciones-la-escuela-agrotecnica-tendra-nuevo-rector\/#primaryimage","url":"http:\/\/www.isletasnoticias.com.ar\/%77%70%2d%63%6f%6e%74%65%6e%74\/uploads\/2015\/07\/11692739_471865976316765_695464736633805526_n-300x225.jpg","contentUrl":"http:\/\/www.isletasnoticias.com.ar\/%77%70%2d%63%6f%6e%74%65%6e%74\/uploads\/2015\/07\/11692739_471865976316765_695464736633805526_n-300x225.jpg"},{"@type":"BreadcrumbList","@id":"https:\/\/informelitoral.com.ar\/isletas-tras-la-vacaciones-la-escuela-agrotecnica-tendra-nuevo-rector\/#breadcrumb","itemListElement":[{"@type":"ListItem","position":1,"name":"Portada","item":"https:\/\/informelitoral.com.ar\/"},{"@type":"ListItem","position":2,"name":"Isletas: tras las vacaciones la Escuela Agrot\u00e9cnica tendr\u00e1 nuevo rector"}]},{"@type":"WebSite","@id":"https:\/\/informelitoral.com.ar\/#website","url":"https:\/\/informelitoral.com.ar\/","name":"Informe Litoral","description":"&quot;Nos informamos&quot; ","publisher":{"@id":"https:\/\/informelitoral.com.ar\/#organization"},"potentialAction":[{"@type":"SearchAction","target":{"@type":"EntryPoint","urlTemplate":"https:\/\/informelitoral.com.ar\/?s={search_term_string}"},"query-input":{"@type":"PropertyValueSpecification","valueRequired":true,"valueName":"search_term_string"}}],"inLanguage":"es"},{"@type":"Organization","@id":"https:\/\/informelitoral.com.ar\/#organization","name":"Informe Litoral","url":"https:\/\/informelitoral.com.ar\/","logo":{"@type":"ImageObject","inLanguage":"es","@id":"https:\/\/informelitoral.com.ar\/#\/schema\/logo\/image\/","url":"https:\/\/informelitoral.com.ar\/%77%70%2d%63%6f%6e%74%65%6e%74\/uploads\/2021\/01\/circulo.png","contentUrl":"https:\/\/informelitoral.com.ar\/%77%70%2d%63%6f%6e%74%65%6e%74\/uploads\/2021\/01\/circulo.png","width":723,"height":731,"caption":"Informe Litoral"},"image":{"@id":"https:\/\/informelitoral.com.ar\/#\/schema\/logo\/image\/"},"sameAs":["https:\/\/www.facebook.com\/informelitoral\/","https:\/\/x.com\/InformeLitoral","https:\/\/www.instagram.com\/informelitoral\/","https:\/\/www.youtube.com\/channel\/UCua4Qvz8Icb6MYqhoq9xLXw"]},{"@type":"Person","@id":"https:\/\/informelitoral.com.ar\/#\/schema\/person\/b9d00407c836482871ef1d57bf8e3180","name":"Gonzalo Schmidt","image":{"@type":"ImageObject","inLanguage":"es","@id":"https:\/\/secure.gravatar.com\/avatar\/31a1a7b66ff2de83bd0e9fd79d026630d2d99e55e8bfe501287647b4fd9743de?s=96&d=mm&r=g","url":"https:\/\/secure.gravatar.com\/avatar\/31a1a7b66ff2de83bd0e9fd79d026630d2d99e55e8bfe501287647b4fd9743de?s=96&d=mm&r=g","contentUrl":"https:\/\/secure.gravatar.com\/avatar\/31a1a7b66ff2de83bd0e9fd79d026630d2d99e55e8bfe501287647b4fd9743de?s=96&d=mm&r=g","caption":"Gonzalo Schmidt"},"description":"Sitio web de noticias de la provincia de Entre R\u00edos, Argentina. Informaci\u00f3n y entretenimiento. Informe Litoral, nos informamos.","sameAs":["http:\/\/www.isletasnoticias.com.ar"],"url":"https:\/\/informelitoral.com.ar\/author\/gonzalo\/"}]}},"_links":{"self":[{"href":"https:\/\/informelitoral.com.ar\/%77%70%2d%6a%73%6f%6e\/wp\/v2\/posts\/11268","targetHints":{"allow":["GET"]}}],"collection":[{"href":"https:\/\/informelitoral.com.ar\/%77%70%2d%6a%73%6f%6e\/wp\/v2\/posts"}],"about":[{"href":"https:\/\/informelitoral.com.ar\/%77%70%2d%6a%73%6f%6e\/wp\/v2\/types\/post"}],"author":[{"embeddable":true,"href":"https:\/\/informelitoral.com.ar\/%77%70%2d%6a%73%6f%6e\/wp\/v2\/users\/2"}],"replies":[{"embeddable":true,"href":"https:\/\/informelitoral.com.ar\/%77%70%2d%6a%73%6f%6e\/wp\/v2\/comments?post=11268"}],"version-history":[{"count":0,"href":"https:\/\/informelitoral.com.ar\/%77%70%2d%6a%73%6f%6e\/wp\/v2\/posts\/11268\/revisions"}],"wp:attachment":[{"href":"https:\/\/informelitoral.com.ar\/%77%70%2d%6a%73%6f%6e\/wp\/v2\/media?parent=11268"}],"wp:term":[{"taxonomy":"category","embeddable":true,"href":"https:\/\/informelitoral.com.ar\/%77%70%2d%6a%73%6f%6e\/wp\/v2\/categories?post=11268"},{"taxonomy":"post_tag","embeddable":true,"href":"https:\/\/informelitoral.com.ar\/%77%70%2d%6a%73%6f%6e\/wp\/v2\/tags?post=11268"}],"curies":[{"name":"wp","href":"https:\/\/api.w.org\/{rel}","templated":true}]}}