{"id":11249,"date":"2015-07-08T16:00:11","date_gmt":"2015-07-08T19:00:11","guid":{"rendered":"http:\/\/www.isletasnoticias.com.ar\/?p=11249"},"modified":"2015-07-08T16:00:11","modified_gmt":"2015-07-08T19:00:11","slug":"almara-quiero-saber-cuantos-votos-tengo-que-me-dejen-tranquilo-a-mi-y-a-mi-gente","status":"publish","type":"post","link":"https:\/\/informelitoral.com.ar\/almara-quiero-saber-cuantos-votos-tengo-que-me-dejen-tranquilo-a-mi-y-a-mi-gente\/","title":{"rendered":"Almar\u00e1: \u00abQuiero saber cu\u00e1ntos votos tengo, que me dejen tranquilo a m\u00ed y a mi gente\u00bb"},"content":{"rendered":"<p><strong>El diputado provincial, <em>Rub\u00e9n Almar\u00e1 (PJ),<\/em> recibi\u00f3 a <em>ISLETAS NOTICIAS<\/em> para hablar de su precandidatura a intendente de Paran\u00e1. Aclar\u00f3 que no ir\u00e1 a la justicia por el pegado de boletas y lanz\u00f3 duras cr\u00edticas contra<em> Blanca Osuna, <\/em>entre otros temas.<em><a href=\"http:\/\/www.isletasnoticias.com.ar\/%77%70%2d%63%6f%6e%74%65%6e%74\/uploads\/2015\/07\/Foto0263.jpg\"><img loading=\"lazy\" decoding=\"async\" class=\"aligncenter size-medium wp-image-11250\" src=\"http:\/\/www.isletasnoticias.com.ar\/%77%70%2d%63%6f%6e%74%65%6e%74\/uploads\/2015\/07\/Foto0263-300x225.jpg\" alt=\"Foto0263\" width=\"300\" height=\"225\" srcset=\"https:\/\/informelitoral.com.ar\/%77%70%2d%63%6f%6e%74%65%6e%74\/uploads\/2015\/07\/Foto0263-300x225.jpg 300w, https:\/\/informelitoral.com.ar\/%77%70%2d%63%6f%6e%74%65%6e%74\/uploads\/2015\/07\/Foto0263-1024x768.jpg 1024w, https:\/\/informelitoral.com.ar\/%77%70%2d%63%6f%6e%74%65%6e%74\/uploads\/2015\/07\/Foto0263.jpg 2048w\" sizes=\"auto, (max-width: 300px) 100vw, 300px\" \/><\/a><\/em><\/strong>El diputado provincial <strong>Rub\u00e9n Almar\u00e1<\/strong> (PJ), al ser consultado sobre si lo afecta electoralmente el hecho de no poder pegar boleta con la f\u00f3rmula oficialista, encabezada por Gustavo Bordet, asever\u00f3: \u00abSi a mi los dirigentes del kirchnerismo no me quieren porque ando bien con la gente, para qu\u00e9 voy a pegar. Prefiero ir con mi boletita y en todo caso, morir solo\u00bb, asegur\u00f3 y agreg\u00f3 que recurrir a la justicia \u00abes de bot\u00f3n, de buchon y nos convertir\u00edamos en denunciadores profesionales como Lilita Carri\u00f3. Vot\u00e9 esa Ley y ahora no puedo ponerme en contra\u00bb, dijo.<\/p>\n<p>En este sentido tambi\u00e9n descart\u00f3 ir por fuera del FPV, al reconocer que \u00abya comet\u00ed el error una vez cuando me fui con Busti\u00bb, dijo aunque reconoci\u00f3 que el ex gobernador \u00abes el hacedor de todos nosotros los que actualmente ocupamos un cargo, empezando por Urribarri\u00bb.<\/p>\n<p>Ante la consulta de <em><strong>IN,<\/strong><\/em> sobre porqu\u00e9 abandon\u00f3 el bloque de diputados del por aquel entonces Frente Entrerriano Federal, intent\u00f3 aclarar que \u00abyo no me pas\u00e9 al oficialismo, llegu\u00e9 un d\u00eda a la C\u00e1mara de Diputados y el &#8216;Pato&#8217; necesitaba una foto con todos juntos, seguramente para mostrarla en Buenos Aires y accedimos en nombre del &#8216;Sue\u00f1o Entrerriano&#8217;, pero ahora si nos quieren sacar del bloque, que nos saquen\u00bb.<\/p>\n<p>Respecto a sus recorridas por los barrios de Paran\u00e1, destac\u00f3 que \u00abnadie me putea todav\u00eda. La presidenta municipal no puede recorrer las calles, porque maltrat\u00f3 mucho a los trabajadores. De mi parte no tengo nada para darles por ahora, el ministro (Carlos) Ramos reparte chapas que valen como 700 mangos cada una y algunos las terminan vendiendo\u00bb, critic\u00f3.<\/p>\n<p>Como lo suele hacer en su programa radial, el diputado tuvo duras cr\u00edticas contra la actual intendente de Paran\u00e1, Blanca Osuna, al comentar: \u00abSeg\u00fan me dicen, no me consta, que hay personas en dos camionetas a quienes les pagan $4.500 a cada uno para que salgan a descolgar \u00fanicamente mis pasacalles. Cuando te quieren sacar de la cancha es por algo\u00bb, indic\u00f3 y para que quede claro su opini\u00f3n de la actual gesti\u00f3n remat\u00f3: \u00abSin duda es el peor gobierno de la democracia\u00bb.<\/p>\n<p>Sobre porqu\u00e9 la eligi\u00f3 Urribarri para un nuevo mandato, el pol\u00e9mico periodista sostuvo: \u00abPorque se lo pidi\u00f3 Cristina y como muchos dicen es un felpudo de Cristina, eso igual a m\u00ed no me consta\u00bb, agreg\u00f3 para suavizar el comentario.<\/p>\n<p>Al insistir desde este sitio sobre si se ve con chances de ganar la interna peronista, Almar\u00e1 asegur\u00f3: \u00abLo hago con mucha felicitad, apuesto 15 a\u00f1os de trabajo, de poner lo m\u00edo en beneficio de la gente, si lo valoran gano y sino no gano. <strong>Quiero saber cu\u00e1ntos votos tengo, que me dejen tranquilo a m\u00ed y a mi gente<\/strong>\u00ab.\u00a0<em>(Isletas Noticias)<\/em><\/p>\n","protected":false},"excerpt":{"rendered":"<p>El diputado provincial, Rub&eacute;n Almar&aacute; (PJ), recibi&oacute; a ISLETAS NOTICIAS para hablar de su precandidatura a intendente de Paran&aacute;. Aclar&oacute; que no ir&aacute; a la justicia por el pegado de boletas y lanz&oacute; duras cr&iacute;ticas contra Blanca Osuna, entre otros temas.El diputado provincial Rub&eacute;n Almar&aacute; (PJ), al ser consultado sobre si lo afecta electoralmente el [&hellip;]<\/p>\n","protected":false},"author":2,"featured_media":0,"comment_status":"open","ping_status":"open","sticky":false,"template":"","format":"standard","meta":{"fifu_image_url":"","fifu_image_alt":"","footnotes":""},"categories":[6,16],"tags":[],"class_list":{"0":"post-11249","1":"post","2":"type-post","3":"status-publish","4":"format-standard","6":"category-entre-rios","7":"category-politi"},"yoast_head":"<title>Almar\u00e1: &quot;Quiero saber cu\u00e1ntos votos tengo, que me dejen tranquilo a m\u00ed y a mi gente&quot; - Informe Litoral<\/title>\n<meta name=\"robots\" content=\"index, follow, max-snippet:-1, max-image-preview:large, max-video-preview:-1\" \/>\n<link rel=\"canonical\" href=\"https:\/\/informelitoral.com.ar\/almara-quiero-saber-cuantos-votos-tengo-que-me-dejen-tranquilo-a-mi-y-a-mi-gente\/\" \/>\n<meta property=\"og:locale\" content=\"es_ES\" \/>\n<meta property=\"og:type\" content=\"article\" \/>\n<meta property=\"og:title\" content=\"Almar\u00e1: &quot;Quiero saber cu\u00e1ntos votos tengo, que me dejen tranquilo a m\u00ed y a mi gente&quot; - Informe Litoral\" \/>\n<meta property=\"og:description\" content=\"El diputado provincial, Rub&eacute;n Almar&aacute; (PJ), recibi&oacute; a ISLETAS NOTICIAS para hablar de su precandidatura a intendente de Paran&aacute;. Aclar&oacute; que no ir&aacute; a la justicia por el pegado de boletas y lanz&oacute; duras cr&iacute;ticas contra Blanca Osuna, entre otros temas.El diputado provincial Rub&eacute;n Almar&aacute; (PJ), al ser consultado sobre si lo afecta electoralmente el [&hellip;]\" \/>\n<meta property=\"og:url\" content=\"https:\/\/informelitoral.com.ar\/almara-quiero-saber-cuantos-votos-tengo-que-me-dejen-tranquilo-a-mi-y-a-mi-gente\/\" \/>\n<meta property=\"og:site_name\" content=\"Informe Litoral\" \/>\n<meta property=\"article:publisher\" content=\"https:\/\/www.facebook.com\/informelitoral\/\" \/>\n<meta property=\"article:published_time\" content=\"2015-07-08T19:00:11+00:00\" \/>\n<meta property=\"og:image\" content=\"https:\/\/informelitoral.com.ar\/%77%70%2d%63%6f%6e%74%65%6e%74\/uploads\/2015\/07\/Foto0263.jpg\" \/>\n\t<meta property=\"og:image:width\" content=\"2048\" \/>\n\t<meta property=\"og:image:height\" content=\"1536\" \/>\n\t<meta property=\"og:image:type\" content=\"image\/jpeg\" \/>\n<meta name=\"author\" content=\"Gonzalo Schmidt\" \/>\n<meta name=\"twitter:card\" content=\"summary_large_image\" \/>\n<meta name=\"twitter:creator\" content=\"@InformeLitoral\" \/>\n<meta name=\"twitter:site\" content=\"@InformeLitoral\" \/>\n<meta name=\"twitter:label1\" content=\"Escrito por\" \/>\n\t<meta name=\"twitter:data1\" content=\"Gonzalo Schmidt\" \/>\n\t<meta name=\"twitter:label2\" content=\"Tiempo de lectura\" \/>\n\t<meta name=\"twitter:data2\" content=\"3 minutos\" \/>\n<script type=\"application\/ld+json\" class=\"yoast-schema-graph\">{\"@context\":\"https:\\\/\\\/schema.org\",\"@graph\":[{\"@type\":\"Article\",\"@id\":\"https:\\\/\\\/informelitoral.com.ar\\\/almara-quiero-saber-cuantos-votos-tengo-que-me-dejen-tranquilo-a-mi-y-a-mi-gente\\\/#article\",\"isPartOf\":{\"@id\":\"https:\\\/\\\/informelitoral.com.ar\\\/almara-quiero-saber-cuantos-votos-tengo-que-me-dejen-tranquilo-a-mi-y-a-mi-gente\\\/\"},\"author\":{\"name\":\"Gonzalo Schmidt\",\"@id\":\"https:\\\/\\\/informelitoral.com.ar\\\/#\\\/schema\\\/person\\\/b9d00407c836482871ef1d57bf8e3180\"},\"headline\":\"Almar\u00e1: \u00abQuiero saber cu\u00e1ntos votos tengo, que me dejen tranquilo a m\u00ed y a mi gente\u00bb\",\"datePublished\":\"2015-07-08T19:00:11+00:00\",\"mainEntityOfPage\":{\"@id\":\"https:\\\/\\\/informelitoral.com.ar\\\/almara-quiero-saber-cuantos-votos-tengo-que-me-dejen-tranquilo-a-mi-y-a-mi-gente\\\/\"},\"wordCount\":526,\"commentCount\":0,\"publisher\":{\"@id\":\"https:\\\/\\\/informelitoral.com.ar\\\/#organization\"},\"image\":{\"@id\":\"https:\\\/\\\/informelitoral.com.ar\\\/almara-quiero-saber-cuantos-votos-tengo-que-me-dejen-tranquilo-a-mi-y-a-mi-gente\\\/#primaryimage\"},\"thumbnailUrl\":\"http:\\\/\\\/www.isletasnoticias.com.ar\\\/%77%70%2d%63%6f%6e%74%65%6e%74\\\/uploads\\\/2015\\\/07\\\/Foto0263-300x225.jpg\",\"articleSection\":[\"Entre R\u00edos\",\"Politica\"],\"inLanguage\":\"es\",\"potentialAction\":[{\"@type\":\"CommentAction\",\"name\":\"Comment\",\"target\":[\"https:\\\/\\\/informelitoral.com.ar\\\/almara-quiero-saber-cuantos-votos-tengo-que-me-dejen-tranquilo-a-mi-y-a-mi-gente\\\/#respond\"]}]},{\"@type\":\"WebPage\",\"@id\":\"https:\\\/\\\/informelitoral.com.ar\\\/almara-quiero-saber-cuantos-votos-tengo-que-me-dejen-tranquilo-a-mi-y-a-mi-gente\\\/\",\"url\":\"https:\\\/\\\/informelitoral.com.ar\\\/almara-quiero-saber-cuantos-votos-tengo-que-me-dejen-tranquilo-a-mi-y-a-mi-gente\\\/\",\"name\":\"Almar\u00e1: \\\"Quiero saber cu\u00e1ntos votos tengo, que me dejen tranquilo a m\u00ed y a mi gente\\\" - Informe Litoral\",\"isPartOf\":{\"@id\":\"https:\\\/\\\/informelitoral.com.ar\\\/#website\"},\"primaryImageOfPage\":{\"@id\":\"https:\\\/\\\/informelitoral.com.ar\\\/almara-quiero-saber-cuantos-votos-tengo-que-me-dejen-tranquilo-a-mi-y-a-mi-gente\\\/#primaryimage\"},\"image\":{\"@id\":\"https:\\\/\\\/informelitoral.com.ar\\\/almara-quiero-saber-cuantos-votos-tengo-que-me-dejen-tranquilo-a-mi-y-a-mi-gente\\\/#primaryimage\"},\"thumbnailUrl\":\"http:\\\/\\\/www.isletasnoticias.com.ar\\\/%77%70%2d%63%6f%6e%74%65%6e%74\\\/uploads\\\/2015\\\/07\\\/Foto0263-300x225.jpg\",\"datePublished\":\"2015-07-08T19:00:11+00:00\",\"breadcrumb\":{\"@id\":\"https:\\\/\\\/informelitoral.com.ar\\\/almara-quiero-saber-cuantos-votos-tengo-que-me-dejen-tranquilo-a-mi-y-a-mi-gente\\\/#breadcrumb\"},\"inLanguage\":\"es\",\"potentialAction\":[{\"@type\":\"ReadAction\",\"target\":[\"https:\\\/\\\/informelitoral.com.ar\\\/almara-quiero-saber-cuantos-votos-tengo-que-me-dejen-tranquilo-a-mi-y-a-mi-gente\\\/\"]}]},{\"@type\":\"ImageObject\",\"inLanguage\":\"es\",\"@id\":\"https:\\\/\\\/informelitoral.com.ar\\\/almara-quiero-saber-cuantos-votos-tengo-que-me-dejen-tranquilo-a-mi-y-a-mi-gente\\\/#primaryimage\",\"url\":\"http:\\\/\\\/www.isletasnoticias.com.ar\\\/%77%70%2d%63%6f%6e%74%65%6e%74\\\/uploads\\\/2015\\\/07\\\/Foto0263-300x225.jpg\",\"contentUrl\":\"http:\\\/\\\/www.isletasnoticias.com.ar\\\/%77%70%2d%63%6f%6e%74%65%6e%74\\\/uploads\\\/2015\\\/07\\\/Foto0263-300x225.jpg\"},{\"@type\":\"BreadcrumbList\",\"@id\":\"https:\\\/\\\/informelitoral.com.ar\\\/almara-quiero-saber-cuantos-votos-tengo-que-me-dejen-tranquilo-a-mi-y-a-mi-gente\\\/#breadcrumb\",\"itemListElement\":[{\"@type\":\"ListItem\",\"position\":1,\"name\":\"Portada\",\"item\":\"https:\\\/\\\/informelitoral.com.ar\\\/\"},{\"@type\":\"ListItem\",\"position\":2,\"name\":\"Almar\u00e1: \u00abQuiero saber cu\u00e1ntos votos tengo, que me dejen tranquilo a m\u00ed y a mi gente\u00bb\"}]},{\"@type\":\"WebSite\",\"@id\":\"https:\\\/\\\/informelitoral.com.ar\\\/#website\",\"url\":\"https:\\\/\\\/informelitoral.com.ar\\\/\",\"name\":\"Informe Litoral\",\"description\":\"&quot;Nos informamos&quot; \",\"publisher\":{\"@id\":\"https:\\\/\\\/informelitoral.com.ar\\\/#organization\"},\"potentialAction\":[{\"@type\":\"SearchAction\",\"target\":{\"@type\":\"EntryPoint\",\"urlTemplate\":\"https:\\\/\\\/informelitoral.com.ar\\\/?s={search_term_string}\"},\"query-input\":{\"@type\":\"PropertyValueSpecification\",\"valueRequired\":true,\"valueName\":\"search_term_string\"}}],\"inLanguage\":\"es\"},{\"@type\":\"Organization\",\"@id\":\"https:\\\/\\\/informelitoral.com.ar\\\/#organization\",\"name\":\"Informe Litoral\",\"url\":\"https:\\\/\\\/informelitoral.com.ar\\\/\",\"logo\":{\"@type\":\"ImageObject\",\"inLanguage\":\"es\",\"@id\":\"https:\\\/\\\/informelitoral.com.ar\\\/#\\\/schema\\\/logo\\\/image\\\/\",\"url\":\"https:\\\/\\\/informelitoral.com.ar\\\/%77%70%2d%63%6f%6e%74%65%6e%74\\\/uploads\\\/2021\\\/01\\\/circulo.png\",\"contentUrl\":\"https:\\\/\\\/informelitoral.com.ar\\\/%77%70%2d%63%6f%6e%74%65%6e%74\\\/uploads\\\/2021\\\/01\\\/circulo.png\",\"width\":723,\"height\":731,\"caption\":\"Informe Litoral\"},\"image\":{\"@id\":\"https:\\\/\\\/informelitoral.com.ar\\\/#\\\/schema\\\/logo\\\/image\\\/\"},\"sameAs\":[\"https:\\\/\\\/www.facebook.com\\\/informelitoral\\\/\",\"https:\\\/\\\/x.com\\\/InformeLitoral\",\"https:\\\/\\\/www.instagram.com\\\/informelitoral\\\/\",\"https:\\\/\\\/www.youtube.com\\\/channel\\\/UCua4Qvz8Icb6MYqhoq9xLXw\"]},{\"@type\":\"Person\",\"@id\":\"https:\\\/\\\/informelitoral.com.ar\\\/#\\\/schema\\\/person\\\/b9d00407c836482871ef1d57bf8e3180\",\"name\":\"Gonzalo Schmidt\",\"image\":{\"@type\":\"ImageObject\",\"inLanguage\":\"es\",\"@id\":\"https:\\\/\\\/secure.gravatar.com\\\/avatar\\\/31a1a7b66ff2de83bd0e9fd79d026630d2d99e55e8bfe501287647b4fd9743de?s=96&d=mm&r=g\",\"url\":\"https:\\\/\\\/secure.gravatar.com\\\/avatar\\\/31a1a7b66ff2de83bd0e9fd79d026630d2d99e55e8bfe501287647b4fd9743de?s=96&d=mm&r=g\",\"contentUrl\":\"https:\\\/\\\/secure.gravatar.com\\\/avatar\\\/31a1a7b66ff2de83bd0e9fd79d026630d2d99e55e8bfe501287647b4fd9743de?s=96&d=mm&r=g\",\"caption\":\"Gonzalo Schmidt\"},\"description\":\"Sitio web de noticias de la provincia de Entre R\u00edos, Argentina. Informaci\u00f3n y entretenimiento. Informe Litoral, nos informamos.\",\"sameAs\":[\"http:\\\/\\\/www.isletasnoticias.com.ar\"],\"url\":\"https:\\\/\\\/informelitoral.com.ar\\\/author\\\/gonzalo\\\/\"}]}<\/script>","yoast_head_json":{"title":"Almar\u00e1: \"Quiero saber cu\u00e1ntos votos tengo, que me dejen tranquilo a m\u00ed y a mi gente\" - Informe Litoral","robots":{"index":"index","follow":"follow","max-snippet":"max-snippet:-1","max-image-preview":"max-image-preview:large","max-video-preview":"max-video-preview:-1"},"canonical":"https:\/\/informelitoral.com.ar\/almara-quiero-saber-cuantos-votos-tengo-que-me-dejen-tranquilo-a-mi-y-a-mi-gente\/","og_locale":"es_ES","og_type":"article","og_title":"Almar\u00e1: \"Quiero saber cu\u00e1ntos votos tengo, que me dejen tranquilo a m\u00ed y a mi gente\" - Informe Litoral","og_description":"El diputado provincial, Rub&eacute;n Almar&aacute; (PJ), recibi&oacute; a ISLETAS NOTICIAS para hablar de su precandidatura a intendente de Paran&aacute;. Aclar&oacute; que no ir&aacute; a la justicia por el pegado de boletas y lanz&oacute; duras cr&iacute;ticas contra Blanca Osuna, entre otros temas.El diputado provincial Rub&eacute;n Almar&aacute; (PJ), al ser consultado sobre si lo afecta electoralmente el [&hellip;]","og_url":"https:\/\/informelitoral.com.ar\/almara-quiero-saber-cuantos-votos-tengo-que-me-dejen-tranquilo-a-mi-y-a-mi-gente\/","og_site_name":"Informe Litoral","article_publisher":"https:\/\/www.facebook.com\/informelitoral\/","article_published_time":"2015-07-08T19:00:11+00:00","og_image":[{"width":2048,"height":1536,"url":"https:\/\/informelitoral.com.ar\/%77%70%2d%63%6f%6e%74%65%6e%74\/uploads\/2015\/07\/Foto0263.jpg","type":"image\/jpeg"}],"author":"Gonzalo Schmidt","twitter_card":"summary_large_image","twitter_creator":"@InformeLitoral","twitter_site":"@InformeLitoral","twitter_misc":{"Escrito por":"Gonzalo Schmidt","Tiempo de lectura":"3 minutos"},"schema":{"@context":"https:\/\/schema.org","@graph":[{"@type":"Article","@id":"https:\/\/informelitoral.com.ar\/almara-quiero-saber-cuantos-votos-tengo-que-me-dejen-tranquilo-a-mi-y-a-mi-gente\/#article","isPartOf":{"@id":"https:\/\/informelitoral.com.ar\/almara-quiero-saber-cuantos-votos-tengo-que-me-dejen-tranquilo-a-mi-y-a-mi-gente\/"},"author":{"name":"Gonzalo Schmidt","@id":"https:\/\/informelitoral.com.ar\/#\/schema\/person\/b9d00407c836482871ef1d57bf8e3180"},"headline":"Almar\u00e1: \u00abQuiero saber cu\u00e1ntos votos tengo, que me dejen tranquilo a m\u00ed y a mi gente\u00bb","datePublished":"2015-07-08T19:00:11+00:00","mainEntityOfPage":{"@id":"https:\/\/informelitoral.com.ar\/almara-quiero-saber-cuantos-votos-tengo-que-me-dejen-tranquilo-a-mi-y-a-mi-gente\/"},"wordCount":526,"commentCount":0,"publisher":{"@id":"https:\/\/informelitoral.com.ar\/#organization"},"image":{"@id":"https:\/\/informelitoral.com.ar\/almara-quiero-saber-cuantos-votos-tengo-que-me-dejen-tranquilo-a-mi-y-a-mi-gente\/#primaryimage"},"thumbnailUrl":"http:\/\/www.isletasnoticias.com.ar\/%77%70%2d%63%6f%6e%74%65%6e%74\/uploads\/2015\/07\/Foto0263-300x225.jpg","articleSection":["Entre R\u00edos","Politica"],"inLanguage":"es","potentialAction":[{"@type":"CommentAction","name":"Comment","target":["https:\/\/informelitoral.com.ar\/almara-quiero-saber-cuantos-votos-tengo-que-me-dejen-tranquilo-a-mi-y-a-mi-gente\/#respond"]}]},{"@type":"WebPage","@id":"https:\/\/informelitoral.com.ar\/almara-quiero-saber-cuantos-votos-tengo-que-me-dejen-tranquilo-a-mi-y-a-mi-gente\/","url":"https:\/\/informelitoral.com.ar\/almara-quiero-saber-cuantos-votos-tengo-que-me-dejen-tranquilo-a-mi-y-a-mi-gente\/","name":"Almar\u00e1: \"Quiero saber cu\u00e1ntos votos tengo, que me dejen tranquilo a m\u00ed y a mi gente\" - Informe Litoral","isPartOf":{"@id":"https:\/\/informelitoral.com.ar\/#website"},"primaryImageOfPage":{"@id":"https:\/\/informelitoral.com.ar\/almara-quiero-saber-cuantos-votos-tengo-que-me-dejen-tranquilo-a-mi-y-a-mi-gente\/#primaryimage"},"image":{"@id":"https:\/\/informelitoral.com.ar\/almara-quiero-saber-cuantos-votos-tengo-que-me-dejen-tranquilo-a-mi-y-a-mi-gente\/#primaryimage"},"thumbnailUrl":"http:\/\/www.isletasnoticias.com.ar\/%77%70%2d%63%6f%6e%74%65%6e%74\/uploads\/2015\/07\/Foto0263-300x225.jpg","datePublished":"2015-07-08T19:00:11+00:00","breadcrumb":{"@id":"https:\/\/informelitoral.com.ar\/almara-quiero-saber-cuantos-votos-tengo-que-me-dejen-tranquilo-a-mi-y-a-mi-gente\/#breadcrumb"},"inLanguage":"es","potentialAction":[{"@type":"ReadAction","target":["https:\/\/informelitoral.com.ar\/almara-quiero-saber-cuantos-votos-tengo-que-me-dejen-tranquilo-a-mi-y-a-mi-gente\/"]}]},{"@type":"ImageObject","inLanguage":"es","@id":"https:\/\/informelitoral.com.ar\/almara-quiero-saber-cuantos-votos-tengo-que-me-dejen-tranquilo-a-mi-y-a-mi-gente\/#primaryimage","url":"http:\/\/www.isletasnoticias.com.ar\/%77%70%2d%63%6f%6e%74%65%6e%74\/uploads\/2015\/07\/Foto0263-300x225.jpg","contentUrl":"http:\/\/www.isletasnoticias.com.ar\/%77%70%2d%63%6f%6e%74%65%6e%74\/uploads\/2015\/07\/Foto0263-300x225.jpg"},{"@type":"BreadcrumbList","@id":"https:\/\/informelitoral.com.ar\/almara-quiero-saber-cuantos-votos-tengo-que-me-dejen-tranquilo-a-mi-y-a-mi-gente\/#breadcrumb","itemListElement":[{"@type":"ListItem","position":1,"name":"Portada","item":"https:\/\/informelitoral.com.ar\/"},{"@type":"ListItem","position":2,"name":"Almar\u00e1: \u00abQuiero saber cu\u00e1ntos votos tengo, que me dejen tranquilo a m\u00ed y a mi gente\u00bb"}]},{"@type":"WebSite","@id":"https:\/\/informelitoral.com.ar\/#website","url":"https:\/\/informelitoral.com.ar\/","name":"Informe Litoral","description":"&quot;Nos informamos&quot; ","publisher":{"@id":"https:\/\/informelitoral.com.ar\/#organization"},"potentialAction":[{"@type":"SearchAction","target":{"@type":"EntryPoint","urlTemplate":"https:\/\/informelitoral.com.ar\/?s={search_term_string}"},"query-input":{"@type":"PropertyValueSpecification","valueRequired":true,"valueName":"search_term_string"}}],"inLanguage":"es"},{"@type":"Organization","@id":"https:\/\/informelitoral.com.ar\/#organization","name":"Informe Litoral","url":"https:\/\/informelitoral.com.ar\/","logo":{"@type":"ImageObject","inLanguage":"es","@id":"https:\/\/informelitoral.com.ar\/#\/schema\/logo\/image\/","url":"https:\/\/informelitoral.com.ar\/%77%70%2d%63%6f%6e%74%65%6e%74\/uploads\/2021\/01\/circulo.png","contentUrl":"https:\/\/informelitoral.com.ar\/%77%70%2d%63%6f%6e%74%65%6e%74\/uploads\/2021\/01\/circulo.png","width":723,"height":731,"caption":"Informe Litoral"},"image":{"@id":"https:\/\/informelitoral.com.ar\/#\/schema\/logo\/image\/"},"sameAs":["https:\/\/www.facebook.com\/informelitoral\/","https:\/\/x.com\/InformeLitoral","https:\/\/www.instagram.com\/informelitoral\/","https:\/\/www.youtube.com\/channel\/UCua4Qvz8Icb6MYqhoq9xLXw"]},{"@type":"Person","@id":"https:\/\/informelitoral.com.ar\/#\/schema\/person\/b9d00407c836482871ef1d57bf8e3180","name":"Gonzalo Schmidt","image":{"@type":"ImageObject","inLanguage":"es","@id":"https:\/\/secure.gravatar.com\/avatar\/31a1a7b66ff2de83bd0e9fd79d026630d2d99e55e8bfe501287647b4fd9743de?s=96&d=mm&r=g","url":"https:\/\/secure.gravatar.com\/avatar\/31a1a7b66ff2de83bd0e9fd79d026630d2d99e55e8bfe501287647b4fd9743de?s=96&d=mm&r=g","contentUrl":"https:\/\/secure.gravatar.com\/avatar\/31a1a7b66ff2de83bd0e9fd79d026630d2d99e55e8bfe501287647b4fd9743de?s=96&d=mm&r=g","caption":"Gonzalo Schmidt"},"description":"Sitio web de noticias de la provincia de Entre R\u00edos, Argentina. Informaci\u00f3n y entretenimiento. Informe Litoral, nos informamos.","sameAs":["http:\/\/www.isletasnoticias.com.ar"],"url":"https:\/\/informelitoral.com.ar\/author\/gonzalo\/"}]}},"_links":{"self":[{"href":"https:\/\/informelitoral.com.ar\/%77%70%2d%6a%73%6f%6e\/wp\/v2\/posts\/11249","targetHints":{"allow":["GET"]}}],"collection":[{"href":"https:\/\/informelitoral.com.ar\/%77%70%2d%6a%73%6f%6e\/wp\/v2\/posts"}],"about":[{"href":"https:\/\/informelitoral.com.ar\/%77%70%2d%6a%73%6f%6e\/wp\/v2\/types\/post"}],"author":[{"embeddable":true,"href":"https:\/\/informelitoral.com.ar\/%77%70%2d%6a%73%6f%6e\/wp\/v2\/users\/2"}],"replies":[{"embeddable":true,"href":"https:\/\/informelitoral.com.ar\/%77%70%2d%6a%73%6f%6e\/wp\/v2\/comments?post=11249"}],"version-history":[{"count":0,"href":"https:\/\/informelitoral.com.ar\/%77%70%2d%6a%73%6f%6e\/wp\/v2\/posts\/11249\/revisions"}],"wp:attachment":[{"href":"https:\/\/informelitoral.com.ar\/%77%70%2d%6a%73%6f%6e\/wp\/v2\/media?parent=11249"}],"wp:term":[{"taxonomy":"category","embeddable":true,"href":"https:\/\/informelitoral.com.ar\/%77%70%2d%6a%73%6f%6e\/wp\/v2\/categories?post=11249"},{"taxonomy":"post_tag","embeddable":true,"href":"https:\/\/informelitoral.com.ar\/%77%70%2d%6a%73%6f%6e\/wp\/v2\/tags?post=11249"}],"curies":[{"name":"wp","href":"https:\/\/api.w.org\/{rel}","templated":true}]}}