{"id":11245,"date":"2015-07-08T08:54:36","date_gmt":"2015-07-08T11:54:36","guid":{"rendered":"http:\/\/www.isletasnoticias.com.ar\/?p=11245"},"modified":"2015-07-08T08:55:10","modified_gmt":"2015-07-08T11:55:10","slug":"diamante-las-pastillas-del-abuelo-sera-el-numero-central-del-motoencuentro","status":"publish","type":"post","link":"https:\/\/informelitoral.com.ar\/diamante-las-pastillas-del-abuelo-sera-el-numero-central-del-motoencuentro\/","title":{"rendered":"Diamante: Las Pastillas del Abuelo ser\u00e1 el n\u00famero central del Motoencuentro"},"content":{"rendered":"<p class=\"ecxMsoNormal\"><strong>Confirmaron que Las Pastillas del Abuelo ser\u00e1 el n\u00famero central del s\u00e1bado 12 de septiembre, en la vig\u00e9sima edici\u00f3n del Motoencuentro Internacional de Diamante. Este martes se efectu\u00f3 la primera reuni\u00f3n abierta a la comunidad.<a href=\"http:\/\/www.isletasnoticias.com.ar\/%77%70%2d%63%6f%6e%74%65%6e%74\/uploads\/2015\/07\/motoencuentro-las-pastillas-DSC_8974.jpg\"><img loading=\"lazy\" decoding=\"async\" class=\"aligncenter size-medium wp-image-11246\" src=\"http:\/\/www.isletasnoticias.com.ar\/%77%70%2d%63%6f%6e%74%65%6e%74\/uploads\/2015\/07\/motoencuentro-las-pastillas-DSC_8974-300x201.jpg\" alt=\"motoencuentro las pastillas DSC_8974\" width=\"300\" height=\"201\" srcset=\"https:\/\/informelitoral.com.ar\/%77%70%2d%63%6f%6e%74%65%6e%74\/uploads\/2015\/07\/motoencuentro-las-pastillas-DSC_8974-300x201.jpg 300w, https:\/\/informelitoral.com.ar\/%77%70%2d%63%6f%6e%74%65%6e%74\/uploads\/2015\/07\/motoencuentro-las-pastillas-DSC_8974-1024x686.jpg 1024w, https:\/\/informelitoral.com.ar\/%77%70%2d%63%6f%6e%74%65%6e%74\/uploads\/2015\/07\/motoencuentro-las-pastillas-DSC_8974.jpg 2038w\" sizes=\"auto, (max-width: 300px) 100vw, 300px\" \/><\/a><\/strong><\/p>\n<p class=\"ecxMsoNormal\">Alejandro Richardet, subsecretario de Turismo y la intendenta Claudia Gieco confirmaron que el grupo Las Pastillas del Abuelo estar\u00e1 este a\u00f1o como n\u00famero central del s\u00e1bado 12 de septiembre.<\/p>\n<p class=\"ecxMsoNormal\">\u201cDesde hace tres a\u00f1os estamos en conversaciones y por una cuesti\u00f3n de agenda no hab\u00edamos podido contar con su actuaci\u00f3n en el evento. Por suerte este a\u00f1o pudimos concretar que est\u00e9n en Diamante porque era un grupo que los espectadores lo ped\u00edan\u201d, dijo la presidenta municipal.<\/p>\n<p>Las Pastillas grabaron su primer disco en 2005: Por Colectora. Gracias a un concurso radial para bandas nuevas, tuvieron la oportunidad de presentarse en el Pepsi Music de ese a\u00f1o y, en el verano del 2006, telonearon a Las Pelotas.<\/p>\n<p>Desde ah\u00ed no pararon de crecer y llegar\u00e1n a Diamante a presentar su \u00faltimo disco, El Barrio en sus Pu\u00f1os, donde reafirman su rock urbano con fusiones de rock, jazz, candombre y reggae.<\/p>\n<p class=\"ecxMsoNormal\"><strong>Motoencuentro seguro<\/strong><\/p>\n<p class=\"ecxMsoNormal\">Durante el primer encuentro abierto a la comunidad, uno de los ejes de trabajo estuvo orientado a concientizar sobre la necesidad de un Motoencuentro Seguro.<\/p>\n<p class=\"ecxMsoNormal\">\u201cTiene que ver con una campa\u00f1a para evitar males mayores. El a\u00f1o pasado realizamos la primera experiencia y fue muy satisfactorio. Las atenciones m\u00e9dicas y derivaciones a hospitales fue m\u00ednima. Por otra parte, muchos moteros retornaron a Diamante despu\u00e9s de muchos a\u00f1os porque garantizamos un estricto control en rutas y en el ingreso al predio\u201d, explic\u00f3 Alejandro Richardet.<\/p>\n<p class=\"ecxMsoNormal\">El subsecretario de Turismo indic\u00f3 que no se permitir\u00e1 el ingreso de veh\u00edculos con escapes libres y con cortes de llave.<\/p>\n<p class=\"ecxMsoNormal\">\u201cQueremos garantizar que quienes ingresen al evento se sientas m\u00e1s c\u00f3modos y puedan disfrutar de su estad\u00eda\u201d, coment\u00f3.<\/p>\n<p class=\"ecxMsoNormal\"><strong>Bandas<\/strong><\/p>\n<p class=\"ecxMsoNormal\">M\u00e1s all\u00e1 de la confirmaci\u00f3n de Las Pastillas del Abuelo, Richardet asegur\u00f3 que por tratarse de los 20 a\u00f1os del evento habr\u00e1 algunas modificaciones.<\/p>\n<p class=\"ecxMsoNormal\">\u201cEste a\u00f1o queremos agradecer a quienes estuvieron presente durante tantos a\u00f1os. En ese sentido las bandas que actuar\u00e1n \u2013m\u00e1s all\u00e1 de los n\u00fameros centrales\u2013 ser\u00e1n bandas invitadas especialmente\u201d, dijo.<\/p>\n<p class=\"ecxMsoNormal\">Richardet cont\u00f3 que debido a la vig\u00e9sima edici\u00f3n del evento se invitar\u00e1 a las bandas que se destacaron en los \u00faltimos cert\u00e1menes del Pre Bandas. \u201cComo no lo vamos a realizar este a\u00f1o, invitaremos a aquellas bandas que tuvieron mayor aceptaci\u00f3n por parte del p\u00fabico\u201d, dijo.<\/p>\n<p class=\"ecxMsoNormal\">Por consiguiente, al no haber tantas bandas sobre el escenario Pappo Napolitano, otra modificaci\u00f3n ser\u00e1 el comienzo de los show. \u201cLa actividad en el escenario arrancar\u00e1 aproximadamente a las 20:00, y tendremos unas siete bandas por noche\u201d, explic\u00f3.<\/p>\n","protected":false},"excerpt":{"rendered":"<p>Confirmaron que Las Pastillas del Abuelo ser&aacute; el n&uacute;mero central del s&aacute;bado 12 de septiembre, en la vig&eacute;sima edici&oacute;n del Motoencuentro Internacional de Diamante. Este martes se efectu&oacute; la primera reuni&oacute;n abierta a la comunidad. Alejandro Richardet, subsecretario de Turismo y la intendenta Claudia Gieco confirmaron que el grupo Las Pastillas del Abuelo estar&aacute; este [&hellip;]<\/p>\n","protected":false},"author":2,"featured_media":0,"comment_status":"open","ping_status":"open","sticky":false,"template":"","format":"standard","meta":{"fifu_image_url":"","fifu_image_alt":"","footnotes":""},"categories":[5],"tags":[],"class_list":{"0":"post-11245","1":"post","2":"type-post","3":"status-publish","4":"format-standard","6":"category-zonales"},"yoast_head":"<title>Diamante: Las Pastillas del Abuelo ser\u00e1 el n\u00famero central del Motoencuentro - Informe Litoral<\/title>\n<meta name=\"robots\" content=\"index, follow, max-snippet:-1, max-image-preview:large, max-video-preview:-1\" \/>\n<link rel=\"canonical\" href=\"https:\/\/informelitoral.com.ar\/diamante-las-pastillas-del-abuelo-sera-el-numero-central-del-motoencuentro\/\" \/>\n<meta property=\"og:locale\" content=\"es_ES\" \/>\n<meta property=\"og:type\" content=\"article\" \/>\n<meta property=\"og:title\" content=\"Diamante: Las Pastillas del Abuelo ser\u00e1 el n\u00famero central del Motoencuentro - Informe Litoral\" \/>\n<meta property=\"og:description\" content=\"Confirmaron que Las Pastillas del Abuelo ser&aacute; el n&uacute;mero central del s&aacute;bado 12 de septiembre, en la vig&eacute;sima edici&oacute;n del Motoencuentro Internacional de Diamante. Este martes se efectu&oacute; la primera reuni&oacute;n abierta a la comunidad. Alejandro Richardet, subsecretario de Turismo y la intendenta Claudia Gieco confirmaron que el grupo Las Pastillas del Abuelo estar&aacute; este [&hellip;]\" \/>\n<meta property=\"og:url\" content=\"https:\/\/informelitoral.com.ar\/diamante-las-pastillas-del-abuelo-sera-el-numero-central-del-motoencuentro\/\" \/>\n<meta property=\"og:site_name\" content=\"Informe Litoral\" \/>\n<meta property=\"article:publisher\" content=\"https:\/\/www.facebook.com\/informelitoral\/\" \/>\n<meta property=\"article:published_time\" content=\"2015-07-08T11:54:36+00:00\" \/>\n<meta property=\"article:modified_time\" content=\"2015-07-08T11:55:10+00:00\" \/>\n<meta property=\"og:image\" content=\"https:\/\/informelitoral.com.ar\/%77%70%2d%63%6f%6e%74%65%6e%74\/uploads\/2015\/07\/motoencuentro-las-pastillas-DSC_8974.jpg\" \/>\n\t<meta property=\"og:image:width\" content=\"2038\" \/>\n\t<meta property=\"og:image:height\" content=\"1366\" \/>\n\t<meta property=\"og:image:type\" content=\"image\/jpeg\" \/>\n<meta name=\"author\" content=\"Gonzalo Schmidt\" \/>\n<meta name=\"twitter:card\" content=\"summary_large_image\" \/>\n<meta name=\"twitter:creator\" content=\"@InformeLitoral\" \/>\n<meta name=\"twitter:site\" content=\"@InformeLitoral\" \/>\n<meta name=\"twitter:label1\" content=\"Escrito por\" \/>\n\t<meta name=\"twitter:data1\" content=\"Gonzalo Schmidt\" \/>\n\t<meta name=\"twitter:label2\" content=\"Tiempo de lectura\" \/>\n\t<meta name=\"twitter:data2\" content=\"2 minutos\" \/>\n<script type=\"application\/ld+json\" class=\"yoast-schema-graph\">{\"@context\":\"https:\\\/\\\/schema.org\",\"@graph\":[{\"@type\":\"Article\",\"@id\":\"https:\\\/\\\/informelitoral.com.ar\\\/diamante-las-pastillas-del-abuelo-sera-el-numero-central-del-motoencuentro\\\/#article\",\"isPartOf\":{\"@id\":\"https:\\\/\\\/informelitoral.com.ar\\\/diamante-las-pastillas-del-abuelo-sera-el-numero-central-del-motoencuentro\\\/\"},\"author\":{\"name\":\"Gonzalo Schmidt\",\"@id\":\"https:\\\/\\\/informelitoral.com.ar\\\/#\\\/schema\\\/person\\\/b9d00407c836482871ef1d57bf8e3180\"},\"headline\":\"Diamante: Las Pastillas del Abuelo ser\u00e1 el n\u00famero central del Motoencuentro\",\"datePublished\":\"2015-07-08T11:54:36+00:00\",\"dateModified\":\"2015-07-08T11:55:10+00:00\",\"mainEntityOfPage\":{\"@id\":\"https:\\\/\\\/informelitoral.com.ar\\\/diamante-las-pastillas-del-abuelo-sera-el-numero-central-del-motoencuentro\\\/\"},\"wordCount\":495,\"commentCount\":0,\"publisher\":{\"@id\":\"https:\\\/\\\/informelitoral.com.ar\\\/#organization\"},\"image\":{\"@id\":\"https:\\\/\\\/informelitoral.com.ar\\\/diamante-las-pastillas-del-abuelo-sera-el-numero-central-del-motoencuentro\\\/#primaryimage\"},\"thumbnailUrl\":\"http:\\\/\\\/www.isletasnoticias.com.ar\\\/%77%70%2d%63%6f%6e%74%65%6e%74\\\/uploads\\\/2015\\\/07\\\/motoencuentro-las-pastillas-DSC_8974-300x201.jpg\",\"articleSection\":[\"Departamento Diamante\"],\"inLanguage\":\"es\",\"potentialAction\":[{\"@type\":\"CommentAction\",\"name\":\"Comment\",\"target\":[\"https:\\\/\\\/informelitoral.com.ar\\\/diamante-las-pastillas-del-abuelo-sera-el-numero-central-del-motoencuentro\\\/#respond\"]}]},{\"@type\":\"WebPage\",\"@id\":\"https:\\\/\\\/informelitoral.com.ar\\\/diamante-las-pastillas-del-abuelo-sera-el-numero-central-del-motoencuentro\\\/\",\"url\":\"https:\\\/\\\/informelitoral.com.ar\\\/diamante-las-pastillas-del-abuelo-sera-el-numero-central-del-motoencuentro\\\/\",\"name\":\"Diamante: Las Pastillas del Abuelo ser\u00e1 el n\u00famero central del Motoencuentro - Informe Litoral\",\"isPartOf\":{\"@id\":\"https:\\\/\\\/informelitoral.com.ar\\\/#website\"},\"primaryImageOfPage\":{\"@id\":\"https:\\\/\\\/informelitoral.com.ar\\\/diamante-las-pastillas-del-abuelo-sera-el-numero-central-del-motoencuentro\\\/#primaryimage\"},\"image\":{\"@id\":\"https:\\\/\\\/informelitoral.com.ar\\\/diamante-las-pastillas-del-abuelo-sera-el-numero-central-del-motoencuentro\\\/#primaryimage\"},\"thumbnailUrl\":\"http:\\\/\\\/www.isletasnoticias.com.ar\\\/%77%70%2d%63%6f%6e%74%65%6e%74\\\/uploads\\\/2015\\\/07\\\/motoencuentro-las-pastillas-DSC_8974-300x201.jpg\",\"datePublished\":\"2015-07-08T11:54:36+00:00\",\"dateModified\":\"2015-07-08T11:55:10+00:00\",\"breadcrumb\":{\"@id\":\"https:\\\/\\\/informelitoral.com.ar\\\/diamante-las-pastillas-del-abuelo-sera-el-numero-central-del-motoencuentro\\\/#breadcrumb\"},\"inLanguage\":\"es\",\"potentialAction\":[{\"@type\":\"ReadAction\",\"target\":[\"https:\\\/\\\/informelitoral.com.ar\\\/diamante-las-pastillas-del-abuelo-sera-el-numero-central-del-motoencuentro\\\/\"]}]},{\"@type\":\"ImageObject\",\"inLanguage\":\"es\",\"@id\":\"https:\\\/\\\/informelitoral.com.ar\\\/diamante-las-pastillas-del-abuelo-sera-el-numero-central-del-motoencuentro\\\/#primaryimage\",\"url\":\"http:\\\/\\\/www.isletasnoticias.com.ar\\\/%77%70%2d%63%6f%6e%74%65%6e%74\\\/uploads\\\/2015\\\/07\\\/motoencuentro-las-pastillas-DSC_8974-300x201.jpg\",\"contentUrl\":\"http:\\\/\\\/www.isletasnoticias.com.ar\\\/%77%70%2d%63%6f%6e%74%65%6e%74\\\/uploads\\\/2015\\\/07\\\/motoencuentro-las-pastillas-DSC_8974-300x201.jpg\"},{\"@type\":\"BreadcrumbList\",\"@id\":\"https:\\\/\\\/informelitoral.com.ar\\\/diamante-las-pastillas-del-abuelo-sera-el-numero-central-del-motoencuentro\\\/#breadcrumb\",\"itemListElement\":[{\"@type\":\"ListItem\",\"position\":1,\"name\":\"Portada\",\"item\":\"https:\\\/\\\/informelitoral.com.ar\\\/\"},{\"@type\":\"ListItem\",\"position\":2,\"name\":\"Diamante: Las Pastillas del Abuelo ser\u00e1 el n\u00famero central del Motoencuentro\"}]},{\"@type\":\"WebSite\",\"@id\":\"https:\\\/\\\/informelitoral.com.ar\\\/#website\",\"url\":\"https:\\\/\\\/informelitoral.com.ar\\\/\",\"name\":\"Informe Litoral\",\"description\":\"&quot;Nos informamos&quot; \",\"publisher\":{\"@id\":\"https:\\\/\\\/informelitoral.com.ar\\\/#organization\"},\"potentialAction\":[{\"@type\":\"SearchAction\",\"target\":{\"@type\":\"EntryPoint\",\"urlTemplate\":\"https:\\\/\\\/informelitoral.com.ar\\\/?s={search_term_string}\"},\"query-input\":{\"@type\":\"PropertyValueSpecification\",\"valueRequired\":true,\"valueName\":\"search_term_string\"}}],\"inLanguage\":\"es\"},{\"@type\":\"Organization\",\"@id\":\"https:\\\/\\\/informelitoral.com.ar\\\/#organization\",\"name\":\"Informe Litoral\",\"url\":\"https:\\\/\\\/informelitoral.com.ar\\\/\",\"logo\":{\"@type\":\"ImageObject\",\"inLanguage\":\"es\",\"@id\":\"https:\\\/\\\/informelitoral.com.ar\\\/#\\\/schema\\\/logo\\\/image\\\/\",\"url\":\"https:\\\/\\\/informelitoral.com.ar\\\/%77%70%2d%63%6f%6e%74%65%6e%74\\\/uploads\\\/2021\\\/01\\\/circulo.png\",\"contentUrl\":\"https:\\\/\\\/informelitoral.com.ar\\\/%77%70%2d%63%6f%6e%74%65%6e%74\\\/uploads\\\/2021\\\/01\\\/circulo.png\",\"width\":723,\"height\":731,\"caption\":\"Informe Litoral\"},\"image\":{\"@id\":\"https:\\\/\\\/informelitoral.com.ar\\\/#\\\/schema\\\/logo\\\/image\\\/\"},\"sameAs\":[\"https:\\\/\\\/www.facebook.com\\\/informelitoral\\\/\",\"https:\\\/\\\/x.com\\\/InformeLitoral\",\"https:\\\/\\\/www.instagram.com\\\/informelitoral\\\/\",\"https:\\\/\\\/www.youtube.com\\\/channel\\\/UCua4Qvz8Icb6MYqhoq9xLXw\"]},{\"@type\":\"Person\",\"@id\":\"https:\\\/\\\/informelitoral.com.ar\\\/#\\\/schema\\\/person\\\/b9d00407c836482871ef1d57bf8e3180\",\"name\":\"Gonzalo Schmidt\",\"image\":{\"@type\":\"ImageObject\",\"inLanguage\":\"es\",\"@id\":\"https:\\\/\\\/secure.gravatar.com\\\/avatar\\\/31a1a7b66ff2de83bd0e9fd79d026630d2d99e55e8bfe501287647b4fd9743de?s=96&d=mm&r=g\",\"url\":\"https:\\\/\\\/secure.gravatar.com\\\/avatar\\\/31a1a7b66ff2de83bd0e9fd79d026630d2d99e55e8bfe501287647b4fd9743de?s=96&d=mm&r=g\",\"contentUrl\":\"https:\\\/\\\/secure.gravatar.com\\\/avatar\\\/31a1a7b66ff2de83bd0e9fd79d026630d2d99e55e8bfe501287647b4fd9743de?s=96&d=mm&r=g\",\"caption\":\"Gonzalo Schmidt\"},\"description\":\"Sitio web de noticias de la provincia de Entre R\u00edos, Argentina. Informaci\u00f3n y entretenimiento. Informe Litoral, nos informamos.\",\"sameAs\":[\"http:\\\/\\\/www.isletasnoticias.com.ar\"],\"url\":\"https:\\\/\\\/informelitoral.com.ar\\\/author\\\/gonzalo\\\/\"}]}<\/script>","yoast_head_json":{"title":"Diamante: Las Pastillas del Abuelo ser\u00e1 el n\u00famero central del Motoencuentro - Informe Litoral","robots":{"index":"index","follow":"follow","max-snippet":"max-snippet:-1","max-image-preview":"max-image-preview:large","max-video-preview":"max-video-preview:-1"},"canonical":"https:\/\/informelitoral.com.ar\/diamante-las-pastillas-del-abuelo-sera-el-numero-central-del-motoencuentro\/","og_locale":"es_ES","og_type":"article","og_title":"Diamante: Las Pastillas del Abuelo ser\u00e1 el n\u00famero central del Motoencuentro - Informe Litoral","og_description":"Confirmaron que Las Pastillas del Abuelo ser&aacute; el n&uacute;mero central del s&aacute;bado 12 de septiembre, en la vig&eacute;sima edici&oacute;n del Motoencuentro Internacional de Diamante. Este martes se efectu&oacute; la primera reuni&oacute;n abierta a la comunidad. Alejandro Richardet, subsecretario de Turismo y la intendenta Claudia Gieco confirmaron que el grupo Las Pastillas del Abuelo estar&aacute; este [&hellip;]","og_url":"https:\/\/informelitoral.com.ar\/diamante-las-pastillas-del-abuelo-sera-el-numero-central-del-motoencuentro\/","og_site_name":"Informe Litoral","article_publisher":"https:\/\/www.facebook.com\/informelitoral\/","article_published_time":"2015-07-08T11:54:36+00:00","article_modified_time":"2015-07-08T11:55:10+00:00","og_image":[{"width":2038,"height":1366,"url":"https:\/\/informelitoral.com.ar\/%77%70%2d%63%6f%6e%74%65%6e%74\/uploads\/2015\/07\/motoencuentro-las-pastillas-DSC_8974.jpg","type":"image\/jpeg"}],"author":"Gonzalo Schmidt","twitter_card":"summary_large_image","twitter_creator":"@InformeLitoral","twitter_site":"@InformeLitoral","twitter_misc":{"Escrito por":"Gonzalo Schmidt","Tiempo de lectura":"2 minutos"},"schema":{"@context":"https:\/\/schema.org","@graph":[{"@type":"Article","@id":"https:\/\/informelitoral.com.ar\/diamante-las-pastillas-del-abuelo-sera-el-numero-central-del-motoencuentro\/#article","isPartOf":{"@id":"https:\/\/informelitoral.com.ar\/diamante-las-pastillas-del-abuelo-sera-el-numero-central-del-motoencuentro\/"},"author":{"name":"Gonzalo Schmidt","@id":"https:\/\/informelitoral.com.ar\/#\/schema\/person\/b9d00407c836482871ef1d57bf8e3180"},"headline":"Diamante: Las Pastillas del Abuelo ser\u00e1 el n\u00famero central del Motoencuentro","datePublished":"2015-07-08T11:54:36+00:00","dateModified":"2015-07-08T11:55:10+00:00","mainEntityOfPage":{"@id":"https:\/\/informelitoral.com.ar\/diamante-las-pastillas-del-abuelo-sera-el-numero-central-del-motoencuentro\/"},"wordCount":495,"commentCount":0,"publisher":{"@id":"https:\/\/informelitoral.com.ar\/#organization"},"image":{"@id":"https:\/\/informelitoral.com.ar\/diamante-las-pastillas-del-abuelo-sera-el-numero-central-del-motoencuentro\/#primaryimage"},"thumbnailUrl":"http:\/\/www.isletasnoticias.com.ar\/%77%70%2d%63%6f%6e%74%65%6e%74\/uploads\/2015\/07\/motoencuentro-las-pastillas-DSC_8974-300x201.jpg","articleSection":["Departamento Diamante"],"inLanguage":"es","potentialAction":[{"@type":"CommentAction","name":"Comment","target":["https:\/\/informelitoral.com.ar\/diamante-las-pastillas-del-abuelo-sera-el-numero-central-del-motoencuentro\/#respond"]}]},{"@type":"WebPage","@id":"https:\/\/informelitoral.com.ar\/diamante-las-pastillas-del-abuelo-sera-el-numero-central-del-motoencuentro\/","url":"https:\/\/informelitoral.com.ar\/diamante-las-pastillas-del-abuelo-sera-el-numero-central-del-motoencuentro\/","name":"Diamante: Las Pastillas del Abuelo ser\u00e1 el n\u00famero central del Motoencuentro - Informe Litoral","isPartOf":{"@id":"https:\/\/informelitoral.com.ar\/#website"},"primaryImageOfPage":{"@id":"https:\/\/informelitoral.com.ar\/diamante-las-pastillas-del-abuelo-sera-el-numero-central-del-motoencuentro\/#primaryimage"},"image":{"@id":"https:\/\/informelitoral.com.ar\/diamante-las-pastillas-del-abuelo-sera-el-numero-central-del-motoencuentro\/#primaryimage"},"thumbnailUrl":"http:\/\/www.isletasnoticias.com.ar\/%77%70%2d%63%6f%6e%74%65%6e%74\/uploads\/2015\/07\/motoencuentro-las-pastillas-DSC_8974-300x201.jpg","datePublished":"2015-07-08T11:54:36+00:00","dateModified":"2015-07-08T11:55:10+00:00","breadcrumb":{"@id":"https:\/\/informelitoral.com.ar\/diamante-las-pastillas-del-abuelo-sera-el-numero-central-del-motoencuentro\/#breadcrumb"},"inLanguage":"es","potentialAction":[{"@type":"ReadAction","target":["https:\/\/informelitoral.com.ar\/diamante-las-pastillas-del-abuelo-sera-el-numero-central-del-motoencuentro\/"]}]},{"@type":"ImageObject","inLanguage":"es","@id":"https:\/\/informelitoral.com.ar\/diamante-las-pastillas-del-abuelo-sera-el-numero-central-del-motoencuentro\/#primaryimage","url":"http:\/\/www.isletasnoticias.com.ar\/%77%70%2d%63%6f%6e%74%65%6e%74\/uploads\/2015\/07\/motoencuentro-las-pastillas-DSC_8974-300x201.jpg","contentUrl":"http:\/\/www.isletasnoticias.com.ar\/%77%70%2d%63%6f%6e%74%65%6e%74\/uploads\/2015\/07\/motoencuentro-las-pastillas-DSC_8974-300x201.jpg"},{"@type":"BreadcrumbList","@id":"https:\/\/informelitoral.com.ar\/diamante-las-pastillas-del-abuelo-sera-el-numero-central-del-motoencuentro\/#breadcrumb","itemListElement":[{"@type":"ListItem","position":1,"name":"Portada","item":"https:\/\/informelitoral.com.ar\/"},{"@type":"ListItem","position":2,"name":"Diamante: Las Pastillas del Abuelo ser\u00e1 el n\u00famero central del Motoencuentro"}]},{"@type":"WebSite","@id":"https:\/\/informelitoral.com.ar\/#website","url":"https:\/\/informelitoral.com.ar\/","name":"Informe Litoral","description":"&quot;Nos informamos&quot; ","publisher":{"@id":"https:\/\/informelitoral.com.ar\/#organization"},"potentialAction":[{"@type":"SearchAction","target":{"@type":"EntryPoint","urlTemplate":"https:\/\/informelitoral.com.ar\/?s={search_term_string}"},"query-input":{"@type":"PropertyValueSpecification","valueRequired":true,"valueName":"search_term_string"}}],"inLanguage":"es"},{"@type":"Organization","@id":"https:\/\/informelitoral.com.ar\/#organization","name":"Informe Litoral","url":"https:\/\/informelitoral.com.ar\/","logo":{"@type":"ImageObject","inLanguage":"es","@id":"https:\/\/informelitoral.com.ar\/#\/schema\/logo\/image\/","url":"https:\/\/informelitoral.com.ar\/%77%70%2d%63%6f%6e%74%65%6e%74\/uploads\/2021\/01\/circulo.png","contentUrl":"https:\/\/informelitoral.com.ar\/%77%70%2d%63%6f%6e%74%65%6e%74\/uploads\/2021\/01\/circulo.png","width":723,"height":731,"caption":"Informe Litoral"},"image":{"@id":"https:\/\/informelitoral.com.ar\/#\/schema\/logo\/image\/"},"sameAs":["https:\/\/www.facebook.com\/informelitoral\/","https:\/\/x.com\/InformeLitoral","https:\/\/www.instagram.com\/informelitoral\/","https:\/\/www.youtube.com\/channel\/UCua4Qvz8Icb6MYqhoq9xLXw"]},{"@type":"Person","@id":"https:\/\/informelitoral.com.ar\/#\/schema\/person\/b9d00407c836482871ef1d57bf8e3180","name":"Gonzalo Schmidt","image":{"@type":"ImageObject","inLanguage":"es","@id":"https:\/\/secure.gravatar.com\/avatar\/31a1a7b66ff2de83bd0e9fd79d026630d2d99e55e8bfe501287647b4fd9743de?s=96&d=mm&r=g","url":"https:\/\/secure.gravatar.com\/avatar\/31a1a7b66ff2de83bd0e9fd79d026630d2d99e55e8bfe501287647b4fd9743de?s=96&d=mm&r=g","contentUrl":"https:\/\/secure.gravatar.com\/avatar\/31a1a7b66ff2de83bd0e9fd79d026630d2d99e55e8bfe501287647b4fd9743de?s=96&d=mm&r=g","caption":"Gonzalo Schmidt"},"description":"Sitio web de noticias de la provincia de Entre R\u00edos, Argentina. Informaci\u00f3n y entretenimiento. Informe Litoral, nos informamos.","sameAs":["http:\/\/www.isletasnoticias.com.ar"],"url":"https:\/\/informelitoral.com.ar\/author\/gonzalo\/"}]}},"_links":{"self":[{"href":"https:\/\/informelitoral.com.ar\/%77%70%2d%6a%73%6f%6e\/wp\/v2\/posts\/11245","targetHints":{"allow":["GET"]}}],"collection":[{"href":"https:\/\/informelitoral.com.ar\/%77%70%2d%6a%73%6f%6e\/wp\/v2\/posts"}],"about":[{"href":"https:\/\/informelitoral.com.ar\/%77%70%2d%6a%73%6f%6e\/wp\/v2\/types\/post"}],"author":[{"embeddable":true,"href":"https:\/\/informelitoral.com.ar\/%77%70%2d%6a%73%6f%6e\/wp\/v2\/users\/2"}],"replies":[{"embeddable":true,"href":"https:\/\/informelitoral.com.ar\/%77%70%2d%6a%73%6f%6e\/wp\/v2\/comments?post=11245"}],"version-history":[{"count":0,"href":"https:\/\/informelitoral.com.ar\/%77%70%2d%6a%73%6f%6e\/wp\/v2\/posts\/11245\/revisions"}],"wp:attachment":[{"href":"https:\/\/informelitoral.com.ar\/%77%70%2d%6a%73%6f%6e\/wp\/v2\/media?parent=11245"}],"wp:term":[{"taxonomy":"category","embeddable":true,"href":"https:\/\/informelitoral.com.ar\/%77%70%2d%6a%73%6f%6e\/wp\/v2\/categories?post=11245"},{"taxonomy":"post_tag","embeddable":true,"href":"https:\/\/informelitoral.com.ar\/%77%70%2d%6a%73%6f%6e\/wp\/v2\/tags?post=11245"}],"curies":[{"name":"wp","href":"https:\/\/api.w.org\/{rel}","templated":true}]}}