{"id":11242,"date":"2015-07-07T21:04:47","date_gmt":"2015-07-08T00:04:47","guid":{"rendered":"http:\/\/www.isletasnoticias.com.ar\/?p=11242"},"modified":"2015-07-07T21:04:47","modified_gmt":"2015-07-08T00:04:47","slug":"el-campo-endurece-el-reclamo-y-espera-respuesta-del-gobierno","status":"publish","type":"post","link":"https:\/\/informelitoral.com.ar\/el-campo-endurece-el-reclamo-y-espera-respuesta-del-gobierno\/","title":{"rendered":"El campo endurece el reclamo y espera respuesta del Gobierno"},"content":{"rendered":"<p><strong>Los productores volver\u00e1n a movilizarse este mi\u00e9rcoles en Paran\u00e1 y Gualeguaych\u00fa. Reclaman al gobierno que cumpla con el plan de salvataje y a los bancos m\u00e1s financiaci\u00f3n para poder seguir adelante con las inversiones, entre otras demandas.<a href=\"http:\/\/www.isletasnoticias.com.ar\/%77%70%2d%63%6f%6e%74%65%6e%74\/uploads\/2015\/07\/o_1436274535.jpg\"><img loading=\"lazy\" decoding=\"async\" class=\"aligncenter size-medium wp-image-11243\" src=\"http:\/\/www.isletasnoticias.com.ar\/%77%70%2d%63%6f%6e%74%65%6e%74\/uploads\/2015\/07\/o_1436274535-300x169.jpg\" alt=\"o_1436274535\" width=\"300\" height=\"169\" srcset=\"https:\/\/informelitoral.com.ar\/%77%70%2d%63%6f%6e%74%65%6e%74\/uploads\/2015\/07\/o_1436274535-300x169.jpg 300w, https:\/\/informelitoral.com.ar\/%77%70%2d%63%6f%6e%74%65%6e%74\/uploads\/2015\/07\/o_1436274535.jpg 640w\" sizes=\"auto, (max-width: 300px) 100vw, 300px\" \/><\/a><\/strong>El Comit\u00e9 de Crisis del Sector Productivo de Entre R\u00edos ratific\u00f3 que este mi\u00e9rcoles habr\u00e1 movilizaciones en Paran\u00e1 y Gualeguaych\u00fa, en el marco del reclamo por un plan de salvataje para la producci\u00f3n agropecuaria.<\/p>\n<p>Los productores que se est\u00e1n movilizando por la crisis del campo buscar\u00e1n endurecer sus protestas a la vera de las rutas. En la capital entrerriana los ruralistas se concentrar\u00e1n nuevamente en el Acceso Norte; en tanto que en Gualeguaych\u00fa se apostar\u00e1n en la intersecci\u00f3n de las rutas 12 y 14.<\/p>\n<p>Mientras los productores entrerrianos esperan novedades de las demandas exigidas al Gobierno provincial, este martes se reunir\u00e1n las entidades de la Mesa de Enlace nacional para avanzar hacia una jornada nacional de protesta.<\/p>\n<p><strong>Refinanciaci\u00f3n de deuda y cr\u00e9ditos a bancos<\/strong><br \/>\nEn un comunicado envido a los medios, el Comit\u00e9 de Crisis entrerriano solicit\u00f3 a las empresas proveedoras de insumos (agroqu\u00edmicos, semillas, fertilizantes, etc\u00e9tera) a trav\u00e9s de sus distribuidores o en forma directa, la refinanciaci\u00f3n a mediano plazo de las deudas de las campa\u00f1as anteriores y una provisi\u00f3n -en tiempo y forma-, acorde a la situaci\u00f3n que atraviesan para la presente campa\u00f1a.<\/p>\n<p>Otras de las gestiones que se est\u00e1n llevando a cabo desde el Comit\u00e9 de Crisis son: solicitud de cr\u00e9dito al Banco de la Naci\u00f3n Argentina de 2.000 millones de pesos a largo plazo con tasa subsidiada para afrontar la presente campa\u00f1a (tambi\u00e9n se pidi\u00f3 cr\u00e9ditos al Banco de Entre R\u00edos S.A, al Banco Macro, el Santander R\u00edo, Franc\u00e9s, el Banco Patagonia, Credicoop y el Galicia); eliminaci\u00f3n de retenciones en trigo, ma\u00edz, econom\u00edas regionales y disminuci\u00f3n en soja; eliminaci\u00f3n de los Roes; baja sustancial de la presi\u00f3n tributaria provincial; y refinanciaci\u00f3n razonable de cr\u00e9ditos y otras deudas no abonadas por parte de la banca privada.<\/p>\n<p>Cabe recordar que la semana pasada representantes del denominado Comit\u00e9 de Crisis del Sector Productivo de Entre R\u00edos se reunieron en la Casa de Gobierno con los ministros de Econom\u00eda, Diego Valiero, y de Producci\u00f3n, Roberto Schunk, quienes se comprometieron a emitir en breve un decreto que establecer\u00e1 un plan de facilidades de pago de deudas del Impuesto Inmobiliario hasta el 30 de junio de 2015, con un plazo de 36 meses; el env\u00edo por parte del Ejecutivo a la Legislatura de un proyecto de ley para bajar la al\u00edcuota de Ingresos Brutos a los prestadores de servicios al 2%, y elevar el m\u00ednimo no imponible para la actividad primaria hasta $6.000.000 (hoy es de $4.000.000), m\u00e1s la condonaci\u00f3n de multas formales por falta de presentaci\u00f3n de declaraciones juradas, entre otros puntos.<em> (Informe Digital)<\/em><\/p>\n","protected":false},"excerpt":{"rendered":"<p>Los productores volver&aacute;n a movilizarse este mi&eacute;rcoles en Paran&aacute; y Gualeguaych&uacute;. Reclaman al gobierno que cumpla con el plan de salvataje y a los bancos m&aacute;s financiaci&oacute;n para poder seguir adelante con las inversiones, entre otras demandas.El Comit&eacute; de Crisis del Sector Productivo de Entre R&iacute;os ratific&oacute; que este mi&eacute;rcoles habr&aacute; movilizaciones en Paran&aacute; y [&hellip;]<\/p>\n","protected":false},"author":2,"featured_media":0,"comment_status":"open","ping_status":"open","sticky":false,"template":"","format":"standard","meta":{"fifu_image_url":"","fifu_image_alt":"","footnotes":""},"categories":[10,6,16],"tags":[],"class_list":{"0":"post-11242","1":"post","2":"type-post","3":"status-publish","4":"format-standard","6":"category-campo","7":"category-entre-rios","8":"category-politi"},"yoast_head":"<title>El campo endurece el reclamo y espera respuesta del Gobierno - Informe Litoral<\/title>\n<meta name=\"robots\" content=\"index, follow, max-snippet:-1, max-image-preview:large, max-video-preview:-1\" \/>\n<link rel=\"canonical\" href=\"https:\/\/informelitoral.com.ar\/el-campo-endurece-el-reclamo-y-espera-respuesta-del-gobierno\/\" \/>\n<meta property=\"og:locale\" content=\"es_ES\" \/>\n<meta property=\"og:type\" content=\"article\" \/>\n<meta property=\"og:title\" content=\"El campo endurece el reclamo y espera respuesta del Gobierno - Informe Litoral\" \/>\n<meta property=\"og:description\" content=\"Los productores volver&aacute;n a movilizarse este mi&eacute;rcoles en Paran&aacute; y Gualeguaych&uacute;. Reclaman al gobierno que cumpla con el plan de salvataje y a los bancos m&aacute;s financiaci&oacute;n para poder seguir adelante con las inversiones, entre otras demandas.El Comit&eacute; de Crisis del Sector Productivo de Entre R&iacute;os ratific&oacute; que este mi&eacute;rcoles habr&aacute; movilizaciones en Paran&aacute; y [&hellip;]\" \/>\n<meta property=\"og:url\" content=\"https:\/\/informelitoral.com.ar\/el-campo-endurece-el-reclamo-y-espera-respuesta-del-gobierno\/\" \/>\n<meta property=\"og:site_name\" content=\"Informe Litoral\" \/>\n<meta property=\"article:publisher\" content=\"https:\/\/www.facebook.com\/informelitoral\/\" \/>\n<meta property=\"article:published_time\" content=\"2015-07-08T00:04:47+00:00\" \/>\n<meta property=\"og:image\" content=\"https:\/\/informelitoral.com.ar\/%77%70%2d%63%6f%6e%74%65%6e%74\/uploads\/2015\/07\/o_1436274535.jpg\" \/>\n\t<meta property=\"og:image:width\" content=\"640\" \/>\n\t<meta property=\"og:image:height\" content=\"360\" \/>\n\t<meta property=\"og:image:type\" content=\"image\/jpeg\" \/>\n<meta name=\"author\" content=\"Gonzalo Schmidt\" \/>\n<meta name=\"twitter:card\" content=\"summary_large_image\" \/>\n<meta name=\"twitter:creator\" content=\"@InformeLitoral\" \/>\n<meta name=\"twitter:site\" content=\"@InformeLitoral\" \/>\n<meta name=\"twitter:label1\" content=\"Escrito por\" \/>\n\t<meta name=\"twitter:data1\" content=\"Gonzalo Schmidt\" \/>\n\t<meta name=\"twitter:label2\" content=\"Tiempo de lectura\" \/>\n\t<meta name=\"twitter:data2\" content=\"3 minutos\" \/>\n<script type=\"application\/ld+json\" class=\"yoast-schema-graph\">{\"@context\":\"https:\\\/\\\/schema.org\",\"@graph\":[{\"@type\":\"Article\",\"@id\":\"https:\\\/\\\/informelitoral.com.ar\\\/el-campo-endurece-el-reclamo-y-espera-respuesta-del-gobierno\\\/#article\",\"isPartOf\":{\"@id\":\"https:\\\/\\\/informelitoral.com.ar\\\/el-campo-endurece-el-reclamo-y-espera-respuesta-del-gobierno\\\/\"},\"author\":{\"name\":\"Gonzalo Schmidt\",\"@id\":\"https:\\\/\\\/informelitoral.com.ar\\\/#\\\/schema\\\/person\\\/b9d00407c836482871ef1d57bf8e3180\"},\"headline\":\"El campo endurece el reclamo y espera respuesta del Gobierno\",\"datePublished\":\"2015-07-08T00:04:47+00:00\",\"mainEntityOfPage\":{\"@id\":\"https:\\\/\\\/informelitoral.com.ar\\\/el-campo-endurece-el-reclamo-y-espera-respuesta-del-gobierno\\\/\"},\"wordCount\":511,\"commentCount\":0,\"publisher\":{\"@id\":\"https:\\\/\\\/informelitoral.com.ar\\\/#organization\"},\"image\":{\"@id\":\"https:\\\/\\\/informelitoral.com.ar\\\/el-campo-endurece-el-reclamo-y-espera-respuesta-del-gobierno\\\/#primaryimage\"},\"thumbnailUrl\":\"http:\\\/\\\/www.isletasnoticias.com.ar\\\/%77%70%2d%63%6f%6e%74%65%6e%74\\\/uploads\\\/2015\\\/07\\\/o_1436274535-300x169.jpg\",\"articleSection\":[\"Campo\",\"Entre R\u00edos\",\"Politica\"],\"inLanguage\":\"es\",\"potentialAction\":[{\"@type\":\"CommentAction\",\"name\":\"Comment\",\"target\":[\"https:\\\/\\\/informelitoral.com.ar\\\/el-campo-endurece-el-reclamo-y-espera-respuesta-del-gobierno\\\/#respond\"]}]},{\"@type\":\"WebPage\",\"@id\":\"https:\\\/\\\/informelitoral.com.ar\\\/el-campo-endurece-el-reclamo-y-espera-respuesta-del-gobierno\\\/\",\"url\":\"https:\\\/\\\/informelitoral.com.ar\\\/el-campo-endurece-el-reclamo-y-espera-respuesta-del-gobierno\\\/\",\"name\":\"El campo endurece el reclamo y espera respuesta del Gobierno - Informe Litoral\",\"isPartOf\":{\"@id\":\"https:\\\/\\\/informelitoral.com.ar\\\/#website\"},\"primaryImageOfPage\":{\"@id\":\"https:\\\/\\\/informelitoral.com.ar\\\/el-campo-endurece-el-reclamo-y-espera-respuesta-del-gobierno\\\/#primaryimage\"},\"image\":{\"@id\":\"https:\\\/\\\/informelitoral.com.ar\\\/el-campo-endurece-el-reclamo-y-espera-respuesta-del-gobierno\\\/#primaryimage\"},\"thumbnailUrl\":\"http:\\\/\\\/www.isletasnoticias.com.ar\\\/%77%70%2d%63%6f%6e%74%65%6e%74\\\/uploads\\\/2015\\\/07\\\/o_1436274535-300x169.jpg\",\"datePublished\":\"2015-07-08T00:04:47+00:00\",\"breadcrumb\":{\"@id\":\"https:\\\/\\\/informelitoral.com.ar\\\/el-campo-endurece-el-reclamo-y-espera-respuesta-del-gobierno\\\/#breadcrumb\"},\"inLanguage\":\"es\",\"potentialAction\":[{\"@type\":\"ReadAction\",\"target\":[\"https:\\\/\\\/informelitoral.com.ar\\\/el-campo-endurece-el-reclamo-y-espera-respuesta-del-gobierno\\\/\"]}]},{\"@type\":\"ImageObject\",\"inLanguage\":\"es\",\"@id\":\"https:\\\/\\\/informelitoral.com.ar\\\/el-campo-endurece-el-reclamo-y-espera-respuesta-del-gobierno\\\/#primaryimage\",\"url\":\"http:\\\/\\\/www.isletasnoticias.com.ar\\\/%77%70%2d%63%6f%6e%74%65%6e%74\\\/uploads\\\/2015\\\/07\\\/o_1436274535-300x169.jpg\",\"contentUrl\":\"http:\\\/\\\/www.isletasnoticias.com.ar\\\/%77%70%2d%63%6f%6e%74%65%6e%74\\\/uploads\\\/2015\\\/07\\\/o_1436274535-300x169.jpg\"},{\"@type\":\"BreadcrumbList\",\"@id\":\"https:\\\/\\\/informelitoral.com.ar\\\/el-campo-endurece-el-reclamo-y-espera-respuesta-del-gobierno\\\/#breadcrumb\",\"itemListElement\":[{\"@type\":\"ListItem\",\"position\":1,\"name\":\"Portada\",\"item\":\"https:\\\/\\\/informelitoral.com.ar\\\/\"},{\"@type\":\"ListItem\",\"position\":2,\"name\":\"El campo endurece el reclamo y espera respuesta del Gobierno\"}]},{\"@type\":\"WebSite\",\"@id\":\"https:\\\/\\\/informelitoral.com.ar\\\/#website\",\"url\":\"https:\\\/\\\/informelitoral.com.ar\\\/\",\"name\":\"Informe Litoral\",\"description\":\"&quot;Nos informamos&quot; \",\"publisher\":{\"@id\":\"https:\\\/\\\/informelitoral.com.ar\\\/#organization\"},\"potentialAction\":[{\"@type\":\"SearchAction\",\"target\":{\"@type\":\"EntryPoint\",\"urlTemplate\":\"https:\\\/\\\/informelitoral.com.ar\\\/?s={search_term_string}\"},\"query-input\":{\"@type\":\"PropertyValueSpecification\",\"valueRequired\":true,\"valueName\":\"search_term_string\"}}],\"inLanguage\":\"es\"},{\"@type\":\"Organization\",\"@id\":\"https:\\\/\\\/informelitoral.com.ar\\\/#organization\",\"name\":\"Informe Litoral\",\"url\":\"https:\\\/\\\/informelitoral.com.ar\\\/\",\"logo\":{\"@type\":\"ImageObject\",\"inLanguage\":\"es\",\"@id\":\"https:\\\/\\\/informelitoral.com.ar\\\/#\\\/schema\\\/logo\\\/image\\\/\",\"url\":\"https:\\\/\\\/informelitoral.com.ar\\\/%77%70%2d%63%6f%6e%74%65%6e%74\\\/uploads\\\/2021\\\/01\\\/circulo.png\",\"contentUrl\":\"https:\\\/\\\/informelitoral.com.ar\\\/%77%70%2d%63%6f%6e%74%65%6e%74\\\/uploads\\\/2021\\\/01\\\/circulo.png\",\"width\":723,\"height\":731,\"caption\":\"Informe Litoral\"},\"image\":{\"@id\":\"https:\\\/\\\/informelitoral.com.ar\\\/#\\\/schema\\\/logo\\\/image\\\/\"},\"sameAs\":[\"https:\\\/\\\/www.facebook.com\\\/informelitoral\\\/\",\"https:\\\/\\\/x.com\\\/InformeLitoral\",\"https:\\\/\\\/www.instagram.com\\\/informelitoral\\\/\",\"https:\\\/\\\/www.youtube.com\\\/channel\\\/UCua4Qvz8Icb6MYqhoq9xLXw\"]},{\"@type\":\"Person\",\"@id\":\"https:\\\/\\\/informelitoral.com.ar\\\/#\\\/schema\\\/person\\\/b9d00407c836482871ef1d57bf8e3180\",\"name\":\"Gonzalo Schmidt\",\"image\":{\"@type\":\"ImageObject\",\"inLanguage\":\"es\",\"@id\":\"https:\\\/\\\/secure.gravatar.com\\\/avatar\\\/31a1a7b66ff2de83bd0e9fd79d026630d2d99e55e8bfe501287647b4fd9743de?s=96&d=mm&r=g\",\"url\":\"https:\\\/\\\/secure.gravatar.com\\\/avatar\\\/31a1a7b66ff2de83bd0e9fd79d026630d2d99e55e8bfe501287647b4fd9743de?s=96&d=mm&r=g\",\"contentUrl\":\"https:\\\/\\\/secure.gravatar.com\\\/avatar\\\/31a1a7b66ff2de83bd0e9fd79d026630d2d99e55e8bfe501287647b4fd9743de?s=96&d=mm&r=g\",\"caption\":\"Gonzalo Schmidt\"},\"description\":\"Sitio web de noticias de la provincia de Entre R\u00edos, Argentina. Informaci\u00f3n y entretenimiento. Informe Litoral, nos informamos.\",\"sameAs\":[\"http:\\\/\\\/www.isletasnoticias.com.ar\"],\"url\":\"https:\\\/\\\/informelitoral.com.ar\\\/author\\\/gonzalo\\\/\"}]}<\/script>","yoast_head_json":{"title":"El campo endurece el reclamo y espera respuesta del Gobierno - Informe Litoral","robots":{"index":"index","follow":"follow","max-snippet":"max-snippet:-1","max-image-preview":"max-image-preview:large","max-video-preview":"max-video-preview:-1"},"canonical":"https:\/\/informelitoral.com.ar\/el-campo-endurece-el-reclamo-y-espera-respuesta-del-gobierno\/","og_locale":"es_ES","og_type":"article","og_title":"El campo endurece el reclamo y espera respuesta del Gobierno - Informe Litoral","og_description":"Los productores volver&aacute;n a movilizarse este mi&eacute;rcoles en Paran&aacute; y Gualeguaych&uacute;. Reclaman al gobierno que cumpla con el plan de salvataje y a los bancos m&aacute;s financiaci&oacute;n para poder seguir adelante con las inversiones, entre otras demandas.El Comit&eacute; de Crisis del Sector Productivo de Entre R&iacute;os ratific&oacute; que este mi&eacute;rcoles habr&aacute; movilizaciones en Paran&aacute; y [&hellip;]","og_url":"https:\/\/informelitoral.com.ar\/el-campo-endurece-el-reclamo-y-espera-respuesta-del-gobierno\/","og_site_name":"Informe Litoral","article_publisher":"https:\/\/www.facebook.com\/informelitoral\/","article_published_time":"2015-07-08T00:04:47+00:00","og_image":[{"width":640,"height":360,"url":"https:\/\/informelitoral.com.ar\/%77%70%2d%63%6f%6e%74%65%6e%74\/uploads\/2015\/07\/o_1436274535.jpg","type":"image\/jpeg"}],"author":"Gonzalo Schmidt","twitter_card":"summary_large_image","twitter_creator":"@InformeLitoral","twitter_site":"@InformeLitoral","twitter_misc":{"Escrito por":"Gonzalo Schmidt","Tiempo de lectura":"3 minutos"},"schema":{"@context":"https:\/\/schema.org","@graph":[{"@type":"Article","@id":"https:\/\/informelitoral.com.ar\/el-campo-endurece-el-reclamo-y-espera-respuesta-del-gobierno\/#article","isPartOf":{"@id":"https:\/\/informelitoral.com.ar\/el-campo-endurece-el-reclamo-y-espera-respuesta-del-gobierno\/"},"author":{"name":"Gonzalo Schmidt","@id":"https:\/\/informelitoral.com.ar\/#\/schema\/person\/b9d00407c836482871ef1d57bf8e3180"},"headline":"El campo endurece el reclamo y espera respuesta del Gobierno","datePublished":"2015-07-08T00:04:47+00:00","mainEntityOfPage":{"@id":"https:\/\/informelitoral.com.ar\/el-campo-endurece-el-reclamo-y-espera-respuesta-del-gobierno\/"},"wordCount":511,"commentCount":0,"publisher":{"@id":"https:\/\/informelitoral.com.ar\/#organization"},"image":{"@id":"https:\/\/informelitoral.com.ar\/el-campo-endurece-el-reclamo-y-espera-respuesta-del-gobierno\/#primaryimage"},"thumbnailUrl":"http:\/\/www.isletasnoticias.com.ar\/%77%70%2d%63%6f%6e%74%65%6e%74\/uploads\/2015\/07\/o_1436274535-300x169.jpg","articleSection":["Campo","Entre R\u00edos","Politica"],"inLanguage":"es","potentialAction":[{"@type":"CommentAction","name":"Comment","target":["https:\/\/informelitoral.com.ar\/el-campo-endurece-el-reclamo-y-espera-respuesta-del-gobierno\/#respond"]}]},{"@type":"WebPage","@id":"https:\/\/informelitoral.com.ar\/el-campo-endurece-el-reclamo-y-espera-respuesta-del-gobierno\/","url":"https:\/\/informelitoral.com.ar\/el-campo-endurece-el-reclamo-y-espera-respuesta-del-gobierno\/","name":"El campo endurece el reclamo y espera respuesta del Gobierno - Informe Litoral","isPartOf":{"@id":"https:\/\/informelitoral.com.ar\/#website"},"primaryImageOfPage":{"@id":"https:\/\/informelitoral.com.ar\/el-campo-endurece-el-reclamo-y-espera-respuesta-del-gobierno\/#primaryimage"},"image":{"@id":"https:\/\/informelitoral.com.ar\/el-campo-endurece-el-reclamo-y-espera-respuesta-del-gobierno\/#primaryimage"},"thumbnailUrl":"http:\/\/www.isletasnoticias.com.ar\/%77%70%2d%63%6f%6e%74%65%6e%74\/uploads\/2015\/07\/o_1436274535-300x169.jpg","datePublished":"2015-07-08T00:04:47+00:00","breadcrumb":{"@id":"https:\/\/informelitoral.com.ar\/el-campo-endurece-el-reclamo-y-espera-respuesta-del-gobierno\/#breadcrumb"},"inLanguage":"es","potentialAction":[{"@type":"ReadAction","target":["https:\/\/informelitoral.com.ar\/el-campo-endurece-el-reclamo-y-espera-respuesta-del-gobierno\/"]}]},{"@type":"ImageObject","inLanguage":"es","@id":"https:\/\/informelitoral.com.ar\/el-campo-endurece-el-reclamo-y-espera-respuesta-del-gobierno\/#primaryimage","url":"http:\/\/www.isletasnoticias.com.ar\/%77%70%2d%63%6f%6e%74%65%6e%74\/uploads\/2015\/07\/o_1436274535-300x169.jpg","contentUrl":"http:\/\/www.isletasnoticias.com.ar\/%77%70%2d%63%6f%6e%74%65%6e%74\/uploads\/2015\/07\/o_1436274535-300x169.jpg"},{"@type":"BreadcrumbList","@id":"https:\/\/informelitoral.com.ar\/el-campo-endurece-el-reclamo-y-espera-respuesta-del-gobierno\/#breadcrumb","itemListElement":[{"@type":"ListItem","position":1,"name":"Portada","item":"https:\/\/informelitoral.com.ar\/"},{"@type":"ListItem","position":2,"name":"El campo endurece el reclamo y espera respuesta del Gobierno"}]},{"@type":"WebSite","@id":"https:\/\/informelitoral.com.ar\/#website","url":"https:\/\/informelitoral.com.ar\/","name":"Informe Litoral","description":"&quot;Nos informamos&quot; ","publisher":{"@id":"https:\/\/informelitoral.com.ar\/#organization"},"potentialAction":[{"@type":"SearchAction","target":{"@type":"EntryPoint","urlTemplate":"https:\/\/informelitoral.com.ar\/?s={search_term_string}"},"query-input":{"@type":"PropertyValueSpecification","valueRequired":true,"valueName":"search_term_string"}}],"inLanguage":"es"},{"@type":"Organization","@id":"https:\/\/informelitoral.com.ar\/#organization","name":"Informe Litoral","url":"https:\/\/informelitoral.com.ar\/","logo":{"@type":"ImageObject","inLanguage":"es","@id":"https:\/\/informelitoral.com.ar\/#\/schema\/logo\/image\/","url":"https:\/\/informelitoral.com.ar\/%77%70%2d%63%6f%6e%74%65%6e%74\/uploads\/2021\/01\/circulo.png","contentUrl":"https:\/\/informelitoral.com.ar\/%77%70%2d%63%6f%6e%74%65%6e%74\/uploads\/2021\/01\/circulo.png","width":723,"height":731,"caption":"Informe Litoral"},"image":{"@id":"https:\/\/informelitoral.com.ar\/#\/schema\/logo\/image\/"},"sameAs":["https:\/\/www.facebook.com\/informelitoral\/","https:\/\/x.com\/InformeLitoral","https:\/\/www.instagram.com\/informelitoral\/","https:\/\/www.youtube.com\/channel\/UCua4Qvz8Icb6MYqhoq9xLXw"]},{"@type":"Person","@id":"https:\/\/informelitoral.com.ar\/#\/schema\/person\/b9d00407c836482871ef1d57bf8e3180","name":"Gonzalo Schmidt","image":{"@type":"ImageObject","inLanguage":"es","@id":"https:\/\/secure.gravatar.com\/avatar\/31a1a7b66ff2de83bd0e9fd79d026630d2d99e55e8bfe501287647b4fd9743de?s=96&d=mm&r=g","url":"https:\/\/secure.gravatar.com\/avatar\/31a1a7b66ff2de83bd0e9fd79d026630d2d99e55e8bfe501287647b4fd9743de?s=96&d=mm&r=g","contentUrl":"https:\/\/secure.gravatar.com\/avatar\/31a1a7b66ff2de83bd0e9fd79d026630d2d99e55e8bfe501287647b4fd9743de?s=96&d=mm&r=g","caption":"Gonzalo Schmidt"},"description":"Sitio web de noticias de la provincia de Entre R\u00edos, Argentina. Informaci\u00f3n y entretenimiento. Informe Litoral, nos informamos.","sameAs":["http:\/\/www.isletasnoticias.com.ar"],"url":"https:\/\/informelitoral.com.ar\/author\/gonzalo\/"}]}},"_links":{"self":[{"href":"https:\/\/informelitoral.com.ar\/%77%70%2d%6a%73%6f%6e\/wp\/v2\/posts\/11242","targetHints":{"allow":["GET"]}}],"collection":[{"href":"https:\/\/informelitoral.com.ar\/%77%70%2d%6a%73%6f%6e\/wp\/v2\/posts"}],"about":[{"href":"https:\/\/informelitoral.com.ar\/%77%70%2d%6a%73%6f%6e\/wp\/v2\/types\/post"}],"author":[{"embeddable":true,"href":"https:\/\/informelitoral.com.ar\/%77%70%2d%6a%73%6f%6e\/wp\/v2\/users\/2"}],"replies":[{"embeddable":true,"href":"https:\/\/informelitoral.com.ar\/%77%70%2d%6a%73%6f%6e\/wp\/v2\/comments?post=11242"}],"version-history":[{"count":0,"href":"https:\/\/informelitoral.com.ar\/%77%70%2d%6a%73%6f%6e\/wp\/v2\/posts\/11242\/revisions"}],"wp:attachment":[{"href":"https:\/\/informelitoral.com.ar\/%77%70%2d%6a%73%6f%6e\/wp\/v2\/media?parent=11242"}],"wp:term":[{"taxonomy":"category","embeddable":true,"href":"https:\/\/informelitoral.com.ar\/%77%70%2d%6a%73%6f%6e\/wp\/v2\/categories?post=11242"},{"taxonomy":"post_tag","embeddable":true,"href":"https:\/\/informelitoral.com.ar\/%77%70%2d%6a%73%6f%6e\/wp\/v2\/tags?post=11242"}],"curies":[{"name":"wp","href":"https:\/\/api.w.org\/{rel}","templated":true}]}}