{"id":11235,"date":"2015-07-07T17:08:17","date_gmt":"2015-07-07T20:08:17","guid":{"rendered":"http:\/\/www.isletasnoticias.com.ar\/?p=11235"},"modified":"2015-07-07T17:08:17","modified_gmt":"2015-07-07T20:08:17","slug":"se-conocieron-las-ofertas-para-construir-en-parana-un-centro-de-tratamiento-de-adicciones","status":"publish","type":"post","link":"https:\/\/informelitoral.com.ar\/se-conocieron-las-ofertas-para-construir-en-parana-un-centro-de-tratamiento-de-adicciones\/","title":{"rendered":"Se conocieron las ofertas para construir en Paran\u00e1 un centro de tratamiento de adicciones"},"content":{"rendered":"<div class=\"interior-bajada\"><strong>Al abrir la propuesta econ\u00f3mica de la licitaci\u00f3n para la construcci\u00f3n del Centro Provincial de Prevenci\u00f3n de Adicciones de la ciudad de Paran\u00e1, el gobernador <em>Sergio Urribarri<\/em> asegur\u00f3 que este emprendimiento marca la pol\u00edtica de un Estado presente. Lo acompa\u00f1aron el vicegobernador <em>Jos\u00e9 C\u00e1ceres<\/em> y los intendentes <em>Blanca Osuna,<\/em> de la capital entrerriana, y <em>Gustavo Bordet, <\/em>de Concordia.<a href=\"http:\/\/www.isletasnoticias.com.ar\/%77%70%2d%63%6f%6e%74%65%6e%74\/uploads\/2015\/07\/b_1436208123.jpg\"><img loading=\"lazy\" decoding=\"async\" class=\"aligncenter size-medium wp-image-11236\" src=\"http:\/\/www.isletasnoticias.com.ar\/%77%70%2d%63%6f%6e%74%65%6e%74\/uploads\/2015\/07\/b_1436208123-300x200.jpg\" alt=\"b_1436208123\" width=\"300\" height=\"200\" srcset=\"https:\/\/informelitoral.com.ar\/%77%70%2d%63%6f%6e%74%65%6e%74\/uploads\/2015\/07\/b_1436208123-300x200.jpg 300w, https:\/\/informelitoral.com.ar\/%77%70%2d%63%6f%6e%74%65%6e%74\/uploads\/2015\/07\/b_1436208123.jpg 492w\" sizes=\"auto, (max-width: 300px) 100vw, 300px\" \/><\/a><\/strong><\/div>\n<div class=\"interior-bajada\">Este centro es parte de un programa que contempla uno similar en la costa del Uruguay y cinco casas terap\u00e9uticos en diferentes ciudades. \u201cSon obras tienen un sentido estrictamente humano\u201d, asegur\u00f3 Urribarri.<\/div>\n<div class=\"interior-bajada\">\nLa firma Ingeniero Quaranta SA, present\u00f3 su oferta para la construcci\u00f3n del Centro Provincial de Atenci\u00f3n y Prevenci\u00f3n de Adiciones en Paran\u00e1, con un presupuesto oficial de casi 50 millones de pesos.<\/p>\n<p>La obra se enmarca en un programa que contempla la construcci\u00f3n de dos centros provinciales de atenci\u00f3n y prevenci\u00f3n de adicciones, uno en Paran\u00e1 y otro en Concordia, con una inversi\u00f3n provincial de 121,8 millones de pesos, y cinco centros de d\u00eda educativos terap\u00e9uticos en Col\u00f3n, Gualeguaych\u00fa, Concepci\u00f3n del Uruguay, Paran\u00e1 y Concordia que demandar\u00e1n a la naci\u00f3n una cifra cercana a los 70 millones de pesos.<\/p>\n<p><b>Estado presente<\/b><br \/>\nEl gobernador Urribarri manifest\u00f3 que \u201cestos centros, con una inversi\u00f3n hist\u00f3rica, van a permitir completar una red provincial que no creo que exista en otra provincia en materia de atenci\u00f3n y prevenci\u00f3n de adicciones. Son obras van a permitir que la comunidad vea que hay un Estado presente\u201d, enfatiz\u00f3.<\/p>\n<p>Luego cont\u00f3 que hace pocos d\u00edas observ\u00f3 en Col\u00f3n la construcci\u00f3n del centro de d\u00eda terap\u00e9utico que se erige en esa ciudad con un importante grado de avance y asegur\u00f3 que \u201ces una obra maravillosa donde ya se est\u00e1n techando cientos y cientos de metros\u201d.<\/p>\n<p>Luego indic\u00f3: \u201cAgradezco a los representantes de los credos religiosos que han confiado para caminar juntos y alumbrar una demanda muy sensible que duele y que posibilitar\u00e1 que muchos chicos puedan tener a partir de ahora lugares para tratamiento. Puede que haya todav\u00eda hoy una discusi\u00f3n en cuanto a la necesidad de centros de tratamiento o no, pero las mam\u00e1s y los pap\u00e1s requieren y piden estos lugares para sus hijos\u201d.<\/p>\n<p>Finalmente, sostuvo que \u201cdespu\u00e9s de tantas obras en materia educativa, vial o energ\u00e9tica, estas siete obras tienen un sentido estrictamente humano. En este tiempo de tantos desaf\u00edos, \u00e9ste es uno de los m\u00e1s importantes que tiene el Estado\u00bb.<\/p>\n<p>Tambi\u00e9n participaron el ministro de Educaci\u00f3n, Deportes y Prevenci\u00f3n de Adicciones, Jos\u00e9 Lauritto; la presidenta del Consejo General de Educaci\u00f3n; Claudia Vallori; y la secretaria de Obras y Servicios P\u00fablicos, Alicia Ben\u00edtez. Adem\u00e1s estuvieron los legisladores provinciales Mart\u00edn Uranga, Enrique Cresto, Rosario Romero y Daniel Ruberto, pastores de diferentes cultos y referentes sociales relacionados con la problem\u00e1tica de las adicciones, entre otras autoridades<\/p>\n<p><b>Compromiso hist\u00f3rico<\/b><br \/>\nLauritto consider\u00f3 que \u201ceste no es un d\u00eda mas y sin dudas lo recordaremos cuando pensemos en la concreci\u00f3n de un proyecto que da respuestas a una necesidad concreta\u201d.<\/p>\n<p>\u201cSomos conscientes que muchos de nuestros chicos con problemas de adicciones deben atenderse fuera de la provincia y por eso decidimos avanzar en la construcci\u00f3n de los dos centros de atenci\u00f3n y en las cinco Casas Educativas Terap\u00e9uticas. Nuestro gobernador asumi\u00f3 un compromiso hist\u00f3rico y nosotros lo llevamos adelante en conjunto con los municipios de Concordia, Paran\u00e1, Concepci\u00f3n del Uruguay, Col\u00f3n y Gualeguaych\u00fa, de modo de hacer frente a las necesidades que la sociedad nos plantea en referencia al flagelo de las adicciones\u201d, complet\u00f3 el ministro.<\/p>\n<p><b>\u201cAcierto del gobierno\u201d<\/b><br \/>\nTambi\u00e9n los referentes de entidades que trabajan en la problem\u00e1tica de las adicciones destacaron la importancia de estos espacios.<\/p>\n<p>El pastor Ram\u00f3n Sale, representantes de las Iglesias Bautistas de Paran\u00e1, lo consider\u00f3 \u201cun acierto del gobierno provincial\u201d, agradeci\u00f3 al gobernador por tomar esta iniciativa y dijo que \u201chace mucho tiempo que venimos trabajando sobre este tema\u201d.<\/p>\n<p>Coment\u00f3 que todas las iglesias cristianas evang\u00e9licas \u201cest\u00e1n muy involucradas en este tema porque no s\u00f3lo hacen falta instituciones donde hospedar a los j\u00f3venes con problemas de adicciones sino tambi\u00e9n darle una atenci\u00f3n espiritual para que no vuelvan a caer\u201d.<\/p>\n<p>Y agreg\u00f3: \u201cEl gobierno debe involucrar a las instituciones religiosas porque ah\u00ed est\u00e1 la clave para hacer un trabajo completo, no s\u00f3lo f\u00edsico sino tambi\u00e9n espiritual en la vida de esos j\u00f3venes\u201d, concluy\u00f3 el pastor.<\/p>\n<p>En tanto, Sergio Dines, coordinador y rector de la Tecnicatura en Econom\u00eda Social y Desarrollo Local, Extensi\u00f3n \u00c1ulica de Nogoy\u00e1, en Paran\u00e1 y rector de la escuela N\u00ba 6 Lomas del Mirador, destac\u00f3 \u201cla mayor presencia del Estado para atender el problema de las adicciones o las sustancias prohibidas\u201d.<\/p>\n<p>Agreg\u00f3 que como docente \u201cdebemos poner el eje en otro lado, en el sujeto de derecho. En este caso con mayor presencia del Estado teniendo en cuenta las particularidades que el caso amerita\u201d. Dijo que el gobierno \u201chace una gran inversi\u00f3n\u201d con la construcci\u00f3n del Centro Provincial de Atenci\u00f3n y Prevenci\u00f3n de Adiciones.<\/p>\n<p><b>Las obras<\/b><br \/>\nEn Paran\u00e1, el centro se construir\u00e1 en calle Salvador Caputo 2.655, casi Newbery. Tendr\u00e1 una superficie total de 20.334,20 metros cuadrados y una superficie edilicia de 3.598 metros cuadrados , con un presupuesto oficial de 49.812.615 pesos. El objetivo de este espacio es brindar y garantizar la presencia del Estado entrerriano para la atenci\u00f3n de las personas que padecen problem\u00e1ticas en el consumo de sustancias psicoactivas. Uno similar se construir\u00e1 en la ciudad de Concordia.<\/p>\n<p>En tanto, las Casas Educativas Terap\u00e9uticas se prev\u00e9n en las ciudades de Col\u00f3n, Concordia, Paran\u00e1, Concepci\u00f3n del Uruguay y Gualeguaych\u00fa. Se trata de dispositivos que incluyen la presencia del Estado en la vida de los j\u00f3venes que est\u00e1n en riesgo frente al problema de adicciones.<\/p>\n<p>La obra de Col\u00f3n est\u00e1 avanzada en un 63 por ciento, es financiada por el Sedronar y contempla un presupuesto de 11 millones de pesos. En tanto, las restantes son costeadas por el Ministerio de Planificaci\u00f3n Federal, Inversi\u00f3n P\u00fablica y Servicios con presupuestos oficiales de 21.263.254,16 pesos cada uno.<\/p><\/div>\n<div class=\"herramientas\"><\/div>\n","protected":false},"excerpt":{"rendered":"<p>Al abrir la propuesta econ&oacute;mica de la licitaci&oacute;n para la construcci&oacute;n del Centro Provincial de Prevenci&oacute;n de Adicciones de la ciudad de Paran&aacute;, el gobernador Sergio Urribarri asegur&oacute; que este emprendimiento marca la pol&iacute;tica de un Estado presente. Lo acompa&ntilde;aron el vicegobernador Jos&eacute; C&aacute;ceres y los intendentes Blanca Osuna, de la capital entrerriana, y Gustavo [&hellip;]<\/p>\n","protected":false},"author":2,"featured_media":0,"comment_status":"open","ping_status":"open","sticky":false,"template":"","format":"standard","meta":{"fifu_image_url":"","fifu_image_alt":"","footnotes":""},"categories":[6,16],"tags":[],"class_list":{"0":"post-11235","1":"post","2":"type-post","3":"status-publish","4":"format-standard","6":"category-entre-rios","7":"category-politi"},"yoast_head":"<title>Se conocieron las ofertas para construir en Paran\u00e1 un centro de tratamiento de adicciones - Informe Litoral<\/title>\n<meta name=\"robots\" content=\"index, follow, max-snippet:-1, max-image-preview:large, max-video-preview:-1\" \/>\n<link rel=\"canonical\" href=\"https:\/\/informelitoral.com.ar\/se-conocieron-las-ofertas-para-construir-en-parana-un-centro-de-tratamiento-de-adicciones\/\" \/>\n<meta property=\"og:locale\" content=\"es_ES\" \/>\n<meta property=\"og:type\" content=\"article\" \/>\n<meta property=\"og:title\" content=\"Se conocieron las ofertas para construir en Paran\u00e1 un centro de tratamiento de adicciones - Informe Litoral\" \/>\n<meta property=\"og:description\" content=\"Al abrir la propuesta econ&oacute;mica de la licitaci&oacute;n para la construcci&oacute;n del Centro Provincial de Prevenci&oacute;n de Adicciones de la ciudad de Paran&aacute;, el gobernador Sergio Urribarri asegur&oacute; que este emprendimiento marca la pol&iacute;tica de un Estado presente. Lo acompa&ntilde;aron el vicegobernador Jos&eacute; C&aacute;ceres y los intendentes Blanca Osuna, de la capital entrerriana, y Gustavo [&hellip;]\" \/>\n<meta property=\"og:url\" content=\"https:\/\/informelitoral.com.ar\/se-conocieron-las-ofertas-para-construir-en-parana-un-centro-de-tratamiento-de-adicciones\/\" \/>\n<meta property=\"og:site_name\" content=\"Informe Litoral\" \/>\n<meta property=\"article:publisher\" content=\"https:\/\/www.facebook.com\/informelitoral\/\" \/>\n<meta property=\"article:published_time\" content=\"2015-07-07T20:08:17+00:00\" \/>\n<meta property=\"og:image\" content=\"https:\/\/informelitoral.com.ar\/%77%70%2d%63%6f%6e%74%65%6e%74\/uploads\/2015\/07\/b_1436208123.jpg\" \/>\n\t<meta property=\"og:image:width\" content=\"492\" \/>\n\t<meta property=\"og:image:height\" content=\"328\" \/>\n\t<meta property=\"og:image:type\" content=\"image\/jpeg\" \/>\n<meta name=\"author\" content=\"Gonzalo Schmidt\" \/>\n<meta name=\"twitter:card\" content=\"summary_large_image\" \/>\n<meta name=\"twitter:creator\" content=\"@InformeLitoral\" \/>\n<meta name=\"twitter:site\" content=\"@InformeLitoral\" \/>\n<meta name=\"twitter:label1\" content=\"Escrito por\" \/>\n\t<meta name=\"twitter:data1\" content=\"Gonzalo Schmidt\" \/>\n\t<meta name=\"twitter:label2\" content=\"Tiempo de lectura\" \/>\n\t<meta name=\"twitter:data2\" content=\"5 minutos\" \/>\n<script type=\"application\/ld+json\" class=\"yoast-schema-graph\">{\"@context\":\"https:\\\/\\\/schema.org\",\"@graph\":[{\"@type\":\"Article\",\"@id\":\"https:\\\/\\\/informelitoral.com.ar\\\/se-conocieron-las-ofertas-para-construir-en-parana-un-centro-de-tratamiento-de-adicciones\\\/#article\",\"isPartOf\":{\"@id\":\"https:\\\/\\\/informelitoral.com.ar\\\/se-conocieron-las-ofertas-para-construir-en-parana-un-centro-de-tratamiento-de-adicciones\\\/\"},\"author\":{\"name\":\"Gonzalo Schmidt\",\"@id\":\"https:\\\/\\\/informelitoral.com.ar\\\/#\\\/schema\\\/person\\\/b9d00407c836482871ef1d57bf8e3180\"},\"headline\":\"Se conocieron las ofertas para construir en Paran\u00e1 un centro de tratamiento de adicciones\",\"datePublished\":\"2015-07-07T20:08:17+00:00\",\"mainEntityOfPage\":{\"@id\":\"https:\\\/\\\/informelitoral.com.ar\\\/se-conocieron-las-ofertas-para-construir-en-parana-un-centro-de-tratamiento-de-adicciones\\\/\"},\"wordCount\":1071,\"commentCount\":0,\"publisher\":{\"@id\":\"https:\\\/\\\/informelitoral.com.ar\\\/#organization\"},\"image\":{\"@id\":\"https:\\\/\\\/informelitoral.com.ar\\\/se-conocieron-las-ofertas-para-construir-en-parana-un-centro-de-tratamiento-de-adicciones\\\/#primaryimage\"},\"thumbnailUrl\":\"http:\\\/\\\/www.isletasnoticias.com.ar\\\/%77%70%2d%63%6f%6e%74%65%6e%74\\\/uploads\\\/2015\\\/07\\\/b_1436208123-300x200.jpg\",\"articleSection\":[\"Entre R\u00edos\",\"Politica\"],\"inLanguage\":\"es\",\"potentialAction\":[{\"@type\":\"CommentAction\",\"name\":\"Comment\",\"target\":[\"https:\\\/\\\/informelitoral.com.ar\\\/se-conocieron-las-ofertas-para-construir-en-parana-un-centro-de-tratamiento-de-adicciones\\\/#respond\"]}]},{\"@type\":\"WebPage\",\"@id\":\"https:\\\/\\\/informelitoral.com.ar\\\/se-conocieron-las-ofertas-para-construir-en-parana-un-centro-de-tratamiento-de-adicciones\\\/\",\"url\":\"https:\\\/\\\/informelitoral.com.ar\\\/se-conocieron-las-ofertas-para-construir-en-parana-un-centro-de-tratamiento-de-adicciones\\\/\",\"name\":\"Se conocieron las ofertas para construir en Paran\u00e1 un centro de tratamiento de adicciones - Informe Litoral\",\"isPartOf\":{\"@id\":\"https:\\\/\\\/informelitoral.com.ar\\\/#website\"},\"primaryImageOfPage\":{\"@id\":\"https:\\\/\\\/informelitoral.com.ar\\\/se-conocieron-las-ofertas-para-construir-en-parana-un-centro-de-tratamiento-de-adicciones\\\/#primaryimage\"},\"image\":{\"@id\":\"https:\\\/\\\/informelitoral.com.ar\\\/se-conocieron-las-ofertas-para-construir-en-parana-un-centro-de-tratamiento-de-adicciones\\\/#primaryimage\"},\"thumbnailUrl\":\"http:\\\/\\\/www.isletasnoticias.com.ar\\\/%77%70%2d%63%6f%6e%74%65%6e%74\\\/uploads\\\/2015\\\/07\\\/b_1436208123-300x200.jpg\",\"datePublished\":\"2015-07-07T20:08:17+00:00\",\"breadcrumb\":{\"@id\":\"https:\\\/\\\/informelitoral.com.ar\\\/se-conocieron-las-ofertas-para-construir-en-parana-un-centro-de-tratamiento-de-adicciones\\\/#breadcrumb\"},\"inLanguage\":\"es\",\"potentialAction\":[{\"@type\":\"ReadAction\",\"target\":[\"https:\\\/\\\/informelitoral.com.ar\\\/se-conocieron-las-ofertas-para-construir-en-parana-un-centro-de-tratamiento-de-adicciones\\\/\"]}]},{\"@type\":\"ImageObject\",\"inLanguage\":\"es\",\"@id\":\"https:\\\/\\\/informelitoral.com.ar\\\/se-conocieron-las-ofertas-para-construir-en-parana-un-centro-de-tratamiento-de-adicciones\\\/#primaryimage\",\"url\":\"http:\\\/\\\/www.isletasnoticias.com.ar\\\/%77%70%2d%63%6f%6e%74%65%6e%74\\\/uploads\\\/2015\\\/07\\\/b_1436208123-300x200.jpg\",\"contentUrl\":\"http:\\\/\\\/www.isletasnoticias.com.ar\\\/%77%70%2d%63%6f%6e%74%65%6e%74\\\/uploads\\\/2015\\\/07\\\/b_1436208123-300x200.jpg\"},{\"@type\":\"BreadcrumbList\",\"@id\":\"https:\\\/\\\/informelitoral.com.ar\\\/se-conocieron-las-ofertas-para-construir-en-parana-un-centro-de-tratamiento-de-adicciones\\\/#breadcrumb\",\"itemListElement\":[{\"@type\":\"ListItem\",\"position\":1,\"name\":\"Portada\",\"item\":\"https:\\\/\\\/informelitoral.com.ar\\\/\"},{\"@type\":\"ListItem\",\"position\":2,\"name\":\"Se conocieron las ofertas para construir en Paran\u00e1 un centro de tratamiento de adicciones\"}]},{\"@type\":\"WebSite\",\"@id\":\"https:\\\/\\\/informelitoral.com.ar\\\/#website\",\"url\":\"https:\\\/\\\/informelitoral.com.ar\\\/\",\"name\":\"Informe Litoral\",\"description\":\"&quot;Nos informamos&quot; \",\"publisher\":{\"@id\":\"https:\\\/\\\/informelitoral.com.ar\\\/#organization\"},\"potentialAction\":[{\"@type\":\"SearchAction\",\"target\":{\"@type\":\"EntryPoint\",\"urlTemplate\":\"https:\\\/\\\/informelitoral.com.ar\\\/?s={search_term_string}\"},\"query-input\":{\"@type\":\"PropertyValueSpecification\",\"valueRequired\":true,\"valueName\":\"search_term_string\"}}],\"inLanguage\":\"es\"},{\"@type\":\"Organization\",\"@id\":\"https:\\\/\\\/informelitoral.com.ar\\\/#organization\",\"name\":\"Informe Litoral\",\"url\":\"https:\\\/\\\/informelitoral.com.ar\\\/\",\"logo\":{\"@type\":\"ImageObject\",\"inLanguage\":\"es\",\"@id\":\"https:\\\/\\\/informelitoral.com.ar\\\/#\\\/schema\\\/logo\\\/image\\\/\",\"url\":\"https:\\\/\\\/informelitoral.com.ar\\\/%77%70%2d%63%6f%6e%74%65%6e%74\\\/uploads\\\/2021\\\/01\\\/circulo.png\",\"contentUrl\":\"https:\\\/\\\/informelitoral.com.ar\\\/%77%70%2d%63%6f%6e%74%65%6e%74\\\/uploads\\\/2021\\\/01\\\/circulo.png\",\"width\":723,\"height\":731,\"caption\":\"Informe Litoral\"},\"image\":{\"@id\":\"https:\\\/\\\/informelitoral.com.ar\\\/#\\\/schema\\\/logo\\\/image\\\/\"},\"sameAs\":[\"https:\\\/\\\/www.facebook.com\\\/informelitoral\\\/\",\"https:\\\/\\\/x.com\\\/InformeLitoral\",\"https:\\\/\\\/www.instagram.com\\\/informelitoral\\\/\",\"https:\\\/\\\/www.youtube.com\\\/channel\\\/UCua4Qvz8Icb6MYqhoq9xLXw\"]},{\"@type\":\"Person\",\"@id\":\"https:\\\/\\\/informelitoral.com.ar\\\/#\\\/schema\\\/person\\\/b9d00407c836482871ef1d57bf8e3180\",\"name\":\"Gonzalo Schmidt\",\"image\":{\"@type\":\"ImageObject\",\"inLanguage\":\"es\",\"@id\":\"https:\\\/\\\/secure.gravatar.com\\\/avatar\\\/31a1a7b66ff2de83bd0e9fd79d026630d2d99e55e8bfe501287647b4fd9743de?s=96&d=mm&r=g\",\"url\":\"https:\\\/\\\/secure.gravatar.com\\\/avatar\\\/31a1a7b66ff2de83bd0e9fd79d026630d2d99e55e8bfe501287647b4fd9743de?s=96&d=mm&r=g\",\"contentUrl\":\"https:\\\/\\\/secure.gravatar.com\\\/avatar\\\/31a1a7b66ff2de83bd0e9fd79d026630d2d99e55e8bfe501287647b4fd9743de?s=96&d=mm&r=g\",\"caption\":\"Gonzalo Schmidt\"},\"description\":\"Sitio web de noticias de la provincia de Entre R\u00edos, Argentina. Informaci\u00f3n y entretenimiento. Informe Litoral, nos informamos.\",\"sameAs\":[\"http:\\\/\\\/www.isletasnoticias.com.ar\"],\"url\":\"https:\\\/\\\/informelitoral.com.ar\\\/author\\\/gonzalo\\\/\"}]}<\/script>","yoast_head_json":{"title":"Se conocieron las ofertas para construir en Paran\u00e1 un centro de tratamiento de adicciones - Informe Litoral","robots":{"index":"index","follow":"follow","max-snippet":"max-snippet:-1","max-image-preview":"max-image-preview:large","max-video-preview":"max-video-preview:-1"},"canonical":"https:\/\/informelitoral.com.ar\/se-conocieron-las-ofertas-para-construir-en-parana-un-centro-de-tratamiento-de-adicciones\/","og_locale":"es_ES","og_type":"article","og_title":"Se conocieron las ofertas para construir en Paran\u00e1 un centro de tratamiento de adicciones - Informe Litoral","og_description":"Al abrir la propuesta econ&oacute;mica de la licitaci&oacute;n para la construcci&oacute;n del Centro Provincial de Prevenci&oacute;n de Adicciones de la ciudad de Paran&aacute;, el gobernador Sergio Urribarri asegur&oacute; que este emprendimiento marca la pol&iacute;tica de un Estado presente. Lo acompa&ntilde;aron el vicegobernador Jos&eacute; C&aacute;ceres y los intendentes Blanca Osuna, de la capital entrerriana, y Gustavo [&hellip;]","og_url":"https:\/\/informelitoral.com.ar\/se-conocieron-las-ofertas-para-construir-en-parana-un-centro-de-tratamiento-de-adicciones\/","og_site_name":"Informe Litoral","article_publisher":"https:\/\/www.facebook.com\/informelitoral\/","article_published_time":"2015-07-07T20:08:17+00:00","og_image":[{"width":492,"height":328,"url":"https:\/\/informelitoral.com.ar\/%77%70%2d%63%6f%6e%74%65%6e%74\/uploads\/2015\/07\/b_1436208123.jpg","type":"image\/jpeg"}],"author":"Gonzalo Schmidt","twitter_card":"summary_large_image","twitter_creator":"@InformeLitoral","twitter_site":"@InformeLitoral","twitter_misc":{"Escrito por":"Gonzalo Schmidt","Tiempo de lectura":"5 minutos"},"schema":{"@context":"https:\/\/schema.org","@graph":[{"@type":"Article","@id":"https:\/\/informelitoral.com.ar\/se-conocieron-las-ofertas-para-construir-en-parana-un-centro-de-tratamiento-de-adicciones\/#article","isPartOf":{"@id":"https:\/\/informelitoral.com.ar\/se-conocieron-las-ofertas-para-construir-en-parana-un-centro-de-tratamiento-de-adicciones\/"},"author":{"name":"Gonzalo Schmidt","@id":"https:\/\/informelitoral.com.ar\/#\/schema\/person\/b9d00407c836482871ef1d57bf8e3180"},"headline":"Se conocieron las ofertas para construir en Paran\u00e1 un centro de tratamiento de adicciones","datePublished":"2015-07-07T20:08:17+00:00","mainEntityOfPage":{"@id":"https:\/\/informelitoral.com.ar\/se-conocieron-las-ofertas-para-construir-en-parana-un-centro-de-tratamiento-de-adicciones\/"},"wordCount":1071,"commentCount":0,"publisher":{"@id":"https:\/\/informelitoral.com.ar\/#organization"},"image":{"@id":"https:\/\/informelitoral.com.ar\/se-conocieron-las-ofertas-para-construir-en-parana-un-centro-de-tratamiento-de-adicciones\/#primaryimage"},"thumbnailUrl":"http:\/\/www.isletasnoticias.com.ar\/%77%70%2d%63%6f%6e%74%65%6e%74\/uploads\/2015\/07\/b_1436208123-300x200.jpg","articleSection":["Entre R\u00edos","Politica"],"inLanguage":"es","potentialAction":[{"@type":"CommentAction","name":"Comment","target":["https:\/\/informelitoral.com.ar\/se-conocieron-las-ofertas-para-construir-en-parana-un-centro-de-tratamiento-de-adicciones\/#respond"]}]},{"@type":"WebPage","@id":"https:\/\/informelitoral.com.ar\/se-conocieron-las-ofertas-para-construir-en-parana-un-centro-de-tratamiento-de-adicciones\/","url":"https:\/\/informelitoral.com.ar\/se-conocieron-las-ofertas-para-construir-en-parana-un-centro-de-tratamiento-de-adicciones\/","name":"Se conocieron las ofertas para construir en Paran\u00e1 un centro de tratamiento de adicciones - Informe Litoral","isPartOf":{"@id":"https:\/\/informelitoral.com.ar\/#website"},"primaryImageOfPage":{"@id":"https:\/\/informelitoral.com.ar\/se-conocieron-las-ofertas-para-construir-en-parana-un-centro-de-tratamiento-de-adicciones\/#primaryimage"},"image":{"@id":"https:\/\/informelitoral.com.ar\/se-conocieron-las-ofertas-para-construir-en-parana-un-centro-de-tratamiento-de-adicciones\/#primaryimage"},"thumbnailUrl":"http:\/\/www.isletasnoticias.com.ar\/%77%70%2d%63%6f%6e%74%65%6e%74\/uploads\/2015\/07\/b_1436208123-300x200.jpg","datePublished":"2015-07-07T20:08:17+00:00","breadcrumb":{"@id":"https:\/\/informelitoral.com.ar\/se-conocieron-las-ofertas-para-construir-en-parana-un-centro-de-tratamiento-de-adicciones\/#breadcrumb"},"inLanguage":"es","potentialAction":[{"@type":"ReadAction","target":["https:\/\/informelitoral.com.ar\/se-conocieron-las-ofertas-para-construir-en-parana-un-centro-de-tratamiento-de-adicciones\/"]}]},{"@type":"ImageObject","inLanguage":"es","@id":"https:\/\/informelitoral.com.ar\/se-conocieron-las-ofertas-para-construir-en-parana-un-centro-de-tratamiento-de-adicciones\/#primaryimage","url":"http:\/\/www.isletasnoticias.com.ar\/%77%70%2d%63%6f%6e%74%65%6e%74\/uploads\/2015\/07\/b_1436208123-300x200.jpg","contentUrl":"http:\/\/www.isletasnoticias.com.ar\/%77%70%2d%63%6f%6e%74%65%6e%74\/uploads\/2015\/07\/b_1436208123-300x200.jpg"},{"@type":"BreadcrumbList","@id":"https:\/\/informelitoral.com.ar\/se-conocieron-las-ofertas-para-construir-en-parana-un-centro-de-tratamiento-de-adicciones\/#breadcrumb","itemListElement":[{"@type":"ListItem","position":1,"name":"Portada","item":"https:\/\/informelitoral.com.ar\/"},{"@type":"ListItem","position":2,"name":"Se conocieron las ofertas para construir en Paran\u00e1 un centro de tratamiento de adicciones"}]},{"@type":"WebSite","@id":"https:\/\/informelitoral.com.ar\/#website","url":"https:\/\/informelitoral.com.ar\/","name":"Informe Litoral","description":"&quot;Nos informamos&quot; ","publisher":{"@id":"https:\/\/informelitoral.com.ar\/#organization"},"potentialAction":[{"@type":"SearchAction","target":{"@type":"EntryPoint","urlTemplate":"https:\/\/informelitoral.com.ar\/?s={search_term_string}"},"query-input":{"@type":"PropertyValueSpecification","valueRequired":true,"valueName":"search_term_string"}}],"inLanguage":"es"},{"@type":"Organization","@id":"https:\/\/informelitoral.com.ar\/#organization","name":"Informe Litoral","url":"https:\/\/informelitoral.com.ar\/","logo":{"@type":"ImageObject","inLanguage":"es","@id":"https:\/\/informelitoral.com.ar\/#\/schema\/logo\/image\/","url":"https:\/\/informelitoral.com.ar\/%77%70%2d%63%6f%6e%74%65%6e%74\/uploads\/2021\/01\/circulo.png","contentUrl":"https:\/\/informelitoral.com.ar\/%77%70%2d%63%6f%6e%74%65%6e%74\/uploads\/2021\/01\/circulo.png","width":723,"height":731,"caption":"Informe Litoral"},"image":{"@id":"https:\/\/informelitoral.com.ar\/#\/schema\/logo\/image\/"},"sameAs":["https:\/\/www.facebook.com\/informelitoral\/","https:\/\/x.com\/InformeLitoral","https:\/\/www.instagram.com\/informelitoral\/","https:\/\/www.youtube.com\/channel\/UCua4Qvz8Icb6MYqhoq9xLXw"]},{"@type":"Person","@id":"https:\/\/informelitoral.com.ar\/#\/schema\/person\/b9d00407c836482871ef1d57bf8e3180","name":"Gonzalo Schmidt","image":{"@type":"ImageObject","inLanguage":"es","@id":"https:\/\/secure.gravatar.com\/avatar\/31a1a7b66ff2de83bd0e9fd79d026630d2d99e55e8bfe501287647b4fd9743de?s=96&d=mm&r=g","url":"https:\/\/secure.gravatar.com\/avatar\/31a1a7b66ff2de83bd0e9fd79d026630d2d99e55e8bfe501287647b4fd9743de?s=96&d=mm&r=g","contentUrl":"https:\/\/secure.gravatar.com\/avatar\/31a1a7b66ff2de83bd0e9fd79d026630d2d99e55e8bfe501287647b4fd9743de?s=96&d=mm&r=g","caption":"Gonzalo Schmidt"},"description":"Sitio web de noticias de la provincia de Entre R\u00edos, Argentina. Informaci\u00f3n y entretenimiento. Informe Litoral, nos informamos.","sameAs":["http:\/\/www.isletasnoticias.com.ar"],"url":"https:\/\/informelitoral.com.ar\/author\/gonzalo\/"}]}},"_links":{"self":[{"href":"https:\/\/informelitoral.com.ar\/%77%70%2d%6a%73%6f%6e\/wp\/v2\/posts\/11235","targetHints":{"allow":["GET"]}}],"collection":[{"href":"https:\/\/informelitoral.com.ar\/%77%70%2d%6a%73%6f%6e\/wp\/v2\/posts"}],"about":[{"href":"https:\/\/informelitoral.com.ar\/%77%70%2d%6a%73%6f%6e\/wp\/v2\/types\/post"}],"author":[{"embeddable":true,"href":"https:\/\/informelitoral.com.ar\/%77%70%2d%6a%73%6f%6e\/wp\/v2\/users\/2"}],"replies":[{"embeddable":true,"href":"https:\/\/informelitoral.com.ar\/%77%70%2d%6a%73%6f%6e\/wp\/v2\/comments?post=11235"}],"version-history":[{"count":0,"href":"https:\/\/informelitoral.com.ar\/%77%70%2d%6a%73%6f%6e\/wp\/v2\/posts\/11235\/revisions"}],"wp:attachment":[{"href":"https:\/\/informelitoral.com.ar\/%77%70%2d%6a%73%6f%6e\/wp\/v2\/media?parent=11235"}],"wp:term":[{"taxonomy":"category","embeddable":true,"href":"https:\/\/informelitoral.com.ar\/%77%70%2d%6a%73%6f%6e\/wp\/v2\/categories?post=11235"},{"taxonomy":"post_tag","embeddable":true,"href":"https:\/\/informelitoral.com.ar\/%77%70%2d%6a%73%6f%6e\/wp\/v2\/tags?post=11235"}],"curies":[{"name":"wp","href":"https:\/\/api.w.org\/{rel}","templated":true}]}}