{"id":112249,"date":"2023-01-21T15:51:07","date_gmt":"2023-01-21T18:51:07","guid":{"rendered":"https:\/\/www.informelitoral.com.ar\/?p=112249"},"modified":"2023-01-21T15:51:07","modified_gmt":"2023-01-21T18:51:07","slug":"musica-en-el-anfiteatro-de-parana-este-sabado-actuara-peteco-carabajal","status":"publish","type":"post","link":"https:\/\/informelitoral.com.ar\/musica-en-el-anfiteatro-de-parana-este-sabado-actuara-peteco-carabajal\/","title":{"rendered":"M\u00fasica en el Anfiteatro de Paran\u00e1: este s\u00e1bado actuar\u00e1 Peteco Carabajal"},"content":{"rendered":"<p>Este s\u00e1bado 21 de enero a las 20.30\u202fhs en el Anfiteatro H\u00e9ctor Sant\u00e1ngelo y con entrada libre y gratuita se incicia el ciclo de M\u00fasica en el Anfiteatro. Se presentar\u00e1n Peteco Carabajal, Noelia Telagorri y Luz Erazun, y Chango Ibarra con Banda Pueblo. El ciclo es impulsado por la Municipalidad con el acompa\u00f1amiento del Gobierno provincial y nacional.<\/p>\n<p>Durante\u00a0<b>cuatro s\u00e1bados consecutivos se podr\u00e1 disfrutar de m\u00fasica en vivo de diversos estilos (Folklore, Rock Indie, Reggae Pop y Cumbia)<\/b>, con artistas consagrados a nivel local, provincial y nacional.\u00a0<b>Tambi\u00e9n habr\u00e1 un patio gastron\u00f3mico.<\/b><\/p>\n<p>La actividad es organizada por la Municipalidad de Paran\u00e1 en colaboraci\u00f3n con la Secretar\u00eda de Cultura de Entre R\u00edos, Cultura Encendida y el Ministerio de Cultura de la Naci\u00f3n, a trav\u00e9s de la Secretar\u00eda de Gesti\u00f3n Cultural.<b>\u00a0Es parte del programa Activ\u00e1 Verano.<\/b><\/p>\n<h3><strong>PETECO CARABAJAL CON SANTIAGO TR\u00cdO<\/strong><\/h3>\n<p><b>Peteco Carabajal es guitarrista, violinista, autor y compositor<\/b>\u00a0de diversas obras que forman parte del acervo cultural del pueblo argentino.<\/p>\n<p>Roberto Carabajal es cantor, guitarrista y compositor. En 1989 form\u00f3 un d\u00fao junto a su t\u00edo Cuti Carabajal.<\/p>\n<p>Shalo Leguizam\u00f3n es m\u00fasico, autor, compositor y maestro de danzas folkl\u00f3ricas. Integr\u00f3 los conjuntos Los Troperos, Los Huanca Hua, Los Nombradores, La Trova Santiague\u00f1a y Las Voces Bande\u00f1as. En 1990, comienza su carrera como solista.<\/p>\n<p>En 1974 Peteco Carabajal, Roberto Carabajal y Shalo Leguizam\u00f3n formaron Santiago Tr\u00edo. Hoy, despu\u00e9s de 47 a\u00f1os, se vuelven a encontrar sus huellas, maduros artistas, pero con el esp\u00edritu y el arte intactos.<\/p>\n<h3><strong>NOELIA TELAGORRI Y LUZ ERAZUN<\/strong><\/h3>\n<p><b>Noelia Telagorri emprendi\u00f3 el camino de la m\u00fasica folkl\u00f3rica entrerriana 1994, cantando por primera vez en el programa de Canal 2 de Diamante (Entre R\u00edos) llamado \u201cGuriseando\u201d. Apadrinada por \u201cLas Voces de Montiel\u201d, desde 1995<\/b> comenz\u00f3 a recorrer innumerables escenarios cantando a d\u00fao con Alejandro Acosta.<\/p>\n<p>Particip\u00f3 de gran cantidad de festivales provinciales y nacionales. Se form\u00f3 en canto, guitarra, piano y baile. En 2006 fue seleccionada para representar a su provincia en el programa MP3 que se emit\u00eda por la TV P\u00fablica. En 2007 particip\u00f3 de un homenaje a la cantora argentina Mercedes Sosa en Capital Federal junto a Luz Erazun.<\/p>\n<p><b>Mar\u00eda Luz Erazun naci\u00f3 en Sauce de Luna, Entre R\u00edos. Comenz\u00f3 a recorrer los escenarios desde muy corta edad, dedic\u00e1ndose a interpretar m\u00fasica folkl\u00f3rica,<\/b> principalmente del litoral (chamarritas, rasguidos dobles y chamam\u00e9s).<\/p>\n<p>En 2004 particip\u00f3 de una gira por el sur argentino y en noviembre de ese mismo a\u00f1o integr\u00f3 la Delegaci\u00f3n Oficial de Entre R\u00edos en el \u201c42\u00b0 Encuentro Nacional Infantil de Folclore\u201d obteniendo el primer puesto como solista de canto, en la ciudad de La Cumbre (C\u00f3rdoba). Luego particip\u00f3 de diversos festivales a lo largo de nuestro pa\u00eds.<\/p>\n<h3><strong>CHANGO IBARRA Y BANDA PUEBLO<\/strong><\/h3>\n<p><b>M\u00fasico de Gualeguay, de amplia trayectoria nacional. Como guitarrista, transit\u00f3 los principales escenarios de folklore del pa\u00eds<\/b>, acompa\u00f1ando a importantes artistas durante m\u00e1s de 15 a\u00f1os.<\/p>\n<p>En 2022 Chango Ibarra y Banda Pueblo lanzaron el disco \u201cYo te he so\u00f1ado, Carnaval\u201d. Con el mismo t\u00edtulo, presentan un show dedicado a celebrar el carnaval popular, las sonoridades de los tambores y la alegr\u00eda de los corsos.<\/p>\n<p><b>M\u00fasica en el Anfiteatro es una propuesta que cuenta con el trabajo coordinado de distintas \u00e1reas del Municipio<\/b>\u00a0que trabajan en la preproducci\u00f3n, mantenimiento, seguridad, limpieza, entre otros, e incluye un gran patio de comidas y patio gastron\u00f3mico.<\/p>\n","protected":false},"excerpt":{"rendered":"<p>Ser\u00e1 en el anfiteatro H\u00e9ctor Sant\u00e1ngelo desde las 20:30 con entrada libre y gratuita. Adem\u00e1s se presentar\u00e1n Noelia Telagorri, Luz Erazun y Chango Ibarra con Banda Pueblo.<\/p>\n","protected":false},"author":2,"featured_media":112250,"comment_status":"open","ping_status":"open","sticky":false,"template":"","format":"standard","meta":{"fifu_image_url":"","fifu_image_alt":"","footnotes":""},"categories":[9],"tags":[4118,45],"class_list":{"0":"post-112249","1":"post","2":"type-post","3":"status-publish","4":"format-standard","5":"has-post-thumbnail","7":"category-sociedad","8":"tag-musica-en-el-anfiteatro","9":"tag-parana"},"yoast_head":"<title>M\u00fasica en el Anfiteatro de Paran\u00e1: este s\u00e1bado actuar\u00e1 Peteco Carabajal - Informe Litoral<\/title>\n<meta name=\"robots\" content=\"index, follow, max-snippet:-1, max-image-preview:large, max-video-preview:-1\" \/>\n<link rel=\"canonical\" href=\"https:\/\/informelitoral.com.ar\/musica-en-el-anfiteatro-de-parana-este-sabado-actuara-peteco-carabajal\/\" \/>\n<meta property=\"og:locale\" content=\"es_ES\" \/>\n<meta property=\"og:type\" content=\"article\" \/>\n<meta property=\"og:title\" content=\"M\u00fasica en el Anfiteatro de Paran\u00e1: este s\u00e1bado actuar\u00e1 Peteco Carabajal - Informe Litoral\" \/>\n<meta property=\"og:description\" content=\"Ser\u00e1 en el anfiteatro H\u00e9ctor Sant\u00e1ngelo desde las 20:30 con entrada libre y gratuita. Adem\u00e1s se presentar\u00e1n Noelia Telagorri, Luz Erazun y Chango Ibarra con Banda Pueblo.\" \/>\n<meta property=\"og:url\" content=\"https:\/\/informelitoral.com.ar\/musica-en-el-anfiteatro-de-parana-este-sabado-actuara-peteco-carabajal\/\" \/>\n<meta property=\"og:site_name\" content=\"Informe Litoral\" \/>\n<meta property=\"article:publisher\" content=\"https:\/\/www.facebook.com\/informelitoral\/\" \/>\n<meta property=\"article:published_time\" content=\"2023-01-21T18:51:07+00:00\" \/>\n<meta property=\"og:image\" content=\"https:\/\/informelitoral.com.ar\/%77%70%2d%63%6f%6e%74%65%6e%74\/uploads\/2023\/01\/o_1579516847.jpg\" \/>\n\t<meta property=\"og:image:width\" content=\"1330\" \/>\n\t<meta property=\"og:image:height\" content=\"880\" \/>\n\t<meta property=\"og:image:type\" content=\"image\/jpeg\" \/>\n<meta name=\"author\" content=\"Gonzalo Schmidt\" \/>\n<meta name=\"twitter:card\" content=\"summary_large_image\" \/>\n<meta name=\"twitter:creator\" content=\"@InformeLitoral\" \/>\n<meta name=\"twitter:site\" content=\"@InformeLitoral\" \/>\n<meta name=\"twitter:label1\" content=\"Escrito por\" \/>\n\t<meta name=\"twitter:data1\" content=\"Gonzalo Schmidt\" \/>\n\t<meta name=\"twitter:label2\" content=\"Tiempo de lectura\" \/>\n\t<meta name=\"twitter:data2\" content=\"3 minutos\" \/>\n<script type=\"application\/ld+json\" class=\"yoast-schema-graph\">{\"@context\":\"https:\\\/\\\/schema.org\",\"@graph\":[{\"@type\":\"Article\",\"@id\":\"https:\\\/\\\/informelitoral.com.ar\\\/musica-en-el-anfiteatro-de-parana-este-sabado-actuara-peteco-carabajal\\\/#article\",\"isPartOf\":{\"@id\":\"https:\\\/\\\/informelitoral.com.ar\\\/musica-en-el-anfiteatro-de-parana-este-sabado-actuara-peteco-carabajal\\\/\"},\"author\":{\"name\":\"Gonzalo Schmidt\",\"@id\":\"https:\\\/\\\/informelitoral.com.ar\\\/#\\\/schema\\\/person\\\/b9d00407c836482871ef1d57bf8e3180\"},\"headline\":\"M\u00fasica en el Anfiteatro de Paran\u00e1: este s\u00e1bado actuar\u00e1 Peteco Carabajal\",\"datePublished\":\"2023-01-21T18:51:07+00:00\",\"mainEntityOfPage\":{\"@id\":\"https:\\\/\\\/informelitoral.com.ar\\\/musica-en-el-anfiteatro-de-parana-este-sabado-actuara-peteco-carabajal\\\/\"},\"wordCount\":609,\"commentCount\":0,\"publisher\":{\"@id\":\"https:\\\/\\\/informelitoral.com.ar\\\/#organization\"},\"image\":{\"@id\":\"https:\\\/\\\/informelitoral.com.ar\\\/musica-en-el-anfiteatro-de-parana-este-sabado-actuara-peteco-carabajal\\\/#primaryimage\"},\"thumbnailUrl\":\"https:\\\/\\\/informelitoral.com.ar\\\/%77%70%2d%63%6f%6e%74%65%6e%74\\\/uploads\\\/2023\\\/01\\\/o_1579516847.jpg\",\"keywords\":[\"M\u00fasica en el Anfiteatro\",\"Paran\u00e1\"],\"articleSection\":[\"Sociedad\"],\"inLanguage\":\"es\",\"potentialAction\":[{\"@type\":\"CommentAction\",\"name\":\"Comment\",\"target\":[\"https:\\\/\\\/informelitoral.com.ar\\\/musica-en-el-anfiteatro-de-parana-este-sabado-actuara-peteco-carabajal\\\/#respond\"]}]},{\"@type\":\"WebPage\",\"@id\":\"https:\\\/\\\/informelitoral.com.ar\\\/musica-en-el-anfiteatro-de-parana-este-sabado-actuara-peteco-carabajal\\\/\",\"url\":\"https:\\\/\\\/informelitoral.com.ar\\\/musica-en-el-anfiteatro-de-parana-este-sabado-actuara-peteco-carabajal\\\/\",\"name\":\"M\u00fasica en el Anfiteatro de Paran\u00e1: este s\u00e1bado actuar\u00e1 Peteco Carabajal - Informe Litoral\",\"isPartOf\":{\"@id\":\"https:\\\/\\\/informelitoral.com.ar\\\/#website\"},\"primaryImageOfPage\":{\"@id\":\"https:\\\/\\\/informelitoral.com.ar\\\/musica-en-el-anfiteatro-de-parana-este-sabado-actuara-peteco-carabajal\\\/#primaryimage\"},\"image\":{\"@id\":\"https:\\\/\\\/informelitoral.com.ar\\\/musica-en-el-anfiteatro-de-parana-este-sabado-actuara-peteco-carabajal\\\/#primaryimage\"},\"thumbnailUrl\":\"https:\\\/\\\/informelitoral.com.ar\\\/%77%70%2d%63%6f%6e%74%65%6e%74\\\/uploads\\\/2023\\\/01\\\/o_1579516847.jpg\",\"datePublished\":\"2023-01-21T18:51:07+00:00\",\"breadcrumb\":{\"@id\":\"https:\\\/\\\/informelitoral.com.ar\\\/musica-en-el-anfiteatro-de-parana-este-sabado-actuara-peteco-carabajal\\\/#breadcrumb\"},\"inLanguage\":\"es\",\"potentialAction\":[{\"@type\":\"ReadAction\",\"target\":[\"https:\\\/\\\/informelitoral.com.ar\\\/musica-en-el-anfiteatro-de-parana-este-sabado-actuara-peteco-carabajal\\\/\"]}]},{\"@type\":\"ImageObject\",\"inLanguage\":\"es\",\"@id\":\"https:\\\/\\\/informelitoral.com.ar\\\/musica-en-el-anfiteatro-de-parana-este-sabado-actuara-peteco-carabajal\\\/#primaryimage\",\"url\":\"https:\\\/\\\/informelitoral.com.ar\\\/%77%70%2d%63%6f%6e%74%65%6e%74\\\/uploads\\\/2023\\\/01\\\/o_1579516847.jpg\",\"contentUrl\":\"https:\\\/\\\/informelitoral.com.ar\\\/%77%70%2d%63%6f%6e%74%65%6e%74\\\/uploads\\\/2023\\\/01\\\/o_1579516847.jpg\",\"width\":1330,\"height\":880},{\"@type\":\"BreadcrumbList\",\"@id\":\"https:\\\/\\\/informelitoral.com.ar\\\/musica-en-el-anfiteatro-de-parana-este-sabado-actuara-peteco-carabajal\\\/#breadcrumb\",\"itemListElement\":[{\"@type\":\"ListItem\",\"position\":1,\"name\":\"Portada\",\"item\":\"https:\\\/\\\/informelitoral.com.ar\\\/\"},{\"@type\":\"ListItem\",\"position\":2,\"name\":\"M\u00fasica en el Anfiteatro de Paran\u00e1: este s\u00e1bado actuar\u00e1 Peteco Carabajal\"}]},{\"@type\":\"WebSite\",\"@id\":\"https:\\\/\\\/informelitoral.com.ar\\\/#website\",\"url\":\"https:\\\/\\\/informelitoral.com.ar\\\/\",\"name\":\"Informe Litoral\",\"description\":\"&quot;Nos informamos&quot; \",\"publisher\":{\"@id\":\"https:\\\/\\\/informelitoral.com.ar\\\/#organization\"},\"potentialAction\":[{\"@type\":\"SearchAction\",\"target\":{\"@type\":\"EntryPoint\",\"urlTemplate\":\"https:\\\/\\\/informelitoral.com.ar\\\/?s={search_term_string}\"},\"query-input\":{\"@type\":\"PropertyValueSpecification\",\"valueRequired\":true,\"valueName\":\"search_term_string\"}}],\"inLanguage\":\"es\"},{\"@type\":\"Organization\",\"@id\":\"https:\\\/\\\/informelitoral.com.ar\\\/#organization\",\"name\":\"Informe Litoral\",\"url\":\"https:\\\/\\\/informelitoral.com.ar\\\/\",\"logo\":{\"@type\":\"ImageObject\",\"inLanguage\":\"es\",\"@id\":\"https:\\\/\\\/informelitoral.com.ar\\\/#\\\/schema\\\/logo\\\/image\\\/\",\"url\":\"https:\\\/\\\/informelitoral.com.ar\\\/%77%70%2d%63%6f%6e%74%65%6e%74\\\/uploads\\\/2021\\\/01\\\/circulo.png\",\"contentUrl\":\"https:\\\/\\\/informelitoral.com.ar\\\/%77%70%2d%63%6f%6e%74%65%6e%74\\\/uploads\\\/2021\\\/01\\\/circulo.png\",\"width\":723,\"height\":731,\"caption\":\"Informe Litoral\"},\"image\":{\"@id\":\"https:\\\/\\\/informelitoral.com.ar\\\/#\\\/schema\\\/logo\\\/image\\\/\"},\"sameAs\":[\"https:\\\/\\\/www.facebook.com\\\/informelitoral\\\/\",\"https:\\\/\\\/x.com\\\/InformeLitoral\",\"https:\\\/\\\/www.instagram.com\\\/informelitoral\\\/\",\"https:\\\/\\\/www.youtube.com\\\/channel\\\/UCua4Qvz8Icb6MYqhoq9xLXw\"]},{\"@type\":\"Person\",\"@id\":\"https:\\\/\\\/informelitoral.com.ar\\\/#\\\/schema\\\/person\\\/b9d00407c836482871ef1d57bf8e3180\",\"name\":\"Gonzalo Schmidt\",\"image\":{\"@type\":\"ImageObject\",\"inLanguage\":\"es\",\"@id\":\"https:\\\/\\\/secure.gravatar.com\\\/avatar\\\/31a1a7b66ff2de83bd0e9fd79d026630d2d99e55e8bfe501287647b4fd9743de?s=96&d=mm&r=g\",\"url\":\"https:\\\/\\\/secure.gravatar.com\\\/avatar\\\/31a1a7b66ff2de83bd0e9fd79d026630d2d99e55e8bfe501287647b4fd9743de?s=96&d=mm&r=g\",\"contentUrl\":\"https:\\\/\\\/secure.gravatar.com\\\/avatar\\\/31a1a7b66ff2de83bd0e9fd79d026630d2d99e55e8bfe501287647b4fd9743de?s=96&d=mm&r=g\",\"caption\":\"Gonzalo Schmidt\"},\"description\":\"Sitio web de noticias de la provincia de Entre R\u00edos, Argentina. Informaci\u00f3n y entretenimiento. Informe Litoral, nos informamos.\",\"sameAs\":[\"http:\\\/\\\/www.isletasnoticias.com.ar\"],\"url\":\"https:\\\/\\\/informelitoral.com.ar\\\/author\\\/gonzalo\\\/\"}]}<\/script>","yoast_head_json":{"title":"M\u00fasica en el Anfiteatro de Paran\u00e1: este s\u00e1bado actuar\u00e1 Peteco Carabajal - Informe Litoral","robots":{"index":"index","follow":"follow","max-snippet":"max-snippet:-1","max-image-preview":"max-image-preview:large","max-video-preview":"max-video-preview:-1"},"canonical":"https:\/\/informelitoral.com.ar\/musica-en-el-anfiteatro-de-parana-este-sabado-actuara-peteco-carabajal\/","og_locale":"es_ES","og_type":"article","og_title":"M\u00fasica en el Anfiteatro de Paran\u00e1: este s\u00e1bado actuar\u00e1 Peteco Carabajal - Informe Litoral","og_description":"Ser\u00e1 en el anfiteatro H\u00e9ctor Sant\u00e1ngelo desde las 20:30 con entrada libre y gratuita. Adem\u00e1s se presentar\u00e1n Noelia Telagorri, Luz Erazun y Chango Ibarra con Banda Pueblo.","og_url":"https:\/\/informelitoral.com.ar\/musica-en-el-anfiteatro-de-parana-este-sabado-actuara-peteco-carabajal\/","og_site_name":"Informe Litoral","article_publisher":"https:\/\/www.facebook.com\/informelitoral\/","article_published_time":"2023-01-21T18:51:07+00:00","og_image":[{"width":1330,"height":880,"url":"https:\/\/informelitoral.com.ar\/%77%70%2d%63%6f%6e%74%65%6e%74\/uploads\/2023\/01\/o_1579516847.jpg","type":"image\/jpeg"}],"author":"Gonzalo Schmidt","twitter_card":"summary_large_image","twitter_creator":"@InformeLitoral","twitter_site":"@InformeLitoral","twitter_misc":{"Escrito por":"Gonzalo Schmidt","Tiempo de lectura":"3 minutos"},"schema":{"@context":"https:\/\/schema.org","@graph":[{"@type":"Article","@id":"https:\/\/informelitoral.com.ar\/musica-en-el-anfiteatro-de-parana-este-sabado-actuara-peteco-carabajal\/#article","isPartOf":{"@id":"https:\/\/informelitoral.com.ar\/musica-en-el-anfiteatro-de-parana-este-sabado-actuara-peteco-carabajal\/"},"author":{"name":"Gonzalo Schmidt","@id":"https:\/\/informelitoral.com.ar\/#\/schema\/person\/b9d00407c836482871ef1d57bf8e3180"},"headline":"M\u00fasica en el Anfiteatro de Paran\u00e1: este s\u00e1bado actuar\u00e1 Peteco Carabajal","datePublished":"2023-01-21T18:51:07+00:00","mainEntityOfPage":{"@id":"https:\/\/informelitoral.com.ar\/musica-en-el-anfiteatro-de-parana-este-sabado-actuara-peteco-carabajal\/"},"wordCount":609,"commentCount":0,"publisher":{"@id":"https:\/\/informelitoral.com.ar\/#organization"},"image":{"@id":"https:\/\/informelitoral.com.ar\/musica-en-el-anfiteatro-de-parana-este-sabado-actuara-peteco-carabajal\/#primaryimage"},"thumbnailUrl":"https:\/\/informelitoral.com.ar\/%77%70%2d%63%6f%6e%74%65%6e%74\/uploads\/2023\/01\/o_1579516847.jpg","keywords":["M\u00fasica en el Anfiteatro","Paran\u00e1"],"articleSection":["Sociedad"],"inLanguage":"es","potentialAction":[{"@type":"CommentAction","name":"Comment","target":["https:\/\/informelitoral.com.ar\/musica-en-el-anfiteatro-de-parana-este-sabado-actuara-peteco-carabajal\/#respond"]}]},{"@type":"WebPage","@id":"https:\/\/informelitoral.com.ar\/musica-en-el-anfiteatro-de-parana-este-sabado-actuara-peteco-carabajal\/","url":"https:\/\/informelitoral.com.ar\/musica-en-el-anfiteatro-de-parana-este-sabado-actuara-peteco-carabajal\/","name":"M\u00fasica en el Anfiteatro de Paran\u00e1: este s\u00e1bado actuar\u00e1 Peteco Carabajal - Informe Litoral","isPartOf":{"@id":"https:\/\/informelitoral.com.ar\/#website"},"primaryImageOfPage":{"@id":"https:\/\/informelitoral.com.ar\/musica-en-el-anfiteatro-de-parana-este-sabado-actuara-peteco-carabajal\/#primaryimage"},"image":{"@id":"https:\/\/informelitoral.com.ar\/musica-en-el-anfiteatro-de-parana-este-sabado-actuara-peteco-carabajal\/#primaryimage"},"thumbnailUrl":"https:\/\/informelitoral.com.ar\/%77%70%2d%63%6f%6e%74%65%6e%74\/uploads\/2023\/01\/o_1579516847.jpg","datePublished":"2023-01-21T18:51:07+00:00","breadcrumb":{"@id":"https:\/\/informelitoral.com.ar\/musica-en-el-anfiteatro-de-parana-este-sabado-actuara-peteco-carabajal\/#breadcrumb"},"inLanguage":"es","potentialAction":[{"@type":"ReadAction","target":["https:\/\/informelitoral.com.ar\/musica-en-el-anfiteatro-de-parana-este-sabado-actuara-peteco-carabajal\/"]}]},{"@type":"ImageObject","inLanguage":"es","@id":"https:\/\/informelitoral.com.ar\/musica-en-el-anfiteatro-de-parana-este-sabado-actuara-peteco-carabajal\/#primaryimage","url":"https:\/\/informelitoral.com.ar\/%77%70%2d%63%6f%6e%74%65%6e%74\/uploads\/2023\/01\/o_1579516847.jpg","contentUrl":"https:\/\/informelitoral.com.ar\/%77%70%2d%63%6f%6e%74%65%6e%74\/uploads\/2023\/01\/o_1579516847.jpg","width":1330,"height":880},{"@type":"BreadcrumbList","@id":"https:\/\/informelitoral.com.ar\/musica-en-el-anfiteatro-de-parana-este-sabado-actuara-peteco-carabajal\/#breadcrumb","itemListElement":[{"@type":"ListItem","position":1,"name":"Portada","item":"https:\/\/informelitoral.com.ar\/"},{"@type":"ListItem","position":2,"name":"M\u00fasica en el Anfiteatro de Paran\u00e1: este s\u00e1bado actuar\u00e1 Peteco Carabajal"}]},{"@type":"WebSite","@id":"https:\/\/informelitoral.com.ar\/#website","url":"https:\/\/informelitoral.com.ar\/","name":"Informe Litoral","description":"&quot;Nos informamos&quot; ","publisher":{"@id":"https:\/\/informelitoral.com.ar\/#organization"},"potentialAction":[{"@type":"SearchAction","target":{"@type":"EntryPoint","urlTemplate":"https:\/\/informelitoral.com.ar\/?s={search_term_string}"},"query-input":{"@type":"PropertyValueSpecification","valueRequired":true,"valueName":"search_term_string"}}],"inLanguage":"es"},{"@type":"Organization","@id":"https:\/\/informelitoral.com.ar\/#organization","name":"Informe Litoral","url":"https:\/\/informelitoral.com.ar\/","logo":{"@type":"ImageObject","inLanguage":"es","@id":"https:\/\/informelitoral.com.ar\/#\/schema\/logo\/image\/","url":"https:\/\/informelitoral.com.ar\/%77%70%2d%63%6f%6e%74%65%6e%74\/uploads\/2021\/01\/circulo.png","contentUrl":"https:\/\/informelitoral.com.ar\/%77%70%2d%63%6f%6e%74%65%6e%74\/uploads\/2021\/01\/circulo.png","width":723,"height":731,"caption":"Informe Litoral"},"image":{"@id":"https:\/\/informelitoral.com.ar\/#\/schema\/logo\/image\/"},"sameAs":["https:\/\/www.facebook.com\/informelitoral\/","https:\/\/x.com\/InformeLitoral","https:\/\/www.instagram.com\/informelitoral\/","https:\/\/www.youtube.com\/channel\/UCua4Qvz8Icb6MYqhoq9xLXw"]},{"@type":"Person","@id":"https:\/\/informelitoral.com.ar\/#\/schema\/person\/b9d00407c836482871ef1d57bf8e3180","name":"Gonzalo Schmidt","image":{"@type":"ImageObject","inLanguage":"es","@id":"https:\/\/secure.gravatar.com\/avatar\/31a1a7b66ff2de83bd0e9fd79d026630d2d99e55e8bfe501287647b4fd9743de?s=96&d=mm&r=g","url":"https:\/\/secure.gravatar.com\/avatar\/31a1a7b66ff2de83bd0e9fd79d026630d2d99e55e8bfe501287647b4fd9743de?s=96&d=mm&r=g","contentUrl":"https:\/\/secure.gravatar.com\/avatar\/31a1a7b66ff2de83bd0e9fd79d026630d2d99e55e8bfe501287647b4fd9743de?s=96&d=mm&r=g","caption":"Gonzalo Schmidt"},"description":"Sitio web de noticias de la provincia de Entre R\u00edos, Argentina. Informaci\u00f3n y entretenimiento. Informe Litoral, nos informamos.","sameAs":["http:\/\/www.isletasnoticias.com.ar"],"url":"https:\/\/informelitoral.com.ar\/author\/gonzalo\/"}]}},"_links":{"self":[{"href":"https:\/\/informelitoral.com.ar\/%77%70%2d%6a%73%6f%6e\/wp\/v2\/posts\/112249","targetHints":{"allow":["GET"]}}],"collection":[{"href":"https:\/\/informelitoral.com.ar\/%77%70%2d%6a%73%6f%6e\/wp\/v2\/posts"}],"about":[{"href":"https:\/\/informelitoral.com.ar\/%77%70%2d%6a%73%6f%6e\/wp\/v2\/types\/post"}],"author":[{"embeddable":true,"href":"https:\/\/informelitoral.com.ar\/%77%70%2d%6a%73%6f%6e\/wp\/v2\/users\/2"}],"replies":[{"embeddable":true,"href":"https:\/\/informelitoral.com.ar\/%77%70%2d%6a%73%6f%6e\/wp\/v2\/comments?post=112249"}],"version-history":[{"count":0,"href":"https:\/\/informelitoral.com.ar\/%77%70%2d%6a%73%6f%6e\/wp\/v2\/posts\/112249\/revisions"}],"wp:featuredmedia":[{"embeddable":true,"href":"https:\/\/informelitoral.com.ar\/%77%70%2d%6a%73%6f%6e\/wp\/v2\/media\/112250"}],"wp:attachment":[{"href":"https:\/\/informelitoral.com.ar\/%77%70%2d%6a%73%6f%6e\/wp\/v2\/media?parent=112249"}],"wp:term":[{"taxonomy":"category","embeddable":true,"href":"https:\/\/informelitoral.com.ar\/%77%70%2d%6a%73%6f%6e\/wp\/v2\/categories?post=112249"},{"taxonomy":"post_tag","embeddable":true,"href":"https:\/\/informelitoral.com.ar\/%77%70%2d%6a%73%6f%6e\/wp\/v2\/tags?post=112249"}],"curies":[{"name":"wp","href":"https:\/\/api.w.org\/{rel}","templated":true}]}}