{"id":11222,"date":"2015-07-06T22:19:00","date_gmt":"2015-07-07T01:19:00","guid":{"rendered":"http:\/\/www.isletasnoticias.com.ar\/?p=11222"},"modified":"2015-07-06T22:19:00","modified_gmt":"2015-07-07T01:19:00","slug":"urribarri-presento-los-candidatos-que-quiere-para-la-provincia-y-parana","status":"publish","type":"post","link":"https:\/\/informelitoral.com.ar\/urribarri-presento-los-candidatos-que-quiere-para-la-provincia-y-parana\/","title":{"rendered":"Urribarri present\u00f3 los candidatos que quiere para la provincia y Paran\u00e1"},"content":{"rendered":"<p><strong>En un mega-acto en el club Echague Urribarri no dej\u00f3 dudas de que Bordet es el candidato a sucederlo y Osuna su \u00fanica candidata en Paran\u00e1. Elogi\u00f3 a C\u00e1ceres, Solanas, Halle y Bahl, aunque \u00e9ste \u00faltimo no habl\u00f3. El gobernador habl\u00f3 dos veces.<a href=\"http:\/\/www.isletasnoticias.com.ar\/%77%70%2d%63%6f%6e%74%65%6e%74\/uploads\/2015\/07\/o_1436230497.jpg\"><img loading=\"lazy\" decoding=\"async\" class=\"aligncenter size-medium wp-image-11223\" src=\"http:\/\/www.isletasnoticias.com.ar\/%77%70%2d%63%6f%6e%74%65%6e%74\/uploads\/2015\/07\/o_1436230497-300x169.jpg\" alt=\"o_1436230497\" width=\"300\" height=\"169\" srcset=\"https:\/\/informelitoral.com.ar\/%77%70%2d%63%6f%6e%74%65%6e%74\/uploads\/2015\/07\/o_1436230497-300x169.jpg 300w, https:\/\/informelitoral.com.ar\/%77%70%2d%63%6f%6e%74%65%6e%74\/uploads\/2015\/07\/o_1436230497.jpg 640w\" sizes=\"auto, (max-width: 300px) 100vw, 300px\" \/><\/a><\/strong>El PJ entrerriano hizo su lanzamiento de campa\u00f1a en Paran\u00e1 con un acto en el club Echague encabezado por el gobernador Sergio Urribarri y en el que hablaron tambi\u00e9n Gustavo Bordet y Blanca Osuna. El gobernador hizo uso de la palabra dos veces, por si algo le faltaba para marcar la cancha: present\u00f3 a los candidatos a sucederlo y a gobernar la capital provincial, y despu\u00e9s dio su discurso, luego de Blanca Osuna y previo al cierre de Bordet.<\/p>\n<p><b>Urribarri: \u00abquiero destacar la grandeza de los candidatos\u00bb<\/b><br \/>\n\u00abMi rol, mi gran aporte debe seguir siendo el de mantener y acrecentar el v\u00ednculo con el gobierno nacional y desde ah\u00ed seguir trayendo todas las obras que son necesarias para seguir haciendo de Entre R\u00edos una de las provincias m\u00e1s importantes del pa\u00eds\u00bb expres\u00f3 Urribarri. A continuaci\u00f3n, valor\u00f3: \u00aben la vida hay que ser agradecido, y \u00e9sta Entre R\u00edos es distinta y mucho mejor de la provincia de hace 8 a\u00f1os, por eso mi eterno agradecimiento a la presidenta de los 40 millones de argentinos, Cristina Fern\u00e1ndez de Kichner\u00bb.<\/p>\n<p>Luego el mandatario salud\u00f3 a los que lo acompa\u00f1aban en la tarima.\u00bbEn este marco de unidad quiero destacar la presencia de los que est\u00e1n arriba de este escenario, quiero destacar la grandeza de cada uno de los dirigentes y candidatos\u00bb dijo. Comenz\u00f3 por su vice: \u00abgracias a C\u00e1ceres porque estuviste en todas; en las buenas en las malas Jos\u00e9 estuvo conmigo\u00bb reconoci\u00f3.<\/p>\n<p>Luego se dirigi\u00f3 al diputado nacional \u00abJulio Solanas, con vos construimos una relaci\u00f3n de menor a mayor pero que hoy es inquebrantable\u00bb ponder\u00f3. Tambi\u00e9n hubo elogios para el ex intendente Halle. \u00abGracias Turquito: la vida da revanchas y hoy estamos juntos por una Paran\u00e1 y una Entre R\u00edos mejor\u00bb agradeci\u00f3. Por \u00faltimo, estim\u00f3 al candidato a vicegobernador: \u00abgracias querido amigo y compa\u00f1ero Beto, paso a paso fuiste haciendo una carrera pol\u00edtica excelente\u00bb apunt\u00f3 sobre Ad\u00e1n Bahl. Luego dedic\u00f3 cumplidos tambi\u00e9n para el ministro de Cultura Pedro B\u00e1ez y el diputado provincial solanista y aspirante a vice de Paran\u00e1, Mart\u00edn Uranga.<\/p>\n<p><b>Indiferencia absoluta<\/b><br \/>\nRengl\u00f3n aparte merecen los no mencionados por el gobernador en sus apreciaciones. Urribarri dej\u00f3 bien en claro que \u00abcuando empezamos a pensar la oferta electoral para la ciudad no dudamos en Blanca Osuna\u00bb. El hecho de ni siquiera haber nombrado a los que fueron por afuera denota que el mandatario provincial no est\u00e1 de acuerdo con los candidatos que quieren enfrentarse con sus delfines por fuera de la \u00abunidad del PJ\u00bb.<\/p>\n<p><b>Osuna: \u00abfue un gran orgullo haber compartido tantos a\u00f1os\u00bb<\/b><br \/>\nLuego de la presentaci\u00f3n de Urribarri, fue el turno del discurso de la intendente de Paran\u00e1 y cadidata ungida para la reelecci\u00f3n. \u00abGracias Pato porque hoy te vi emocionarte, en esta etapa donde va concluyendo tu gesti\u00f3n que dej\u00f3 no s\u00f3lo recuerdo y obras sino un sello indeleble que permanecer\u00e1, porque sos conductor del gobierno y del movimiento justicialista entrerriano y ah\u00ed te vamos a tener siempre\u00bb salud\u00f3 Blanca Osuna al gobernador. \u00abFue un gran orgullo haber compartido tantos a\u00f1os de gesti\u00f3n\u00bb agreg\u00f3.<\/p>\n<p>La jefa comunal paranaense se refiri\u00f3 tambi\u00e9n a su par de Concordia y candidato a la gobernaci\u00f3n. \u00abGustavo supo con respeto y afecto acercarse a Paran\u00e1 respetando lo que somos los paranaenses y ac\u00e1 estamos para trabajar juntos\u00bb afirm\u00f3 sobre Bordet. Tambi\u00e9n destac\u00f3 a Mart\u00edn Uranga, su compa\u00f1ero de f\u00f3rmula, consider\u00e1ndolo \u00abun hombre de bien y un gran compa\u00f1ero\u00bb.<\/p>\n<p><b>Bordet: \u00abvamos a trabajar incansablemente poniendo lo mejor\u00bb<\/b><br \/>\nGustavo Bordet fue el encargado de dar cierre al mit\u00edn justicialista. Al momento de dirigrse a la militancia congregada en el estadio de Echague, el candidato a la Casa Gris prometi\u00f3 \u00abdesde el primer d\u00eda de gesti\u00f3n, estaremos cumpliendo los sue\u00f1os de los entrerrianos. Nos entregaremos todos los d\u00edas, a partir de lo que la provincia necesita\u00bb. Rengl\u00f3n seguido, agradeci\u00f3 Bordet \u00abel apoyo del Pato a ciudades como Concordia\u00bb, indicando que \u00abestaba sumida en bajos \u00edndices, la pudimos recuperar y pas\u00f3 a ser una ciudad pujante como todas las de la provincia\u00bb.<\/p>\n<p>A su vez, el concordiense afirm\u00f3: \u00abpodemos salir a la calle y mirar a los vecinos cara a cara, y caminar sin problemas, ya que nos dej\u00f3 bien representados en cada lugar de la provincia. Vamos a trabajar incansablemente, poniendo de cada uno de nosotros lo mejor de s\u00ed\u00bb agreg\u00f3.<\/p>\n<p>Cercano a finalizar su palabra, Bordet solicit\u00f3 \u00abel acompa\u00f1amiento militante\u00bb para las elecciones, en la \u00abenorme posibilidad que nos dar\u00e1 tener a nuestro lado, a un hombre extraordinario, con principios y convicciones, que es Beto Bahl\u00bb reconoci\u00f3 a su ladero para las PASO. Por \u00faltimo, el candidato a suceder a Urribarri llam\u00f3 a \u00abganar las calles para seguir con este proyecto de gobernabilidad en Entre R\u00edos, para que en la Naci\u00f3n est\u00e9n Scioli y Zannini, llevando la bandera de este modelo nacional y popular\u00bb concluy\u00f3. <em>(Informe Digital)<\/em><\/p>\n<div class=\"nota-tw\"><\/div>\n","protected":false},"excerpt":{"rendered":"<p>En un mega-acto en el club Echague Urribarri no dej&oacute; dudas de que Bordet es el candidato a sucederlo y Osuna su &uacute;nica candidata en Paran&aacute;. Elogi&oacute; a C&aacute;ceres, Solanas, Halle y Bahl, aunque &eacute;ste &uacute;ltimo no habl&oacute;. El gobernador habl&oacute; dos veces.El PJ entrerriano hizo su lanzamiento de campa&ntilde;a en Paran&aacute; con un acto [&hellip;]<\/p>\n","protected":false},"author":2,"featured_media":0,"comment_status":"open","ping_status":"open","sticky":false,"template":"","format":"standard","meta":{"fifu_image_url":"","fifu_image_alt":"","footnotes":""},"categories":[6,16],"tags":[],"class_list":{"0":"post-11222","1":"post","2":"type-post","3":"status-publish","4":"format-standard","6":"category-entre-rios","7":"category-politi"},"yoast_head":"<title>Urribarri present\u00f3 los candidatos que quiere para la provincia y Paran\u00e1 - Informe Litoral<\/title>\n<meta name=\"robots\" content=\"index, follow, max-snippet:-1, max-image-preview:large, max-video-preview:-1\" \/>\n<link rel=\"canonical\" href=\"https:\/\/informelitoral.com.ar\/urribarri-presento-los-candidatos-que-quiere-para-la-provincia-y-parana\/\" \/>\n<meta property=\"og:locale\" content=\"es_ES\" \/>\n<meta property=\"og:type\" content=\"article\" \/>\n<meta property=\"og:title\" content=\"Urribarri present\u00f3 los candidatos que quiere para la provincia y Paran\u00e1 - Informe Litoral\" \/>\n<meta property=\"og:description\" content=\"En un mega-acto en el club Echague Urribarri no dej&oacute; dudas de que Bordet es el candidato a sucederlo y Osuna su &uacute;nica candidata en Paran&aacute;. Elogi&oacute; a C&aacute;ceres, Solanas, Halle y Bahl, aunque &eacute;ste &uacute;ltimo no habl&oacute;. El gobernador habl&oacute; dos veces.El PJ entrerriano hizo su lanzamiento de campa&ntilde;a en Paran&aacute; con un acto [&hellip;]\" \/>\n<meta property=\"og:url\" content=\"https:\/\/informelitoral.com.ar\/urribarri-presento-los-candidatos-que-quiere-para-la-provincia-y-parana\/\" \/>\n<meta property=\"og:site_name\" content=\"Informe Litoral\" \/>\n<meta property=\"article:publisher\" content=\"https:\/\/www.facebook.com\/informelitoral\/\" \/>\n<meta property=\"article:published_time\" content=\"2015-07-07T01:19:00+00:00\" \/>\n<meta property=\"og:image\" content=\"https:\/\/informelitoral.com.ar\/%77%70%2d%63%6f%6e%74%65%6e%74\/uploads\/2015\/07\/o_1436230497.jpg\" \/>\n\t<meta property=\"og:image:width\" content=\"640\" \/>\n\t<meta property=\"og:image:height\" content=\"360\" \/>\n\t<meta property=\"og:image:type\" content=\"image\/jpeg\" \/>\n<meta name=\"author\" content=\"Gonzalo Schmidt\" \/>\n<meta name=\"twitter:card\" content=\"summary_large_image\" \/>\n<meta name=\"twitter:creator\" content=\"@InformeLitoral\" \/>\n<meta name=\"twitter:site\" content=\"@InformeLitoral\" \/>\n<meta name=\"twitter:label1\" content=\"Escrito por\" \/>\n\t<meta name=\"twitter:data1\" content=\"Gonzalo Schmidt\" \/>\n\t<meta name=\"twitter:label2\" content=\"Tiempo de lectura\" \/>\n\t<meta name=\"twitter:data2\" content=\"4 minutos\" \/>\n<script type=\"application\/ld+json\" class=\"yoast-schema-graph\">{\"@context\":\"https:\\\/\\\/schema.org\",\"@graph\":[{\"@type\":\"Article\",\"@id\":\"https:\\\/\\\/informelitoral.com.ar\\\/urribarri-presento-los-candidatos-que-quiere-para-la-provincia-y-parana\\\/#article\",\"isPartOf\":{\"@id\":\"https:\\\/\\\/informelitoral.com.ar\\\/urribarri-presento-los-candidatos-que-quiere-para-la-provincia-y-parana\\\/\"},\"author\":{\"name\":\"Gonzalo Schmidt\",\"@id\":\"https:\\\/\\\/informelitoral.com.ar\\\/#\\\/schema\\\/person\\\/b9d00407c836482871ef1d57bf8e3180\"},\"headline\":\"Urribarri present\u00f3 los candidatos que quiere para la provincia y Paran\u00e1\",\"datePublished\":\"2015-07-07T01:19:00+00:00\",\"mainEntityOfPage\":{\"@id\":\"https:\\\/\\\/informelitoral.com.ar\\\/urribarri-presento-los-candidatos-que-quiere-para-la-provincia-y-parana\\\/\"},\"wordCount\":903,\"commentCount\":0,\"publisher\":{\"@id\":\"https:\\\/\\\/informelitoral.com.ar\\\/#organization\"},\"image\":{\"@id\":\"https:\\\/\\\/informelitoral.com.ar\\\/urribarri-presento-los-candidatos-que-quiere-para-la-provincia-y-parana\\\/#primaryimage\"},\"thumbnailUrl\":\"http:\\\/\\\/www.isletasnoticias.com.ar\\\/%77%70%2d%63%6f%6e%74%65%6e%74\\\/uploads\\\/2015\\\/07\\\/o_1436230497-300x169.jpg\",\"articleSection\":[\"Entre R\u00edos\",\"Politica\"],\"inLanguage\":\"es\",\"potentialAction\":[{\"@type\":\"CommentAction\",\"name\":\"Comment\",\"target\":[\"https:\\\/\\\/informelitoral.com.ar\\\/urribarri-presento-los-candidatos-que-quiere-para-la-provincia-y-parana\\\/#respond\"]}]},{\"@type\":\"WebPage\",\"@id\":\"https:\\\/\\\/informelitoral.com.ar\\\/urribarri-presento-los-candidatos-que-quiere-para-la-provincia-y-parana\\\/\",\"url\":\"https:\\\/\\\/informelitoral.com.ar\\\/urribarri-presento-los-candidatos-que-quiere-para-la-provincia-y-parana\\\/\",\"name\":\"Urribarri present\u00f3 los candidatos que quiere para la provincia y Paran\u00e1 - Informe Litoral\",\"isPartOf\":{\"@id\":\"https:\\\/\\\/informelitoral.com.ar\\\/#website\"},\"primaryImageOfPage\":{\"@id\":\"https:\\\/\\\/informelitoral.com.ar\\\/urribarri-presento-los-candidatos-que-quiere-para-la-provincia-y-parana\\\/#primaryimage\"},\"image\":{\"@id\":\"https:\\\/\\\/informelitoral.com.ar\\\/urribarri-presento-los-candidatos-que-quiere-para-la-provincia-y-parana\\\/#primaryimage\"},\"thumbnailUrl\":\"http:\\\/\\\/www.isletasnoticias.com.ar\\\/%77%70%2d%63%6f%6e%74%65%6e%74\\\/uploads\\\/2015\\\/07\\\/o_1436230497-300x169.jpg\",\"datePublished\":\"2015-07-07T01:19:00+00:00\",\"breadcrumb\":{\"@id\":\"https:\\\/\\\/informelitoral.com.ar\\\/urribarri-presento-los-candidatos-que-quiere-para-la-provincia-y-parana\\\/#breadcrumb\"},\"inLanguage\":\"es\",\"potentialAction\":[{\"@type\":\"ReadAction\",\"target\":[\"https:\\\/\\\/informelitoral.com.ar\\\/urribarri-presento-los-candidatos-que-quiere-para-la-provincia-y-parana\\\/\"]}]},{\"@type\":\"ImageObject\",\"inLanguage\":\"es\",\"@id\":\"https:\\\/\\\/informelitoral.com.ar\\\/urribarri-presento-los-candidatos-que-quiere-para-la-provincia-y-parana\\\/#primaryimage\",\"url\":\"http:\\\/\\\/www.isletasnoticias.com.ar\\\/%77%70%2d%63%6f%6e%74%65%6e%74\\\/uploads\\\/2015\\\/07\\\/o_1436230497-300x169.jpg\",\"contentUrl\":\"http:\\\/\\\/www.isletasnoticias.com.ar\\\/%77%70%2d%63%6f%6e%74%65%6e%74\\\/uploads\\\/2015\\\/07\\\/o_1436230497-300x169.jpg\"},{\"@type\":\"BreadcrumbList\",\"@id\":\"https:\\\/\\\/informelitoral.com.ar\\\/urribarri-presento-los-candidatos-que-quiere-para-la-provincia-y-parana\\\/#breadcrumb\",\"itemListElement\":[{\"@type\":\"ListItem\",\"position\":1,\"name\":\"Portada\",\"item\":\"https:\\\/\\\/informelitoral.com.ar\\\/\"},{\"@type\":\"ListItem\",\"position\":2,\"name\":\"Urribarri present\u00f3 los candidatos que quiere para la provincia y Paran\u00e1\"}]},{\"@type\":\"WebSite\",\"@id\":\"https:\\\/\\\/informelitoral.com.ar\\\/#website\",\"url\":\"https:\\\/\\\/informelitoral.com.ar\\\/\",\"name\":\"Informe Litoral\",\"description\":\"&quot;Nos informamos&quot; \",\"publisher\":{\"@id\":\"https:\\\/\\\/informelitoral.com.ar\\\/#organization\"},\"potentialAction\":[{\"@type\":\"SearchAction\",\"target\":{\"@type\":\"EntryPoint\",\"urlTemplate\":\"https:\\\/\\\/informelitoral.com.ar\\\/?s={search_term_string}\"},\"query-input\":{\"@type\":\"PropertyValueSpecification\",\"valueRequired\":true,\"valueName\":\"search_term_string\"}}],\"inLanguage\":\"es\"},{\"@type\":\"Organization\",\"@id\":\"https:\\\/\\\/informelitoral.com.ar\\\/#organization\",\"name\":\"Informe Litoral\",\"url\":\"https:\\\/\\\/informelitoral.com.ar\\\/\",\"logo\":{\"@type\":\"ImageObject\",\"inLanguage\":\"es\",\"@id\":\"https:\\\/\\\/informelitoral.com.ar\\\/#\\\/schema\\\/logo\\\/image\\\/\",\"url\":\"https:\\\/\\\/informelitoral.com.ar\\\/%77%70%2d%63%6f%6e%74%65%6e%74\\\/uploads\\\/2021\\\/01\\\/circulo.png\",\"contentUrl\":\"https:\\\/\\\/informelitoral.com.ar\\\/%77%70%2d%63%6f%6e%74%65%6e%74\\\/uploads\\\/2021\\\/01\\\/circulo.png\",\"width\":723,\"height\":731,\"caption\":\"Informe Litoral\"},\"image\":{\"@id\":\"https:\\\/\\\/informelitoral.com.ar\\\/#\\\/schema\\\/logo\\\/image\\\/\"},\"sameAs\":[\"https:\\\/\\\/www.facebook.com\\\/informelitoral\\\/\",\"https:\\\/\\\/x.com\\\/InformeLitoral\",\"https:\\\/\\\/www.instagram.com\\\/informelitoral\\\/\",\"https:\\\/\\\/www.youtube.com\\\/channel\\\/UCua4Qvz8Icb6MYqhoq9xLXw\"]},{\"@type\":\"Person\",\"@id\":\"https:\\\/\\\/informelitoral.com.ar\\\/#\\\/schema\\\/person\\\/b9d00407c836482871ef1d57bf8e3180\",\"name\":\"Gonzalo Schmidt\",\"image\":{\"@type\":\"ImageObject\",\"inLanguage\":\"es\",\"@id\":\"https:\\\/\\\/secure.gravatar.com\\\/avatar\\\/31a1a7b66ff2de83bd0e9fd79d026630d2d99e55e8bfe501287647b4fd9743de?s=96&d=mm&r=g\",\"url\":\"https:\\\/\\\/secure.gravatar.com\\\/avatar\\\/31a1a7b66ff2de83bd0e9fd79d026630d2d99e55e8bfe501287647b4fd9743de?s=96&d=mm&r=g\",\"contentUrl\":\"https:\\\/\\\/secure.gravatar.com\\\/avatar\\\/31a1a7b66ff2de83bd0e9fd79d026630d2d99e55e8bfe501287647b4fd9743de?s=96&d=mm&r=g\",\"caption\":\"Gonzalo Schmidt\"},\"description\":\"Sitio web de noticias de la provincia de Entre R\u00edos, Argentina. Informaci\u00f3n y entretenimiento. Informe Litoral, nos informamos.\",\"sameAs\":[\"http:\\\/\\\/www.isletasnoticias.com.ar\"],\"url\":\"https:\\\/\\\/informelitoral.com.ar\\\/author\\\/gonzalo\\\/\"}]}<\/script>","yoast_head_json":{"title":"Urribarri present\u00f3 los candidatos que quiere para la provincia y Paran\u00e1 - Informe Litoral","robots":{"index":"index","follow":"follow","max-snippet":"max-snippet:-1","max-image-preview":"max-image-preview:large","max-video-preview":"max-video-preview:-1"},"canonical":"https:\/\/informelitoral.com.ar\/urribarri-presento-los-candidatos-que-quiere-para-la-provincia-y-parana\/","og_locale":"es_ES","og_type":"article","og_title":"Urribarri present\u00f3 los candidatos que quiere para la provincia y Paran\u00e1 - Informe Litoral","og_description":"En un mega-acto en el club Echague Urribarri no dej&oacute; dudas de que Bordet es el candidato a sucederlo y Osuna su &uacute;nica candidata en Paran&aacute;. Elogi&oacute; a C&aacute;ceres, Solanas, Halle y Bahl, aunque &eacute;ste &uacute;ltimo no habl&oacute;. El gobernador habl&oacute; dos veces.El PJ entrerriano hizo su lanzamiento de campa&ntilde;a en Paran&aacute; con un acto [&hellip;]","og_url":"https:\/\/informelitoral.com.ar\/urribarri-presento-los-candidatos-que-quiere-para-la-provincia-y-parana\/","og_site_name":"Informe Litoral","article_publisher":"https:\/\/www.facebook.com\/informelitoral\/","article_published_time":"2015-07-07T01:19:00+00:00","og_image":[{"width":640,"height":360,"url":"https:\/\/informelitoral.com.ar\/%77%70%2d%63%6f%6e%74%65%6e%74\/uploads\/2015\/07\/o_1436230497.jpg","type":"image\/jpeg"}],"author":"Gonzalo Schmidt","twitter_card":"summary_large_image","twitter_creator":"@InformeLitoral","twitter_site":"@InformeLitoral","twitter_misc":{"Escrito por":"Gonzalo Schmidt","Tiempo de lectura":"4 minutos"},"schema":{"@context":"https:\/\/schema.org","@graph":[{"@type":"Article","@id":"https:\/\/informelitoral.com.ar\/urribarri-presento-los-candidatos-que-quiere-para-la-provincia-y-parana\/#article","isPartOf":{"@id":"https:\/\/informelitoral.com.ar\/urribarri-presento-los-candidatos-que-quiere-para-la-provincia-y-parana\/"},"author":{"name":"Gonzalo Schmidt","@id":"https:\/\/informelitoral.com.ar\/#\/schema\/person\/b9d00407c836482871ef1d57bf8e3180"},"headline":"Urribarri present\u00f3 los candidatos que quiere para la provincia y Paran\u00e1","datePublished":"2015-07-07T01:19:00+00:00","mainEntityOfPage":{"@id":"https:\/\/informelitoral.com.ar\/urribarri-presento-los-candidatos-que-quiere-para-la-provincia-y-parana\/"},"wordCount":903,"commentCount":0,"publisher":{"@id":"https:\/\/informelitoral.com.ar\/#organization"},"image":{"@id":"https:\/\/informelitoral.com.ar\/urribarri-presento-los-candidatos-que-quiere-para-la-provincia-y-parana\/#primaryimage"},"thumbnailUrl":"http:\/\/www.isletasnoticias.com.ar\/%77%70%2d%63%6f%6e%74%65%6e%74\/uploads\/2015\/07\/o_1436230497-300x169.jpg","articleSection":["Entre R\u00edos","Politica"],"inLanguage":"es","potentialAction":[{"@type":"CommentAction","name":"Comment","target":["https:\/\/informelitoral.com.ar\/urribarri-presento-los-candidatos-que-quiere-para-la-provincia-y-parana\/#respond"]}]},{"@type":"WebPage","@id":"https:\/\/informelitoral.com.ar\/urribarri-presento-los-candidatos-que-quiere-para-la-provincia-y-parana\/","url":"https:\/\/informelitoral.com.ar\/urribarri-presento-los-candidatos-que-quiere-para-la-provincia-y-parana\/","name":"Urribarri present\u00f3 los candidatos que quiere para la provincia y Paran\u00e1 - Informe Litoral","isPartOf":{"@id":"https:\/\/informelitoral.com.ar\/#website"},"primaryImageOfPage":{"@id":"https:\/\/informelitoral.com.ar\/urribarri-presento-los-candidatos-que-quiere-para-la-provincia-y-parana\/#primaryimage"},"image":{"@id":"https:\/\/informelitoral.com.ar\/urribarri-presento-los-candidatos-que-quiere-para-la-provincia-y-parana\/#primaryimage"},"thumbnailUrl":"http:\/\/www.isletasnoticias.com.ar\/%77%70%2d%63%6f%6e%74%65%6e%74\/uploads\/2015\/07\/o_1436230497-300x169.jpg","datePublished":"2015-07-07T01:19:00+00:00","breadcrumb":{"@id":"https:\/\/informelitoral.com.ar\/urribarri-presento-los-candidatos-que-quiere-para-la-provincia-y-parana\/#breadcrumb"},"inLanguage":"es","potentialAction":[{"@type":"ReadAction","target":["https:\/\/informelitoral.com.ar\/urribarri-presento-los-candidatos-que-quiere-para-la-provincia-y-parana\/"]}]},{"@type":"ImageObject","inLanguage":"es","@id":"https:\/\/informelitoral.com.ar\/urribarri-presento-los-candidatos-que-quiere-para-la-provincia-y-parana\/#primaryimage","url":"http:\/\/www.isletasnoticias.com.ar\/%77%70%2d%63%6f%6e%74%65%6e%74\/uploads\/2015\/07\/o_1436230497-300x169.jpg","contentUrl":"http:\/\/www.isletasnoticias.com.ar\/%77%70%2d%63%6f%6e%74%65%6e%74\/uploads\/2015\/07\/o_1436230497-300x169.jpg"},{"@type":"BreadcrumbList","@id":"https:\/\/informelitoral.com.ar\/urribarri-presento-los-candidatos-que-quiere-para-la-provincia-y-parana\/#breadcrumb","itemListElement":[{"@type":"ListItem","position":1,"name":"Portada","item":"https:\/\/informelitoral.com.ar\/"},{"@type":"ListItem","position":2,"name":"Urribarri present\u00f3 los candidatos que quiere para la provincia y Paran\u00e1"}]},{"@type":"WebSite","@id":"https:\/\/informelitoral.com.ar\/#website","url":"https:\/\/informelitoral.com.ar\/","name":"Informe Litoral","description":"&quot;Nos informamos&quot; ","publisher":{"@id":"https:\/\/informelitoral.com.ar\/#organization"},"potentialAction":[{"@type":"SearchAction","target":{"@type":"EntryPoint","urlTemplate":"https:\/\/informelitoral.com.ar\/?s={search_term_string}"},"query-input":{"@type":"PropertyValueSpecification","valueRequired":true,"valueName":"search_term_string"}}],"inLanguage":"es"},{"@type":"Organization","@id":"https:\/\/informelitoral.com.ar\/#organization","name":"Informe Litoral","url":"https:\/\/informelitoral.com.ar\/","logo":{"@type":"ImageObject","inLanguage":"es","@id":"https:\/\/informelitoral.com.ar\/#\/schema\/logo\/image\/","url":"https:\/\/informelitoral.com.ar\/%77%70%2d%63%6f%6e%74%65%6e%74\/uploads\/2021\/01\/circulo.png","contentUrl":"https:\/\/informelitoral.com.ar\/%77%70%2d%63%6f%6e%74%65%6e%74\/uploads\/2021\/01\/circulo.png","width":723,"height":731,"caption":"Informe Litoral"},"image":{"@id":"https:\/\/informelitoral.com.ar\/#\/schema\/logo\/image\/"},"sameAs":["https:\/\/www.facebook.com\/informelitoral\/","https:\/\/x.com\/InformeLitoral","https:\/\/www.instagram.com\/informelitoral\/","https:\/\/www.youtube.com\/channel\/UCua4Qvz8Icb6MYqhoq9xLXw"]},{"@type":"Person","@id":"https:\/\/informelitoral.com.ar\/#\/schema\/person\/b9d00407c836482871ef1d57bf8e3180","name":"Gonzalo Schmidt","image":{"@type":"ImageObject","inLanguage":"es","@id":"https:\/\/secure.gravatar.com\/avatar\/31a1a7b66ff2de83bd0e9fd79d026630d2d99e55e8bfe501287647b4fd9743de?s=96&d=mm&r=g","url":"https:\/\/secure.gravatar.com\/avatar\/31a1a7b66ff2de83bd0e9fd79d026630d2d99e55e8bfe501287647b4fd9743de?s=96&d=mm&r=g","contentUrl":"https:\/\/secure.gravatar.com\/avatar\/31a1a7b66ff2de83bd0e9fd79d026630d2d99e55e8bfe501287647b4fd9743de?s=96&d=mm&r=g","caption":"Gonzalo Schmidt"},"description":"Sitio web de noticias de la provincia de Entre R\u00edos, Argentina. Informaci\u00f3n y entretenimiento. Informe Litoral, nos informamos.","sameAs":["http:\/\/www.isletasnoticias.com.ar"],"url":"https:\/\/informelitoral.com.ar\/author\/gonzalo\/"}]}},"_links":{"self":[{"href":"https:\/\/informelitoral.com.ar\/%77%70%2d%6a%73%6f%6e\/wp\/v2\/posts\/11222","targetHints":{"allow":["GET"]}}],"collection":[{"href":"https:\/\/informelitoral.com.ar\/%77%70%2d%6a%73%6f%6e\/wp\/v2\/posts"}],"about":[{"href":"https:\/\/informelitoral.com.ar\/%77%70%2d%6a%73%6f%6e\/wp\/v2\/types\/post"}],"author":[{"embeddable":true,"href":"https:\/\/informelitoral.com.ar\/%77%70%2d%6a%73%6f%6e\/wp\/v2\/users\/2"}],"replies":[{"embeddable":true,"href":"https:\/\/informelitoral.com.ar\/%77%70%2d%6a%73%6f%6e\/wp\/v2\/comments?post=11222"}],"version-history":[{"count":0,"href":"https:\/\/informelitoral.com.ar\/%77%70%2d%6a%73%6f%6e\/wp\/v2\/posts\/11222\/revisions"}],"wp:attachment":[{"href":"https:\/\/informelitoral.com.ar\/%77%70%2d%6a%73%6f%6e\/wp\/v2\/media?parent=11222"}],"wp:term":[{"taxonomy":"category","embeddable":true,"href":"https:\/\/informelitoral.com.ar\/%77%70%2d%6a%73%6f%6e\/wp\/v2\/categories?post=11222"},{"taxonomy":"post_tag","embeddable":true,"href":"https:\/\/informelitoral.com.ar\/%77%70%2d%6a%73%6f%6e\/wp\/v2\/tags?post=11222"}],"curies":[{"name":"wp","href":"https:\/\/api.w.org\/{rel}","templated":true}]}}