{"id":11218,"date":"2015-07-06T15:34:00","date_gmt":"2015-07-06T18:34:00","guid":{"rendered":"http:\/\/www.isletasnoticias.com.ar\/?p=11218"},"modified":"2015-07-06T15:40:23","modified_gmt":"2015-07-06T18:40:23","slug":"libertador-san-martin-tendra-su-juzgado-de-paz","status":"publish","type":"post","link":"https:\/\/informelitoral.com.ar\/libertador-san-martin-tendra-su-juzgado-de-paz\/","title":{"rendered":"Libertador San Mart\u00edn tendr\u00e1 su Juzgado de Paz"},"content":{"rendered":"<p><strong>Tendr\u00e1 competencia territorial en el municipio de Libertador y en el ejido de Estaci\u00f3n General Racedo. La iniciativa fue del diputado <em>Jorge Monge (UCR).<a href=\"http:\/\/www.isletasnoticias.com.ar\/%77%70%2d%63%6f%6e%74%65%6e%74\/uploads\/2015\/07\/descarga.jpg\"><img loading=\"lazy\" decoding=\"async\" class=\"aligncenter size-full wp-image-11219\" src=\"http:\/\/www.isletasnoticias.com.ar\/%77%70%2d%63%6f%6e%74%65%6e%74\/uploads\/2015\/07\/descarga.jpg\" alt=\"descarga\" width=\"286\" height=\"176\" \/><\/a><\/em><\/strong>Bajo el n\u00famero 10.339 qued\u00f3 promulgada la ley que dispone crear un Juzgado de Paz con asiento en la localidad de Libertador San Mart\u00edn. Tendr\u00e1 competencia territorial en el mencionado municipio y en el ejido de Estaci\u00f3n General Racedo, y competencia material conforme lo establecido en el Decreto Ley N\u00ba 6902, ratificado por la Ley N\u00ba 7504, y sus modificatorias. Seg\u00fan la ley ya publicada en el Bolet\u00edn Oficial de la provincia de Entre R\u00edos, se crear\u00e1n un cargo de juez de Paz, uno de secretario, un auxiliar, un maestranza y servicios. Los gastos que demande la aplicaci\u00f3n de la ley ser\u00e1n imputados a rentas generales.<\/p>\n<p>La norma faculta adem\u00e1s al Superior Tribunal de Justicia a arbitrar los medios y recursos necesarios materiales y humanos para la implementaci\u00f3n y aplicaci\u00f3n de la ley.<\/p>\n<p>El autor de la ley, diputado <strong>Jorge Monge<\/strong> (UCR Diamante) expres\u00f3 en su momento que Libertador San Mart\u00edn es la \u00a0ciudad que m\u00e1s crece en nuestra zona, en variados \u00f3rdenes. En lo poblacional ha registrado, un notable crecimiento en habitantes estables a lo que hay que adicionar un elevado n\u00famero de estudiantes for\u00e1neos que estudian en la UAP y que residen durante gran parte del a\u00f1o; la presencia del Sanatorio Adventista del Plata y en Centro de Vida Sana, instituciones junto a la Universidad Adventista, de fuerte prestigio nacional e internacional, hac\u00edan de Libertador la ciudad m\u00e1s importante de la provincia sin un Juzgado de Paz.<\/p>\n","protected":false},"excerpt":{"rendered":"<p>Tendr&aacute; competencia territorial en el municipio de Libertador y en el ejido de Estaci&oacute;n General Racedo. La iniciativa fue del diputado Jorge Monge (UCR).Bajo el n&uacute;mero 10.339 qued&oacute; promulgada la ley que dispone crear un Juzgado de Paz con asiento en la localidad de Libertador San Mart&iacute;n. Tendr&aacute; competencia territorial en el mencionado municipio y [&hellip;]<\/p>\n","protected":false},"author":2,"featured_media":0,"comment_status":"open","ping_status":"open","sticky":false,"template":"","format":"standard","meta":{"fifu_image_url":"","fifu_image_alt":"","footnotes":""},"categories":[5,16],"tags":[],"class_list":{"0":"post-11218","1":"post","2":"type-post","3":"status-publish","4":"format-standard","6":"category-zonales","7":"category-politi"},"yoast_head":"<title>Libertador San Mart\u00edn tendr\u00e1 su Juzgado de Paz - Informe Litoral<\/title>\n<meta name=\"robots\" content=\"index, follow, max-snippet:-1, max-image-preview:large, max-video-preview:-1\" \/>\n<link rel=\"canonical\" href=\"https:\/\/informelitoral.com.ar\/libertador-san-martin-tendra-su-juzgado-de-paz\/\" \/>\n<meta property=\"og:locale\" content=\"es_ES\" \/>\n<meta property=\"og:type\" content=\"article\" \/>\n<meta property=\"og:title\" content=\"Libertador San Mart\u00edn tendr\u00e1 su Juzgado de Paz - Informe Litoral\" \/>\n<meta property=\"og:description\" content=\"Tendr&aacute; competencia territorial en el municipio de Libertador y en el ejido de Estaci&oacute;n General Racedo. La iniciativa fue del diputado Jorge Monge (UCR).Bajo el n&uacute;mero 10.339 qued&oacute; promulgada la ley que dispone crear un Juzgado de Paz con asiento en la localidad de Libertador San Mart&iacute;n. Tendr&aacute; competencia territorial en el mencionado municipio y [&hellip;]\" \/>\n<meta property=\"og:url\" content=\"https:\/\/informelitoral.com.ar\/libertador-san-martin-tendra-su-juzgado-de-paz\/\" \/>\n<meta property=\"og:site_name\" content=\"Informe Litoral\" \/>\n<meta property=\"article:publisher\" content=\"https:\/\/www.facebook.com\/informelitoral\/\" \/>\n<meta property=\"article:published_time\" content=\"2015-07-06T18:34:00+00:00\" \/>\n<meta property=\"article:modified_time\" content=\"2015-07-06T18:40:23+00:00\" \/>\n<meta property=\"og:image\" content=\"https:\/\/informelitoral.com.ar\/%77%70%2d%63%6f%6e%74%65%6e%74\/uploads\/2015\/07\/descarga.jpg\" \/>\n\t<meta property=\"og:image:width\" content=\"286\" \/>\n\t<meta property=\"og:image:height\" content=\"176\" \/>\n\t<meta property=\"og:image:type\" content=\"image\/jpeg\" \/>\n<meta name=\"author\" content=\"Gonzalo Schmidt\" \/>\n<meta name=\"twitter:card\" content=\"summary_large_image\" \/>\n<meta name=\"twitter:creator\" content=\"@InformeLitoral\" \/>\n<meta name=\"twitter:site\" content=\"@InformeLitoral\" \/>\n<meta name=\"twitter:label1\" content=\"Escrito por\" \/>\n\t<meta name=\"twitter:data1\" content=\"Gonzalo Schmidt\" \/>\n\t<meta name=\"twitter:label2\" content=\"Tiempo de lectura\" \/>\n\t<meta name=\"twitter:data2\" content=\"1 minuto\" \/>\n<script type=\"application\/ld+json\" class=\"yoast-schema-graph\">{\"@context\":\"https:\\\/\\\/schema.org\",\"@graph\":[{\"@type\":\"Article\",\"@id\":\"https:\\\/\\\/informelitoral.com.ar\\\/libertador-san-martin-tendra-su-juzgado-de-paz\\\/#article\",\"isPartOf\":{\"@id\":\"https:\\\/\\\/informelitoral.com.ar\\\/libertador-san-martin-tendra-su-juzgado-de-paz\\\/\"},\"author\":{\"name\":\"Gonzalo Schmidt\",\"@id\":\"https:\\\/\\\/informelitoral.com.ar\\\/#\\\/schema\\\/person\\\/b9d00407c836482871ef1d57bf8e3180\"},\"headline\":\"Libertador San Mart\u00edn tendr\u00e1 su Juzgado de Paz\",\"datePublished\":\"2015-07-06T18:34:00+00:00\",\"dateModified\":\"2015-07-06T18:40:23+00:00\",\"mainEntityOfPage\":{\"@id\":\"https:\\\/\\\/informelitoral.com.ar\\\/libertador-san-martin-tendra-su-juzgado-de-paz\\\/\"},\"wordCount\":289,\"commentCount\":0,\"publisher\":{\"@id\":\"https:\\\/\\\/informelitoral.com.ar\\\/#organization\"},\"image\":{\"@id\":\"https:\\\/\\\/informelitoral.com.ar\\\/libertador-san-martin-tendra-su-juzgado-de-paz\\\/#primaryimage\"},\"thumbnailUrl\":\"http:\\\/\\\/www.isletasnoticias.com.ar\\\/%77%70%2d%63%6f%6e%74%65%6e%74\\\/uploads\\\/2015\\\/07\\\/descarga.jpg\",\"articleSection\":[\"Departamento Diamante\",\"Politica\"],\"inLanguage\":\"es\",\"potentialAction\":[{\"@type\":\"CommentAction\",\"name\":\"Comment\",\"target\":[\"https:\\\/\\\/informelitoral.com.ar\\\/libertador-san-martin-tendra-su-juzgado-de-paz\\\/#respond\"]}]},{\"@type\":\"WebPage\",\"@id\":\"https:\\\/\\\/informelitoral.com.ar\\\/libertador-san-martin-tendra-su-juzgado-de-paz\\\/\",\"url\":\"https:\\\/\\\/informelitoral.com.ar\\\/libertador-san-martin-tendra-su-juzgado-de-paz\\\/\",\"name\":\"Libertador San Mart\u00edn tendr\u00e1 su Juzgado de Paz - Informe Litoral\",\"isPartOf\":{\"@id\":\"https:\\\/\\\/informelitoral.com.ar\\\/#website\"},\"primaryImageOfPage\":{\"@id\":\"https:\\\/\\\/informelitoral.com.ar\\\/libertador-san-martin-tendra-su-juzgado-de-paz\\\/#primaryimage\"},\"image\":{\"@id\":\"https:\\\/\\\/informelitoral.com.ar\\\/libertador-san-martin-tendra-su-juzgado-de-paz\\\/#primaryimage\"},\"thumbnailUrl\":\"http:\\\/\\\/www.isletasnoticias.com.ar\\\/%77%70%2d%63%6f%6e%74%65%6e%74\\\/uploads\\\/2015\\\/07\\\/descarga.jpg\",\"datePublished\":\"2015-07-06T18:34:00+00:00\",\"dateModified\":\"2015-07-06T18:40:23+00:00\",\"breadcrumb\":{\"@id\":\"https:\\\/\\\/informelitoral.com.ar\\\/libertador-san-martin-tendra-su-juzgado-de-paz\\\/#breadcrumb\"},\"inLanguage\":\"es\",\"potentialAction\":[{\"@type\":\"ReadAction\",\"target\":[\"https:\\\/\\\/informelitoral.com.ar\\\/libertador-san-martin-tendra-su-juzgado-de-paz\\\/\"]}]},{\"@type\":\"ImageObject\",\"inLanguage\":\"es\",\"@id\":\"https:\\\/\\\/informelitoral.com.ar\\\/libertador-san-martin-tendra-su-juzgado-de-paz\\\/#primaryimage\",\"url\":\"http:\\\/\\\/www.isletasnoticias.com.ar\\\/%77%70%2d%63%6f%6e%74%65%6e%74\\\/uploads\\\/2015\\\/07\\\/descarga.jpg\",\"contentUrl\":\"http:\\\/\\\/www.isletasnoticias.com.ar\\\/%77%70%2d%63%6f%6e%74%65%6e%74\\\/uploads\\\/2015\\\/07\\\/descarga.jpg\"},{\"@type\":\"BreadcrumbList\",\"@id\":\"https:\\\/\\\/informelitoral.com.ar\\\/libertador-san-martin-tendra-su-juzgado-de-paz\\\/#breadcrumb\",\"itemListElement\":[{\"@type\":\"ListItem\",\"position\":1,\"name\":\"Portada\",\"item\":\"https:\\\/\\\/informelitoral.com.ar\\\/\"},{\"@type\":\"ListItem\",\"position\":2,\"name\":\"Libertador San Mart\u00edn tendr\u00e1 su Juzgado de Paz\"}]},{\"@type\":\"WebSite\",\"@id\":\"https:\\\/\\\/informelitoral.com.ar\\\/#website\",\"url\":\"https:\\\/\\\/informelitoral.com.ar\\\/\",\"name\":\"Informe Litoral\",\"description\":\"&quot;Nos informamos&quot; \",\"publisher\":{\"@id\":\"https:\\\/\\\/informelitoral.com.ar\\\/#organization\"},\"potentialAction\":[{\"@type\":\"SearchAction\",\"target\":{\"@type\":\"EntryPoint\",\"urlTemplate\":\"https:\\\/\\\/informelitoral.com.ar\\\/?s={search_term_string}\"},\"query-input\":{\"@type\":\"PropertyValueSpecification\",\"valueRequired\":true,\"valueName\":\"search_term_string\"}}],\"inLanguage\":\"es\"},{\"@type\":\"Organization\",\"@id\":\"https:\\\/\\\/informelitoral.com.ar\\\/#organization\",\"name\":\"Informe Litoral\",\"url\":\"https:\\\/\\\/informelitoral.com.ar\\\/\",\"logo\":{\"@type\":\"ImageObject\",\"inLanguage\":\"es\",\"@id\":\"https:\\\/\\\/informelitoral.com.ar\\\/#\\\/schema\\\/logo\\\/image\\\/\",\"url\":\"https:\\\/\\\/informelitoral.com.ar\\\/%77%70%2d%63%6f%6e%74%65%6e%74\\\/uploads\\\/2021\\\/01\\\/circulo.png\",\"contentUrl\":\"https:\\\/\\\/informelitoral.com.ar\\\/%77%70%2d%63%6f%6e%74%65%6e%74\\\/uploads\\\/2021\\\/01\\\/circulo.png\",\"width\":723,\"height\":731,\"caption\":\"Informe Litoral\"},\"image\":{\"@id\":\"https:\\\/\\\/informelitoral.com.ar\\\/#\\\/schema\\\/logo\\\/image\\\/\"},\"sameAs\":[\"https:\\\/\\\/www.facebook.com\\\/informelitoral\\\/\",\"https:\\\/\\\/x.com\\\/InformeLitoral\",\"https:\\\/\\\/www.instagram.com\\\/informelitoral\\\/\",\"https:\\\/\\\/www.youtube.com\\\/channel\\\/UCua4Qvz8Icb6MYqhoq9xLXw\"]},{\"@type\":\"Person\",\"@id\":\"https:\\\/\\\/informelitoral.com.ar\\\/#\\\/schema\\\/person\\\/b9d00407c836482871ef1d57bf8e3180\",\"name\":\"Gonzalo Schmidt\",\"image\":{\"@type\":\"ImageObject\",\"inLanguage\":\"es\",\"@id\":\"https:\\\/\\\/secure.gravatar.com\\\/avatar\\\/31a1a7b66ff2de83bd0e9fd79d026630d2d99e55e8bfe501287647b4fd9743de?s=96&d=mm&r=g\",\"url\":\"https:\\\/\\\/secure.gravatar.com\\\/avatar\\\/31a1a7b66ff2de83bd0e9fd79d026630d2d99e55e8bfe501287647b4fd9743de?s=96&d=mm&r=g\",\"contentUrl\":\"https:\\\/\\\/secure.gravatar.com\\\/avatar\\\/31a1a7b66ff2de83bd0e9fd79d026630d2d99e55e8bfe501287647b4fd9743de?s=96&d=mm&r=g\",\"caption\":\"Gonzalo Schmidt\"},\"description\":\"Sitio web de noticias de la provincia de Entre R\u00edos, Argentina. Informaci\u00f3n y entretenimiento. Informe Litoral, nos informamos.\",\"sameAs\":[\"http:\\\/\\\/www.isletasnoticias.com.ar\"],\"url\":\"https:\\\/\\\/informelitoral.com.ar\\\/author\\\/gonzalo\\\/\"}]}<\/script>","yoast_head_json":{"title":"Libertador San Mart\u00edn tendr\u00e1 su Juzgado de Paz - Informe Litoral","robots":{"index":"index","follow":"follow","max-snippet":"max-snippet:-1","max-image-preview":"max-image-preview:large","max-video-preview":"max-video-preview:-1"},"canonical":"https:\/\/informelitoral.com.ar\/libertador-san-martin-tendra-su-juzgado-de-paz\/","og_locale":"es_ES","og_type":"article","og_title":"Libertador San Mart\u00edn tendr\u00e1 su Juzgado de Paz - Informe Litoral","og_description":"Tendr&aacute; competencia territorial en el municipio de Libertador y en el ejido de Estaci&oacute;n General Racedo. La iniciativa fue del diputado Jorge Monge (UCR).Bajo el n&uacute;mero 10.339 qued&oacute; promulgada la ley que dispone crear un Juzgado de Paz con asiento en la localidad de Libertador San Mart&iacute;n. Tendr&aacute; competencia territorial en el mencionado municipio y [&hellip;]","og_url":"https:\/\/informelitoral.com.ar\/libertador-san-martin-tendra-su-juzgado-de-paz\/","og_site_name":"Informe Litoral","article_publisher":"https:\/\/www.facebook.com\/informelitoral\/","article_published_time":"2015-07-06T18:34:00+00:00","article_modified_time":"2015-07-06T18:40:23+00:00","og_image":[{"width":286,"height":176,"url":"https:\/\/informelitoral.com.ar\/%77%70%2d%63%6f%6e%74%65%6e%74\/uploads\/2015\/07\/descarga.jpg","type":"image\/jpeg"}],"author":"Gonzalo Schmidt","twitter_card":"summary_large_image","twitter_creator":"@InformeLitoral","twitter_site":"@InformeLitoral","twitter_misc":{"Escrito por":"Gonzalo Schmidt","Tiempo de lectura":"1 minuto"},"schema":{"@context":"https:\/\/schema.org","@graph":[{"@type":"Article","@id":"https:\/\/informelitoral.com.ar\/libertador-san-martin-tendra-su-juzgado-de-paz\/#article","isPartOf":{"@id":"https:\/\/informelitoral.com.ar\/libertador-san-martin-tendra-su-juzgado-de-paz\/"},"author":{"name":"Gonzalo Schmidt","@id":"https:\/\/informelitoral.com.ar\/#\/schema\/person\/b9d00407c836482871ef1d57bf8e3180"},"headline":"Libertador San Mart\u00edn tendr\u00e1 su Juzgado de Paz","datePublished":"2015-07-06T18:34:00+00:00","dateModified":"2015-07-06T18:40:23+00:00","mainEntityOfPage":{"@id":"https:\/\/informelitoral.com.ar\/libertador-san-martin-tendra-su-juzgado-de-paz\/"},"wordCount":289,"commentCount":0,"publisher":{"@id":"https:\/\/informelitoral.com.ar\/#organization"},"image":{"@id":"https:\/\/informelitoral.com.ar\/libertador-san-martin-tendra-su-juzgado-de-paz\/#primaryimage"},"thumbnailUrl":"http:\/\/www.isletasnoticias.com.ar\/%77%70%2d%63%6f%6e%74%65%6e%74\/uploads\/2015\/07\/descarga.jpg","articleSection":["Departamento Diamante","Politica"],"inLanguage":"es","potentialAction":[{"@type":"CommentAction","name":"Comment","target":["https:\/\/informelitoral.com.ar\/libertador-san-martin-tendra-su-juzgado-de-paz\/#respond"]}]},{"@type":"WebPage","@id":"https:\/\/informelitoral.com.ar\/libertador-san-martin-tendra-su-juzgado-de-paz\/","url":"https:\/\/informelitoral.com.ar\/libertador-san-martin-tendra-su-juzgado-de-paz\/","name":"Libertador San Mart\u00edn tendr\u00e1 su Juzgado de Paz - Informe Litoral","isPartOf":{"@id":"https:\/\/informelitoral.com.ar\/#website"},"primaryImageOfPage":{"@id":"https:\/\/informelitoral.com.ar\/libertador-san-martin-tendra-su-juzgado-de-paz\/#primaryimage"},"image":{"@id":"https:\/\/informelitoral.com.ar\/libertador-san-martin-tendra-su-juzgado-de-paz\/#primaryimage"},"thumbnailUrl":"http:\/\/www.isletasnoticias.com.ar\/%77%70%2d%63%6f%6e%74%65%6e%74\/uploads\/2015\/07\/descarga.jpg","datePublished":"2015-07-06T18:34:00+00:00","dateModified":"2015-07-06T18:40:23+00:00","breadcrumb":{"@id":"https:\/\/informelitoral.com.ar\/libertador-san-martin-tendra-su-juzgado-de-paz\/#breadcrumb"},"inLanguage":"es","potentialAction":[{"@type":"ReadAction","target":["https:\/\/informelitoral.com.ar\/libertador-san-martin-tendra-su-juzgado-de-paz\/"]}]},{"@type":"ImageObject","inLanguage":"es","@id":"https:\/\/informelitoral.com.ar\/libertador-san-martin-tendra-su-juzgado-de-paz\/#primaryimage","url":"http:\/\/www.isletasnoticias.com.ar\/%77%70%2d%63%6f%6e%74%65%6e%74\/uploads\/2015\/07\/descarga.jpg","contentUrl":"http:\/\/www.isletasnoticias.com.ar\/%77%70%2d%63%6f%6e%74%65%6e%74\/uploads\/2015\/07\/descarga.jpg"},{"@type":"BreadcrumbList","@id":"https:\/\/informelitoral.com.ar\/libertador-san-martin-tendra-su-juzgado-de-paz\/#breadcrumb","itemListElement":[{"@type":"ListItem","position":1,"name":"Portada","item":"https:\/\/informelitoral.com.ar\/"},{"@type":"ListItem","position":2,"name":"Libertador San Mart\u00edn tendr\u00e1 su Juzgado de Paz"}]},{"@type":"WebSite","@id":"https:\/\/informelitoral.com.ar\/#website","url":"https:\/\/informelitoral.com.ar\/","name":"Informe Litoral","description":"&quot;Nos informamos&quot; ","publisher":{"@id":"https:\/\/informelitoral.com.ar\/#organization"},"potentialAction":[{"@type":"SearchAction","target":{"@type":"EntryPoint","urlTemplate":"https:\/\/informelitoral.com.ar\/?s={search_term_string}"},"query-input":{"@type":"PropertyValueSpecification","valueRequired":true,"valueName":"search_term_string"}}],"inLanguage":"es"},{"@type":"Organization","@id":"https:\/\/informelitoral.com.ar\/#organization","name":"Informe Litoral","url":"https:\/\/informelitoral.com.ar\/","logo":{"@type":"ImageObject","inLanguage":"es","@id":"https:\/\/informelitoral.com.ar\/#\/schema\/logo\/image\/","url":"https:\/\/informelitoral.com.ar\/%77%70%2d%63%6f%6e%74%65%6e%74\/uploads\/2021\/01\/circulo.png","contentUrl":"https:\/\/informelitoral.com.ar\/%77%70%2d%63%6f%6e%74%65%6e%74\/uploads\/2021\/01\/circulo.png","width":723,"height":731,"caption":"Informe Litoral"},"image":{"@id":"https:\/\/informelitoral.com.ar\/#\/schema\/logo\/image\/"},"sameAs":["https:\/\/www.facebook.com\/informelitoral\/","https:\/\/x.com\/InformeLitoral","https:\/\/www.instagram.com\/informelitoral\/","https:\/\/www.youtube.com\/channel\/UCua4Qvz8Icb6MYqhoq9xLXw"]},{"@type":"Person","@id":"https:\/\/informelitoral.com.ar\/#\/schema\/person\/b9d00407c836482871ef1d57bf8e3180","name":"Gonzalo Schmidt","image":{"@type":"ImageObject","inLanguage":"es","@id":"https:\/\/secure.gravatar.com\/avatar\/31a1a7b66ff2de83bd0e9fd79d026630d2d99e55e8bfe501287647b4fd9743de?s=96&d=mm&r=g","url":"https:\/\/secure.gravatar.com\/avatar\/31a1a7b66ff2de83bd0e9fd79d026630d2d99e55e8bfe501287647b4fd9743de?s=96&d=mm&r=g","contentUrl":"https:\/\/secure.gravatar.com\/avatar\/31a1a7b66ff2de83bd0e9fd79d026630d2d99e55e8bfe501287647b4fd9743de?s=96&d=mm&r=g","caption":"Gonzalo Schmidt"},"description":"Sitio web de noticias de la provincia de Entre R\u00edos, Argentina. Informaci\u00f3n y entretenimiento. Informe Litoral, nos informamos.","sameAs":["http:\/\/www.isletasnoticias.com.ar"],"url":"https:\/\/informelitoral.com.ar\/author\/gonzalo\/"}]}},"_links":{"self":[{"href":"https:\/\/informelitoral.com.ar\/%77%70%2d%6a%73%6f%6e\/wp\/v2\/posts\/11218","targetHints":{"allow":["GET"]}}],"collection":[{"href":"https:\/\/informelitoral.com.ar\/%77%70%2d%6a%73%6f%6e\/wp\/v2\/posts"}],"about":[{"href":"https:\/\/informelitoral.com.ar\/%77%70%2d%6a%73%6f%6e\/wp\/v2\/types\/post"}],"author":[{"embeddable":true,"href":"https:\/\/informelitoral.com.ar\/%77%70%2d%6a%73%6f%6e\/wp\/v2\/users\/2"}],"replies":[{"embeddable":true,"href":"https:\/\/informelitoral.com.ar\/%77%70%2d%6a%73%6f%6e\/wp\/v2\/comments?post=11218"}],"version-history":[{"count":0,"href":"https:\/\/informelitoral.com.ar\/%77%70%2d%6a%73%6f%6e\/wp\/v2\/posts\/11218\/revisions"}],"wp:attachment":[{"href":"https:\/\/informelitoral.com.ar\/%77%70%2d%6a%73%6f%6e\/wp\/v2\/media?parent=11218"}],"wp:term":[{"taxonomy":"category","embeddable":true,"href":"https:\/\/informelitoral.com.ar\/%77%70%2d%6a%73%6f%6e\/wp\/v2\/categories?post=11218"},{"taxonomy":"post_tag","embeddable":true,"href":"https:\/\/informelitoral.com.ar\/%77%70%2d%6a%73%6f%6e\/wp\/v2\/tags?post=11218"}],"curies":[{"name":"wp","href":"https:\/\/api.w.org\/{rel}","templated":true}]}}