{"id":112011,"date":"2023-01-20T09:22:42","date_gmt":"2023-01-20T12:22:42","guid":{"rendered":"https:\/\/www.informelitoral.com.ar\/?p=112011"},"modified":"2023-01-20T09:32:04","modified_gmt":"2023-01-20T12:32:04","slug":"la-playa-de-villa-urquiza-quedo-nuevamente-habilitada-al-publico","status":"publish","type":"post","link":"https:\/\/informelitoral.com.ar\/la-playa-de-villa-urquiza-quedo-nuevamente-habilitada-al-publico\/","title":{"rendered":"La playa de Villa Urquiza qued\u00f3 nuevamente habilitada al p\u00fablico"},"content":{"rendered":"<p>D\u00edas atr\u00e1s la situaci\u00f3n del r\u00edo Paran\u00e1 oblig\u00f3 a las autoridades municipales de Villa Urquiza a tomar una decisi\u00f3n que afectaba en alg\u00fan modo el punto m\u00e1s alto de la temporada: la localidad se quedaba sin su playa habilitada.<\/p>\n<p>Pero a partir de este jueves, se conoci\u00f3 que se pudo reactivar y volver a ofrecer una playa con todas sus virtudes a los vecinos y visitantes. La novedad fue comunicada por el intendente Maniuel Tennen junto al equipo de Turismo durante un recorrido por la zona previo a la Fiesta de la Playa.<\/p>\n<p>La altura del r\u00edo registr\u00f3 en esta jornada una marca de 0,56 metros, con lo cual cambi\u00f3 el panorama que se presentaba la semana cuando la marca era de apenas 22 cent\u00edmetros.<\/p>\n<p><strong>Fiesta de la Playa\u00a0<\/strong><br \/>\nEn forma paralela, Villa Urquiza se prepara para la vuelta de la Fiesta de La Playa que se realiza este s\u00e1bado y hay un aumento constante de reservas en la localidad y toda la zona, de ocupaci\u00f3n del camping y sus servicios, como as\u00ed tambi\u00e9n de afluencia de visitas diarias.<\/p>\n<p>\u201cNos enorgullece que turistas de todo el pa\u00eds o regi\u00f3n centro elijan Villa Urquiza para vacacionar. Con precios para todos los bolsillos y servicios en nuestro camping que van desde c\u00e1maras de seguridad y m\u00e1s control, hasta duchas solares con agua caliente en los nuevos ba\u00f1os con accesibilidad\u201d, dijo el Secretario de Turismo, Yari Klocker.<\/p>\n<p>Mientras que Tennen se\u00f1al\u00f3 que \u201ctenemos una ocupaci\u00f3n del 95% en Villa Urquiza y una demanda enorme por la Fiesta de la Playa\u201d.<\/p>\n","protected":false},"excerpt":{"rendered":"<p>Con el leve repunte del r\u00edo, Villa Urquiza vuelve a tener su playa habilitada mientras se prepara para una nueva edici\u00f3n de la Fiesta de La Playa que tendr\u00e1 lugar este s\u00e1bado con Mario Pereyra entre los artistas invitados.<\/p>\n","protected":false},"author":8,"featured_media":112013,"comment_status":"open","ping_status":"open","sticky":false,"template":"","format":"standard","meta":{"fifu_image_url":"","fifu_image_alt":"","footnotes":""},"categories":[6],"tags":[1044],"class_list":{"0":"post-112011","1":"post","2":"type-post","3":"status-publish","4":"format-standard","5":"has-post-thumbnail","7":"category-entre-rios","8":"tag-villa-urquiza"},"yoast_head":"<title>La playa de Villa Urquiza qued\u00f3 nuevamente habilitada al p\u00fablico - Informe Litoral<\/title>\n<meta name=\"robots\" content=\"index, follow, max-snippet:-1, max-image-preview:large, max-video-preview:-1\" \/>\n<link rel=\"canonical\" href=\"https:\/\/informelitoral.com.ar\/la-playa-de-villa-urquiza-quedo-nuevamente-habilitada-al-publico\/\" \/>\n<meta property=\"og:locale\" content=\"es_ES\" \/>\n<meta property=\"og:type\" content=\"article\" \/>\n<meta property=\"og:title\" content=\"La playa de Villa Urquiza qued\u00f3 nuevamente habilitada al p\u00fablico - Informe Litoral\" \/>\n<meta property=\"og:description\" content=\"Con el leve repunte del r\u00edo, Villa Urquiza vuelve a tener su playa habilitada mientras se prepara para una nueva edici\u00f3n de la Fiesta de La Playa que tendr\u00e1 lugar este s\u00e1bado con Mario Pereyra entre los artistas invitados.\" \/>\n<meta property=\"og:url\" content=\"https:\/\/informelitoral.com.ar\/la-playa-de-villa-urquiza-quedo-nuevamente-habilitada-al-publico\/\" \/>\n<meta property=\"og:site_name\" content=\"Informe Litoral\" \/>\n<meta property=\"article:publisher\" content=\"https:\/\/www.facebook.com\/informelitoral\/\" \/>\n<meta property=\"article:published_time\" content=\"2023-01-20T12:22:42+00:00\" \/>\n<meta property=\"article:modified_time\" content=\"2023-01-20T12:32:04+00:00\" \/>\n<meta property=\"og:image\" content=\"https:\/\/informelitoral.com.ar\/%77%70%2d%63%6f%6e%74%65%6e%74\/uploads\/2023\/01\/o_1674161235.jpg\" \/>\n\t<meta property=\"og:image:width\" content=\"800\" \/>\n\t<meta property=\"og:image:height\" content=\"450\" \/>\n\t<meta property=\"og:image:type\" content=\"image\/jpeg\" \/>\n<meta name=\"author\" content=\"Sebastian\" \/>\n<meta name=\"twitter:card\" content=\"summary_large_image\" \/>\n<meta name=\"twitter:creator\" content=\"@InformeLitoral\" \/>\n<meta name=\"twitter:site\" content=\"@InformeLitoral\" \/>\n<meta name=\"twitter:label1\" content=\"Escrito por\" \/>\n\t<meta name=\"twitter:data1\" content=\"Sebastian\" \/>\n\t<meta name=\"twitter:label2\" content=\"Tiempo de lectura\" \/>\n\t<meta name=\"twitter:data2\" content=\"1 minuto\" \/>\n<script type=\"application\/ld+json\" class=\"yoast-schema-graph\">{\"@context\":\"https:\\\/\\\/schema.org\",\"@graph\":[{\"@type\":\"Article\",\"@id\":\"https:\\\/\\\/informelitoral.com.ar\\\/la-playa-de-villa-urquiza-quedo-nuevamente-habilitada-al-publico\\\/#article\",\"isPartOf\":{\"@id\":\"https:\\\/\\\/informelitoral.com.ar\\\/la-playa-de-villa-urquiza-quedo-nuevamente-habilitada-al-publico\\\/\"},\"author\":{\"name\":\"Sebastian\",\"@id\":\"https:\\\/\\\/informelitoral.com.ar\\\/#\\\/schema\\\/person\\\/f05f9f461677119578717524b127d6d5\"},\"headline\":\"La playa de Villa Urquiza qued\u00f3 nuevamente habilitada al p\u00fablico\",\"datePublished\":\"2023-01-20T12:22:42+00:00\",\"dateModified\":\"2023-01-20T12:32:04+00:00\",\"mainEntityOfPage\":{\"@id\":\"https:\\\/\\\/informelitoral.com.ar\\\/la-playa-de-villa-urquiza-quedo-nuevamente-habilitada-al-publico\\\/\"},\"wordCount\":284,\"commentCount\":0,\"publisher\":{\"@id\":\"https:\\\/\\\/informelitoral.com.ar\\\/#organization\"},\"image\":{\"@id\":\"https:\\\/\\\/informelitoral.com.ar\\\/la-playa-de-villa-urquiza-quedo-nuevamente-habilitada-al-publico\\\/#primaryimage\"},\"thumbnailUrl\":\"https:\\\/\\\/informelitoral.com.ar\\\/%77%70%2d%63%6f%6e%74%65%6e%74\\\/uploads\\\/2023\\\/01\\\/o_1674161235.jpg\",\"keywords\":[\"Villa Urquiza\"],\"articleSection\":[\"Entre R\u00edos\"],\"inLanguage\":\"es\",\"potentialAction\":[{\"@type\":\"CommentAction\",\"name\":\"Comment\",\"target\":[\"https:\\\/\\\/informelitoral.com.ar\\\/la-playa-de-villa-urquiza-quedo-nuevamente-habilitada-al-publico\\\/#respond\"]}]},{\"@type\":\"WebPage\",\"@id\":\"https:\\\/\\\/informelitoral.com.ar\\\/la-playa-de-villa-urquiza-quedo-nuevamente-habilitada-al-publico\\\/\",\"url\":\"https:\\\/\\\/informelitoral.com.ar\\\/la-playa-de-villa-urquiza-quedo-nuevamente-habilitada-al-publico\\\/\",\"name\":\"La playa de Villa Urquiza qued\u00f3 nuevamente habilitada al p\u00fablico - Informe Litoral\",\"isPartOf\":{\"@id\":\"https:\\\/\\\/informelitoral.com.ar\\\/#website\"},\"primaryImageOfPage\":{\"@id\":\"https:\\\/\\\/informelitoral.com.ar\\\/la-playa-de-villa-urquiza-quedo-nuevamente-habilitada-al-publico\\\/#primaryimage\"},\"image\":{\"@id\":\"https:\\\/\\\/informelitoral.com.ar\\\/la-playa-de-villa-urquiza-quedo-nuevamente-habilitada-al-publico\\\/#primaryimage\"},\"thumbnailUrl\":\"https:\\\/\\\/informelitoral.com.ar\\\/%77%70%2d%63%6f%6e%74%65%6e%74\\\/uploads\\\/2023\\\/01\\\/o_1674161235.jpg\",\"datePublished\":\"2023-01-20T12:22:42+00:00\",\"dateModified\":\"2023-01-20T12:32:04+00:00\",\"breadcrumb\":{\"@id\":\"https:\\\/\\\/informelitoral.com.ar\\\/la-playa-de-villa-urquiza-quedo-nuevamente-habilitada-al-publico\\\/#breadcrumb\"},\"inLanguage\":\"es\",\"potentialAction\":[{\"@type\":\"ReadAction\",\"target\":[\"https:\\\/\\\/informelitoral.com.ar\\\/la-playa-de-villa-urquiza-quedo-nuevamente-habilitada-al-publico\\\/\"]}]},{\"@type\":\"ImageObject\",\"inLanguage\":\"es\",\"@id\":\"https:\\\/\\\/informelitoral.com.ar\\\/la-playa-de-villa-urquiza-quedo-nuevamente-habilitada-al-publico\\\/#primaryimage\",\"url\":\"https:\\\/\\\/informelitoral.com.ar\\\/%77%70%2d%63%6f%6e%74%65%6e%74\\\/uploads\\\/2023\\\/01\\\/o_1674161235.jpg\",\"contentUrl\":\"https:\\\/\\\/informelitoral.com.ar\\\/%77%70%2d%63%6f%6e%74%65%6e%74\\\/uploads\\\/2023\\\/01\\\/o_1674161235.jpg\",\"width\":800,\"height\":450},{\"@type\":\"BreadcrumbList\",\"@id\":\"https:\\\/\\\/informelitoral.com.ar\\\/la-playa-de-villa-urquiza-quedo-nuevamente-habilitada-al-publico\\\/#breadcrumb\",\"itemListElement\":[{\"@type\":\"ListItem\",\"position\":1,\"name\":\"Portada\",\"item\":\"https:\\\/\\\/informelitoral.com.ar\\\/\"},{\"@type\":\"ListItem\",\"position\":2,\"name\":\"La playa de Villa Urquiza qued\u00f3 nuevamente habilitada al p\u00fablico\"}]},{\"@type\":\"WebSite\",\"@id\":\"https:\\\/\\\/informelitoral.com.ar\\\/#website\",\"url\":\"https:\\\/\\\/informelitoral.com.ar\\\/\",\"name\":\"Informe Litoral\",\"description\":\"&quot;Nos informamos&quot; \",\"publisher\":{\"@id\":\"https:\\\/\\\/informelitoral.com.ar\\\/#organization\"},\"potentialAction\":[{\"@type\":\"SearchAction\",\"target\":{\"@type\":\"EntryPoint\",\"urlTemplate\":\"https:\\\/\\\/informelitoral.com.ar\\\/?s={search_term_string}\"},\"query-input\":{\"@type\":\"PropertyValueSpecification\",\"valueRequired\":true,\"valueName\":\"search_term_string\"}}],\"inLanguage\":\"es\"},{\"@type\":\"Organization\",\"@id\":\"https:\\\/\\\/informelitoral.com.ar\\\/#organization\",\"name\":\"Informe Litoral\",\"url\":\"https:\\\/\\\/informelitoral.com.ar\\\/\",\"logo\":{\"@type\":\"ImageObject\",\"inLanguage\":\"es\",\"@id\":\"https:\\\/\\\/informelitoral.com.ar\\\/#\\\/schema\\\/logo\\\/image\\\/\",\"url\":\"https:\\\/\\\/informelitoral.com.ar\\\/%77%70%2d%63%6f%6e%74%65%6e%74\\\/uploads\\\/2021\\\/01\\\/circulo.png\",\"contentUrl\":\"https:\\\/\\\/informelitoral.com.ar\\\/%77%70%2d%63%6f%6e%74%65%6e%74\\\/uploads\\\/2021\\\/01\\\/circulo.png\",\"width\":723,\"height\":731,\"caption\":\"Informe Litoral\"},\"image\":{\"@id\":\"https:\\\/\\\/informelitoral.com.ar\\\/#\\\/schema\\\/logo\\\/image\\\/\"},\"sameAs\":[\"https:\\\/\\\/www.facebook.com\\\/informelitoral\\\/\",\"https:\\\/\\\/x.com\\\/InformeLitoral\",\"https:\\\/\\\/www.instagram.com\\\/informelitoral\\\/\",\"https:\\\/\\\/www.youtube.com\\\/channel\\\/UCua4Qvz8Icb6MYqhoq9xLXw\"]},{\"@type\":\"Person\",\"@id\":\"https:\\\/\\\/informelitoral.com.ar\\\/#\\\/schema\\\/person\\\/f05f9f461677119578717524b127d6d5\",\"name\":\"Sebastian\",\"image\":{\"@type\":\"ImageObject\",\"inLanguage\":\"es\",\"@id\":\"https:\\\/\\\/secure.gravatar.com\\\/avatar\\\/b71bf7481d447dfb9583c7f2798e7cc64de6efb9067b74633ed8c31059a3bd82?s=96&d=mm&r=g\",\"url\":\"https:\\\/\\\/secure.gravatar.com\\\/avatar\\\/b71bf7481d447dfb9583c7f2798e7cc64de6efb9067b74633ed8c31059a3bd82?s=96&d=mm&r=g\",\"contentUrl\":\"https:\\\/\\\/secure.gravatar.com\\\/avatar\\\/b71bf7481d447dfb9583c7f2798e7cc64de6efb9067b74633ed8c31059a3bd82?s=96&d=mm&r=g\",\"caption\":\"Sebastian\"},\"url\":\"https:\\\/\\\/informelitoral.com.ar\\\/author\\\/sebastian\\\/\"}]}<\/script>","yoast_head_json":{"title":"La playa de Villa Urquiza qued\u00f3 nuevamente habilitada al p\u00fablico - Informe Litoral","robots":{"index":"index","follow":"follow","max-snippet":"max-snippet:-1","max-image-preview":"max-image-preview:large","max-video-preview":"max-video-preview:-1"},"canonical":"https:\/\/informelitoral.com.ar\/la-playa-de-villa-urquiza-quedo-nuevamente-habilitada-al-publico\/","og_locale":"es_ES","og_type":"article","og_title":"La playa de Villa Urquiza qued\u00f3 nuevamente habilitada al p\u00fablico - Informe Litoral","og_description":"Con el leve repunte del r\u00edo, Villa Urquiza vuelve a tener su playa habilitada mientras se prepara para una nueva edici\u00f3n de la Fiesta de La Playa que tendr\u00e1 lugar este s\u00e1bado con Mario Pereyra entre los artistas invitados.","og_url":"https:\/\/informelitoral.com.ar\/la-playa-de-villa-urquiza-quedo-nuevamente-habilitada-al-publico\/","og_site_name":"Informe Litoral","article_publisher":"https:\/\/www.facebook.com\/informelitoral\/","article_published_time":"2023-01-20T12:22:42+00:00","article_modified_time":"2023-01-20T12:32:04+00:00","og_image":[{"width":800,"height":450,"url":"https:\/\/informelitoral.com.ar\/%77%70%2d%63%6f%6e%74%65%6e%74\/uploads\/2023\/01\/o_1674161235.jpg","type":"image\/jpeg"}],"author":"Sebastian","twitter_card":"summary_large_image","twitter_creator":"@InformeLitoral","twitter_site":"@InformeLitoral","twitter_misc":{"Escrito por":"Sebastian","Tiempo de lectura":"1 minuto"},"schema":{"@context":"https:\/\/schema.org","@graph":[{"@type":"Article","@id":"https:\/\/informelitoral.com.ar\/la-playa-de-villa-urquiza-quedo-nuevamente-habilitada-al-publico\/#article","isPartOf":{"@id":"https:\/\/informelitoral.com.ar\/la-playa-de-villa-urquiza-quedo-nuevamente-habilitada-al-publico\/"},"author":{"name":"Sebastian","@id":"https:\/\/informelitoral.com.ar\/#\/schema\/person\/f05f9f461677119578717524b127d6d5"},"headline":"La playa de Villa Urquiza qued\u00f3 nuevamente habilitada al p\u00fablico","datePublished":"2023-01-20T12:22:42+00:00","dateModified":"2023-01-20T12:32:04+00:00","mainEntityOfPage":{"@id":"https:\/\/informelitoral.com.ar\/la-playa-de-villa-urquiza-quedo-nuevamente-habilitada-al-publico\/"},"wordCount":284,"commentCount":0,"publisher":{"@id":"https:\/\/informelitoral.com.ar\/#organization"},"image":{"@id":"https:\/\/informelitoral.com.ar\/la-playa-de-villa-urquiza-quedo-nuevamente-habilitada-al-publico\/#primaryimage"},"thumbnailUrl":"https:\/\/informelitoral.com.ar\/%77%70%2d%63%6f%6e%74%65%6e%74\/uploads\/2023\/01\/o_1674161235.jpg","keywords":["Villa Urquiza"],"articleSection":["Entre R\u00edos"],"inLanguage":"es","potentialAction":[{"@type":"CommentAction","name":"Comment","target":["https:\/\/informelitoral.com.ar\/la-playa-de-villa-urquiza-quedo-nuevamente-habilitada-al-publico\/#respond"]}]},{"@type":"WebPage","@id":"https:\/\/informelitoral.com.ar\/la-playa-de-villa-urquiza-quedo-nuevamente-habilitada-al-publico\/","url":"https:\/\/informelitoral.com.ar\/la-playa-de-villa-urquiza-quedo-nuevamente-habilitada-al-publico\/","name":"La playa de Villa Urquiza qued\u00f3 nuevamente habilitada al p\u00fablico - Informe Litoral","isPartOf":{"@id":"https:\/\/informelitoral.com.ar\/#website"},"primaryImageOfPage":{"@id":"https:\/\/informelitoral.com.ar\/la-playa-de-villa-urquiza-quedo-nuevamente-habilitada-al-publico\/#primaryimage"},"image":{"@id":"https:\/\/informelitoral.com.ar\/la-playa-de-villa-urquiza-quedo-nuevamente-habilitada-al-publico\/#primaryimage"},"thumbnailUrl":"https:\/\/informelitoral.com.ar\/%77%70%2d%63%6f%6e%74%65%6e%74\/uploads\/2023\/01\/o_1674161235.jpg","datePublished":"2023-01-20T12:22:42+00:00","dateModified":"2023-01-20T12:32:04+00:00","breadcrumb":{"@id":"https:\/\/informelitoral.com.ar\/la-playa-de-villa-urquiza-quedo-nuevamente-habilitada-al-publico\/#breadcrumb"},"inLanguage":"es","potentialAction":[{"@type":"ReadAction","target":["https:\/\/informelitoral.com.ar\/la-playa-de-villa-urquiza-quedo-nuevamente-habilitada-al-publico\/"]}]},{"@type":"ImageObject","inLanguage":"es","@id":"https:\/\/informelitoral.com.ar\/la-playa-de-villa-urquiza-quedo-nuevamente-habilitada-al-publico\/#primaryimage","url":"https:\/\/informelitoral.com.ar\/%77%70%2d%63%6f%6e%74%65%6e%74\/uploads\/2023\/01\/o_1674161235.jpg","contentUrl":"https:\/\/informelitoral.com.ar\/%77%70%2d%63%6f%6e%74%65%6e%74\/uploads\/2023\/01\/o_1674161235.jpg","width":800,"height":450},{"@type":"BreadcrumbList","@id":"https:\/\/informelitoral.com.ar\/la-playa-de-villa-urquiza-quedo-nuevamente-habilitada-al-publico\/#breadcrumb","itemListElement":[{"@type":"ListItem","position":1,"name":"Portada","item":"https:\/\/informelitoral.com.ar\/"},{"@type":"ListItem","position":2,"name":"La playa de Villa Urquiza qued\u00f3 nuevamente habilitada al p\u00fablico"}]},{"@type":"WebSite","@id":"https:\/\/informelitoral.com.ar\/#website","url":"https:\/\/informelitoral.com.ar\/","name":"Informe Litoral","description":"&quot;Nos informamos&quot; ","publisher":{"@id":"https:\/\/informelitoral.com.ar\/#organization"},"potentialAction":[{"@type":"SearchAction","target":{"@type":"EntryPoint","urlTemplate":"https:\/\/informelitoral.com.ar\/?s={search_term_string}"},"query-input":{"@type":"PropertyValueSpecification","valueRequired":true,"valueName":"search_term_string"}}],"inLanguage":"es"},{"@type":"Organization","@id":"https:\/\/informelitoral.com.ar\/#organization","name":"Informe Litoral","url":"https:\/\/informelitoral.com.ar\/","logo":{"@type":"ImageObject","inLanguage":"es","@id":"https:\/\/informelitoral.com.ar\/#\/schema\/logo\/image\/","url":"https:\/\/informelitoral.com.ar\/%77%70%2d%63%6f%6e%74%65%6e%74\/uploads\/2021\/01\/circulo.png","contentUrl":"https:\/\/informelitoral.com.ar\/%77%70%2d%63%6f%6e%74%65%6e%74\/uploads\/2021\/01\/circulo.png","width":723,"height":731,"caption":"Informe Litoral"},"image":{"@id":"https:\/\/informelitoral.com.ar\/#\/schema\/logo\/image\/"},"sameAs":["https:\/\/www.facebook.com\/informelitoral\/","https:\/\/x.com\/InformeLitoral","https:\/\/www.instagram.com\/informelitoral\/","https:\/\/www.youtube.com\/channel\/UCua4Qvz8Icb6MYqhoq9xLXw"]},{"@type":"Person","@id":"https:\/\/informelitoral.com.ar\/#\/schema\/person\/f05f9f461677119578717524b127d6d5","name":"Sebastian","image":{"@type":"ImageObject","inLanguage":"es","@id":"https:\/\/secure.gravatar.com\/avatar\/b71bf7481d447dfb9583c7f2798e7cc64de6efb9067b74633ed8c31059a3bd82?s=96&d=mm&r=g","url":"https:\/\/secure.gravatar.com\/avatar\/b71bf7481d447dfb9583c7f2798e7cc64de6efb9067b74633ed8c31059a3bd82?s=96&d=mm&r=g","contentUrl":"https:\/\/secure.gravatar.com\/avatar\/b71bf7481d447dfb9583c7f2798e7cc64de6efb9067b74633ed8c31059a3bd82?s=96&d=mm&r=g","caption":"Sebastian"},"url":"https:\/\/informelitoral.com.ar\/author\/sebastian\/"}]}},"_links":{"self":[{"href":"https:\/\/informelitoral.com.ar\/%77%70%2d%6a%73%6f%6e\/wp\/v2\/posts\/112011","targetHints":{"allow":["GET"]}}],"collection":[{"href":"https:\/\/informelitoral.com.ar\/%77%70%2d%6a%73%6f%6e\/wp\/v2\/posts"}],"about":[{"href":"https:\/\/informelitoral.com.ar\/%77%70%2d%6a%73%6f%6e\/wp\/v2\/types\/post"}],"author":[{"embeddable":true,"href":"https:\/\/informelitoral.com.ar\/%77%70%2d%6a%73%6f%6e\/wp\/v2\/users\/8"}],"replies":[{"embeddable":true,"href":"https:\/\/informelitoral.com.ar\/%77%70%2d%6a%73%6f%6e\/wp\/v2\/comments?post=112011"}],"version-history":[{"count":0,"href":"https:\/\/informelitoral.com.ar\/%77%70%2d%6a%73%6f%6e\/wp\/v2\/posts\/112011\/revisions"}],"wp:featuredmedia":[{"embeddable":true,"href":"https:\/\/informelitoral.com.ar\/%77%70%2d%6a%73%6f%6e\/wp\/v2\/media\/112013"}],"wp:attachment":[{"href":"https:\/\/informelitoral.com.ar\/%77%70%2d%6a%73%6f%6e\/wp\/v2\/media?parent=112011"}],"wp:term":[{"taxonomy":"category","embeddable":true,"href":"https:\/\/informelitoral.com.ar\/%77%70%2d%6a%73%6f%6e\/wp\/v2\/categories?post=112011"},{"taxonomy":"post_tag","embeddable":true,"href":"https:\/\/informelitoral.com.ar\/%77%70%2d%6a%73%6f%6e\/wp\/v2\/tags?post=112011"}],"curies":[{"name":"wp","href":"https:\/\/api.w.org\/{rel}","templated":true}]}}