{"id":111989,"date":"2023-01-20T08:54:58","date_gmt":"2023-01-20T11:54:58","guid":{"rendered":"https:\/\/www.informelitoral.com.ar\/?p=111989"},"modified":"2023-01-20T08:55:48","modified_gmt":"2023-01-20T11:55:48","slug":"quienes-no-validaron-datos-para-el-potenciar-trabajo-tienen-nueva-posibilidad","status":"publish","type":"post","link":"https:\/\/informelitoral.com.ar\/quienes-no-validaron-datos-para-el-potenciar-trabajo-tienen-nueva-posibilidad\/","title":{"rendered":"Quienes no validaron datos para el Potenciar Trabajo tienen nueva posibilidad"},"content":{"rendered":"<p>Los titulares del plan Potenciar Trabajo tuvieron hasta el 15 de enero de 2023 para entregar el formulario de validaci\u00f3n de datos personales. Ahora, los beneficiarios que no llegaron a tiempo podr\u00e1n solicitar una extensi\u00f3n para no perder la titularidad. De todas maneras, no todos los quedaron afuera podr\u00e1n volver a recibir el beneficio. C\u00f3mo hacer el tr\u00e1mite, qui\u00e9nes pueden acceder y c\u00f3mo saber si me corresponde cobrar la asignaci\u00f3n.<\/p>\n<p>El tr\u00e1mite, que hab\u00eda finalizado el 15 de enero,\u00a0<b>dej\u00f3 a m\u00e1s de 150.000 personas afuera del plan<\/b>. La ministra de Desarrollo Social, Victoria Tolosa Paz, aclar\u00f3 ahora que\u00a0<b>podr\u00e1n realizar un reclamo para las validaciones<\/b>\u00a0que quedaron \u00abfuera de plazo\u00bb.<\/p>\n<p>Seg\u00fan datos del ministerio, unas 1.210.571 personas validaron sus datos correctamente y contin\u00faan siendo parte del programa, eso es casi el 90% de los beneficiarios. El 11% restante qued\u00f3 sujeto a \u00abser suspendido\u00bb a partir del pr\u00f3ximo mes si no inicia la \u00abinstancia de reclamo\u00bb.<\/p>\n<p><b>Los montos del plan Potenciar Trabajo tendr\u00e1n un aumento del 20% de forma escalonada hasta marzo de este a\u00f1o<\/b>. De esta el beneficio, para enero ser\u00e1 $ 31.000, el mes siguiente subir\u00e1 a $ 32.715, y para fines de marzo se ubicar\u00e1 en $ 33.870 y el \u00faltimo mes del plan ser\u00e1n $ 34.750.<\/p>\n<p><b>Los beneficiarios que se encuentren en instancia de reclamo no perder\u00e1n el beneficio total, cobrar\u00e1n el 50% del beneficio<\/b>. De todas maneras, cada persona que realice su reclamo va a tener la respuesta en el plazo de 30 d\u00edas. Las personas que no realicen la validaci\u00f3n ser\u00e1n dadas de baja del programa.<\/p>\n<p><b>Qui\u00e9nes pueden acceder al Plan Potenciar Trabajo<\/b><br \/>\n-Las personas que est\u00e9n en riesgo o estado de vulnerabilidad social o se desempe\u00f1en en alguna actividad de la Econom\u00eda Popular.<br \/>\n-Deben ser mayores de 18 y menores de 65 a\u00f1os.<br \/>\n-Tener nacionalidad argentina o extranjeros con residencia legal en la Rep\u00fablica Argentina.<br \/>\n-Deben participar de alg\u00fan proyecto socio-productivo, finalizaci\u00f3n educativa y proyectos sociolaborales.<\/p>\n<p><b>C\u00f3mo validar la identidad en Mi Argentina<\/b><br \/>\nTras detectar algunas irregularidades, el ministerio reclam\u00f3 realizar una validaci\u00f3n de datos para verificar que todos los beneficiarios fueran correctos.<\/p>\n<p>Aquellos que se pasaron de la fecha l\u00edmite, que fue el 15 de enero, pero no quieren perder el beneficio deber\u00e1n presentar la documentaci\u00f3n a trav\u00e9s de la aplicaci\u00f3n Mi Argentina.<\/p>\n<p>Si se cuenta previamente con usuario s\u00f3lo ser\u00e1 necesario ingresar y y seguir los pasos que demanda la misma. O registrarse previamente.<\/p>\n<p>Una vez iniciada la sesi\u00f3n, hay que dirigirse a la opci\u00f3n que dice \u00absolicitar validaci\u00f3n fuera de plazo\u00bb y completar el formulario.<\/p>\n<p>Aquellos que no completen el procedimiento en los pr\u00f3ximos 60 d\u00edas ser\u00e1n dados de baja como titulares del programa.<\/p>\n<p><b>La informaci\u00f3n que se le solicita a cada beneficiario es:<\/b><\/p>\n<p>-Nivel de estudios y si hay inter\u00e9s en finalizar los estudios pendientes, continuar con otros niveles educativos o formarse para el mundo del trabajo.<br \/>\n-La actividad productiva, comunitaria o educativa que realiza y la Unidad de Gesti\u00f3n don de la lleva a cabo.<\/p>\n<p><b>C\u00f3mo acceder al plan Potenciar Trabajo<\/b><\/p>\n<p>Para acceder al plan Potenciar Trabajo, el beneficiario deber\u00e1 ir por alguno de los cuatro canales habilitados para acceder l plan.<\/p>\n<p>-Acudir a alguno de los 56 Centros de Referencia que sirven para acercar a la poblaci\u00f3n las pol\u00edticas p\u00fablicas y promover los derechos sociales.<br \/>\n-Puntos Digitales que brindan conectividad, capacitaciones, talleres y actividades culturales para personas de todas las edades.<br \/>\n-La Secretar\u00eda de Innovaci\u00f3n, a trav\u00e9s de su p\u00e1gina web.<br \/>\n-La aplicaci\u00f3n Mi Argentina, en la cual hay que registrarse o iniciar sesi\u00f3n y aplicar para el plan Potenciar Trabajo.<\/p>\n","protected":false},"excerpt":{"rendered":"<p>Finalizado el plazo para completar el formulario para retener el beneficio, se abre una opci\u00f3n antes de perderlo de forma permanente. C\u00f3mo hacer el tr\u00e1mite, qui\u00e9nes pueden acceder y c\u00f3mo saber si me corresponde cobrar la asignaci\u00f3n.<\/p>\n","protected":false},"author":8,"featured_media":24481,"comment_status":"open","ping_status":"open","sticky":false,"template":"","format":"standard","meta":{"fifu_image_url":"","fifu_image_alt":"","footnotes":""},"categories":[1594],"tags":[2597],"class_list":{"0":"post-111989","1":"post","2":"type-post","3":"status-publish","4":"format-standard","5":"has-post-thumbnail","7":"category-economia","8":"tag-potenciar-trabajo"},"yoast_head":"<title>Quienes no validaron datos para el Potenciar Trabajo tienen nueva posibilidad - Informe Litoral<\/title>\n<meta name=\"robots\" content=\"index, follow, max-snippet:-1, max-image-preview:large, max-video-preview:-1\" \/>\n<link rel=\"canonical\" href=\"https:\/\/informelitoral.com.ar\/quienes-no-validaron-datos-para-el-potenciar-trabajo-tienen-nueva-posibilidad\/\" \/>\n<meta property=\"og:locale\" content=\"es_ES\" \/>\n<meta property=\"og:type\" content=\"article\" \/>\n<meta property=\"og:title\" content=\"Quienes no validaron datos para el Potenciar Trabajo tienen nueva posibilidad - Informe Litoral\" \/>\n<meta property=\"og:description\" content=\"Finalizado el plazo para completar el formulario para retener el beneficio, se abre una opci\u00f3n antes de perderlo de forma permanente. C\u00f3mo hacer el tr\u00e1mite, qui\u00e9nes pueden acceder y c\u00f3mo saber si me corresponde cobrar la asignaci\u00f3n.\" \/>\n<meta property=\"og:url\" content=\"https:\/\/informelitoral.com.ar\/quienes-no-validaron-datos-para-el-potenciar-trabajo-tienen-nueva-posibilidad\/\" \/>\n<meta property=\"og:site_name\" content=\"Informe Litoral\" \/>\n<meta property=\"article:publisher\" content=\"https:\/\/www.facebook.com\/informelitoral\/\" \/>\n<meta property=\"article:published_time\" content=\"2023-01-20T11:54:58+00:00\" \/>\n<meta property=\"article:modified_time\" content=\"2023-01-20T11:55:48+00:00\" \/>\n<meta property=\"og:image\" content=\"https:\/\/informelitoral.com.ar\/%77%70%2d%63%6f%6e%74%65%6e%74\/uploads\/2018\/01\/anses_39_0_0.jpg\" \/>\n\t<meta property=\"og:image:width\" content=\"1020\" \/>\n\t<meta property=\"og:image:height\" content=\"560\" \/>\n\t<meta property=\"og:image:type\" content=\"image\/jpeg\" \/>\n<meta name=\"author\" content=\"Sebastian\" \/>\n<meta name=\"twitter:card\" content=\"summary_large_image\" \/>\n<meta name=\"twitter:creator\" content=\"@InformeLitoral\" \/>\n<meta name=\"twitter:site\" content=\"@InformeLitoral\" \/>\n<meta name=\"twitter:label1\" content=\"Escrito por\" \/>\n\t<meta name=\"twitter:data1\" content=\"Sebastian\" \/>\n\t<meta name=\"twitter:label2\" content=\"Tiempo de lectura\" \/>\n\t<meta name=\"twitter:data2\" content=\"3 minutos\" \/>\n<script type=\"application\/ld+json\" class=\"yoast-schema-graph\">{\"@context\":\"https:\\\/\\\/schema.org\",\"@graph\":[{\"@type\":\"Article\",\"@id\":\"https:\\\/\\\/informelitoral.com.ar\\\/quienes-no-validaron-datos-para-el-potenciar-trabajo-tienen-nueva-posibilidad\\\/#article\",\"isPartOf\":{\"@id\":\"https:\\\/\\\/informelitoral.com.ar\\\/quienes-no-validaron-datos-para-el-potenciar-trabajo-tienen-nueva-posibilidad\\\/\"},\"author\":{\"name\":\"Sebastian\",\"@id\":\"https:\\\/\\\/informelitoral.com.ar\\\/#\\\/schema\\\/person\\\/f05f9f461677119578717524b127d6d5\"},\"headline\":\"Quienes no validaron datos para el Potenciar Trabajo tienen nueva posibilidad\",\"datePublished\":\"2023-01-20T11:54:58+00:00\",\"dateModified\":\"2023-01-20T11:55:48+00:00\",\"mainEntityOfPage\":{\"@id\":\"https:\\\/\\\/informelitoral.com.ar\\\/quienes-no-validaron-datos-para-el-potenciar-trabajo-tienen-nueva-posibilidad\\\/\"},\"wordCount\":641,\"commentCount\":0,\"publisher\":{\"@id\":\"https:\\\/\\\/informelitoral.com.ar\\\/#organization\"},\"image\":{\"@id\":\"https:\\\/\\\/informelitoral.com.ar\\\/quienes-no-validaron-datos-para-el-potenciar-trabajo-tienen-nueva-posibilidad\\\/#primaryimage\"},\"thumbnailUrl\":\"https:\\\/\\\/informelitoral.com.ar\\\/%77%70%2d%63%6f%6e%74%65%6e%74\\\/uploads\\\/2018\\\/01\\\/anses_39_0_0.jpg\",\"keywords\":[\"Potenciar Trabajo\"],\"articleSection\":[\"Econom\u00eda\"],\"inLanguage\":\"es\",\"potentialAction\":[{\"@type\":\"CommentAction\",\"name\":\"Comment\",\"target\":[\"https:\\\/\\\/informelitoral.com.ar\\\/quienes-no-validaron-datos-para-el-potenciar-trabajo-tienen-nueva-posibilidad\\\/#respond\"]}]},{\"@type\":\"WebPage\",\"@id\":\"https:\\\/\\\/informelitoral.com.ar\\\/quienes-no-validaron-datos-para-el-potenciar-trabajo-tienen-nueva-posibilidad\\\/\",\"url\":\"https:\\\/\\\/informelitoral.com.ar\\\/quienes-no-validaron-datos-para-el-potenciar-trabajo-tienen-nueva-posibilidad\\\/\",\"name\":\"Quienes no validaron datos para el Potenciar Trabajo tienen nueva posibilidad - Informe Litoral\",\"isPartOf\":{\"@id\":\"https:\\\/\\\/informelitoral.com.ar\\\/#website\"},\"primaryImageOfPage\":{\"@id\":\"https:\\\/\\\/informelitoral.com.ar\\\/quienes-no-validaron-datos-para-el-potenciar-trabajo-tienen-nueva-posibilidad\\\/#primaryimage\"},\"image\":{\"@id\":\"https:\\\/\\\/informelitoral.com.ar\\\/quienes-no-validaron-datos-para-el-potenciar-trabajo-tienen-nueva-posibilidad\\\/#primaryimage\"},\"thumbnailUrl\":\"https:\\\/\\\/informelitoral.com.ar\\\/%77%70%2d%63%6f%6e%74%65%6e%74\\\/uploads\\\/2018\\\/01\\\/anses_39_0_0.jpg\",\"datePublished\":\"2023-01-20T11:54:58+00:00\",\"dateModified\":\"2023-01-20T11:55:48+00:00\",\"breadcrumb\":{\"@id\":\"https:\\\/\\\/informelitoral.com.ar\\\/quienes-no-validaron-datos-para-el-potenciar-trabajo-tienen-nueva-posibilidad\\\/#breadcrumb\"},\"inLanguage\":\"es\",\"potentialAction\":[{\"@type\":\"ReadAction\",\"target\":[\"https:\\\/\\\/informelitoral.com.ar\\\/quienes-no-validaron-datos-para-el-potenciar-trabajo-tienen-nueva-posibilidad\\\/\"]}]},{\"@type\":\"ImageObject\",\"inLanguage\":\"es\",\"@id\":\"https:\\\/\\\/informelitoral.com.ar\\\/quienes-no-validaron-datos-para-el-potenciar-trabajo-tienen-nueva-posibilidad\\\/#primaryimage\",\"url\":\"https:\\\/\\\/informelitoral.com.ar\\\/%77%70%2d%63%6f%6e%74%65%6e%74\\\/uploads\\\/2018\\\/01\\\/anses_39_0_0.jpg\",\"contentUrl\":\"https:\\\/\\\/informelitoral.com.ar\\\/%77%70%2d%63%6f%6e%74%65%6e%74\\\/uploads\\\/2018\\\/01\\\/anses_39_0_0.jpg\",\"width\":1020,\"height\":560},{\"@type\":\"BreadcrumbList\",\"@id\":\"https:\\\/\\\/informelitoral.com.ar\\\/quienes-no-validaron-datos-para-el-potenciar-trabajo-tienen-nueva-posibilidad\\\/#breadcrumb\",\"itemListElement\":[{\"@type\":\"ListItem\",\"position\":1,\"name\":\"Portada\",\"item\":\"https:\\\/\\\/informelitoral.com.ar\\\/\"},{\"@type\":\"ListItem\",\"position\":2,\"name\":\"Quienes no validaron datos para el Potenciar Trabajo tienen nueva posibilidad\"}]},{\"@type\":\"WebSite\",\"@id\":\"https:\\\/\\\/informelitoral.com.ar\\\/#website\",\"url\":\"https:\\\/\\\/informelitoral.com.ar\\\/\",\"name\":\"Informe Litoral\",\"description\":\"&quot;Nos informamos&quot; \",\"publisher\":{\"@id\":\"https:\\\/\\\/informelitoral.com.ar\\\/#organization\"},\"potentialAction\":[{\"@type\":\"SearchAction\",\"target\":{\"@type\":\"EntryPoint\",\"urlTemplate\":\"https:\\\/\\\/informelitoral.com.ar\\\/?s={search_term_string}\"},\"query-input\":{\"@type\":\"PropertyValueSpecification\",\"valueRequired\":true,\"valueName\":\"search_term_string\"}}],\"inLanguage\":\"es\"},{\"@type\":\"Organization\",\"@id\":\"https:\\\/\\\/informelitoral.com.ar\\\/#organization\",\"name\":\"Informe Litoral\",\"url\":\"https:\\\/\\\/informelitoral.com.ar\\\/\",\"logo\":{\"@type\":\"ImageObject\",\"inLanguage\":\"es\",\"@id\":\"https:\\\/\\\/informelitoral.com.ar\\\/#\\\/schema\\\/logo\\\/image\\\/\",\"url\":\"https:\\\/\\\/informelitoral.com.ar\\\/%77%70%2d%63%6f%6e%74%65%6e%74\\\/uploads\\\/2021\\\/01\\\/circulo.png\",\"contentUrl\":\"https:\\\/\\\/informelitoral.com.ar\\\/%77%70%2d%63%6f%6e%74%65%6e%74\\\/uploads\\\/2021\\\/01\\\/circulo.png\",\"width\":723,\"height\":731,\"caption\":\"Informe Litoral\"},\"image\":{\"@id\":\"https:\\\/\\\/informelitoral.com.ar\\\/#\\\/schema\\\/logo\\\/image\\\/\"},\"sameAs\":[\"https:\\\/\\\/www.facebook.com\\\/informelitoral\\\/\",\"https:\\\/\\\/x.com\\\/InformeLitoral\",\"https:\\\/\\\/www.instagram.com\\\/informelitoral\\\/\",\"https:\\\/\\\/www.youtube.com\\\/channel\\\/UCua4Qvz8Icb6MYqhoq9xLXw\"]},{\"@type\":\"Person\",\"@id\":\"https:\\\/\\\/informelitoral.com.ar\\\/#\\\/schema\\\/person\\\/f05f9f461677119578717524b127d6d5\",\"name\":\"Sebastian\",\"image\":{\"@type\":\"ImageObject\",\"inLanguage\":\"es\",\"@id\":\"https:\\\/\\\/secure.gravatar.com\\\/avatar\\\/b71bf7481d447dfb9583c7f2798e7cc64de6efb9067b74633ed8c31059a3bd82?s=96&d=mm&r=g\",\"url\":\"https:\\\/\\\/secure.gravatar.com\\\/avatar\\\/b71bf7481d447dfb9583c7f2798e7cc64de6efb9067b74633ed8c31059a3bd82?s=96&d=mm&r=g\",\"contentUrl\":\"https:\\\/\\\/secure.gravatar.com\\\/avatar\\\/b71bf7481d447dfb9583c7f2798e7cc64de6efb9067b74633ed8c31059a3bd82?s=96&d=mm&r=g\",\"caption\":\"Sebastian\"},\"url\":\"https:\\\/\\\/informelitoral.com.ar\\\/author\\\/sebastian\\\/\"}]}<\/script>","yoast_head_json":{"title":"Quienes no validaron datos para el Potenciar Trabajo tienen nueva posibilidad - Informe Litoral","robots":{"index":"index","follow":"follow","max-snippet":"max-snippet:-1","max-image-preview":"max-image-preview:large","max-video-preview":"max-video-preview:-1"},"canonical":"https:\/\/informelitoral.com.ar\/quienes-no-validaron-datos-para-el-potenciar-trabajo-tienen-nueva-posibilidad\/","og_locale":"es_ES","og_type":"article","og_title":"Quienes no validaron datos para el Potenciar Trabajo tienen nueva posibilidad - Informe Litoral","og_description":"Finalizado el plazo para completar el formulario para retener el beneficio, se abre una opci\u00f3n antes de perderlo de forma permanente. C\u00f3mo hacer el tr\u00e1mite, qui\u00e9nes pueden acceder y c\u00f3mo saber si me corresponde cobrar la asignaci\u00f3n.","og_url":"https:\/\/informelitoral.com.ar\/quienes-no-validaron-datos-para-el-potenciar-trabajo-tienen-nueva-posibilidad\/","og_site_name":"Informe Litoral","article_publisher":"https:\/\/www.facebook.com\/informelitoral\/","article_published_time":"2023-01-20T11:54:58+00:00","article_modified_time":"2023-01-20T11:55:48+00:00","og_image":[{"width":1020,"height":560,"url":"https:\/\/informelitoral.com.ar\/%77%70%2d%63%6f%6e%74%65%6e%74\/uploads\/2018\/01\/anses_39_0_0.jpg","type":"image\/jpeg"}],"author":"Sebastian","twitter_card":"summary_large_image","twitter_creator":"@InformeLitoral","twitter_site":"@InformeLitoral","twitter_misc":{"Escrito por":"Sebastian","Tiempo de lectura":"3 minutos"},"schema":{"@context":"https:\/\/schema.org","@graph":[{"@type":"Article","@id":"https:\/\/informelitoral.com.ar\/quienes-no-validaron-datos-para-el-potenciar-trabajo-tienen-nueva-posibilidad\/#article","isPartOf":{"@id":"https:\/\/informelitoral.com.ar\/quienes-no-validaron-datos-para-el-potenciar-trabajo-tienen-nueva-posibilidad\/"},"author":{"name":"Sebastian","@id":"https:\/\/informelitoral.com.ar\/#\/schema\/person\/f05f9f461677119578717524b127d6d5"},"headline":"Quienes no validaron datos para el Potenciar Trabajo tienen nueva posibilidad","datePublished":"2023-01-20T11:54:58+00:00","dateModified":"2023-01-20T11:55:48+00:00","mainEntityOfPage":{"@id":"https:\/\/informelitoral.com.ar\/quienes-no-validaron-datos-para-el-potenciar-trabajo-tienen-nueva-posibilidad\/"},"wordCount":641,"commentCount":0,"publisher":{"@id":"https:\/\/informelitoral.com.ar\/#organization"},"image":{"@id":"https:\/\/informelitoral.com.ar\/quienes-no-validaron-datos-para-el-potenciar-trabajo-tienen-nueva-posibilidad\/#primaryimage"},"thumbnailUrl":"https:\/\/informelitoral.com.ar\/%77%70%2d%63%6f%6e%74%65%6e%74\/uploads\/2018\/01\/anses_39_0_0.jpg","keywords":["Potenciar Trabajo"],"articleSection":["Econom\u00eda"],"inLanguage":"es","potentialAction":[{"@type":"CommentAction","name":"Comment","target":["https:\/\/informelitoral.com.ar\/quienes-no-validaron-datos-para-el-potenciar-trabajo-tienen-nueva-posibilidad\/#respond"]}]},{"@type":"WebPage","@id":"https:\/\/informelitoral.com.ar\/quienes-no-validaron-datos-para-el-potenciar-trabajo-tienen-nueva-posibilidad\/","url":"https:\/\/informelitoral.com.ar\/quienes-no-validaron-datos-para-el-potenciar-trabajo-tienen-nueva-posibilidad\/","name":"Quienes no validaron datos para el Potenciar Trabajo tienen nueva posibilidad - Informe Litoral","isPartOf":{"@id":"https:\/\/informelitoral.com.ar\/#website"},"primaryImageOfPage":{"@id":"https:\/\/informelitoral.com.ar\/quienes-no-validaron-datos-para-el-potenciar-trabajo-tienen-nueva-posibilidad\/#primaryimage"},"image":{"@id":"https:\/\/informelitoral.com.ar\/quienes-no-validaron-datos-para-el-potenciar-trabajo-tienen-nueva-posibilidad\/#primaryimage"},"thumbnailUrl":"https:\/\/informelitoral.com.ar\/%77%70%2d%63%6f%6e%74%65%6e%74\/uploads\/2018\/01\/anses_39_0_0.jpg","datePublished":"2023-01-20T11:54:58+00:00","dateModified":"2023-01-20T11:55:48+00:00","breadcrumb":{"@id":"https:\/\/informelitoral.com.ar\/quienes-no-validaron-datos-para-el-potenciar-trabajo-tienen-nueva-posibilidad\/#breadcrumb"},"inLanguage":"es","potentialAction":[{"@type":"ReadAction","target":["https:\/\/informelitoral.com.ar\/quienes-no-validaron-datos-para-el-potenciar-trabajo-tienen-nueva-posibilidad\/"]}]},{"@type":"ImageObject","inLanguage":"es","@id":"https:\/\/informelitoral.com.ar\/quienes-no-validaron-datos-para-el-potenciar-trabajo-tienen-nueva-posibilidad\/#primaryimage","url":"https:\/\/informelitoral.com.ar\/%77%70%2d%63%6f%6e%74%65%6e%74\/uploads\/2018\/01\/anses_39_0_0.jpg","contentUrl":"https:\/\/informelitoral.com.ar\/%77%70%2d%63%6f%6e%74%65%6e%74\/uploads\/2018\/01\/anses_39_0_0.jpg","width":1020,"height":560},{"@type":"BreadcrumbList","@id":"https:\/\/informelitoral.com.ar\/quienes-no-validaron-datos-para-el-potenciar-trabajo-tienen-nueva-posibilidad\/#breadcrumb","itemListElement":[{"@type":"ListItem","position":1,"name":"Portada","item":"https:\/\/informelitoral.com.ar\/"},{"@type":"ListItem","position":2,"name":"Quienes no validaron datos para el Potenciar Trabajo tienen nueva posibilidad"}]},{"@type":"WebSite","@id":"https:\/\/informelitoral.com.ar\/#website","url":"https:\/\/informelitoral.com.ar\/","name":"Informe Litoral","description":"&quot;Nos informamos&quot; ","publisher":{"@id":"https:\/\/informelitoral.com.ar\/#organization"},"potentialAction":[{"@type":"SearchAction","target":{"@type":"EntryPoint","urlTemplate":"https:\/\/informelitoral.com.ar\/?s={search_term_string}"},"query-input":{"@type":"PropertyValueSpecification","valueRequired":true,"valueName":"search_term_string"}}],"inLanguage":"es"},{"@type":"Organization","@id":"https:\/\/informelitoral.com.ar\/#organization","name":"Informe Litoral","url":"https:\/\/informelitoral.com.ar\/","logo":{"@type":"ImageObject","inLanguage":"es","@id":"https:\/\/informelitoral.com.ar\/#\/schema\/logo\/image\/","url":"https:\/\/informelitoral.com.ar\/%77%70%2d%63%6f%6e%74%65%6e%74\/uploads\/2021\/01\/circulo.png","contentUrl":"https:\/\/informelitoral.com.ar\/%77%70%2d%63%6f%6e%74%65%6e%74\/uploads\/2021\/01\/circulo.png","width":723,"height":731,"caption":"Informe Litoral"},"image":{"@id":"https:\/\/informelitoral.com.ar\/#\/schema\/logo\/image\/"},"sameAs":["https:\/\/www.facebook.com\/informelitoral\/","https:\/\/x.com\/InformeLitoral","https:\/\/www.instagram.com\/informelitoral\/","https:\/\/www.youtube.com\/channel\/UCua4Qvz8Icb6MYqhoq9xLXw"]},{"@type":"Person","@id":"https:\/\/informelitoral.com.ar\/#\/schema\/person\/f05f9f461677119578717524b127d6d5","name":"Sebastian","image":{"@type":"ImageObject","inLanguage":"es","@id":"https:\/\/secure.gravatar.com\/avatar\/b71bf7481d447dfb9583c7f2798e7cc64de6efb9067b74633ed8c31059a3bd82?s=96&d=mm&r=g","url":"https:\/\/secure.gravatar.com\/avatar\/b71bf7481d447dfb9583c7f2798e7cc64de6efb9067b74633ed8c31059a3bd82?s=96&d=mm&r=g","contentUrl":"https:\/\/secure.gravatar.com\/avatar\/b71bf7481d447dfb9583c7f2798e7cc64de6efb9067b74633ed8c31059a3bd82?s=96&d=mm&r=g","caption":"Sebastian"},"url":"https:\/\/informelitoral.com.ar\/author\/sebastian\/"}]}},"_links":{"self":[{"href":"https:\/\/informelitoral.com.ar\/%77%70%2d%6a%73%6f%6e\/wp\/v2\/posts\/111989","targetHints":{"allow":["GET"]}}],"collection":[{"href":"https:\/\/informelitoral.com.ar\/%77%70%2d%6a%73%6f%6e\/wp\/v2\/posts"}],"about":[{"href":"https:\/\/informelitoral.com.ar\/%77%70%2d%6a%73%6f%6e\/wp\/v2\/types\/post"}],"author":[{"embeddable":true,"href":"https:\/\/informelitoral.com.ar\/%77%70%2d%6a%73%6f%6e\/wp\/v2\/users\/8"}],"replies":[{"embeddable":true,"href":"https:\/\/informelitoral.com.ar\/%77%70%2d%6a%73%6f%6e\/wp\/v2\/comments?post=111989"}],"version-history":[{"count":0,"href":"https:\/\/informelitoral.com.ar\/%77%70%2d%6a%73%6f%6e\/wp\/v2\/posts\/111989\/revisions"}],"wp:featuredmedia":[{"embeddable":true,"href":"https:\/\/informelitoral.com.ar\/%77%70%2d%6a%73%6f%6e\/wp\/v2\/media\/24481"}],"wp:attachment":[{"href":"https:\/\/informelitoral.com.ar\/%77%70%2d%6a%73%6f%6e\/wp\/v2\/media?parent=111989"}],"wp:term":[{"taxonomy":"category","embeddable":true,"href":"https:\/\/informelitoral.com.ar\/%77%70%2d%6a%73%6f%6e\/wp\/v2\/categories?post=111989"},{"taxonomy":"post_tag","embeddable":true,"href":"https:\/\/informelitoral.com.ar\/%77%70%2d%6a%73%6f%6e\/wp\/v2\/tags?post=111989"}],"curies":[{"name":"wp","href":"https:\/\/api.w.org\/{rel}","templated":true}]}}