{"id":111952,"date":"2023-01-20T08:24:13","date_gmt":"2023-01-20T11:24:13","guid":{"rendered":"https:\/\/www.informelitoral.com.ar\/?p=111952"},"modified":"2023-01-20T08:28:32","modified_gmt":"2023-01-20T11:28:32","slug":"viernes-agobiante-y-probabilidad-de-tormentas-cuando-llegaran-a-entre-rios-2","status":"publish","type":"post","link":"https:\/\/informelitoral.com.ar\/viernes-agobiante-y-probabilidad-de-tormentas-cuando-llegaran-a-entre-rios-2\/","title":{"rendered":"Viernes agobiante y probabilidad de tormentas: cu\u00e1ndo llegar\u00e1n a Entre R\u00edos"},"content":{"rendered":"<section class=\"texto\">Durante esta jornada, las tormentas ganar\u00e1n terreno en distintas regiones de las provincias de C\u00f3rdoba, abarcando el centro y \u00e1reas serranas, como as\u00ed tambi\u00e9n localidades del interior. Ocurrir\u00e1 los mismo en La Pampa, San Luis, Buenos Aires.Seg\u00fan los especialistas, las lluvias que se estar\u00e1n moviendo de oeste a este, primeramente se dispondr\u00e1n sobre el centro del pa\u00eds, con movimiento hacia el centro-este, alcanzando de forma moderada a\u00a0<b>la regi\u00f3n n\u00facleo en la \u00faltima parte del viernes y madrugada del s\u00e1bado, con tormentas y chaparrones para el Santa Fe y Entre R\u00edos<\/b>, con los fen\u00f3menos traslad\u00e1ndose al norte del pa\u00eds.<\/p>\n<div class=\"embed\">\n<div class=\"inner-art\">\n<div class=\"clear\"><\/div>\n<\/div>\n<\/div>\n<p>La situaci\u00f3n se dar\u00e1 por el avance de un frente fr\u00edo durante el viernes, con viento del sector sur, y en combinaci\u00f3n con aire h\u00famedo, ser\u00e1n determinantes para ir generando precipitaciones sobre varias regiones. Dentro de este periodo\u00a0<b>no se descartan lluvias que pueden ser abundantes en cortos periodos de tiempo, ocasional ca\u00edda de granizo, actividad el\u00e9ctrica y viento con r\u00e1fagas<\/b>.<\/p>\n<div class=\"embed\">\n<div class=\"inner-art\">\n<div class=\"clear\"><\/div>\n<\/div>\n<\/div>\n<p>Este viernes se espera una m\u00e1xima de al menos 38\u00baC.<\/p>\n<p>Tras las lluvias previstas, bajar\u00e1 varios grados la temperatura. Para el s\u00e1bado se espera una m\u00ednima de 24\u00baC y una m\u00e1xima de 31\u00baC, mientras que se pronostican tormentas durante la madrugada y la ma\u00f1ana.<\/p>\n<p>El s\u00e1bado por la tarde se espera el fin del mal tiempo en el sur y centro. Hacia el domingo mejoran completamente las condiciones e ir\u00e1 aumentando nuevamente la temperatura. Las m\u00e1ximas estar\u00e1n nuevamente rondando los 35 grados.<\/p>\n<p><b>Alerta por tormentas<\/b><br \/>\nEl Servicio Meteorol\u00f3gico Nacional emiti\u00f3 una alerta amarilla por tormentas fuertes para el sur de Entre R\u00edos.<\/p>\n<p>Incluye a los departamentos Gualeguay, Victoria, Col\u00f3n, Gualeguaych\u00fa, Islas del Ibicuy, Tala y Uruguay. La inestabilidad se dar\u00eda hacia la noche del viernes.<\/p>\n<div class=\"embed\">\n<div class=\"inner-art\">\n<div class=\"clear\"><\/div>\n<\/div>\n<\/div>\n<p>Seg\u00fan se inform\u00f3, las \u00e1reas ser\u00e1n afectadas por tormentas, algunas localmente fuertes. Las mismas estar\u00e1n acompa\u00f1adas de intensas r\u00e1fagas, ocasional ca\u00edda de granizo, fuerte actividad el\u00e9ctrica y abundante ca\u00edda de agua en cortos per\u00edodos.<\/p>\n<\/section>\n<section class=\"texto\">Se esperan \u201cvalores de precipitaci\u00f3n acumulada entre 20 y 45 mil\u00edmetros, pudiendo ser superados en forma puntual\u201d.Asimismo, el norte y el centro de la provincia contin\u00faan bajo alerta amarilla por temperaturas extremas.<\/p>\n<\/section>\n<div class=\"publi-top publi-listado\">\n<div class=\"publi-728\">\n<div id=\"banner-interior-b\" class=\"banner-zone-found banner-step-1 banner-loop-1 banner-is-adsense banner-is-c banner-step-2\"><\/div>\n<\/div>\n<\/div>\n","protected":false},"excerpt":{"rendered":"<p>Hoy ser\u00e1 un d\u00eda muy caluroso para gran parte del pa\u00eds. Las temperaturas rondar\u00e1n los 40 grados en Entre R\u00edos, con sensaciones t\u00e9rmicas superiores. Se espera el avance de un frente de tormentas con descenso de los registros t\u00e9rmicos.<\/p>\n","protected":false},"author":8,"featured_media":23895,"comment_status":"open","ping_status":"open","sticky":false,"template":"","format":"standard","meta":{"fifu_image_url":"","fifu_image_alt":"","footnotes":""},"categories":[6],"tags":[113],"class_list":{"0":"post-111952","1":"post","2":"type-post","3":"status-publish","4":"format-standard","5":"has-post-thumbnail","7":"category-entre-rios","8":"tag-smn"},"yoast_head":"<title>Viernes agobiante y probabilidad de tormentas: cu\u00e1ndo llegar\u00e1n a Entre R\u00edos - Informe Litoral<\/title>\n<meta name=\"robots\" content=\"index, follow, max-snippet:-1, max-image-preview:large, max-video-preview:-1\" \/>\n<link rel=\"canonical\" href=\"https:\/\/informelitoral.com.ar\/viernes-agobiante-y-probabilidad-de-tormentas-cuando-llegaran-a-entre-rios-2\/\" \/>\n<meta property=\"og:locale\" content=\"es_ES\" \/>\n<meta property=\"og:type\" content=\"article\" \/>\n<meta property=\"og:title\" content=\"Viernes agobiante y probabilidad de tormentas: cu\u00e1ndo llegar\u00e1n a Entre R\u00edos - Informe Litoral\" \/>\n<meta property=\"og:description\" content=\"Hoy ser\u00e1 un d\u00eda muy caluroso para gran parte del pa\u00eds. Las temperaturas rondar\u00e1n los 40 grados en Entre R\u00edos, con sensaciones t\u00e9rmicas superiores. Se espera el avance de un frente de tormentas con descenso de los registros t\u00e9rmicos.\" \/>\n<meta property=\"og:url\" content=\"https:\/\/informelitoral.com.ar\/viernes-agobiante-y-probabilidad-de-tormentas-cuando-llegaran-a-entre-rios-2\/\" \/>\n<meta property=\"og:site_name\" content=\"Informe Litoral\" \/>\n<meta property=\"article:publisher\" content=\"https:\/\/www.facebook.com\/informelitoral\/\" \/>\n<meta property=\"article:published_time\" content=\"2023-01-20T11:24:13+00:00\" \/>\n<meta property=\"article:modified_time\" content=\"2023-01-20T11:28:32+00:00\" \/>\n<meta property=\"og:image\" content=\"https:\/\/informelitoral.com.ar\/%77%70%2d%63%6f%6e%74%65%6e%74\/uploads\/2017\/11\/sol-calor.jpg\" \/>\n\t<meta property=\"og:image:width\" content=\"770\" \/>\n\t<meta property=\"og:image:height\" content=\"527\" \/>\n\t<meta property=\"og:image:type\" content=\"image\/jpeg\" \/>\n<meta name=\"author\" content=\"Sebastian\" \/>\n<meta name=\"twitter:card\" content=\"summary_large_image\" \/>\n<meta name=\"twitter:creator\" content=\"@InformeLitoral\" \/>\n<meta name=\"twitter:site\" content=\"@InformeLitoral\" \/>\n<meta name=\"twitter:label1\" content=\"Escrito por\" \/>\n\t<meta name=\"twitter:data1\" content=\"Sebastian\" \/>\n\t<meta name=\"twitter:label2\" content=\"Tiempo de lectura\" \/>\n\t<meta name=\"twitter:data2\" content=\"2 minutos\" \/>\n<script type=\"application\/ld+json\" class=\"yoast-schema-graph\">{\"@context\":\"https:\\\/\\\/schema.org\",\"@graph\":[{\"@type\":\"Article\",\"@id\":\"https:\\\/\\\/informelitoral.com.ar\\\/viernes-agobiante-y-probabilidad-de-tormentas-cuando-llegaran-a-entre-rios-2\\\/#article\",\"isPartOf\":{\"@id\":\"https:\\\/\\\/informelitoral.com.ar\\\/viernes-agobiante-y-probabilidad-de-tormentas-cuando-llegaran-a-entre-rios-2\\\/\"},\"author\":{\"name\":\"Sebastian\",\"@id\":\"https:\\\/\\\/informelitoral.com.ar\\\/#\\\/schema\\\/person\\\/f05f9f461677119578717524b127d6d5\"},\"headline\":\"Viernes agobiante y probabilidad de tormentas: cu\u00e1ndo llegar\u00e1n a Entre R\u00edos\",\"datePublished\":\"2023-01-20T11:24:13+00:00\",\"dateModified\":\"2023-01-20T11:28:32+00:00\",\"mainEntityOfPage\":{\"@id\":\"https:\\\/\\\/informelitoral.com.ar\\\/viernes-agobiante-y-probabilidad-de-tormentas-cuando-llegaran-a-entre-rios-2\\\/\"},\"wordCount\":410,\"commentCount\":0,\"publisher\":{\"@id\":\"https:\\\/\\\/informelitoral.com.ar\\\/#organization\"},\"image\":{\"@id\":\"https:\\\/\\\/informelitoral.com.ar\\\/viernes-agobiante-y-probabilidad-de-tormentas-cuando-llegaran-a-entre-rios-2\\\/#primaryimage\"},\"thumbnailUrl\":\"https:\\\/\\\/informelitoral.com.ar\\\/%77%70%2d%63%6f%6e%74%65%6e%74\\\/uploads\\\/2017\\\/11\\\/sol-calor.jpg\",\"keywords\":[\"SMN\"],\"articleSection\":[\"Entre R\u00edos\"],\"inLanguage\":\"es\",\"potentialAction\":[{\"@type\":\"CommentAction\",\"name\":\"Comment\",\"target\":[\"https:\\\/\\\/informelitoral.com.ar\\\/viernes-agobiante-y-probabilidad-de-tormentas-cuando-llegaran-a-entre-rios-2\\\/#respond\"]}]},{\"@type\":\"WebPage\",\"@id\":\"https:\\\/\\\/informelitoral.com.ar\\\/viernes-agobiante-y-probabilidad-de-tormentas-cuando-llegaran-a-entre-rios-2\\\/\",\"url\":\"https:\\\/\\\/informelitoral.com.ar\\\/viernes-agobiante-y-probabilidad-de-tormentas-cuando-llegaran-a-entre-rios-2\\\/\",\"name\":\"Viernes agobiante y probabilidad de tormentas: cu\u00e1ndo llegar\u00e1n a Entre R\u00edos - Informe Litoral\",\"isPartOf\":{\"@id\":\"https:\\\/\\\/informelitoral.com.ar\\\/#website\"},\"primaryImageOfPage\":{\"@id\":\"https:\\\/\\\/informelitoral.com.ar\\\/viernes-agobiante-y-probabilidad-de-tormentas-cuando-llegaran-a-entre-rios-2\\\/#primaryimage\"},\"image\":{\"@id\":\"https:\\\/\\\/informelitoral.com.ar\\\/viernes-agobiante-y-probabilidad-de-tormentas-cuando-llegaran-a-entre-rios-2\\\/#primaryimage\"},\"thumbnailUrl\":\"https:\\\/\\\/informelitoral.com.ar\\\/%77%70%2d%63%6f%6e%74%65%6e%74\\\/uploads\\\/2017\\\/11\\\/sol-calor.jpg\",\"datePublished\":\"2023-01-20T11:24:13+00:00\",\"dateModified\":\"2023-01-20T11:28:32+00:00\",\"breadcrumb\":{\"@id\":\"https:\\\/\\\/informelitoral.com.ar\\\/viernes-agobiante-y-probabilidad-de-tormentas-cuando-llegaran-a-entre-rios-2\\\/#breadcrumb\"},\"inLanguage\":\"es\",\"potentialAction\":[{\"@type\":\"ReadAction\",\"target\":[\"https:\\\/\\\/informelitoral.com.ar\\\/viernes-agobiante-y-probabilidad-de-tormentas-cuando-llegaran-a-entre-rios-2\\\/\"]}]},{\"@type\":\"ImageObject\",\"inLanguage\":\"es\",\"@id\":\"https:\\\/\\\/informelitoral.com.ar\\\/viernes-agobiante-y-probabilidad-de-tormentas-cuando-llegaran-a-entre-rios-2\\\/#primaryimage\",\"url\":\"https:\\\/\\\/informelitoral.com.ar\\\/%77%70%2d%63%6f%6e%74%65%6e%74\\\/uploads\\\/2017\\\/11\\\/sol-calor.jpg\",\"contentUrl\":\"https:\\\/\\\/informelitoral.com.ar\\\/%77%70%2d%63%6f%6e%74%65%6e%74\\\/uploads\\\/2017\\\/11\\\/sol-calor.jpg\",\"width\":770,\"height\":527},{\"@type\":\"BreadcrumbList\",\"@id\":\"https:\\\/\\\/informelitoral.com.ar\\\/viernes-agobiante-y-probabilidad-de-tormentas-cuando-llegaran-a-entre-rios-2\\\/#breadcrumb\",\"itemListElement\":[{\"@type\":\"ListItem\",\"position\":1,\"name\":\"Portada\",\"item\":\"https:\\\/\\\/informelitoral.com.ar\\\/\"},{\"@type\":\"ListItem\",\"position\":2,\"name\":\"Viernes agobiante y probabilidad de tormentas: cu\u00e1ndo llegar\u00e1n a Entre R\u00edos\"}]},{\"@type\":\"WebSite\",\"@id\":\"https:\\\/\\\/informelitoral.com.ar\\\/#website\",\"url\":\"https:\\\/\\\/informelitoral.com.ar\\\/\",\"name\":\"Informe Litoral\",\"description\":\"&quot;Nos informamos&quot; \",\"publisher\":{\"@id\":\"https:\\\/\\\/informelitoral.com.ar\\\/#organization\"},\"potentialAction\":[{\"@type\":\"SearchAction\",\"target\":{\"@type\":\"EntryPoint\",\"urlTemplate\":\"https:\\\/\\\/informelitoral.com.ar\\\/?s={search_term_string}\"},\"query-input\":{\"@type\":\"PropertyValueSpecification\",\"valueRequired\":true,\"valueName\":\"search_term_string\"}}],\"inLanguage\":\"es\"},{\"@type\":\"Organization\",\"@id\":\"https:\\\/\\\/informelitoral.com.ar\\\/#organization\",\"name\":\"Informe Litoral\",\"url\":\"https:\\\/\\\/informelitoral.com.ar\\\/\",\"logo\":{\"@type\":\"ImageObject\",\"inLanguage\":\"es\",\"@id\":\"https:\\\/\\\/informelitoral.com.ar\\\/#\\\/schema\\\/logo\\\/image\\\/\",\"url\":\"https:\\\/\\\/informelitoral.com.ar\\\/%77%70%2d%63%6f%6e%74%65%6e%74\\\/uploads\\\/2021\\\/01\\\/circulo.png\",\"contentUrl\":\"https:\\\/\\\/informelitoral.com.ar\\\/%77%70%2d%63%6f%6e%74%65%6e%74\\\/uploads\\\/2021\\\/01\\\/circulo.png\",\"width\":723,\"height\":731,\"caption\":\"Informe Litoral\"},\"image\":{\"@id\":\"https:\\\/\\\/informelitoral.com.ar\\\/#\\\/schema\\\/logo\\\/image\\\/\"},\"sameAs\":[\"https:\\\/\\\/www.facebook.com\\\/informelitoral\\\/\",\"https:\\\/\\\/x.com\\\/InformeLitoral\",\"https:\\\/\\\/www.instagram.com\\\/informelitoral\\\/\",\"https:\\\/\\\/www.youtube.com\\\/channel\\\/UCua4Qvz8Icb6MYqhoq9xLXw\"]},{\"@type\":\"Person\",\"@id\":\"https:\\\/\\\/informelitoral.com.ar\\\/#\\\/schema\\\/person\\\/f05f9f461677119578717524b127d6d5\",\"name\":\"Sebastian\",\"image\":{\"@type\":\"ImageObject\",\"inLanguage\":\"es\",\"@id\":\"https:\\\/\\\/secure.gravatar.com\\\/avatar\\\/b71bf7481d447dfb9583c7f2798e7cc64de6efb9067b74633ed8c31059a3bd82?s=96&d=mm&r=g\",\"url\":\"https:\\\/\\\/secure.gravatar.com\\\/avatar\\\/b71bf7481d447dfb9583c7f2798e7cc64de6efb9067b74633ed8c31059a3bd82?s=96&d=mm&r=g\",\"contentUrl\":\"https:\\\/\\\/secure.gravatar.com\\\/avatar\\\/b71bf7481d447dfb9583c7f2798e7cc64de6efb9067b74633ed8c31059a3bd82?s=96&d=mm&r=g\",\"caption\":\"Sebastian\"},\"url\":\"https:\\\/\\\/informelitoral.com.ar\\\/author\\\/sebastian\\\/\"}]}<\/script>","yoast_head_json":{"title":"Viernes agobiante y probabilidad de tormentas: cu\u00e1ndo llegar\u00e1n a Entre R\u00edos - Informe Litoral","robots":{"index":"index","follow":"follow","max-snippet":"max-snippet:-1","max-image-preview":"max-image-preview:large","max-video-preview":"max-video-preview:-1"},"canonical":"https:\/\/informelitoral.com.ar\/viernes-agobiante-y-probabilidad-de-tormentas-cuando-llegaran-a-entre-rios-2\/","og_locale":"es_ES","og_type":"article","og_title":"Viernes agobiante y probabilidad de tormentas: cu\u00e1ndo llegar\u00e1n a Entre R\u00edos - Informe Litoral","og_description":"Hoy ser\u00e1 un d\u00eda muy caluroso para gran parte del pa\u00eds. Las temperaturas rondar\u00e1n los 40 grados en Entre R\u00edos, con sensaciones t\u00e9rmicas superiores. Se espera el avance de un frente de tormentas con descenso de los registros t\u00e9rmicos.","og_url":"https:\/\/informelitoral.com.ar\/viernes-agobiante-y-probabilidad-de-tormentas-cuando-llegaran-a-entre-rios-2\/","og_site_name":"Informe Litoral","article_publisher":"https:\/\/www.facebook.com\/informelitoral\/","article_published_time":"2023-01-20T11:24:13+00:00","article_modified_time":"2023-01-20T11:28:32+00:00","og_image":[{"width":770,"height":527,"url":"https:\/\/informelitoral.com.ar\/%77%70%2d%63%6f%6e%74%65%6e%74\/uploads\/2017\/11\/sol-calor.jpg","type":"image\/jpeg"}],"author":"Sebastian","twitter_card":"summary_large_image","twitter_creator":"@InformeLitoral","twitter_site":"@InformeLitoral","twitter_misc":{"Escrito por":"Sebastian","Tiempo de lectura":"2 minutos"},"schema":{"@context":"https:\/\/schema.org","@graph":[{"@type":"Article","@id":"https:\/\/informelitoral.com.ar\/viernes-agobiante-y-probabilidad-de-tormentas-cuando-llegaran-a-entre-rios-2\/#article","isPartOf":{"@id":"https:\/\/informelitoral.com.ar\/viernes-agobiante-y-probabilidad-de-tormentas-cuando-llegaran-a-entre-rios-2\/"},"author":{"name":"Sebastian","@id":"https:\/\/informelitoral.com.ar\/#\/schema\/person\/f05f9f461677119578717524b127d6d5"},"headline":"Viernes agobiante y probabilidad de tormentas: cu\u00e1ndo llegar\u00e1n a Entre R\u00edos","datePublished":"2023-01-20T11:24:13+00:00","dateModified":"2023-01-20T11:28:32+00:00","mainEntityOfPage":{"@id":"https:\/\/informelitoral.com.ar\/viernes-agobiante-y-probabilidad-de-tormentas-cuando-llegaran-a-entre-rios-2\/"},"wordCount":410,"commentCount":0,"publisher":{"@id":"https:\/\/informelitoral.com.ar\/#organization"},"image":{"@id":"https:\/\/informelitoral.com.ar\/viernes-agobiante-y-probabilidad-de-tormentas-cuando-llegaran-a-entre-rios-2\/#primaryimage"},"thumbnailUrl":"https:\/\/informelitoral.com.ar\/%77%70%2d%63%6f%6e%74%65%6e%74\/uploads\/2017\/11\/sol-calor.jpg","keywords":["SMN"],"articleSection":["Entre R\u00edos"],"inLanguage":"es","potentialAction":[{"@type":"CommentAction","name":"Comment","target":["https:\/\/informelitoral.com.ar\/viernes-agobiante-y-probabilidad-de-tormentas-cuando-llegaran-a-entre-rios-2\/#respond"]}]},{"@type":"WebPage","@id":"https:\/\/informelitoral.com.ar\/viernes-agobiante-y-probabilidad-de-tormentas-cuando-llegaran-a-entre-rios-2\/","url":"https:\/\/informelitoral.com.ar\/viernes-agobiante-y-probabilidad-de-tormentas-cuando-llegaran-a-entre-rios-2\/","name":"Viernes agobiante y probabilidad de tormentas: cu\u00e1ndo llegar\u00e1n a Entre R\u00edos - Informe Litoral","isPartOf":{"@id":"https:\/\/informelitoral.com.ar\/#website"},"primaryImageOfPage":{"@id":"https:\/\/informelitoral.com.ar\/viernes-agobiante-y-probabilidad-de-tormentas-cuando-llegaran-a-entre-rios-2\/#primaryimage"},"image":{"@id":"https:\/\/informelitoral.com.ar\/viernes-agobiante-y-probabilidad-de-tormentas-cuando-llegaran-a-entre-rios-2\/#primaryimage"},"thumbnailUrl":"https:\/\/informelitoral.com.ar\/%77%70%2d%63%6f%6e%74%65%6e%74\/uploads\/2017\/11\/sol-calor.jpg","datePublished":"2023-01-20T11:24:13+00:00","dateModified":"2023-01-20T11:28:32+00:00","breadcrumb":{"@id":"https:\/\/informelitoral.com.ar\/viernes-agobiante-y-probabilidad-de-tormentas-cuando-llegaran-a-entre-rios-2\/#breadcrumb"},"inLanguage":"es","potentialAction":[{"@type":"ReadAction","target":["https:\/\/informelitoral.com.ar\/viernes-agobiante-y-probabilidad-de-tormentas-cuando-llegaran-a-entre-rios-2\/"]}]},{"@type":"ImageObject","inLanguage":"es","@id":"https:\/\/informelitoral.com.ar\/viernes-agobiante-y-probabilidad-de-tormentas-cuando-llegaran-a-entre-rios-2\/#primaryimage","url":"https:\/\/informelitoral.com.ar\/%77%70%2d%63%6f%6e%74%65%6e%74\/uploads\/2017\/11\/sol-calor.jpg","contentUrl":"https:\/\/informelitoral.com.ar\/%77%70%2d%63%6f%6e%74%65%6e%74\/uploads\/2017\/11\/sol-calor.jpg","width":770,"height":527},{"@type":"BreadcrumbList","@id":"https:\/\/informelitoral.com.ar\/viernes-agobiante-y-probabilidad-de-tormentas-cuando-llegaran-a-entre-rios-2\/#breadcrumb","itemListElement":[{"@type":"ListItem","position":1,"name":"Portada","item":"https:\/\/informelitoral.com.ar\/"},{"@type":"ListItem","position":2,"name":"Viernes agobiante y probabilidad de tormentas: cu\u00e1ndo llegar\u00e1n a Entre R\u00edos"}]},{"@type":"WebSite","@id":"https:\/\/informelitoral.com.ar\/#website","url":"https:\/\/informelitoral.com.ar\/","name":"Informe Litoral","description":"&quot;Nos informamos&quot; ","publisher":{"@id":"https:\/\/informelitoral.com.ar\/#organization"},"potentialAction":[{"@type":"SearchAction","target":{"@type":"EntryPoint","urlTemplate":"https:\/\/informelitoral.com.ar\/?s={search_term_string}"},"query-input":{"@type":"PropertyValueSpecification","valueRequired":true,"valueName":"search_term_string"}}],"inLanguage":"es"},{"@type":"Organization","@id":"https:\/\/informelitoral.com.ar\/#organization","name":"Informe Litoral","url":"https:\/\/informelitoral.com.ar\/","logo":{"@type":"ImageObject","inLanguage":"es","@id":"https:\/\/informelitoral.com.ar\/#\/schema\/logo\/image\/","url":"https:\/\/informelitoral.com.ar\/%77%70%2d%63%6f%6e%74%65%6e%74\/uploads\/2021\/01\/circulo.png","contentUrl":"https:\/\/informelitoral.com.ar\/%77%70%2d%63%6f%6e%74%65%6e%74\/uploads\/2021\/01\/circulo.png","width":723,"height":731,"caption":"Informe Litoral"},"image":{"@id":"https:\/\/informelitoral.com.ar\/#\/schema\/logo\/image\/"},"sameAs":["https:\/\/www.facebook.com\/informelitoral\/","https:\/\/x.com\/InformeLitoral","https:\/\/www.instagram.com\/informelitoral\/","https:\/\/www.youtube.com\/channel\/UCua4Qvz8Icb6MYqhoq9xLXw"]},{"@type":"Person","@id":"https:\/\/informelitoral.com.ar\/#\/schema\/person\/f05f9f461677119578717524b127d6d5","name":"Sebastian","image":{"@type":"ImageObject","inLanguage":"es","@id":"https:\/\/secure.gravatar.com\/avatar\/b71bf7481d447dfb9583c7f2798e7cc64de6efb9067b74633ed8c31059a3bd82?s=96&d=mm&r=g","url":"https:\/\/secure.gravatar.com\/avatar\/b71bf7481d447dfb9583c7f2798e7cc64de6efb9067b74633ed8c31059a3bd82?s=96&d=mm&r=g","contentUrl":"https:\/\/secure.gravatar.com\/avatar\/b71bf7481d447dfb9583c7f2798e7cc64de6efb9067b74633ed8c31059a3bd82?s=96&d=mm&r=g","caption":"Sebastian"},"url":"https:\/\/informelitoral.com.ar\/author\/sebastian\/"}]}},"_links":{"self":[{"href":"https:\/\/informelitoral.com.ar\/%77%70%2d%6a%73%6f%6e\/wp\/v2\/posts\/111952","targetHints":{"allow":["GET"]}}],"collection":[{"href":"https:\/\/informelitoral.com.ar\/%77%70%2d%6a%73%6f%6e\/wp\/v2\/posts"}],"about":[{"href":"https:\/\/informelitoral.com.ar\/%77%70%2d%6a%73%6f%6e\/wp\/v2\/types\/post"}],"author":[{"embeddable":true,"href":"https:\/\/informelitoral.com.ar\/%77%70%2d%6a%73%6f%6e\/wp\/v2\/users\/8"}],"replies":[{"embeddable":true,"href":"https:\/\/informelitoral.com.ar\/%77%70%2d%6a%73%6f%6e\/wp\/v2\/comments?post=111952"}],"version-history":[{"count":0,"href":"https:\/\/informelitoral.com.ar\/%77%70%2d%6a%73%6f%6e\/wp\/v2\/posts\/111952\/revisions"}],"wp:featuredmedia":[{"embeddable":true,"href":"https:\/\/informelitoral.com.ar\/%77%70%2d%6a%73%6f%6e\/wp\/v2\/media\/23895"}],"wp:attachment":[{"href":"https:\/\/informelitoral.com.ar\/%77%70%2d%6a%73%6f%6e\/wp\/v2\/media?parent=111952"}],"wp:term":[{"taxonomy":"category","embeddable":true,"href":"https:\/\/informelitoral.com.ar\/%77%70%2d%6a%73%6f%6e\/wp\/v2\/categories?post=111952"},{"taxonomy":"post_tag","embeddable":true,"href":"https:\/\/informelitoral.com.ar\/%77%70%2d%6a%73%6f%6e\/wp\/v2\/tags?post=111952"}],"curies":[{"name":"wp","href":"https:\/\/api.w.org\/{rel}","templated":true}]}}