{"id":11192,"date":"2015-07-02T08:25:16","date_gmt":"2015-07-02T11:25:16","guid":{"rendered":"http:\/\/www.isletasnoticias.com.ar\/?p=11192"},"modified":"2015-07-02T08:25:16","modified_gmt":"2015-07-02T11:25:16","slug":"macri-le-planteo-a-echegaray-respetarle-el-mandato-si-es-presidente","status":"publish","type":"post","link":"https:\/\/informelitoral.com.ar\/macri-le-planteo-a-echegaray-respetarle-el-mandato-si-es-presidente\/","title":{"rendered":"Macri le plante\u00f3 a Echegaray respetarle el mandato si es presidente"},"content":{"rendered":"<p><strong>El l\u00edder del PRO destac\u00f3 la gesti\u00f3n y la capacidad t\u00e9cnica del funcionario kirchnerista, quien agradeci\u00f3 la cortes\u00eda.<a href=\"http:\/\/www.isletasnoticias.com.ar\/%77%70%2d%63%6f%6e%74%65%6e%74\/uploads\/2015\/07\/0012928942.jpg\"><img loading=\"lazy\" decoding=\"async\" class=\"aligncenter size-medium wp-image-11193\" src=\"http:\/\/www.isletasnoticias.com.ar\/%77%70%2d%63%6f%6e%74%65%6e%74\/uploads\/2015\/07\/0012928942-300x169.jpg\" alt=\"0012928942\" width=\"300\" height=\"169\" srcset=\"https:\/\/informelitoral.com.ar\/%77%70%2d%63%6f%6e%74%65%6e%74\/uploads\/2015\/07\/0012928942-300x169.jpg 300w, https:\/\/informelitoral.com.ar\/%77%70%2d%63%6f%6e%74%65%6e%74\/uploads\/2015\/07\/0012928942.jpg 770w\" sizes=\"auto, (max-width: 300px) 100vw, 300px\" \/><\/a><\/strong>El encuentro, \u00abcasual\u00bb seg\u00fan allegados al jefe de la Administraci\u00f3n Federal de Ingresos P\u00fablicos (AFIP), se mantuvo en estricta reserva hasta ahora. Tuvo lugar hace poco m\u00e1s de un mes, en horas del mediod\u00eda, en un selecto restaurante del barrio porte\u00f1o de Palermo, en el que suelen confluir dirigentes y empresarios de primera l\u00ednea.<\/p>\n<p><b>\u00abYo voy a necesitar recaudar\u00bb<\/b>,<b> <\/b>fue la propuesta de <b>Mauricio Macri a Ricardo Echegaray<\/b>, rodeados por apenas un pu\u00f1ado de allegados que fueron testigos de una amistosa y larga charla que fue confirmada a <b>Infobae <\/b>por voceros del jefe de Gobierno porte\u00f1o y por el entorno del jefe de la AFIP, aunque desde ambos mostradores evitaron dar demasiadas precisiones.<\/p>\n<p>Seg\u00fan pudo reconstruir este portal, Macri ensalz\u00f3 la gesti\u00f3n y la \u00abcapacidad t\u00e9cnica\u00bb del jefe del organismo, que agradeci\u00f3 la cortes\u00eda. Un gesto que no sorprendi\u00f3 en la mesa chica del Gobierno porte\u00f1o, en la que el l\u00edder del PRO destac\u00f3 en m\u00e1s de una oportunidad la figura del funcionario K. \u00abMauricio no lo tiene etiquetado en el bando de los malos\u00bb, traduce risue\u00f1o un influyente ministro porte\u00f1o el pensamiento del precandidato presidencial sobre el titular de la AFIP.<\/p>\n<p>Durante el encuentro, que se dio en medio de diversos viajes de Echegaray por Europa, el jefe de Gobierno porte\u00f1o <b>le plante\u00f3 al funcionario la posibilidad de conservarlo en su puesto<\/b> en caso de llegar a la Casa Rosada. El mandato del titular del organismo vence en diciembre de 2016, un a\u00f1o despu\u00e9s del recambio presidencial, que a menos de alguna sorpresa excepcional de \u00faltimo momento parecer\u00eda dirimirse entre el l\u00edder del PRO y el gobernador bonaerense, Daniel Scioli. <em>(Infobae)<\/em><\/p>\n","protected":false},"excerpt":{"rendered":"<p>El l&iacute;der del PRO destac&oacute; la gesti&oacute;n y la capacidad t&eacute;cnica del funcionario kirchnerista, quien agradeci&oacute; la cortes&iacute;a.El encuentro, &laquo;casual&raquo; seg&uacute;n allegados al jefe de la Administraci&oacute;n Federal de Ingresos P&uacute;blicos (AFIP), se mantuvo en estricta reserva hasta ahora. Tuvo lugar hace poco m&aacute;s de un mes, en horas del mediod&iacute;a, en un selecto restaurante [&hellip;]<\/p>\n","protected":false},"author":2,"featured_media":0,"comment_status":"open","ping_status":"open","sticky":false,"template":"","format":"standard","meta":{"fifu_image_url":"","fifu_image_alt":"","footnotes":""},"categories":[7,16],"tags":[],"class_list":{"0":"post-11192","1":"post","2":"type-post","3":"status-publish","4":"format-standard","6":"category-nacionales","7":"category-politi"},"yoast_head":"<title>Macri le plante\u00f3 a Echegaray respetarle el mandato si es presidente - Informe Litoral<\/title>\n<meta name=\"robots\" content=\"index, follow, max-snippet:-1, max-image-preview:large, max-video-preview:-1\" \/>\n<link rel=\"canonical\" href=\"https:\/\/informelitoral.com.ar\/macri-le-planteo-a-echegaray-respetarle-el-mandato-si-es-presidente\/\" \/>\n<meta property=\"og:locale\" content=\"es_ES\" \/>\n<meta property=\"og:type\" content=\"article\" \/>\n<meta property=\"og:title\" content=\"Macri le plante\u00f3 a Echegaray respetarle el mandato si es presidente - Informe Litoral\" \/>\n<meta property=\"og:description\" content=\"El l&iacute;der del PRO destac&oacute; la gesti&oacute;n y la capacidad t&eacute;cnica del funcionario kirchnerista, quien agradeci&oacute; la cortes&iacute;a.El encuentro, &laquo;casual&raquo; seg&uacute;n allegados al jefe de la Administraci&oacute;n Federal de Ingresos P&uacute;blicos (AFIP), se mantuvo en estricta reserva hasta ahora. Tuvo lugar hace poco m&aacute;s de un mes, en horas del mediod&iacute;a, en un selecto restaurante [&hellip;]\" \/>\n<meta property=\"og:url\" content=\"https:\/\/informelitoral.com.ar\/macri-le-planteo-a-echegaray-respetarle-el-mandato-si-es-presidente\/\" \/>\n<meta property=\"og:site_name\" content=\"Informe Litoral\" \/>\n<meta property=\"article:publisher\" content=\"https:\/\/www.facebook.com\/informelitoral\/\" \/>\n<meta property=\"article:published_time\" content=\"2015-07-02T11:25:16+00:00\" \/>\n<meta property=\"og:image\" content=\"https:\/\/informelitoral.com.ar\/%77%70%2d%63%6f%6e%74%65%6e%74\/uploads\/2015\/07\/0012928942.jpg\" \/>\n\t<meta property=\"og:image:width\" content=\"770\" \/>\n\t<meta property=\"og:image:height\" content=\"433\" \/>\n\t<meta property=\"og:image:type\" content=\"image\/jpeg\" \/>\n<meta name=\"author\" content=\"Gonzalo Schmidt\" \/>\n<meta name=\"twitter:card\" content=\"summary_large_image\" \/>\n<meta name=\"twitter:creator\" content=\"@InformeLitoral\" \/>\n<meta name=\"twitter:site\" content=\"@InformeLitoral\" \/>\n<meta name=\"twitter:label1\" content=\"Escrito por\" \/>\n\t<meta name=\"twitter:data1\" content=\"Gonzalo Schmidt\" \/>\n\t<meta name=\"twitter:label2\" content=\"Tiempo de lectura\" \/>\n\t<meta name=\"twitter:data2\" content=\"2 minutos\" \/>\n<script type=\"application\/ld+json\" class=\"yoast-schema-graph\">{\"@context\":\"https:\\\/\\\/schema.org\",\"@graph\":[{\"@type\":\"Article\",\"@id\":\"https:\\\/\\\/informelitoral.com.ar\\\/macri-le-planteo-a-echegaray-respetarle-el-mandato-si-es-presidente\\\/#article\",\"isPartOf\":{\"@id\":\"https:\\\/\\\/informelitoral.com.ar\\\/macri-le-planteo-a-echegaray-respetarle-el-mandato-si-es-presidente\\\/\"},\"author\":{\"name\":\"Gonzalo Schmidt\",\"@id\":\"https:\\\/\\\/informelitoral.com.ar\\\/#\\\/schema\\\/person\\\/b9d00407c836482871ef1d57bf8e3180\"},\"headline\":\"Macri le plante\u00f3 a Echegaray respetarle el mandato si es presidente\",\"datePublished\":\"2015-07-02T11:25:16+00:00\",\"mainEntityOfPage\":{\"@id\":\"https:\\\/\\\/informelitoral.com.ar\\\/macri-le-planteo-a-echegaray-respetarle-el-mandato-si-es-presidente\\\/\"},\"wordCount\":327,\"commentCount\":0,\"publisher\":{\"@id\":\"https:\\\/\\\/informelitoral.com.ar\\\/#organization\"},\"image\":{\"@id\":\"https:\\\/\\\/informelitoral.com.ar\\\/macri-le-planteo-a-echegaray-respetarle-el-mandato-si-es-presidente\\\/#primaryimage\"},\"thumbnailUrl\":\"http:\\\/\\\/www.isletasnoticias.com.ar\\\/%77%70%2d%63%6f%6e%74%65%6e%74\\\/uploads\\\/2015\\\/07\\\/0012928942-300x169.jpg\",\"articleSection\":[\"Nacionales\",\"Politica\"],\"inLanguage\":\"es\",\"potentialAction\":[{\"@type\":\"CommentAction\",\"name\":\"Comment\",\"target\":[\"https:\\\/\\\/informelitoral.com.ar\\\/macri-le-planteo-a-echegaray-respetarle-el-mandato-si-es-presidente\\\/#respond\"]}]},{\"@type\":\"WebPage\",\"@id\":\"https:\\\/\\\/informelitoral.com.ar\\\/macri-le-planteo-a-echegaray-respetarle-el-mandato-si-es-presidente\\\/\",\"url\":\"https:\\\/\\\/informelitoral.com.ar\\\/macri-le-planteo-a-echegaray-respetarle-el-mandato-si-es-presidente\\\/\",\"name\":\"Macri le plante\u00f3 a Echegaray respetarle el mandato si es presidente - Informe Litoral\",\"isPartOf\":{\"@id\":\"https:\\\/\\\/informelitoral.com.ar\\\/#website\"},\"primaryImageOfPage\":{\"@id\":\"https:\\\/\\\/informelitoral.com.ar\\\/macri-le-planteo-a-echegaray-respetarle-el-mandato-si-es-presidente\\\/#primaryimage\"},\"image\":{\"@id\":\"https:\\\/\\\/informelitoral.com.ar\\\/macri-le-planteo-a-echegaray-respetarle-el-mandato-si-es-presidente\\\/#primaryimage\"},\"thumbnailUrl\":\"http:\\\/\\\/www.isletasnoticias.com.ar\\\/%77%70%2d%63%6f%6e%74%65%6e%74\\\/uploads\\\/2015\\\/07\\\/0012928942-300x169.jpg\",\"datePublished\":\"2015-07-02T11:25:16+00:00\",\"breadcrumb\":{\"@id\":\"https:\\\/\\\/informelitoral.com.ar\\\/macri-le-planteo-a-echegaray-respetarle-el-mandato-si-es-presidente\\\/#breadcrumb\"},\"inLanguage\":\"es\",\"potentialAction\":[{\"@type\":\"ReadAction\",\"target\":[\"https:\\\/\\\/informelitoral.com.ar\\\/macri-le-planteo-a-echegaray-respetarle-el-mandato-si-es-presidente\\\/\"]}]},{\"@type\":\"ImageObject\",\"inLanguage\":\"es\",\"@id\":\"https:\\\/\\\/informelitoral.com.ar\\\/macri-le-planteo-a-echegaray-respetarle-el-mandato-si-es-presidente\\\/#primaryimage\",\"url\":\"http:\\\/\\\/www.isletasnoticias.com.ar\\\/%77%70%2d%63%6f%6e%74%65%6e%74\\\/uploads\\\/2015\\\/07\\\/0012928942-300x169.jpg\",\"contentUrl\":\"http:\\\/\\\/www.isletasnoticias.com.ar\\\/%77%70%2d%63%6f%6e%74%65%6e%74\\\/uploads\\\/2015\\\/07\\\/0012928942-300x169.jpg\"},{\"@type\":\"BreadcrumbList\",\"@id\":\"https:\\\/\\\/informelitoral.com.ar\\\/macri-le-planteo-a-echegaray-respetarle-el-mandato-si-es-presidente\\\/#breadcrumb\",\"itemListElement\":[{\"@type\":\"ListItem\",\"position\":1,\"name\":\"Portada\",\"item\":\"https:\\\/\\\/informelitoral.com.ar\\\/\"},{\"@type\":\"ListItem\",\"position\":2,\"name\":\"Macri le plante\u00f3 a Echegaray respetarle el mandato si es presidente\"}]},{\"@type\":\"WebSite\",\"@id\":\"https:\\\/\\\/informelitoral.com.ar\\\/#website\",\"url\":\"https:\\\/\\\/informelitoral.com.ar\\\/\",\"name\":\"Informe Litoral\",\"description\":\"&quot;Nos informamos&quot; \",\"publisher\":{\"@id\":\"https:\\\/\\\/informelitoral.com.ar\\\/#organization\"},\"potentialAction\":[{\"@type\":\"SearchAction\",\"target\":{\"@type\":\"EntryPoint\",\"urlTemplate\":\"https:\\\/\\\/informelitoral.com.ar\\\/?s={search_term_string}\"},\"query-input\":{\"@type\":\"PropertyValueSpecification\",\"valueRequired\":true,\"valueName\":\"search_term_string\"}}],\"inLanguage\":\"es\"},{\"@type\":\"Organization\",\"@id\":\"https:\\\/\\\/informelitoral.com.ar\\\/#organization\",\"name\":\"Informe Litoral\",\"url\":\"https:\\\/\\\/informelitoral.com.ar\\\/\",\"logo\":{\"@type\":\"ImageObject\",\"inLanguage\":\"es\",\"@id\":\"https:\\\/\\\/informelitoral.com.ar\\\/#\\\/schema\\\/logo\\\/image\\\/\",\"url\":\"https:\\\/\\\/informelitoral.com.ar\\\/%77%70%2d%63%6f%6e%74%65%6e%74\\\/uploads\\\/2021\\\/01\\\/circulo.png\",\"contentUrl\":\"https:\\\/\\\/informelitoral.com.ar\\\/%77%70%2d%63%6f%6e%74%65%6e%74\\\/uploads\\\/2021\\\/01\\\/circulo.png\",\"width\":723,\"height\":731,\"caption\":\"Informe Litoral\"},\"image\":{\"@id\":\"https:\\\/\\\/informelitoral.com.ar\\\/#\\\/schema\\\/logo\\\/image\\\/\"},\"sameAs\":[\"https:\\\/\\\/www.facebook.com\\\/informelitoral\\\/\",\"https:\\\/\\\/x.com\\\/InformeLitoral\",\"https:\\\/\\\/www.instagram.com\\\/informelitoral\\\/\",\"https:\\\/\\\/www.youtube.com\\\/channel\\\/UCua4Qvz8Icb6MYqhoq9xLXw\"]},{\"@type\":\"Person\",\"@id\":\"https:\\\/\\\/informelitoral.com.ar\\\/#\\\/schema\\\/person\\\/b9d00407c836482871ef1d57bf8e3180\",\"name\":\"Gonzalo Schmidt\",\"image\":{\"@type\":\"ImageObject\",\"inLanguage\":\"es\",\"@id\":\"https:\\\/\\\/secure.gravatar.com\\\/avatar\\\/31a1a7b66ff2de83bd0e9fd79d026630d2d99e55e8bfe501287647b4fd9743de?s=96&d=mm&r=g\",\"url\":\"https:\\\/\\\/secure.gravatar.com\\\/avatar\\\/31a1a7b66ff2de83bd0e9fd79d026630d2d99e55e8bfe501287647b4fd9743de?s=96&d=mm&r=g\",\"contentUrl\":\"https:\\\/\\\/secure.gravatar.com\\\/avatar\\\/31a1a7b66ff2de83bd0e9fd79d026630d2d99e55e8bfe501287647b4fd9743de?s=96&d=mm&r=g\",\"caption\":\"Gonzalo Schmidt\"},\"description\":\"Sitio web de noticias de la provincia de Entre R\u00edos, Argentina. Informaci\u00f3n y entretenimiento. Informe Litoral, nos informamos.\",\"sameAs\":[\"http:\\\/\\\/www.isletasnoticias.com.ar\"],\"url\":\"https:\\\/\\\/informelitoral.com.ar\\\/author\\\/gonzalo\\\/\"}]}<\/script>","yoast_head_json":{"title":"Macri le plante\u00f3 a Echegaray respetarle el mandato si es presidente - Informe Litoral","robots":{"index":"index","follow":"follow","max-snippet":"max-snippet:-1","max-image-preview":"max-image-preview:large","max-video-preview":"max-video-preview:-1"},"canonical":"https:\/\/informelitoral.com.ar\/macri-le-planteo-a-echegaray-respetarle-el-mandato-si-es-presidente\/","og_locale":"es_ES","og_type":"article","og_title":"Macri le plante\u00f3 a Echegaray respetarle el mandato si es presidente - Informe Litoral","og_description":"El l&iacute;der del PRO destac&oacute; la gesti&oacute;n y la capacidad t&eacute;cnica del funcionario kirchnerista, quien agradeci&oacute; la cortes&iacute;a.El encuentro, &laquo;casual&raquo; seg&uacute;n allegados al jefe de la Administraci&oacute;n Federal de Ingresos P&uacute;blicos (AFIP), se mantuvo en estricta reserva hasta ahora. Tuvo lugar hace poco m&aacute;s de un mes, en horas del mediod&iacute;a, en un selecto restaurante [&hellip;]","og_url":"https:\/\/informelitoral.com.ar\/macri-le-planteo-a-echegaray-respetarle-el-mandato-si-es-presidente\/","og_site_name":"Informe Litoral","article_publisher":"https:\/\/www.facebook.com\/informelitoral\/","article_published_time":"2015-07-02T11:25:16+00:00","og_image":[{"width":770,"height":433,"url":"https:\/\/informelitoral.com.ar\/%77%70%2d%63%6f%6e%74%65%6e%74\/uploads\/2015\/07\/0012928942.jpg","type":"image\/jpeg"}],"author":"Gonzalo Schmidt","twitter_card":"summary_large_image","twitter_creator":"@InformeLitoral","twitter_site":"@InformeLitoral","twitter_misc":{"Escrito por":"Gonzalo Schmidt","Tiempo de lectura":"2 minutos"},"schema":{"@context":"https:\/\/schema.org","@graph":[{"@type":"Article","@id":"https:\/\/informelitoral.com.ar\/macri-le-planteo-a-echegaray-respetarle-el-mandato-si-es-presidente\/#article","isPartOf":{"@id":"https:\/\/informelitoral.com.ar\/macri-le-planteo-a-echegaray-respetarle-el-mandato-si-es-presidente\/"},"author":{"name":"Gonzalo Schmidt","@id":"https:\/\/informelitoral.com.ar\/#\/schema\/person\/b9d00407c836482871ef1d57bf8e3180"},"headline":"Macri le plante\u00f3 a Echegaray respetarle el mandato si es presidente","datePublished":"2015-07-02T11:25:16+00:00","mainEntityOfPage":{"@id":"https:\/\/informelitoral.com.ar\/macri-le-planteo-a-echegaray-respetarle-el-mandato-si-es-presidente\/"},"wordCount":327,"commentCount":0,"publisher":{"@id":"https:\/\/informelitoral.com.ar\/#organization"},"image":{"@id":"https:\/\/informelitoral.com.ar\/macri-le-planteo-a-echegaray-respetarle-el-mandato-si-es-presidente\/#primaryimage"},"thumbnailUrl":"http:\/\/www.isletasnoticias.com.ar\/%77%70%2d%63%6f%6e%74%65%6e%74\/uploads\/2015\/07\/0012928942-300x169.jpg","articleSection":["Nacionales","Politica"],"inLanguage":"es","potentialAction":[{"@type":"CommentAction","name":"Comment","target":["https:\/\/informelitoral.com.ar\/macri-le-planteo-a-echegaray-respetarle-el-mandato-si-es-presidente\/#respond"]}]},{"@type":"WebPage","@id":"https:\/\/informelitoral.com.ar\/macri-le-planteo-a-echegaray-respetarle-el-mandato-si-es-presidente\/","url":"https:\/\/informelitoral.com.ar\/macri-le-planteo-a-echegaray-respetarle-el-mandato-si-es-presidente\/","name":"Macri le plante\u00f3 a Echegaray respetarle el mandato si es presidente - Informe Litoral","isPartOf":{"@id":"https:\/\/informelitoral.com.ar\/#website"},"primaryImageOfPage":{"@id":"https:\/\/informelitoral.com.ar\/macri-le-planteo-a-echegaray-respetarle-el-mandato-si-es-presidente\/#primaryimage"},"image":{"@id":"https:\/\/informelitoral.com.ar\/macri-le-planteo-a-echegaray-respetarle-el-mandato-si-es-presidente\/#primaryimage"},"thumbnailUrl":"http:\/\/www.isletasnoticias.com.ar\/%77%70%2d%63%6f%6e%74%65%6e%74\/uploads\/2015\/07\/0012928942-300x169.jpg","datePublished":"2015-07-02T11:25:16+00:00","breadcrumb":{"@id":"https:\/\/informelitoral.com.ar\/macri-le-planteo-a-echegaray-respetarle-el-mandato-si-es-presidente\/#breadcrumb"},"inLanguage":"es","potentialAction":[{"@type":"ReadAction","target":["https:\/\/informelitoral.com.ar\/macri-le-planteo-a-echegaray-respetarle-el-mandato-si-es-presidente\/"]}]},{"@type":"ImageObject","inLanguage":"es","@id":"https:\/\/informelitoral.com.ar\/macri-le-planteo-a-echegaray-respetarle-el-mandato-si-es-presidente\/#primaryimage","url":"http:\/\/www.isletasnoticias.com.ar\/%77%70%2d%63%6f%6e%74%65%6e%74\/uploads\/2015\/07\/0012928942-300x169.jpg","contentUrl":"http:\/\/www.isletasnoticias.com.ar\/%77%70%2d%63%6f%6e%74%65%6e%74\/uploads\/2015\/07\/0012928942-300x169.jpg"},{"@type":"BreadcrumbList","@id":"https:\/\/informelitoral.com.ar\/macri-le-planteo-a-echegaray-respetarle-el-mandato-si-es-presidente\/#breadcrumb","itemListElement":[{"@type":"ListItem","position":1,"name":"Portada","item":"https:\/\/informelitoral.com.ar\/"},{"@type":"ListItem","position":2,"name":"Macri le plante\u00f3 a Echegaray respetarle el mandato si es presidente"}]},{"@type":"WebSite","@id":"https:\/\/informelitoral.com.ar\/#website","url":"https:\/\/informelitoral.com.ar\/","name":"Informe Litoral","description":"&quot;Nos informamos&quot; ","publisher":{"@id":"https:\/\/informelitoral.com.ar\/#organization"},"potentialAction":[{"@type":"SearchAction","target":{"@type":"EntryPoint","urlTemplate":"https:\/\/informelitoral.com.ar\/?s={search_term_string}"},"query-input":{"@type":"PropertyValueSpecification","valueRequired":true,"valueName":"search_term_string"}}],"inLanguage":"es"},{"@type":"Organization","@id":"https:\/\/informelitoral.com.ar\/#organization","name":"Informe Litoral","url":"https:\/\/informelitoral.com.ar\/","logo":{"@type":"ImageObject","inLanguage":"es","@id":"https:\/\/informelitoral.com.ar\/#\/schema\/logo\/image\/","url":"https:\/\/informelitoral.com.ar\/%77%70%2d%63%6f%6e%74%65%6e%74\/uploads\/2021\/01\/circulo.png","contentUrl":"https:\/\/informelitoral.com.ar\/%77%70%2d%63%6f%6e%74%65%6e%74\/uploads\/2021\/01\/circulo.png","width":723,"height":731,"caption":"Informe Litoral"},"image":{"@id":"https:\/\/informelitoral.com.ar\/#\/schema\/logo\/image\/"},"sameAs":["https:\/\/www.facebook.com\/informelitoral\/","https:\/\/x.com\/InformeLitoral","https:\/\/www.instagram.com\/informelitoral\/","https:\/\/www.youtube.com\/channel\/UCua4Qvz8Icb6MYqhoq9xLXw"]},{"@type":"Person","@id":"https:\/\/informelitoral.com.ar\/#\/schema\/person\/b9d00407c836482871ef1d57bf8e3180","name":"Gonzalo Schmidt","image":{"@type":"ImageObject","inLanguage":"es","@id":"https:\/\/secure.gravatar.com\/avatar\/31a1a7b66ff2de83bd0e9fd79d026630d2d99e55e8bfe501287647b4fd9743de?s=96&d=mm&r=g","url":"https:\/\/secure.gravatar.com\/avatar\/31a1a7b66ff2de83bd0e9fd79d026630d2d99e55e8bfe501287647b4fd9743de?s=96&d=mm&r=g","contentUrl":"https:\/\/secure.gravatar.com\/avatar\/31a1a7b66ff2de83bd0e9fd79d026630d2d99e55e8bfe501287647b4fd9743de?s=96&d=mm&r=g","caption":"Gonzalo Schmidt"},"description":"Sitio web de noticias de la provincia de Entre R\u00edos, Argentina. Informaci\u00f3n y entretenimiento. Informe Litoral, nos informamos.","sameAs":["http:\/\/www.isletasnoticias.com.ar"],"url":"https:\/\/informelitoral.com.ar\/author\/gonzalo\/"}]}},"_links":{"self":[{"href":"https:\/\/informelitoral.com.ar\/%77%70%2d%6a%73%6f%6e\/wp\/v2\/posts\/11192","targetHints":{"allow":["GET"]}}],"collection":[{"href":"https:\/\/informelitoral.com.ar\/%77%70%2d%6a%73%6f%6e\/wp\/v2\/posts"}],"about":[{"href":"https:\/\/informelitoral.com.ar\/%77%70%2d%6a%73%6f%6e\/wp\/v2\/types\/post"}],"author":[{"embeddable":true,"href":"https:\/\/informelitoral.com.ar\/%77%70%2d%6a%73%6f%6e\/wp\/v2\/users\/2"}],"replies":[{"embeddable":true,"href":"https:\/\/informelitoral.com.ar\/%77%70%2d%6a%73%6f%6e\/wp\/v2\/comments?post=11192"}],"version-history":[{"count":0,"href":"https:\/\/informelitoral.com.ar\/%77%70%2d%6a%73%6f%6e\/wp\/v2\/posts\/11192\/revisions"}],"wp:attachment":[{"href":"https:\/\/informelitoral.com.ar\/%77%70%2d%6a%73%6f%6e\/wp\/v2\/media?parent=11192"}],"wp:term":[{"taxonomy":"category","embeddable":true,"href":"https:\/\/informelitoral.com.ar\/%77%70%2d%6a%73%6f%6e\/wp\/v2\/categories?post=11192"},{"taxonomy":"post_tag","embeddable":true,"href":"https:\/\/informelitoral.com.ar\/%77%70%2d%6a%73%6f%6e\/wp\/v2\/tags?post=11192"}],"curies":[{"name":"wp","href":"https:\/\/api.w.org\/{rel}","templated":true}]}}