{"id":11173,"date":"2015-06-30T16:20:32","date_gmt":"2015-06-30T19:20:32","guid":{"rendered":"http:\/\/www.isletasnoticias.com.ar\/?p=11173"},"modified":"2015-06-30T16:23:08","modified_gmt":"2015-06-30T19:23:08","slug":"el-cura-denunciado-por-supuestos-abusos-fue-separado-de-la-atencion-pastoral","status":"publish","type":"post","link":"https:\/\/informelitoral.com.ar\/el-cura-denunciado-por-supuestos-abusos-fue-separado-de-la-atencion-pastoral\/","title":{"rendered":"El cura denunciado por supuestos abusos fue \u00abseparado de la atenci\u00f3n pastoral\u00bb"},"content":{"rendered":"<p><strong>Ante las denuncias contra el cura <em>Marcelino Moya<\/em>, el Arzobispado de Paran\u00e1 \u00abdio inicio a las investigaciones preliminares\u00bb, se\u00f1al\u00f3 en un comunicado. Adem\u00e1s, indic\u00f3 que \u00abse le ha impedido el ejercicio p\u00fablico del ministerio\u00bb.<a href=\"http:\/\/www.isletasnoticias.com.ar\/%77%70%2d%63%6f%6e%74%65%6e%74\/uploads\/2015\/06\/o_1435304111.jpg\"><img loading=\"lazy\" decoding=\"async\" class=\"aligncenter size-medium wp-image-11174\" src=\"http:\/\/www.isletasnoticias.com.ar\/%77%70%2d%63%6f%6e%74%65%6e%74\/uploads\/2015\/06\/o_1435304111-300x169.jpg\" alt=\"o_1435304111\" width=\"300\" height=\"169\" srcset=\"https:\/\/informelitoral.com.ar\/%77%70%2d%63%6f%6e%74%65%6e%74\/uploads\/2015\/06\/o_1435304111-300x169.jpg 300w, https:\/\/informelitoral.com.ar\/%77%70%2d%63%6f%6e%74%65%6e%74\/uploads\/2015\/06\/o_1435304111.jpg 800w\" sizes=\"auto, (max-width: 300px) 100vw, 300px\" \/><\/a><\/strong>El cura Marcelino Moya, p\u00e1rroco de Nuestra Se\u00f1ora de la Merced, en la ciudad de Segu\u00ed, fue denunciado por supuestos abusos a menores. Dichos hechos los habr\u00eda cometido mientras fue vicario en la Parroquia Santa Rosa de Lima, de Villaguay, entre 1992 y 1997, seg\u00fan ventil\u00f3 la revista An\u00e1lisis.<br \/>\nSeg\u00fan los relatos de dos v\u00edctimas, Moya habr\u00eda cometido esos hechos entre 1994 y 1996, y sus v\u00edctimas habr\u00edan sido adolescentes que colaboraban en el templo como monaguillos, pero tambi\u00e9n con soldados voluntarios que se incorporaban al Regimiento de Infanter\u00eda Mecanizado 5 General F\u00e9lix De Olaz\u00e1bal, con sede en Villaguay, que ingresan a los 18 a\u00f1os y es el escal\u00f3n inicial en la carrera de suboficiales del Ej\u00e9rcito Argentino.<\/p>\n<p>Esta semana se conoci\u00f3 que ya se efectivizaron dos denuncias contra el cura payador Marcelino Moya. Al respecto, el procurador general del Superior Tribunal de Justicia de la provincia, Jorge Am\u00edlcar Garc\u00eda, inform\u00f3 a Elonce TV: \u00abHoy recibimos la formalizaci\u00f3n de las denuncias de los dos primeros casos; fue en t\u00e9rminos muy semejantes a lo que ya hab\u00eda salido publicado en los testimonios que la revista local hab\u00eda hecho conocer\u00bb.<\/p>\n<p>Ante la gravedad de las denuncias y los hechos ventilados en diferentes medios, el Arzobispado de Paran\u00e1, dio a conocer este martes, un comunicado que fue enviado a Elonce.com, y en el que se refiere al caso, aunque no nombra al sacerdote sospechado de cometer abusos.<\/p>\n<p><strong>El comunicado completo<\/strong><br \/>\nAnte las recientes denuncias que involucran a un sacerdote de nuestra Arquidi\u00f3cesis, este Arzobispado manifiesta:<br \/>\n1.- Ni bien se conocieron las denuncias period\u00edsticas que involucraban a un sacerdote de la Arquidi\u00f3cesis, el Arzobispo dio inicio a las investigaciones preliminares seg\u00fan lo expresa el c\u00f3digo de derecho can\u00f3nico en el canon n\u00ba 1717, regulados por las normas de Gravioribus Delictis.<\/p>\n<p>2.- Como medida cautelar el sacerdote involucrado ha sido separado de la atenci\u00f3n pastoral de la comunidad y se le ha impedido el ejercicio p\u00fablico del ministerio, seg\u00fan lo determina el derecho can\u00f3nico, hasta que la Justicia se expida.<\/p>\n<p>3.- Expresamos nuestra cercan\u00eda y disposici\u00f3n para acompa\u00f1ar a todos aquellos afectados por esta dolorosa situaci\u00f3n, quienes cuentan con nuestra disponibilidad de escucha, oraci\u00f3n, comprensi\u00f3n y afecto.<\/p>\n<p>\u00abCon esperanza pedimos al Dios misericordioso el logro de la verdad y la justicia, y la sanaci\u00f3n de las heridas y dolores ocasionados\u00bb, finaliza el comunicado emitido este martes por el Arzobispado de Paran\u00e1. <em>(Elonce)<\/em><\/p>\n","protected":false},"excerpt":{"rendered":"<p>Ante las denuncias contra el cura Marcelino Moya, el Arzobispado de Paran&aacute; &laquo;dio inicio a las investigaciones preliminares&raquo;, se&ntilde;al&oacute; en un comunicado. Adem&aacute;s, indic&oacute; que &laquo;se le ha impedido el ejercicio p&uacute;blico del ministerio&raquo;.El cura Marcelino Moya, p&aacute;rroco de Nuestra Se&ntilde;ora de la Merced, en la ciudad de Segu&iacute;, fue denunciado por supuestos abusos a [&hellip;]<\/p>\n","protected":false},"author":2,"featured_media":0,"comment_status":"open","ping_status":"open","sticky":false,"template":"","format":"standard","meta":{"fifu_image_url":"","fifu_image_alt":"","footnotes":""},"categories":[6],"tags":[],"class_list":{"0":"post-11173","1":"post","2":"type-post","3":"status-publish","4":"format-standard","6":"category-entre-rios"},"yoast_head":"<title>El cura denunciado por supuestos abusos fue &quot;separado de la atenci\u00f3n pastoral&quot; - Informe Litoral<\/title>\n<meta name=\"robots\" content=\"index, follow, max-snippet:-1, max-image-preview:large, max-video-preview:-1\" \/>\n<link rel=\"canonical\" href=\"https:\/\/informelitoral.com.ar\/el-cura-denunciado-por-supuestos-abusos-fue-separado-de-la-atencion-pastoral\/\" \/>\n<meta property=\"og:locale\" content=\"es_ES\" \/>\n<meta property=\"og:type\" content=\"article\" \/>\n<meta property=\"og:title\" content=\"El cura denunciado por supuestos abusos fue &quot;separado de la atenci\u00f3n pastoral&quot; - Informe Litoral\" \/>\n<meta property=\"og:description\" content=\"Ante las denuncias contra el cura Marcelino Moya, el Arzobispado de Paran&aacute; &laquo;dio inicio a las investigaciones preliminares&raquo;, se&ntilde;al&oacute; en un comunicado. Adem&aacute;s, indic&oacute; que &laquo;se le ha impedido el ejercicio p&uacute;blico del ministerio&raquo;.El cura Marcelino Moya, p&aacute;rroco de Nuestra Se&ntilde;ora de la Merced, en la ciudad de Segu&iacute;, fue denunciado por supuestos abusos a [&hellip;]\" \/>\n<meta property=\"og:url\" content=\"https:\/\/informelitoral.com.ar\/el-cura-denunciado-por-supuestos-abusos-fue-separado-de-la-atencion-pastoral\/\" \/>\n<meta property=\"og:site_name\" content=\"Informe Litoral\" \/>\n<meta property=\"article:publisher\" content=\"https:\/\/www.facebook.com\/informelitoral\/\" \/>\n<meta property=\"article:published_time\" content=\"2015-06-30T19:20:32+00:00\" \/>\n<meta property=\"article:modified_time\" content=\"2015-06-30T19:23:08+00:00\" \/>\n<meta property=\"og:image\" content=\"https:\/\/informelitoral.com.ar\/%77%70%2d%63%6f%6e%74%65%6e%74\/uploads\/2015\/06\/o_1435304111.jpg\" \/>\n\t<meta property=\"og:image:width\" content=\"800\" \/>\n\t<meta property=\"og:image:height\" content=\"450\" \/>\n\t<meta property=\"og:image:type\" content=\"image\/jpeg\" \/>\n<meta name=\"author\" content=\"Gonzalo Schmidt\" \/>\n<meta name=\"twitter:card\" content=\"summary_large_image\" \/>\n<meta name=\"twitter:creator\" content=\"@InformeLitoral\" \/>\n<meta name=\"twitter:site\" content=\"@InformeLitoral\" \/>\n<meta name=\"twitter:label1\" content=\"Escrito por\" \/>\n\t<meta name=\"twitter:data1\" content=\"Gonzalo Schmidt\" \/>\n\t<meta name=\"twitter:label2\" content=\"Tiempo de lectura\" \/>\n\t<meta name=\"twitter:data2\" content=\"2 minutos\" \/>\n<script type=\"application\/ld+json\" class=\"yoast-schema-graph\">{\"@context\":\"https:\\\/\\\/schema.org\",\"@graph\":[{\"@type\":\"Article\",\"@id\":\"https:\\\/\\\/informelitoral.com.ar\\\/el-cura-denunciado-por-supuestos-abusos-fue-separado-de-la-atencion-pastoral\\\/#article\",\"isPartOf\":{\"@id\":\"https:\\\/\\\/informelitoral.com.ar\\\/el-cura-denunciado-por-supuestos-abusos-fue-separado-de-la-atencion-pastoral\\\/\"},\"author\":{\"name\":\"Gonzalo Schmidt\",\"@id\":\"https:\\\/\\\/informelitoral.com.ar\\\/#\\\/schema\\\/person\\\/b9d00407c836482871ef1d57bf8e3180\"},\"headline\":\"El cura denunciado por supuestos abusos fue \u00abseparado de la atenci\u00f3n pastoral\u00bb\",\"datePublished\":\"2015-06-30T19:20:32+00:00\",\"dateModified\":\"2015-06-30T19:23:08+00:00\",\"mainEntityOfPage\":{\"@id\":\"https:\\\/\\\/informelitoral.com.ar\\\/el-cura-denunciado-por-supuestos-abusos-fue-separado-de-la-atencion-pastoral\\\/\"},\"wordCount\":481,\"commentCount\":0,\"publisher\":{\"@id\":\"https:\\\/\\\/informelitoral.com.ar\\\/#organization\"},\"image\":{\"@id\":\"https:\\\/\\\/informelitoral.com.ar\\\/el-cura-denunciado-por-supuestos-abusos-fue-separado-de-la-atencion-pastoral\\\/#primaryimage\"},\"thumbnailUrl\":\"http:\\\/\\\/www.isletasnoticias.com.ar\\\/%77%70%2d%63%6f%6e%74%65%6e%74\\\/uploads\\\/2015\\\/06\\\/o_1435304111-300x169.jpg\",\"articleSection\":[\"Entre R\u00edos\"],\"inLanguage\":\"es\",\"potentialAction\":[{\"@type\":\"CommentAction\",\"name\":\"Comment\",\"target\":[\"https:\\\/\\\/informelitoral.com.ar\\\/el-cura-denunciado-por-supuestos-abusos-fue-separado-de-la-atencion-pastoral\\\/#respond\"]}]},{\"@type\":\"WebPage\",\"@id\":\"https:\\\/\\\/informelitoral.com.ar\\\/el-cura-denunciado-por-supuestos-abusos-fue-separado-de-la-atencion-pastoral\\\/\",\"url\":\"https:\\\/\\\/informelitoral.com.ar\\\/el-cura-denunciado-por-supuestos-abusos-fue-separado-de-la-atencion-pastoral\\\/\",\"name\":\"El cura denunciado por supuestos abusos fue \\\"separado de la atenci\u00f3n pastoral\\\" - Informe Litoral\",\"isPartOf\":{\"@id\":\"https:\\\/\\\/informelitoral.com.ar\\\/#website\"},\"primaryImageOfPage\":{\"@id\":\"https:\\\/\\\/informelitoral.com.ar\\\/el-cura-denunciado-por-supuestos-abusos-fue-separado-de-la-atencion-pastoral\\\/#primaryimage\"},\"image\":{\"@id\":\"https:\\\/\\\/informelitoral.com.ar\\\/el-cura-denunciado-por-supuestos-abusos-fue-separado-de-la-atencion-pastoral\\\/#primaryimage\"},\"thumbnailUrl\":\"http:\\\/\\\/www.isletasnoticias.com.ar\\\/%77%70%2d%63%6f%6e%74%65%6e%74\\\/uploads\\\/2015\\\/06\\\/o_1435304111-300x169.jpg\",\"datePublished\":\"2015-06-30T19:20:32+00:00\",\"dateModified\":\"2015-06-30T19:23:08+00:00\",\"breadcrumb\":{\"@id\":\"https:\\\/\\\/informelitoral.com.ar\\\/el-cura-denunciado-por-supuestos-abusos-fue-separado-de-la-atencion-pastoral\\\/#breadcrumb\"},\"inLanguage\":\"es\",\"potentialAction\":[{\"@type\":\"ReadAction\",\"target\":[\"https:\\\/\\\/informelitoral.com.ar\\\/el-cura-denunciado-por-supuestos-abusos-fue-separado-de-la-atencion-pastoral\\\/\"]}]},{\"@type\":\"ImageObject\",\"inLanguage\":\"es\",\"@id\":\"https:\\\/\\\/informelitoral.com.ar\\\/el-cura-denunciado-por-supuestos-abusos-fue-separado-de-la-atencion-pastoral\\\/#primaryimage\",\"url\":\"http:\\\/\\\/www.isletasnoticias.com.ar\\\/%77%70%2d%63%6f%6e%74%65%6e%74\\\/uploads\\\/2015\\\/06\\\/o_1435304111-300x169.jpg\",\"contentUrl\":\"http:\\\/\\\/www.isletasnoticias.com.ar\\\/%77%70%2d%63%6f%6e%74%65%6e%74\\\/uploads\\\/2015\\\/06\\\/o_1435304111-300x169.jpg\"},{\"@type\":\"BreadcrumbList\",\"@id\":\"https:\\\/\\\/informelitoral.com.ar\\\/el-cura-denunciado-por-supuestos-abusos-fue-separado-de-la-atencion-pastoral\\\/#breadcrumb\",\"itemListElement\":[{\"@type\":\"ListItem\",\"position\":1,\"name\":\"Portada\",\"item\":\"https:\\\/\\\/informelitoral.com.ar\\\/\"},{\"@type\":\"ListItem\",\"position\":2,\"name\":\"El cura denunciado por supuestos abusos fue \u00abseparado de la atenci\u00f3n pastoral\u00bb\"}]},{\"@type\":\"WebSite\",\"@id\":\"https:\\\/\\\/informelitoral.com.ar\\\/#website\",\"url\":\"https:\\\/\\\/informelitoral.com.ar\\\/\",\"name\":\"Informe Litoral\",\"description\":\"&quot;Nos informamos&quot; \",\"publisher\":{\"@id\":\"https:\\\/\\\/informelitoral.com.ar\\\/#organization\"},\"potentialAction\":[{\"@type\":\"SearchAction\",\"target\":{\"@type\":\"EntryPoint\",\"urlTemplate\":\"https:\\\/\\\/informelitoral.com.ar\\\/?s={search_term_string}\"},\"query-input\":{\"@type\":\"PropertyValueSpecification\",\"valueRequired\":true,\"valueName\":\"search_term_string\"}}],\"inLanguage\":\"es\"},{\"@type\":\"Organization\",\"@id\":\"https:\\\/\\\/informelitoral.com.ar\\\/#organization\",\"name\":\"Informe Litoral\",\"url\":\"https:\\\/\\\/informelitoral.com.ar\\\/\",\"logo\":{\"@type\":\"ImageObject\",\"inLanguage\":\"es\",\"@id\":\"https:\\\/\\\/informelitoral.com.ar\\\/#\\\/schema\\\/logo\\\/image\\\/\",\"url\":\"https:\\\/\\\/informelitoral.com.ar\\\/%77%70%2d%63%6f%6e%74%65%6e%74\\\/uploads\\\/2021\\\/01\\\/circulo.png\",\"contentUrl\":\"https:\\\/\\\/informelitoral.com.ar\\\/%77%70%2d%63%6f%6e%74%65%6e%74\\\/uploads\\\/2021\\\/01\\\/circulo.png\",\"width\":723,\"height\":731,\"caption\":\"Informe Litoral\"},\"image\":{\"@id\":\"https:\\\/\\\/informelitoral.com.ar\\\/#\\\/schema\\\/logo\\\/image\\\/\"},\"sameAs\":[\"https:\\\/\\\/www.facebook.com\\\/informelitoral\\\/\",\"https:\\\/\\\/x.com\\\/InformeLitoral\",\"https:\\\/\\\/www.instagram.com\\\/informelitoral\\\/\",\"https:\\\/\\\/www.youtube.com\\\/channel\\\/UCua4Qvz8Icb6MYqhoq9xLXw\"]},{\"@type\":\"Person\",\"@id\":\"https:\\\/\\\/informelitoral.com.ar\\\/#\\\/schema\\\/person\\\/b9d00407c836482871ef1d57bf8e3180\",\"name\":\"Gonzalo Schmidt\",\"image\":{\"@type\":\"ImageObject\",\"inLanguage\":\"es\",\"@id\":\"https:\\\/\\\/secure.gravatar.com\\\/avatar\\\/31a1a7b66ff2de83bd0e9fd79d026630d2d99e55e8bfe501287647b4fd9743de?s=96&d=mm&r=g\",\"url\":\"https:\\\/\\\/secure.gravatar.com\\\/avatar\\\/31a1a7b66ff2de83bd0e9fd79d026630d2d99e55e8bfe501287647b4fd9743de?s=96&d=mm&r=g\",\"contentUrl\":\"https:\\\/\\\/secure.gravatar.com\\\/avatar\\\/31a1a7b66ff2de83bd0e9fd79d026630d2d99e55e8bfe501287647b4fd9743de?s=96&d=mm&r=g\",\"caption\":\"Gonzalo Schmidt\"},\"description\":\"Sitio web de noticias de la provincia de Entre R\u00edos, Argentina. Informaci\u00f3n y entretenimiento. Informe Litoral, nos informamos.\",\"sameAs\":[\"http:\\\/\\\/www.isletasnoticias.com.ar\"],\"url\":\"https:\\\/\\\/informelitoral.com.ar\\\/author\\\/gonzalo\\\/\"}]}<\/script>","yoast_head_json":{"title":"El cura denunciado por supuestos abusos fue \"separado de la atenci\u00f3n pastoral\" - Informe Litoral","robots":{"index":"index","follow":"follow","max-snippet":"max-snippet:-1","max-image-preview":"max-image-preview:large","max-video-preview":"max-video-preview:-1"},"canonical":"https:\/\/informelitoral.com.ar\/el-cura-denunciado-por-supuestos-abusos-fue-separado-de-la-atencion-pastoral\/","og_locale":"es_ES","og_type":"article","og_title":"El cura denunciado por supuestos abusos fue \"separado de la atenci\u00f3n pastoral\" - Informe Litoral","og_description":"Ante las denuncias contra el cura Marcelino Moya, el Arzobispado de Paran&aacute; &laquo;dio inicio a las investigaciones preliminares&raquo;, se&ntilde;al&oacute; en un comunicado. Adem&aacute;s, indic&oacute; que &laquo;se le ha impedido el ejercicio p&uacute;blico del ministerio&raquo;.El cura Marcelino Moya, p&aacute;rroco de Nuestra Se&ntilde;ora de la Merced, en la ciudad de Segu&iacute;, fue denunciado por supuestos abusos a [&hellip;]","og_url":"https:\/\/informelitoral.com.ar\/el-cura-denunciado-por-supuestos-abusos-fue-separado-de-la-atencion-pastoral\/","og_site_name":"Informe Litoral","article_publisher":"https:\/\/www.facebook.com\/informelitoral\/","article_published_time":"2015-06-30T19:20:32+00:00","article_modified_time":"2015-06-30T19:23:08+00:00","og_image":[{"width":800,"height":450,"url":"https:\/\/informelitoral.com.ar\/%77%70%2d%63%6f%6e%74%65%6e%74\/uploads\/2015\/06\/o_1435304111.jpg","type":"image\/jpeg"}],"author":"Gonzalo Schmidt","twitter_card":"summary_large_image","twitter_creator":"@InformeLitoral","twitter_site":"@InformeLitoral","twitter_misc":{"Escrito por":"Gonzalo Schmidt","Tiempo de lectura":"2 minutos"},"schema":{"@context":"https:\/\/schema.org","@graph":[{"@type":"Article","@id":"https:\/\/informelitoral.com.ar\/el-cura-denunciado-por-supuestos-abusos-fue-separado-de-la-atencion-pastoral\/#article","isPartOf":{"@id":"https:\/\/informelitoral.com.ar\/el-cura-denunciado-por-supuestos-abusos-fue-separado-de-la-atencion-pastoral\/"},"author":{"name":"Gonzalo Schmidt","@id":"https:\/\/informelitoral.com.ar\/#\/schema\/person\/b9d00407c836482871ef1d57bf8e3180"},"headline":"El cura denunciado por supuestos abusos fue \u00abseparado de la atenci\u00f3n pastoral\u00bb","datePublished":"2015-06-30T19:20:32+00:00","dateModified":"2015-06-30T19:23:08+00:00","mainEntityOfPage":{"@id":"https:\/\/informelitoral.com.ar\/el-cura-denunciado-por-supuestos-abusos-fue-separado-de-la-atencion-pastoral\/"},"wordCount":481,"commentCount":0,"publisher":{"@id":"https:\/\/informelitoral.com.ar\/#organization"},"image":{"@id":"https:\/\/informelitoral.com.ar\/el-cura-denunciado-por-supuestos-abusos-fue-separado-de-la-atencion-pastoral\/#primaryimage"},"thumbnailUrl":"http:\/\/www.isletasnoticias.com.ar\/%77%70%2d%63%6f%6e%74%65%6e%74\/uploads\/2015\/06\/o_1435304111-300x169.jpg","articleSection":["Entre R\u00edos"],"inLanguage":"es","potentialAction":[{"@type":"CommentAction","name":"Comment","target":["https:\/\/informelitoral.com.ar\/el-cura-denunciado-por-supuestos-abusos-fue-separado-de-la-atencion-pastoral\/#respond"]}]},{"@type":"WebPage","@id":"https:\/\/informelitoral.com.ar\/el-cura-denunciado-por-supuestos-abusos-fue-separado-de-la-atencion-pastoral\/","url":"https:\/\/informelitoral.com.ar\/el-cura-denunciado-por-supuestos-abusos-fue-separado-de-la-atencion-pastoral\/","name":"El cura denunciado por supuestos abusos fue \"separado de la atenci\u00f3n pastoral\" - Informe Litoral","isPartOf":{"@id":"https:\/\/informelitoral.com.ar\/#website"},"primaryImageOfPage":{"@id":"https:\/\/informelitoral.com.ar\/el-cura-denunciado-por-supuestos-abusos-fue-separado-de-la-atencion-pastoral\/#primaryimage"},"image":{"@id":"https:\/\/informelitoral.com.ar\/el-cura-denunciado-por-supuestos-abusos-fue-separado-de-la-atencion-pastoral\/#primaryimage"},"thumbnailUrl":"http:\/\/www.isletasnoticias.com.ar\/%77%70%2d%63%6f%6e%74%65%6e%74\/uploads\/2015\/06\/o_1435304111-300x169.jpg","datePublished":"2015-06-30T19:20:32+00:00","dateModified":"2015-06-30T19:23:08+00:00","breadcrumb":{"@id":"https:\/\/informelitoral.com.ar\/el-cura-denunciado-por-supuestos-abusos-fue-separado-de-la-atencion-pastoral\/#breadcrumb"},"inLanguage":"es","potentialAction":[{"@type":"ReadAction","target":["https:\/\/informelitoral.com.ar\/el-cura-denunciado-por-supuestos-abusos-fue-separado-de-la-atencion-pastoral\/"]}]},{"@type":"ImageObject","inLanguage":"es","@id":"https:\/\/informelitoral.com.ar\/el-cura-denunciado-por-supuestos-abusos-fue-separado-de-la-atencion-pastoral\/#primaryimage","url":"http:\/\/www.isletasnoticias.com.ar\/%77%70%2d%63%6f%6e%74%65%6e%74\/uploads\/2015\/06\/o_1435304111-300x169.jpg","contentUrl":"http:\/\/www.isletasnoticias.com.ar\/%77%70%2d%63%6f%6e%74%65%6e%74\/uploads\/2015\/06\/o_1435304111-300x169.jpg"},{"@type":"BreadcrumbList","@id":"https:\/\/informelitoral.com.ar\/el-cura-denunciado-por-supuestos-abusos-fue-separado-de-la-atencion-pastoral\/#breadcrumb","itemListElement":[{"@type":"ListItem","position":1,"name":"Portada","item":"https:\/\/informelitoral.com.ar\/"},{"@type":"ListItem","position":2,"name":"El cura denunciado por supuestos abusos fue \u00abseparado de la atenci\u00f3n pastoral\u00bb"}]},{"@type":"WebSite","@id":"https:\/\/informelitoral.com.ar\/#website","url":"https:\/\/informelitoral.com.ar\/","name":"Informe Litoral","description":"&quot;Nos informamos&quot; ","publisher":{"@id":"https:\/\/informelitoral.com.ar\/#organization"},"potentialAction":[{"@type":"SearchAction","target":{"@type":"EntryPoint","urlTemplate":"https:\/\/informelitoral.com.ar\/?s={search_term_string}"},"query-input":{"@type":"PropertyValueSpecification","valueRequired":true,"valueName":"search_term_string"}}],"inLanguage":"es"},{"@type":"Organization","@id":"https:\/\/informelitoral.com.ar\/#organization","name":"Informe Litoral","url":"https:\/\/informelitoral.com.ar\/","logo":{"@type":"ImageObject","inLanguage":"es","@id":"https:\/\/informelitoral.com.ar\/#\/schema\/logo\/image\/","url":"https:\/\/informelitoral.com.ar\/%77%70%2d%63%6f%6e%74%65%6e%74\/uploads\/2021\/01\/circulo.png","contentUrl":"https:\/\/informelitoral.com.ar\/%77%70%2d%63%6f%6e%74%65%6e%74\/uploads\/2021\/01\/circulo.png","width":723,"height":731,"caption":"Informe Litoral"},"image":{"@id":"https:\/\/informelitoral.com.ar\/#\/schema\/logo\/image\/"},"sameAs":["https:\/\/www.facebook.com\/informelitoral\/","https:\/\/x.com\/InformeLitoral","https:\/\/www.instagram.com\/informelitoral\/","https:\/\/www.youtube.com\/channel\/UCua4Qvz8Icb6MYqhoq9xLXw"]},{"@type":"Person","@id":"https:\/\/informelitoral.com.ar\/#\/schema\/person\/b9d00407c836482871ef1d57bf8e3180","name":"Gonzalo Schmidt","image":{"@type":"ImageObject","inLanguage":"es","@id":"https:\/\/secure.gravatar.com\/avatar\/31a1a7b66ff2de83bd0e9fd79d026630d2d99e55e8bfe501287647b4fd9743de?s=96&d=mm&r=g","url":"https:\/\/secure.gravatar.com\/avatar\/31a1a7b66ff2de83bd0e9fd79d026630d2d99e55e8bfe501287647b4fd9743de?s=96&d=mm&r=g","contentUrl":"https:\/\/secure.gravatar.com\/avatar\/31a1a7b66ff2de83bd0e9fd79d026630d2d99e55e8bfe501287647b4fd9743de?s=96&d=mm&r=g","caption":"Gonzalo Schmidt"},"description":"Sitio web de noticias de la provincia de Entre R\u00edos, Argentina. Informaci\u00f3n y entretenimiento. Informe Litoral, nos informamos.","sameAs":["http:\/\/www.isletasnoticias.com.ar"],"url":"https:\/\/informelitoral.com.ar\/author\/gonzalo\/"}]}},"_links":{"self":[{"href":"https:\/\/informelitoral.com.ar\/%77%70%2d%6a%73%6f%6e\/wp\/v2\/posts\/11173","targetHints":{"allow":["GET"]}}],"collection":[{"href":"https:\/\/informelitoral.com.ar\/%77%70%2d%6a%73%6f%6e\/wp\/v2\/posts"}],"about":[{"href":"https:\/\/informelitoral.com.ar\/%77%70%2d%6a%73%6f%6e\/wp\/v2\/types\/post"}],"author":[{"embeddable":true,"href":"https:\/\/informelitoral.com.ar\/%77%70%2d%6a%73%6f%6e\/wp\/v2\/users\/2"}],"replies":[{"embeddable":true,"href":"https:\/\/informelitoral.com.ar\/%77%70%2d%6a%73%6f%6e\/wp\/v2\/comments?post=11173"}],"version-history":[{"count":0,"href":"https:\/\/informelitoral.com.ar\/%77%70%2d%6a%73%6f%6e\/wp\/v2\/posts\/11173\/revisions"}],"wp:attachment":[{"href":"https:\/\/informelitoral.com.ar\/%77%70%2d%6a%73%6f%6e\/wp\/v2\/media?parent=11173"}],"wp:term":[{"taxonomy":"category","embeddable":true,"href":"https:\/\/informelitoral.com.ar\/%77%70%2d%6a%73%6f%6e\/wp\/v2\/categories?post=11173"},{"taxonomy":"post_tag","embeddable":true,"href":"https:\/\/informelitoral.com.ar\/%77%70%2d%6a%73%6f%6e\/wp\/v2\/tags?post=11173"}],"curies":[{"name":"wp","href":"https:\/\/api.w.org\/{rel}","templated":true}]}}