{"id":11166,"date":"2015-06-30T08:32:01","date_gmt":"2015-06-30T11:32:01","guid":{"rendered":"http:\/\/www.isletasnoticias.com.ar\/?p=11166"},"modified":"2015-06-30T08:32:01","modified_gmt":"2015-06-30T11:32:01","slug":"este-martes-los-productores-agropecuarios-vuelven-a-protestar","status":"publish","type":"post","link":"https:\/\/informelitoral.com.ar\/este-martes-los-productores-agropecuarios-vuelven-a-protestar\/","title":{"rendered":"Este martes los productores agropecuarios vuelven a protestar"},"content":{"rendered":"<p><strong>Este martes los productores agropecuarios entrerrianos volver\u00e1n a protestar. Piden medidas urgentes para paliar la \u201cpenosa crisis\u201d por la que atraviesa el sector. Se concentrar\u00e1n a las 9:30 en la zona del T\u00fanel Subfluvial en Paran\u00e1 y har\u00e1n una asamblea. El jueves pasado ya se hab\u00edan movilizado.<a href=\"http:\/\/www.isletasnoticias.com.ar\/%77%70%2d%63%6f%6e%74%65%6e%74\/uploads\/2015\/06\/o_14352663681.jpg\"><img loading=\"lazy\" decoding=\"async\" class=\"aligncenter size-medium wp-image-11167\" src=\"http:\/\/www.isletasnoticias.com.ar\/%77%70%2d%63%6f%6e%74%65%6e%74\/uploads\/2015\/06\/o_14352663681-300x169.jpg\" alt=\"o_1435266368\" width=\"300\" height=\"169\" srcset=\"https:\/\/informelitoral.com.ar\/%77%70%2d%63%6f%6e%74%65%6e%74\/uploads\/2015\/06\/o_14352663681-300x169.jpg 300w, https:\/\/informelitoral.com.ar\/%77%70%2d%63%6f%6e%74%65%6e%74\/uploads\/2015\/06\/o_14352663681.jpg 640w\" sizes=\"auto, (max-width: 300px) 100vw, 300px\" \/><\/a><\/strong>La decisi\u00f3n de volver a protestar fue tomada el jueves pasado, cuando alrededor de 700 productores se concentraron en el Acceso Norte de Paran\u00e1 y cortaron el T\u00fanel Subluvial poco m\u00e1s de una hora.<\/p>\n<p>En ese marco incluso se debati\u00f3 la posibilidad de declararse en \u201crebeli\u00f3n fiscal\u201d, cosa que \u201cindefectiblemente se terminar\u00e1 concretando porque no tienen para pagar los impuestos\u201d, indic\u00f3 oportunamente el dirigente de la Federaci\u00f3n Agraria,<strong> Elvio Gu\u00eda<\/strong>.<\/p>\n<p>El sector rural considera que su situaci\u00f3n \u201ces penosa\u201d y que est\u00e1 atravesando \u201cuna de las etapas m\u00e1s duras de las \u00faltimas d\u00e9cadas por el trabajo a p\u00e9rdida, el endeudamiento y la falta de expectativas a futuro\u201d. As\u00ed se indic\u00f3 desde el Comit\u00e9 de Crisis, una suerte de multisectorial en la que participan representantes de varios de los sectores vinculados a la actividad agropecuaria.<\/p>\n<p>Las principales preocupaciones del sector pasan por la falta de rentabilidad, a lo que se suma el alto nivel de endeudamiento y la falta de financiamiento para continuar, consign\u00f3 APF.<br \/>\nEste lunes los referentes de la organizaci\u00f3n recibieron la convocatoria del gobernador Sergio Urribarri para una reuni\u00f3n urgente que se realiz\u00f3 este lunes en Casa de Gobierno. All\u00ed Urribarri se comprometi\u00f3 gestionar medidas de salvataje, entre ellas para mejorar el financiamiento para el sector y la situaci\u00f3n fiscal.<\/p>\n<p>El secretario de la Federaci\u00f3n de Cooperativas de Entre R\u00edos (Fedeco), Daniel Kindebaluc dijo que el mandatario tendr\u00e1 este martes reuniones en Buenos Aires orientadas a mejorar el financiamiento. Mientras, los productores y las entidades del campo esperar\u00e1n una nueva convocatoria del Gobierno.<\/p>\n","protected":false},"excerpt":{"rendered":"<p>Este martes los productores agropecuarios entrerrianos volver&aacute;n a protestar. Piden medidas urgentes para paliar la &ldquo;penosa crisis&rdquo; por la que atraviesa el sector. Se concentrar&aacute;n a las 9:30 en la zona del T&uacute;nel Subfluvial en Paran&aacute; y har&aacute;n una asamblea. El jueves pasado ya se hab&iacute;an movilizado.La decisi&oacute;n de volver a protestar fue tomada el [&hellip;]<\/p>\n","protected":false},"author":2,"featured_media":0,"comment_status":"open","ping_status":"open","sticky":false,"template":"","format":"standard","meta":{"fifu_image_url":"","fifu_image_alt":"","footnotes":""},"categories":[10],"tags":[],"class_list":{"0":"post-11166","1":"post","2":"type-post","3":"status-publish","4":"format-standard","6":"category-campo"},"yoast_head":"<title>Este martes los productores agropecuarios vuelven a protestar - Informe Litoral<\/title>\n<meta name=\"robots\" content=\"index, follow, max-snippet:-1, max-image-preview:large, max-video-preview:-1\" \/>\n<link rel=\"canonical\" href=\"https:\/\/informelitoral.com.ar\/este-martes-los-productores-agropecuarios-vuelven-a-protestar\/\" \/>\n<meta property=\"og:locale\" content=\"es_ES\" \/>\n<meta property=\"og:type\" content=\"article\" \/>\n<meta property=\"og:title\" content=\"Este martes los productores agropecuarios vuelven a protestar - Informe Litoral\" \/>\n<meta property=\"og:description\" content=\"Este martes los productores agropecuarios entrerrianos volver&aacute;n a protestar. Piden medidas urgentes para paliar la &ldquo;penosa crisis&rdquo; por la que atraviesa el sector. Se concentrar&aacute;n a las 9:30 en la zona del T&uacute;nel Subfluvial en Paran&aacute; y har&aacute;n una asamblea. El jueves pasado ya se hab&iacute;an movilizado.La decisi&oacute;n de volver a protestar fue tomada el [&hellip;]\" \/>\n<meta property=\"og:url\" content=\"https:\/\/informelitoral.com.ar\/este-martes-los-productores-agropecuarios-vuelven-a-protestar\/\" \/>\n<meta property=\"og:site_name\" content=\"Informe Litoral\" \/>\n<meta property=\"article:publisher\" content=\"https:\/\/www.facebook.com\/informelitoral\/\" \/>\n<meta property=\"article:published_time\" content=\"2015-06-30T11:32:01+00:00\" \/>\n<meta property=\"og:image\" content=\"https:\/\/informelitoral.com.ar\/%77%70%2d%63%6f%6e%74%65%6e%74\/uploads\/2015\/06\/o_14352663681.jpg\" \/>\n\t<meta property=\"og:image:width\" content=\"640\" \/>\n\t<meta property=\"og:image:height\" content=\"360\" \/>\n\t<meta property=\"og:image:type\" content=\"image\/jpeg\" \/>\n<meta name=\"author\" content=\"Gonzalo Schmidt\" \/>\n<meta name=\"twitter:card\" content=\"summary_large_image\" \/>\n<meta name=\"twitter:creator\" content=\"@InformeLitoral\" \/>\n<meta name=\"twitter:site\" content=\"@InformeLitoral\" \/>\n<meta name=\"twitter:label1\" content=\"Escrito por\" \/>\n\t<meta name=\"twitter:data1\" content=\"Gonzalo Schmidt\" \/>\n\t<meta name=\"twitter:label2\" content=\"Tiempo de lectura\" \/>\n\t<meta name=\"twitter:data2\" content=\"2 minutos\" \/>\n<script type=\"application\/ld+json\" class=\"yoast-schema-graph\">{\"@context\":\"https:\\\/\\\/schema.org\",\"@graph\":[{\"@type\":\"Article\",\"@id\":\"https:\\\/\\\/informelitoral.com.ar\\\/este-martes-los-productores-agropecuarios-vuelven-a-protestar\\\/#article\",\"isPartOf\":{\"@id\":\"https:\\\/\\\/informelitoral.com.ar\\\/este-martes-los-productores-agropecuarios-vuelven-a-protestar\\\/\"},\"author\":{\"name\":\"Gonzalo Schmidt\",\"@id\":\"https:\\\/\\\/informelitoral.com.ar\\\/#\\\/schema\\\/person\\\/b9d00407c836482871ef1d57bf8e3180\"},\"headline\":\"Este martes los productores agropecuarios vuelven a protestar\",\"datePublished\":\"2015-06-30T11:32:01+00:00\",\"mainEntityOfPage\":{\"@id\":\"https:\\\/\\\/informelitoral.com.ar\\\/este-martes-los-productores-agropecuarios-vuelven-a-protestar\\\/\"},\"wordCount\":329,\"commentCount\":0,\"publisher\":{\"@id\":\"https:\\\/\\\/informelitoral.com.ar\\\/#organization\"},\"image\":{\"@id\":\"https:\\\/\\\/informelitoral.com.ar\\\/este-martes-los-productores-agropecuarios-vuelven-a-protestar\\\/#primaryimage\"},\"thumbnailUrl\":\"http:\\\/\\\/www.isletasnoticias.com.ar\\\/%77%70%2d%63%6f%6e%74%65%6e%74\\\/uploads\\\/2015\\\/06\\\/o_14352663681-300x169.jpg\",\"articleSection\":[\"Campo\"],\"inLanguage\":\"es\",\"potentialAction\":[{\"@type\":\"CommentAction\",\"name\":\"Comment\",\"target\":[\"https:\\\/\\\/informelitoral.com.ar\\\/este-martes-los-productores-agropecuarios-vuelven-a-protestar\\\/#respond\"]}]},{\"@type\":\"WebPage\",\"@id\":\"https:\\\/\\\/informelitoral.com.ar\\\/este-martes-los-productores-agropecuarios-vuelven-a-protestar\\\/\",\"url\":\"https:\\\/\\\/informelitoral.com.ar\\\/este-martes-los-productores-agropecuarios-vuelven-a-protestar\\\/\",\"name\":\"Este martes los productores agropecuarios vuelven a protestar - Informe Litoral\",\"isPartOf\":{\"@id\":\"https:\\\/\\\/informelitoral.com.ar\\\/#website\"},\"primaryImageOfPage\":{\"@id\":\"https:\\\/\\\/informelitoral.com.ar\\\/este-martes-los-productores-agropecuarios-vuelven-a-protestar\\\/#primaryimage\"},\"image\":{\"@id\":\"https:\\\/\\\/informelitoral.com.ar\\\/este-martes-los-productores-agropecuarios-vuelven-a-protestar\\\/#primaryimage\"},\"thumbnailUrl\":\"http:\\\/\\\/www.isletasnoticias.com.ar\\\/%77%70%2d%63%6f%6e%74%65%6e%74\\\/uploads\\\/2015\\\/06\\\/o_14352663681-300x169.jpg\",\"datePublished\":\"2015-06-30T11:32:01+00:00\",\"breadcrumb\":{\"@id\":\"https:\\\/\\\/informelitoral.com.ar\\\/este-martes-los-productores-agropecuarios-vuelven-a-protestar\\\/#breadcrumb\"},\"inLanguage\":\"es\",\"potentialAction\":[{\"@type\":\"ReadAction\",\"target\":[\"https:\\\/\\\/informelitoral.com.ar\\\/este-martes-los-productores-agropecuarios-vuelven-a-protestar\\\/\"]}]},{\"@type\":\"ImageObject\",\"inLanguage\":\"es\",\"@id\":\"https:\\\/\\\/informelitoral.com.ar\\\/este-martes-los-productores-agropecuarios-vuelven-a-protestar\\\/#primaryimage\",\"url\":\"http:\\\/\\\/www.isletasnoticias.com.ar\\\/%77%70%2d%63%6f%6e%74%65%6e%74\\\/uploads\\\/2015\\\/06\\\/o_14352663681-300x169.jpg\",\"contentUrl\":\"http:\\\/\\\/www.isletasnoticias.com.ar\\\/%77%70%2d%63%6f%6e%74%65%6e%74\\\/uploads\\\/2015\\\/06\\\/o_14352663681-300x169.jpg\"},{\"@type\":\"BreadcrumbList\",\"@id\":\"https:\\\/\\\/informelitoral.com.ar\\\/este-martes-los-productores-agropecuarios-vuelven-a-protestar\\\/#breadcrumb\",\"itemListElement\":[{\"@type\":\"ListItem\",\"position\":1,\"name\":\"Portada\",\"item\":\"https:\\\/\\\/informelitoral.com.ar\\\/\"},{\"@type\":\"ListItem\",\"position\":2,\"name\":\"Este martes los productores agropecuarios vuelven a protestar\"}]},{\"@type\":\"WebSite\",\"@id\":\"https:\\\/\\\/informelitoral.com.ar\\\/#website\",\"url\":\"https:\\\/\\\/informelitoral.com.ar\\\/\",\"name\":\"Informe Litoral\",\"description\":\"&quot;Nos informamos&quot; \",\"publisher\":{\"@id\":\"https:\\\/\\\/informelitoral.com.ar\\\/#organization\"},\"potentialAction\":[{\"@type\":\"SearchAction\",\"target\":{\"@type\":\"EntryPoint\",\"urlTemplate\":\"https:\\\/\\\/informelitoral.com.ar\\\/?s={search_term_string}\"},\"query-input\":{\"@type\":\"PropertyValueSpecification\",\"valueRequired\":true,\"valueName\":\"search_term_string\"}}],\"inLanguage\":\"es\"},{\"@type\":\"Organization\",\"@id\":\"https:\\\/\\\/informelitoral.com.ar\\\/#organization\",\"name\":\"Informe Litoral\",\"url\":\"https:\\\/\\\/informelitoral.com.ar\\\/\",\"logo\":{\"@type\":\"ImageObject\",\"inLanguage\":\"es\",\"@id\":\"https:\\\/\\\/informelitoral.com.ar\\\/#\\\/schema\\\/logo\\\/image\\\/\",\"url\":\"https:\\\/\\\/informelitoral.com.ar\\\/%77%70%2d%63%6f%6e%74%65%6e%74\\\/uploads\\\/2021\\\/01\\\/circulo.png\",\"contentUrl\":\"https:\\\/\\\/informelitoral.com.ar\\\/%77%70%2d%63%6f%6e%74%65%6e%74\\\/uploads\\\/2021\\\/01\\\/circulo.png\",\"width\":723,\"height\":731,\"caption\":\"Informe Litoral\"},\"image\":{\"@id\":\"https:\\\/\\\/informelitoral.com.ar\\\/#\\\/schema\\\/logo\\\/image\\\/\"},\"sameAs\":[\"https:\\\/\\\/www.facebook.com\\\/informelitoral\\\/\",\"https:\\\/\\\/x.com\\\/InformeLitoral\",\"https:\\\/\\\/www.instagram.com\\\/informelitoral\\\/\",\"https:\\\/\\\/www.youtube.com\\\/channel\\\/UCua4Qvz8Icb6MYqhoq9xLXw\"]},{\"@type\":\"Person\",\"@id\":\"https:\\\/\\\/informelitoral.com.ar\\\/#\\\/schema\\\/person\\\/b9d00407c836482871ef1d57bf8e3180\",\"name\":\"Gonzalo Schmidt\",\"image\":{\"@type\":\"ImageObject\",\"inLanguage\":\"es\",\"@id\":\"https:\\\/\\\/secure.gravatar.com\\\/avatar\\\/31a1a7b66ff2de83bd0e9fd79d026630d2d99e55e8bfe501287647b4fd9743de?s=96&d=mm&r=g\",\"url\":\"https:\\\/\\\/secure.gravatar.com\\\/avatar\\\/31a1a7b66ff2de83bd0e9fd79d026630d2d99e55e8bfe501287647b4fd9743de?s=96&d=mm&r=g\",\"contentUrl\":\"https:\\\/\\\/secure.gravatar.com\\\/avatar\\\/31a1a7b66ff2de83bd0e9fd79d026630d2d99e55e8bfe501287647b4fd9743de?s=96&d=mm&r=g\",\"caption\":\"Gonzalo Schmidt\"},\"description\":\"Sitio web de noticias de la provincia de Entre R\u00edos, Argentina. Informaci\u00f3n y entretenimiento. Informe Litoral, nos informamos.\",\"sameAs\":[\"http:\\\/\\\/www.isletasnoticias.com.ar\"],\"url\":\"https:\\\/\\\/informelitoral.com.ar\\\/author\\\/gonzalo\\\/\"}]}<\/script>","yoast_head_json":{"title":"Este martes los productores agropecuarios vuelven a protestar - Informe Litoral","robots":{"index":"index","follow":"follow","max-snippet":"max-snippet:-1","max-image-preview":"max-image-preview:large","max-video-preview":"max-video-preview:-1"},"canonical":"https:\/\/informelitoral.com.ar\/este-martes-los-productores-agropecuarios-vuelven-a-protestar\/","og_locale":"es_ES","og_type":"article","og_title":"Este martes los productores agropecuarios vuelven a protestar - Informe Litoral","og_description":"Este martes los productores agropecuarios entrerrianos volver&aacute;n a protestar. Piden medidas urgentes para paliar la &ldquo;penosa crisis&rdquo; por la que atraviesa el sector. Se concentrar&aacute;n a las 9:30 en la zona del T&uacute;nel Subfluvial en Paran&aacute; y har&aacute;n una asamblea. El jueves pasado ya se hab&iacute;an movilizado.La decisi&oacute;n de volver a protestar fue tomada el [&hellip;]","og_url":"https:\/\/informelitoral.com.ar\/este-martes-los-productores-agropecuarios-vuelven-a-protestar\/","og_site_name":"Informe Litoral","article_publisher":"https:\/\/www.facebook.com\/informelitoral\/","article_published_time":"2015-06-30T11:32:01+00:00","og_image":[{"width":640,"height":360,"url":"https:\/\/informelitoral.com.ar\/%77%70%2d%63%6f%6e%74%65%6e%74\/uploads\/2015\/06\/o_14352663681.jpg","type":"image\/jpeg"}],"author":"Gonzalo Schmidt","twitter_card":"summary_large_image","twitter_creator":"@InformeLitoral","twitter_site":"@InformeLitoral","twitter_misc":{"Escrito por":"Gonzalo Schmidt","Tiempo de lectura":"2 minutos"},"schema":{"@context":"https:\/\/schema.org","@graph":[{"@type":"Article","@id":"https:\/\/informelitoral.com.ar\/este-martes-los-productores-agropecuarios-vuelven-a-protestar\/#article","isPartOf":{"@id":"https:\/\/informelitoral.com.ar\/este-martes-los-productores-agropecuarios-vuelven-a-protestar\/"},"author":{"name":"Gonzalo Schmidt","@id":"https:\/\/informelitoral.com.ar\/#\/schema\/person\/b9d00407c836482871ef1d57bf8e3180"},"headline":"Este martes los productores agropecuarios vuelven a protestar","datePublished":"2015-06-30T11:32:01+00:00","mainEntityOfPage":{"@id":"https:\/\/informelitoral.com.ar\/este-martes-los-productores-agropecuarios-vuelven-a-protestar\/"},"wordCount":329,"commentCount":0,"publisher":{"@id":"https:\/\/informelitoral.com.ar\/#organization"},"image":{"@id":"https:\/\/informelitoral.com.ar\/este-martes-los-productores-agropecuarios-vuelven-a-protestar\/#primaryimage"},"thumbnailUrl":"http:\/\/www.isletasnoticias.com.ar\/%77%70%2d%63%6f%6e%74%65%6e%74\/uploads\/2015\/06\/o_14352663681-300x169.jpg","articleSection":["Campo"],"inLanguage":"es","potentialAction":[{"@type":"CommentAction","name":"Comment","target":["https:\/\/informelitoral.com.ar\/este-martes-los-productores-agropecuarios-vuelven-a-protestar\/#respond"]}]},{"@type":"WebPage","@id":"https:\/\/informelitoral.com.ar\/este-martes-los-productores-agropecuarios-vuelven-a-protestar\/","url":"https:\/\/informelitoral.com.ar\/este-martes-los-productores-agropecuarios-vuelven-a-protestar\/","name":"Este martes los productores agropecuarios vuelven a protestar - Informe Litoral","isPartOf":{"@id":"https:\/\/informelitoral.com.ar\/#website"},"primaryImageOfPage":{"@id":"https:\/\/informelitoral.com.ar\/este-martes-los-productores-agropecuarios-vuelven-a-protestar\/#primaryimage"},"image":{"@id":"https:\/\/informelitoral.com.ar\/este-martes-los-productores-agropecuarios-vuelven-a-protestar\/#primaryimage"},"thumbnailUrl":"http:\/\/www.isletasnoticias.com.ar\/%77%70%2d%63%6f%6e%74%65%6e%74\/uploads\/2015\/06\/o_14352663681-300x169.jpg","datePublished":"2015-06-30T11:32:01+00:00","breadcrumb":{"@id":"https:\/\/informelitoral.com.ar\/este-martes-los-productores-agropecuarios-vuelven-a-protestar\/#breadcrumb"},"inLanguage":"es","potentialAction":[{"@type":"ReadAction","target":["https:\/\/informelitoral.com.ar\/este-martes-los-productores-agropecuarios-vuelven-a-protestar\/"]}]},{"@type":"ImageObject","inLanguage":"es","@id":"https:\/\/informelitoral.com.ar\/este-martes-los-productores-agropecuarios-vuelven-a-protestar\/#primaryimage","url":"http:\/\/www.isletasnoticias.com.ar\/%77%70%2d%63%6f%6e%74%65%6e%74\/uploads\/2015\/06\/o_14352663681-300x169.jpg","contentUrl":"http:\/\/www.isletasnoticias.com.ar\/%77%70%2d%63%6f%6e%74%65%6e%74\/uploads\/2015\/06\/o_14352663681-300x169.jpg"},{"@type":"BreadcrumbList","@id":"https:\/\/informelitoral.com.ar\/este-martes-los-productores-agropecuarios-vuelven-a-protestar\/#breadcrumb","itemListElement":[{"@type":"ListItem","position":1,"name":"Portada","item":"https:\/\/informelitoral.com.ar\/"},{"@type":"ListItem","position":2,"name":"Este martes los productores agropecuarios vuelven a protestar"}]},{"@type":"WebSite","@id":"https:\/\/informelitoral.com.ar\/#website","url":"https:\/\/informelitoral.com.ar\/","name":"Informe Litoral","description":"&quot;Nos informamos&quot; ","publisher":{"@id":"https:\/\/informelitoral.com.ar\/#organization"},"potentialAction":[{"@type":"SearchAction","target":{"@type":"EntryPoint","urlTemplate":"https:\/\/informelitoral.com.ar\/?s={search_term_string}"},"query-input":{"@type":"PropertyValueSpecification","valueRequired":true,"valueName":"search_term_string"}}],"inLanguage":"es"},{"@type":"Organization","@id":"https:\/\/informelitoral.com.ar\/#organization","name":"Informe Litoral","url":"https:\/\/informelitoral.com.ar\/","logo":{"@type":"ImageObject","inLanguage":"es","@id":"https:\/\/informelitoral.com.ar\/#\/schema\/logo\/image\/","url":"https:\/\/informelitoral.com.ar\/%77%70%2d%63%6f%6e%74%65%6e%74\/uploads\/2021\/01\/circulo.png","contentUrl":"https:\/\/informelitoral.com.ar\/%77%70%2d%63%6f%6e%74%65%6e%74\/uploads\/2021\/01\/circulo.png","width":723,"height":731,"caption":"Informe Litoral"},"image":{"@id":"https:\/\/informelitoral.com.ar\/#\/schema\/logo\/image\/"},"sameAs":["https:\/\/www.facebook.com\/informelitoral\/","https:\/\/x.com\/InformeLitoral","https:\/\/www.instagram.com\/informelitoral\/","https:\/\/www.youtube.com\/channel\/UCua4Qvz8Icb6MYqhoq9xLXw"]},{"@type":"Person","@id":"https:\/\/informelitoral.com.ar\/#\/schema\/person\/b9d00407c836482871ef1d57bf8e3180","name":"Gonzalo Schmidt","image":{"@type":"ImageObject","inLanguage":"es","@id":"https:\/\/secure.gravatar.com\/avatar\/31a1a7b66ff2de83bd0e9fd79d026630d2d99e55e8bfe501287647b4fd9743de?s=96&d=mm&r=g","url":"https:\/\/secure.gravatar.com\/avatar\/31a1a7b66ff2de83bd0e9fd79d026630d2d99e55e8bfe501287647b4fd9743de?s=96&d=mm&r=g","contentUrl":"https:\/\/secure.gravatar.com\/avatar\/31a1a7b66ff2de83bd0e9fd79d026630d2d99e55e8bfe501287647b4fd9743de?s=96&d=mm&r=g","caption":"Gonzalo Schmidt"},"description":"Sitio web de noticias de la provincia de Entre R\u00edos, Argentina. Informaci\u00f3n y entretenimiento. Informe Litoral, nos informamos.","sameAs":["http:\/\/www.isletasnoticias.com.ar"],"url":"https:\/\/informelitoral.com.ar\/author\/gonzalo\/"}]}},"_links":{"self":[{"href":"https:\/\/informelitoral.com.ar\/%77%70%2d%6a%73%6f%6e\/wp\/v2\/posts\/11166","targetHints":{"allow":["GET"]}}],"collection":[{"href":"https:\/\/informelitoral.com.ar\/%77%70%2d%6a%73%6f%6e\/wp\/v2\/posts"}],"about":[{"href":"https:\/\/informelitoral.com.ar\/%77%70%2d%6a%73%6f%6e\/wp\/v2\/types\/post"}],"author":[{"embeddable":true,"href":"https:\/\/informelitoral.com.ar\/%77%70%2d%6a%73%6f%6e\/wp\/v2\/users\/2"}],"replies":[{"embeddable":true,"href":"https:\/\/informelitoral.com.ar\/%77%70%2d%6a%73%6f%6e\/wp\/v2\/comments?post=11166"}],"version-history":[{"count":0,"href":"https:\/\/informelitoral.com.ar\/%77%70%2d%6a%73%6f%6e\/wp\/v2\/posts\/11166\/revisions"}],"wp:attachment":[{"href":"https:\/\/informelitoral.com.ar\/%77%70%2d%6a%73%6f%6e\/wp\/v2\/media?parent=11166"}],"wp:term":[{"taxonomy":"category","embeddable":true,"href":"https:\/\/informelitoral.com.ar\/%77%70%2d%6a%73%6f%6e\/wp\/v2\/categories?post=11166"},{"taxonomy":"post_tag","embeddable":true,"href":"https:\/\/informelitoral.com.ar\/%77%70%2d%6a%73%6f%6e\/wp\/v2\/tags?post=11166"}],"curies":[{"name":"wp","href":"https:\/\/api.w.org\/{rel}","templated":true}]}}