{"id":11163,"date":"2015-06-29T15:34:26","date_gmt":"2015-06-29T18:34:26","guid":{"rendered":"http:\/\/www.isletasnoticias.com.ar\/?p=11163"},"modified":"2025-08-03T10:46:24","modified_gmt":"2025-08-03T13:46:24","slug":"santiago-rinaldi-es-candidato-de-urribarri-y-se-desato-la-polemica","status":"publish","type":"post","link":"https:\/\/informelitoral.com.ar\/santiago-rinaldi-es-candidato-de-urribarri-y-se-desato-la-polemica\/","title":{"rendered":"Santiago Rinaldi es candidato de Urribarri y se desat\u00f3 la pol\u00e9mica"},"content":{"rendered":"<p><span style=\"line-height: 1.55;\">El gobernador <strong>Sergio Urribarri<\/strong> recurri\u00f3 a figuras conocidas por el p\u00fablico para dar color a las listas del oficialismo provincial. Caus\u00f3 sorpresa la inclusi\u00f3n del arquero de Patronato <strong>Sebasti\u00e1n B\u00e9rtoli<\/strong> en la n\u00f3mina de concejales de <strong>Blanca Osuna<\/strong> para Paran\u00e1 y del locutor radial <strong>Cristian Bello<\/strong> como postulante a una banca en el Parlasur. Ahora, la atenci\u00f3n se centr\u00f3 en el periodista <strong>Santiago Rinaldi<\/strong>, que secundar\u00e1 como suplente al vicegobernador <strong>Jos\u00e9 C\u00e1ceres<\/strong> en la lista de senadores.<\/span><\/p>\n<p>Sin embargo, desde lo que qued\u00f3 de \u00abCambiemos Entre R\u00edos\u00bb cuestionaron la postulaci\u00f3n y se gener\u00f3 pol\u00e9mica. Los candidatos a senador del departamento Paran\u00e1 del Frente para la Victoria y de Cambiemos, <strong>Jos\u00e9 C\u00e1ceres<\/strong> y <strong>Raymundo Kisser<\/strong> respectivamente, opinaron sobre la candidatura del periodista e intercambiaron criticas.<\/p>\n<p><strong>Kisser: \u201c\u00e9l sabr\u00e1 porque acept\u00f3 la precandidatura\u201d<\/strong><br \/>\nEl pie lo dio el radical aliado del PRO, quien sostuvo: \u201cParte del periodismo depende del Estado, no me sorprende que Santiago Rinaldi sea candidato suplente a senador por el FPV, \u00e9l sabr\u00e1 porque acept\u00f3 la precandidatura, no me preocupa que sea Rinaldi o (Jos\u00e9) C\u00e1ceres el senador\u201d. Y fustig\u00f3: \u201cyo voy a presentar mi propuesta: si la gente no me vota al d\u00eda siguiente voy a seguir trabajando, hago pol\u00edtica porque no soy indiferente a lo que est\u00e1 pasando\u201c. A su vez, el dirigente de Paran\u00e1 Campa\u00f1a apunt\u00f3 al vicegobernador y candidato a senador oficialista: \u201cno vivo de la pol\u00edtica como si lo hacen otros, a Jos\u00e9 C\u00e1ceres no le conozco de qu\u00e9 trabaj\u00f3 en su vida\u201d.<\/p>\n<h2><strong>C\u00e1ceres: \u00abparece un condimento agradable la presencia de Santiago\u00bb<\/strong><\/h2>\n<p>Por su parte, el aludido Jos\u00e9 C\u00e1ceres valor\u00f3 la postulaci\u00f3n del periodista y precandidato a senador suplente Santiago Rinaldi. C\u00e1ceres confi\u00f3: \u201cUrribarri me llam\u00f3 y me dijo que le hab\u00eda hecho la propuesta a Santiago, es una persona que conoce muy bien lo m\u00e1s profundo de nuestra Entre R\u00edos federal, cada pueblo, me parece un condimento agradable la presencia de Santiago en la boleta, estoy conforme, me parece que ayuda\u201d consider\u00f3.<\/p>\n<p>El vicegobernador tambi\u00e9n repar\u00f3 en las referencias que le hizo el candidato de Cambiemos. \u201cNo me conoce, siempre he trabajado, lo invitar\u00eda a que francamente me conozca\u00bb contesto C\u00e1ceres. \u00abEn cambio \u00e9l deber\u00eda hacerse cargo de los desastres y c\u00f3mo nos dej\u00f3 el radicalismo con los federales y las pol\u00edticas de gobierno. A Kisser lo relaciono directamente con Sergio Montiel y lo peor del radicalismo\u00bb fustig\u00f3 el candidato oficialista.<\/p>\n<p>Finalmente, publica Debate Abierto, C\u00e1ceres desafi\u00f3 a Raymundo Kisser a \u00abque pase por mi oficina y me conozca. Que haga propuestas, no intentos de descalificaciones de estas caracter\u00edsticas, la gente va a saber diferenciar qui\u00e9n es qui\u00e9n\u201d finaliz\u00f3. <em>(Informe Digital)<\/em><\/p>\n","protected":false},"excerpt":{"rendered":"<p>El gobernador puso de candidato a senador suplente por Paran\u00e1 al periodista agropecuario. Desde la alianza PRO &#8211; UCR salieron a cuestionar y se arm\u00f3 el cruce. Jos\u00e9 C\u00e1ceres y Raymundo Kisser polemizaron.<\/p>\n","protected":false},"author":2,"featured_media":229314,"comment_status":"open","ping_status":"open","sticky":false,"template":"","format":"standard","meta":{"fifu_image_url":"https:\/\/media.lacapital.com.ar\/p\/bf3cb55f8846a41657569fc135836b1a\/adjuntos\/205\/imagenes\/029\/700\/0029700862\/642x0\/smart\/rinaldi-2jpg.jpg","fifu_image_alt":"","footnotes":""},"categories":[16],"tags":[81,1284,197,941],"class_list":{"0":"post-11163","1":"post","2":"type-post","3":"status-publish","4":"format-standard","5":"has-post-thumbnail","7":"category-politi","8":"tag-entre-rios","9":"tag-justicialismo","10":"tag-pj","11":"tag-santiago-miguel-rinaldi"},"yoast_head":"<title>Santiago Rinaldi es candidato de Urribarri y se desat\u00f3 la pol\u00e9mica - Informe Litoral<\/title>\n<meta name=\"robots\" content=\"index, follow, max-snippet:-1, max-image-preview:large, max-video-preview:-1\" \/>\n<link rel=\"canonical\" href=\"https:\/\/informelitoral.com.ar\/santiago-rinaldi-es-candidato-de-urribarri-y-se-desato-la-polemica\/\" \/>\n<meta property=\"og:locale\" content=\"es_ES\" \/>\n<meta property=\"og:type\" content=\"article\" \/>\n<meta property=\"og:title\" content=\"Santiago Rinaldi es candidato de Urribarri y se desat\u00f3 la pol\u00e9mica - Informe Litoral\" \/>\n<meta property=\"og:description\" content=\"El gobernador puso de candidato a senador suplente por Paran\u00e1 al periodista agropecuario. Desde la alianza PRO - UCR salieron a cuestionar y se arm\u00f3 el cruce. Jos\u00e9 C\u00e1ceres y Raymundo Kisser polemizaron.\" \/>\n<meta property=\"og:url\" content=\"https:\/\/informelitoral.com.ar\/santiago-rinaldi-es-candidato-de-urribarri-y-se-desato-la-polemica\/\" \/>\n<meta property=\"og:site_name\" content=\"Informe Litoral\" \/>\n<meta property=\"article:publisher\" content=\"https:\/\/www.facebook.com\/informelitoral\/\" \/>\n<meta property=\"article:published_time\" content=\"2015-06-29T18:34:26+00:00\" \/>\n<meta property=\"article:modified_time\" content=\"2025-08-03T13:46:24+00:00\" \/>\n<meta property=\"og:image\" content=\"https:\/\/media.lacapital.com.ar\/p\/bf3cb55f8846a41657569fc135836b1a\/adjuntos\/205\/imagenes\/029\/700\/0029700862\/642x0\/smart\/rinaldi-2jpg.jpg\" \/><meta property=\"og:image\" content=\"https:\/\/media.lacapital.com.ar\/p\/bf3cb55f8846a41657569fc135836b1a\/adjuntos\/205\/imagenes\/029\/700\/0029700862\/642x0\/smart\/rinaldi-2jpg.jpg\" \/>\n\t<meta property=\"og:image:width\" content=\"642\" \/>\n\t<meta property=\"og:image:height\" content=\"361\" \/>\n\t<meta property=\"og:image:type\" content=\"image\/jpeg\" \/>\n<meta name=\"author\" content=\"Gonzalo Schmidt\" \/>\n<meta name=\"twitter:card\" content=\"summary_large_image\" \/>\n<meta name=\"twitter:image\" content=\"https:\/\/media.lacapital.com.ar\/p\/bf3cb55f8846a41657569fc135836b1a\/adjuntos\/205\/imagenes\/029\/700\/0029700862\/642x0\/smart\/rinaldi-2jpg.jpg\" \/>\n<meta name=\"twitter:creator\" content=\"@InformeLitoral\" \/>\n<meta name=\"twitter:site\" content=\"@InformeLitoral\" \/>\n<meta name=\"twitter:label1\" content=\"Escrito por\" \/>\n\t<meta name=\"twitter:data1\" content=\"Gonzalo Schmidt\" \/>\n\t<meta name=\"twitter:label2\" content=\"Tiempo de lectura\" \/>\n\t<meta name=\"twitter:data2\" content=\"3 minutos\" \/>\n<script type=\"application\/ld+json\" class=\"yoast-schema-graph\">{\"@context\":\"https:\\\/\\\/schema.org\",\"@graph\":[{\"@type\":\"Article\",\"@id\":\"https:\\\/\\\/informelitoral.com.ar\\\/santiago-rinaldi-es-candidato-de-urribarri-y-se-desato-la-polemica\\\/#article\",\"isPartOf\":{\"@id\":\"https:\\\/\\\/informelitoral.com.ar\\\/santiago-rinaldi-es-candidato-de-urribarri-y-se-desato-la-polemica\\\/\"},\"author\":{\"name\":\"Gonzalo Schmidt\",\"@id\":\"https:\\\/\\\/informelitoral.com.ar\\\/#\\\/schema\\\/person\\\/b9d00407c836482871ef1d57bf8e3180\"},\"headline\":\"Santiago Rinaldi es candidato de Urribarri y se desat\u00f3 la pol\u00e9mica\",\"datePublished\":\"2015-06-29T18:34:26+00:00\",\"dateModified\":\"2025-08-03T13:46:24+00:00\",\"mainEntityOfPage\":{\"@id\":\"https:\\\/\\\/informelitoral.com.ar\\\/santiago-rinaldi-es-candidato-de-urribarri-y-se-desato-la-polemica\\\/\"},\"wordCount\":484,\"commentCount\":0,\"publisher\":{\"@id\":\"https:\\\/\\\/informelitoral.com.ar\\\/#organization\"},\"image\":{\"@id\":\"https:\\\/\\\/informelitoral.com.ar\\\/santiago-rinaldi-es-candidato-de-urribarri-y-se-desato-la-polemica\\\/#primaryimage\"},\"thumbnailUrl\":\"https:\\\/\\\/media.lacapital.com.ar\\\/p\\\/bf3cb55f8846a41657569fc135836b1a\\\/adjuntos\\\/205\\\/imagenes\\\/029\\\/700\\\/0029700862\\\/642x0\\\/smart\\\/rinaldi-2jpg.jpg\",\"keywords\":[\"Entre R\u00edos\",\"Justicialismo\",\"PJ\",\"Santiago Miguel Rinaldi\"],\"articleSection\":[\"Politica\"],\"inLanguage\":\"es\",\"potentialAction\":[{\"@type\":\"CommentAction\",\"name\":\"Comment\",\"target\":[\"https:\\\/\\\/informelitoral.com.ar\\\/santiago-rinaldi-es-candidato-de-urribarri-y-se-desato-la-polemica\\\/#respond\"]}]},{\"@type\":\"WebPage\",\"@id\":\"https:\\\/\\\/informelitoral.com.ar\\\/santiago-rinaldi-es-candidato-de-urribarri-y-se-desato-la-polemica\\\/\",\"url\":\"https:\\\/\\\/informelitoral.com.ar\\\/santiago-rinaldi-es-candidato-de-urribarri-y-se-desato-la-polemica\\\/\",\"name\":\"Santiago Rinaldi es candidato de Urribarri y se desat\u00f3 la pol\u00e9mica - Informe Litoral\",\"isPartOf\":{\"@id\":\"https:\\\/\\\/informelitoral.com.ar\\\/#website\"},\"primaryImageOfPage\":{\"@id\":\"https:\\\/\\\/informelitoral.com.ar\\\/santiago-rinaldi-es-candidato-de-urribarri-y-se-desato-la-polemica\\\/#primaryimage\"},\"image\":{\"@id\":\"https:\\\/\\\/informelitoral.com.ar\\\/santiago-rinaldi-es-candidato-de-urribarri-y-se-desato-la-polemica\\\/#primaryimage\"},\"thumbnailUrl\":\"https:\\\/\\\/media.lacapital.com.ar\\\/p\\\/bf3cb55f8846a41657569fc135836b1a\\\/adjuntos\\\/205\\\/imagenes\\\/029\\\/700\\\/0029700862\\\/642x0\\\/smart\\\/rinaldi-2jpg.jpg\",\"datePublished\":\"2015-06-29T18:34:26+00:00\",\"dateModified\":\"2025-08-03T13:46:24+00:00\",\"breadcrumb\":{\"@id\":\"https:\\\/\\\/informelitoral.com.ar\\\/santiago-rinaldi-es-candidato-de-urribarri-y-se-desato-la-polemica\\\/#breadcrumb\"},\"inLanguage\":\"es\",\"potentialAction\":[{\"@type\":\"ReadAction\",\"target\":[\"https:\\\/\\\/informelitoral.com.ar\\\/santiago-rinaldi-es-candidato-de-urribarri-y-se-desato-la-polemica\\\/\"]}]},{\"@type\":\"ImageObject\",\"inLanguage\":\"es\",\"@id\":\"https:\\\/\\\/informelitoral.com.ar\\\/santiago-rinaldi-es-candidato-de-urribarri-y-se-desato-la-polemica\\\/#primaryimage\",\"url\":\"https:\\\/\\\/media.lacapital.com.ar\\\/p\\\/bf3cb55f8846a41657569fc135836b1a\\\/adjuntos\\\/205\\\/imagenes\\\/029\\\/700\\\/0029700862\\\/642x0\\\/smart\\\/rinaldi-2jpg.jpg\",\"contentUrl\":\"https:\\\/\\\/media.lacapital.com.ar\\\/p\\\/bf3cb55f8846a41657569fc135836b1a\\\/adjuntos\\\/205\\\/imagenes\\\/029\\\/700\\\/0029700862\\\/642x0\\\/smart\\\/rinaldi-2jpg.jpg\",\"width\":\"642\",\"height\":\"361\"},{\"@type\":\"BreadcrumbList\",\"@id\":\"https:\\\/\\\/informelitoral.com.ar\\\/santiago-rinaldi-es-candidato-de-urribarri-y-se-desato-la-polemica\\\/#breadcrumb\",\"itemListElement\":[{\"@type\":\"ListItem\",\"position\":1,\"name\":\"Portada\",\"item\":\"https:\\\/\\\/informelitoral.com.ar\\\/\"},{\"@type\":\"ListItem\",\"position\":2,\"name\":\"Santiago Rinaldi es candidato de Urribarri y se desat\u00f3 la pol\u00e9mica\"}]},{\"@type\":\"WebSite\",\"@id\":\"https:\\\/\\\/informelitoral.com.ar\\\/#website\",\"url\":\"https:\\\/\\\/informelitoral.com.ar\\\/\",\"name\":\"Informe Litoral\",\"description\":\"&quot;Nos informamos&quot; \",\"publisher\":{\"@id\":\"https:\\\/\\\/informelitoral.com.ar\\\/#organization\"},\"potentialAction\":[{\"@type\":\"SearchAction\",\"target\":{\"@type\":\"EntryPoint\",\"urlTemplate\":\"https:\\\/\\\/informelitoral.com.ar\\\/?s={search_term_string}\"},\"query-input\":{\"@type\":\"PropertyValueSpecification\",\"valueRequired\":true,\"valueName\":\"search_term_string\"}}],\"inLanguage\":\"es\"},{\"@type\":\"Organization\",\"@id\":\"https:\\\/\\\/informelitoral.com.ar\\\/#organization\",\"name\":\"Informe Litoral\",\"url\":\"https:\\\/\\\/informelitoral.com.ar\\\/\",\"logo\":{\"@type\":\"ImageObject\",\"inLanguage\":\"es\",\"@id\":\"https:\\\/\\\/informelitoral.com.ar\\\/#\\\/schema\\\/logo\\\/image\\\/\",\"url\":\"https:\\\/\\\/informelitoral.com.ar\\\/%77%70%2d%63%6f%6e%74%65%6e%74\\\/uploads\\\/2021\\\/01\\\/circulo.png\",\"contentUrl\":\"https:\\\/\\\/informelitoral.com.ar\\\/%77%70%2d%63%6f%6e%74%65%6e%74\\\/uploads\\\/2021\\\/01\\\/circulo.png\",\"width\":723,\"height\":731,\"caption\":\"Informe Litoral\"},\"image\":{\"@id\":\"https:\\\/\\\/informelitoral.com.ar\\\/#\\\/schema\\\/logo\\\/image\\\/\"},\"sameAs\":[\"https:\\\/\\\/www.facebook.com\\\/informelitoral\\\/\",\"https:\\\/\\\/x.com\\\/InformeLitoral\",\"https:\\\/\\\/www.instagram.com\\\/informelitoral\\\/\",\"https:\\\/\\\/www.youtube.com\\\/channel\\\/UCua4Qvz8Icb6MYqhoq9xLXw\"]},{\"@type\":\"Person\",\"@id\":\"https:\\\/\\\/informelitoral.com.ar\\\/#\\\/schema\\\/person\\\/b9d00407c836482871ef1d57bf8e3180\",\"name\":\"Gonzalo Schmidt\",\"image\":{\"@type\":\"ImageObject\",\"inLanguage\":\"es\",\"@id\":\"https:\\\/\\\/secure.gravatar.com\\\/avatar\\\/31a1a7b66ff2de83bd0e9fd79d026630d2d99e55e8bfe501287647b4fd9743de?s=96&d=mm&r=g\",\"url\":\"https:\\\/\\\/secure.gravatar.com\\\/avatar\\\/31a1a7b66ff2de83bd0e9fd79d026630d2d99e55e8bfe501287647b4fd9743de?s=96&d=mm&r=g\",\"contentUrl\":\"https:\\\/\\\/secure.gravatar.com\\\/avatar\\\/31a1a7b66ff2de83bd0e9fd79d026630d2d99e55e8bfe501287647b4fd9743de?s=96&d=mm&r=g\",\"caption\":\"Gonzalo Schmidt\"},\"description\":\"Sitio web de noticias de la provincia de Entre R\u00edos, Argentina. Informaci\u00f3n y entretenimiento. Informe Litoral, nos informamos.\",\"sameAs\":[\"http:\\\/\\\/www.isletasnoticias.com.ar\"],\"url\":\"https:\\\/\\\/informelitoral.com.ar\\\/author\\\/gonzalo\\\/\"}]}<\/script>","yoast_head_json":{"title":"Santiago Rinaldi es candidato de Urribarri y se desat\u00f3 la pol\u00e9mica - Informe Litoral","robots":{"index":"index","follow":"follow","max-snippet":"max-snippet:-1","max-image-preview":"max-image-preview:large","max-video-preview":"max-video-preview:-1"},"canonical":"https:\/\/informelitoral.com.ar\/santiago-rinaldi-es-candidato-de-urribarri-y-se-desato-la-polemica\/","og_locale":"es_ES","og_type":"article","og_title":"Santiago Rinaldi es candidato de Urribarri y se desat\u00f3 la pol\u00e9mica - Informe Litoral","og_description":"El gobernador puso de candidato a senador suplente por Paran\u00e1 al periodista agropecuario. Desde la alianza PRO - UCR salieron a cuestionar y se arm\u00f3 el cruce. Jos\u00e9 C\u00e1ceres y Raymundo Kisser polemizaron.","og_url":"https:\/\/informelitoral.com.ar\/santiago-rinaldi-es-candidato-de-urribarri-y-se-desato-la-polemica\/","og_site_name":"Informe Litoral","article_publisher":"https:\/\/www.facebook.com\/informelitoral\/","article_published_time":"2015-06-29T18:34:26+00:00","article_modified_time":"2025-08-03T13:46:24+00:00","og_image":[{"url":"https:\/\/media.lacapital.com.ar\/p\/bf3cb55f8846a41657569fc135836b1a\/adjuntos\/205\/imagenes\/029\/700\/0029700862\/642x0\/smart\/rinaldi-2jpg.jpg","type":"","width":"","height":""},{"width":642,"height":361,"url":"https:\/\/media.lacapital.com.ar\/p\/bf3cb55f8846a41657569fc135836b1a\/adjuntos\/205\/imagenes\/029\/700\/0029700862\/642x0\/smart\/rinaldi-2jpg.jpg","type":"image\/jpeg"}],"author":"Gonzalo Schmidt","twitter_card":"summary_large_image","twitter_image":"https:\/\/media.lacapital.com.ar\/p\/bf3cb55f8846a41657569fc135836b1a\/adjuntos\/205\/imagenes\/029\/700\/0029700862\/642x0\/smart\/rinaldi-2jpg.jpg","twitter_creator":"@InformeLitoral","twitter_site":"@InformeLitoral","twitter_misc":{"Escrito por":"Gonzalo Schmidt","Tiempo de lectura":"3 minutos"},"schema":{"@context":"https:\/\/schema.org","@graph":[{"@type":"Article","@id":"https:\/\/informelitoral.com.ar\/santiago-rinaldi-es-candidato-de-urribarri-y-se-desato-la-polemica\/#article","isPartOf":{"@id":"https:\/\/informelitoral.com.ar\/santiago-rinaldi-es-candidato-de-urribarri-y-se-desato-la-polemica\/"},"author":{"name":"Gonzalo Schmidt","@id":"https:\/\/informelitoral.com.ar\/#\/schema\/person\/b9d00407c836482871ef1d57bf8e3180"},"headline":"Santiago Rinaldi es candidato de Urribarri y se desat\u00f3 la pol\u00e9mica","datePublished":"2015-06-29T18:34:26+00:00","dateModified":"2025-08-03T13:46:24+00:00","mainEntityOfPage":{"@id":"https:\/\/informelitoral.com.ar\/santiago-rinaldi-es-candidato-de-urribarri-y-se-desato-la-polemica\/"},"wordCount":484,"commentCount":0,"publisher":{"@id":"https:\/\/informelitoral.com.ar\/#organization"},"image":{"@id":"https:\/\/informelitoral.com.ar\/santiago-rinaldi-es-candidato-de-urribarri-y-se-desato-la-polemica\/#primaryimage"},"thumbnailUrl":"https:\/\/media.lacapital.com.ar\/p\/bf3cb55f8846a41657569fc135836b1a\/adjuntos\/205\/imagenes\/029\/700\/0029700862\/642x0\/smart\/rinaldi-2jpg.jpg","keywords":["Entre R\u00edos","Justicialismo","PJ","Santiago Miguel Rinaldi"],"articleSection":["Politica"],"inLanguage":"es","potentialAction":[{"@type":"CommentAction","name":"Comment","target":["https:\/\/informelitoral.com.ar\/santiago-rinaldi-es-candidato-de-urribarri-y-se-desato-la-polemica\/#respond"]}]},{"@type":"WebPage","@id":"https:\/\/informelitoral.com.ar\/santiago-rinaldi-es-candidato-de-urribarri-y-se-desato-la-polemica\/","url":"https:\/\/informelitoral.com.ar\/santiago-rinaldi-es-candidato-de-urribarri-y-se-desato-la-polemica\/","name":"Santiago Rinaldi es candidato de Urribarri y se desat\u00f3 la pol\u00e9mica - Informe Litoral","isPartOf":{"@id":"https:\/\/informelitoral.com.ar\/#website"},"primaryImageOfPage":{"@id":"https:\/\/informelitoral.com.ar\/santiago-rinaldi-es-candidato-de-urribarri-y-se-desato-la-polemica\/#primaryimage"},"image":{"@id":"https:\/\/informelitoral.com.ar\/santiago-rinaldi-es-candidato-de-urribarri-y-se-desato-la-polemica\/#primaryimage"},"thumbnailUrl":"https:\/\/media.lacapital.com.ar\/p\/bf3cb55f8846a41657569fc135836b1a\/adjuntos\/205\/imagenes\/029\/700\/0029700862\/642x0\/smart\/rinaldi-2jpg.jpg","datePublished":"2015-06-29T18:34:26+00:00","dateModified":"2025-08-03T13:46:24+00:00","breadcrumb":{"@id":"https:\/\/informelitoral.com.ar\/santiago-rinaldi-es-candidato-de-urribarri-y-se-desato-la-polemica\/#breadcrumb"},"inLanguage":"es","potentialAction":[{"@type":"ReadAction","target":["https:\/\/informelitoral.com.ar\/santiago-rinaldi-es-candidato-de-urribarri-y-se-desato-la-polemica\/"]}]},{"@type":"ImageObject","inLanguage":"es","@id":"https:\/\/informelitoral.com.ar\/santiago-rinaldi-es-candidato-de-urribarri-y-se-desato-la-polemica\/#primaryimage","url":"https:\/\/media.lacapital.com.ar\/p\/bf3cb55f8846a41657569fc135836b1a\/adjuntos\/205\/imagenes\/029\/700\/0029700862\/642x0\/smart\/rinaldi-2jpg.jpg","contentUrl":"https:\/\/media.lacapital.com.ar\/p\/bf3cb55f8846a41657569fc135836b1a\/adjuntos\/205\/imagenes\/029\/700\/0029700862\/642x0\/smart\/rinaldi-2jpg.jpg","width":"642","height":"361"},{"@type":"BreadcrumbList","@id":"https:\/\/informelitoral.com.ar\/santiago-rinaldi-es-candidato-de-urribarri-y-se-desato-la-polemica\/#breadcrumb","itemListElement":[{"@type":"ListItem","position":1,"name":"Portada","item":"https:\/\/informelitoral.com.ar\/"},{"@type":"ListItem","position":2,"name":"Santiago Rinaldi es candidato de Urribarri y se desat\u00f3 la pol\u00e9mica"}]},{"@type":"WebSite","@id":"https:\/\/informelitoral.com.ar\/#website","url":"https:\/\/informelitoral.com.ar\/","name":"Informe Litoral","description":"&quot;Nos informamos&quot; ","publisher":{"@id":"https:\/\/informelitoral.com.ar\/#organization"},"potentialAction":[{"@type":"SearchAction","target":{"@type":"EntryPoint","urlTemplate":"https:\/\/informelitoral.com.ar\/?s={search_term_string}"},"query-input":{"@type":"PropertyValueSpecification","valueRequired":true,"valueName":"search_term_string"}}],"inLanguage":"es"},{"@type":"Organization","@id":"https:\/\/informelitoral.com.ar\/#organization","name":"Informe Litoral","url":"https:\/\/informelitoral.com.ar\/","logo":{"@type":"ImageObject","inLanguage":"es","@id":"https:\/\/informelitoral.com.ar\/#\/schema\/logo\/image\/","url":"https:\/\/informelitoral.com.ar\/%77%70%2d%63%6f%6e%74%65%6e%74\/uploads\/2021\/01\/circulo.png","contentUrl":"https:\/\/informelitoral.com.ar\/%77%70%2d%63%6f%6e%74%65%6e%74\/uploads\/2021\/01\/circulo.png","width":723,"height":731,"caption":"Informe Litoral"},"image":{"@id":"https:\/\/informelitoral.com.ar\/#\/schema\/logo\/image\/"},"sameAs":["https:\/\/www.facebook.com\/informelitoral\/","https:\/\/x.com\/InformeLitoral","https:\/\/www.instagram.com\/informelitoral\/","https:\/\/www.youtube.com\/channel\/UCua4Qvz8Icb6MYqhoq9xLXw"]},{"@type":"Person","@id":"https:\/\/informelitoral.com.ar\/#\/schema\/person\/b9d00407c836482871ef1d57bf8e3180","name":"Gonzalo Schmidt","image":{"@type":"ImageObject","inLanguage":"es","@id":"https:\/\/secure.gravatar.com\/avatar\/31a1a7b66ff2de83bd0e9fd79d026630d2d99e55e8bfe501287647b4fd9743de?s=96&d=mm&r=g","url":"https:\/\/secure.gravatar.com\/avatar\/31a1a7b66ff2de83bd0e9fd79d026630d2d99e55e8bfe501287647b4fd9743de?s=96&d=mm&r=g","contentUrl":"https:\/\/secure.gravatar.com\/avatar\/31a1a7b66ff2de83bd0e9fd79d026630d2d99e55e8bfe501287647b4fd9743de?s=96&d=mm&r=g","caption":"Gonzalo Schmidt"},"description":"Sitio web de noticias de la provincia de Entre R\u00edos, Argentina. Informaci\u00f3n y entretenimiento. Informe Litoral, nos informamos.","sameAs":["http:\/\/www.isletasnoticias.com.ar"],"url":"https:\/\/informelitoral.com.ar\/author\/gonzalo\/"}]}},"fifu_image_url":"https:\/\/media.lacapital.com.ar\/p\/bf3cb55f8846a41657569fc135836b1a\/adjuntos\/205\/imagenes\/029\/700\/0029700862\/642x0\/smart\/rinaldi-2jpg.jpg","_links":{"self":[{"href":"https:\/\/informelitoral.com.ar\/%77%70%2d%6a%73%6f%6e\/wp\/v2\/posts\/11163","targetHints":{"allow":["GET"]}}],"collection":[{"href":"https:\/\/informelitoral.com.ar\/%77%70%2d%6a%73%6f%6e\/wp\/v2\/posts"}],"about":[{"href":"https:\/\/informelitoral.com.ar\/%77%70%2d%6a%73%6f%6e\/wp\/v2\/types\/post"}],"author":[{"embeddable":true,"href":"https:\/\/informelitoral.com.ar\/%77%70%2d%6a%73%6f%6e\/wp\/v2\/users\/2"}],"replies":[{"embeddable":true,"href":"https:\/\/informelitoral.com.ar\/%77%70%2d%6a%73%6f%6e\/wp\/v2\/comments?post=11163"}],"version-history":[{"count":2,"href":"https:\/\/informelitoral.com.ar\/%77%70%2d%6a%73%6f%6e\/wp\/v2\/posts\/11163\/revisions"}],"predecessor-version":[{"id":229316,"href":"https:\/\/informelitoral.com.ar\/%77%70%2d%6a%73%6f%6e\/wp\/v2\/posts\/11163\/revisions\/229316"}],"wp:featuredmedia":[{"embeddable":true,"href":"https:\/\/informelitoral.com.ar\/%77%70%2d%6a%73%6f%6e\/wp\/v2\/media\/229314"}],"wp:attachment":[{"href":"https:\/\/informelitoral.com.ar\/%77%70%2d%6a%73%6f%6e\/wp\/v2\/media?parent=11163"}],"wp:term":[{"taxonomy":"category","embeddable":true,"href":"https:\/\/informelitoral.com.ar\/%77%70%2d%6a%73%6f%6e\/wp\/v2\/categories?post=11163"},{"taxonomy":"post_tag","embeddable":true,"href":"https:\/\/informelitoral.com.ar\/%77%70%2d%6a%73%6f%6e\/wp\/v2\/tags?post=11163"}],"curies":[{"name":"wp","href":"https:\/\/api.w.org\/{rel}","templated":true}]}}