{"id":11159,"date":"2015-06-29T06:32:39","date_gmt":"2015-06-29T09:32:39","guid":{"rendered":"http:\/\/www.isletasnoticias.com.ar\/?p=11159"},"modified":"2015-06-29T11:33:56","modified_gmt":"2015-06-29T14:33:56","slug":"multitudes-salieron-a-las-calles-de-nueva-york-en-el-dia-del-orgullo-gay","status":"publish","type":"post","link":"https:\/\/informelitoral.com.ar\/multitudes-salieron-a-las-calles-de-nueva-york-en-el-dia-del-orgullo-gay\/","title":{"rendered":"Multitudes salieron a las calles de Nueva York en el d\u00eda del orgullo gay"},"content":{"rendered":"<p><strong>Tras el hist\u00f3rico fallo que legaliz\u00f3 el matrimonio igualitario en Estados Unidos, cientos de miles de activistas de los derechos homosexuales celebraron a lo grande, al igual que en todo el pa\u00eds.<a href=\"http:\/\/www.isletasnoticias.com.ar\/%77%70%2d%63%6f%6e%74%65%6e%74\/uploads\/2015\/06\/06-28-parade-Ian_McKellan.jpg_88717827.jpg\"><img loading=\"lazy\" decoding=\"async\" class=\"aligncenter size-medium wp-image-11160\" src=\"http:\/\/www.isletasnoticias.com.ar\/%77%70%2d%63%6f%6e%74%65%6e%74\/uploads\/2015\/06\/06-28-parade-Ian_McKellan.jpg_88717827-300x225.jpg\" alt=\"06-28-parade-Ian_McKellan.jpg_88717827\" width=\"300\" height=\"225\" srcset=\"https:\/\/informelitoral.com.ar\/%77%70%2d%63%6f%6e%74%65%6e%74\/uploads\/2015\/06\/06-28-parade-Ian_McKellan.jpg_88717827-300x225.jpg 300w, https:\/\/informelitoral.com.ar\/%77%70%2d%63%6f%6e%74%65%6e%74\/uploads\/2015\/06\/06-28-parade-Ian_McKellan.jpg_88717827.jpg 621w\" sizes=\"auto, (max-width: 300px) 100vw, 300px\" \/><\/a><\/strong>Los estadounidenses vivieron el D\u00eda del Orgullo Gay este a\u00f1o con un nivel de entusiasmo adicional, saliendo en forma masiva a las festividades en Nueva York y otras ciudades para celebrar el hist\u00f3rico fallo de la Corte Suprema, que legaliza el matrimonio del mismo sexo a lo largo de todo el pa\u00eds.<\/p>\n<p>Dos d\u00edas despu\u00e9s de que la Corte Suprema determin\u00f3 en una votaci\u00f3n de 5-4 que la Constituci\u00f3n de Estados Unidos otorga a las parejas del mismo sexo el derecho a casarse, el gobernador Andrew Cuomo dio el puntapi\u00e9 inicial a la celebraci\u00f3n en la Ciudad de Nueva York, oficiando en el matrimonio de dos hombres en las puertas de Stonewall Inn, un bar gay de Greenwich Village que es considerado la cuna del movimiento de los derechos de los homosexuales de Estados Unidos.<\/p>\n<p>\u201cQuiero que ustedes sepan que estoy un poco nervioso hoy, es mi primer matrimonio\u201d, brome\u00f3, antes de casar a una pareja en frente de un grupo de varias decenas de personas.<\/p>\n<p>Este mes, la Comisi\u00f3n de Preservaci\u00f3n de Sitios Referenciales de la Ciudad de Nueva York concedi\u00f3 estatus oficial de lugar de inter\u00e9s p\u00fablico al Stonewall, donde unos disturbios en junio de 1969 galvanizaron al entonces incipiente movimiento por los derechos de los gays.<\/p>\n<p>Despu\u00e9s de la ceremonia, uno de los hombres llam\u00f3 \u201ch\u00e9roe LGBT\u201d a Cuomo y dijo que la experiencia fue \u201cun sue\u00f1o hecho realidad\u201d.<\/p>\n<p>Se esperaba la presencia de decenas de miles de personas en desfiles del orgullo gay en Chicago, San Francisco y Minneapolis, culminando un fin de semana de festividades en esas ciudades.<\/p>\n<p>La Corte Suprema de Justicia de Estados Unidos dictamin\u00f3 el viernes que las garant\u00edas de la Constituci\u00f3n al debido proceso y a la protecci\u00f3n igualitaria bajo la ley implican que los estados no pueden prohibir los matrimonios de parejas del mismo sexo. Con este dictamen, los matrimonios homosexuales ser\u00e1n legales en los 50 estados del pa\u00eds.<\/p>\n<p>Cuomo dijo que la postura progresista vanguardista de Nueva York sobre los derechos de los gays hizo que el matrimonio igualitario fuera una realidad.<\/p>\n<p>\u201cNueva York fue el laboratorio. Y \u00bfsaben qu\u00e9? El cielo no se derrumb\u00f3\u201d, dijo.<\/p>\n<p>Poco despu\u00e9s, miles de personas celebraron en la Quinta Avenida en un mar de banderas arcoiris mientras decenas de coloridos carros pasaban en el Desfile del Orgullo Gay de la Ciudad de Nueva York, en una procesi\u00f3n jubilosa.<\/p>\n<p>\u201cEs fant\u00e1stico, hay m\u00e1s gente, est\u00e1 m\u00e1s animado este a\u00f1o\u201d, dijo Aaron Seide, un empleado de comercio minorista de 24 a\u00f1os de edad del Condado de Westchester, con los colores del arcoiris en las mejillas.<\/p>\n<p>En una esquina, cuatro hombres y mujeres portaban carteles con mensajes en oposici\u00f3n a los derechos de los gays.\u00a0\u201c\u00bfUstedes est\u00e1n en el camino del Cielo o del infierno?\u201d, dec\u00eda uno. \u201cConozcan al Dios de su Biblia\u201d, dec\u00eda otro.<\/p>\n","protected":false},"excerpt":{"rendered":"<p>Tras el hist&oacute;rico fallo que legaliz&oacute; el matrimonio igualitario en Estados Unidos, cientos de miles de activistas de los derechos homosexuales celebraron a lo grande, al igual que en todo el pa&iacute;s.Los estadounidenses vivieron el D&iacute;a del Orgullo Gay este a&ntilde;o con un nivel de entusiasmo adicional, saliendo en forma masiva a las festividades en [&hellip;]<\/p>\n","protected":false},"author":2,"featured_media":0,"comment_status":"open","ping_status":"open","sticky":false,"template":"","format":"standard","meta":{"fifu_image_url":"","fifu_image_alt":"","footnotes":""},"categories":[8,9],"tags":[],"class_list":{"0":"post-11159","1":"post","2":"type-post","3":"status-publish","4":"format-standard","6":"category-internacionales","7":"category-sociedad"},"yoast_head":"<title>Multitudes salieron a las calles de Nueva York en el d\u00eda del orgullo gay - Informe Litoral<\/title>\n<meta name=\"robots\" content=\"index, follow, max-snippet:-1, max-image-preview:large, max-video-preview:-1\" \/>\n<link rel=\"canonical\" href=\"https:\/\/informelitoral.com.ar\/multitudes-salieron-a-las-calles-de-nueva-york-en-el-dia-del-orgullo-gay\/\" \/>\n<meta property=\"og:locale\" content=\"es_ES\" \/>\n<meta property=\"og:type\" content=\"article\" \/>\n<meta property=\"og:title\" content=\"Multitudes salieron a las calles de Nueva York en el d\u00eda del orgullo gay - Informe Litoral\" \/>\n<meta property=\"og:description\" content=\"Tras el hist&oacute;rico fallo que legaliz&oacute; el matrimonio igualitario en Estados Unidos, cientos de miles de activistas de los derechos homosexuales celebraron a lo grande, al igual que en todo el pa&iacute;s.Los estadounidenses vivieron el D&iacute;a del Orgullo Gay este a&ntilde;o con un nivel de entusiasmo adicional, saliendo en forma masiva a las festividades en [&hellip;]\" \/>\n<meta property=\"og:url\" content=\"https:\/\/informelitoral.com.ar\/multitudes-salieron-a-las-calles-de-nueva-york-en-el-dia-del-orgullo-gay\/\" \/>\n<meta property=\"og:site_name\" content=\"Informe Litoral\" \/>\n<meta property=\"article:publisher\" content=\"https:\/\/www.facebook.com\/informelitoral\/\" \/>\n<meta property=\"article:published_time\" content=\"2015-06-29T09:32:39+00:00\" \/>\n<meta property=\"article:modified_time\" content=\"2015-06-29T14:33:56+00:00\" \/>\n<meta property=\"og:image\" content=\"https:\/\/informelitoral.com.ar\/%77%70%2d%63%6f%6e%74%65%6e%74\/uploads\/2015\/06\/06-28-parade-Ian_McKellan.jpg_88717827.jpg\" \/>\n\t<meta property=\"og:image:width\" content=\"621\" \/>\n\t<meta property=\"og:image:height\" content=\"465\" \/>\n\t<meta property=\"og:image:type\" content=\"image\/jpeg\" \/>\n<meta name=\"author\" content=\"Gonzalo Schmidt\" \/>\n<meta name=\"twitter:card\" content=\"summary_large_image\" \/>\n<meta name=\"twitter:creator\" content=\"@InformeLitoral\" \/>\n<meta name=\"twitter:site\" content=\"@InformeLitoral\" \/>\n<meta name=\"twitter:label1\" content=\"Escrito por\" \/>\n\t<meta name=\"twitter:data1\" content=\"Gonzalo Schmidt\" \/>\n\t<meta name=\"twitter:label2\" content=\"Tiempo de lectura\" \/>\n\t<meta name=\"twitter:data2\" content=\"3 minutos\" \/>\n<script type=\"application\/ld+json\" class=\"yoast-schema-graph\">{\"@context\":\"https:\\\/\\\/schema.org\",\"@graph\":[{\"@type\":\"Article\",\"@id\":\"https:\\\/\\\/informelitoral.com.ar\\\/multitudes-salieron-a-las-calles-de-nueva-york-en-el-dia-del-orgullo-gay\\\/#article\",\"isPartOf\":{\"@id\":\"https:\\\/\\\/informelitoral.com.ar\\\/multitudes-salieron-a-las-calles-de-nueva-york-en-el-dia-del-orgullo-gay\\\/\"},\"author\":{\"name\":\"Gonzalo Schmidt\",\"@id\":\"https:\\\/\\\/informelitoral.com.ar\\\/#\\\/schema\\\/person\\\/b9d00407c836482871ef1d57bf8e3180\"},\"headline\":\"Multitudes salieron a las calles de Nueva York en el d\u00eda del orgullo gay\",\"datePublished\":\"2015-06-29T09:32:39+00:00\",\"dateModified\":\"2015-06-29T14:33:56+00:00\",\"mainEntityOfPage\":{\"@id\":\"https:\\\/\\\/informelitoral.com.ar\\\/multitudes-salieron-a-las-calles-de-nueva-york-en-el-dia-del-orgullo-gay\\\/\"},\"wordCount\":547,\"commentCount\":0,\"publisher\":{\"@id\":\"https:\\\/\\\/informelitoral.com.ar\\\/#organization\"},\"image\":{\"@id\":\"https:\\\/\\\/informelitoral.com.ar\\\/multitudes-salieron-a-las-calles-de-nueva-york-en-el-dia-del-orgullo-gay\\\/#primaryimage\"},\"thumbnailUrl\":\"http:\\\/\\\/www.isletasnoticias.com.ar\\\/%77%70%2d%63%6f%6e%74%65%6e%74\\\/uploads\\\/2015\\\/06\\\/06-28-parade-Ian_McKellan.jpg_88717827-300x225.jpg\",\"articleSection\":[\"Internacionales\",\"Sociedad\"],\"inLanguage\":\"es\",\"potentialAction\":[{\"@type\":\"CommentAction\",\"name\":\"Comment\",\"target\":[\"https:\\\/\\\/informelitoral.com.ar\\\/multitudes-salieron-a-las-calles-de-nueva-york-en-el-dia-del-orgullo-gay\\\/#respond\"]}]},{\"@type\":\"WebPage\",\"@id\":\"https:\\\/\\\/informelitoral.com.ar\\\/multitudes-salieron-a-las-calles-de-nueva-york-en-el-dia-del-orgullo-gay\\\/\",\"url\":\"https:\\\/\\\/informelitoral.com.ar\\\/multitudes-salieron-a-las-calles-de-nueva-york-en-el-dia-del-orgullo-gay\\\/\",\"name\":\"Multitudes salieron a las calles de Nueva York en el d\u00eda del orgullo gay - Informe Litoral\",\"isPartOf\":{\"@id\":\"https:\\\/\\\/informelitoral.com.ar\\\/#website\"},\"primaryImageOfPage\":{\"@id\":\"https:\\\/\\\/informelitoral.com.ar\\\/multitudes-salieron-a-las-calles-de-nueva-york-en-el-dia-del-orgullo-gay\\\/#primaryimage\"},\"image\":{\"@id\":\"https:\\\/\\\/informelitoral.com.ar\\\/multitudes-salieron-a-las-calles-de-nueva-york-en-el-dia-del-orgullo-gay\\\/#primaryimage\"},\"thumbnailUrl\":\"http:\\\/\\\/www.isletasnoticias.com.ar\\\/%77%70%2d%63%6f%6e%74%65%6e%74\\\/uploads\\\/2015\\\/06\\\/06-28-parade-Ian_McKellan.jpg_88717827-300x225.jpg\",\"datePublished\":\"2015-06-29T09:32:39+00:00\",\"dateModified\":\"2015-06-29T14:33:56+00:00\",\"breadcrumb\":{\"@id\":\"https:\\\/\\\/informelitoral.com.ar\\\/multitudes-salieron-a-las-calles-de-nueva-york-en-el-dia-del-orgullo-gay\\\/#breadcrumb\"},\"inLanguage\":\"es\",\"potentialAction\":[{\"@type\":\"ReadAction\",\"target\":[\"https:\\\/\\\/informelitoral.com.ar\\\/multitudes-salieron-a-las-calles-de-nueva-york-en-el-dia-del-orgullo-gay\\\/\"]}]},{\"@type\":\"ImageObject\",\"inLanguage\":\"es\",\"@id\":\"https:\\\/\\\/informelitoral.com.ar\\\/multitudes-salieron-a-las-calles-de-nueva-york-en-el-dia-del-orgullo-gay\\\/#primaryimage\",\"url\":\"http:\\\/\\\/www.isletasnoticias.com.ar\\\/%77%70%2d%63%6f%6e%74%65%6e%74\\\/uploads\\\/2015\\\/06\\\/06-28-parade-Ian_McKellan.jpg_88717827-300x225.jpg\",\"contentUrl\":\"http:\\\/\\\/www.isletasnoticias.com.ar\\\/%77%70%2d%63%6f%6e%74%65%6e%74\\\/uploads\\\/2015\\\/06\\\/06-28-parade-Ian_McKellan.jpg_88717827-300x225.jpg\"},{\"@type\":\"BreadcrumbList\",\"@id\":\"https:\\\/\\\/informelitoral.com.ar\\\/multitudes-salieron-a-las-calles-de-nueva-york-en-el-dia-del-orgullo-gay\\\/#breadcrumb\",\"itemListElement\":[{\"@type\":\"ListItem\",\"position\":1,\"name\":\"Portada\",\"item\":\"https:\\\/\\\/informelitoral.com.ar\\\/\"},{\"@type\":\"ListItem\",\"position\":2,\"name\":\"Multitudes salieron a las calles de Nueva York en el d\u00eda del orgullo gay\"}]},{\"@type\":\"WebSite\",\"@id\":\"https:\\\/\\\/informelitoral.com.ar\\\/#website\",\"url\":\"https:\\\/\\\/informelitoral.com.ar\\\/\",\"name\":\"Informe Litoral\",\"description\":\"&quot;Nos informamos&quot; \",\"publisher\":{\"@id\":\"https:\\\/\\\/informelitoral.com.ar\\\/#organization\"},\"potentialAction\":[{\"@type\":\"SearchAction\",\"target\":{\"@type\":\"EntryPoint\",\"urlTemplate\":\"https:\\\/\\\/informelitoral.com.ar\\\/?s={search_term_string}\"},\"query-input\":{\"@type\":\"PropertyValueSpecification\",\"valueRequired\":true,\"valueName\":\"search_term_string\"}}],\"inLanguage\":\"es\"},{\"@type\":\"Organization\",\"@id\":\"https:\\\/\\\/informelitoral.com.ar\\\/#organization\",\"name\":\"Informe Litoral\",\"url\":\"https:\\\/\\\/informelitoral.com.ar\\\/\",\"logo\":{\"@type\":\"ImageObject\",\"inLanguage\":\"es\",\"@id\":\"https:\\\/\\\/informelitoral.com.ar\\\/#\\\/schema\\\/logo\\\/image\\\/\",\"url\":\"https:\\\/\\\/informelitoral.com.ar\\\/%77%70%2d%63%6f%6e%74%65%6e%74\\\/uploads\\\/2021\\\/01\\\/circulo.png\",\"contentUrl\":\"https:\\\/\\\/informelitoral.com.ar\\\/%77%70%2d%63%6f%6e%74%65%6e%74\\\/uploads\\\/2021\\\/01\\\/circulo.png\",\"width\":723,\"height\":731,\"caption\":\"Informe Litoral\"},\"image\":{\"@id\":\"https:\\\/\\\/informelitoral.com.ar\\\/#\\\/schema\\\/logo\\\/image\\\/\"},\"sameAs\":[\"https:\\\/\\\/www.facebook.com\\\/informelitoral\\\/\",\"https:\\\/\\\/x.com\\\/InformeLitoral\",\"https:\\\/\\\/www.instagram.com\\\/informelitoral\\\/\",\"https:\\\/\\\/www.youtube.com\\\/channel\\\/UCua4Qvz8Icb6MYqhoq9xLXw\"]},{\"@type\":\"Person\",\"@id\":\"https:\\\/\\\/informelitoral.com.ar\\\/#\\\/schema\\\/person\\\/b9d00407c836482871ef1d57bf8e3180\",\"name\":\"Gonzalo Schmidt\",\"image\":{\"@type\":\"ImageObject\",\"inLanguage\":\"es\",\"@id\":\"https:\\\/\\\/secure.gravatar.com\\\/avatar\\\/31a1a7b66ff2de83bd0e9fd79d026630d2d99e55e8bfe501287647b4fd9743de?s=96&d=mm&r=g\",\"url\":\"https:\\\/\\\/secure.gravatar.com\\\/avatar\\\/31a1a7b66ff2de83bd0e9fd79d026630d2d99e55e8bfe501287647b4fd9743de?s=96&d=mm&r=g\",\"contentUrl\":\"https:\\\/\\\/secure.gravatar.com\\\/avatar\\\/31a1a7b66ff2de83bd0e9fd79d026630d2d99e55e8bfe501287647b4fd9743de?s=96&d=mm&r=g\",\"caption\":\"Gonzalo Schmidt\"},\"description\":\"Sitio web de noticias de la provincia de Entre R\u00edos, Argentina. Informaci\u00f3n y entretenimiento. Informe Litoral, nos informamos.\",\"sameAs\":[\"http:\\\/\\\/www.isletasnoticias.com.ar\"],\"url\":\"https:\\\/\\\/informelitoral.com.ar\\\/author\\\/gonzalo\\\/\"}]}<\/script>","yoast_head_json":{"title":"Multitudes salieron a las calles de Nueva York en el d\u00eda del orgullo gay - Informe Litoral","robots":{"index":"index","follow":"follow","max-snippet":"max-snippet:-1","max-image-preview":"max-image-preview:large","max-video-preview":"max-video-preview:-1"},"canonical":"https:\/\/informelitoral.com.ar\/multitudes-salieron-a-las-calles-de-nueva-york-en-el-dia-del-orgullo-gay\/","og_locale":"es_ES","og_type":"article","og_title":"Multitudes salieron a las calles de Nueva York en el d\u00eda del orgullo gay - Informe Litoral","og_description":"Tras el hist&oacute;rico fallo que legaliz&oacute; el matrimonio igualitario en Estados Unidos, cientos de miles de activistas de los derechos homosexuales celebraron a lo grande, al igual que en todo el pa&iacute;s.Los estadounidenses vivieron el D&iacute;a del Orgullo Gay este a&ntilde;o con un nivel de entusiasmo adicional, saliendo en forma masiva a las festividades en [&hellip;]","og_url":"https:\/\/informelitoral.com.ar\/multitudes-salieron-a-las-calles-de-nueva-york-en-el-dia-del-orgullo-gay\/","og_site_name":"Informe Litoral","article_publisher":"https:\/\/www.facebook.com\/informelitoral\/","article_published_time":"2015-06-29T09:32:39+00:00","article_modified_time":"2015-06-29T14:33:56+00:00","og_image":[{"width":621,"height":465,"url":"https:\/\/informelitoral.com.ar\/%77%70%2d%63%6f%6e%74%65%6e%74\/uploads\/2015\/06\/06-28-parade-Ian_McKellan.jpg_88717827.jpg","type":"image\/jpeg"}],"author":"Gonzalo Schmidt","twitter_card":"summary_large_image","twitter_creator":"@InformeLitoral","twitter_site":"@InformeLitoral","twitter_misc":{"Escrito por":"Gonzalo Schmidt","Tiempo de lectura":"3 minutos"},"schema":{"@context":"https:\/\/schema.org","@graph":[{"@type":"Article","@id":"https:\/\/informelitoral.com.ar\/multitudes-salieron-a-las-calles-de-nueva-york-en-el-dia-del-orgullo-gay\/#article","isPartOf":{"@id":"https:\/\/informelitoral.com.ar\/multitudes-salieron-a-las-calles-de-nueva-york-en-el-dia-del-orgullo-gay\/"},"author":{"name":"Gonzalo Schmidt","@id":"https:\/\/informelitoral.com.ar\/#\/schema\/person\/b9d00407c836482871ef1d57bf8e3180"},"headline":"Multitudes salieron a las calles de Nueva York en el d\u00eda del orgullo gay","datePublished":"2015-06-29T09:32:39+00:00","dateModified":"2015-06-29T14:33:56+00:00","mainEntityOfPage":{"@id":"https:\/\/informelitoral.com.ar\/multitudes-salieron-a-las-calles-de-nueva-york-en-el-dia-del-orgullo-gay\/"},"wordCount":547,"commentCount":0,"publisher":{"@id":"https:\/\/informelitoral.com.ar\/#organization"},"image":{"@id":"https:\/\/informelitoral.com.ar\/multitudes-salieron-a-las-calles-de-nueva-york-en-el-dia-del-orgullo-gay\/#primaryimage"},"thumbnailUrl":"http:\/\/www.isletasnoticias.com.ar\/%77%70%2d%63%6f%6e%74%65%6e%74\/uploads\/2015\/06\/06-28-parade-Ian_McKellan.jpg_88717827-300x225.jpg","articleSection":["Internacionales","Sociedad"],"inLanguage":"es","potentialAction":[{"@type":"CommentAction","name":"Comment","target":["https:\/\/informelitoral.com.ar\/multitudes-salieron-a-las-calles-de-nueva-york-en-el-dia-del-orgullo-gay\/#respond"]}]},{"@type":"WebPage","@id":"https:\/\/informelitoral.com.ar\/multitudes-salieron-a-las-calles-de-nueva-york-en-el-dia-del-orgullo-gay\/","url":"https:\/\/informelitoral.com.ar\/multitudes-salieron-a-las-calles-de-nueva-york-en-el-dia-del-orgullo-gay\/","name":"Multitudes salieron a las calles de Nueva York en el d\u00eda del orgullo gay - Informe Litoral","isPartOf":{"@id":"https:\/\/informelitoral.com.ar\/#website"},"primaryImageOfPage":{"@id":"https:\/\/informelitoral.com.ar\/multitudes-salieron-a-las-calles-de-nueva-york-en-el-dia-del-orgullo-gay\/#primaryimage"},"image":{"@id":"https:\/\/informelitoral.com.ar\/multitudes-salieron-a-las-calles-de-nueva-york-en-el-dia-del-orgullo-gay\/#primaryimage"},"thumbnailUrl":"http:\/\/www.isletasnoticias.com.ar\/%77%70%2d%63%6f%6e%74%65%6e%74\/uploads\/2015\/06\/06-28-parade-Ian_McKellan.jpg_88717827-300x225.jpg","datePublished":"2015-06-29T09:32:39+00:00","dateModified":"2015-06-29T14:33:56+00:00","breadcrumb":{"@id":"https:\/\/informelitoral.com.ar\/multitudes-salieron-a-las-calles-de-nueva-york-en-el-dia-del-orgullo-gay\/#breadcrumb"},"inLanguage":"es","potentialAction":[{"@type":"ReadAction","target":["https:\/\/informelitoral.com.ar\/multitudes-salieron-a-las-calles-de-nueva-york-en-el-dia-del-orgullo-gay\/"]}]},{"@type":"ImageObject","inLanguage":"es","@id":"https:\/\/informelitoral.com.ar\/multitudes-salieron-a-las-calles-de-nueva-york-en-el-dia-del-orgullo-gay\/#primaryimage","url":"http:\/\/www.isletasnoticias.com.ar\/%77%70%2d%63%6f%6e%74%65%6e%74\/uploads\/2015\/06\/06-28-parade-Ian_McKellan.jpg_88717827-300x225.jpg","contentUrl":"http:\/\/www.isletasnoticias.com.ar\/%77%70%2d%63%6f%6e%74%65%6e%74\/uploads\/2015\/06\/06-28-parade-Ian_McKellan.jpg_88717827-300x225.jpg"},{"@type":"BreadcrumbList","@id":"https:\/\/informelitoral.com.ar\/multitudes-salieron-a-las-calles-de-nueva-york-en-el-dia-del-orgullo-gay\/#breadcrumb","itemListElement":[{"@type":"ListItem","position":1,"name":"Portada","item":"https:\/\/informelitoral.com.ar\/"},{"@type":"ListItem","position":2,"name":"Multitudes salieron a las calles de Nueva York en el d\u00eda del orgullo gay"}]},{"@type":"WebSite","@id":"https:\/\/informelitoral.com.ar\/#website","url":"https:\/\/informelitoral.com.ar\/","name":"Informe Litoral","description":"&quot;Nos informamos&quot; ","publisher":{"@id":"https:\/\/informelitoral.com.ar\/#organization"},"potentialAction":[{"@type":"SearchAction","target":{"@type":"EntryPoint","urlTemplate":"https:\/\/informelitoral.com.ar\/?s={search_term_string}"},"query-input":{"@type":"PropertyValueSpecification","valueRequired":true,"valueName":"search_term_string"}}],"inLanguage":"es"},{"@type":"Organization","@id":"https:\/\/informelitoral.com.ar\/#organization","name":"Informe Litoral","url":"https:\/\/informelitoral.com.ar\/","logo":{"@type":"ImageObject","inLanguage":"es","@id":"https:\/\/informelitoral.com.ar\/#\/schema\/logo\/image\/","url":"https:\/\/informelitoral.com.ar\/%77%70%2d%63%6f%6e%74%65%6e%74\/uploads\/2021\/01\/circulo.png","contentUrl":"https:\/\/informelitoral.com.ar\/%77%70%2d%63%6f%6e%74%65%6e%74\/uploads\/2021\/01\/circulo.png","width":723,"height":731,"caption":"Informe Litoral"},"image":{"@id":"https:\/\/informelitoral.com.ar\/#\/schema\/logo\/image\/"},"sameAs":["https:\/\/www.facebook.com\/informelitoral\/","https:\/\/x.com\/InformeLitoral","https:\/\/www.instagram.com\/informelitoral\/","https:\/\/www.youtube.com\/channel\/UCua4Qvz8Icb6MYqhoq9xLXw"]},{"@type":"Person","@id":"https:\/\/informelitoral.com.ar\/#\/schema\/person\/b9d00407c836482871ef1d57bf8e3180","name":"Gonzalo Schmidt","image":{"@type":"ImageObject","inLanguage":"es","@id":"https:\/\/secure.gravatar.com\/avatar\/31a1a7b66ff2de83bd0e9fd79d026630d2d99e55e8bfe501287647b4fd9743de?s=96&d=mm&r=g","url":"https:\/\/secure.gravatar.com\/avatar\/31a1a7b66ff2de83bd0e9fd79d026630d2d99e55e8bfe501287647b4fd9743de?s=96&d=mm&r=g","contentUrl":"https:\/\/secure.gravatar.com\/avatar\/31a1a7b66ff2de83bd0e9fd79d026630d2d99e55e8bfe501287647b4fd9743de?s=96&d=mm&r=g","caption":"Gonzalo Schmidt"},"description":"Sitio web de noticias de la provincia de Entre R\u00edos, Argentina. Informaci\u00f3n y entretenimiento. Informe Litoral, nos informamos.","sameAs":["http:\/\/www.isletasnoticias.com.ar"],"url":"https:\/\/informelitoral.com.ar\/author\/gonzalo\/"}]}},"_links":{"self":[{"href":"https:\/\/informelitoral.com.ar\/%77%70%2d%6a%73%6f%6e\/wp\/v2\/posts\/11159","targetHints":{"allow":["GET"]}}],"collection":[{"href":"https:\/\/informelitoral.com.ar\/%77%70%2d%6a%73%6f%6e\/wp\/v2\/posts"}],"about":[{"href":"https:\/\/informelitoral.com.ar\/%77%70%2d%6a%73%6f%6e\/wp\/v2\/types\/post"}],"author":[{"embeddable":true,"href":"https:\/\/informelitoral.com.ar\/%77%70%2d%6a%73%6f%6e\/wp\/v2\/users\/2"}],"replies":[{"embeddable":true,"href":"https:\/\/informelitoral.com.ar\/%77%70%2d%6a%73%6f%6e\/wp\/v2\/comments?post=11159"}],"version-history":[{"count":0,"href":"https:\/\/informelitoral.com.ar\/%77%70%2d%6a%73%6f%6e\/wp\/v2\/posts\/11159\/revisions"}],"wp:attachment":[{"href":"https:\/\/informelitoral.com.ar\/%77%70%2d%6a%73%6f%6e\/wp\/v2\/media?parent=11159"}],"wp:term":[{"taxonomy":"category","embeddable":true,"href":"https:\/\/informelitoral.com.ar\/%77%70%2d%6a%73%6f%6e\/wp\/v2\/categories?post=11159"},{"taxonomy":"post_tag","embeddable":true,"href":"https:\/\/informelitoral.com.ar\/%77%70%2d%6a%73%6f%6e\/wp\/v2\/tags?post=11159"}],"curies":[{"name":"wp","href":"https:\/\/api.w.org\/{rel}","templated":true}]}}