{"id":11155,"date":"2015-06-29T11:25:06","date_gmt":"2015-06-29T14:25:06","guid":{"rendered":"http:\/\/www.isletasnoticias.com.ar\/?p=11155"},"modified":"2015-06-29T11:25:17","modified_gmt":"2015-06-29T14:25:17","slug":"congreso-de-oriente-bicentenario-de-la-independencia-en-tierra-entrerriana","status":"publish","type":"post","link":"https:\/\/informelitoral.com.ar\/congreso-de-oriente-bicentenario-de-la-independencia-en-tierra-entrerriana\/","title":{"rendered":"Congreso de Oriente: bicentenario de la independencia en tierra entrerriana"},"content":{"rendered":"<p><strong>\u201cUn 29 de junio de 1815 ese enorme patriota que fue <em>Jos\u00e9 Gervasio Artigas<\/em> declaraba por primera vez la independencia. Y lo hizo en tierra entrerriana, en Arroyo de la China, la actual Concepci\u00f3n del Uruguay\u201d, record\u00f3 el gobernador <em>Sergio Urribarri<\/em> al celebrarse los 200 a\u00f1os de la gesta artiguista.<a href=\"http:\/\/www.isletasnoticias.com.ar\/%77%70%2d%63%6f%6e%74%65%6e%74\/uploads\/2015\/06\/b_1435578751.jpg\"><img loading=\"lazy\" decoding=\"async\" class=\"aligncenter size-medium wp-image-11156\" src=\"http:\/\/www.isletasnoticias.com.ar\/%77%70%2d%63%6f%6e%74%65%6e%74\/uploads\/2015\/06\/b_1435578751-300x175.jpg\" alt=\"b_1435578751\" width=\"300\" height=\"175\" srcset=\"https:\/\/informelitoral.com.ar\/%77%70%2d%63%6f%6e%74%65%6e%74\/uploads\/2015\/06\/b_1435578751-300x175.jpg 300w, https:\/\/informelitoral.com.ar\/%77%70%2d%63%6f%6e%74%65%6e%74\/uploads\/2015\/06\/b_1435578751.jpg 492w\" sizes=\"auto, (max-width: 300px) 100vw, 300px\" \/><\/a><\/strong>\u00abA 200 a\u00f1os de este hecho hist\u00f3rico el proyecto pol\u00edtico artiguista nos interpela desde la historia como actores pol\u00edticos contempor\u00e1neos. N\u00e9stor y Cristina nos han marcado el camino en esta sentido y hoy m\u00e1s que nunca, \u00e9ste es el desaf\u00edo para nosotros, los militantes y dirigentes de las fuerzas populares de la regi\u00f3n\u00bb, expres\u00f3 el mandatario.<\/p>\n<p>\u201cAquel Congreso de Oriente, tal como se lo conoci\u00f3 y del que hoy celebramos su Bicentenario, fue el primer congreso constituyente argentino que no solo declar\u00f3 la independencia de Espa\u00f1a y de todo otro poder extranjero, tambi\u00e9n estableci\u00f3 un r\u00e9gimen republicano, representativo y federal y quiso sentar las bases para una profunda reforma agraria\u201d subray\u00f3 el mandatario provincial.<\/p>\n<p>\u201cHoy estamos desandando ese camino que signific\u00f3 borrar de la historia a Artigas, a la Liga de los Pueblos Libres y a su profunda expresi\u00f3n de libertad, a las ideas de integraci\u00f3n de los pueblos de Am\u00e9rica en la Patria Grande\u201d apunt\u00f3 Urribarri.<\/p>\n<p>\u201cRecuperar la figura de Artigas y sus ideas han sido pol\u00edticas de Estado durante nuestra gesti\u00f3n. Pero no queremos recordarlo con nostalgia, a Artigas se lo reivindica desde la acci\u00f3n, por eso hoy ratificamos nuestro compromiso de seguir construyendo esta gran provincia, dentro de esta Argentina soberana, que incluye a todos y que se integra con los hermanos de la Am\u00e9rica Latina. Es nuestro mejor homenaje\u201d.<\/p>\n<p>\u00abEl poder pol\u00edtico fue para Artigas una construcci\u00f3n devenida de la pr\u00e1ctica pol\u00edtica en s\u00ed al calor de la lucha por hacer valer los intereses populares y nacionales. Se trata de un poder plural, conformado en un frente social y cultural vasto que se reconoce en las mayor\u00edas populares y que tiene en la democracia soberana de base su fuente de origen\u00bb, hizo saber el gobernador.<\/p>\n<p>\u00abEl paso estrat\u00e9gico dado por nuestros gobiernos desde los intereses de los pueblos de imponer el dominio de la pol\u00edtica por sobre los mercados o corporaciones econ\u00f3micas en la conformaci\u00f3n de bloques regionales, debe ser un paso sin retorno y es un salto que toma envi\u00f3n desde el fondo de la historia artiguista\u00bb, expres\u00f3.<\/p>\n<p>\u00abLas perspectivas de continuidad de cada uno de nuestros gobiernos \u2013y por lo tanto de las iniciativas de integraci\u00f3n\u2013 se juega en la l\u00ednea ineludible de profundizar las pol\u00edticas de transformaci\u00f3n en beneficio de nuestros pueblos. Esto es otro mandato vigente del artiguismo: la conformaci\u00f3n de un Movimiento que integre no s\u00f3lo los gobiernos sino los pueblos de la regi\u00f3n\u00bb, afirm\u00f3 finalmente Urribarri.<\/p>\n","protected":false},"excerpt":{"rendered":"<p>&ldquo;Un 29 de junio de 1815 ese enorme patriota que fue Jos&eacute; Gervasio Artigas declaraba por primera vez la independencia. Y lo hizo en tierra entrerriana, en Arroyo de la China, la actual Concepci&oacute;n del Uruguay&rdquo;, record&oacute; el gobernador Sergio Urribarri al celebrarse los 200 a&ntilde;os de la gesta artiguista.&laquo;A 200 a&ntilde;os de este hecho [&hellip;]<\/p>\n","protected":false},"author":2,"featured_media":0,"comment_status":"open","ping_status":"open","sticky":false,"template":"","format":"standard","meta":{"fifu_image_url":"","fifu_image_alt":"","footnotes":""},"categories":[6,16],"tags":[],"class_list":{"0":"post-11155","1":"post","2":"type-post","3":"status-publish","4":"format-standard","6":"category-entre-rios","7":"category-politi"},"yoast_head":"<title>Congreso de Oriente: bicentenario de la independencia en tierra entrerriana - Informe Litoral<\/title>\n<meta name=\"robots\" content=\"index, follow, max-snippet:-1, max-image-preview:large, max-video-preview:-1\" \/>\n<link rel=\"canonical\" href=\"https:\/\/informelitoral.com.ar\/congreso-de-oriente-bicentenario-de-la-independencia-en-tierra-entrerriana\/\" \/>\n<meta property=\"og:locale\" content=\"es_ES\" \/>\n<meta property=\"og:type\" content=\"article\" \/>\n<meta property=\"og:title\" content=\"Congreso de Oriente: bicentenario de la independencia en tierra entrerriana - Informe Litoral\" \/>\n<meta property=\"og:description\" content=\"&ldquo;Un 29 de junio de 1815 ese enorme patriota que fue Jos&eacute; Gervasio Artigas declaraba por primera vez la independencia. Y lo hizo en tierra entrerriana, en Arroyo de la China, la actual Concepci&oacute;n del Uruguay&rdquo;, record&oacute; el gobernador Sergio Urribarri al celebrarse los 200 a&ntilde;os de la gesta artiguista.&laquo;A 200 a&ntilde;os de este hecho [&hellip;]\" \/>\n<meta property=\"og:url\" content=\"https:\/\/informelitoral.com.ar\/congreso-de-oriente-bicentenario-de-la-independencia-en-tierra-entrerriana\/\" \/>\n<meta property=\"og:site_name\" content=\"Informe Litoral\" \/>\n<meta property=\"article:publisher\" content=\"https:\/\/www.facebook.com\/informelitoral\/\" \/>\n<meta property=\"article:published_time\" content=\"2015-06-29T14:25:06+00:00\" \/>\n<meta property=\"article:modified_time\" content=\"2015-06-29T14:25:17+00:00\" \/>\n<meta property=\"og:image\" content=\"https:\/\/informelitoral.com.ar\/%77%70%2d%63%6f%6e%74%65%6e%74\/uploads\/2015\/06\/b_1435578751.jpg\" \/>\n\t<meta property=\"og:image:width\" content=\"492\" \/>\n\t<meta property=\"og:image:height\" content=\"287\" \/>\n\t<meta property=\"og:image:type\" content=\"image\/jpeg\" \/>\n<meta name=\"author\" content=\"Gonzalo Schmidt\" \/>\n<meta name=\"twitter:card\" content=\"summary_large_image\" \/>\n<meta name=\"twitter:creator\" content=\"@InformeLitoral\" \/>\n<meta name=\"twitter:site\" content=\"@InformeLitoral\" \/>\n<meta name=\"twitter:label1\" content=\"Escrito por\" \/>\n\t<meta name=\"twitter:data1\" content=\"Gonzalo Schmidt\" \/>\n\t<meta name=\"twitter:label2\" content=\"Tiempo de lectura\" \/>\n\t<meta name=\"twitter:data2\" content=\"2 minutos\" \/>\n<script type=\"application\/ld+json\" class=\"yoast-schema-graph\">{\"@context\":\"https:\\\/\\\/schema.org\",\"@graph\":[{\"@type\":\"Article\",\"@id\":\"https:\\\/\\\/informelitoral.com.ar\\\/congreso-de-oriente-bicentenario-de-la-independencia-en-tierra-entrerriana\\\/#article\",\"isPartOf\":{\"@id\":\"https:\\\/\\\/informelitoral.com.ar\\\/congreso-de-oriente-bicentenario-de-la-independencia-en-tierra-entrerriana\\\/\"},\"author\":{\"name\":\"Gonzalo Schmidt\",\"@id\":\"https:\\\/\\\/informelitoral.com.ar\\\/#\\\/schema\\\/person\\\/b9d00407c836482871ef1d57bf8e3180\"},\"headline\":\"Congreso de Oriente: bicentenario de la independencia en tierra entrerriana\",\"datePublished\":\"2015-06-29T14:25:06+00:00\",\"dateModified\":\"2015-06-29T14:25:17+00:00\",\"mainEntityOfPage\":{\"@id\":\"https:\\\/\\\/informelitoral.com.ar\\\/congreso-de-oriente-bicentenario-de-la-independencia-en-tierra-entrerriana\\\/\"},\"wordCount\":500,\"commentCount\":0,\"publisher\":{\"@id\":\"https:\\\/\\\/informelitoral.com.ar\\\/#organization\"},\"image\":{\"@id\":\"https:\\\/\\\/informelitoral.com.ar\\\/congreso-de-oriente-bicentenario-de-la-independencia-en-tierra-entrerriana\\\/#primaryimage\"},\"thumbnailUrl\":\"http:\\\/\\\/www.isletasnoticias.com.ar\\\/%77%70%2d%63%6f%6e%74%65%6e%74\\\/uploads\\\/2015\\\/06\\\/b_1435578751-300x175.jpg\",\"articleSection\":[\"Entre R\u00edos\",\"Politica\"],\"inLanguage\":\"es\",\"potentialAction\":[{\"@type\":\"CommentAction\",\"name\":\"Comment\",\"target\":[\"https:\\\/\\\/informelitoral.com.ar\\\/congreso-de-oriente-bicentenario-de-la-independencia-en-tierra-entrerriana\\\/#respond\"]}]},{\"@type\":\"WebPage\",\"@id\":\"https:\\\/\\\/informelitoral.com.ar\\\/congreso-de-oriente-bicentenario-de-la-independencia-en-tierra-entrerriana\\\/\",\"url\":\"https:\\\/\\\/informelitoral.com.ar\\\/congreso-de-oriente-bicentenario-de-la-independencia-en-tierra-entrerriana\\\/\",\"name\":\"Congreso de Oriente: bicentenario de la independencia en tierra entrerriana - Informe Litoral\",\"isPartOf\":{\"@id\":\"https:\\\/\\\/informelitoral.com.ar\\\/#website\"},\"primaryImageOfPage\":{\"@id\":\"https:\\\/\\\/informelitoral.com.ar\\\/congreso-de-oriente-bicentenario-de-la-independencia-en-tierra-entrerriana\\\/#primaryimage\"},\"image\":{\"@id\":\"https:\\\/\\\/informelitoral.com.ar\\\/congreso-de-oriente-bicentenario-de-la-independencia-en-tierra-entrerriana\\\/#primaryimage\"},\"thumbnailUrl\":\"http:\\\/\\\/www.isletasnoticias.com.ar\\\/%77%70%2d%63%6f%6e%74%65%6e%74\\\/uploads\\\/2015\\\/06\\\/b_1435578751-300x175.jpg\",\"datePublished\":\"2015-06-29T14:25:06+00:00\",\"dateModified\":\"2015-06-29T14:25:17+00:00\",\"breadcrumb\":{\"@id\":\"https:\\\/\\\/informelitoral.com.ar\\\/congreso-de-oriente-bicentenario-de-la-independencia-en-tierra-entrerriana\\\/#breadcrumb\"},\"inLanguage\":\"es\",\"potentialAction\":[{\"@type\":\"ReadAction\",\"target\":[\"https:\\\/\\\/informelitoral.com.ar\\\/congreso-de-oriente-bicentenario-de-la-independencia-en-tierra-entrerriana\\\/\"]}]},{\"@type\":\"ImageObject\",\"inLanguage\":\"es\",\"@id\":\"https:\\\/\\\/informelitoral.com.ar\\\/congreso-de-oriente-bicentenario-de-la-independencia-en-tierra-entrerriana\\\/#primaryimage\",\"url\":\"http:\\\/\\\/www.isletasnoticias.com.ar\\\/%77%70%2d%63%6f%6e%74%65%6e%74\\\/uploads\\\/2015\\\/06\\\/b_1435578751-300x175.jpg\",\"contentUrl\":\"http:\\\/\\\/www.isletasnoticias.com.ar\\\/%77%70%2d%63%6f%6e%74%65%6e%74\\\/uploads\\\/2015\\\/06\\\/b_1435578751-300x175.jpg\"},{\"@type\":\"BreadcrumbList\",\"@id\":\"https:\\\/\\\/informelitoral.com.ar\\\/congreso-de-oriente-bicentenario-de-la-independencia-en-tierra-entrerriana\\\/#breadcrumb\",\"itemListElement\":[{\"@type\":\"ListItem\",\"position\":1,\"name\":\"Portada\",\"item\":\"https:\\\/\\\/informelitoral.com.ar\\\/\"},{\"@type\":\"ListItem\",\"position\":2,\"name\":\"Congreso de Oriente: bicentenario de la independencia en tierra entrerriana\"}]},{\"@type\":\"WebSite\",\"@id\":\"https:\\\/\\\/informelitoral.com.ar\\\/#website\",\"url\":\"https:\\\/\\\/informelitoral.com.ar\\\/\",\"name\":\"Informe Litoral\",\"description\":\"&quot;Nos informamos&quot; \",\"publisher\":{\"@id\":\"https:\\\/\\\/informelitoral.com.ar\\\/#organization\"},\"potentialAction\":[{\"@type\":\"SearchAction\",\"target\":{\"@type\":\"EntryPoint\",\"urlTemplate\":\"https:\\\/\\\/informelitoral.com.ar\\\/?s={search_term_string}\"},\"query-input\":{\"@type\":\"PropertyValueSpecification\",\"valueRequired\":true,\"valueName\":\"search_term_string\"}}],\"inLanguage\":\"es\"},{\"@type\":\"Organization\",\"@id\":\"https:\\\/\\\/informelitoral.com.ar\\\/#organization\",\"name\":\"Informe Litoral\",\"url\":\"https:\\\/\\\/informelitoral.com.ar\\\/\",\"logo\":{\"@type\":\"ImageObject\",\"inLanguage\":\"es\",\"@id\":\"https:\\\/\\\/informelitoral.com.ar\\\/#\\\/schema\\\/logo\\\/image\\\/\",\"url\":\"https:\\\/\\\/informelitoral.com.ar\\\/%77%70%2d%63%6f%6e%74%65%6e%74\\\/uploads\\\/2021\\\/01\\\/circulo.png\",\"contentUrl\":\"https:\\\/\\\/informelitoral.com.ar\\\/%77%70%2d%63%6f%6e%74%65%6e%74\\\/uploads\\\/2021\\\/01\\\/circulo.png\",\"width\":723,\"height\":731,\"caption\":\"Informe Litoral\"},\"image\":{\"@id\":\"https:\\\/\\\/informelitoral.com.ar\\\/#\\\/schema\\\/logo\\\/image\\\/\"},\"sameAs\":[\"https:\\\/\\\/www.facebook.com\\\/informelitoral\\\/\",\"https:\\\/\\\/x.com\\\/InformeLitoral\",\"https:\\\/\\\/www.instagram.com\\\/informelitoral\\\/\",\"https:\\\/\\\/www.youtube.com\\\/channel\\\/UCua4Qvz8Icb6MYqhoq9xLXw\"]},{\"@type\":\"Person\",\"@id\":\"https:\\\/\\\/informelitoral.com.ar\\\/#\\\/schema\\\/person\\\/b9d00407c836482871ef1d57bf8e3180\",\"name\":\"Gonzalo Schmidt\",\"image\":{\"@type\":\"ImageObject\",\"inLanguage\":\"es\",\"@id\":\"https:\\\/\\\/secure.gravatar.com\\\/avatar\\\/31a1a7b66ff2de83bd0e9fd79d026630d2d99e55e8bfe501287647b4fd9743de?s=96&d=mm&r=g\",\"url\":\"https:\\\/\\\/secure.gravatar.com\\\/avatar\\\/31a1a7b66ff2de83bd0e9fd79d026630d2d99e55e8bfe501287647b4fd9743de?s=96&d=mm&r=g\",\"contentUrl\":\"https:\\\/\\\/secure.gravatar.com\\\/avatar\\\/31a1a7b66ff2de83bd0e9fd79d026630d2d99e55e8bfe501287647b4fd9743de?s=96&d=mm&r=g\",\"caption\":\"Gonzalo Schmidt\"},\"description\":\"Sitio web de noticias de la provincia de Entre R\u00edos, Argentina. Informaci\u00f3n y entretenimiento. Informe Litoral, nos informamos.\",\"sameAs\":[\"http:\\\/\\\/www.isletasnoticias.com.ar\"],\"url\":\"https:\\\/\\\/informelitoral.com.ar\\\/author\\\/gonzalo\\\/\"}]}<\/script>","yoast_head_json":{"title":"Congreso de Oriente: bicentenario de la independencia en tierra entrerriana - Informe Litoral","robots":{"index":"index","follow":"follow","max-snippet":"max-snippet:-1","max-image-preview":"max-image-preview:large","max-video-preview":"max-video-preview:-1"},"canonical":"https:\/\/informelitoral.com.ar\/congreso-de-oriente-bicentenario-de-la-independencia-en-tierra-entrerriana\/","og_locale":"es_ES","og_type":"article","og_title":"Congreso de Oriente: bicentenario de la independencia en tierra entrerriana - Informe Litoral","og_description":"&ldquo;Un 29 de junio de 1815 ese enorme patriota que fue Jos&eacute; Gervasio Artigas declaraba por primera vez la independencia. Y lo hizo en tierra entrerriana, en Arroyo de la China, la actual Concepci&oacute;n del Uruguay&rdquo;, record&oacute; el gobernador Sergio Urribarri al celebrarse los 200 a&ntilde;os de la gesta artiguista.&laquo;A 200 a&ntilde;os de este hecho [&hellip;]","og_url":"https:\/\/informelitoral.com.ar\/congreso-de-oriente-bicentenario-de-la-independencia-en-tierra-entrerriana\/","og_site_name":"Informe Litoral","article_publisher":"https:\/\/www.facebook.com\/informelitoral\/","article_published_time":"2015-06-29T14:25:06+00:00","article_modified_time":"2015-06-29T14:25:17+00:00","og_image":[{"width":492,"height":287,"url":"https:\/\/informelitoral.com.ar\/%77%70%2d%63%6f%6e%74%65%6e%74\/uploads\/2015\/06\/b_1435578751.jpg","type":"image\/jpeg"}],"author":"Gonzalo Schmidt","twitter_card":"summary_large_image","twitter_creator":"@InformeLitoral","twitter_site":"@InformeLitoral","twitter_misc":{"Escrito por":"Gonzalo Schmidt","Tiempo de lectura":"2 minutos"},"schema":{"@context":"https:\/\/schema.org","@graph":[{"@type":"Article","@id":"https:\/\/informelitoral.com.ar\/congreso-de-oriente-bicentenario-de-la-independencia-en-tierra-entrerriana\/#article","isPartOf":{"@id":"https:\/\/informelitoral.com.ar\/congreso-de-oriente-bicentenario-de-la-independencia-en-tierra-entrerriana\/"},"author":{"name":"Gonzalo Schmidt","@id":"https:\/\/informelitoral.com.ar\/#\/schema\/person\/b9d00407c836482871ef1d57bf8e3180"},"headline":"Congreso de Oriente: bicentenario de la independencia en tierra entrerriana","datePublished":"2015-06-29T14:25:06+00:00","dateModified":"2015-06-29T14:25:17+00:00","mainEntityOfPage":{"@id":"https:\/\/informelitoral.com.ar\/congreso-de-oriente-bicentenario-de-la-independencia-en-tierra-entrerriana\/"},"wordCount":500,"commentCount":0,"publisher":{"@id":"https:\/\/informelitoral.com.ar\/#organization"},"image":{"@id":"https:\/\/informelitoral.com.ar\/congreso-de-oriente-bicentenario-de-la-independencia-en-tierra-entrerriana\/#primaryimage"},"thumbnailUrl":"http:\/\/www.isletasnoticias.com.ar\/%77%70%2d%63%6f%6e%74%65%6e%74\/uploads\/2015\/06\/b_1435578751-300x175.jpg","articleSection":["Entre R\u00edos","Politica"],"inLanguage":"es","potentialAction":[{"@type":"CommentAction","name":"Comment","target":["https:\/\/informelitoral.com.ar\/congreso-de-oriente-bicentenario-de-la-independencia-en-tierra-entrerriana\/#respond"]}]},{"@type":"WebPage","@id":"https:\/\/informelitoral.com.ar\/congreso-de-oriente-bicentenario-de-la-independencia-en-tierra-entrerriana\/","url":"https:\/\/informelitoral.com.ar\/congreso-de-oriente-bicentenario-de-la-independencia-en-tierra-entrerriana\/","name":"Congreso de Oriente: bicentenario de la independencia en tierra entrerriana - Informe Litoral","isPartOf":{"@id":"https:\/\/informelitoral.com.ar\/#website"},"primaryImageOfPage":{"@id":"https:\/\/informelitoral.com.ar\/congreso-de-oriente-bicentenario-de-la-independencia-en-tierra-entrerriana\/#primaryimage"},"image":{"@id":"https:\/\/informelitoral.com.ar\/congreso-de-oriente-bicentenario-de-la-independencia-en-tierra-entrerriana\/#primaryimage"},"thumbnailUrl":"http:\/\/www.isletasnoticias.com.ar\/%77%70%2d%63%6f%6e%74%65%6e%74\/uploads\/2015\/06\/b_1435578751-300x175.jpg","datePublished":"2015-06-29T14:25:06+00:00","dateModified":"2015-06-29T14:25:17+00:00","breadcrumb":{"@id":"https:\/\/informelitoral.com.ar\/congreso-de-oriente-bicentenario-de-la-independencia-en-tierra-entrerriana\/#breadcrumb"},"inLanguage":"es","potentialAction":[{"@type":"ReadAction","target":["https:\/\/informelitoral.com.ar\/congreso-de-oriente-bicentenario-de-la-independencia-en-tierra-entrerriana\/"]}]},{"@type":"ImageObject","inLanguage":"es","@id":"https:\/\/informelitoral.com.ar\/congreso-de-oriente-bicentenario-de-la-independencia-en-tierra-entrerriana\/#primaryimage","url":"http:\/\/www.isletasnoticias.com.ar\/%77%70%2d%63%6f%6e%74%65%6e%74\/uploads\/2015\/06\/b_1435578751-300x175.jpg","contentUrl":"http:\/\/www.isletasnoticias.com.ar\/%77%70%2d%63%6f%6e%74%65%6e%74\/uploads\/2015\/06\/b_1435578751-300x175.jpg"},{"@type":"BreadcrumbList","@id":"https:\/\/informelitoral.com.ar\/congreso-de-oriente-bicentenario-de-la-independencia-en-tierra-entrerriana\/#breadcrumb","itemListElement":[{"@type":"ListItem","position":1,"name":"Portada","item":"https:\/\/informelitoral.com.ar\/"},{"@type":"ListItem","position":2,"name":"Congreso de Oriente: bicentenario de la independencia en tierra entrerriana"}]},{"@type":"WebSite","@id":"https:\/\/informelitoral.com.ar\/#website","url":"https:\/\/informelitoral.com.ar\/","name":"Informe Litoral","description":"&quot;Nos informamos&quot; ","publisher":{"@id":"https:\/\/informelitoral.com.ar\/#organization"},"potentialAction":[{"@type":"SearchAction","target":{"@type":"EntryPoint","urlTemplate":"https:\/\/informelitoral.com.ar\/?s={search_term_string}"},"query-input":{"@type":"PropertyValueSpecification","valueRequired":true,"valueName":"search_term_string"}}],"inLanguage":"es"},{"@type":"Organization","@id":"https:\/\/informelitoral.com.ar\/#organization","name":"Informe Litoral","url":"https:\/\/informelitoral.com.ar\/","logo":{"@type":"ImageObject","inLanguage":"es","@id":"https:\/\/informelitoral.com.ar\/#\/schema\/logo\/image\/","url":"https:\/\/informelitoral.com.ar\/%77%70%2d%63%6f%6e%74%65%6e%74\/uploads\/2021\/01\/circulo.png","contentUrl":"https:\/\/informelitoral.com.ar\/%77%70%2d%63%6f%6e%74%65%6e%74\/uploads\/2021\/01\/circulo.png","width":723,"height":731,"caption":"Informe Litoral"},"image":{"@id":"https:\/\/informelitoral.com.ar\/#\/schema\/logo\/image\/"},"sameAs":["https:\/\/www.facebook.com\/informelitoral\/","https:\/\/x.com\/InformeLitoral","https:\/\/www.instagram.com\/informelitoral\/","https:\/\/www.youtube.com\/channel\/UCua4Qvz8Icb6MYqhoq9xLXw"]},{"@type":"Person","@id":"https:\/\/informelitoral.com.ar\/#\/schema\/person\/b9d00407c836482871ef1d57bf8e3180","name":"Gonzalo Schmidt","image":{"@type":"ImageObject","inLanguage":"es","@id":"https:\/\/secure.gravatar.com\/avatar\/31a1a7b66ff2de83bd0e9fd79d026630d2d99e55e8bfe501287647b4fd9743de?s=96&d=mm&r=g","url":"https:\/\/secure.gravatar.com\/avatar\/31a1a7b66ff2de83bd0e9fd79d026630d2d99e55e8bfe501287647b4fd9743de?s=96&d=mm&r=g","contentUrl":"https:\/\/secure.gravatar.com\/avatar\/31a1a7b66ff2de83bd0e9fd79d026630d2d99e55e8bfe501287647b4fd9743de?s=96&d=mm&r=g","caption":"Gonzalo Schmidt"},"description":"Sitio web de noticias de la provincia de Entre R\u00edos, Argentina. Informaci\u00f3n y entretenimiento. Informe Litoral, nos informamos.","sameAs":["http:\/\/www.isletasnoticias.com.ar"],"url":"https:\/\/informelitoral.com.ar\/author\/gonzalo\/"}]}},"_links":{"self":[{"href":"https:\/\/informelitoral.com.ar\/%77%70%2d%6a%73%6f%6e\/wp\/v2\/posts\/11155","targetHints":{"allow":["GET"]}}],"collection":[{"href":"https:\/\/informelitoral.com.ar\/%77%70%2d%6a%73%6f%6e\/wp\/v2\/posts"}],"about":[{"href":"https:\/\/informelitoral.com.ar\/%77%70%2d%6a%73%6f%6e\/wp\/v2\/types\/post"}],"author":[{"embeddable":true,"href":"https:\/\/informelitoral.com.ar\/%77%70%2d%6a%73%6f%6e\/wp\/v2\/users\/2"}],"replies":[{"embeddable":true,"href":"https:\/\/informelitoral.com.ar\/%77%70%2d%6a%73%6f%6e\/wp\/v2\/comments?post=11155"}],"version-history":[{"count":0,"href":"https:\/\/informelitoral.com.ar\/%77%70%2d%6a%73%6f%6e\/wp\/v2\/posts\/11155\/revisions"}],"wp:attachment":[{"href":"https:\/\/informelitoral.com.ar\/%77%70%2d%6a%73%6f%6e\/wp\/v2\/media?parent=11155"}],"wp:term":[{"taxonomy":"category","embeddable":true,"href":"https:\/\/informelitoral.com.ar\/%77%70%2d%6a%73%6f%6e\/wp\/v2\/categories?post=11155"},{"taxonomy":"post_tag","embeddable":true,"href":"https:\/\/informelitoral.com.ar\/%77%70%2d%6a%73%6f%6e\/wp\/v2\/tags?post=11155"}],"curies":[{"name":"wp","href":"https:\/\/api.w.org\/{rel}","templated":true}]}}