{"id":11148,"date":"2015-06-29T10:00:04","date_gmt":"2015-06-29T13:00:04","guid":{"rendered":"http:\/\/www.isletasnoticias.com.ar\/?p=11148"},"modified":"2015-06-29T15:21:16","modified_gmt":"2015-06-29T18:21:16","slug":"ramirez-quienes-son-los-candidatos-a-concejales-que-propone-claudio-mantovani","status":"publish","type":"post","link":"https:\/\/informelitoral.com.ar\/ramirez-quienes-son-los-candidatos-a-concejales-que-propone-claudio-mantovani\/","title":{"rendered":"Ram\u00edrez: \u00bfQui\u00e9nes son los candidatos a concejales que propone Claudio Mantovani?"},"content":{"rendered":"<p><strong>\u00abUna Nueva Alternativa\u00bb, que lleva como candidato a intendente a <em>Claudio Mantovani<\/em> y a nivel provincial a <em>Adri\u00e1n Fuertes<\/em> y <em>Jorge Busti<\/em> como candidatos a gobernador y vice, respectivamente, presentaron la lista de concejales que proponen a los ramirenses para las pr\u00f3ximas elecciones.\u00a0<img loading=\"lazy\" decoding=\"async\" class=\"aligncenter size-medium wp-image-11149\" src=\"http:\/\/www.isletasnoticias.com.ar\/%77%70%2d%63%6f%6e%74%65%6e%74\/uploads\/2015\/06\/2021107-300x200.jpg\" alt=\"2021107\" width=\"300\" height=\"200\" srcset=\"https:\/\/informelitoral.com.ar\/%77%70%2d%63%6f%6e%74%65%6e%74\/uploads\/2015\/06\/2021107-300x200.jpg 300w, https:\/\/informelitoral.com.ar\/%77%70%2d%63%6f%6e%74%65%6e%74\/uploads\/2015\/06\/2021107.jpg 961w\" sizes=\"auto, (max-width: 300px) 100vw, 300px\" \/><\/strong><\/p>\n<p><strong>La lista<\/strong><\/p>\n<p><strong>Intentendente<\/strong>, Claudio Mantovani y <strong>viceintendente<\/strong>, Pablo Erhardt. <strong>Concejales titulares:<\/strong> Daiana Mantovani, Jorge Masutti, Mariela Roth, H\u00e9ctor Strauch, Mar\u00eda Doleres Dome, Juan Carlos Viva, Mar\u00eda Weber, Roque Rion, Silvia Tirasbochi, Cladio Monz\u00f3n y Griselda Schwab. <strong>Suplentes:<\/strong> Miguel Burgos, Elsa Zapata, Joaqu\u00edn Brickman, Marianela Morkel,Ra\u00fal Elsesser, Ofelia Gim\u00e9nez, Al\u00e9xis Aguilar, Stella Mayer, Pablo Parjometz, Mar\u00eda Patterer y Carlos Romero. <em>(Isletas Noticias)<\/em><\/p>\n","protected":false},"excerpt":{"rendered":"<p>&laquo;Una Nueva Alternativa&raquo;, que lleva como candidato a intendente a Claudio Mantovani y a nivel provincial a Adri&aacute;n Fuertes y Jorge Busti como candidatos a gobernador y vice, respectivamente, presentaron la lista de concejales que proponen a los ramirenses para las pr&oacute;ximas elecciones.&nbsp; La lista Intentendente, Claudio Mantovani y viceintendente, Pablo Erhardt. Concejales titulares: Daiana [&hellip;]<\/p>\n","protected":false},"author":2,"featured_media":0,"comment_status":"open","ping_status":"open","sticky":false,"template":"","format":"standard","meta":{"fifu_image_url":"","fifu_image_alt":"","footnotes":""},"categories":[5,16],"tags":[],"class_list":{"0":"post-11148","1":"post","2":"type-post","3":"status-publish","4":"format-standard","6":"category-zonales","7":"category-politi"},"yoast_head":"<title>Ram\u00edrez: \u00bfQui\u00e9nes son los candidatos a concejales que propone Claudio Mantovani? - Informe Litoral<\/title>\n<meta name=\"robots\" content=\"index, follow, max-snippet:-1, max-image-preview:large, max-video-preview:-1\" \/>\n<link rel=\"canonical\" href=\"https:\/\/informelitoral.com.ar\/ramirez-quienes-son-los-candidatos-a-concejales-que-propone-claudio-mantovani\/\" \/>\n<meta property=\"og:locale\" content=\"es_ES\" \/>\n<meta property=\"og:type\" content=\"article\" \/>\n<meta property=\"og:title\" content=\"Ram\u00edrez: \u00bfQui\u00e9nes son los candidatos a concejales que propone Claudio Mantovani? - Informe Litoral\" \/>\n<meta property=\"og:description\" content=\"&laquo;Una Nueva Alternativa&raquo;, que lleva como candidato a intendente a Claudio Mantovani y a nivel provincial a Adri&aacute;n Fuertes y Jorge Busti como candidatos a gobernador y vice, respectivamente, presentaron la lista de concejales que proponen a los ramirenses para las pr&oacute;ximas elecciones.&nbsp; La lista Intentendente, Claudio Mantovani y viceintendente, Pablo Erhardt. Concejales titulares: Daiana [&hellip;]\" \/>\n<meta property=\"og:url\" content=\"https:\/\/informelitoral.com.ar\/ramirez-quienes-son-los-candidatos-a-concejales-que-propone-claudio-mantovani\/\" \/>\n<meta property=\"og:site_name\" content=\"Informe Litoral\" \/>\n<meta property=\"article:publisher\" content=\"https:\/\/www.facebook.com\/informelitoral\/\" \/>\n<meta property=\"article:published_time\" content=\"2015-06-29T13:00:04+00:00\" \/>\n<meta property=\"article:modified_time\" content=\"2015-06-29T18:21:16+00:00\" \/>\n<meta property=\"og:image\" content=\"https:\/\/informelitoral.com.ar\/%77%70%2d%63%6f%6e%74%65%6e%74\/uploads\/2015\/06\/2021107.jpg\" \/>\n\t<meta property=\"og:image:width\" content=\"961\" \/>\n\t<meta property=\"og:image:height\" content=\"640\" \/>\n\t<meta property=\"og:image:type\" content=\"image\/jpeg\" \/>\n<meta name=\"author\" content=\"Gonzalo Schmidt\" \/>\n<meta name=\"twitter:card\" content=\"summary_large_image\" \/>\n<meta name=\"twitter:creator\" content=\"@InformeLitoral\" \/>\n<meta name=\"twitter:site\" content=\"@InformeLitoral\" \/>\n<meta name=\"twitter:label1\" content=\"Escrito por\" \/>\n\t<meta name=\"twitter:data1\" content=\"Gonzalo Schmidt\" \/>\n\t<meta name=\"twitter:label2\" content=\"Tiempo de lectura\" \/>\n\t<meta name=\"twitter:data2\" content=\"1 minuto\" \/>\n<script type=\"application\/ld+json\" class=\"yoast-schema-graph\">{\"@context\":\"https:\\\/\\\/schema.org\",\"@graph\":[{\"@type\":\"Article\",\"@id\":\"https:\\\/\\\/informelitoral.com.ar\\\/ramirez-quienes-son-los-candidatos-a-concejales-que-propone-claudio-mantovani\\\/#article\",\"isPartOf\":{\"@id\":\"https:\\\/\\\/informelitoral.com.ar\\\/ramirez-quienes-son-los-candidatos-a-concejales-que-propone-claudio-mantovani\\\/\"},\"author\":{\"name\":\"Gonzalo Schmidt\",\"@id\":\"https:\\\/\\\/informelitoral.com.ar\\\/#\\\/schema\\\/person\\\/b9d00407c836482871ef1d57bf8e3180\"},\"headline\":\"Ram\u00edrez: \u00bfQui\u00e9nes son los candidatos a concejales que propone Claudio Mantovani?\",\"datePublished\":\"2015-06-29T13:00:04+00:00\",\"dateModified\":\"2015-06-29T18:21:16+00:00\",\"mainEntityOfPage\":{\"@id\":\"https:\\\/\\\/informelitoral.com.ar\\\/ramirez-quienes-son-los-candidatos-a-concejales-que-propone-claudio-mantovani\\\/\"},\"wordCount\":129,\"commentCount\":0,\"publisher\":{\"@id\":\"https:\\\/\\\/informelitoral.com.ar\\\/#organization\"},\"image\":{\"@id\":\"https:\\\/\\\/informelitoral.com.ar\\\/ramirez-quienes-son-los-candidatos-a-concejales-que-propone-claudio-mantovani\\\/#primaryimage\"},\"thumbnailUrl\":\"http:\\\/\\\/www.isletasnoticias.com.ar\\\/%77%70%2d%63%6f%6e%74%65%6e%74\\\/uploads\\\/2015\\\/06\\\/2021107-300x200.jpg\",\"articleSection\":[\"Departamento Diamante\",\"Politica\"],\"inLanguage\":\"es\",\"potentialAction\":[{\"@type\":\"CommentAction\",\"name\":\"Comment\",\"target\":[\"https:\\\/\\\/informelitoral.com.ar\\\/ramirez-quienes-son-los-candidatos-a-concejales-que-propone-claudio-mantovani\\\/#respond\"]}]},{\"@type\":\"WebPage\",\"@id\":\"https:\\\/\\\/informelitoral.com.ar\\\/ramirez-quienes-son-los-candidatos-a-concejales-que-propone-claudio-mantovani\\\/\",\"url\":\"https:\\\/\\\/informelitoral.com.ar\\\/ramirez-quienes-son-los-candidatos-a-concejales-que-propone-claudio-mantovani\\\/\",\"name\":\"Ram\u00edrez: \u00bfQui\u00e9nes son los candidatos a concejales que propone Claudio Mantovani? - Informe Litoral\",\"isPartOf\":{\"@id\":\"https:\\\/\\\/informelitoral.com.ar\\\/#website\"},\"primaryImageOfPage\":{\"@id\":\"https:\\\/\\\/informelitoral.com.ar\\\/ramirez-quienes-son-los-candidatos-a-concejales-que-propone-claudio-mantovani\\\/#primaryimage\"},\"image\":{\"@id\":\"https:\\\/\\\/informelitoral.com.ar\\\/ramirez-quienes-son-los-candidatos-a-concejales-que-propone-claudio-mantovani\\\/#primaryimage\"},\"thumbnailUrl\":\"http:\\\/\\\/www.isletasnoticias.com.ar\\\/%77%70%2d%63%6f%6e%74%65%6e%74\\\/uploads\\\/2015\\\/06\\\/2021107-300x200.jpg\",\"datePublished\":\"2015-06-29T13:00:04+00:00\",\"dateModified\":\"2015-06-29T18:21:16+00:00\",\"breadcrumb\":{\"@id\":\"https:\\\/\\\/informelitoral.com.ar\\\/ramirez-quienes-son-los-candidatos-a-concejales-que-propone-claudio-mantovani\\\/#breadcrumb\"},\"inLanguage\":\"es\",\"potentialAction\":[{\"@type\":\"ReadAction\",\"target\":[\"https:\\\/\\\/informelitoral.com.ar\\\/ramirez-quienes-son-los-candidatos-a-concejales-que-propone-claudio-mantovani\\\/\"]}]},{\"@type\":\"ImageObject\",\"inLanguage\":\"es\",\"@id\":\"https:\\\/\\\/informelitoral.com.ar\\\/ramirez-quienes-son-los-candidatos-a-concejales-que-propone-claudio-mantovani\\\/#primaryimage\",\"url\":\"http:\\\/\\\/www.isletasnoticias.com.ar\\\/%77%70%2d%63%6f%6e%74%65%6e%74\\\/uploads\\\/2015\\\/06\\\/2021107-300x200.jpg\",\"contentUrl\":\"http:\\\/\\\/www.isletasnoticias.com.ar\\\/%77%70%2d%63%6f%6e%74%65%6e%74\\\/uploads\\\/2015\\\/06\\\/2021107-300x200.jpg\"},{\"@type\":\"BreadcrumbList\",\"@id\":\"https:\\\/\\\/informelitoral.com.ar\\\/ramirez-quienes-son-los-candidatos-a-concejales-que-propone-claudio-mantovani\\\/#breadcrumb\",\"itemListElement\":[{\"@type\":\"ListItem\",\"position\":1,\"name\":\"Portada\",\"item\":\"https:\\\/\\\/informelitoral.com.ar\\\/\"},{\"@type\":\"ListItem\",\"position\":2,\"name\":\"Ram\u00edrez: \u00bfQui\u00e9nes son los candidatos a concejales que propone Claudio Mantovani?\"}]},{\"@type\":\"WebSite\",\"@id\":\"https:\\\/\\\/informelitoral.com.ar\\\/#website\",\"url\":\"https:\\\/\\\/informelitoral.com.ar\\\/\",\"name\":\"Informe Litoral\",\"description\":\"&quot;Nos informamos&quot; \",\"publisher\":{\"@id\":\"https:\\\/\\\/informelitoral.com.ar\\\/#organization\"},\"potentialAction\":[{\"@type\":\"SearchAction\",\"target\":{\"@type\":\"EntryPoint\",\"urlTemplate\":\"https:\\\/\\\/informelitoral.com.ar\\\/?s={search_term_string}\"},\"query-input\":{\"@type\":\"PropertyValueSpecification\",\"valueRequired\":true,\"valueName\":\"search_term_string\"}}],\"inLanguage\":\"es\"},{\"@type\":\"Organization\",\"@id\":\"https:\\\/\\\/informelitoral.com.ar\\\/#organization\",\"name\":\"Informe Litoral\",\"url\":\"https:\\\/\\\/informelitoral.com.ar\\\/\",\"logo\":{\"@type\":\"ImageObject\",\"inLanguage\":\"es\",\"@id\":\"https:\\\/\\\/informelitoral.com.ar\\\/#\\\/schema\\\/logo\\\/image\\\/\",\"url\":\"https:\\\/\\\/informelitoral.com.ar\\\/%77%70%2d%63%6f%6e%74%65%6e%74\\\/uploads\\\/2021\\\/01\\\/circulo.png\",\"contentUrl\":\"https:\\\/\\\/informelitoral.com.ar\\\/%77%70%2d%63%6f%6e%74%65%6e%74\\\/uploads\\\/2021\\\/01\\\/circulo.png\",\"width\":723,\"height\":731,\"caption\":\"Informe Litoral\"},\"image\":{\"@id\":\"https:\\\/\\\/informelitoral.com.ar\\\/#\\\/schema\\\/logo\\\/image\\\/\"},\"sameAs\":[\"https:\\\/\\\/www.facebook.com\\\/informelitoral\\\/\",\"https:\\\/\\\/x.com\\\/InformeLitoral\",\"https:\\\/\\\/www.instagram.com\\\/informelitoral\\\/\",\"https:\\\/\\\/www.youtube.com\\\/channel\\\/UCua4Qvz8Icb6MYqhoq9xLXw\"]},{\"@type\":\"Person\",\"@id\":\"https:\\\/\\\/informelitoral.com.ar\\\/#\\\/schema\\\/person\\\/b9d00407c836482871ef1d57bf8e3180\",\"name\":\"Gonzalo Schmidt\",\"image\":{\"@type\":\"ImageObject\",\"inLanguage\":\"es\",\"@id\":\"https:\\\/\\\/secure.gravatar.com\\\/avatar\\\/31a1a7b66ff2de83bd0e9fd79d026630d2d99e55e8bfe501287647b4fd9743de?s=96&d=mm&r=g\",\"url\":\"https:\\\/\\\/secure.gravatar.com\\\/avatar\\\/31a1a7b66ff2de83bd0e9fd79d026630d2d99e55e8bfe501287647b4fd9743de?s=96&d=mm&r=g\",\"contentUrl\":\"https:\\\/\\\/secure.gravatar.com\\\/avatar\\\/31a1a7b66ff2de83bd0e9fd79d026630d2d99e55e8bfe501287647b4fd9743de?s=96&d=mm&r=g\",\"caption\":\"Gonzalo Schmidt\"},\"description\":\"Sitio web de noticias de la provincia de Entre R\u00edos, Argentina. Informaci\u00f3n y entretenimiento. Informe Litoral, nos informamos.\",\"sameAs\":[\"http:\\\/\\\/www.isletasnoticias.com.ar\"],\"url\":\"https:\\\/\\\/informelitoral.com.ar\\\/author\\\/gonzalo\\\/\"}]}<\/script>","yoast_head_json":{"title":"Ram\u00edrez: \u00bfQui\u00e9nes son los candidatos a concejales que propone Claudio Mantovani? - Informe Litoral","robots":{"index":"index","follow":"follow","max-snippet":"max-snippet:-1","max-image-preview":"max-image-preview:large","max-video-preview":"max-video-preview:-1"},"canonical":"https:\/\/informelitoral.com.ar\/ramirez-quienes-son-los-candidatos-a-concejales-que-propone-claudio-mantovani\/","og_locale":"es_ES","og_type":"article","og_title":"Ram\u00edrez: \u00bfQui\u00e9nes son los candidatos a concejales que propone Claudio Mantovani? - Informe Litoral","og_description":"&laquo;Una Nueva Alternativa&raquo;, que lleva como candidato a intendente a Claudio Mantovani y a nivel provincial a Adri&aacute;n Fuertes y Jorge Busti como candidatos a gobernador y vice, respectivamente, presentaron la lista de concejales que proponen a los ramirenses para las pr&oacute;ximas elecciones.&nbsp; La lista Intentendente, Claudio Mantovani y viceintendente, Pablo Erhardt. Concejales titulares: Daiana [&hellip;]","og_url":"https:\/\/informelitoral.com.ar\/ramirez-quienes-son-los-candidatos-a-concejales-que-propone-claudio-mantovani\/","og_site_name":"Informe Litoral","article_publisher":"https:\/\/www.facebook.com\/informelitoral\/","article_published_time":"2015-06-29T13:00:04+00:00","article_modified_time":"2015-06-29T18:21:16+00:00","og_image":[{"width":961,"height":640,"url":"https:\/\/informelitoral.com.ar\/%77%70%2d%63%6f%6e%74%65%6e%74\/uploads\/2015\/06\/2021107.jpg","type":"image\/jpeg"}],"author":"Gonzalo Schmidt","twitter_card":"summary_large_image","twitter_creator":"@InformeLitoral","twitter_site":"@InformeLitoral","twitter_misc":{"Escrito por":"Gonzalo Schmidt","Tiempo de lectura":"1 minuto"},"schema":{"@context":"https:\/\/schema.org","@graph":[{"@type":"Article","@id":"https:\/\/informelitoral.com.ar\/ramirez-quienes-son-los-candidatos-a-concejales-que-propone-claudio-mantovani\/#article","isPartOf":{"@id":"https:\/\/informelitoral.com.ar\/ramirez-quienes-son-los-candidatos-a-concejales-que-propone-claudio-mantovani\/"},"author":{"name":"Gonzalo Schmidt","@id":"https:\/\/informelitoral.com.ar\/#\/schema\/person\/b9d00407c836482871ef1d57bf8e3180"},"headline":"Ram\u00edrez: \u00bfQui\u00e9nes son los candidatos a concejales que propone Claudio Mantovani?","datePublished":"2015-06-29T13:00:04+00:00","dateModified":"2015-06-29T18:21:16+00:00","mainEntityOfPage":{"@id":"https:\/\/informelitoral.com.ar\/ramirez-quienes-son-los-candidatos-a-concejales-que-propone-claudio-mantovani\/"},"wordCount":129,"commentCount":0,"publisher":{"@id":"https:\/\/informelitoral.com.ar\/#organization"},"image":{"@id":"https:\/\/informelitoral.com.ar\/ramirez-quienes-son-los-candidatos-a-concejales-que-propone-claudio-mantovani\/#primaryimage"},"thumbnailUrl":"http:\/\/www.isletasnoticias.com.ar\/%77%70%2d%63%6f%6e%74%65%6e%74\/uploads\/2015\/06\/2021107-300x200.jpg","articleSection":["Departamento Diamante","Politica"],"inLanguage":"es","potentialAction":[{"@type":"CommentAction","name":"Comment","target":["https:\/\/informelitoral.com.ar\/ramirez-quienes-son-los-candidatos-a-concejales-que-propone-claudio-mantovani\/#respond"]}]},{"@type":"WebPage","@id":"https:\/\/informelitoral.com.ar\/ramirez-quienes-son-los-candidatos-a-concejales-que-propone-claudio-mantovani\/","url":"https:\/\/informelitoral.com.ar\/ramirez-quienes-son-los-candidatos-a-concejales-que-propone-claudio-mantovani\/","name":"Ram\u00edrez: \u00bfQui\u00e9nes son los candidatos a concejales que propone Claudio Mantovani? - Informe Litoral","isPartOf":{"@id":"https:\/\/informelitoral.com.ar\/#website"},"primaryImageOfPage":{"@id":"https:\/\/informelitoral.com.ar\/ramirez-quienes-son-los-candidatos-a-concejales-que-propone-claudio-mantovani\/#primaryimage"},"image":{"@id":"https:\/\/informelitoral.com.ar\/ramirez-quienes-son-los-candidatos-a-concejales-que-propone-claudio-mantovani\/#primaryimage"},"thumbnailUrl":"http:\/\/www.isletasnoticias.com.ar\/%77%70%2d%63%6f%6e%74%65%6e%74\/uploads\/2015\/06\/2021107-300x200.jpg","datePublished":"2015-06-29T13:00:04+00:00","dateModified":"2015-06-29T18:21:16+00:00","breadcrumb":{"@id":"https:\/\/informelitoral.com.ar\/ramirez-quienes-son-los-candidatos-a-concejales-que-propone-claudio-mantovani\/#breadcrumb"},"inLanguage":"es","potentialAction":[{"@type":"ReadAction","target":["https:\/\/informelitoral.com.ar\/ramirez-quienes-son-los-candidatos-a-concejales-que-propone-claudio-mantovani\/"]}]},{"@type":"ImageObject","inLanguage":"es","@id":"https:\/\/informelitoral.com.ar\/ramirez-quienes-son-los-candidatos-a-concejales-que-propone-claudio-mantovani\/#primaryimage","url":"http:\/\/www.isletasnoticias.com.ar\/%77%70%2d%63%6f%6e%74%65%6e%74\/uploads\/2015\/06\/2021107-300x200.jpg","contentUrl":"http:\/\/www.isletasnoticias.com.ar\/%77%70%2d%63%6f%6e%74%65%6e%74\/uploads\/2015\/06\/2021107-300x200.jpg"},{"@type":"BreadcrumbList","@id":"https:\/\/informelitoral.com.ar\/ramirez-quienes-son-los-candidatos-a-concejales-que-propone-claudio-mantovani\/#breadcrumb","itemListElement":[{"@type":"ListItem","position":1,"name":"Portada","item":"https:\/\/informelitoral.com.ar\/"},{"@type":"ListItem","position":2,"name":"Ram\u00edrez: \u00bfQui\u00e9nes son los candidatos a concejales que propone Claudio Mantovani?"}]},{"@type":"WebSite","@id":"https:\/\/informelitoral.com.ar\/#website","url":"https:\/\/informelitoral.com.ar\/","name":"Informe Litoral","description":"&quot;Nos informamos&quot; ","publisher":{"@id":"https:\/\/informelitoral.com.ar\/#organization"},"potentialAction":[{"@type":"SearchAction","target":{"@type":"EntryPoint","urlTemplate":"https:\/\/informelitoral.com.ar\/?s={search_term_string}"},"query-input":{"@type":"PropertyValueSpecification","valueRequired":true,"valueName":"search_term_string"}}],"inLanguage":"es"},{"@type":"Organization","@id":"https:\/\/informelitoral.com.ar\/#organization","name":"Informe Litoral","url":"https:\/\/informelitoral.com.ar\/","logo":{"@type":"ImageObject","inLanguage":"es","@id":"https:\/\/informelitoral.com.ar\/#\/schema\/logo\/image\/","url":"https:\/\/informelitoral.com.ar\/%77%70%2d%63%6f%6e%74%65%6e%74\/uploads\/2021\/01\/circulo.png","contentUrl":"https:\/\/informelitoral.com.ar\/%77%70%2d%63%6f%6e%74%65%6e%74\/uploads\/2021\/01\/circulo.png","width":723,"height":731,"caption":"Informe Litoral"},"image":{"@id":"https:\/\/informelitoral.com.ar\/#\/schema\/logo\/image\/"},"sameAs":["https:\/\/www.facebook.com\/informelitoral\/","https:\/\/x.com\/InformeLitoral","https:\/\/www.instagram.com\/informelitoral\/","https:\/\/www.youtube.com\/channel\/UCua4Qvz8Icb6MYqhoq9xLXw"]},{"@type":"Person","@id":"https:\/\/informelitoral.com.ar\/#\/schema\/person\/b9d00407c836482871ef1d57bf8e3180","name":"Gonzalo Schmidt","image":{"@type":"ImageObject","inLanguage":"es","@id":"https:\/\/secure.gravatar.com\/avatar\/31a1a7b66ff2de83bd0e9fd79d026630d2d99e55e8bfe501287647b4fd9743de?s=96&d=mm&r=g","url":"https:\/\/secure.gravatar.com\/avatar\/31a1a7b66ff2de83bd0e9fd79d026630d2d99e55e8bfe501287647b4fd9743de?s=96&d=mm&r=g","contentUrl":"https:\/\/secure.gravatar.com\/avatar\/31a1a7b66ff2de83bd0e9fd79d026630d2d99e55e8bfe501287647b4fd9743de?s=96&d=mm&r=g","caption":"Gonzalo Schmidt"},"description":"Sitio web de noticias de la provincia de Entre R\u00edos, Argentina. Informaci\u00f3n y entretenimiento. Informe Litoral, nos informamos.","sameAs":["http:\/\/www.isletasnoticias.com.ar"],"url":"https:\/\/informelitoral.com.ar\/author\/gonzalo\/"}]}},"_links":{"self":[{"href":"https:\/\/informelitoral.com.ar\/%77%70%2d%6a%73%6f%6e\/wp\/v2\/posts\/11148","targetHints":{"allow":["GET"]}}],"collection":[{"href":"https:\/\/informelitoral.com.ar\/%77%70%2d%6a%73%6f%6e\/wp\/v2\/posts"}],"about":[{"href":"https:\/\/informelitoral.com.ar\/%77%70%2d%6a%73%6f%6e\/wp\/v2\/types\/post"}],"author":[{"embeddable":true,"href":"https:\/\/informelitoral.com.ar\/%77%70%2d%6a%73%6f%6e\/wp\/v2\/users\/2"}],"replies":[{"embeddable":true,"href":"https:\/\/informelitoral.com.ar\/%77%70%2d%6a%73%6f%6e\/wp\/v2\/comments?post=11148"}],"version-history":[{"count":0,"href":"https:\/\/informelitoral.com.ar\/%77%70%2d%6a%73%6f%6e\/wp\/v2\/posts\/11148\/revisions"}],"wp:attachment":[{"href":"https:\/\/informelitoral.com.ar\/%77%70%2d%6a%73%6f%6e\/wp\/v2\/media?parent=11148"}],"wp:term":[{"taxonomy":"category","embeddable":true,"href":"https:\/\/informelitoral.com.ar\/%77%70%2d%6a%73%6f%6e\/wp\/v2\/categories?post=11148"},{"taxonomy":"post_tag","embeddable":true,"href":"https:\/\/informelitoral.com.ar\/%77%70%2d%6a%73%6f%6e\/wp\/v2\/tags?post=11148"}],"curies":[{"name":"wp","href":"https:\/\/api.w.org\/{rel}","templated":true}]}}