{"id":111,"date":"2013-03-13T00:28:30","date_gmt":"2013-03-13T03:28:30","guid":{"rendered":"http:\/\/www.isletasnoticias.com.ar\/?p=111"},"modified":"2013-03-13T00:44:14","modified_gmt":"2013-03-13T03:44:14","slug":"diamanteeste-jueves-comienza-la-venta-de-entradas-anticipadas-para-la-noche-de-las-pistolas-frias","status":"publish","type":"post","link":"https:\/\/informelitoral.com.ar\/diamanteeste-jueves-comienza-la-venta-de-entradas-anticipadas-para-la-noche-de-las-pistolas-frias\/","title":{"rendered":"Diamante: Este jueves comienza la venta de entradas anticipadas para \u201cLa Noche De Las Pistolas Fr\u00edas\u201d"},"content":{"rendered":"<h1><strong style=\"font-size: 14px; line-height: 21px;\">\u00a0 El s\u00e1bado 16 de marzo a las 22:00, la sala del Teatro Marconi de Diamante se prepara para recibir a una de las obras m\u00e1s exitosas del verano. Se presentar\u00e1 \u201cLa Noche De Las Pistolas Fr\u00edas\u201d. Este jueves comienza la venta de entradas anticipadas.<\/strong><\/h1>\n<div>\n<p>&nbsp;<\/p>\n<p>La obra protagonizada por Emilio Dissi fue una de las producciones que conform\u00f3 la<\/p>\n<div><em><strong><a href=\"http:\/\/www.isletasnoticias.com.ar\/%77%70%2d%63%6f%6e%74%65%6e%74\/uploads\/2013\/03\/pistol-frias.jpg\"><img loading=\"lazy\" decoding=\"async\" class=\"size-medium wp-image-115 alignright\" alt=\"pistol frias\" src=\"http:\/\/www.isletasnoticias.com.ar\/%77%70%2d%63%6f%6e%74%65%6e%74\/uploads\/2013\/03\/pistol-frias-300x161.jpg\" width=\"300\" height=\"161\" srcset=\"https:\/\/informelitoral.com.ar\/%77%70%2d%63%6f%6e%74%65%6e%74\/uploads\/2013\/03\/pistol-frias-300x161.jpg 300w, https:\/\/informelitoral.com.ar\/%77%70%2d%63%6f%6e%74%65%6e%74\/uploads\/2013\/03\/pistol-frias.jpg 544w\" sizes=\"auto, (max-width: 300px) 100vw, 300px\" \/><\/a><\/strong><\/em>cartelera de teatro de verano de la provincia de Entre R\u00edos, apostando a la apertura de una nueva plaza para esta temporada.<\/div>\n<div><\/div>\n<p>Dicha obra tambi\u00e9n se ha presentado en Mar del Plata y en Villa Carlos Paz. Del\u00a0elenco tambi\u00e9n forman parte Cristina Alber\u00f3,\u00a0Floppy Tesouro, Campi, M\u00f3nica Farro, Claudia Sciardone, Lully Drozdek y Manuel Navarrete.<\/p>\n<\/div>\n<p>Las entradas estar\u00e1n a la venta en calle 25 de Mayo y Urquiza (Subsecretar\u00eda de Turismo) a partir de este jueves 7, en el horario de 9 a 12 y de 15 a 18 hs., el costo de las mismas es de 180 pesos y 160 pesos.<\/p>\n<p><em><strong>Compra Por Internet<\/strong><\/em><\/p>\n<p>Podr\u00e1n adquirirse tambi\u00e9n con tarjeta de cr\u00e9dito v\u00eda internet. Los interesados deber\u00e1n visitar el sitio web: <a href=\"http:\/\/www.autoentrada.com\/\">www.autoentrada.com<\/a> y seguir los pasos establecidos para poder acceder a la entrada a trav\u00e9s del pago con tarjetas de cr\u00e9dito. Con el comprobante extendido deber\u00e1n presentarse a la subsecretaria de Turismo (25 de Mayo y Urquiza), de lunes a viernes de 9 a 12 y de 15 a 18 horas.<\/p>\n<p>Para m\u00e1s informaci\u00f3n, los interesados en adquirir las entradas pueden comunicarse al tel\u00e9fono 0343- 498 1244.<\/p>\n<p>Fuente: Neo Net Music.<\/p>\n","protected":false},"excerpt":{"rendered":"<p>&nbsp; El s&aacute;bado 16 de marzo a las 22:00, la sala del Teatro Marconi de Diamante se prepara para recibir a una de las obras m&aacute;s exitosas del verano. Se presentar&aacute; &ldquo;La Noche De Las Pistolas Fr&iacute;as&rdquo;. Este jueves comienza la venta de entradas anticipadas. &nbsp; La obra protagonizada por Emilio Dissi fue una de [&hellip;]<\/p>\n","protected":false},"author":2,"featured_media":115,"comment_status":"open","ping_status":"open","sticky":false,"template":"","format":"standard","meta":{"fifu_image_url":"","fifu_image_alt":"","footnotes":""},"categories":[12],"tags":[],"class_list":{"0":"post-111","1":"post","2":"type-post","3":"status-publish","4":"format-standard","5":"has-post-thumbnail","7":"category-espectaculos"},"yoast_head":"<title>Diamante: Este jueves comienza la venta de entradas anticipadas para \u201cLa Noche De Las Pistolas Fr\u00edas\u201d - Informe Litoral<\/title>\n<meta name=\"robots\" content=\"index, follow, max-snippet:-1, max-image-preview:large, max-video-preview:-1\" \/>\n<link rel=\"canonical\" href=\"https:\/\/informelitoral.com.ar\/diamanteeste-jueves-comienza-la-venta-de-entradas-anticipadas-para-la-noche-de-las-pistolas-frias\/\" \/>\n<meta property=\"og:locale\" content=\"es_ES\" \/>\n<meta property=\"og:type\" content=\"article\" \/>\n<meta property=\"og:title\" content=\"Diamante: Este jueves comienza la venta de entradas anticipadas para \u201cLa Noche De Las Pistolas Fr\u00edas\u201d - Informe Litoral\" \/>\n<meta property=\"og:description\" content=\"&nbsp; El s&aacute;bado 16 de marzo a las 22:00, la sala del Teatro Marconi de Diamante se prepara para recibir a una de las obras m&aacute;s exitosas del verano. Se presentar&aacute; &ldquo;La Noche De Las Pistolas Fr&iacute;as&rdquo;. Este jueves comienza la venta de entradas anticipadas. &nbsp; La obra protagonizada por Emilio Dissi fue una de [&hellip;]\" \/>\n<meta property=\"og:url\" content=\"https:\/\/informelitoral.com.ar\/diamanteeste-jueves-comienza-la-venta-de-entradas-anticipadas-para-la-noche-de-las-pistolas-frias\/\" \/>\n<meta property=\"og:site_name\" content=\"Informe Litoral\" \/>\n<meta property=\"article:publisher\" content=\"https:\/\/www.facebook.com\/informelitoral\/\" \/>\n<meta property=\"article:published_time\" content=\"2013-03-13T03:28:30+00:00\" \/>\n<meta property=\"article:modified_time\" content=\"2013-03-13T03:44:14+00:00\" \/>\n<meta property=\"og:image\" content=\"https:\/\/informelitoral.com.ar\/%77%70%2d%63%6f%6e%74%65%6e%74\/uploads\/2013\/03\/pistol-frias.jpg\" \/>\n\t<meta property=\"og:image:width\" content=\"544\" \/>\n\t<meta property=\"og:image:height\" content=\"293\" \/>\n\t<meta property=\"og:image:type\" content=\"image\/jpeg\" \/>\n<meta name=\"author\" content=\"Gonzalo Schmidt\" \/>\n<meta name=\"twitter:card\" content=\"summary_large_image\" \/>\n<meta name=\"twitter:creator\" content=\"@InformeLitoral\" \/>\n<meta name=\"twitter:site\" content=\"@InformeLitoral\" \/>\n<meta name=\"twitter:label1\" content=\"Escrito por\" \/>\n\t<meta name=\"twitter:data1\" content=\"Gonzalo Schmidt\" \/>\n\t<meta name=\"twitter:label2\" content=\"Tiempo de lectura\" \/>\n\t<meta name=\"twitter:data2\" content=\"1 minuto\" \/>\n<script type=\"application\/ld+json\" class=\"yoast-schema-graph\">{\"@context\":\"https:\\\/\\\/schema.org\",\"@graph\":[{\"@type\":\"Article\",\"@id\":\"https:\\\/\\\/informelitoral.com.ar\\\/diamanteeste-jueves-comienza-la-venta-de-entradas-anticipadas-para-la-noche-de-las-pistolas-frias\\\/#article\",\"isPartOf\":{\"@id\":\"https:\\\/\\\/informelitoral.com.ar\\\/diamanteeste-jueves-comienza-la-venta-de-entradas-anticipadas-para-la-noche-de-las-pistolas-frias\\\/\"},\"author\":{\"name\":\"Gonzalo Schmidt\",\"@id\":\"https:\\\/\\\/informelitoral.com.ar\\\/#\\\/schema\\\/person\\\/b9d00407c836482871ef1d57bf8e3180\"},\"headline\":\"Diamante: Este jueves comienza la venta de entradas anticipadas para \u201cLa Noche De Las Pistolas Fr\u00edas\u201d\",\"datePublished\":\"2013-03-13T03:28:30+00:00\",\"dateModified\":\"2013-03-13T03:44:14+00:00\",\"mainEntityOfPage\":{\"@id\":\"https:\\\/\\\/informelitoral.com.ar\\\/diamanteeste-jueves-comienza-la-venta-de-entradas-anticipadas-para-la-noche-de-las-pistolas-frias\\\/\"},\"wordCount\":273,\"commentCount\":0,\"publisher\":{\"@id\":\"https:\\\/\\\/informelitoral.com.ar\\\/#organization\"},\"image\":{\"@id\":\"https:\\\/\\\/informelitoral.com.ar\\\/diamanteeste-jueves-comienza-la-venta-de-entradas-anticipadas-para-la-noche-de-las-pistolas-frias\\\/#primaryimage\"},\"thumbnailUrl\":\"https:\\\/\\\/informelitoral.com.ar\\\/%77%70%2d%63%6f%6e%74%65%6e%74\\\/uploads\\\/2013\\\/03\\\/pistol-frias.jpg\",\"articleSection\":[\"Espect\u00e1culos\"],\"inLanguage\":\"es\",\"potentialAction\":[{\"@type\":\"CommentAction\",\"name\":\"Comment\",\"target\":[\"https:\\\/\\\/informelitoral.com.ar\\\/diamanteeste-jueves-comienza-la-venta-de-entradas-anticipadas-para-la-noche-de-las-pistolas-frias\\\/#respond\"]}]},{\"@type\":\"WebPage\",\"@id\":\"https:\\\/\\\/informelitoral.com.ar\\\/diamanteeste-jueves-comienza-la-venta-de-entradas-anticipadas-para-la-noche-de-las-pistolas-frias\\\/\",\"url\":\"https:\\\/\\\/informelitoral.com.ar\\\/diamanteeste-jueves-comienza-la-venta-de-entradas-anticipadas-para-la-noche-de-las-pistolas-frias\\\/\",\"name\":\"Diamante: Este jueves comienza la venta de entradas anticipadas para \u201cLa Noche De Las Pistolas Fr\u00edas\u201d - Informe Litoral\",\"isPartOf\":{\"@id\":\"https:\\\/\\\/informelitoral.com.ar\\\/#website\"},\"primaryImageOfPage\":{\"@id\":\"https:\\\/\\\/informelitoral.com.ar\\\/diamanteeste-jueves-comienza-la-venta-de-entradas-anticipadas-para-la-noche-de-las-pistolas-frias\\\/#primaryimage\"},\"image\":{\"@id\":\"https:\\\/\\\/informelitoral.com.ar\\\/diamanteeste-jueves-comienza-la-venta-de-entradas-anticipadas-para-la-noche-de-las-pistolas-frias\\\/#primaryimage\"},\"thumbnailUrl\":\"https:\\\/\\\/informelitoral.com.ar\\\/%77%70%2d%63%6f%6e%74%65%6e%74\\\/uploads\\\/2013\\\/03\\\/pistol-frias.jpg\",\"datePublished\":\"2013-03-13T03:28:30+00:00\",\"dateModified\":\"2013-03-13T03:44:14+00:00\",\"breadcrumb\":{\"@id\":\"https:\\\/\\\/informelitoral.com.ar\\\/diamanteeste-jueves-comienza-la-venta-de-entradas-anticipadas-para-la-noche-de-las-pistolas-frias\\\/#breadcrumb\"},\"inLanguage\":\"es\",\"potentialAction\":[{\"@type\":\"ReadAction\",\"target\":[\"https:\\\/\\\/informelitoral.com.ar\\\/diamanteeste-jueves-comienza-la-venta-de-entradas-anticipadas-para-la-noche-de-las-pistolas-frias\\\/\"]}]},{\"@type\":\"ImageObject\",\"inLanguage\":\"es\",\"@id\":\"https:\\\/\\\/informelitoral.com.ar\\\/diamanteeste-jueves-comienza-la-venta-de-entradas-anticipadas-para-la-noche-de-las-pistolas-frias\\\/#primaryimage\",\"url\":\"https:\\\/\\\/informelitoral.com.ar\\\/%77%70%2d%63%6f%6e%74%65%6e%74\\\/uploads\\\/2013\\\/03\\\/pistol-frias.jpg\",\"contentUrl\":\"https:\\\/\\\/informelitoral.com.ar\\\/%77%70%2d%63%6f%6e%74%65%6e%74\\\/uploads\\\/2013\\\/03\\\/pistol-frias.jpg\",\"width\":544,\"height\":293},{\"@type\":\"BreadcrumbList\",\"@id\":\"https:\\\/\\\/informelitoral.com.ar\\\/diamanteeste-jueves-comienza-la-venta-de-entradas-anticipadas-para-la-noche-de-las-pistolas-frias\\\/#breadcrumb\",\"itemListElement\":[{\"@type\":\"ListItem\",\"position\":1,\"name\":\"Portada\",\"item\":\"https:\\\/\\\/informelitoral.com.ar\\\/\"},{\"@type\":\"ListItem\",\"position\":2,\"name\":\"Diamante: Este jueves comienza la venta de entradas anticipadas para \u201cLa Noche De Las Pistolas Fr\u00edas\u201d\"}]},{\"@type\":\"WebSite\",\"@id\":\"https:\\\/\\\/informelitoral.com.ar\\\/#website\",\"url\":\"https:\\\/\\\/informelitoral.com.ar\\\/\",\"name\":\"Informe Litoral\",\"description\":\"&quot;Nos informamos&quot; \",\"publisher\":{\"@id\":\"https:\\\/\\\/informelitoral.com.ar\\\/#organization\"},\"potentialAction\":[{\"@type\":\"SearchAction\",\"target\":{\"@type\":\"EntryPoint\",\"urlTemplate\":\"https:\\\/\\\/informelitoral.com.ar\\\/?s={search_term_string}\"},\"query-input\":{\"@type\":\"PropertyValueSpecification\",\"valueRequired\":true,\"valueName\":\"search_term_string\"}}],\"inLanguage\":\"es\"},{\"@type\":\"Organization\",\"@id\":\"https:\\\/\\\/informelitoral.com.ar\\\/#organization\",\"name\":\"Informe Litoral\",\"url\":\"https:\\\/\\\/informelitoral.com.ar\\\/\",\"logo\":{\"@type\":\"ImageObject\",\"inLanguage\":\"es\",\"@id\":\"https:\\\/\\\/informelitoral.com.ar\\\/#\\\/schema\\\/logo\\\/image\\\/\",\"url\":\"https:\\\/\\\/informelitoral.com.ar\\\/%77%70%2d%63%6f%6e%74%65%6e%74\\\/uploads\\\/2021\\\/01\\\/circulo.png\",\"contentUrl\":\"https:\\\/\\\/informelitoral.com.ar\\\/%77%70%2d%63%6f%6e%74%65%6e%74\\\/uploads\\\/2021\\\/01\\\/circulo.png\",\"width\":723,\"height\":731,\"caption\":\"Informe Litoral\"},\"image\":{\"@id\":\"https:\\\/\\\/informelitoral.com.ar\\\/#\\\/schema\\\/logo\\\/image\\\/\"},\"sameAs\":[\"https:\\\/\\\/www.facebook.com\\\/informelitoral\\\/\",\"https:\\\/\\\/x.com\\\/InformeLitoral\",\"https:\\\/\\\/www.instagram.com\\\/informelitoral\\\/\",\"https:\\\/\\\/www.youtube.com\\\/channel\\\/UCua4Qvz8Icb6MYqhoq9xLXw\"]},{\"@type\":\"Person\",\"@id\":\"https:\\\/\\\/informelitoral.com.ar\\\/#\\\/schema\\\/person\\\/b9d00407c836482871ef1d57bf8e3180\",\"name\":\"Gonzalo Schmidt\",\"image\":{\"@type\":\"ImageObject\",\"inLanguage\":\"es\",\"@id\":\"https:\\\/\\\/secure.gravatar.com\\\/avatar\\\/31a1a7b66ff2de83bd0e9fd79d026630d2d99e55e8bfe501287647b4fd9743de?s=96&d=mm&r=g\",\"url\":\"https:\\\/\\\/secure.gravatar.com\\\/avatar\\\/31a1a7b66ff2de83bd0e9fd79d026630d2d99e55e8bfe501287647b4fd9743de?s=96&d=mm&r=g\",\"contentUrl\":\"https:\\\/\\\/secure.gravatar.com\\\/avatar\\\/31a1a7b66ff2de83bd0e9fd79d026630d2d99e55e8bfe501287647b4fd9743de?s=96&d=mm&r=g\",\"caption\":\"Gonzalo Schmidt\"},\"description\":\"Sitio web de noticias de la provincia de Entre R\u00edos, Argentina. Informaci\u00f3n y entretenimiento. Informe Litoral, nos informamos.\",\"sameAs\":[\"http:\\\/\\\/www.isletasnoticias.com.ar\"],\"url\":\"https:\\\/\\\/informelitoral.com.ar\\\/author\\\/gonzalo\\\/\"}]}<\/script>","yoast_head_json":{"title":"Diamante: Este jueves comienza la venta de entradas anticipadas para \u201cLa Noche De Las Pistolas Fr\u00edas\u201d - Informe Litoral","robots":{"index":"index","follow":"follow","max-snippet":"max-snippet:-1","max-image-preview":"max-image-preview:large","max-video-preview":"max-video-preview:-1"},"canonical":"https:\/\/informelitoral.com.ar\/diamanteeste-jueves-comienza-la-venta-de-entradas-anticipadas-para-la-noche-de-las-pistolas-frias\/","og_locale":"es_ES","og_type":"article","og_title":"Diamante: Este jueves comienza la venta de entradas anticipadas para \u201cLa Noche De Las Pistolas Fr\u00edas\u201d - Informe Litoral","og_description":"&nbsp; El s&aacute;bado 16 de marzo a las 22:00, la sala del Teatro Marconi de Diamante se prepara para recibir a una de las obras m&aacute;s exitosas del verano. Se presentar&aacute; &ldquo;La Noche De Las Pistolas Fr&iacute;as&rdquo;. Este jueves comienza la venta de entradas anticipadas. &nbsp; La obra protagonizada por Emilio Dissi fue una de [&hellip;]","og_url":"https:\/\/informelitoral.com.ar\/diamanteeste-jueves-comienza-la-venta-de-entradas-anticipadas-para-la-noche-de-las-pistolas-frias\/","og_site_name":"Informe Litoral","article_publisher":"https:\/\/www.facebook.com\/informelitoral\/","article_published_time":"2013-03-13T03:28:30+00:00","article_modified_time":"2013-03-13T03:44:14+00:00","og_image":[{"width":544,"height":293,"url":"https:\/\/informelitoral.com.ar\/%77%70%2d%63%6f%6e%74%65%6e%74\/uploads\/2013\/03\/pistol-frias.jpg","type":"image\/jpeg"}],"author":"Gonzalo Schmidt","twitter_card":"summary_large_image","twitter_creator":"@InformeLitoral","twitter_site":"@InformeLitoral","twitter_misc":{"Escrito por":"Gonzalo Schmidt","Tiempo de lectura":"1 minuto"},"schema":{"@context":"https:\/\/schema.org","@graph":[{"@type":"Article","@id":"https:\/\/informelitoral.com.ar\/diamanteeste-jueves-comienza-la-venta-de-entradas-anticipadas-para-la-noche-de-las-pistolas-frias\/#article","isPartOf":{"@id":"https:\/\/informelitoral.com.ar\/diamanteeste-jueves-comienza-la-venta-de-entradas-anticipadas-para-la-noche-de-las-pistolas-frias\/"},"author":{"name":"Gonzalo Schmidt","@id":"https:\/\/informelitoral.com.ar\/#\/schema\/person\/b9d00407c836482871ef1d57bf8e3180"},"headline":"Diamante: Este jueves comienza la venta de entradas anticipadas para \u201cLa Noche De Las Pistolas Fr\u00edas\u201d","datePublished":"2013-03-13T03:28:30+00:00","dateModified":"2013-03-13T03:44:14+00:00","mainEntityOfPage":{"@id":"https:\/\/informelitoral.com.ar\/diamanteeste-jueves-comienza-la-venta-de-entradas-anticipadas-para-la-noche-de-las-pistolas-frias\/"},"wordCount":273,"commentCount":0,"publisher":{"@id":"https:\/\/informelitoral.com.ar\/#organization"},"image":{"@id":"https:\/\/informelitoral.com.ar\/diamanteeste-jueves-comienza-la-venta-de-entradas-anticipadas-para-la-noche-de-las-pistolas-frias\/#primaryimage"},"thumbnailUrl":"https:\/\/informelitoral.com.ar\/%77%70%2d%63%6f%6e%74%65%6e%74\/uploads\/2013\/03\/pistol-frias.jpg","articleSection":["Espect\u00e1culos"],"inLanguage":"es","potentialAction":[{"@type":"CommentAction","name":"Comment","target":["https:\/\/informelitoral.com.ar\/diamanteeste-jueves-comienza-la-venta-de-entradas-anticipadas-para-la-noche-de-las-pistolas-frias\/#respond"]}]},{"@type":"WebPage","@id":"https:\/\/informelitoral.com.ar\/diamanteeste-jueves-comienza-la-venta-de-entradas-anticipadas-para-la-noche-de-las-pistolas-frias\/","url":"https:\/\/informelitoral.com.ar\/diamanteeste-jueves-comienza-la-venta-de-entradas-anticipadas-para-la-noche-de-las-pistolas-frias\/","name":"Diamante: Este jueves comienza la venta de entradas anticipadas para \u201cLa Noche De Las Pistolas Fr\u00edas\u201d - Informe Litoral","isPartOf":{"@id":"https:\/\/informelitoral.com.ar\/#website"},"primaryImageOfPage":{"@id":"https:\/\/informelitoral.com.ar\/diamanteeste-jueves-comienza-la-venta-de-entradas-anticipadas-para-la-noche-de-las-pistolas-frias\/#primaryimage"},"image":{"@id":"https:\/\/informelitoral.com.ar\/diamanteeste-jueves-comienza-la-venta-de-entradas-anticipadas-para-la-noche-de-las-pistolas-frias\/#primaryimage"},"thumbnailUrl":"https:\/\/informelitoral.com.ar\/%77%70%2d%63%6f%6e%74%65%6e%74\/uploads\/2013\/03\/pistol-frias.jpg","datePublished":"2013-03-13T03:28:30+00:00","dateModified":"2013-03-13T03:44:14+00:00","breadcrumb":{"@id":"https:\/\/informelitoral.com.ar\/diamanteeste-jueves-comienza-la-venta-de-entradas-anticipadas-para-la-noche-de-las-pistolas-frias\/#breadcrumb"},"inLanguage":"es","potentialAction":[{"@type":"ReadAction","target":["https:\/\/informelitoral.com.ar\/diamanteeste-jueves-comienza-la-venta-de-entradas-anticipadas-para-la-noche-de-las-pistolas-frias\/"]}]},{"@type":"ImageObject","inLanguage":"es","@id":"https:\/\/informelitoral.com.ar\/diamanteeste-jueves-comienza-la-venta-de-entradas-anticipadas-para-la-noche-de-las-pistolas-frias\/#primaryimage","url":"https:\/\/informelitoral.com.ar\/%77%70%2d%63%6f%6e%74%65%6e%74\/uploads\/2013\/03\/pistol-frias.jpg","contentUrl":"https:\/\/informelitoral.com.ar\/%77%70%2d%63%6f%6e%74%65%6e%74\/uploads\/2013\/03\/pistol-frias.jpg","width":544,"height":293},{"@type":"BreadcrumbList","@id":"https:\/\/informelitoral.com.ar\/diamanteeste-jueves-comienza-la-venta-de-entradas-anticipadas-para-la-noche-de-las-pistolas-frias\/#breadcrumb","itemListElement":[{"@type":"ListItem","position":1,"name":"Portada","item":"https:\/\/informelitoral.com.ar\/"},{"@type":"ListItem","position":2,"name":"Diamante: Este jueves comienza la venta de entradas anticipadas para \u201cLa Noche De Las Pistolas Fr\u00edas\u201d"}]},{"@type":"WebSite","@id":"https:\/\/informelitoral.com.ar\/#website","url":"https:\/\/informelitoral.com.ar\/","name":"Informe Litoral","description":"&quot;Nos informamos&quot; ","publisher":{"@id":"https:\/\/informelitoral.com.ar\/#organization"},"potentialAction":[{"@type":"SearchAction","target":{"@type":"EntryPoint","urlTemplate":"https:\/\/informelitoral.com.ar\/?s={search_term_string}"},"query-input":{"@type":"PropertyValueSpecification","valueRequired":true,"valueName":"search_term_string"}}],"inLanguage":"es"},{"@type":"Organization","@id":"https:\/\/informelitoral.com.ar\/#organization","name":"Informe Litoral","url":"https:\/\/informelitoral.com.ar\/","logo":{"@type":"ImageObject","inLanguage":"es","@id":"https:\/\/informelitoral.com.ar\/#\/schema\/logo\/image\/","url":"https:\/\/informelitoral.com.ar\/%77%70%2d%63%6f%6e%74%65%6e%74\/uploads\/2021\/01\/circulo.png","contentUrl":"https:\/\/informelitoral.com.ar\/%77%70%2d%63%6f%6e%74%65%6e%74\/uploads\/2021\/01\/circulo.png","width":723,"height":731,"caption":"Informe Litoral"},"image":{"@id":"https:\/\/informelitoral.com.ar\/#\/schema\/logo\/image\/"},"sameAs":["https:\/\/www.facebook.com\/informelitoral\/","https:\/\/x.com\/InformeLitoral","https:\/\/www.instagram.com\/informelitoral\/","https:\/\/www.youtube.com\/channel\/UCua4Qvz8Icb6MYqhoq9xLXw"]},{"@type":"Person","@id":"https:\/\/informelitoral.com.ar\/#\/schema\/person\/b9d00407c836482871ef1d57bf8e3180","name":"Gonzalo Schmidt","image":{"@type":"ImageObject","inLanguage":"es","@id":"https:\/\/secure.gravatar.com\/avatar\/31a1a7b66ff2de83bd0e9fd79d026630d2d99e55e8bfe501287647b4fd9743de?s=96&d=mm&r=g","url":"https:\/\/secure.gravatar.com\/avatar\/31a1a7b66ff2de83bd0e9fd79d026630d2d99e55e8bfe501287647b4fd9743de?s=96&d=mm&r=g","contentUrl":"https:\/\/secure.gravatar.com\/avatar\/31a1a7b66ff2de83bd0e9fd79d026630d2d99e55e8bfe501287647b4fd9743de?s=96&d=mm&r=g","caption":"Gonzalo Schmidt"},"description":"Sitio web de noticias de la provincia de Entre R\u00edos, Argentina. Informaci\u00f3n y entretenimiento. Informe Litoral, nos informamos.","sameAs":["http:\/\/www.isletasnoticias.com.ar"],"url":"https:\/\/informelitoral.com.ar\/author\/gonzalo\/"}]}},"_links":{"self":[{"href":"https:\/\/informelitoral.com.ar\/%77%70%2d%6a%73%6f%6e\/wp\/v2\/posts\/111","targetHints":{"allow":["GET"]}}],"collection":[{"href":"https:\/\/informelitoral.com.ar\/%77%70%2d%6a%73%6f%6e\/wp\/v2\/posts"}],"about":[{"href":"https:\/\/informelitoral.com.ar\/%77%70%2d%6a%73%6f%6e\/wp\/v2\/types\/post"}],"author":[{"embeddable":true,"href":"https:\/\/informelitoral.com.ar\/%77%70%2d%6a%73%6f%6e\/wp\/v2\/users\/2"}],"replies":[{"embeddable":true,"href":"https:\/\/informelitoral.com.ar\/%77%70%2d%6a%73%6f%6e\/wp\/v2\/comments?post=111"}],"version-history":[{"count":0,"href":"https:\/\/informelitoral.com.ar\/%77%70%2d%6a%73%6f%6e\/wp\/v2\/posts\/111\/revisions"}],"wp:featuredmedia":[{"embeddable":true,"href":"https:\/\/informelitoral.com.ar\/%77%70%2d%6a%73%6f%6e\/wp\/v2\/media\/115"}],"wp:attachment":[{"href":"https:\/\/informelitoral.com.ar\/%77%70%2d%6a%73%6f%6e\/wp\/v2\/media?parent=111"}],"wp:term":[{"taxonomy":"category","embeddable":true,"href":"https:\/\/informelitoral.com.ar\/%77%70%2d%6a%73%6f%6e\/wp\/v2\/categories?post=111"},{"taxonomy":"post_tag","embeddable":true,"href":"https:\/\/informelitoral.com.ar\/%77%70%2d%6a%73%6f%6e\/wp\/v2\/tags?post=111"}],"curies":[{"name":"wp","href":"https:\/\/api.w.org\/{rel}","templated":true}]}}