{"id":110750,"date":"2023-01-16T14:05:06","date_gmt":"2023-01-16T17:05:06","guid":{"rendered":"https:\/\/www.informelitoral.com.ar\/?p=110750"},"modified":"2023-01-16T16:57:41","modified_gmt":"2023-01-16T19:57:41","slug":"marcharan-en-crespo-pidiendo-justicia-por-fernando-baez-sosa","status":"publish","type":"post","link":"https:\/\/informelitoral.com.ar\/marcharan-en-crespo-pidiendo-justicia-por-fernando-baez-sosa\/","title":{"rendered":"Marchar\u00e1n en Crespo pidiendo justicia por Fernando Baez Sosa"},"content":{"rendered":"<div class=\"cuerpo fullpost__cuerpo\">\n<p>El mi\u00e9rcoles 18 de enero, se cumplir\u00e1n tres a\u00f1os del crimen de Fernando B\u00e1ez Sosa, en Villa Gesell. Perdi\u00f3 la vida por el brutal ataque de un grupo de rugbiers, que con ensa\u00f1amiento lo golpearon hasta la muerte. En medio del juicio que se est\u00e1 desarrollando a los imputados, en cada rinc\u00f3n del pa\u00eds se estar\u00e1n desarrollando actividades para reforzar el pedido de Justicia y recordar a la v\u00edctima en este aniversario.<\/p>\n<div id=\"publi-584\" class=\"publi C7\" data-publicidad=\"584\" data-nombre=\"Adsense medio\" data-tipo=\"html\">\n<p>Crespo no ser\u00e1 la excepci\u00f3n, y por redes sociales se est\u00e1 convocando para el mi\u00e9rcoles 18, a las 18:00, en Plaza Sarmiento.<\/p>\n<\/div>\n<p>Andrea Prediger, vecina que tuvo la iniciativa, hizo saber \u00a0\u00abTodos como sociedad estamos esperando la sentencia, porque es un caso que nos interpela. El hecho no ocurri\u00f3 en esta ciudad, pero la violencia est\u00e1 en todos lados y es lo que tenemos que repudiar. No lo conocimos, no vivi\u00f3 ac\u00e1, pero es un ser humano. Muchos tenemos hijos y preocupa mucho pensar lo que les puede pasar cuando salen de bailar, si se cruzaran a j\u00f3venes con este tipo de actitudes. Hay muchos casos por los que marchar, pero en alg\u00fan momento hay que comenzar y yo me sent\u00ed movilizada por lo que est\u00e1n viviendo esos pap\u00e1s. Intento ponerme en su lugar y creo que de pasarme, no podr\u00eda soportarlo\u00bb.<\/p>\n<p>\u00abTodo un pa\u00eds est\u00e1 esperando que esa familia tenga un poco de conzuelo y por eso cre\u00ed que iba a ser bueno juntarnos, de alg\u00fan modo expresarles nuestro acompa\u00f1amiento a la distancia, e incluso pensar sobre lo que debemos aprender socialmente; porque vemos que cada d\u00eda matan personas, sigue habiendo femicidios, y los violentos contin\u00faan con impunidad. Pareciera que se naturaliza que cualquiera termine con la vida de otra persona. El veredicto final lo tiene la justicia, pero como ciudadanos es bueno poder expresarnos\u00bb, dijo Prediger.<\/p>\n<p>La propuesta es \u00abreunirnos en Plaza Sarmiento -en el play\u00f3n, frente a la Municipalidad-. No importa si somos 5 \u00f3 100, pero de 18:00 a 20:00 estaremos con algunos carteles, velas o simplemente con nuestra voz, que es lo m\u00e1s importante, marchando en los alrededores de la plaza, pidiendo Justicia. Vamos a finalizar orando, con las velas encendidas, pidiendo por su eterno descanso. Hablar del caso es tambi\u00e9n plantearnos y revisar qu\u00e9 podemos hacer por los casos de violencia cercana que pasan, en diferentes \u00e1mbitos y todos los d\u00edas. Necesitamos de m\u00e1s di\u00e1logo, comunicaci\u00f3n, porque las agresiones no conducen a nada\u00bb, manifest\u00f3 Prediger.<\/p>\n<\/div>\n","protected":false},"excerpt":{"rendered":"<p>\u00abEl hecho no ocurri\u00f3 en esta ciudad, pero la violencia est\u00e1 en todos lados y es lo que tenemos que repudiar\u00bb, dijeron desde la organizaci\u00f3n. La convocatoria en Plaza Sarmiento, apunta a expresar acompa\u00f1amiento a los padres del joven asesinado y reflexionar sobre la incidencia de las reacciones ante las diferencias<\/p>\n","protected":false},"author":8,"featured_media":110756,"comment_status":"open","ping_status":"open","sticky":false,"template":"","format":"standard","meta":{"fifu_image_url":"","fifu_image_alt":"","footnotes":""},"categories":[9],"tags":[208,1792],"class_list":{"0":"post-110750","1":"post","2":"type-post","3":"status-publish","4":"format-standard","5":"has-post-thumbnail","7":"category-sociedad","8":"tag-crespo","9":"tag-fernando-baez-sosa"},"yoast_head":"<title>Marchar\u00e1n en Crespo pidiendo justicia por Fernando Baez Sosa - Informe Litoral<\/title>\n<meta name=\"robots\" content=\"index, follow, max-snippet:-1, max-image-preview:large, max-video-preview:-1\" \/>\n<link rel=\"canonical\" href=\"https:\/\/informelitoral.com.ar\/marcharan-en-crespo-pidiendo-justicia-por-fernando-baez-sosa\/\" \/>\n<meta property=\"og:locale\" content=\"es_ES\" \/>\n<meta property=\"og:type\" content=\"article\" \/>\n<meta property=\"og:title\" content=\"Marchar\u00e1n en Crespo pidiendo justicia por Fernando Baez Sosa - Informe Litoral\" \/>\n<meta property=\"og:description\" content=\"&quot;El hecho no ocurri\u00f3 en esta ciudad, pero la violencia est\u00e1 en todos lados y es lo que tenemos que repudiar&quot;, dijeron desde la organizaci\u00f3n. La convocatoria en Plaza Sarmiento, apunta a expresar acompa\u00f1amiento a los padres del joven asesinado y reflexionar sobre la incidencia de las reacciones ante las diferencias\" \/>\n<meta property=\"og:url\" content=\"https:\/\/informelitoral.com.ar\/marcharan-en-crespo-pidiendo-justicia-por-fernando-baez-sosa\/\" \/>\n<meta property=\"og:site_name\" content=\"Informe Litoral\" \/>\n<meta property=\"article:publisher\" content=\"https:\/\/www.facebook.com\/informelitoral\/\" \/>\n<meta property=\"article:published_time\" content=\"2023-01-16T17:05:06+00:00\" \/>\n<meta property=\"article:modified_time\" content=\"2023-01-16T19:57:41+00:00\" \/>\n<meta property=\"og:image\" content=\"https:\/\/informelitoral.com.ar\/%77%70%2d%63%6f%6e%74%65%6e%74\/uploads\/2023\/01\/fernado-baez-sosa-12022020-915058.jpg\" \/>\n\t<meta property=\"og:image:width\" content=\"1280\" \/>\n\t<meta property=\"og:image:height\" content=\"720\" \/>\n\t<meta property=\"og:image:type\" content=\"image\/jpeg\" \/>\n<meta name=\"author\" content=\"Sebastian\" \/>\n<meta name=\"twitter:card\" content=\"summary_large_image\" \/>\n<meta name=\"twitter:creator\" content=\"@InformeLitoral\" \/>\n<meta name=\"twitter:site\" content=\"@InformeLitoral\" \/>\n<meta name=\"twitter:label1\" content=\"Escrito por\" \/>\n\t<meta name=\"twitter:data1\" content=\"Sebastian\" \/>\n\t<meta name=\"twitter:label2\" content=\"Tiempo de lectura\" \/>\n\t<meta name=\"twitter:data2\" content=\"2 minutos\" \/>\n<script type=\"application\/ld+json\" class=\"yoast-schema-graph\">{\"@context\":\"https:\\\/\\\/schema.org\",\"@graph\":[{\"@type\":\"Article\",\"@id\":\"https:\\\/\\\/informelitoral.com.ar\\\/marcharan-en-crespo-pidiendo-justicia-por-fernando-baez-sosa\\\/#article\",\"isPartOf\":{\"@id\":\"https:\\\/\\\/informelitoral.com.ar\\\/marcharan-en-crespo-pidiendo-justicia-por-fernando-baez-sosa\\\/\"},\"author\":{\"name\":\"Sebastian\",\"@id\":\"https:\\\/\\\/informelitoral.com.ar\\\/#\\\/schema\\\/person\\\/f05f9f461677119578717524b127d6d5\"},\"headline\":\"Marchar\u00e1n en Crespo pidiendo justicia por Fernando Baez Sosa\",\"datePublished\":\"2023-01-16T17:05:06+00:00\",\"dateModified\":\"2023-01-16T19:57:41+00:00\",\"mainEntityOfPage\":{\"@id\":\"https:\\\/\\\/informelitoral.com.ar\\\/marcharan-en-crespo-pidiendo-justicia-por-fernando-baez-sosa\\\/\"},\"wordCount\":433,\"commentCount\":0,\"publisher\":{\"@id\":\"https:\\\/\\\/informelitoral.com.ar\\\/#organization\"},\"image\":{\"@id\":\"https:\\\/\\\/informelitoral.com.ar\\\/marcharan-en-crespo-pidiendo-justicia-por-fernando-baez-sosa\\\/#primaryimage\"},\"thumbnailUrl\":\"https:\\\/\\\/informelitoral.com.ar\\\/%77%70%2d%63%6f%6e%74%65%6e%74\\\/uploads\\\/2023\\\/01\\\/fernado-baez-sosa-12022020-915058.jpg\",\"keywords\":[\"Crespo\",\"Fernando Baez Sosa\"],\"articleSection\":[\"Sociedad\"],\"inLanguage\":\"es\",\"potentialAction\":[{\"@type\":\"CommentAction\",\"name\":\"Comment\",\"target\":[\"https:\\\/\\\/informelitoral.com.ar\\\/marcharan-en-crespo-pidiendo-justicia-por-fernando-baez-sosa\\\/#respond\"]}]},{\"@type\":\"WebPage\",\"@id\":\"https:\\\/\\\/informelitoral.com.ar\\\/marcharan-en-crespo-pidiendo-justicia-por-fernando-baez-sosa\\\/\",\"url\":\"https:\\\/\\\/informelitoral.com.ar\\\/marcharan-en-crespo-pidiendo-justicia-por-fernando-baez-sosa\\\/\",\"name\":\"Marchar\u00e1n en Crespo pidiendo justicia por Fernando Baez Sosa - Informe Litoral\",\"isPartOf\":{\"@id\":\"https:\\\/\\\/informelitoral.com.ar\\\/#website\"},\"primaryImageOfPage\":{\"@id\":\"https:\\\/\\\/informelitoral.com.ar\\\/marcharan-en-crespo-pidiendo-justicia-por-fernando-baez-sosa\\\/#primaryimage\"},\"image\":{\"@id\":\"https:\\\/\\\/informelitoral.com.ar\\\/marcharan-en-crespo-pidiendo-justicia-por-fernando-baez-sosa\\\/#primaryimage\"},\"thumbnailUrl\":\"https:\\\/\\\/informelitoral.com.ar\\\/%77%70%2d%63%6f%6e%74%65%6e%74\\\/uploads\\\/2023\\\/01\\\/fernado-baez-sosa-12022020-915058.jpg\",\"datePublished\":\"2023-01-16T17:05:06+00:00\",\"dateModified\":\"2023-01-16T19:57:41+00:00\",\"breadcrumb\":{\"@id\":\"https:\\\/\\\/informelitoral.com.ar\\\/marcharan-en-crespo-pidiendo-justicia-por-fernando-baez-sosa\\\/#breadcrumb\"},\"inLanguage\":\"es\",\"potentialAction\":[{\"@type\":\"ReadAction\",\"target\":[\"https:\\\/\\\/informelitoral.com.ar\\\/marcharan-en-crespo-pidiendo-justicia-por-fernando-baez-sosa\\\/\"]}]},{\"@type\":\"ImageObject\",\"inLanguage\":\"es\",\"@id\":\"https:\\\/\\\/informelitoral.com.ar\\\/marcharan-en-crespo-pidiendo-justicia-por-fernando-baez-sosa\\\/#primaryimage\",\"url\":\"https:\\\/\\\/informelitoral.com.ar\\\/%77%70%2d%63%6f%6e%74%65%6e%74\\\/uploads\\\/2023\\\/01\\\/fernado-baez-sosa-12022020-915058.jpg\",\"contentUrl\":\"https:\\\/\\\/informelitoral.com.ar\\\/%77%70%2d%63%6f%6e%74%65%6e%74\\\/uploads\\\/2023\\\/01\\\/fernado-baez-sosa-12022020-915058.jpg\",\"width\":1280,\"height\":720},{\"@type\":\"BreadcrumbList\",\"@id\":\"https:\\\/\\\/informelitoral.com.ar\\\/marcharan-en-crespo-pidiendo-justicia-por-fernando-baez-sosa\\\/#breadcrumb\",\"itemListElement\":[{\"@type\":\"ListItem\",\"position\":1,\"name\":\"Portada\",\"item\":\"https:\\\/\\\/informelitoral.com.ar\\\/\"},{\"@type\":\"ListItem\",\"position\":2,\"name\":\"Marchar\u00e1n en Crespo pidiendo justicia por Fernando Baez Sosa\"}]},{\"@type\":\"WebSite\",\"@id\":\"https:\\\/\\\/informelitoral.com.ar\\\/#website\",\"url\":\"https:\\\/\\\/informelitoral.com.ar\\\/\",\"name\":\"Informe Litoral\",\"description\":\"&quot;Nos informamos&quot; \",\"publisher\":{\"@id\":\"https:\\\/\\\/informelitoral.com.ar\\\/#organization\"},\"potentialAction\":[{\"@type\":\"SearchAction\",\"target\":{\"@type\":\"EntryPoint\",\"urlTemplate\":\"https:\\\/\\\/informelitoral.com.ar\\\/?s={search_term_string}\"},\"query-input\":{\"@type\":\"PropertyValueSpecification\",\"valueRequired\":true,\"valueName\":\"search_term_string\"}}],\"inLanguage\":\"es\"},{\"@type\":\"Organization\",\"@id\":\"https:\\\/\\\/informelitoral.com.ar\\\/#organization\",\"name\":\"Informe Litoral\",\"url\":\"https:\\\/\\\/informelitoral.com.ar\\\/\",\"logo\":{\"@type\":\"ImageObject\",\"inLanguage\":\"es\",\"@id\":\"https:\\\/\\\/informelitoral.com.ar\\\/#\\\/schema\\\/logo\\\/image\\\/\",\"url\":\"https:\\\/\\\/informelitoral.com.ar\\\/%77%70%2d%63%6f%6e%74%65%6e%74\\\/uploads\\\/2021\\\/01\\\/circulo.png\",\"contentUrl\":\"https:\\\/\\\/informelitoral.com.ar\\\/%77%70%2d%63%6f%6e%74%65%6e%74\\\/uploads\\\/2021\\\/01\\\/circulo.png\",\"width\":723,\"height\":731,\"caption\":\"Informe Litoral\"},\"image\":{\"@id\":\"https:\\\/\\\/informelitoral.com.ar\\\/#\\\/schema\\\/logo\\\/image\\\/\"},\"sameAs\":[\"https:\\\/\\\/www.facebook.com\\\/informelitoral\\\/\",\"https:\\\/\\\/x.com\\\/InformeLitoral\",\"https:\\\/\\\/www.instagram.com\\\/informelitoral\\\/\",\"https:\\\/\\\/www.youtube.com\\\/channel\\\/UCua4Qvz8Icb6MYqhoq9xLXw\"]},{\"@type\":\"Person\",\"@id\":\"https:\\\/\\\/informelitoral.com.ar\\\/#\\\/schema\\\/person\\\/f05f9f461677119578717524b127d6d5\",\"name\":\"Sebastian\",\"image\":{\"@type\":\"ImageObject\",\"inLanguage\":\"es\",\"@id\":\"https:\\\/\\\/secure.gravatar.com\\\/avatar\\\/b71bf7481d447dfb9583c7f2798e7cc64de6efb9067b74633ed8c31059a3bd82?s=96&d=mm&r=g\",\"url\":\"https:\\\/\\\/secure.gravatar.com\\\/avatar\\\/b71bf7481d447dfb9583c7f2798e7cc64de6efb9067b74633ed8c31059a3bd82?s=96&d=mm&r=g\",\"contentUrl\":\"https:\\\/\\\/secure.gravatar.com\\\/avatar\\\/b71bf7481d447dfb9583c7f2798e7cc64de6efb9067b74633ed8c31059a3bd82?s=96&d=mm&r=g\",\"caption\":\"Sebastian\"},\"url\":\"https:\\\/\\\/informelitoral.com.ar\\\/author\\\/sebastian\\\/\"}]}<\/script>","yoast_head_json":{"title":"Marchar\u00e1n en Crespo pidiendo justicia por Fernando Baez Sosa - Informe Litoral","robots":{"index":"index","follow":"follow","max-snippet":"max-snippet:-1","max-image-preview":"max-image-preview:large","max-video-preview":"max-video-preview:-1"},"canonical":"https:\/\/informelitoral.com.ar\/marcharan-en-crespo-pidiendo-justicia-por-fernando-baez-sosa\/","og_locale":"es_ES","og_type":"article","og_title":"Marchar\u00e1n en Crespo pidiendo justicia por Fernando Baez Sosa - Informe Litoral","og_description":"\"El hecho no ocurri\u00f3 en esta ciudad, pero la violencia est\u00e1 en todos lados y es lo que tenemos que repudiar\", dijeron desde la organizaci\u00f3n. La convocatoria en Plaza Sarmiento, apunta a expresar acompa\u00f1amiento a los padres del joven asesinado y reflexionar sobre la incidencia de las reacciones ante las diferencias","og_url":"https:\/\/informelitoral.com.ar\/marcharan-en-crespo-pidiendo-justicia-por-fernando-baez-sosa\/","og_site_name":"Informe Litoral","article_publisher":"https:\/\/www.facebook.com\/informelitoral\/","article_published_time":"2023-01-16T17:05:06+00:00","article_modified_time":"2023-01-16T19:57:41+00:00","og_image":[{"width":1280,"height":720,"url":"https:\/\/informelitoral.com.ar\/%77%70%2d%63%6f%6e%74%65%6e%74\/uploads\/2023\/01\/fernado-baez-sosa-12022020-915058.jpg","type":"image\/jpeg"}],"author":"Sebastian","twitter_card":"summary_large_image","twitter_creator":"@InformeLitoral","twitter_site":"@InformeLitoral","twitter_misc":{"Escrito por":"Sebastian","Tiempo de lectura":"2 minutos"},"schema":{"@context":"https:\/\/schema.org","@graph":[{"@type":"Article","@id":"https:\/\/informelitoral.com.ar\/marcharan-en-crespo-pidiendo-justicia-por-fernando-baez-sosa\/#article","isPartOf":{"@id":"https:\/\/informelitoral.com.ar\/marcharan-en-crespo-pidiendo-justicia-por-fernando-baez-sosa\/"},"author":{"name":"Sebastian","@id":"https:\/\/informelitoral.com.ar\/#\/schema\/person\/f05f9f461677119578717524b127d6d5"},"headline":"Marchar\u00e1n en Crespo pidiendo justicia por Fernando Baez Sosa","datePublished":"2023-01-16T17:05:06+00:00","dateModified":"2023-01-16T19:57:41+00:00","mainEntityOfPage":{"@id":"https:\/\/informelitoral.com.ar\/marcharan-en-crespo-pidiendo-justicia-por-fernando-baez-sosa\/"},"wordCount":433,"commentCount":0,"publisher":{"@id":"https:\/\/informelitoral.com.ar\/#organization"},"image":{"@id":"https:\/\/informelitoral.com.ar\/marcharan-en-crespo-pidiendo-justicia-por-fernando-baez-sosa\/#primaryimage"},"thumbnailUrl":"https:\/\/informelitoral.com.ar\/%77%70%2d%63%6f%6e%74%65%6e%74\/uploads\/2023\/01\/fernado-baez-sosa-12022020-915058.jpg","keywords":["Crespo","Fernando Baez Sosa"],"articleSection":["Sociedad"],"inLanguage":"es","potentialAction":[{"@type":"CommentAction","name":"Comment","target":["https:\/\/informelitoral.com.ar\/marcharan-en-crespo-pidiendo-justicia-por-fernando-baez-sosa\/#respond"]}]},{"@type":"WebPage","@id":"https:\/\/informelitoral.com.ar\/marcharan-en-crespo-pidiendo-justicia-por-fernando-baez-sosa\/","url":"https:\/\/informelitoral.com.ar\/marcharan-en-crespo-pidiendo-justicia-por-fernando-baez-sosa\/","name":"Marchar\u00e1n en Crespo pidiendo justicia por Fernando Baez Sosa - Informe Litoral","isPartOf":{"@id":"https:\/\/informelitoral.com.ar\/#website"},"primaryImageOfPage":{"@id":"https:\/\/informelitoral.com.ar\/marcharan-en-crespo-pidiendo-justicia-por-fernando-baez-sosa\/#primaryimage"},"image":{"@id":"https:\/\/informelitoral.com.ar\/marcharan-en-crespo-pidiendo-justicia-por-fernando-baez-sosa\/#primaryimage"},"thumbnailUrl":"https:\/\/informelitoral.com.ar\/%77%70%2d%63%6f%6e%74%65%6e%74\/uploads\/2023\/01\/fernado-baez-sosa-12022020-915058.jpg","datePublished":"2023-01-16T17:05:06+00:00","dateModified":"2023-01-16T19:57:41+00:00","breadcrumb":{"@id":"https:\/\/informelitoral.com.ar\/marcharan-en-crespo-pidiendo-justicia-por-fernando-baez-sosa\/#breadcrumb"},"inLanguage":"es","potentialAction":[{"@type":"ReadAction","target":["https:\/\/informelitoral.com.ar\/marcharan-en-crespo-pidiendo-justicia-por-fernando-baez-sosa\/"]}]},{"@type":"ImageObject","inLanguage":"es","@id":"https:\/\/informelitoral.com.ar\/marcharan-en-crespo-pidiendo-justicia-por-fernando-baez-sosa\/#primaryimage","url":"https:\/\/informelitoral.com.ar\/%77%70%2d%63%6f%6e%74%65%6e%74\/uploads\/2023\/01\/fernado-baez-sosa-12022020-915058.jpg","contentUrl":"https:\/\/informelitoral.com.ar\/%77%70%2d%63%6f%6e%74%65%6e%74\/uploads\/2023\/01\/fernado-baez-sosa-12022020-915058.jpg","width":1280,"height":720},{"@type":"BreadcrumbList","@id":"https:\/\/informelitoral.com.ar\/marcharan-en-crespo-pidiendo-justicia-por-fernando-baez-sosa\/#breadcrumb","itemListElement":[{"@type":"ListItem","position":1,"name":"Portada","item":"https:\/\/informelitoral.com.ar\/"},{"@type":"ListItem","position":2,"name":"Marchar\u00e1n en Crespo pidiendo justicia por Fernando Baez Sosa"}]},{"@type":"WebSite","@id":"https:\/\/informelitoral.com.ar\/#website","url":"https:\/\/informelitoral.com.ar\/","name":"Informe Litoral","description":"&quot;Nos informamos&quot; ","publisher":{"@id":"https:\/\/informelitoral.com.ar\/#organization"},"potentialAction":[{"@type":"SearchAction","target":{"@type":"EntryPoint","urlTemplate":"https:\/\/informelitoral.com.ar\/?s={search_term_string}"},"query-input":{"@type":"PropertyValueSpecification","valueRequired":true,"valueName":"search_term_string"}}],"inLanguage":"es"},{"@type":"Organization","@id":"https:\/\/informelitoral.com.ar\/#organization","name":"Informe Litoral","url":"https:\/\/informelitoral.com.ar\/","logo":{"@type":"ImageObject","inLanguage":"es","@id":"https:\/\/informelitoral.com.ar\/#\/schema\/logo\/image\/","url":"https:\/\/informelitoral.com.ar\/%77%70%2d%63%6f%6e%74%65%6e%74\/uploads\/2021\/01\/circulo.png","contentUrl":"https:\/\/informelitoral.com.ar\/%77%70%2d%63%6f%6e%74%65%6e%74\/uploads\/2021\/01\/circulo.png","width":723,"height":731,"caption":"Informe Litoral"},"image":{"@id":"https:\/\/informelitoral.com.ar\/#\/schema\/logo\/image\/"},"sameAs":["https:\/\/www.facebook.com\/informelitoral\/","https:\/\/x.com\/InformeLitoral","https:\/\/www.instagram.com\/informelitoral\/","https:\/\/www.youtube.com\/channel\/UCua4Qvz8Icb6MYqhoq9xLXw"]},{"@type":"Person","@id":"https:\/\/informelitoral.com.ar\/#\/schema\/person\/f05f9f461677119578717524b127d6d5","name":"Sebastian","image":{"@type":"ImageObject","inLanguage":"es","@id":"https:\/\/secure.gravatar.com\/avatar\/b71bf7481d447dfb9583c7f2798e7cc64de6efb9067b74633ed8c31059a3bd82?s=96&d=mm&r=g","url":"https:\/\/secure.gravatar.com\/avatar\/b71bf7481d447dfb9583c7f2798e7cc64de6efb9067b74633ed8c31059a3bd82?s=96&d=mm&r=g","contentUrl":"https:\/\/secure.gravatar.com\/avatar\/b71bf7481d447dfb9583c7f2798e7cc64de6efb9067b74633ed8c31059a3bd82?s=96&d=mm&r=g","caption":"Sebastian"},"url":"https:\/\/informelitoral.com.ar\/author\/sebastian\/"}]}},"_links":{"self":[{"href":"https:\/\/informelitoral.com.ar\/%77%70%2d%6a%73%6f%6e\/wp\/v2\/posts\/110750","targetHints":{"allow":["GET"]}}],"collection":[{"href":"https:\/\/informelitoral.com.ar\/%77%70%2d%6a%73%6f%6e\/wp\/v2\/posts"}],"about":[{"href":"https:\/\/informelitoral.com.ar\/%77%70%2d%6a%73%6f%6e\/wp\/v2\/types\/post"}],"author":[{"embeddable":true,"href":"https:\/\/informelitoral.com.ar\/%77%70%2d%6a%73%6f%6e\/wp\/v2\/users\/8"}],"replies":[{"embeddable":true,"href":"https:\/\/informelitoral.com.ar\/%77%70%2d%6a%73%6f%6e\/wp\/v2\/comments?post=110750"}],"version-history":[{"count":0,"href":"https:\/\/informelitoral.com.ar\/%77%70%2d%6a%73%6f%6e\/wp\/v2\/posts\/110750\/revisions"}],"wp:featuredmedia":[{"embeddable":true,"href":"https:\/\/informelitoral.com.ar\/%77%70%2d%6a%73%6f%6e\/wp\/v2\/media\/110756"}],"wp:attachment":[{"href":"https:\/\/informelitoral.com.ar\/%77%70%2d%6a%73%6f%6e\/wp\/v2\/media?parent=110750"}],"wp:term":[{"taxonomy":"category","embeddable":true,"href":"https:\/\/informelitoral.com.ar\/%77%70%2d%6a%73%6f%6e\/wp\/v2\/categories?post=110750"},{"taxonomy":"post_tag","embeddable":true,"href":"https:\/\/informelitoral.com.ar\/%77%70%2d%6a%73%6f%6e\/wp\/v2\/tags?post=110750"}],"curies":[{"name":"wp","href":"https:\/\/api.w.org\/{rel}","templated":true}]}}